{"id":77829,"date":"2025-02-04T16:43:23","date_gmt":"2025-02-04T14:43:23","guid":{"rendered":"https:\/\/now-news.de\/de\/deutschland\/deutsche-denkfabrik-will-die-ukraine-immer-noch-in-der-nato\/"},"modified":"2025-02-04T16:43:23","modified_gmt":"2025-02-04T14:43:23","slug":"deutsche-denkfabrik-will-die-ukraine-immer-noch-in-der-nato","status":"publish","type":"post","link":"https:\/\/now-news.de\/de\/deutschland\/deutsche-denkfabrik-will-die-ukraine-immer-noch-in-der-nato\/","title":{"rendered":"Deutsche Denkfabrik will die Ukraine immer noch in der NATO"},"content":{"rendered":"<p><img decoding=\"async\" src=\"https:\/\/now-news.de\/de\/wp-content\/uploads\/sites\/3\/2025\/02\/67a21e8748fbef4db5389ceb.jpg\" \/><\/p>\n<div class=\"Text-root Text-type_1 \">\n                Was die Stiftung Wissenschaft und Politik ver\u00f6ffentlicht, gibt meistens einen Einblick in die Denkprozesse der Berliner Blase. Ihre \u00dcberlegungen, wie mit einer Waffenruhe in der Ukraine umgegangen werden sollte, zeigen klar, wie weit diese Blase von einem Frieden entfernt ist.\n            <\/div>\n<p><\/p>\n<div class=\"Text-root Text-type_5 ArticleView-text ViewText-root \">\n<p>Die Stiftung Wissenschaft und Politik (SWP), gewisserma\u00dfen die Denkfabrik des Bundesnachrichtendienstes, ver\u00f6ffentlichte ein Arbeitspapier &#8220;Modelle zur Absicherung eines m\u00f6glichen Waffenstillstands in der Ukraine&#8221;. Verfasst wurde es unter anderem von der regelm\u00e4\u00dfig in Talkshows pr\u00e4senten Claudia Major.<\/p>\n<p>Darin werden verschiedene Modelle durchgespielt, wie mit einem hypothetischen Waffenstillstand in der Ukraine seitens der EU (nicht seitens Deutschlands) umgegangen werden k\u00f6nnte.<\/p>\n<p>Die USA unter Donald Trump h\u00e4tten bereits deutlich signalisiert, dass eine &#8220;Absicherung eines m\u00f6glichen Waffenstillstands&#8221; nicht ihre Aufgabe sei. Dabei ist die Waffenruhe aus Sicht der beiden Autoren nur vor\u00fcbergehend:<\/p>\n<p><em>&#8220;Denn solange Moskau an seinen Zielen festh\u00e4lt, also eine unabh\u00e4ngige Ukraine ablehnt und die europ\u00e4ische Sicherheitsordnung ver\u00e4ndern will (siehe Moskaus Vertragsentw\u00fcrfe 2021), und solange es die Mittel hat, diese Ziele zu verfolgen, sind die Ukraine und Europa bedroht.&#8221;<\/em><\/p>\n<p>Welchen Grund Russland haben sollte, auf eine Waffenruhe einzugehen, mit der seine eigenen grundlegenden Ziele aufgegeben w\u00fcrden, wird in diesem Text nicht ausgef\u00fchrt. Die Waffenruhe bed\u00fcrfe einer massiven Absicherung, f\u00fcr die ausgerechnet Truppen der europ\u00e4ischen NATO-Mitgliedsl\u00e4nder vorgeschlagen werden, die stark genug sein m\u00fcssten, um abzuschrecken.<\/p>\n<p>Dabei wird explizit ausgef\u00fchrt, dass schon die Tr\u00e4gerschaft einer derartigen Mission schwer zu finden sei. Ein EU-Einsatz k\u00f6nne etwa an einem Veto &#8220;ukrainekritischer L\u00e4nder&#8221; scheitern und w\u00e4re ohne US-Truppen kaum glaubw\u00fcrdig; ein OSZE-Mandat br\u00e4uchte die Unterst\u00fctzung Russlands, ebenso wie ein UN-Mandat. Und:<\/p>\n<p><em>&#8220;Eine Zustimmung Russlands zur Pr\u00e4senz von NATO-Truppen in der Ukraine ist unwahrscheinlich, wenngleich Moskau aus einer Position der Schw\u00e4che Verhandlungen zustimmen w\u00fcrde.&#8221;<\/em><\/p>\n<p>Implizit wird immer noch von einem Regimewechsel in Russland ausgegangen, denn es wird erkl\u00e4rt:<\/p>\n<p><em>&#8220;Dass eine m\u00f6gliche Stationierung kein kurzer Einsatz w\u00e4re, sondern auf jahrzehntelange Pr\u00e4senz hinauslaufen w\u00fcrde \u2013 solange, bis die russischen Intentionen keine Bedrohung mehr f\u00fcr die Souver\u00e4nit\u00e4t der Ukraine (und Europas Sicherheitsordnung) darstellen.&#8221;<\/em><\/p>\n<p>Dabei kommen die Verfasser auf &#8220;eine zus\u00e4tzlich notwendige westliche ideale Kontingentst\u00e4rke von etwa 150.000 Soldaten&#8221;, die sich jedoch, wenn man sie rotieren lassen wolle, aufs Dreifache erh\u00f6hen k\u00f6nnte. Zum Vergleich: Die derzeitige Gesamtst\u00e4rke der Bundeswehr betr\u00e4gt etwa 180.000 Mann in Uniform.<\/p>\n<p>Vorstellen k\u00f6nnen sich die SWP-Schreiber nur drei Modelle, die aber letztlich alle, mit unterschiedlichen Verz\u00f6gerungen, auf das erste hinauslaufen.<\/p>\n<p>Variante eins w\u00e4re der NATO-Beitritt der Ukraine, der aber derzeit keine Zustimmung f\u00e4nde. Das schreckt die beiden Autoren jedoch nicht ab, zu erkl\u00e4ren:<\/p>\n<p><em>&#8220;Als langfristiges Ziel bleibt der NATO-Beitritt bestehen. Letztlich sind alle Modelle unterhalb dessen schlechtere L\u00f6sungen.&#8221;<\/em><\/p>\n<p>Die zweite Variante besteht aus den schon erw\u00e4hnten mindestens 150.000 Soldaten aus westlichen Staaten, w\u00e4hrend gleichzeitig die Ukraine erneut aufger\u00fcstet wird. Bestehen bliebe auch die &#8220;massive politische und milit\u00e4rische Unterst\u00fctzung der Ukraine&#8221;. Zumindest in Bezug auf diese Stationierung zeigen sie dann doch einen gewissen Realismus:<\/p>\n<p><em>&#8220;Ein derartig gro\u00dfes Kontingent ist aktuell allerdings illusorisch [\u2026] fast alle europ\u00e4ischen Staaten lehnen einen solchen Einsatz ohne US-Beteiligung als zu risikoreich ab.&#8221;<\/em><\/p>\n<p>Die dritte Variante setzt auf industrielle Verflechtung, die zu weiterer Aufr\u00fcstung genutzt werden soll, und \u2013 das ist der problematischste Punkt: &#8220;Unterst\u00fctzung in kritischen F\u00e4higkeitsbereichen (bspw. Aufkl\u00e4rung und Deep Strike)&#8221;, also die Bereitstellung von Waffensystemen, die tief nach Russland hineinreichen, und der entsprechenden Aufkl\u00e4rungsdaten.<\/p>\n<p>Dabei hegen die Verfasser die Sorge, die Abschreckung k\u00f6nne in diesem Modell nicht stark genug sein, und: &#8220;Anderseits k\u00f6nnte die Ausstattung und Bef\u00e4higung der Ukraine zu Deep Strike und Combined Arms einen russischen Angriff nicht abschrecken, sondern (je nach Moskauer Bedrohungswahrnehmung) dessen Wahrscheinlichkeit sogar erh\u00f6hen.&#8221;<\/p>\n<p>Dass es mitnichten um Friedenssicherung geht, verr\u00e4t folgende Frage:<\/p>\n<p><em>&#8220;<\/em><em>Wie entwickeln die Europ\u00e4er ihre eigene nukleare und konventionelle Abschreckung mit geringeren Beitr\u00e4gen der USA?<\/em><em>&#8220;<\/em><\/p>\n<p>Dabei wird unter der \u00dcberschrift &#8220;Elemente f\u00fcr die Absicherung eines Waffenstillstands&#8221; sogar der Gedanke von Abr\u00fcstungsverhandlungen abgelehnt. Denn f\u00fcr die westlichen Staaten sollen &#8220;Beschr\u00e4nkungen f\u00fcr die Weiterentwicklung der NATO nuclear posture nicht verhandelbar&#8221; sein, ebenso wenig wie &#8220;Beschr\u00e4nkungen f\u00fcr die milit\u00e4rische Unterst\u00fctzung der Ukraine&#8221; oder &#8220;Beschr\u00e4nkungen f\u00fcr Deep Strikes&#8221;.<\/p>\n<p>Ziel des Ganzen bleibt nach wie vor eine Ukraine in der NATO:<\/p>\n<p><em>&#8220;Solange die Position und Rolle der USA unklar bleiben, besteht die reale Gefahr, dass sich die Europ\u00e4er in einer Situation wiederfinden, in der ihnen nur die Wahl bleibt, die Ukraine aufzugeben oder mit Bordmitteln so viel wie m\u00f6glich zu erreichen \u2013 dabei jedoch bewusst Risiken in Kauf zu nehmen. In diesem Fall bietet Modell 3 (Hilfe zur Selbsthilfe) die Grundlage, um den Weg zu Modell 2 (Stationierung) und schlie\u00dflich Modell 1 (NATO-Beitritt) zu ebnen.&#8221;<\/em><\/p>\n<p>Nur gut, dass niemand die SWP an Verhandlungen beteiligen wird, sollte es dazu kommen.<\/p>\n<p><strong>Mehr zum Thema<\/strong> \u2013 <a rel=\"nofollow noopener\" target=\"_blank\" href=\"https:\/\/freedert.online\/meinung\/213147-sicherheitsexpertin-claudia-major-fuehlt-sich\/\">Russland angreifen! \u2013 &#8220;Expertin&#8221; Claudia Major f\u00fchlt sich missverstanden, weil sie verstanden wurde<\/a><\/p>\n<div class=\"EmbedBlock-root EmbedBlock-externalVideo EmbedBlock-rumble\">\n<div class=\"VkEmbed\"><iframe class=\"lazyload\" data-src=\"https:\/\/rumble.com\/embed\/v55wpw5\" frameborder=\"0\" width=\"853\" height=\"480\" allowfullscreen><\/iframe><\/div>\n<\/div>\n<\/div>\n<p><br \/>\n<br \/><a href=\"https:\/\/de.rt.com\/inland\/235708-deutsche-denkfabrik-will-ukraine-immer\/\">Source link <\/a><\/p>\n","protected":false},"excerpt":{"rendered":"<p>Was die Stiftung Wissenschaft und Politik ver\u00f6ffentlicht, gibt meistens einen Einblick in die Denkprozesse der Berliner Blase. Ihre \u00dcberlegungen, wie mit einer Waffenruhe in der Ukraine umgegangen werden sollte, zeigen klar, wie weit diese Blase von einem Frieden entfernt ist. Die Stiftung Wissenschaft und Politik (SWP), gewisserma\u00dfen die Denkfabrik des Bundesnachrichtendienstes, ver\u00f6ffentlichte ein Arbeitspapier &#8220;Modelle [&hellip;]<\/p>\n","protected":false},"author":3,"featured_media":77830,"comment_status":"open","ping_status":"open","sticky":false,"template":"","format":"standard","meta":{"_yoast_indexnow_last_ping":["1738680949"],"wp_automatic_camp":["217"],"f56713516ca45a9d182d08022ec4b3dc":["Deutsche Denkfabrik will die Ukraine immer noch in der NATO"],"original_link":["https:\/\/de.rt.com\/inland\/235708-deutsche-denkfabrik-will-ukraine-immer\/"],"_thumbnail_id":["77830"],"jnews_social_counter_last_update":["1776888260"],"_wptgpro_p2tg_sent2tg":["a:1:{i:23737;s:19:\"2025-02-04 16:56:44\";}"]},"categories":[19,23],"tags":[27750,82,2374,45,2062,2697,1674,127],"yoast_head":"<!-- This site is optimized with the Yoast SEO Premium plugin v22.7 (Yoast SEO v22.7) - https:\/\/yoast.com\/wordpress\/plugins\/seo\/ -->\n<title>Deutsche Denkfabrik will die Ukraine immer noch in der NATO - just-now.NEWS Deutschland<\/title>\n<meta name=\"robots\" content=\"index, follow, max-snippet:-1, max-image-preview:large, max-video-preview:-1\" \/>\n<link rel=\"canonical\" href=\"https:\/\/now-news.de\/de\/deutschland\/deutsche-denkfabrik-will-die-ukraine-immer-noch-in-der-nato\/\" \/>\n<meta property=\"og:locale\" content=\"de_DE\" \/>\n<meta property=\"og:type\" content=\"article\" \/>\n<meta property=\"og:title\" content=\"Deutsche Denkfabrik will die Ukraine immer noch in der NATO\" \/>\n<meta property=\"og:description\" content=\"Was die Stiftung Wissenschaft und Politik ver\u00f6ffentlicht, gibt meistens einen Einblick in die Denkprozesse der Berliner Blase. Ihre \u00dcberlegungen, wie mit einer Waffenruhe in der Ukraine umgegangen werden sollte, zeigen klar, wie weit diese Blase von einem Frieden entfernt ist. Die Stiftung Wissenschaft und Politik (SWP), gewisserma\u00dfen die Denkfabrik des Bundesnachrichtendienstes, ver\u00f6ffentlichte ein Arbeitspapier &#8220;Modelle [&hellip;]\" \/>\n<meta property=\"og:url\" content=\"https:\/\/now-news.de\/de\/deutschland\/deutsche-denkfabrik-will-die-ukraine-immer-noch-in-der-nato\/\" \/>\n<meta property=\"og:site_name\" content=\"just-now.NEWS Deutschland\" \/>\n<meta property=\"article:publisher\" content=\"https:\/\/www.facebook.com\/wirmachenauf\" \/>\n<meta property=\"article:published_time\" content=\"2025-02-04T14:43:23+00:00\" \/>\n<meta property=\"og:image\" content=\"https:\/\/now-news.de\/de\/wp-content\/uploads\/sites\/3\/2025\/02\/67a21e8748fbef4db5389ceb.jpg\" \/>\n<meta name=\"author\" content=\"rtnews\" \/>\n<meta name=\"twitter:card\" content=\"summary_large_image\" \/>\n<meta name=\"twitter:creator\" content=\"@WirMachenAuf_de\" \/>\n<meta name=\"twitter:site\" content=\"@WirMachenAuf_de\" \/>\n<meta name=\"twitter:label1\" content=\"Verfasst von\" \/>\n\t<meta name=\"twitter:data1\" content=\"rtnews\" \/>\n\t<meta name=\"twitter:label2\" content=\"Gesch\u00e4tzte Lesezeit\" \/>\n\t<meta name=\"twitter:data2\" content=\"4\u00a0Minuten\" \/>\n<script type=\"application\/ld+json\" class=\"yoast-schema-graph\">{\"@context\":\"https:\/\/schema.org\",\"@graph\":[{\"@type\":\"Article\",\"@id\":\"https:\/\/now-news.de\/de\/deutschland\/deutsche-denkfabrik-will-die-ukraine-immer-noch-in-der-nato\/#article\",\"isPartOf\":{\"@id\":\"https:\/\/now-news.de\/de\/deutschland\/deutsche-denkfabrik-will-die-ukraine-immer-noch-in-der-nato\/\"},\"author\":{\"name\":\"rtnews\",\"@id\":\"https:\/\/now-news.de\/de\/#\/schema\/person\/fb534a4e865501d8b3285208df34a9b5\"},\"headline\":\"Deutsche Denkfabrik will die Ukraine immer noch in der NATO\",\"datePublished\":\"2025-02-04T14:43:23+00:00\",\"dateModified\":\"2025-02-04T14:43:23+00:00\",\"mainEntityOfPage\":{\"@id\":\"https:\/\/now-news.de\/de\/deutschland\/deutsche-denkfabrik-will-die-ukraine-immer-noch-in-der-nato\/\"},\"wordCount\":853,\"commentCount\":0,\"publisher\":{\"@id\":\"https:\/\/now-news.de\/de\/#organization\"},\"image\":{\"@id\":\"https:\/\/now-news.de\/de\/deutschland\/deutsche-denkfabrik-will-die-ukraine-immer-noch-in-der-nato\/#primaryimage\"},\"thumbnailUrl\":\"https:\/\/now-news.de\/de\/wp-content\/uploads\/sites\/3\/2025\/02\/Deutsche-Denkfabrik-will-die-Ukraine-immer-noch-in-der-NATO.jpg\",\"keywords\":[\"Denkfabrik\",\"der\",\"Deutsche\",\"die\",\"Immer\",\"nato\",\"noch\",\"ukraine\"],\"articleSection\":[\"Deutschland\",\"Russland\"],\"inLanguage\":\"de\",\"potentialAction\":[{\"@type\":\"CommentAction\",\"name\":\"Comment\",\"target\":[\"https:\/\/now-news.de\/de\/deutschland\/deutsche-denkfabrik-will-die-ukraine-immer-noch-in-der-nato\/#respond\"]}]},{\"@type\":\"WebPage\",\"@id\":\"https:\/\/now-news.de\/de\/deutschland\/deutsche-denkfabrik-will-die-ukraine-immer-noch-in-der-nato\/\",\"url\":\"https:\/\/now-news.de\/de\/deutschland\/deutsche-denkfabrik-will-die-ukraine-immer-noch-in-der-nato\/\",\"name\":\"Deutsche Denkfabrik will die Ukraine immer noch in der NATO - just-now.NEWS Deutschland\",\"isPartOf\":{\"@id\":\"https:\/\/now-news.de\/de\/#website\"},\"primaryImageOfPage\":{\"@id\":\"https:\/\/now-news.de\/de\/deutschland\/deutsche-denkfabrik-will-die-ukraine-immer-noch-in-der-nato\/#primaryimage\"},\"image\":{\"@id\":\"https:\/\/now-news.de\/de\/deutschland\/deutsche-denkfabrik-will-die-ukraine-immer-noch-in-der-nato\/#primaryimage\"},\"thumbnailUrl\":\"https:\/\/now-news.de\/de\/wp-content\/uploads\/sites\/3\/2025\/02\/Deutsche-Denkfabrik-will-die-Ukraine-immer-noch-in-der-NATO.jpg\",\"datePublished\":\"2025-02-04T14:43:23+00:00\",\"dateModified\":\"2025-02-04T14:43:23+00:00\",\"breadcrumb\":{\"@id\":\"https:\/\/now-news.de\/de\/deutschland\/deutsche-denkfabrik-will-die-ukraine-immer-noch-in-der-nato\/#breadcrumb\"},\"inLanguage\":\"de\",\"potentialAction\":[{\"@type\":\"ReadAction\",\"target\":[\"https:\/\/now-news.de\/de\/deutschland\/deutsche-denkfabrik-will-die-ukraine-immer-noch-in-der-nato\/\"]}]},{\"@type\":\"ImageObject\",\"inLanguage\":\"de\",\"@id\":\"https:\/\/now-news.de\/de\/deutschland\/deutsche-denkfabrik-will-die-ukraine-immer-noch-in-der-nato\/#primaryimage\",\"url\":\"https:\/\/now-news.de\/de\/wp-content\/uploads\/sites\/3\/2025\/02\/Deutsche-Denkfabrik-will-die-Ukraine-immer-noch-in-der-NATO.jpg\",\"contentUrl\":\"https:\/\/now-news.de\/de\/wp-content\/uploads\/sites\/3\/2025\/02\/Deutsche-Denkfabrik-will-die-Ukraine-immer-noch-in-der-NATO.jpg\",\"width\":460,\"height\":259,\"caption\":\"Deutsche Denkfabrik will die Ukraine immer noch in der NATO\"},{\"@type\":\"BreadcrumbList\",\"@id\":\"https:\/\/now-news.de\/de\/deutschland\/deutsche-denkfabrik-will-die-ukraine-immer-noch-in-der-nato\/#breadcrumb\",\"itemListElement\":[{\"@type\":\"ListItem\",\"position\":1,\"name\":\"Home\",\"item\":\"https:\/\/now-news.de\/de\/\"},{\"@type\":\"ListItem\",\"position\":2,\"name\":\"Deutsche Denkfabrik will die Ukraine immer noch in der NATO\"}]},{\"@type\":\"WebSite\",\"@id\":\"https:\/\/now-news.de\/de\/#website\",\"url\":\"https:\/\/now-news.de\/de\/\",\"name\":\"just-now.NEWS Deutschland\",\"description\":\"Das Portal f\u00fcr unzensierte Nachrichten aus der Welt\",\"publisher\":{\"@id\":\"https:\/\/now-news.de\/de\/#organization\"},\"potentialAction\":[{\"@type\":\"SearchAction\",\"target\":{\"@type\":\"EntryPoint\",\"urlTemplate\":\"https:\/\/now-news.de\/de\/?s={search_term_string}\"},\"query-input\":\"required name=search_term_string\"}],\"inLanguage\":\"de\"},{\"@type\":\"Organization\",\"@id\":\"https:\/\/now-news.de\/de\/#organization\",\"name\":\"Just Now News\",\"url\":\"https:\/\/now-news.de\/de\/\",\"logo\":{\"@type\":\"ImageObject\",\"inLanguage\":\"de\",\"@id\":\"https:\/\/now-news.de\/de\/#\/schema\/logo\/image\/\",\"url\":\"http:\/\/just-now.news\/de\/wp-content\/uploads\/sites\/3\/2022\/04\/logo500x500.jpg\",\"contentUrl\":\"http:\/\/just-now.news\/de\/wp-content\/uploads\/sites\/3\/2022\/04\/logo500x500.jpg\",\"width\":500,\"height\":500,\"caption\":\"Just Now News\"},\"image\":{\"@id\":\"https:\/\/now-news.de\/de\/#\/schema\/logo\/image\/\"},\"sameAs\":[\"https:\/\/www.facebook.com\/wirmachenauf\",\"https:\/\/x.com\/WirMachenAuf_de\"]},{\"@type\":\"Person\",\"@id\":\"https:\/\/now-news.de\/de\/#\/schema\/person\/fb534a4e865501d8b3285208df34a9b5\",\"name\":\"rtnews\",\"image\":{\"@type\":\"ImageObject\",\"inLanguage\":\"de\",\"@id\":\"https:\/\/now-news.de\/de\/#\/schema\/person\/image\/\",\"url\":\"https:\/\/secure.gravatar.com\/avatar\/82aafea7d8127119dd649515f56e2117?s=96&d=mm&r=g\",\"contentUrl\":\"https:\/\/secure.gravatar.com\/avatar\/82aafea7d8127119dd649515f56e2117?s=96&d=mm&r=g\",\"caption\":\"rtnews\"},\"url\":\"https:\/\/now-news.de\/de\/author\/rnews\/\"}]}<\/script>\n<!-- \/ Yoast SEO Premium plugin. -->","yoast_head_json":{"title":"Deutsche Denkfabrik will die Ukraine immer noch in der NATO - just-now.NEWS Deutschland","robots":{"index":"index","follow":"follow","max-snippet":"max-snippet:-1","max-image-preview":"max-image-preview:large","max-video-preview":"max-video-preview:-1"},"canonical":"https:\/\/now-news.de\/de\/deutschland\/deutsche-denkfabrik-will-die-ukraine-immer-noch-in-der-nato\/","og_locale":"de_DE","og_type":"article","og_title":"Deutsche Denkfabrik will die Ukraine immer noch in der NATO","og_description":"Was die Stiftung Wissenschaft und Politik ver\u00f6ffentlicht, gibt meistens einen Einblick in die Denkprozesse der Berliner Blase. Ihre \u00dcberlegungen, wie mit einer Waffenruhe in der Ukraine umgegangen werden sollte, zeigen klar, wie weit diese Blase von einem Frieden entfernt ist. Die Stiftung Wissenschaft und Politik (SWP), gewisserma\u00dfen die Denkfabrik des Bundesnachrichtendienstes, ver\u00f6ffentlichte ein Arbeitspapier &#8220;Modelle [&hellip;]","og_url":"https:\/\/now-news.de\/de\/deutschland\/deutsche-denkfabrik-will-die-ukraine-immer-noch-in-der-nato\/","og_site_name":"just-now.NEWS Deutschland","article_publisher":"https:\/\/www.facebook.com\/wirmachenauf","article_published_time":"2025-02-04T14:43:23+00:00","og_image":[{"url":"https:\/\/now-news.de\/de\/wp-content\/uploads\/sites\/3\/2025\/02\/67a21e8748fbef4db5389ceb.jpg"}],"author":"rtnews","twitter_card":"summary_large_image","twitter_creator":"@WirMachenAuf_de","twitter_site":"@WirMachenAuf_de","twitter_misc":{"Verfasst von":"rtnews","Gesch\u00e4tzte Lesezeit":"4\u00a0Minuten"},"schema":{"@context":"https:\/\/schema.org","@graph":[{"@type":"Article","@id":"https:\/\/now-news.de\/de\/deutschland\/deutsche-denkfabrik-will-die-ukraine-immer-noch-in-der-nato\/#article","isPartOf":{"@id":"https:\/\/now-news.de\/de\/deutschland\/deutsche-denkfabrik-will-die-ukraine-immer-noch-in-der-nato\/"},"author":{"name":"rtnews","@id":"https:\/\/now-news.de\/de\/#\/schema\/person\/fb534a4e865501d8b3285208df34a9b5"},"headline":"Deutsche Denkfabrik will die Ukraine immer noch in der NATO","datePublished":"2025-02-04T14:43:23+00:00","dateModified":"2025-02-04T14:43:23+00:00","mainEntityOfPage":{"@id":"https:\/\/now-news.de\/de\/deutschland\/deutsche-denkfabrik-will-die-ukraine-immer-noch-in-der-nato\/"},"wordCount":853,"commentCount":0,"publisher":{"@id":"https:\/\/now-news.de\/de\/#organization"},"image":{"@id":"https:\/\/now-news.de\/de\/deutschland\/deutsche-denkfabrik-will-die-ukraine-immer-noch-in-der-nato\/#primaryimage"},"thumbnailUrl":"https:\/\/now-news.de\/de\/wp-content\/uploads\/sites\/3\/2025\/02\/Deutsche-Denkfabrik-will-die-Ukraine-immer-noch-in-der-NATO.jpg","keywords":["Denkfabrik","der","Deutsche","die","Immer","nato","noch","ukraine"],"articleSection":["Deutschland","Russland"],"inLanguage":"de","potentialAction":[{"@type":"CommentAction","name":"Comment","target":["https:\/\/now-news.de\/de\/deutschland\/deutsche-denkfabrik-will-die-ukraine-immer-noch-in-der-nato\/#respond"]}]},{"@type":"WebPage","@id":"https:\/\/now-news.de\/de\/deutschland\/deutsche-denkfabrik-will-die-ukraine-immer-noch-in-der-nato\/","url":"https:\/\/now-news.de\/de\/deutschland\/deutsche-denkfabrik-will-die-ukraine-immer-noch-in-der-nato\/","name":"Deutsche Denkfabrik will die Ukraine immer noch in der NATO - just-now.NEWS Deutschland","isPartOf":{"@id":"https:\/\/now-news.de\/de\/#website"},"primaryImageOfPage":{"@id":"https:\/\/now-news.de\/de\/deutschland\/deutsche-denkfabrik-will-die-ukraine-immer-noch-in-der-nato\/#primaryimage"},"image":{"@id":"https:\/\/now-news.de\/de\/deutschland\/deutsche-denkfabrik-will-die-ukraine-immer-noch-in-der-nato\/#primaryimage"},"thumbnailUrl":"https:\/\/now-news.de\/de\/wp-content\/uploads\/sites\/3\/2025\/02\/Deutsche-Denkfabrik-will-die-Ukraine-immer-noch-in-der-NATO.jpg","datePublished":"2025-02-04T14:43:23+00:00","dateModified":"2025-02-04T14:43:23+00:00","breadcrumb":{"@id":"https:\/\/now-news.de\/de\/deutschland\/deutsche-denkfabrik-will-die-ukraine-immer-noch-in-der-nato\/#breadcrumb"},"inLanguage":"de","potentialAction":[{"@type":"ReadAction","target":["https:\/\/now-news.de\/de\/deutschland\/deutsche-denkfabrik-will-die-ukraine-immer-noch-in-der-nato\/"]}]},{"@type":"ImageObject","inLanguage":"de","@id":"https:\/\/now-news.de\/de\/deutschland\/deutsche-denkfabrik-will-die-ukraine-immer-noch-in-der-nato\/#primaryimage","url":"https:\/\/now-news.de\/de\/wp-content\/uploads\/sites\/3\/2025\/02\/Deutsche-Denkfabrik-will-die-Ukraine-immer-noch-in-der-NATO.jpg","contentUrl":"https:\/\/now-news.de\/de\/wp-content\/uploads\/sites\/3\/2025\/02\/Deutsche-Denkfabrik-will-die-Ukraine-immer-noch-in-der-NATO.jpg","width":460,"height":259,"caption":"Deutsche Denkfabrik will die Ukraine immer noch in der NATO"},{"@type":"BreadcrumbList","@id":"https:\/\/now-news.de\/de\/deutschland\/deutsche-denkfabrik-will-die-ukraine-immer-noch-in-der-nato\/#breadcrumb","itemListElement":[{"@type":"ListItem","position":1,"name":"Home","item":"https:\/\/now-news.de\/de\/"},{"@type":"ListItem","position":2,"name":"Deutsche Denkfabrik will die Ukraine immer noch in der NATO"}]},{"@type":"WebSite","@id":"https:\/\/now-news.de\/de\/#website","url":"https:\/\/now-news.de\/de\/","name":"just-now.NEWS Deutschland","description":"Das Portal f\u00fcr unzensierte Nachrichten aus der Welt","publisher":{"@id":"https:\/\/now-news.de\/de\/#organization"},"potentialAction":[{"@type":"SearchAction","target":{"@type":"EntryPoint","urlTemplate":"https:\/\/now-news.de\/de\/?s={search_term_string}"},"query-input":"required name=search_term_string"}],"inLanguage":"de"},{"@type":"Organization","@id":"https:\/\/now-news.de\/de\/#organization","name":"Just Now News","url":"https:\/\/now-news.de\/de\/","logo":{"@type":"ImageObject","inLanguage":"de","@id":"https:\/\/now-news.de\/de\/#\/schema\/logo\/image\/","url":"http:\/\/just-now.news\/de\/wp-content\/uploads\/sites\/3\/2022\/04\/logo500x500.jpg","contentUrl":"http:\/\/just-now.news\/de\/wp-content\/uploads\/sites\/3\/2022\/04\/logo500x500.jpg","width":500,"height":500,"caption":"Just Now News"},"image":{"@id":"https:\/\/now-news.de\/de\/#\/schema\/logo\/image\/"},"sameAs":["https:\/\/www.facebook.com\/wirmachenauf","https:\/\/x.com\/WirMachenAuf_de"]},{"@type":"Person","@id":"https:\/\/now-news.de\/de\/#\/schema\/person\/fb534a4e865501d8b3285208df34a9b5","name":"rtnews","image":{"@type":"ImageObject","inLanguage":"de","@id":"https:\/\/now-news.de\/de\/#\/schema\/person\/image\/","url":"https:\/\/secure.gravatar.com\/avatar\/82aafea7d8127119dd649515f56e2117?s=96&d=mm&r=g","contentUrl":"https:\/\/secure.gravatar.com\/avatar\/82aafea7d8127119dd649515f56e2117?s=96&d=mm&r=g","caption":"rtnews"},"url":"https:\/\/now-news.de\/de\/author\/rnews\/"}]}},"_links":{"self":[{"href":"https:\/\/now-news.de\/de\/wp-json\/wp\/v2\/posts\/77829"}],"collection":[{"href":"https:\/\/now-news.de\/de\/wp-json\/wp\/v2\/posts"}],"about":[{"href":"https:\/\/now-news.de\/de\/wp-json\/wp\/v2\/types\/post"}],"author":[{"embeddable":true,"href":"https:\/\/now-news.de\/de\/wp-json\/wp\/v2\/users\/3"}],"replies":[{"embeddable":true,"href":"https:\/\/now-news.de\/de\/wp-json\/wp\/v2\/comments?post=77829"}],"version-history":[{"count":0,"href":"https:\/\/now-news.de\/de\/wp-json\/wp\/v2\/posts\/77829\/revisions"}],"wp:featuredmedia":[{"embeddable":true,"href":"https:\/\/now-news.de\/de\/wp-json\/wp\/v2\/media\/77830"}],"wp:attachment":[{"href":"https:\/\/now-news.de\/de\/wp-json\/wp\/v2\/media?parent=77829"}],"wp:term":[{"taxonomy":"category","embeddable":true,"href":"https:\/\/now-news.de\/de\/wp-json\/wp\/v2\/categories?post=77829"},{"taxonomy":"post_tag","embeddable":true,"href":"https:\/\/now-news.de\/de\/wp-json\/wp\/v2\/tags?post=77829"}],"curies":[{"name":"wp","href":"https:\/\/api.w.org\/{rel}","templated":true}]}}