{"id":77766,"date":"2025-02-03T19:56:07","date_gmt":"2025-02-03T17:56:07","guid":{"rendered":"https:\/\/now-news.de\/de\/deutschland\/orban-laedt-weidel-nach-budapest-ein-und-will-in-berlin-eine-weitere-mauer-einreissen\/"},"modified":"2025-02-03T19:56:07","modified_gmt":"2025-02-03T17:56:07","slug":"orban-laedt-weidel-nach-budapest-ein-und-will-in-berlin-eine-weitere-mauer-einreissen","status":"publish","type":"post","link":"https:\/\/now-news.de\/de\/deutschland\/orban-laedt-weidel-nach-budapest-ein-und-will-in-berlin-eine-weitere-mauer-einreissen\/","title":{"rendered":"Orb\u00e1n l\u00e4dt Weidel nach Budapest ein \u2013 und will in Berlin eine weitere Mauer einrei\u00dfen"},"content":{"rendered":"<p><img decoding=\"async\" src=\"https:\/\/now-news.de\/de\/wp-content\/uploads\/sites\/3\/2025\/02\/67a0ec3c48fbef6dbd71a5fe.jpg\" \/><\/p>\n<div class=\"Text-root Text-type_1 \">\n                AfD-Kanzlerkandidatin Alice Weidel hat schon \u00f6fter ihre Sympathie f\u00fcr Ungarns Ministerpr\u00e4sidenten Viktor Orb\u00e1n kundgetan. Nun reist sie am 11. Februar nach Ungarn, um sich mit ihm zu treffen.\n            <\/div>\n<p><\/p>\n<div class=\"Text-root Text-type_5 ArticleView-text ViewText-root \">\n<p data-external=\"Article.FirstParagraph\">Die AfD-Co-Vorsitzende Alice Weidel\u00a0will sich noch vor der Bundestagswahl mit dem ungarischen Ministerpr\u00e4sidenten Viktor Orb\u00e1n treffen. Auf der\u00a0Plattform X\u00a0schrieb Weidel auf Englisch:<\/p>\n<blockquote>\n<p data-external=\"Article.FirstParagraph\"><em>&#8220;Danke f\u00fcr Ihre Einladung, Herr Ministerpr\u00e4sident Viktor Orb\u00e1n. Ich freue mich darauf, Sie zu treffen.&#8221;<\/em><\/p>\n<\/blockquote>\n<div class=\"EmbedBlock-root EmbedBlock-twitter\">\n<div class=\"TwitterEmbed\">\n<blockquote class=\"twitter-tweet lazyload\" data-twitter=\"twitter-tweet\">\n<p lang=\"en\" dir=\"ltr\">Thank you for your invitation, Prime Minister <a rel=\"nofollow noopener\" target=\"_blank\" href=\"https:\/\/twitter.com\/PM_ViktorOrban?ref_src=twsrc%5Etfw\">@PM_ViktorOrban<\/a>! I am looking forward to meeting you. <a rel=\"nofollow noopener\" target=\"_blank\" href=\"https:\/\/t.co\/gWZ58hjh3z\">https:\/\/t.co\/gWZ58hjh3z<\/a><\/p>\n<p>\u2014 Alice Weidel (@Alice_Weidel) <a rel=\"nofollow noopener\" target=\"_blank\" href=\"https:\/\/twitter.com\/Alice_Weidel\/status\/1886336416738599220?ref_src=twsrc%5Etfw\">February 3, 2025<\/a><\/p><\/blockquote>\n<\/div>\n<\/div>\n<p>Orb\u00e1n best\u00e4tigte freudvoll das Treffen in einem Interview der <em>Neuen Z\u00fcrcher Zeitung<\/em>: &#8220;Alice Weidel hat mich angerufen und um ein Treffen gebeten. Ich werde sie n\u00e4chste Woche in Budapest empfangen.&#8221; Nach Angaben von Weidels Sprecher Daniel Tapp wird die AfD-Kanzlerkandidatin am 11. und 12. Februar f\u00fcr das Gespr\u00e4ch mit Orb\u00e1n in Budapest sein.<\/p>\n<p>Orb\u00e1n sagte weiter: &#8220;Die AfD k\u00f6nnte 20 Prozent der Stimmen erhalten. Wenn deren Chefin mit mir sprechen will: Warum sollte ich Nein sagen? Wenn Olaf Scholz mich anrufen w\u00fcrde, w\u00fcrde ich ihn auch empfangen. Aber die Gefahr ist nicht akut.&#8221; Bereits letzte Woche gratulierte der ungarische Ministerpr\u00e4sident der AfD, nachdem diese im Bundestag erstmals einem Unionsantrag zu einer Mehrheit verholfen hatte. Mit Blick auf das Berlin\u00a0im Jahr 1989 und die derzeit vielen Mauern in den K\u00f6pfen der deutschen Bundeshauptst\u00e4dter erg\u00e4nzte Orb\u00e1n noch einen Satz bei X:<\/p>\n<blockquote>\n<p><em>&#8220;Berlin war schon immer eine Stadt der Mauern. Es ist an der Zeit, eine weitere einzurei\u00dfen!&#8221;<\/em><\/p>\n<\/blockquote>\n<p><strong>Mehr zum Thema<\/strong>\u00a0\u2013\u00a0<a rel=\"nofollow noopener\" target=\"_blank\" href=\"https:\/\/freedert.online\/inland\/234982-gewalteskalation-im-bundestag-alice-weidel\/\">Gewalteskalation im Bundestag: Alice Weidel bei Rede angegriffen<\/a><\/p>\n<\/p>\n<\/div>\n<p><script async src=\"https:\/\/platform.twitter.com\/widgets.js\" charset=\"utf-8\"><\/script><br \/>\n<br \/><br \/>\n<br \/><a href=\"https:\/\/de.rt.com\/europa\/235557-orban-laedt-weidel-nach-budapest\/\">Source link <\/a><\/p>\n","protected":false},"excerpt":{"rendered":"<p>AfD-Kanzlerkandidatin Alice Weidel hat schon \u00f6fter ihre Sympathie f\u00fcr Ungarns Ministerpr\u00e4sidenten Viktor Orb\u00e1n kundgetan. Nun reist sie am 11. Februar nach Ungarn, um sich mit ihm zu treffen. Die AfD-Co-Vorsitzende Alice Weidel\u00a0will sich noch vor der Bundestagswahl mit dem ungarischen Ministerpr\u00e4sidenten Viktor Orb\u00e1n treffen. Auf der\u00a0Plattform X\u00a0schrieb Weidel auf Englisch: &#8220;Danke f\u00fcr Ihre Einladung, Herr [&hellip;]<\/p>\n","protected":false},"author":3,"featured_media":77767,"comment_status":"open","ping_status":"open","sticky":false,"template":"","format":"standard","meta":{"_yoast_indexnow_last_ping":["1738605701"],"wp_automatic_camp":["217"],"e693165156d098a6b5b3651cc2ef6291":["Orb\u00e1n l\u00e4dt Weidel nach Budapest ein \u2013 und will in Berlin eine weitere Mauer einrei\u00dfen"],"original_link":["https:\/\/de.rt.com\/europa\/235557-orban-laedt-weidel-nach-budapest\/"],"_thumbnail_id":["77767"],"jnews_social_counter_last_update":["1777197875"],"_wptgpro_p2tg_sent2tg":["a:1:{i:23737;s:19:\"2025-02-03 20:02:39\";}"]},"categories":[19,23],"tags":[943,10836,357,275,62434,19885,13505,979,6397,140,20441,823],"yoast_head":"<!-- This site is optimized with the Yoast SEO Premium plugin v22.7 (Yoast SEO v22.7) - https:\/\/yoast.com\/wordpress\/plugins\/seo\/ -->\n<title>Orb\u00e1n l\u00e4dt Weidel nach Budapest ein \u2013 und will in Berlin eine weitere Mauer einrei\u00dfen - just-now.NEWS Deutschland<\/title>\n<meta name=\"robots\" content=\"index, follow, max-snippet:-1, max-image-preview:large, max-video-preview:-1\" \/>\n<link rel=\"canonical\" href=\"https:\/\/now-news.de\/de\/deutschland\/orban-laedt-weidel-nach-budapest-ein-und-will-in-berlin-eine-weitere-mauer-einreissen\/\" \/>\n<meta property=\"og:locale\" content=\"de_DE\" \/>\n<meta property=\"og:type\" content=\"article\" \/>\n<meta property=\"og:title\" content=\"Orb\u00e1n l\u00e4dt Weidel nach Budapest ein \u2013 und will in Berlin eine weitere Mauer einrei\u00dfen\" \/>\n<meta property=\"og:description\" content=\"AfD-Kanzlerkandidatin Alice Weidel hat schon \u00f6fter ihre Sympathie f\u00fcr Ungarns Ministerpr\u00e4sidenten Viktor Orb\u00e1n kundgetan. Nun reist sie am 11. Februar nach Ungarn, um sich mit ihm zu treffen. Die AfD-Co-Vorsitzende Alice Weidel\u00a0will sich noch vor der Bundestagswahl mit dem ungarischen Ministerpr\u00e4sidenten Viktor Orb\u00e1n treffen. Auf der\u00a0Plattform X\u00a0schrieb Weidel auf Englisch: &#8220;Danke f\u00fcr Ihre Einladung, Herr [&hellip;]\" \/>\n<meta property=\"og:url\" content=\"https:\/\/now-news.de\/de\/deutschland\/orban-laedt-weidel-nach-budapest-ein-und-will-in-berlin-eine-weitere-mauer-einreissen\/\" \/>\n<meta property=\"og:site_name\" content=\"just-now.NEWS Deutschland\" \/>\n<meta property=\"article:publisher\" content=\"https:\/\/www.facebook.com\/wirmachenauf\" \/>\n<meta property=\"article:published_time\" content=\"2025-02-03T17:56:07+00:00\" \/>\n<meta property=\"og:image\" content=\"https:\/\/now-news.de\/de\/wp-content\/uploads\/sites\/3\/2025\/02\/67a0ec3c48fbef6dbd71a5fe.jpg\" \/>\n<meta name=\"author\" content=\"rtnews\" \/>\n<meta name=\"twitter:card\" content=\"summary_large_image\" \/>\n<meta name=\"twitter:creator\" content=\"@WirMachenAuf_de\" \/>\n<meta name=\"twitter:site\" content=\"@WirMachenAuf_de\" \/>\n<meta name=\"twitter:label1\" content=\"Verfasst von\" \/>\n\t<meta name=\"twitter:data1\" content=\"rtnews\" \/>\n\t<meta name=\"twitter:label2\" content=\"Gesch\u00e4tzte Lesezeit\" \/>\n\t<meta name=\"twitter:data2\" content=\"1\u00a0Minute\" \/>\n<script type=\"application\/ld+json\" class=\"yoast-schema-graph\">{\"@context\":\"https:\/\/schema.org\",\"@graph\":[{\"@type\":\"Article\",\"@id\":\"https:\/\/now-news.de\/de\/deutschland\/orban-laedt-weidel-nach-budapest-ein-und-will-in-berlin-eine-weitere-mauer-einreissen\/#article\",\"isPartOf\":{\"@id\":\"https:\/\/now-news.de\/de\/deutschland\/orban-laedt-weidel-nach-budapest-ein-und-will-in-berlin-eine-weitere-mauer-einreissen\/\"},\"author\":{\"name\":\"rtnews\",\"@id\":\"https:\/\/now-news.de\/de\/#\/schema\/person\/fb534a4e865501d8b3285208df34a9b5\"},\"headline\":\"Orb\u00e1n l\u00e4dt Weidel nach Budapest ein \u2013 und will in Berlin eine weitere Mauer einrei\u00dfen\",\"datePublished\":\"2025-02-03T17:56:07+00:00\",\"dateModified\":\"2025-02-03T17:56:07+00:00\",\"mainEntityOfPage\":{\"@id\":\"https:\/\/now-news.de\/de\/deutschland\/orban-laedt-weidel-nach-budapest-ein-und-will-in-berlin-eine-weitere-mauer-einreissen\/\"},\"wordCount\":302,\"commentCount\":0,\"publisher\":{\"@id\":\"https:\/\/now-news.de\/de\/#organization\"},\"image\":{\"@id\":\"https:\/\/now-news.de\/de\/deutschland\/orban-laedt-weidel-nach-budapest-ein-und-will-in-berlin-eine-weitere-mauer-einreissen\/#primaryimage\"},\"thumbnailUrl\":\"https:\/\/now-news.de\/de\/wp-content\/uploads\/sites\/3\/2025\/02\/Orban-laedt-Weidel-nach-Budapest-ein-\u2013-und-will-in.jpg\",\"keywords\":[\"Berlin\",\"Budapest\",\"ein\",\"eine\",\"einrei\u00dfen\",\"l\u00e4dt\",\"Mauer\",\"nach\",\"Orb\u00e1n\",\"und\",\"Weidel\",\"weitere\"],\"articleSection\":[\"Deutschland\",\"Russland\"],\"inLanguage\":\"de\",\"potentialAction\":[{\"@type\":\"CommentAction\",\"name\":\"Comment\",\"target\":[\"https:\/\/now-news.de\/de\/deutschland\/orban-laedt-weidel-nach-budapest-ein-und-will-in-berlin-eine-weitere-mauer-einreissen\/#respond\"]}]},{\"@type\":\"WebPage\",\"@id\":\"https:\/\/now-news.de\/de\/deutschland\/orban-laedt-weidel-nach-budapest-ein-und-will-in-berlin-eine-weitere-mauer-einreissen\/\",\"url\":\"https:\/\/now-news.de\/de\/deutschland\/orban-laedt-weidel-nach-budapest-ein-und-will-in-berlin-eine-weitere-mauer-einreissen\/\",\"name\":\"Orb\u00e1n l\u00e4dt Weidel nach Budapest ein \u2013 und will in Berlin eine weitere Mauer einrei\u00dfen - just-now.NEWS Deutschland\",\"isPartOf\":{\"@id\":\"https:\/\/now-news.de\/de\/#website\"},\"primaryImageOfPage\":{\"@id\":\"https:\/\/now-news.de\/de\/deutschland\/orban-laedt-weidel-nach-budapest-ein-und-will-in-berlin-eine-weitere-mauer-einreissen\/#primaryimage\"},\"image\":{\"@id\":\"https:\/\/now-news.de\/de\/deutschland\/orban-laedt-weidel-nach-budapest-ein-und-will-in-berlin-eine-weitere-mauer-einreissen\/#primaryimage\"},\"thumbnailUrl\":\"https:\/\/now-news.de\/de\/wp-content\/uploads\/sites\/3\/2025\/02\/Orban-laedt-Weidel-nach-Budapest-ein-\u2013-und-will-in.jpg\",\"datePublished\":\"2025-02-03T17:56:07+00:00\",\"dateModified\":\"2025-02-03T17:56:07+00:00\",\"breadcrumb\":{\"@id\":\"https:\/\/now-news.de\/de\/deutschland\/orban-laedt-weidel-nach-budapest-ein-und-will-in-berlin-eine-weitere-mauer-einreissen\/#breadcrumb\"},\"inLanguage\":\"de\",\"potentialAction\":[{\"@type\":\"ReadAction\",\"target\":[\"https:\/\/now-news.de\/de\/deutschland\/orban-laedt-weidel-nach-budapest-ein-und-will-in-berlin-eine-weitere-mauer-einreissen\/\"]}]},{\"@type\":\"ImageObject\",\"inLanguage\":\"de\",\"@id\":\"https:\/\/now-news.de\/de\/deutschland\/orban-laedt-weidel-nach-budapest-ein-und-will-in-berlin-eine-weitere-mauer-einreissen\/#primaryimage\",\"url\":\"https:\/\/now-news.de\/de\/wp-content\/uploads\/sites\/3\/2025\/02\/Orban-laedt-Weidel-nach-Budapest-ein-\u2013-und-will-in.jpg\",\"contentUrl\":\"https:\/\/now-news.de\/de\/wp-content\/uploads\/sites\/3\/2025\/02\/Orban-laedt-Weidel-nach-Budapest-ein-\u2013-und-will-in.jpg\",\"width\":460,\"height\":259,\"caption\":\"Orb\u00e1n l\u00e4dt Weidel nach Budapest ein \u2013 und will in Berlin eine weitere Mauer einrei\u00dfen\"},{\"@type\":\"BreadcrumbList\",\"@id\":\"https:\/\/now-news.de\/de\/deutschland\/orban-laedt-weidel-nach-budapest-ein-und-will-in-berlin-eine-weitere-mauer-einreissen\/#breadcrumb\",\"itemListElement\":[{\"@type\":\"ListItem\",\"position\":1,\"name\":\"Home\",\"item\":\"https:\/\/now-news.de\/de\/\"},{\"@type\":\"ListItem\",\"position\":2,\"name\":\"Orb\u00e1n l\u00e4dt Weidel nach Budapest ein \u2013 und will in Berlin eine weitere Mauer einrei\u00dfen\"}]},{\"@type\":\"WebSite\",\"@id\":\"https:\/\/now-news.de\/de\/#website\",\"url\":\"https:\/\/now-news.de\/de\/\",\"name\":\"just-now.NEWS Deutschland\",\"description\":\"Das Portal f\u00fcr unzensierte Nachrichten aus der Welt\",\"publisher\":{\"@id\":\"https:\/\/now-news.de\/de\/#organization\"},\"potentialAction\":[{\"@type\":\"SearchAction\",\"target\":{\"@type\":\"EntryPoint\",\"urlTemplate\":\"https:\/\/now-news.de\/de\/?s={search_term_string}\"},\"query-input\":\"required name=search_term_string\"}],\"inLanguage\":\"de\"},{\"@type\":\"Organization\",\"@id\":\"https:\/\/now-news.de\/de\/#organization\",\"name\":\"Just Now News\",\"url\":\"https:\/\/now-news.de\/de\/\",\"logo\":{\"@type\":\"ImageObject\",\"inLanguage\":\"de\",\"@id\":\"https:\/\/now-news.de\/de\/#\/schema\/logo\/image\/\",\"url\":\"http:\/\/just-now.news\/de\/wp-content\/uploads\/sites\/3\/2022\/04\/logo500x500.jpg\",\"contentUrl\":\"http:\/\/just-now.news\/de\/wp-content\/uploads\/sites\/3\/2022\/04\/logo500x500.jpg\",\"width\":500,\"height\":500,\"caption\":\"Just Now News\"},\"image\":{\"@id\":\"https:\/\/now-news.de\/de\/#\/schema\/logo\/image\/\"},\"sameAs\":[\"https:\/\/www.facebook.com\/wirmachenauf\",\"https:\/\/x.com\/WirMachenAuf_de\"]},{\"@type\":\"Person\",\"@id\":\"https:\/\/now-news.de\/de\/#\/schema\/person\/fb534a4e865501d8b3285208df34a9b5\",\"name\":\"rtnews\",\"image\":{\"@type\":\"ImageObject\",\"inLanguage\":\"de\",\"@id\":\"https:\/\/now-news.de\/de\/#\/schema\/person\/image\/\",\"url\":\"https:\/\/secure.gravatar.com\/avatar\/82aafea7d8127119dd649515f56e2117?s=96&d=mm&r=g\",\"contentUrl\":\"https:\/\/secure.gravatar.com\/avatar\/82aafea7d8127119dd649515f56e2117?s=96&d=mm&r=g\",\"caption\":\"rtnews\"},\"url\":\"https:\/\/now-news.de\/de\/author\/rnews\/\"}]}<\/script>\n<!-- \/ Yoast SEO Premium plugin. -->","yoast_head_json":{"title":"Orb\u00e1n l\u00e4dt Weidel nach Budapest ein \u2013 und will in Berlin eine weitere Mauer einrei\u00dfen - just-now.NEWS Deutschland","robots":{"index":"index","follow":"follow","max-snippet":"max-snippet:-1","max-image-preview":"max-image-preview:large","max-video-preview":"max-video-preview:-1"},"canonical":"https:\/\/now-news.de\/de\/deutschland\/orban-laedt-weidel-nach-budapest-ein-und-will-in-berlin-eine-weitere-mauer-einreissen\/","og_locale":"de_DE","og_type":"article","og_title":"Orb\u00e1n l\u00e4dt Weidel nach Budapest ein \u2013 und will in Berlin eine weitere Mauer einrei\u00dfen","og_description":"AfD-Kanzlerkandidatin Alice Weidel hat schon \u00f6fter ihre Sympathie f\u00fcr Ungarns Ministerpr\u00e4sidenten Viktor Orb\u00e1n kundgetan. Nun reist sie am 11. Februar nach Ungarn, um sich mit ihm zu treffen. Die AfD-Co-Vorsitzende Alice Weidel\u00a0will sich noch vor der Bundestagswahl mit dem ungarischen Ministerpr\u00e4sidenten Viktor Orb\u00e1n treffen. Auf der\u00a0Plattform X\u00a0schrieb Weidel auf Englisch: &#8220;Danke f\u00fcr Ihre Einladung, Herr [&hellip;]","og_url":"https:\/\/now-news.de\/de\/deutschland\/orban-laedt-weidel-nach-budapest-ein-und-will-in-berlin-eine-weitere-mauer-einreissen\/","og_site_name":"just-now.NEWS Deutschland","article_publisher":"https:\/\/www.facebook.com\/wirmachenauf","article_published_time":"2025-02-03T17:56:07+00:00","og_image":[{"url":"https:\/\/now-news.de\/de\/wp-content\/uploads\/sites\/3\/2025\/02\/67a0ec3c48fbef6dbd71a5fe.jpg"}],"author":"rtnews","twitter_card":"summary_large_image","twitter_creator":"@WirMachenAuf_de","twitter_site":"@WirMachenAuf_de","twitter_misc":{"Verfasst von":"rtnews","Gesch\u00e4tzte Lesezeit":"1\u00a0Minute"},"schema":{"@context":"https:\/\/schema.org","@graph":[{"@type":"Article","@id":"https:\/\/now-news.de\/de\/deutschland\/orban-laedt-weidel-nach-budapest-ein-und-will-in-berlin-eine-weitere-mauer-einreissen\/#article","isPartOf":{"@id":"https:\/\/now-news.de\/de\/deutschland\/orban-laedt-weidel-nach-budapest-ein-und-will-in-berlin-eine-weitere-mauer-einreissen\/"},"author":{"name":"rtnews","@id":"https:\/\/now-news.de\/de\/#\/schema\/person\/fb534a4e865501d8b3285208df34a9b5"},"headline":"Orb\u00e1n l\u00e4dt Weidel nach Budapest ein \u2013 und will in Berlin eine weitere Mauer einrei\u00dfen","datePublished":"2025-02-03T17:56:07+00:00","dateModified":"2025-02-03T17:56:07+00:00","mainEntityOfPage":{"@id":"https:\/\/now-news.de\/de\/deutschland\/orban-laedt-weidel-nach-budapest-ein-und-will-in-berlin-eine-weitere-mauer-einreissen\/"},"wordCount":302,"commentCount":0,"publisher":{"@id":"https:\/\/now-news.de\/de\/#organization"},"image":{"@id":"https:\/\/now-news.de\/de\/deutschland\/orban-laedt-weidel-nach-budapest-ein-und-will-in-berlin-eine-weitere-mauer-einreissen\/#primaryimage"},"thumbnailUrl":"https:\/\/now-news.de\/de\/wp-content\/uploads\/sites\/3\/2025\/02\/Orban-laedt-Weidel-nach-Budapest-ein-\u2013-und-will-in.jpg","keywords":["Berlin","Budapest","ein","eine","einrei\u00dfen","l\u00e4dt","Mauer","nach","Orb\u00e1n","und","Weidel","weitere"],"articleSection":["Deutschland","Russland"],"inLanguage":"de","potentialAction":[{"@type":"CommentAction","name":"Comment","target":["https:\/\/now-news.de\/de\/deutschland\/orban-laedt-weidel-nach-budapest-ein-und-will-in-berlin-eine-weitere-mauer-einreissen\/#respond"]}]},{"@type":"WebPage","@id":"https:\/\/now-news.de\/de\/deutschland\/orban-laedt-weidel-nach-budapest-ein-und-will-in-berlin-eine-weitere-mauer-einreissen\/","url":"https:\/\/now-news.de\/de\/deutschland\/orban-laedt-weidel-nach-budapest-ein-und-will-in-berlin-eine-weitere-mauer-einreissen\/","name":"Orb\u00e1n l\u00e4dt Weidel nach Budapest ein \u2013 und will in Berlin eine weitere Mauer einrei\u00dfen - just-now.NEWS Deutschland","isPartOf":{"@id":"https:\/\/now-news.de\/de\/#website"},"primaryImageOfPage":{"@id":"https:\/\/now-news.de\/de\/deutschland\/orban-laedt-weidel-nach-budapest-ein-und-will-in-berlin-eine-weitere-mauer-einreissen\/#primaryimage"},"image":{"@id":"https:\/\/now-news.de\/de\/deutschland\/orban-laedt-weidel-nach-budapest-ein-und-will-in-berlin-eine-weitere-mauer-einreissen\/#primaryimage"},"thumbnailUrl":"https:\/\/now-news.de\/de\/wp-content\/uploads\/sites\/3\/2025\/02\/Orban-laedt-Weidel-nach-Budapest-ein-\u2013-und-will-in.jpg","datePublished":"2025-02-03T17:56:07+00:00","dateModified":"2025-02-03T17:56:07+00:00","breadcrumb":{"@id":"https:\/\/now-news.de\/de\/deutschland\/orban-laedt-weidel-nach-budapest-ein-und-will-in-berlin-eine-weitere-mauer-einreissen\/#breadcrumb"},"inLanguage":"de","potentialAction":[{"@type":"ReadAction","target":["https:\/\/now-news.de\/de\/deutschland\/orban-laedt-weidel-nach-budapest-ein-und-will-in-berlin-eine-weitere-mauer-einreissen\/"]}]},{"@type":"ImageObject","inLanguage":"de","@id":"https:\/\/now-news.de\/de\/deutschland\/orban-laedt-weidel-nach-budapest-ein-und-will-in-berlin-eine-weitere-mauer-einreissen\/#primaryimage","url":"https:\/\/now-news.de\/de\/wp-content\/uploads\/sites\/3\/2025\/02\/Orban-laedt-Weidel-nach-Budapest-ein-\u2013-und-will-in.jpg","contentUrl":"https:\/\/now-news.de\/de\/wp-content\/uploads\/sites\/3\/2025\/02\/Orban-laedt-Weidel-nach-Budapest-ein-\u2013-und-will-in.jpg","width":460,"height":259,"caption":"Orb\u00e1n l\u00e4dt Weidel nach Budapest ein \u2013 und will in Berlin eine weitere Mauer einrei\u00dfen"},{"@type":"BreadcrumbList","@id":"https:\/\/now-news.de\/de\/deutschland\/orban-laedt-weidel-nach-budapest-ein-und-will-in-berlin-eine-weitere-mauer-einreissen\/#breadcrumb","itemListElement":[{"@type":"ListItem","position":1,"name":"Home","item":"https:\/\/now-news.de\/de\/"},{"@type":"ListItem","position":2,"name":"Orb\u00e1n l\u00e4dt Weidel nach Budapest ein \u2013 und will in Berlin eine weitere Mauer einrei\u00dfen"}]},{"@type":"WebSite","@id":"https:\/\/now-news.de\/de\/#website","url":"https:\/\/now-news.de\/de\/","name":"just-now.NEWS Deutschland","description":"Das Portal f\u00fcr unzensierte Nachrichten aus der Welt","publisher":{"@id":"https:\/\/now-news.de\/de\/#organization"},"potentialAction":[{"@type":"SearchAction","target":{"@type":"EntryPoint","urlTemplate":"https:\/\/now-news.de\/de\/?s={search_term_string}"},"query-input":"required name=search_term_string"}],"inLanguage":"de"},{"@type":"Organization","@id":"https:\/\/now-news.de\/de\/#organization","name":"Just Now News","url":"https:\/\/now-news.de\/de\/","logo":{"@type":"ImageObject","inLanguage":"de","@id":"https:\/\/now-news.de\/de\/#\/schema\/logo\/image\/","url":"http:\/\/just-now.news\/de\/wp-content\/uploads\/sites\/3\/2022\/04\/logo500x500.jpg","contentUrl":"http:\/\/just-now.news\/de\/wp-content\/uploads\/sites\/3\/2022\/04\/logo500x500.jpg","width":500,"height":500,"caption":"Just Now News"},"image":{"@id":"https:\/\/now-news.de\/de\/#\/schema\/logo\/image\/"},"sameAs":["https:\/\/www.facebook.com\/wirmachenauf","https:\/\/x.com\/WirMachenAuf_de"]},{"@type":"Person","@id":"https:\/\/now-news.de\/de\/#\/schema\/person\/fb534a4e865501d8b3285208df34a9b5","name":"rtnews","image":{"@type":"ImageObject","inLanguage":"de","@id":"https:\/\/now-news.de\/de\/#\/schema\/person\/image\/","url":"https:\/\/secure.gravatar.com\/avatar\/82aafea7d8127119dd649515f56e2117?s=96&d=mm&r=g","contentUrl":"https:\/\/secure.gravatar.com\/avatar\/82aafea7d8127119dd649515f56e2117?s=96&d=mm&r=g","caption":"rtnews"},"url":"https:\/\/now-news.de\/de\/author\/rnews\/"}]}},"_links":{"self":[{"href":"https:\/\/now-news.de\/de\/wp-json\/wp\/v2\/posts\/77766"}],"collection":[{"href":"https:\/\/now-news.de\/de\/wp-json\/wp\/v2\/posts"}],"about":[{"href":"https:\/\/now-news.de\/de\/wp-json\/wp\/v2\/types\/post"}],"author":[{"embeddable":true,"href":"https:\/\/now-news.de\/de\/wp-json\/wp\/v2\/users\/3"}],"replies":[{"embeddable":true,"href":"https:\/\/now-news.de\/de\/wp-json\/wp\/v2\/comments?post=77766"}],"version-history":[{"count":0,"href":"https:\/\/now-news.de\/de\/wp-json\/wp\/v2\/posts\/77766\/revisions"}],"wp:featuredmedia":[{"embeddable":true,"href":"https:\/\/now-news.de\/de\/wp-json\/wp\/v2\/media\/77767"}],"wp:attachment":[{"href":"https:\/\/now-news.de\/de\/wp-json\/wp\/v2\/media?parent=77766"}],"wp:term":[{"taxonomy":"category","embeddable":true,"href":"https:\/\/now-news.de\/de\/wp-json\/wp\/v2\/categories?post=77766"},{"taxonomy":"post_tag","embeddable":true,"href":"https:\/\/now-news.de\/de\/wp-json\/wp\/v2\/tags?post=77766"}],"curies":[{"name":"wp","href":"https:\/\/api.w.org\/{rel}","templated":true}]}}