{"id":77729,"date":"2025-02-03T13:25:33","date_gmt":"2025-02-03T11:25:33","guid":{"rendered":"https:\/\/now-news.de\/de\/deutschland\/festnahmen-bei-pro-eu-protesten-in-georgien\/"},"modified":"2025-02-03T13:25:33","modified_gmt":"2025-02-03T11:25:33","slug":"festnahmen-bei-pro-eu-protesten-in-georgien","status":"publish","type":"post","link":"https:\/\/now-news.de\/de\/deutschland\/festnahmen-bei-pro-eu-protesten-in-georgien\/","title":{"rendered":"Festnahmen bei Pro-EU-Protesten in Georgien"},"content":{"rendered":"<p><img decoding=\"async\" src=\"https:\/\/now-news.de\/de\/wp-content\/uploads\/sites\/3\/2025\/02\/67a09594b480cc294b1123d6.jpg\" \/><\/p>\n<div class=\"Text-root Text-type_1 \">\n                Bei Protesten gegen die Regierungspartei &#8220;Georgischer Traum&#8221; kam es zu Festnahmen. Die Demonstranten hatten eine Stra\u00dfenblockade angek\u00fcndigt und sie umgesetzt. Die Sicherheitskr\u00e4fte hatten im Vorfeld darauf hingewiesen, dass es sich um eine Straftat handelt, weshalb sie dagegen vorgehen m\u00fcssten.\n            <\/div>\n<p><\/p>\n<div class=\"Text-root Text-type_5 ArticleView-text ViewText-root \">\n<p>Bei erneuten Protesten in der georgischen Hauptstadt Tiflis gegen die legitime Regierung wurden mehr als 30 Personen vorl\u00e4ufig festgenommen. In einer offiziellen Mitteilung dazu hei\u00dft es, Mitarbeiter der Ordnungskr\u00e4fte h\u00e4tten insgesamt 31 Personen in Gewahrsam genommen. Ihnen wird Widerstand gegen die Staatsgewalt vorgeworfen, berichtet die russische Nachrichtenagentur <em>Ria Nowosti<\/em>.\u00a0<\/p>\n<p>Demnach haben am Vorabend Demonstranten versucht, die Zufahrt zu einer Schnellstra\u00dfe nach Tiflis zu blockieren. Unter den Festgenommenen befand sich auch der Vorsitzende der von der EU unterst\u00fctzten Partei &#8220;Achali&#8221;, Nika Melia, sowie der ehemalige Tifliser B\u00fcrgermeister Gigi Ugulawa.\u00a0<\/p>\n<p>Die Blockade war im Vorfeld der Proteste angek\u00fcndigt worden. Die Beh\u00f6rden hatten darauf hingewiesen, dass es sich dabei um eine Straftat handelt und sie gegen die Blockade vorgehen w\u00fcrden. Offenbar hatten die Demonstranten die Absicht, durch gezielte Gesetzesverletzungen mediale Aufmerksamkeit zu generieren. Eine analoge Strategie verfolgte auch der aus dem Ausland finanzierte, inzwischen verstorbene russische Oppositionspolitiker Alexei Nawalny.\u00a0<\/p>\n<p>Melia kam am Abend wieder frei, nachdem er zugesagt hatte, vor Gericht zu erscheinen. Melia behauptete nach seiner Freilassung, w\u00e4hrend seines Gewahrsams von der Polizei getreten worden zu sein.<\/p>\n<p>Trotz der klaren Rechtslage und dem Versto\u00df gegen bestehende Gesetze behauptet die EU-Au\u00dfenbeauftragte Kaja Kallas, es handele sich um &#8220;friedliche Proteste&#8221;. Wie zu erwarten verurteilte sie in einer Mitteilung auf X das Vorgehen der georgischen Beh\u00f6rden. Sie sichert den Demonstranten die weitere Unterst\u00fctzung der EU zu.\u00a0<\/p>\n<div class=\"EmbedBlock-root EmbedBlock-twitter\">\n<div class=\"TwitterEmbed\">\n<blockquote class=\"twitter-tweet lazyload\" data-twitter=\"twitter-tweet\">\n<p lang=\"en\" dir=\"ltr\">The brutal crackdown on peaceful protesters, journalists and politicians tonight in Tbilisi is unacceptable.Georgia falls short of any expectation from a candidate country.The EU stands with the people of Georgia in their fight for freedom and democracy.<\/p>\n<p>\u2014 Kaja Kallas (@kajakallas) <a rel=\"nofollow noopener\" target=\"_blank\" href=\"https:\/\/twitter.com\/kajakallas\/status\/1886126742324301844?ref_src=twsrc%5Etfw\">February 2, 2025<\/a><\/p><\/blockquote>\n<\/div>\n<\/div>\n<p>Der Streit zwischen der EU und der Regierungspartei &#8220;Georgischer Traum&#8221; dreht sich unter anderem um ein Gesetz, das vom Ausland bezahlte NGOs zur Offenlegung ihrer Finanzquellen zwingt. Die EU hat vehement gegen das Gesetz protestiert und behauptet, Georgien verlasse damit den demokratischen Weg.\u00a0<\/p>\n<p>Die EU und EU-Mitgliedstaaten unterst\u00fctzen eine gro\u00dfe Zahl von NGOs in Georgien. Unter dem Deckmantel, die Demokratie zu f\u00f6rdern und die Zivilgesellschaft zu st\u00e4rken, setzen diese NGOs eine Br\u00fcsseler Agenda um, die sich inzwischen klar gegen die vitalen Interessen Georgiens richtet. Die anhaltenden Proteste sind Ausdruck davon.\u00a0\u00a0<\/p>\n<p><strong>Mehr zum Thema<\/strong>\u00a0\u2013 <a rel=\"nofollow noopener\" target=\"_blank\" href=\"https:\/\/freedert.online\/meinung\/234967-europa-braucht-neustart\/\">Europa braucht einen Neustart<\/a><\/p>\n<div class=\"EmbedBlock-root EmbedBlock-externalVideo EmbedBlock-rumble\">\n<div class=\"VkEmbed\"><iframe class=\"lazyload\" data-src=\"https:\/\/rumble.com\/embed\/v6dzyoy\" frameborder=\"0\" width=\"853\" height=\"480\" allowfullscreen><\/iframe><\/div>\n<\/div>\n<\/div>\n<p><script async src=\"https:\/\/platform.twitter.com\/widgets.js\" charset=\"utf-8\"><\/script><br \/>\n<br \/><br \/>\n<br \/><a href=\"https:\/\/de.rt.com\/europa\/235477-festnahmen-bei-pro-eu-protesten\/\">Source link <\/a><\/p>\n","protected":false},"excerpt":{"rendered":"<p>Bei Protesten gegen die Regierungspartei &#8220;Georgischer Traum&#8221; kam es zu Festnahmen. Die Demonstranten hatten eine Stra\u00dfenblockade angek\u00fcndigt und sie umgesetzt. Die Sicherheitskr\u00e4fte hatten im Vorfeld darauf hingewiesen, dass es sich um eine Straftat handelt, weshalb sie dagegen vorgehen m\u00fcssten. Bei erneuten Protesten in der georgischen Hauptstadt Tiflis gegen die legitime Regierung wurden mehr als 30 [&hellip;]<\/p>\n","protected":false},"author":3,"featured_media":77730,"comment_status":"open","ping_status":"open","sticky":false,"template":"","format":"standard","meta":{"_yoast_indexnow_last_ping":["1738582596"],"wp_automatic_camp":["217"],"0a08c19756c1a3c75ad6520f1d0babba":["Festnahmen bei Pro-EU-Protesten in Georgien"],"original_link":["https:\/\/de.rt.com\/europa\/235477-festnahmen-bei-pro-eu-protesten\/"],"_thumbnail_id":["77730"],"jnews_social_counter_last_update":["1777287368"],"_wptgpro_p2tg_sent2tg":["a:1:{i:23737;s:19:\"2025-02-03 13:37:40\";}"]},"categories":[19,23],"tags":[363,16580,20848,62416],"yoast_head":"<!-- This site is optimized with the Yoast SEO Premium plugin v22.7 (Yoast SEO v22.7) - https:\/\/yoast.com\/wordpress\/plugins\/seo\/ -->\n<title>Festnahmen bei Pro-EU-Protesten in Georgien - just-now.NEWS Deutschland<\/title>\n<meta name=\"robots\" content=\"index, follow, max-snippet:-1, max-image-preview:large, max-video-preview:-1\" \/>\n<link rel=\"canonical\" href=\"https:\/\/now-news.de\/de\/deutschland\/festnahmen-bei-pro-eu-protesten-in-georgien\/\" \/>\n<meta property=\"og:locale\" content=\"de_DE\" \/>\n<meta property=\"og:type\" content=\"article\" \/>\n<meta property=\"og:title\" content=\"Festnahmen bei Pro-EU-Protesten in Georgien\" \/>\n<meta property=\"og:description\" content=\"Bei Protesten gegen die Regierungspartei &#8220;Georgischer Traum&#8221; kam es zu Festnahmen. Die Demonstranten hatten eine Stra\u00dfenblockade angek\u00fcndigt und sie umgesetzt. Die Sicherheitskr\u00e4fte hatten im Vorfeld darauf hingewiesen, dass es sich um eine Straftat handelt, weshalb sie dagegen vorgehen m\u00fcssten. Bei erneuten Protesten in der georgischen Hauptstadt Tiflis gegen die legitime Regierung wurden mehr als 30 [&hellip;]\" \/>\n<meta property=\"og:url\" content=\"https:\/\/now-news.de\/de\/deutschland\/festnahmen-bei-pro-eu-protesten-in-georgien\/\" \/>\n<meta property=\"og:site_name\" content=\"just-now.NEWS Deutschland\" \/>\n<meta property=\"article:publisher\" content=\"https:\/\/www.facebook.com\/wirmachenauf\" \/>\n<meta property=\"article:published_time\" content=\"2025-02-03T11:25:33+00:00\" \/>\n<meta property=\"og:image\" content=\"https:\/\/now-news.de\/de\/wp-content\/uploads\/sites\/3\/2025\/02\/67a09594b480cc294b1123d6.jpg\" \/>\n<meta name=\"author\" content=\"rtnews\" \/>\n<meta name=\"twitter:card\" content=\"summary_large_image\" \/>\n<meta name=\"twitter:creator\" content=\"@WirMachenAuf_de\" \/>\n<meta name=\"twitter:site\" content=\"@WirMachenAuf_de\" \/>\n<meta name=\"twitter:label1\" content=\"Verfasst von\" \/>\n\t<meta name=\"twitter:data1\" content=\"rtnews\" \/>\n\t<meta name=\"twitter:label2\" content=\"Gesch\u00e4tzte Lesezeit\" \/>\n\t<meta name=\"twitter:data2\" content=\"2\u00a0Minuten\" \/>\n<script type=\"application\/ld+json\" class=\"yoast-schema-graph\">{\"@context\":\"https:\/\/schema.org\",\"@graph\":[{\"@type\":\"Article\",\"@id\":\"https:\/\/now-news.de\/de\/deutschland\/festnahmen-bei-pro-eu-protesten-in-georgien\/#article\",\"isPartOf\":{\"@id\":\"https:\/\/now-news.de\/de\/deutschland\/festnahmen-bei-pro-eu-protesten-in-georgien\/\"},\"author\":{\"name\":\"rtnews\",\"@id\":\"https:\/\/now-news.de\/de\/#\/schema\/person\/fb534a4e865501d8b3285208df34a9b5\"},\"headline\":\"Festnahmen bei Pro-EU-Protesten in Georgien\",\"datePublished\":\"2025-02-03T11:25:33+00:00\",\"dateModified\":\"2025-02-03T11:25:33+00:00\",\"mainEntityOfPage\":{\"@id\":\"https:\/\/now-news.de\/de\/deutschland\/festnahmen-bei-pro-eu-protesten-in-georgien\/\"},\"wordCount\":429,\"commentCount\":0,\"publisher\":{\"@id\":\"https:\/\/now-news.de\/de\/#organization\"},\"image\":{\"@id\":\"https:\/\/now-news.de\/de\/deutschland\/festnahmen-bei-pro-eu-protesten-in-georgien\/#primaryimage\"},\"thumbnailUrl\":\"https:\/\/now-news.de\/de\/wp-content\/uploads\/sites\/3\/2025\/02\/Festnahmen-bei-Pro-EU-Protesten-in-Georgien.jpg\",\"keywords\":[\"bei\",\"Festnahmen\",\"Georgien\",\"ProEUProtesten\"],\"articleSection\":[\"Deutschland\",\"Russland\"],\"inLanguage\":\"de\",\"potentialAction\":[{\"@type\":\"CommentAction\",\"name\":\"Comment\",\"target\":[\"https:\/\/now-news.de\/de\/deutschland\/festnahmen-bei-pro-eu-protesten-in-georgien\/#respond\"]}]},{\"@type\":\"WebPage\",\"@id\":\"https:\/\/now-news.de\/de\/deutschland\/festnahmen-bei-pro-eu-protesten-in-georgien\/\",\"url\":\"https:\/\/now-news.de\/de\/deutschland\/festnahmen-bei-pro-eu-protesten-in-georgien\/\",\"name\":\"Festnahmen bei Pro-EU-Protesten in Georgien - just-now.NEWS Deutschland\",\"isPartOf\":{\"@id\":\"https:\/\/now-news.de\/de\/#website\"},\"primaryImageOfPage\":{\"@id\":\"https:\/\/now-news.de\/de\/deutschland\/festnahmen-bei-pro-eu-protesten-in-georgien\/#primaryimage\"},\"image\":{\"@id\":\"https:\/\/now-news.de\/de\/deutschland\/festnahmen-bei-pro-eu-protesten-in-georgien\/#primaryimage\"},\"thumbnailUrl\":\"https:\/\/now-news.de\/de\/wp-content\/uploads\/sites\/3\/2025\/02\/Festnahmen-bei-Pro-EU-Protesten-in-Georgien.jpg\",\"datePublished\":\"2025-02-03T11:25:33+00:00\",\"dateModified\":\"2025-02-03T11:25:33+00:00\",\"breadcrumb\":{\"@id\":\"https:\/\/now-news.de\/de\/deutschland\/festnahmen-bei-pro-eu-protesten-in-georgien\/#breadcrumb\"},\"inLanguage\":\"de\",\"potentialAction\":[{\"@type\":\"ReadAction\",\"target\":[\"https:\/\/now-news.de\/de\/deutschland\/festnahmen-bei-pro-eu-protesten-in-georgien\/\"]}]},{\"@type\":\"ImageObject\",\"inLanguage\":\"de\",\"@id\":\"https:\/\/now-news.de\/de\/deutschland\/festnahmen-bei-pro-eu-protesten-in-georgien\/#primaryimage\",\"url\":\"https:\/\/now-news.de\/de\/wp-content\/uploads\/sites\/3\/2025\/02\/Festnahmen-bei-Pro-EU-Protesten-in-Georgien.jpg\",\"contentUrl\":\"https:\/\/now-news.de\/de\/wp-content\/uploads\/sites\/3\/2025\/02\/Festnahmen-bei-Pro-EU-Protesten-in-Georgien.jpg\",\"width\":460,\"height\":259,\"caption\":\"Festnahmen bei Pro-EU-Protesten in Georgien\"},{\"@type\":\"BreadcrumbList\",\"@id\":\"https:\/\/now-news.de\/de\/deutschland\/festnahmen-bei-pro-eu-protesten-in-georgien\/#breadcrumb\",\"itemListElement\":[{\"@type\":\"ListItem\",\"position\":1,\"name\":\"Home\",\"item\":\"https:\/\/now-news.de\/de\/\"},{\"@type\":\"ListItem\",\"position\":2,\"name\":\"Festnahmen bei Pro-EU-Protesten in Georgien\"}]},{\"@type\":\"WebSite\",\"@id\":\"https:\/\/now-news.de\/de\/#website\",\"url\":\"https:\/\/now-news.de\/de\/\",\"name\":\"just-now.NEWS Deutschland\",\"description\":\"Das Portal f\u00fcr unzensierte Nachrichten aus der Welt\",\"publisher\":{\"@id\":\"https:\/\/now-news.de\/de\/#organization\"},\"potentialAction\":[{\"@type\":\"SearchAction\",\"target\":{\"@type\":\"EntryPoint\",\"urlTemplate\":\"https:\/\/now-news.de\/de\/?s={search_term_string}\"},\"query-input\":\"required name=search_term_string\"}],\"inLanguage\":\"de\"},{\"@type\":\"Organization\",\"@id\":\"https:\/\/now-news.de\/de\/#organization\",\"name\":\"Just Now News\",\"url\":\"https:\/\/now-news.de\/de\/\",\"logo\":{\"@type\":\"ImageObject\",\"inLanguage\":\"de\",\"@id\":\"https:\/\/now-news.de\/de\/#\/schema\/logo\/image\/\",\"url\":\"http:\/\/just-now.news\/de\/wp-content\/uploads\/sites\/3\/2022\/04\/logo500x500.jpg\",\"contentUrl\":\"http:\/\/just-now.news\/de\/wp-content\/uploads\/sites\/3\/2022\/04\/logo500x500.jpg\",\"width\":500,\"height\":500,\"caption\":\"Just Now News\"},\"image\":{\"@id\":\"https:\/\/now-news.de\/de\/#\/schema\/logo\/image\/\"},\"sameAs\":[\"https:\/\/www.facebook.com\/wirmachenauf\",\"https:\/\/x.com\/WirMachenAuf_de\"]},{\"@type\":\"Person\",\"@id\":\"https:\/\/now-news.de\/de\/#\/schema\/person\/fb534a4e865501d8b3285208df34a9b5\",\"name\":\"rtnews\",\"image\":{\"@type\":\"ImageObject\",\"inLanguage\":\"de\",\"@id\":\"https:\/\/now-news.de\/de\/#\/schema\/person\/image\/\",\"url\":\"https:\/\/secure.gravatar.com\/avatar\/82aafea7d8127119dd649515f56e2117?s=96&d=mm&r=g\",\"contentUrl\":\"https:\/\/secure.gravatar.com\/avatar\/82aafea7d8127119dd649515f56e2117?s=96&d=mm&r=g\",\"caption\":\"rtnews\"},\"url\":\"https:\/\/now-news.de\/de\/author\/rnews\/\"}]}<\/script>\n<!-- \/ Yoast SEO Premium plugin. -->","yoast_head_json":{"title":"Festnahmen bei Pro-EU-Protesten in Georgien - just-now.NEWS Deutschland","robots":{"index":"index","follow":"follow","max-snippet":"max-snippet:-1","max-image-preview":"max-image-preview:large","max-video-preview":"max-video-preview:-1"},"canonical":"https:\/\/now-news.de\/de\/deutschland\/festnahmen-bei-pro-eu-protesten-in-georgien\/","og_locale":"de_DE","og_type":"article","og_title":"Festnahmen bei Pro-EU-Protesten in Georgien","og_description":"Bei Protesten gegen die Regierungspartei &#8220;Georgischer Traum&#8221; kam es zu Festnahmen. Die Demonstranten hatten eine Stra\u00dfenblockade angek\u00fcndigt und sie umgesetzt. Die Sicherheitskr\u00e4fte hatten im Vorfeld darauf hingewiesen, dass es sich um eine Straftat handelt, weshalb sie dagegen vorgehen m\u00fcssten. Bei erneuten Protesten in der georgischen Hauptstadt Tiflis gegen die legitime Regierung wurden mehr als 30 [&hellip;]","og_url":"https:\/\/now-news.de\/de\/deutschland\/festnahmen-bei-pro-eu-protesten-in-georgien\/","og_site_name":"just-now.NEWS Deutschland","article_publisher":"https:\/\/www.facebook.com\/wirmachenauf","article_published_time":"2025-02-03T11:25:33+00:00","og_image":[{"url":"https:\/\/now-news.de\/de\/wp-content\/uploads\/sites\/3\/2025\/02\/67a09594b480cc294b1123d6.jpg"}],"author":"rtnews","twitter_card":"summary_large_image","twitter_creator":"@WirMachenAuf_de","twitter_site":"@WirMachenAuf_de","twitter_misc":{"Verfasst von":"rtnews","Gesch\u00e4tzte Lesezeit":"2\u00a0Minuten"},"schema":{"@context":"https:\/\/schema.org","@graph":[{"@type":"Article","@id":"https:\/\/now-news.de\/de\/deutschland\/festnahmen-bei-pro-eu-protesten-in-georgien\/#article","isPartOf":{"@id":"https:\/\/now-news.de\/de\/deutschland\/festnahmen-bei-pro-eu-protesten-in-georgien\/"},"author":{"name":"rtnews","@id":"https:\/\/now-news.de\/de\/#\/schema\/person\/fb534a4e865501d8b3285208df34a9b5"},"headline":"Festnahmen bei Pro-EU-Protesten in Georgien","datePublished":"2025-02-03T11:25:33+00:00","dateModified":"2025-02-03T11:25:33+00:00","mainEntityOfPage":{"@id":"https:\/\/now-news.de\/de\/deutschland\/festnahmen-bei-pro-eu-protesten-in-georgien\/"},"wordCount":429,"commentCount":0,"publisher":{"@id":"https:\/\/now-news.de\/de\/#organization"},"image":{"@id":"https:\/\/now-news.de\/de\/deutschland\/festnahmen-bei-pro-eu-protesten-in-georgien\/#primaryimage"},"thumbnailUrl":"https:\/\/now-news.de\/de\/wp-content\/uploads\/sites\/3\/2025\/02\/Festnahmen-bei-Pro-EU-Protesten-in-Georgien.jpg","keywords":["bei","Festnahmen","Georgien","ProEUProtesten"],"articleSection":["Deutschland","Russland"],"inLanguage":"de","potentialAction":[{"@type":"CommentAction","name":"Comment","target":["https:\/\/now-news.de\/de\/deutschland\/festnahmen-bei-pro-eu-protesten-in-georgien\/#respond"]}]},{"@type":"WebPage","@id":"https:\/\/now-news.de\/de\/deutschland\/festnahmen-bei-pro-eu-protesten-in-georgien\/","url":"https:\/\/now-news.de\/de\/deutschland\/festnahmen-bei-pro-eu-protesten-in-georgien\/","name":"Festnahmen bei Pro-EU-Protesten in Georgien - just-now.NEWS Deutschland","isPartOf":{"@id":"https:\/\/now-news.de\/de\/#website"},"primaryImageOfPage":{"@id":"https:\/\/now-news.de\/de\/deutschland\/festnahmen-bei-pro-eu-protesten-in-georgien\/#primaryimage"},"image":{"@id":"https:\/\/now-news.de\/de\/deutschland\/festnahmen-bei-pro-eu-protesten-in-georgien\/#primaryimage"},"thumbnailUrl":"https:\/\/now-news.de\/de\/wp-content\/uploads\/sites\/3\/2025\/02\/Festnahmen-bei-Pro-EU-Protesten-in-Georgien.jpg","datePublished":"2025-02-03T11:25:33+00:00","dateModified":"2025-02-03T11:25:33+00:00","breadcrumb":{"@id":"https:\/\/now-news.de\/de\/deutschland\/festnahmen-bei-pro-eu-protesten-in-georgien\/#breadcrumb"},"inLanguage":"de","potentialAction":[{"@type":"ReadAction","target":["https:\/\/now-news.de\/de\/deutschland\/festnahmen-bei-pro-eu-protesten-in-georgien\/"]}]},{"@type":"ImageObject","inLanguage":"de","@id":"https:\/\/now-news.de\/de\/deutschland\/festnahmen-bei-pro-eu-protesten-in-georgien\/#primaryimage","url":"https:\/\/now-news.de\/de\/wp-content\/uploads\/sites\/3\/2025\/02\/Festnahmen-bei-Pro-EU-Protesten-in-Georgien.jpg","contentUrl":"https:\/\/now-news.de\/de\/wp-content\/uploads\/sites\/3\/2025\/02\/Festnahmen-bei-Pro-EU-Protesten-in-Georgien.jpg","width":460,"height":259,"caption":"Festnahmen bei Pro-EU-Protesten in Georgien"},{"@type":"BreadcrumbList","@id":"https:\/\/now-news.de\/de\/deutschland\/festnahmen-bei-pro-eu-protesten-in-georgien\/#breadcrumb","itemListElement":[{"@type":"ListItem","position":1,"name":"Home","item":"https:\/\/now-news.de\/de\/"},{"@type":"ListItem","position":2,"name":"Festnahmen bei Pro-EU-Protesten in Georgien"}]},{"@type":"WebSite","@id":"https:\/\/now-news.de\/de\/#website","url":"https:\/\/now-news.de\/de\/","name":"just-now.NEWS Deutschland","description":"Das Portal f\u00fcr unzensierte Nachrichten aus der Welt","publisher":{"@id":"https:\/\/now-news.de\/de\/#organization"},"potentialAction":[{"@type":"SearchAction","target":{"@type":"EntryPoint","urlTemplate":"https:\/\/now-news.de\/de\/?s={search_term_string}"},"query-input":"required name=search_term_string"}],"inLanguage":"de"},{"@type":"Organization","@id":"https:\/\/now-news.de\/de\/#organization","name":"Just Now News","url":"https:\/\/now-news.de\/de\/","logo":{"@type":"ImageObject","inLanguage":"de","@id":"https:\/\/now-news.de\/de\/#\/schema\/logo\/image\/","url":"http:\/\/just-now.news\/de\/wp-content\/uploads\/sites\/3\/2022\/04\/logo500x500.jpg","contentUrl":"http:\/\/just-now.news\/de\/wp-content\/uploads\/sites\/3\/2022\/04\/logo500x500.jpg","width":500,"height":500,"caption":"Just Now News"},"image":{"@id":"https:\/\/now-news.de\/de\/#\/schema\/logo\/image\/"},"sameAs":["https:\/\/www.facebook.com\/wirmachenauf","https:\/\/x.com\/WirMachenAuf_de"]},{"@type":"Person","@id":"https:\/\/now-news.de\/de\/#\/schema\/person\/fb534a4e865501d8b3285208df34a9b5","name":"rtnews","image":{"@type":"ImageObject","inLanguage":"de","@id":"https:\/\/now-news.de\/de\/#\/schema\/person\/image\/","url":"https:\/\/secure.gravatar.com\/avatar\/82aafea7d8127119dd649515f56e2117?s=96&d=mm&r=g","contentUrl":"https:\/\/secure.gravatar.com\/avatar\/82aafea7d8127119dd649515f56e2117?s=96&d=mm&r=g","caption":"rtnews"},"url":"https:\/\/now-news.de\/de\/author\/rnews\/"}]}},"_links":{"self":[{"href":"https:\/\/now-news.de\/de\/wp-json\/wp\/v2\/posts\/77729"}],"collection":[{"href":"https:\/\/now-news.de\/de\/wp-json\/wp\/v2\/posts"}],"about":[{"href":"https:\/\/now-news.de\/de\/wp-json\/wp\/v2\/types\/post"}],"author":[{"embeddable":true,"href":"https:\/\/now-news.de\/de\/wp-json\/wp\/v2\/users\/3"}],"replies":[{"embeddable":true,"href":"https:\/\/now-news.de\/de\/wp-json\/wp\/v2\/comments?post=77729"}],"version-history":[{"count":0,"href":"https:\/\/now-news.de\/de\/wp-json\/wp\/v2\/posts\/77729\/revisions"}],"wp:featuredmedia":[{"embeddable":true,"href":"https:\/\/now-news.de\/de\/wp-json\/wp\/v2\/media\/77730"}],"wp:attachment":[{"href":"https:\/\/now-news.de\/de\/wp-json\/wp\/v2\/media?parent=77729"}],"wp:term":[{"taxonomy":"category","embeddable":true,"href":"https:\/\/now-news.de\/de\/wp-json\/wp\/v2\/categories?post=77729"},{"taxonomy":"post_tag","embeddable":true,"href":"https:\/\/now-news.de\/de\/wp-json\/wp\/v2\/tags?post=77729"}],"curies":[{"name":"wp","href":"https:\/\/api.w.org\/{rel}","templated":true}]}}