{"id":77664,"date":"2025-02-02T14:42:14","date_gmt":"2025-02-02T12:42:14","guid":{"rendered":"https:\/\/now-news.de\/de\/deutschland\/von-sagan-nach-spremberg-gegen-moskau-wie-ein-gedenkmarsch-ein-kriegsbuendnis-schmiedet\/"},"modified":"2025-02-02T14:42:14","modified_gmt":"2025-02-02T12:42:14","slug":"von-sagan-nach-spremberg-gegen-moskau-wie-ein-gedenkmarsch-ein-kriegsbuendnis-schmiedet","status":"publish","type":"post","link":"https:\/\/now-news.de\/de\/deutschland\/von-sagan-nach-spremberg-gegen-moskau-wie-ein-gedenkmarsch-ein-kriegsbuendnis-schmiedet\/","title":{"rendered":"Von Sagan nach Spremberg gegen Moskau? Wie ein Gedenkmarsch ein Kriegsb\u00fcndnis schmiedet"},"content":{"rendered":"<p><img decoding=\"async\" src=\"https:\/\/now-news.de\/de\/wp-content\/uploads\/sites\/3\/2025\/02\/679d2f6748fbef46c159f7cd.jpg\" \/><\/p>\n<div class=\"Text-root Text-type_1 \">\n                Die Ausgrenzung der Russen beim Kriegsgedenken f\u00e4llt nur wenigen Bundesb\u00fcrgern noch auf. Im Gedenkjahr 2025 wird die Erinnerung an das Kriegsende 1945 instrumentalisiert \u2012 im aktuellen Konflikt gegen Russland, den Rechtsnachfolger der Sowjetunion.\n            <\/div>\n<p><\/p>\n<div class=\"Text-root Text-type_5 ArticleView-text ViewText-root \">\n<p><em>Von Astrid Sigena<\/em>\u00a0<\/p>\n<p>Die\u00a01940er Jahre zeichneten sich durch einige besonders kalte und lange Winter aus, fast so, als ob die Natur die Grausamkeit der Menschen noch \u00fcbertrumpfen wollte. Dies traf besonders die Bewohner des belagerten Leningrads, denen zus\u00e4tzlich zum von den Deutschen und ihren Verb\u00fcndeten verh\u00e4ngten Hunger auch noch eine arktische K\u00e4lte (bei Heizungs- und Stromausfall!) zusetzte. Das traf aber auch 1944\/45 die Fl\u00fcchtlinge aus den deutschen Ostgebieten und im Winter 1946\/47 das verw\u00fcstete Nachkriegsdeutschland.<\/p>\n<p>Zu den weniger bekannten Opfern von Krieg und unwirtlichen Witterungsverh\u00e4ltnissen geh\u00f6ren Kriegsgefangene aus der englischsprachigen Welt (USA, Gro\u00dfbritannien, Kanada, Neuseeland), die Anfang 1945 von den nationalsozialistischen Beh\u00f6rden zu Evakuierungsm\u00e4rschen gezwungen wurden. In der anglophonen Milit\u00e4rhistorie ist von einem &#8220;death march&#8221; die Rede, h\u00e4ufiger jedoch von &#8220;the long march&#8221;.<\/p>\n<p>Dieselbe <a rel=\"nofollow noopener\" target=\"_blank\" href=\"https:\/\/www.cheminsdememoire.gouv.fr\/de\/revue\/die-rote-armee-letzte-offensiven#:~:text=Die%20erste%20verbindet%20die%20Operation,April%201945%20statt\">Oder-Weichsel-Operation<\/a> der Roten Armee, die das Konzentrationslager Auschwitz befreite, <a rel=\"nofollow noopener\" target=\"_blank\" href=\"https:\/\/www.welt.de\/geschichte\/zweiter-weltkrieg\/article204901534\/Ostfront-1945-Wie-die-Rote-Armee-Ostpreussen-und-Schlesien-ueberrannte.html\">brachte<\/a> die sowjetischen Soldaten auch in Reichweite des niederschlesischen Sagan (heute \u017baga\u0144 auf der polnischen Seite der deutsch-polnischen Grenze). Damals befand sich in Sagan das Kriegsgefangenenlager<a rel=\"nofollow noopener\" target=\"_blank\" href=\"https:\/\/www.polish-online.com\/polen\/staedte\/zagan-sagan.php\"> Stalag Luft III<\/a>. Der Beiname weist schon darauf hin, dass dort abgeschossene Piloten der Alliierten interniert waren (neben tausenden Angelsachsen auch 200 Polen). <a rel=\"nofollow noopener\" target=\"_blank\" href=\"https:\/\/www1.wdr.de\/stichtag\/stichtag-kriegsgefangene-flucht-stalag-100.html\">Ber\u00fchmt<\/a> wurde dieses Kriegsgefangenenlager durch die Flucht einiger Gefangener im M\u00e4rz 1944 aus ihrem angeblich ausbruchssicheren Gef\u00e4ngnis mithilfe eines Fluchttunnels. Die meisten der Ausbrecher wurden allerdings bald wieder gefangen, <a rel=\"nofollow noopener\" target=\"_blank\" href=\"https:\/\/www.rbb24.de\/politik\/beitrag\/2025\/01\/soldaten-marsch-gedenken-kriegsgefangene-spree-neisse.html\">mehr als die H\u00e4lfte<\/a>\u00a0von ihnen durch die SS oder Gestapo entgegen der Haager Konvention erschossen.<\/p>\n<p>Sollten ihre \u00fcberlebenden Kameraden angesichts des Nahens der Front auf eine Befreiung durch die Rote Armee gehofft haben, so sahen sie sich darin bitterlich get\u00e4uscht. Sie wurden bei minus 20 Grad auf einen dreit\u00e4gigen Evakuierungsmarsch ins brandenburgische Spremberg gezwungen. Fast hundert Kilometer in drei Tagen \u2013 normalerweise f\u00fcr trainierte Soldaten zu bew\u00e4ltigen, aber nicht bei Eisesk\u00e4lte, Hunger und Luftalarm. Wie viele Kriegsgefangene ums Leben kamen, ist nicht bekannt, auch nicht, wie viele deutsche Zivilisten (die ja ebenfalls evakuiert wurden) dabei umkamen.<\/p>\n<p>Das <a rel=\"nofollow noopener\" target=\"_blank\" href=\"https:\/\/en.wikipedia.org\/wiki\/The_March_(1945)#cite_note-12\">US Department of Veterans Affairs<\/a> (Quelle Nr. 11 der englischsprachigen Wikipedia) geht insgesamt von 3.500 Kriegsgefangenen aus den Vereinigten Staaten und dem Commonwealth aus, die haupts\u00e4chlich infolge dieser Zwangsm\u00e4rsche (nicht nur aus Sagan, sondern auch aus anderen Lagern) starben, bei insgesamt 94.000 gefangenen US-Amerikanern und 180.000 Kriegsgefangenen aus dem Commonwealth. Von diesen 274.000 Kriegsgefangenen sollen rund <a rel=\"nofollow noopener\" target=\"_blank\" href=\"https:\/\/nachrichtenag.de\/deutschland\/80-jahre-nach-dem-langen-marsch-gedenken-in-spremberg-beginnt\/\">80.000 <\/a>von den Zwangsm\u00e4rschen betroffen gewesen sein (ob ausschlie\u00dflich US-Amerikaner, Polen und Commonwealth-Soldaten, verr\u00e4t die Quelle nicht). In Spremberg angekommen, wurden die \u00fcberlebenden Kriegsgefangenen dann auf andere Lager verteilt, die weiter entfernt von der Front lagen.<\/p>\n<p>Das Besondere an dem Marsch nach Spremberg liegt unter anderem auch darin, dass einerseits deutsche Zivilisten an der Wegstrecke den alliierten Gefangenen mit Wegzehrung halfen und es andererseits angesichts der m\u00f6rderischen Wetterbedingungen zu gewissen Verbr\u00fcderungstendenzen zwischen Bewachern und Bewachten kam.<\/p>\n<p>Seit rund 20 Jahren vollziehen nun US-Amerikaner, Polen, Briten, Australier und Neuseel\u00e4nder das Martyrium ihrer Vorfahren nach, indem sie in einem &#8220;Ex Long March&#8221; den Weg von \u017baga\u0144 \u00fcber Bad Muskau (bei der<em> Tagesschau<\/em> wechselweise als &#8220;Moskau&#8221; oder &#8220;Bad Muska\u0142&#8221; verst\u00fcmmelt) nach Spremberg nachgehen, wie wir aus einem <a rel=\"nofollow noopener\" target=\"_blank\" href=\"https:\/\/www.tagesschau.de\/inland\/regional\/brandenburg\/rbb-80-gedenkmarsch-von-polen-nach-brandenburg-viele-starben-auf-der-strecke-die-anderen-ueberlebten-weil-sie-zusammenhielten-100.html\">Interview<\/a> der <em>ARD<\/em> mit dem Organisator Howard de Lestre erfahren. Es handelt sich zumeist um Armeeangeh\u00f6rige dieser Nationen, aber auch um Nachkommen der damaligen Kriegsgefangenen. Dieses Jahr nahmen erstmals auch &#8220;<a rel=\"nofollow noopener\" target=\"_blank\" href=\"https:\/\/nachrichtenag.de\/deutschland\/80-jahre-nach-dem-langen-marsch-gedenken-in-spremberg-beginnt\/\">Veteranen der Bundeswehr<\/a>&#8221;\u00a0an dem Marsch teil. Bei den US-amerikanischen Teilnehmern handelt es sich um <a rel=\"nofollow noopener\" target=\"_blank\" href=\"https:\/\/www.lr-online.de\/lausitz\/weisswasser\/2-weltkrieg-in-muskau-long-marchnbsp-bratwurst-und-bier-sind-mehr-als-eine-geste-77811010.html\">in Polen<\/a> stationierte GIs. In Bad Muskau wurden die tapferen Marschierer mit Bratwurst und S\u00fc\u00dfigkeiten traktiert.<\/p>\n<p>Gegen all das ist \u00fcberhaupt nichts einzuwenden, im Gegenteil, es ist angebracht, dass die Nachfahren der Leiden ihrer Vorfahren gedenken. Zweierlei stimmt allerdings bedenklich: Erstens ist anscheinend nicht jedes Gedenken erw\u00fcnscht. So wurden k\u00fcrzlich nicht nur auf dem gro\u00dfen Friedhof in Halbe (<em>RT DE<\/em>\u00a0<a rel=\"nofollow noopener\" target=\"_blank\" href=\"https:\/\/freedert.online\/inland\/231614-besucheransturm-auf-soldatenfriedhof-in-halbe-nach-polizeieinsatz-grabkerzen-erneut-aufgestellt\/\">berichtete<\/a>), sondern auch in Spremberg Kerzen <a rel=\"nofollow noopener\" target=\"_blank\" href=\"https:\/\/www.facebook.com\/photo\/?fbid=636509342233333&amp;set=a.174351391782466\">abger\u00e4umt<\/a>, die zum Gedenken an die Weltkriegstoten dort aufgestellt wurden. Wenn Deutsche ihrer Toten gedenken, ist es auf einmal problematisch?<\/p>\n<p>Und zweitens: Die Russen fehlen. Auch wenn es einem an die grassierende Russophobie gew\u00f6hnten BRD-B\u00fcrger nicht mehr auffallen mag (und gerade das ist das Schlimme, dass die Ausgrenzung der Russen gar nicht mehr auff\u00e4llt): Mit Russland als der Nachfolgenation der Sowjetunion fehlt ein wichtiger Akteur der damaligen Ereignisse um Sagan und Spremberg. Die Deutschen als die fr\u00fcheren Kriegsgegner l\u00e4dt man ein, die Russen als die fr\u00fcheren Verb\u00fcndeten nicht.<\/p>\n<p>\u00dcberhaupt w\u00e4re es kaum vorstellbar, dass russische Soldaten in Erinnerung an die Leiden ihrer Vorfahren einen Gedenkmarsch in Deutschland oder Polen durchf\u00fchren k\u00f6nnten. Es werden gedenkwilligen Deutschen und Russen ja schon die Feierlichkeiten am 9. Mai nach M\u00f6glichkeit schwer gemacht. Georgsb\u00e4nder und Siegesfahnen werden Jahr f\u00fcr Jahr in Berlin verboten, ja nahezu alle Symbole, die auf eine nationale Identit\u00e4t hinweisen k\u00f6nnten. So zum Beispiel auch die russische Fahne.<\/p>\n<p>Nicht nur, dass die Russen fehlen\u00a0\u2012 mit der Politisierung des Spremberger Gedenkmarsches wird sogar eine neue Allianz gegen Moskau geschmiedet: Denn <a rel=\"nofollow noopener\" target=\"_blank\" href=\"https:\/\/www.tagesschau.de\/inland\/regional\/brandenburg\/rbb-80-gedenkmarsch-von-polen-nach-brandenburg-viele-starben-auf-der-strecke-die-anderen-ueberlebten-weil-sie-zusammenhielten-100.html\">den Aussagen<\/a> von Initiator Howard de Lestre zufolge geht es nicht nur um die Ehrung der Toten und der \u00dcberlebenden des Todesmarsches, sondern auch um die &#8220;aktuellen Konflikte in der Welt und insbesondere in der Ukraine&#8221; (wer h\u00e4tte das gedacht!).<\/p>\n<p>F\u00fcr die US-Soldaten und ihre britischen Kameraden sei es &#8220;eine Gelegenheit, um an unsere NATO-Partner in Polen und Deutschland zu denken&#8221;. Es sei wichtig, zusammenzukommen und \u00fcber die gemeinsame Zukunft nachzudenken. Man wolle die Partnerschaft zwischen diesen Nationen und das, wof\u00fcr sie st\u00fcnden, in einen Rahmen bringen. Es ginge &#8220;um die Freiheit und die Einheit Deutschlands, Polens, Gro\u00dfbritanniens, Amerikas. Um das Zusammenstehen, weil wir f\u00fcr ein gemeinsames Ziel stehen.&#8221; Man wolle das, was heute in der Welt geschehe, in den Kontext dessen stellen, was in der Geschichte passiert sei. Die Russen als die B\u00f6sen, vor denen damals Angelsachsen, Polen und Deutsche gleicherma\u00dfen fliehen mussten? Und gegen die es sich heute wieder zu wehren gilt?<\/p>\n<p>Hier wird nicht Vers\u00f6hnung zwischen den V\u00f6lkern ge\u00fcbt, hier wird ein neues B\u00fcndnis geschmiedet. Und das ist gegen Osten gerichtet, wie der Ukraine-Bezug andeutet. Es gilt Acht zu geben, dass der &#8220;Ex Long March&#8221; nicht zu einem langen Marsch nach Osten, gegen Moskau, wird\u00a0\u2012 Angelsachsen, Deutsche und Polen vereint gegen Russland.<\/p>\n<p><strong>Mehr zum Thema<\/strong>\u00a0\u2012 <a rel=\"nofollow noopener\" target=\"_blank\" href=\"https:\/\/freedert.online\/meinung\/233870-deutschland-als-nato-aufmarschgebiet-notstand-ohne-notstandsgesetze\/\">Deutschland als NATO-Aufmarschgebiet: Notstand ohne Notstandsgesetze?<\/a><\/p>\n<div class=\"EmbedBlock-root EmbedBlock-externalVideo EmbedBlock-rumble\">\n<div class=\"VkEmbed\"><iframe class=\"lazyload\" data-src=\"https:\/\/rumble.com\/embed\/v6cl0xj\" frameborder=\"0\" width=\"853\" height=\"480\" allowfullscreen><\/iframe><\/div>\n<\/div>\n<\/div>\n<p><br \/>\n<br \/><a href=\"https:\/\/de.rt.com\/meinung\/235077-von-sagan-nach-spremberg-gegen\/\">Source link <\/a><\/p>\n","protected":false},"excerpt":{"rendered":"<p>Die Ausgrenzung der Russen beim Kriegsgedenken f\u00e4llt nur wenigen Bundesb\u00fcrgern noch auf. Im Gedenkjahr 2025 wird die Erinnerung an das Kriegsende 1945 instrumentalisiert \u2012 im aktuellen Konflikt gegen Russland, den Rechtsnachfolger der Sowjetunion. Von Astrid Sigena\u00a0 Die\u00a01940er Jahre zeichneten sich durch einige besonders kalte und lange Winter aus, fast so, als ob die Natur die [&hellip;]<\/p>\n","protected":false},"author":3,"featured_media":77665,"comment_status":"open","ping_status":"open","sticky":false,"template":"","format":"standard","meta":{"_yoast_indexnow_last_ping":["1738500975"],"wp_automatic_camp":["217"],"0ee4bca958c582bce2f1b89397d8cae5":["Von Sagan nach Spremberg gegen Moskau? Wie ein Gedenkmarsch ein Kriegsb\u00fcndnis schmiedet"],"original_link":["https:\/\/de.rt.com\/meinung\/235077-von-sagan-nach-spremberg-gegen\/"],"_thumbnail_id":["77665"],"jnews_social_counter_last_update":["1777286032"],"_wptgpro_p2tg_sent2tg":["a:1:{i:23737;s:19:\"2025-02-02 14:57:30\";}"]},"categories":[19,23],"tags":[357,1611,278,56359,946,979,62394,52971,62395,50,579],"yoast_head":"<!-- This site is optimized with the Yoast SEO Premium plugin v22.7 (Yoast SEO v22.7) - https:\/\/yoast.com\/wordpress\/plugins\/seo\/ -->\n<title>Von Sagan nach Spremberg gegen Moskau? Wie ein Gedenkmarsch ein Kriegsb\u00fcndnis schmiedet - just-now.NEWS Deutschland<\/title>\n<meta name=\"robots\" content=\"index, follow, max-snippet:-1, max-image-preview:large, max-video-preview:-1\" \/>\n<link rel=\"canonical\" href=\"https:\/\/now-news.de\/de\/deutschland\/von-sagan-nach-spremberg-gegen-moskau-wie-ein-gedenkmarsch-ein-kriegsbuendnis-schmiedet\/\" \/>\n<meta property=\"og:locale\" content=\"de_DE\" \/>\n<meta property=\"og:type\" content=\"article\" \/>\n<meta property=\"og:title\" content=\"Von Sagan nach Spremberg gegen Moskau? Wie ein Gedenkmarsch ein Kriegsb\u00fcndnis schmiedet\" \/>\n<meta property=\"og:description\" content=\"Die Ausgrenzung der Russen beim Kriegsgedenken f\u00e4llt nur wenigen Bundesb\u00fcrgern noch auf. Im Gedenkjahr 2025 wird die Erinnerung an das Kriegsende 1945 instrumentalisiert \u2012 im aktuellen Konflikt gegen Russland, den Rechtsnachfolger der Sowjetunion. Von Astrid Sigena\u00a0 Die\u00a01940er Jahre zeichneten sich durch einige besonders kalte und lange Winter aus, fast so, als ob die Natur die [&hellip;]\" \/>\n<meta property=\"og:url\" content=\"https:\/\/now-news.de\/de\/deutschland\/von-sagan-nach-spremberg-gegen-moskau-wie-ein-gedenkmarsch-ein-kriegsbuendnis-schmiedet\/\" \/>\n<meta property=\"og:site_name\" content=\"just-now.NEWS Deutschland\" \/>\n<meta property=\"article:publisher\" content=\"https:\/\/www.facebook.com\/wirmachenauf\" \/>\n<meta property=\"article:published_time\" content=\"2025-02-02T12:42:14+00:00\" \/>\n<meta property=\"og:image\" content=\"https:\/\/now-news.de\/de\/wp-content\/uploads\/sites\/3\/2025\/02\/679d2f6748fbef46c159f7cd.jpg\" \/>\n<meta name=\"author\" content=\"rtnews\" \/>\n<meta name=\"twitter:card\" content=\"summary_large_image\" \/>\n<meta name=\"twitter:creator\" content=\"@WirMachenAuf_de\" \/>\n<meta name=\"twitter:site\" content=\"@WirMachenAuf_de\" \/>\n<meta name=\"twitter:label1\" content=\"Verfasst von\" \/>\n\t<meta name=\"twitter:data1\" content=\"rtnews\" \/>\n\t<meta name=\"twitter:label2\" content=\"Gesch\u00e4tzte Lesezeit\" \/>\n\t<meta name=\"twitter:data2\" content=\"5\u00a0Minuten\" \/>\n<script type=\"application\/ld+json\" class=\"yoast-schema-graph\">{\"@context\":\"https:\/\/schema.org\",\"@graph\":[{\"@type\":\"Article\",\"@id\":\"https:\/\/now-news.de\/de\/deutschland\/von-sagan-nach-spremberg-gegen-moskau-wie-ein-gedenkmarsch-ein-kriegsbuendnis-schmiedet\/#article\",\"isPartOf\":{\"@id\":\"https:\/\/now-news.de\/de\/deutschland\/von-sagan-nach-spremberg-gegen-moskau-wie-ein-gedenkmarsch-ein-kriegsbuendnis-schmiedet\/\"},\"author\":{\"name\":\"rtnews\",\"@id\":\"https:\/\/now-news.de\/de\/#\/schema\/person\/fb534a4e865501d8b3285208df34a9b5\"},\"headline\":\"Von Sagan nach Spremberg gegen Moskau? Wie ein Gedenkmarsch ein Kriegsb\u00fcndnis schmiedet\",\"datePublished\":\"2025-02-02T12:42:14+00:00\",\"dateModified\":\"2025-02-02T12:42:14+00:00\",\"mainEntityOfPage\":{\"@id\":\"https:\/\/now-news.de\/de\/deutschland\/von-sagan-nach-spremberg-gegen-moskau-wie-ein-gedenkmarsch-ein-kriegsbuendnis-schmiedet\/\"},\"wordCount\":1089,\"commentCount\":0,\"publisher\":{\"@id\":\"https:\/\/now-news.de\/de\/#organization\"},\"image\":{\"@id\":\"https:\/\/now-news.de\/de\/deutschland\/von-sagan-nach-spremberg-gegen-moskau-wie-ein-gedenkmarsch-ein-kriegsbuendnis-schmiedet\/#primaryimage\"},\"thumbnailUrl\":\"https:\/\/now-news.de\/de\/wp-content\/uploads\/sites\/3\/2025\/02\/Von-Sagan-nach-Spremberg-gegen-Moskau-Wie-ein-Gedenkmarsch-ein.jpg\",\"keywords\":[\"ein\",\"Gedenkmarsch\",\"gegen\",\"Kriegsb\u00fcndnis\",\"Moskau\",\"nach\",\"Sagan\",\"schmiedet\",\"Spremberg\",\"von\",\"Wie\"],\"articleSection\":[\"Deutschland\",\"Russland\"],\"inLanguage\":\"de\",\"potentialAction\":[{\"@type\":\"CommentAction\",\"name\":\"Comment\",\"target\":[\"https:\/\/now-news.de\/de\/deutschland\/von-sagan-nach-spremberg-gegen-moskau-wie-ein-gedenkmarsch-ein-kriegsbuendnis-schmiedet\/#respond\"]}]},{\"@type\":\"WebPage\",\"@id\":\"https:\/\/now-news.de\/de\/deutschland\/von-sagan-nach-spremberg-gegen-moskau-wie-ein-gedenkmarsch-ein-kriegsbuendnis-schmiedet\/\",\"url\":\"https:\/\/now-news.de\/de\/deutschland\/von-sagan-nach-spremberg-gegen-moskau-wie-ein-gedenkmarsch-ein-kriegsbuendnis-schmiedet\/\",\"name\":\"Von Sagan nach Spremberg gegen Moskau? Wie ein Gedenkmarsch ein Kriegsb\u00fcndnis schmiedet - just-now.NEWS Deutschland\",\"isPartOf\":{\"@id\":\"https:\/\/now-news.de\/de\/#website\"},\"primaryImageOfPage\":{\"@id\":\"https:\/\/now-news.de\/de\/deutschland\/von-sagan-nach-spremberg-gegen-moskau-wie-ein-gedenkmarsch-ein-kriegsbuendnis-schmiedet\/#primaryimage\"},\"image\":{\"@id\":\"https:\/\/now-news.de\/de\/deutschland\/von-sagan-nach-spremberg-gegen-moskau-wie-ein-gedenkmarsch-ein-kriegsbuendnis-schmiedet\/#primaryimage\"},\"thumbnailUrl\":\"https:\/\/now-news.de\/de\/wp-content\/uploads\/sites\/3\/2025\/02\/Von-Sagan-nach-Spremberg-gegen-Moskau-Wie-ein-Gedenkmarsch-ein.jpg\",\"datePublished\":\"2025-02-02T12:42:14+00:00\",\"dateModified\":\"2025-02-02T12:42:14+00:00\",\"breadcrumb\":{\"@id\":\"https:\/\/now-news.de\/de\/deutschland\/von-sagan-nach-spremberg-gegen-moskau-wie-ein-gedenkmarsch-ein-kriegsbuendnis-schmiedet\/#breadcrumb\"},\"inLanguage\":\"de\",\"potentialAction\":[{\"@type\":\"ReadAction\",\"target\":[\"https:\/\/now-news.de\/de\/deutschland\/von-sagan-nach-spremberg-gegen-moskau-wie-ein-gedenkmarsch-ein-kriegsbuendnis-schmiedet\/\"]}]},{\"@type\":\"ImageObject\",\"inLanguage\":\"de\",\"@id\":\"https:\/\/now-news.de\/de\/deutschland\/von-sagan-nach-spremberg-gegen-moskau-wie-ein-gedenkmarsch-ein-kriegsbuendnis-schmiedet\/#primaryimage\",\"url\":\"https:\/\/now-news.de\/de\/wp-content\/uploads\/sites\/3\/2025\/02\/Von-Sagan-nach-Spremberg-gegen-Moskau-Wie-ein-Gedenkmarsch-ein.jpg\",\"contentUrl\":\"https:\/\/now-news.de\/de\/wp-content\/uploads\/sites\/3\/2025\/02\/Von-Sagan-nach-Spremberg-gegen-Moskau-Wie-ein-Gedenkmarsch-ein.jpg\",\"width\":460,\"height\":259,\"caption\":\"Von Sagan nach Spremberg gegen Moskau? Wie ein Gedenkmarsch ein Kriegsb\u00fcndnis schmiedet\"},{\"@type\":\"BreadcrumbList\",\"@id\":\"https:\/\/now-news.de\/de\/deutschland\/von-sagan-nach-spremberg-gegen-moskau-wie-ein-gedenkmarsch-ein-kriegsbuendnis-schmiedet\/#breadcrumb\",\"itemListElement\":[{\"@type\":\"ListItem\",\"position\":1,\"name\":\"Home\",\"item\":\"https:\/\/now-news.de\/de\/\"},{\"@type\":\"ListItem\",\"position\":2,\"name\":\"Von Sagan nach Spremberg gegen Moskau? Wie ein Gedenkmarsch ein Kriegsb\u00fcndnis schmiedet\"}]},{\"@type\":\"WebSite\",\"@id\":\"https:\/\/now-news.de\/de\/#website\",\"url\":\"https:\/\/now-news.de\/de\/\",\"name\":\"just-now.NEWS Deutschland\",\"description\":\"Das Portal f\u00fcr unzensierte Nachrichten aus der Welt\",\"publisher\":{\"@id\":\"https:\/\/now-news.de\/de\/#organization\"},\"potentialAction\":[{\"@type\":\"SearchAction\",\"target\":{\"@type\":\"EntryPoint\",\"urlTemplate\":\"https:\/\/now-news.de\/de\/?s={search_term_string}\"},\"query-input\":\"required name=search_term_string\"}],\"inLanguage\":\"de\"},{\"@type\":\"Organization\",\"@id\":\"https:\/\/now-news.de\/de\/#organization\",\"name\":\"Just Now News\",\"url\":\"https:\/\/now-news.de\/de\/\",\"logo\":{\"@type\":\"ImageObject\",\"inLanguage\":\"de\",\"@id\":\"https:\/\/now-news.de\/de\/#\/schema\/logo\/image\/\",\"url\":\"http:\/\/just-now.news\/de\/wp-content\/uploads\/sites\/3\/2022\/04\/logo500x500.jpg\",\"contentUrl\":\"http:\/\/just-now.news\/de\/wp-content\/uploads\/sites\/3\/2022\/04\/logo500x500.jpg\",\"width\":500,\"height\":500,\"caption\":\"Just Now News\"},\"image\":{\"@id\":\"https:\/\/now-news.de\/de\/#\/schema\/logo\/image\/\"},\"sameAs\":[\"https:\/\/www.facebook.com\/wirmachenauf\",\"https:\/\/x.com\/WirMachenAuf_de\"]},{\"@type\":\"Person\",\"@id\":\"https:\/\/now-news.de\/de\/#\/schema\/person\/fb534a4e865501d8b3285208df34a9b5\",\"name\":\"rtnews\",\"image\":{\"@type\":\"ImageObject\",\"inLanguage\":\"de\",\"@id\":\"https:\/\/now-news.de\/de\/#\/schema\/person\/image\/\",\"url\":\"https:\/\/secure.gravatar.com\/avatar\/82aafea7d8127119dd649515f56e2117?s=96&d=mm&r=g\",\"contentUrl\":\"https:\/\/secure.gravatar.com\/avatar\/82aafea7d8127119dd649515f56e2117?s=96&d=mm&r=g\",\"caption\":\"rtnews\"},\"url\":\"https:\/\/now-news.de\/de\/author\/rnews\/\"}]}<\/script>\n<!-- \/ Yoast SEO Premium plugin. -->","yoast_head_json":{"title":"Von Sagan nach Spremberg gegen Moskau? Wie ein Gedenkmarsch ein Kriegsb\u00fcndnis schmiedet - just-now.NEWS Deutschland","robots":{"index":"index","follow":"follow","max-snippet":"max-snippet:-1","max-image-preview":"max-image-preview:large","max-video-preview":"max-video-preview:-1"},"canonical":"https:\/\/now-news.de\/de\/deutschland\/von-sagan-nach-spremberg-gegen-moskau-wie-ein-gedenkmarsch-ein-kriegsbuendnis-schmiedet\/","og_locale":"de_DE","og_type":"article","og_title":"Von Sagan nach Spremberg gegen Moskau? Wie ein Gedenkmarsch ein Kriegsb\u00fcndnis schmiedet","og_description":"Die Ausgrenzung der Russen beim Kriegsgedenken f\u00e4llt nur wenigen Bundesb\u00fcrgern noch auf. Im Gedenkjahr 2025 wird die Erinnerung an das Kriegsende 1945 instrumentalisiert \u2012 im aktuellen Konflikt gegen Russland, den Rechtsnachfolger der Sowjetunion. Von Astrid Sigena\u00a0 Die\u00a01940er Jahre zeichneten sich durch einige besonders kalte und lange Winter aus, fast so, als ob die Natur die [&hellip;]","og_url":"https:\/\/now-news.de\/de\/deutschland\/von-sagan-nach-spremberg-gegen-moskau-wie-ein-gedenkmarsch-ein-kriegsbuendnis-schmiedet\/","og_site_name":"just-now.NEWS Deutschland","article_publisher":"https:\/\/www.facebook.com\/wirmachenauf","article_published_time":"2025-02-02T12:42:14+00:00","og_image":[{"url":"https:\/\/now-news.de\/de\/wp-content\/uploads\/sites\/3\/2025\/02\/679d2f6748fbef46c159f7cd.jpg"}],"author":"rtnews","twitter_card":"summary_large_image","twitter_creator":"@WirMachenAuf_de","twitter_site":"@WirMachenAuf_de","twitter_misc":{"Verfasst von":"rtnews","Gesch\u00e4tzte Lesezeit":"5\u00a0Minuten"},"schema":{"@context":"https:\/\/schema.org","@graph":[{"@type":"Article","@id":"https:\/\/now-news.de\/de\/deutschland\/von-sagan-nach-spremberg-gegen-moskau-wie-ein-gedenkmarsch-ein-kriegsbuendnis-schmiedet\/#article","isPartOf":{"@id":"https:\/\/now-news.de\/de\/deutschland\/von-sagan-nach-spremberg-gegen-moskau-wie-ein-gedenkmarsch-ein-kriegsbuendnis-schmiedet\/"},"author":{"name":"rtnews","@id":"https:\/\/now-news.de\/de\/#\/schema\/person\/fb534a4e865501d8b3285208df34a9b5"},"headline":"Von Sagan nach Spremberg gegen Moskau? Wie ein Gedenkmarsch ein Kriegsb\u00fcndnis schmiedet","datePublished":"2025-02-02T12:42:14+00:00","dateModified":"2025-02-02T12:42:14+00:00","mainEntityOfPage":{"@id":"https:\/\/now-news.de\/de\/deutschland\/von-sagan-nach-spremberg-gegen-moskau-wie-ein-gedenkmarsch-ein-kriegsbuendnis-schmiedet\/"},"wordCount":1089,"commentCount":0,"publisher":{"@id":"https:\/\/now-news.de\/de\/#organization"},"image":{"@id":"https:\/\/now-news.de\/de\/deutschland\/von-sagan-nach-spremberg-gegen-moskau-wie-ein-gedenkmarsch-ein-kriegsbuendnis-schmiedet\/#primaryimage"},"thumbnailUrl":"https:\/\/now-news.de\/de\/wp-content\/uploads\/sites\/3\/2025\/02\/Von-Sagan-nach-Spremberg-gegen-Moskau-Wie-ein-Gedenkmarsch-ein.jpg","keywords":["ein","Gedenkmarsch","gegen","Kriegsb\u00fcndnis","Moskau","nach","Sagan","schmiedet","Spremberg","von","Wie"],"articleSection":["Deutschland","Russland"],"inLanguage":"de","potentialAction":[{"@type":"CommentAction","name":"Comment","target":["https:\/\/now-news.de\/de\/deutschland\/von-sagan-nach-spremberg-gegen-moskau-wie-ein-gedenkmarsch-ein-kriegsbuendnis-schmiedet\/#respond"]}]},{"@type":"WebPage","@id":"https:\/\/now-news.de\/de\/deutschland\/von-sagan-nach-spremberg-gegen-moskau-wie-ein-gedenkmarsch-ein-kriegsbuendnis-schmiedet\/","url":"https:\/\/now-news.de\/de\/deutschland\/von-sagan-nach-spremberg-gegen-moskau-wie-ein-gedenkmarsch-ein-kriegsbuendnis-schmiedet\/","name":"Von Sagan nach Spremberg gegen Moskau? Wie ein Gedenkmarsch ein Kriegsb\u00fcndnis schmiedet - just-now.NEWS Deutschland","isPartOf":{"@id":"https:\/\/now-news.de\/de\/#website"},"primaryImageOfPage":{"@id":"https:\/\/now-news.de\/de\/deutschland\/von-sagan-nach-spremberg-gegen-moskau-wie-ein-gedenkmarsch-ein-kriegsbuendnis-schmiedet\/#primaryimage"},"image":{"@id":"https:\/\/now-news.de\/de\/deutschland\/von-sagan-nach-spremberg-gegen-moskau-wie-ein-gedenkmarsch-ein-kriegsbuendnis-schmiedet\/#primaryimage"},"thumbnailUrl":"https:\/\/now-news.de\/de\/wp-content\/uploads\/sites\/3\/2025\/02\/Von-Sagan-nach-Spremberg-gegen-Moskau-Wie-ein-Gedenkmarsch-ein.jpg","datePublished":"2025-02-02T12:42:14+00:00","dateModified":"2025-02-02T12:42:14+00:00","breadcrumb":{"@id":"https:\/\/now-news.de\/de\/deutschland\/von-sagan-nach-spremberg-gegen-moskau-wie-ein-gedenkmarsch-ein-kriegsbuendnis-schmiedet\/#breadcrumb"},"inLanguage":"de","potentialAction":[{"@type":"ReadAction","target":["https:\/\/now-news.de\/de\/deutschland\/von-sagan-nach-spremberg-gegen-moskau-wie-ein-gedenkmarsch-ein-kriegsbuendnis-schmiedet\/"]}]},{"@type":"ImageObject","inLanguage":"de","@id":"https:\/\/now-news.de\/de\/deutschland\/von-sagan-nach-spremberg-gegen-moskau-wie-ein-gedenkmarsch-ein-kriegsbuendnis-schmiedet\/#primaryimage","url":"https:\/\/now-news.de\/de\/wp-content\/uploads\/sites\/3\/2025\/02\/Von-Sagan-nach-Spremberg-gegen-Moskau-Wie-ein-Gedenkmarsch-ein.jpg","contentUrl":"https:\/\/now-news.de\/de\/wp-content\/uploads\/sites\/3\/2025\/02\/Von-Sagan-nach-Spremberg-gegen-Moskau-Wie-ein-Gedenkmarsch-ein.jpg","width":460,"height":259,"caption":"Von Sagan nach Spremberg gegen Moskau? Wie ein Gedenkmarsch ein Kriegsb\u00fcndnis schmiedet"},{"@type":"BreadcrumbList","@id":"https:\/\/now-news.de\/de\/deutschland\/von-sagan-nach-spremberg-gegen-moskau-wie-ein-gedenkmarsch-ein-kriegsbuendnis-schmiedet\/#breadcrumb","itemListElement":[{"@type":"ListItem","position":1,"name":"Home","item":"https:\/\/now-news.de\/de\/"},{"@type":"ListItem","position":2,"name":"Von Sagan nach Spremberg gegen Moskau? Wie ein Gedenkmarsch ein Kriegsb\u00fcndnis schmiedet"}]},{"@type":"WebSite","@id":"https:\/\/now-news.de\/de\/#website","url":"https:\/\/now-news.de\/de\/","name":"just-now.NEWS Deutschland","description":"Das Portal f\u00fcr unzensierte Nachrichten aus der Welt","publisher":{"@id":"https:\/\/now-news.de\/de\/#organization"},"potentialAction":[{"@type":"SearchAction","target":{"@type":"EntryPoint","urlTemplate":"https:\/\/now-news.de\/de\/?s={search_term_string}"},"query-input":"required name=search_term_string"}],"inLanguage":"de"},{"@type":"Organization","@id":"https:\/\/now-news.de\/de\/#organization","name":"Just Now News","url":"https:\/\/now-news.de\/de\/","logo":{"@type":"ImageObject","inLanguage":"de","@id":"https:\/\/now-news.de\/de\/#\/schema\/logo\/image\/","url":"http:\/\/just-now.news\/de\/wp-content\/uploads\/sites\/3\/2022\/04\/logo500x500.jpg","contentUrl":"http:\/\/just-now.news\/de\/wp-content\/uploads\/sites\/3\/2022\/04\/logo500x500.jpg","width":500,"height":500,"caption":"Just Now News"},"image":{"@id":"https:\/\/now-news.de\/de\/#\/schema\/logo\/image\/"},"sameAs":["https:\/\/www.facebook.com\/wirmachenauf","https:\/\/x.com\/WirMachenAuf_de"]},{"@type":"Person","@id":"https:\/\/now-news.de\/de\/#\/schema\/person\/fb534a4e865501d8b3285208df34a9b5","name":"rtnews","image":{"@type":"ImageObject","inLanguage":"de","@id":"https:\/\/now-news.de\/de\/#\/schema\/person\/image\/","url":"https:\/\/secure.gravatar.com\/avatar\/82aafea7d8127119dd649515f56e2117?s=96&d=mm&r=g","contentUrl":"https:\/\/secure.gravatar.com\/avatar\/82aafea7d8127119dd649515f56e2117?s=96&d=mm&r=g","caption":"rtnews"},"url":"https:\/\/now-news.de\/de\/author\/rnews\/"}]}},"_links":{"self":[{"href":"https:\/\/now-news.de\/de\/wp-json\/wp\/v2\/posts\/77664"}],"collection":[{"href":"https:\/\/now-news.de\/de\/wp-json\/wp\/v2\/posts"}],"about":[{"href":"https:\/\/now-news.de\/de\/wp-json\/wp\/v2\/types\/post"}],"author":[{"embeddable":true,"href":"https:\/\/now-news.de\/de\/wp-json\/wp\/v2\/users\/3"}],"replies":[{"embeddable":true,"href":"https:\/\/now-news.de\/de\/wp-json\/wp\/v2\/comments?post=77664"}],"version-history":[{"count":0,"href":"https:\/\/now-news.de\/de\/wp-json\/wp\/v2\/posts\/77664\/revisions"}],"wp:featuredmedia":[{"embeddable":true,"href":"https:\/\/now-news.de\/de\/wp-json\/wp\/v2\/media\/77665"}],"wp:attachment":[{"href":"https:\/\/now-news.de\/de\/wp-json\/wp\/v2\/media?parent=77664"}],"wp:term":[{"taxonomy":"category","embeddable":true,"href":"https:\/\/now-news.de\/de\/wp-json\/wp\/v2\/categories?post=77664"},{"taxonomy":"post_tag","embeddable":true,"href":"https:\/\/now-news.de\/de\/wp-json\/wp\/v2\/tags?post=77664"}],"curies":[{"name":"wp","href":"https:\/\/api.w.org\/{rel}","templated":true}]}}