{"id":77615,"date":"2025-02-01T13:23:25","date_gmt":"2025-02-01T11:23:25","guid":{"rendered":"https:\/\/now-news.de\/de\/deutschland\/insa-umfrage-afd-klettert-auf-22-prozent\/"},"modified":"2025-02-01T13:23:25","modified_gmt":"2025-02-01T11:23:25","slug":"insa-umfrage-afd-klettert-auf-22-prozent","status":"publish","type":"post","link":"https:\/\/now-news.de\/de\/deutschland\/insa-umfrage-afd-klettert-auf-22-prozent\/","title":{"rendered":"INSA-Umfrage: AfD klettert auf 22 Prozent"},"content":{"rendered":"<p><img decoding=\"async\" src=\"https:\/\/now-news.de\/de\/wp-content\/uploads\/sites\/3\/2025\/02\/679df87848fbef432d5041c8.jpg\" \/><\/p>\n<div class=\"Text-root Text-type_1 \">\n                Erbittert wurde in dieser Woche im Bundestag \u00fcber die Asylpolitik debattiert \u2013 und die sogenannte &#8220;Brandmauer&#8221;. Davon kann offenbar die AfD profitieren, die laut einer aktuellen Umfrage auf 22 Prozent klettert. Zulegen kann auch die SPD.\n            <\/div>\n<p><\/p>\n<div class=\"Text-root Text-type_5 ArticleView-text ViewText-root \">\n<p>Der heftige Streit um die Asyl- und Migrationspolitik in den vergangenen Tagen im Bundestag k\u00f6nnte der AfD weiteren Auftrieb gegeben haben. Laut dem aktuellen &#8220;Sonntagstrend&#8221;,\u00a0den das\u00a0Meinungsforschungsinstitut INSA\u00a0jede Woche f\u00fcr das Springerblatt\u00a0<em>Bild am Sonntag (BamS)<\/em>\u00a0erhebt, kann die Partei einen Prozentpunkt zulegen und erreicht nun 22 Prozent.<\/p>\n<p>St\u00e4rkste Kraft bleibt mit Abstand die Union, die bei 30 Prozent verharrt. Auf Rang drei folgt die SPD, die einen Prozentpunkt auf 17 Prozent zulegen kann. Dahinter folgen die Gr\u00fcnen mit ihrem ambitionierten Kanzlerkandidaten Robert Habeck, die unver\u00e4ndert bei zw\u00f6lf Prozent liegen. Das BSW verliert einen Prozentpunkt und kommt nun auf sechs Prozent.<\/p>\n<p>Restlinke und FDP w\u00fcrden mit jeweils vier Prozent wie in der Vorwoche den Wiedereinzug in den Bundestag verfehlen. F\u00fcnf Prozent der Befragten w\u00fcrden sich f\u00fcr eine der sonstigen Parteien entscheiden.<\/p>\n<div class=\"EmbedBlock-root EmbedBlock-twitter\">\n<div class=\"TwitterEmbed\">\n<blockquote class=\"twitter-tweet lazyload\" data-twitter=\"twitter-tweet\">\n<p lang=\"de\" dir=\"ltr\">Sonntagsfrage zur Bundestagswahl \u2022 INSA\/BamS: CDU\/CSU 30 % | AfD 22 % | SPD 17 % | GR\u00dcNE 12 % | BSW 6 % | FDP 4 % | DIE LINKE 4 % | Sonstige 5 %\u27a4 \u00dcbersicht: <a rel=\"nofollow noopener\" target=\"_blank\" href=\"https:\/\/t.co\/Gzilw3J3L9\">https:\/\/t.co\/Gzilw3J3L9<\/a>\u27a4 Verlauf: <a rel=\"nofollow noopener\" target=\"_blank\" href=\"https:\/\/t.co\/vnhJf7ub9S\">https:\/\/t.co\/vnhJf7ub9S<\/a><a rel=\"nofollow noopener\" target=\"_blank\" href=\"https:\/\/t.co\/JioTUVS1Gn\">pic.twitter.com\/JioTUVS1Gn<\/a><\/p>\n<p>\u2014 Wahlrecht.de (@Wahlrecht_de) <a rel=\"nofollow noopener\" target=\"_blank\" href=\"https:\/\/twitter.com\/Wahlrecht_de\/status\/1885623537261596761?ref_src=twsrc%5Etfw\">February 1, 2025<\/a><\/p><\/blockquote>\n<\/div>\n<\/div>\n<p>F\u00fcr diese Erhebung befragte INSA am 30. und 31. Januar 2025 insgesamt 1.203 Personen.<\/p>\n<p><strong>Mehr zum Thema<\/strong> &#8211; <a rel=\"nofollow noopener\" target=\"_blank\" href=\"https:\/\/freedert.online\/inland\/233595-cdu-rutscht-in-umfrage-unter\/\">CDU rutscht in Umfrage unter 30 Prozent<\/a><\/p>\n<div class=\"EmbedBlock-root EmbedBlock-externalVideo EmbedBlock-rumble\">\n<div class=\"VkEmbed\"><iframe class=\"lazyload\" data-src=\"https:\/\/rumble.com\/embed\/v6dhld1\" frameborder=\"0\" width=\"853\" height=\"480\" allowfullscreen><\/iframe><\/div>\n<\/div>\n<\/div>\n<p><script async src=\"https:\/\/platform.twitter.com\/widgets.js\" charset=\"utf-8\"><\/script><br \/>\n<br \/><br \/>\n<br \/><a href=\"https:\/\/de.rt.com\/inland\/235283-insa-umfrage-afd-klettert-auf\/\">Source link <\/a><\/p>\n","protected":false},"excerpt":{"rendered":"<p>Erbittert wurde in dieser Woche im Bundestag \u00fcber die Asylpolitik debattiert \u2013 und die sogenannte &#8220;Brandmauer&#8221;. Davon kann offenbar die AfD profitieren, die laut einer aktuellen Umfrage auf 22 Prozent klettert. Zulegen kann auch die SPD. Der heftige Streit um die Asyl- und Migrationspolitik in den vergangenen Tagen im Bundestag k\u00f6nnte der AfD weiteren Auftrieb [&hellip;]<\/p>\n","protected":false},"author":3,"featured_media":77616,"comment_status":"open","ping_status":"open","sticky":false,"template":"","format":"standard","meta":{"_yoast_indexnow_last_ping":["1738409819"],"wp_automatic_camp":["217"],"6e4da036199847f8d9e6df3934f7b2a3":["INSA-Umfrage: AfD klettert auf 22 Prozent"],"original_link":["https:\/\/de.rt.com\/inland\/235283-insa-umfrage-afd-klettert-auf\/"],"_thumbnail_id":["77616"],"_wptgpro_p2tg_sent2tg":["a:1:{i:23737;s:19:\"2025-02-01 13:38:46\";}"],"jnews_social_counter_last_update":["1777347742"]},"categories":[19,23],"tags":[3815,133,44051,54112,1429],"yoast_head":"<!-- This site is optimized with the Yoast SEO Premium plugin v22.7 (Yoast SEO v22.7) - https:\/\/yoast.com\/wordpress\/plugins\/seo\/ -->\n<title>INSA-Umfrage: AfD klettert auf 22 Prozent - just-now.NEWS Deutschland<\/title>\n<meta name=\"robots\" content=\"index, follow, max-snippet:-1, max-image-preview:large, max-video-preview:-1\" \/>\n<link rel=\"canonical\" href=\"https:\/\/now-news.de\/de\/deutschland\/insa-umfrage-afd-klettert-auf-22-prozent\/\" \/>\n<meta property=\"og:locale\" content=\"de_DE\" \/>\n<meta property=\"og:type\" content=\"article\" \/>\n<meta property=\"og:title\" content=\"INSA-Umfrage: AfD klettert auf 22 Prozent\" \/>\n<meta property=\"og:description\" content=\"Erbittert wurde in dieser Woche im Bundestag \u00fcber die Asylpolitik debattiert \u2013 und die sogenannte &#8220;Brandmauer&#8221;. Davon kann offenbar die AfD profitieren, die laut einer aktuellen Umfrage auf 22 Prozent klettert. Zulegen kann auch die SPD. Der heftige Streit um die Asyl- und Migrationspolitik in den vergangenen Tagen im Bundestag k\u00f6nnte der AfD weiteren Auftrieb [&hellip;]\" \/>\n<meta property=\"og:url\" content=\"https:\/\/now-news.de\/de\/deutschland\/insa-umfrage-afd-klettert-auf-22-prozent\/\" \/>\n<meta property=\"og:site_name\" content=\"just-now.NEWS Deutschland\" \/>\n<meta property=\"article:publisher\" content=\"https:\/\/www.facebook.com\/wirmachenauf\" \/>\n<meta property=\"article:published_time\" content=\"2025-02-01T11:23:25+00:00\" \/>\n<meta property=\"og:image\" content=\"https:\/\/now-news.de\/de\/wp-content\/uploads\/sites\/3\/2025\/02\/679df87848fbef432d5041c8.jpg\" \/>\n<meta name=\"author\" content=\"rtnews\" \/>\n<meta name=\"twitter:card\" content=\"summary_large_image\" \/>\n<meta name=\"twitter:creator\" content=\"@WirMachenAuf_de\" \/>\n<meta name=\"twitter:site\" content=\"@WirMachenAuf_de\" \/>\n<meta name=\"twitter:label1\" content=\"Verfasst von\" \/>\n\t<meta name=\"twitter:data1\" content=\"rtnews\" \/>\n\t<meta name=\"twitter:label2\" content=\"Gesch\u00e4tzte Lesezeit\" \/>\n\t<meta name=\"twitter:data2\" content=\"1\u00a0Minute\" \/>\n<script type=\"application\/ld+json\" class=\"yoast-schema-graph\">{\"@context\":\"https:\/\/schema.org\",\"@graph\":[{\"@type\":\"Article\",\"@id\":\"https:\/\/now-news.de\/de\/deutschland\/insa-umfrage-afd-klettert-auf-22-prozent\/#article\",\"isPartOf\":{\"@id\":\"https:\/\/now-news.de\/de\/deutschland\/insa-umfrage-afd-klettert-auf-22-prozent\/\"},\"author\":{\"name\":\"rtnews\",\"@id\":\"https:\/\/now-news.de\/de\/#\/schema\/person\/fb534a4e865501d8b3285208df34a9b5\"},\"headline\":\"INSA-Umfrage: AfD klettert auf 22 Prozent\",\"datePublished\":\"2025-02-01T11:23:25+00:00\",\"dateModified\":\"2025-02-01T11:23:25+00:00\",\"mainEntityOfPage\":{\"@id\":\"https:\/\/now-news.de\/de\/deutschland\/insa-umfrage-afd-klettert-auf-22-prozent\/\"},\"wordCount\":243,\"commentCount\":0,\"publisher\":{\"@id\":\"https:\/\/now-news.de\/de\/#organization\"},\"image\":{\"@id\":\"https:\/\/now-news.de\/de\/deutschland\/insa-umfrage-afd-klettert-auf-22-prozent\/#primaryimage\"},\"thumbnailUrl\":\"https:\/\/now-news.de\/de\/wp-content\/uploads\/sites\/3\/2025\/02\/INSA-Umfrage-AfD-klettert-auf-22-Prozent.jpg\",\"keywords\":[\"AfD\",\"AUF\",\"INSAUmfrage\",\"klettert\",\"Prozent\"],\"articleSection\":[\"Deutschland\",\"Russland\"],\"inLanguage\":\"de\",\"potentialAction\":[{\"@type\":\"CommentAction\",\"name\":\"Comment\",\"target\":[\"https:\/\/now-news.de\/de\/deutschland\/insa-umfrage-afd-klettert-auf-22-prozent\/#respond\"]}]},{\"@type\":\"WebPage\",\"@id\":\"https:\/\/now-news.de\/de\/deutschland\/insa-umfrage-afd-klettert-auf-22-prozent\/\",\"url\":\"https:\/\/now-news.de\/de\/deutschland\/insa-umfrage-afd-klettert-auf-22-prozent\/\",\"name\":\"INSA-Umfrage: AfD klettert auf 22 Prozent - just-now.NEWS Deutschland\",\"isPartOf\":{\"@id\":\"https:\/\/now-news.de\/de\/#website\"},\"primaryImageOfPage\":{\"@id\":\"https:\/\/now-news.de\/de\/deutschland\/insa-umfrage-afd-klettert-auf-22-prozent\/#primaryimage\"},\"image\":{\"@id\":\"https:\/\/now-news.de\/de\/deutschland\/insa-umfrage-afd-klettert-auf-22-prozent\/#primaryimage\"},\"thumbnailUrl\":\"https:\/\/now-news.de\/de\/wp-content\/uploads\/sites\/3\/2025\/02\/INSA-Umfrage-AfD-klettert-auf-22-Prozent.jpg\",\"datePublished\":\"2025-02-01T11:23:25+00:00\",\"dateModified\":\"2025-02-01T11:23:25+00:00\",\"breadcrumb\":{\"@id\":\"https:\/\/now-news.de\/de\/deutschland\/insa-umfrage-afd-klettert-auf-22-prozent\/#breadcrumb\"},\"inLanguage\":\"de\",\"potentialAction\":[{\"@type\":\"ReadAction\",\"target\":[\"https:\/\/now-news.de\/de\/deutschland\/insa-umfrage-afd-klettert-auf-22-prozent\/\"]}]},{\"@type\":\"ImageObject\",\"inLanguage\":\"de\",\"@id\":\"https:\/\/now-news.de\/de\/deutschland\/insa-umfrage-afd-klettert-auf-22-prozent\/#primaryimage\",\"url\":\"https:\/\/now-news.de\/de\/wp-content\/uploads\/sites\/3\/2025\/02\/INSA-Umfrage-AfD-klettert-auf-22-Prozent.jpg\",\"contentUrl\":\"https:\/\/now-news.de\/de\/wp-content\/uploads\/sites\/3\/2025\/02\/INSA-Umfrage-AfD-klettert-auf-22-Prozent.jpg\",\"width\":460,\"height\":259,\"caption\":\"INSA-Umfrage: AfD klettert auf 22 Prozent\"},{\"@type\":\"BreadcrumbList\",\"@id\":\"https:\/\/now-news.de\/de\/deutschland\/insa-umfrage-afd-klettert-auf-22-prozent\/#breadcrumb\",\"itemListElement\":[{\"@type\":\"ListItem\",\"position\":1,\"name\":\"Home\",\"item\":\"https:\/\/now-news.de\/de\/\"},{\"@type\":\"ListItem\",\"position\":2,\"name\":\"INSA-Umfrage: AfD klettert auf 22 Prozent\"}]},{\"@type\":\"WebSite\",\"@id\":\"https:\/\/now-news.de\/de\/#website\",\"url\":\"https:\/\/now-news.de\/de\/\",\"name\":\"just-now.NEWS Deutschland\",\"description\":\"Das Portal f\u00fcr unzensierte Nachrichten aus der Welt\",\"publisher\":{\"@id\":\"https:\/\/now-news.de\/de\/#organization\"},\"potentialAction\":[{\"@type\":\"SearchAction\",\"target\":{\"@type\":\"EntryPoint\",\"urlTemplate\":\"https:\/\/now-news.de\/de\/?s={search_term_string}\"},\"query-input\":\"required name=search_term_string\"}],\"inLanguage\":\"de\"},{\"@type\":\"Organization\",\"@id\":\"https:\/\/now-news.de\/de\/#organization\",\"name\":\"Just Now News\",\"url\":\"https:\/\/now-news.de\/de\/\",\"logo\":{\"@type\":\"ImageObject\",\"inLanguage\":\"de\",\"@id\":\"https:\/\/now-news.de\/de\/#\/schema\/logo\/image\/\",\"url\":\"http:\/\/just-now.news\/de\/wp-content\/uploads\/sites\/3\/2022\/04\/logo500x500.jpg\",\"contentUrl\":\"http:\/\/just-now.news\/de\/wp-content\/uploads\/sites\/3\/2022\/04\/logo500x500.jpg\",\"width\":500,\"height\":500,\"caption\":\"Just Now News\"},\"image\":{\"@id\":\"https:\/\/now-news.de\/de\/#\/schema\/logo\/image\/\"},\"sameAs\":[\"https:\/\/www.facebook.com\/wirmachenauf\",\"https:\/\/x.com\/WirMachenAuf_de\"]},{\"@type\":\"Person\",\"@id\":\"https:\/\/now-news.de\/de\/#\/schema\/person\/fb534a4e865501d8b3285208df34a9b5\",\"name\":\"rtnews\",\"image\":{\"@type\":\"ImageObject\",\"inLanguage\":\"de\",\"@id\":\"https:\/\/now-news.de\/de\/#\/schema\/person\/image\/\",\"url\":\"https:\/\/secure.gravatar.com\/avatar\/82aafea7d8127119dd649515f56e2117?s=96&d=mm&r=g\",\"contentUrl\":\"https:\/\/secure.gravatar.com\/avatar\/82aafea7d8127119dd649515f56e2117?s=96&d=mm&r=g\",\"caption\":\"rtnews\"},\"url\":\"https:\/\/now-news.de\/de\/author\/rnews\/\"}]}<\/script>\n<!-- \/ Yoast SEO Premium plugin. -->","yoast_head_json":{"title":"INSA-Umfrage: AfD klettert auf 22 Prozent - just-now.NEWS Deutschland","robots":{"index":"index","follow":"follow","max-snippet":"max-snippet:-1","max-image-preview":"max-image-preview:large","max-video-preview":"max-video-preview:-1"},"canonical":"https:\/\/now-news.de\/de\/deutschland\/insa-umfrage-afd-klettert-auf-22-prozent\/","og_locale":"de_DE","og_type":"article","og_title":"INSA-Umfrage: AfD klettert auf 22 Prozent","og_description":"Erbittert wurde in dieser Woche im Bundestag \u00fcber die Asylpolitik debattiert \u2013 und die sogenannte &#8220;Brandmauer&#8221;. Davon kann offenbar die AfD profitieren, die laut einer aktuellen Umfrage auf 22 Prozent klettert. Zulegen kann auch die SPD. Der heftige Streit um die Asyl- und Migrationspolitik in den vergangenen Tagen im Bundestag k\u00f6nnte der AfD weiteren Auftrieb [&hellip;]","og_url":"https:\/\/now-news.de\/de\/deutschland\/insa-umfrage-afd-klettert-auf-22-prozent\/","og_site_name":"just-now.NEWS Deutschland","article_publisher":"https:\/\/www.facebook.com\/wirmachenauf","article_published_time":"2025-02-01T11:23:25+00:00","og_image":[{"url":"https:\/\/now-news.de\/de\/wp-content\/uploads\/sites\/3\/2025\/02\/679df87848fbef432d5041c8.jpg"}],"author":"rtnews","twitter_card":"summary_large_image","twitter_creator":"@WirMachenAuf_de","twitter_site":"@WirMachenAuf_de","twitter_misc":{"Verfasst von":"rtnews","Gesch\u00e4tzte Lesezeit":"1\u00a0Minute"},"schema":{"@context":"https:\/\/schema.org","@graph":[{"@type":"Article","@id":"https:\/\/now-news.de\/de\/deutschland\/insa-umfrage-afd-klettert-auf-22-prozent\/#article","isPartOf":{"@id":"https:\/\/now-news.de\/de\/deutschland\/insa-umfrage-afd-klettert-auf-22-prozent\/"},"author":{"name":"rtnews","@id":"https:\/\/now-news.de\/de\/#\/schema\/person\/fb534a4e865501d8b3285208df34a9b5"},"headline":"INSA-Umfrage: AfD klettert auf 22 Prozent","datePublished":"2025-02-01T11:23:25+00:00","dateModified":"2025-02-01T11:23:25+00:00","mainEntityOfPage":{"@id":"https:\/\/now-news.de\/de\/deutschland\/insa-umfrage-afd-klettert-auf-22-prozent\/"},"wordCount":243,"commentCount":0,"publisher":{"@id":"https:\/\/now-news.de\/de\/#organization"},"image":{"@id":"https:\/\/now-news.de\/de\/deutschland\/insa-umfrage-afd-klettert-auf-22-prozent\/#primaryimage"},"thumbnailUrl":"https:\/\/now-news.de\/de\/wp-content\/uploads\/sites\/3\/2025\/02\/INSA-Umfrage-AfD-klettert-auf-22-Prozent.jpg","keywords":["AfD","AUF","INSAUmfrage","klettert","Prozent"],"articleSection":["Deutschland","Russland"],"inLanguage":"de","potentialAction":[{"@type":"CommentAction","name":"Comment","target":["https:\/\/now-news.de\/de\/deutschland\/insa-umfrage-afd-klettert-auf-22-prozent\/#respond"]}]},{"@type":"WebPage","@id":"https:\/\/now-news.de\/de\/deutschland\/insa-umfrage-afd-klettert-auf-22-prozent\/","url":"https:\/\/now-news.de\/de\/deutschland\/insa-umfrage-afd-klettert-auf-22-prozent\/","name":"INSA-Umfrage: AfD klettert auf 22 Prozent - just-now.NEWS Deutschland","isPartOf":{"@id":"https:\/\/now-news.de\/de\/#website"},"primaryImageOfPage":{"@id":"https:\/\/now-news.de\/de\/deutschland\/insa-umfrage-afd-klettert-auf-22-prozent\/#primaryimage"},"image":{"@id":"https:\/\/now-news.de\/de\/deutschland\/insa-umfrage-afd-klettert-auf-22-prozent\/#primaryimage"},"thumbnailUrl":"https:\/\/now-news.de\/de\/wp-content\/uploads\/sites\/3\/2025\/02\/INSA-Umfrage-AfD-klettert-auf-22-Prozent.jpg","datePublished":"2025-02-01T11:23:25+00:00","dateModified":"2025-02-01T11:23:25+00:00","breadcrumb":{"@id":"https:\/\/now-news.de\/de\/deutschland\/insa-umfrage-afd-klettert-auf-22-prozent\/#breadcrumb"},"inLanguage":"de","potentialAction":[{"@type":"ReadAction","target":["https:\/\/now-news.de\/de\/deutschland\/insa-umfrage-afd-klettert-auf-22-prozent\/"]}]},{"@type":"ImageObject","inLanguage":"de","@id":"https:\/\/now-news.de\/de\/deutschland\/insa-umfrage-afd-klettert-auf-22-prozent\/#primaryimage","url":"https:\/\/now-news.de\/de\/wp-content\/uploads\/sites\/3\/2025\/02\/INSA-Umfrage-AfD-klettert-auf-22-Prozent.jpg","contentUrl":"https:\/\/now-news.de\/de\/wp-content\/uploads\/sites\/3\/2025\/02\/INSA-Umfrage-AfD-klettert-auf-22-Prozent.jpg","width":460,"height":259,"caption":"INSA-Umfrage: AfD klettert auf 22 Prozent"},{"@type":"BreadcrumbList","@id":"https:\/\/now-news.de\/de\/deutschland\/insa-umfrage-afd-klettert-auf-22-prozent\/#breadcrumb","itemListElement":[{"@type":"ListItem","position":1,"name":"Home","item":"https:\/\/now-news.de\/de\/"},{"@type":"ListItem","position":2,"name":"INSA-Umfrage: AfD klettert auf 22 Prozent"}]},{"@type":"WebSite","@id":"https:\/\/now-news.de\/de\/#website","url":"https:\/\/now-news.de\/de\/","name":"just-now.NEWS Deutschland","description":"Das Portal f\u00fcr unzensierte Nachrichten aus der Welt","publisher":{"@id":"https:\/\/now-news.de\/de\/#organization"},"potentialAction":[{"@type":"SearchAction","target":{"@type":"EntryPoint","urlTemplate":"https:\/\/now-news.de\/de\/?s={search_term_string}"},"query-input":"required name=search_term_string"}],"inLanguage":"de"},{"@type":"Organization","@id":"https:\/\/now-news.de\/de\/#organization","name":"Just Now News","url":"https:\/\/now-news.de\/de\/","logo":{"@type":"ImageObject","inLanguage":"de","@id":"https:\/\/now-news.de\/de\/#\/schema\/logo\/image\/","url":"http:\/\/just-now.news\/de\/wp-content\/uploads\/sites\/3\/2022\/04\/logo500x500.jpg","contentUrl":"http:\/\/just-now.news\/de\/wp-content\/uploads\/sites\/3\/2022\/04\/logo500x500.jpg","width":500,"height":500,"caption":"Just Now News"},"image":{"@id":"https:\/\/now-news.de\/de\/#\/schema\/logo\/image\/"},"sameAs":["https:\/\/www.facebook.com\/wirmachenauf","https:\/\/x.com\/WirMachenAuf_de"]},{"@type":"Person","@id":"https:\/\/now-news.de\/de\/#\/schema\/person\/fb534a4e865501d8b3285208df34a9b5","name":"rtnews","image":{"@type":"ImageObject","inLanguage":"de","@id":"https:\/\/now-news.de\/de\/#\/schema\/person\/image\/","url":"https:\/\/secure.gravatar.com\/avatar\/82aafea7d8127119dd649515f56e2117?s=96&d=mm&r=g","contentUrl":"https:\/\/secure.gravatar.com\/avatar\/82aafea7d8127119dd649515f56e2117?s=96&d=mm&r=g","caption":"rtnews"},"url":"https:\/\/now-news.de\/de\/author\/rnews\/"}]}},"_links":{"self":[{"href":"https:\/\/now-news.de\/de\/wp-json\/wp\/v2\/posts\/77615"}],"collection":[{"href":"https:\/\/now-news.de\/de\/wp-json\/wp\/v2\/posts"}],"about":[{"href":"https:\/\/now-news.de\/de\/wp-json\/wp\/v2\/types\/post"}],"author":[{"embeddable":true,"href":"https:\/\/now-news.de\/de\/wp-json\/wp\/v2\/users\/3"}],"replies":[{"embeddable":true,"href":"https:\/\/now-news.de\/de\/wp-json\/wp\/v2\/comments?post=77615"}],"version-history":[{"count":0,"href":"https:\/\/now-news.de\/de\/wp-json\/wp\/v2\/posts\/77615\/revisions"}],"wp:featuredmedia":[{"embeddable":true,"href":"https:\/\/now-news.de\/de\/wp-json\/wp\/v2\/media\/77616"}],"wp:attachment":[{"href":"https:\/\/now-news.de\/de\/wp-json\/wp\/v2\/media?parent=77615"}],"wp:term":[{"taxonomy":"category","embeddable":true,"href":"https:\/\/now-news.de\/de\/wp-json\/wp\/v2\/categories?post=77615"},{"taxonomy":"post_tag","embeddable":true,"href":"https:\/\/now-news.de\/de\/wp-json\/wp\/v2\/tags?post=77615"}],"curies":[{"name":"wp","href":"https:\/\/api.w.org\/{rel}","templated":true}]}}