{"id":77535,"date":"2025-01-30T22:33:49","date_gmt":"2025-01-30T20:33:49","guid":{"rendered":"https:\/\/now-news.de\/de\/deutschland\/wer-hat-hier-keinen-respekt-vor-der-demokratie\/"},"modified":"2025-01-30T22:33:49","modified_gmt":"2025-01-30T20:33:49","slug":"wer-hat-hier-keinen-respekt-vor-der-demokratie","status":"publish","type":"post","link":"https:\/\/now-news.de\/de\/deutschland\/wer-hat-hier-keinen-respekt-vor-der-demokratie\/","title":{"rendered":"Wer hat hier keinen Respekt vor der Demokratie?"},"content":{"rendered":"<p><img decoding=\"async\" src=\"https:\/\/now-news.de\/de\/wp-content\/uploads\/sites\/3\/2025\/01\/679bd22548fbef0a6f52a7d7.jpg\" \/><\/p>\n<div class=\"Text-root Text-type_1 \">\n                Das ist jetzt also der gro\u00dfe Skandal, dass CDU, FDP und AfD f\u00fcr einen Antrag gestimmt haben. Und alle sollen das jetzt entweder als Durchbruch oder als Tabubruch sehen und sich am besten die Wochen bis zur Wahl daran abarbeiten. Aber wehe, man sieht genauer hin.\n            <\/div>\n<p><\/p>\n<div class=\"Text-root Text-type_5 ArticleView-text ViewText-root \">\n<p><em>Von Dagmar Henn<\/em><\/p>\n<p>Was f\u00fcr ein Spektakel: Die CDU bringt einen Antrag ein, erh\u00e4lt mit FDP und AfD eine Mehrheit, und schon geht ein gro\u00dfes Spektakel los, von wegen &#8220;Brandmauer&#8221; und so\u00a0\u2013 bis hin zu Morddrohungen und einer R\u00e4umung der CDU-Zentrale. Die halbe Republik steht mit Schaum vor dem Mund, und die Kommentare in der Presse quellen \u00fcber mit Warnungen, wie bedroht nun die Demokratie sei, weil die CDU zugelassen habe, dass ihrem Antrag zugestimmt wird.<\/p>\n<p>Und die ganze Nummer ist so verlogen, wie es nur irgend m\u00f6glich ist. Das f\u00e4ngt damit an, dass am Mittwoch gar nichts beschlossen wurde. Oder vielmehr, das, was da beschlossen wurde, ist politisch so wirkungsvoll wie eine Aufforderung an den Bundespr\u00e4sidenten, jeden Donnerstag um elf Uhr in der Nase zu bohren. Das ist n\u00e4mlich nur eine Aufforderung, was die Bundesregierung tun m\u00f6ge. Bindungswirkung null.<\/p>\n<p>Die CDU legt also ein gro\u00dfes Schaulaufen hin, um damit W\u00e4hlerstimmen zu sammeln, und kann das Ganze am Tag nach der Wahl getrost wieder vergessen. Schlie\u00dflich ist da ja das EU-Recht, dem sich Friedrich Merz dann mit schmerzverzerrtem Blick beugen kann. Und au\u00dferdem ist der \u00dcbervater des Vereins, nach dem auch die Parteizentrale benannt ist, Konrad Adenauer, unter anderem f\u00fcr den Satz bekannt: &#8220;Was k\u00fcmmert mich mein Geschw\u00e4tz von gestern.&#8221;<\/p>\n<p>Ja, genau der Adenauer, der als Bundeskanzler mit dem Grundgesetzartikel\u00a0131 daf\u00fcr sorgte, dass all die alten Nazis wieder in Amt und W\u00fcrden kamen. Was in der heutigen SPD wohl nicht mehr bekannt wird, da doch tats\u00e4chlich SPD-Generalsekret\u00e4r Matthias Miersch erkl\u00e4rte: &#8220;Sie nehmen da in Kauf, mit den Stimmen der AfD, nach 1949 das erste Mal, dass Konservative mit Rechtsextremen paktieren.&#8221;<\/p>\n<p>Sehr witzig. Hat die SPD \u00fcbrigens auch, in der Gro\u00dfen Koalition, die dann die Notstandsgesetze verabschiedete. Eine l\u00e4ngere Namensliste werde ich an dieser Stelle nicht einf\u00fcgen, die ist einfach zu lang.<\/p>\n<p>Allerdings, die Brandmauer-Nummer ist noch hohler. Schlie\u00dflich gab es da die Abstimmung \u00fcber die Antisemitismus-Resolution des Bundestags am 7.\u00a0November letzten Jahres. Da hat auch die AfD zugestimmt, und niemand, rein gar niemand redete da von &#8220;Brandmauer&#8221; und &#8220;Einheit der Demokraten&#8221;. Dabei enth\u00e4lt dieses Ding nicht nur eine Definition von Antisemitismus, die jede Kritik an Israel verbietet, es hat auch echte praktische Auswirkungen, unter anderem auf die Vergabe staatlicher F\u00f6rdermittel. Universit\u00e4ten wurden beispielsweise aufgefordert, gegen Proteste mit allen Mitteln vorzugehen. Ein wirklich unangenehmes St\u00fcck, und nur die Linke und das BSW lehnten es ab.<\/p>\n<p>Dabei verlautete jetzt aus den Reihen von SPD und Gr\u00fcnen, einen Antrag, dem die AfD wom\u00f6glich zustimmen k\u00f6nne, d\u00fcrfe man gar nicht erst stellen, so als anst\u00e4ndiger Demokrat. Der 7.\u00a0November scheint l\u00e4ngst aus dem kollektiven Ged\u00e4chtnis gel\u00f6scht.<\/p>\n<p>Dem Publikum im Land jedoch wird eingeredet, mit der Aufforderung vom Mittwoch sei wirklich etwas passiert; schlie\u00dflich n\u00fctzt das der CDU, um der AfD ein paar Gutgl\u00e4ubige abzunehmen, und SPD und Gr\u00fcnen, um das eigene W\u00e4hlerpotenzial zu mobilisieren, das jetzt meint, die Demokratie gegen Nazis verteidigen zu m\u00fcssen.<\/p>\n<p>Und da sind wir an dem Punkt, an dem kenntlich wird, wer hier wirklich die Demokratie verachtet: all jene, die ein solches Schmierentheater abziehen. Denen es nicht peinlich ist, kurz vor den vorgezogenen Neuwahlen Aktivit\u00e4t zu simulieren, in die eine wie in die andere Richtung, mit der unverkennbaren Absicht, nach den Wahlen alle wirklichen Probleme wieder dort zu lagern, wo sie immer liegen\u00a0\u2013 in der untersten Schublade.<\/p>\n<p>Denn die eine, zentrale Erwartung, die jeder an Politiker haben sollte, und die jeder Politiker erf\u00fcllen sollte, Probleme wahrzunehmen und nach L\u00f6sungen zu suchen, die wird nicht erf\u00fcllt, sondern wieder einmal durch eine Inszenierung ersetzt. Es sind nicht die Spr\u00fcche, die der Demokratie schaden, und auch nicht &#8220;Hass und Hetze&#8221;, wie so gern betont wird, um wieder mal Rentner wegen Facebook-Bildchen zu jagen. Es ist die gelebte Missachtung der B\u00fcrger und ihrer Sorgen, die der Demokratie schadet.<\/p>\n<p>Der Ort in Deutschland, an dem die Demokratie am wenigsten respektiert wird, ist: der Bundestag.<\/p>\n<p><strong>Mehr zum Thema \u2013\u00a0<\/strong><a rel=\"nofollow noopener\" target=\"_blank\" href=\"https:\/\/freedert.online\/meinung\/224855-bundestag-antisemitismus-resolution-ist-reiner\/\">Bundestag: Die Antisemitismus-Resolution ist reiner Zynismus<\/a><\/p>\n<div class=\"EmbedBlock-root EmbedBlock-externalVideo EmbedBlock-rumble\">\n<div class=\"VkEmbed\"><iframe class=\"lazyload\" data-src=\"https:\/\/rumble.com\/embed\/v6ct1cv\" frameborder=\"0\" width=\"853\" height=\"480\" allowfullscreen><\/iframe><\/div>\n<\/div>\n<\/div>\n<p><br \/>\n<br \/><a href=\"https:\/\/de.rt.com\/meinung\/235046-wer-hat-hier-keinen-respekt-vor-der-demokratie\/\">Source link <\/a><\/p>\n","protected":false},"excerpt":{"rendered":"<p>Das ist jetzt also der gro\u00dfe Skandal, dass CDU, FDP und AfD f\u00fcr einen Antrag gestimmt haben. Und alle sollen das jetzt entweder als Durchbruch oder als Tabubruch sehen und sich am besten die Wochen bis zur Wahl daran abarbeiten. Aber wehe, man sieht genauer hin. Von Dagmar Henn Was f\u00fcr ein Spektakel: Die CDU [&hellip;]<\/p>\n","protected":false},"author":3,"featured_media":77536,"comment_status":"open","ping_status":"open","sticky":false,"template":"","format":"standard","meta":{"_yoast_indexnow_last_ping":["1738269491"],"wp_automatic_camp":["217"],"7d65f76a237897d266344f3d67a7a159":["Wer hat hier keinen Respekt vor der Demokratie?"],"original_link":["https:\/\/de.rt.com\/meinung\/235046-wer-hat-hier-keinen-respekt-vor-der-demokratie\/"],"_thumbnail_id":["77536"],"_wptgpro_p2tg_sent2tg":["a:1:{i:23737;s:19:\"2025-01-30 22:39:12\";}"],"jnews_social_counter_last_update":["1777285474"]},"categories":[19,23],"tags":[2570,82,423,4904,3738,21980,320,8965],"yoast_head":"<!-- This site is optimized with the Yoast SEO Premium plugin v22.7 (Yoast SEO v22.7) - https:\/\/yoast.com\/wordpress\/plugins\/seo\/ -->\n<title>Wer hat hier keinen Respekt vor der Demokratie? - just-now.NEWS Deutschland<\/title>\n<meta name=\"robots\" content=\"index, follow, max-snippet:-1, max-image-preview:large, max-video-preview:-1\" \/>\n<link rel=\"canonical\" href=\"https:\/\/now-news.de\/de\/deutschland\/wer-hat-hier-keinen-respekt-vor-der-demokratie\/\" \/>\n<meta property=\"og:locale\" content=\"de_DE\" \/>\n<meta property=\"og:type\" content=\"article\" \/>\n<meta property=\"og:title\" content=\"Wer hat hier keinen Respekt vor der Demokratie?\" \/>\n<meta property=\"og:description\" content=\"Das ist jetzt also der gro\u00dfe Skandal, dass CDU, FDP und AfD f\u00fcr einen Antrag gestimmt haben. Und alle sollen das jetzt entweder als Durchbruch oder als Tabubruch sehen und sich am besten die Wochen bis zur Wahl daran abarbeiten. Aber wehe, man sieht genauer hin. Von Dagmar Henn Was f\u00fcr ein Spektakel: Die CDU [&hellip;]\" \/>\n<meta property=\"og:url\" content=\"https:\/\/now-news.de\/de\/deutschland\/wer-hat-hier-keinen-respekt-vor-der-demokratie\/\" \/>\n<meta property=\"og:site_name\" content=\"just-now.NEWS Deutschland\" \/>\n<meta property=\"article:publisher\" content=\"https:\/\/www.facebook.com\/wirmachenauf\" \/>\n<meta property=\"article:published_time\" content=\"2025-01-30T20:33:49+00:00\" \/>\n<meta property=\"og:image\" content=\"https:\/\/now-news.de\/de\/wp-content\/uploads\/sites\/3\/2025\/01\/679bd22548fbef0a6f52a7d7.jpg\" \/>\n<meta name=\"author\" content=\"rtnews\" \/>\n<meta name=\"twitter:card\" content=\"summary_large_image\" \/>\n<meta name=\"twitter:creator\" content=\"@WirMachenAuf_de\" \/>\n<meta name=\"twitter:site\" content=\"@WirMachenAuf_de\" \/>\n<meta name=\"twitter:label1\" content=\"Verfasst von\" \/>\n\t<meta name=\"twitter:data1\" content=\"rtnews\" \/>\n\t<meta name=\"twitter:label2\" content=\"Gesch\u00e4tzte Lesezeit\" \/>\n\t<meta name=\"twitter:data2\" content=\"4\u00a0Minuten\" \/>\n<script type=\"application\/ld+json\" class=\"yoast-schema-graph\">{\"@context\":\"https:\/\/schema.org\",\"@graph\":[{\"@type\":\"Article\",\"@id\":\"https:\/\/now-news.de\/de\/deutschland\/wer-hat-hier-keinen-respekt-vor-der-demokratie\/#article\",\"isPartOf\":{\"@id\":\"https:\/\/now-news.de\/de\/deutschland\/wer-hat-hier-keinen-respekt-vor-der-demokratie\/\"},\"author\":{\"name\":\"rtnews\",\"@id\":\"https:\/\/now-news.de\/de\/#\/schema\/person\/fb534a4e865501d8b3285208df34a9b5\"},\"headline\":\"Wer hat hier keinen Respekt vor der Demokratie?\",\"datePublished\":\"2025-01-30T20:33:49+00:00\",\"dateModified\":\"2025-01-30T20:33:49+00:00\",\"mainEntityOfPage\":{\"@id\":\"https:\/\/now-news.de\/de\/deutschland\/wer-hat-hier-keinen-respekt-vor-der-demokratie\/\"},\"wordCount\":754,\"commentCount\":0,\"publisher\":{\"@id\":\"https:\/\/now-news.de\/de\/#organization\"},\"image\":{\"@id\":\"https:\/\/now-news.de\/de\/deutschland\/wer-hat-hier-keinen-respekt-vor-der-demokratie\/#primaryimage\"},\"thumbnailUrl\":\"https:\/\/now-news.de\/de\/wp-content\/uploads\/sites\/3\/2025\/01\/Wer-hat-hier-keinen-Respekt-vor-der-Demokratie.jpg\",\"keywords\":[\"Demokratie\",\"der\",\"hat\",\"Hier\",\"keinen\",\"Respekt\",\"vor\",\"Wer\"],\"articleSection\":[\"Deutschland\",\"Russland\"],\"inLanguage\":\"de\",\"potentialAction\":[{\"@type\":\"CommentAction\",\"name\":\"Comment\",\"target\":[\"https:\/\/now-news.de\/de\/deutschland\/wer-hat-hier-keinen-respekt-vor-der-demokratie\/#respond\"]}]},{\"@type\":\"WebPage\",\"@id\":\"https:\/\/now-news.de\/de\/deutschland\/wer-hat-hier-keinen-respekt-vor-der-demokratie\/\",\"url\":\"https:\/\/now-news.de\/de\/deutschland\/wer-hat-hier-keinen-respekt-vor-der-demokratie\/\",\"name\":\"Wer hat hier keinen Respekt vor der Demokratie? - just-now.NEWS Deutschland\",\"isPartOf\":{\"@id\":\"https:\/\/now-news.de\/de\/#website\"},\"primaryImageOfPage\":{\"@id\":\"https:\/\/now-news.de\/de\/deutschland\/wer-hat-hier-keinen-respekt-vor-der-demokratie\/#primaryimage\"},\"image\":{\"@id\":\"https:\/\/now-news.de\/de\/deutschland\/wer-hat-hier-keinen-respekt-vor-der-demokratie\/#primaryimage\"},\"thumbnailUrl\":\"https:\/\/now-news.de\/de\/wp-content\/uploads\/sites\/3\/2025\/01\/Wer-hat-hier-keinen-Respekt-vor-der-Demokratie.jpg\",\"datePublished\":\"2025-01-30T20:33:49+00:00\",\"dateModified\":\"2025-01-30T20:33:49+00:00\",\"breadcrumb\":{\"@id\":\"https:\/\/now-news.de\/de\/deutschland\/wer-hat-hier-keinen-respekt-vor-der-demokratie\/#breadcrumb\"},\"inLanguage\":\"de\",\"potentialAction\":[{\"@type\":\"ReadAction\",\"target\":[\"https:\/\/now-news.de\/de\/deutschland\/wer-hat-hier-keinen-respekt-vor-der-demokratie\/\"]}]},{\"@type\":\"ImageObject\",\"inLanguage\":\"de\",\"@id\":\"https:\/\/now-news.de\/de\/deutschland\/wer-hat-hier-keinen-respekt-vor-der-demokratie\/#primaryimage\",\"url\":\"https:\/\/now-news.de\/de\/wp-content\/uploads\/sites\/3\/2025\/01\/Wer-hat-hier-keinen-Respekt-vor-der-Demokratie.jpg\",\"contentUrl\":\"https:\/\/now-news.de\/de\/wp-content\/uploads\/sites\/3\/2025\/01\/Wer-hat-hier-keinen-Respekt-vor-der-Demokratie.jpg\",\"width\":460,\"height\":259,\"caption\":\"Wer hat hier keinen Respekt vor der Demokratie?\"},{\"@type\":\"BreadcrumbList\",\"@id\":\"https:\/\/now-news.de\/de\/deutschland\/wer-hat-hier-keinen-respekt-vor-der-demokratie\/#breadcrumb\",\"itemListElement\":[{\"@type\":\"ListItem\",\"position\":1,\"name\":\"Home\",\"item\":\"https:\/\/now-news.de\/de\/\"},{\"@type\":\"ListItem\",\"position\":2,\"name\":\"Wer hat hier keinen Respekt vor der Demokratie?\"}]},{\"@type\":\"WebSite\",\"@id\":\"https:\/\/now-news.de\/de\/#website\",\"url\":\"https:\/\/now-news.de\/de\/\",\"name\":\"just-now.NEWS Deutschland\",\"description\":\"Das Portal f\u00fcr unzensierte Nachrichten aus der Welt\",\"publisher\":{\"@id\":\"https:\/\/now-news.de\/de\/#organization\"},\"potentialAction\":[{\"@type\":\"SearchAction\",\"target\":{\"@type\":\"EntryPoint\",\"urlTemplate\":\"https:\/\/now-news.de\/de\/?s={search_term_string}\"},\"query-input\":\"required name=search_term_string\"}],\"inLanguage\":\"de\"},{\"@type\":\"Organization\",\"@id\":\"https:\/\/now-news.de\/de\/#organization\",\"name\":\"Just Now News\",\"url\":\"https:\/\/now-news.de\/de\/\",\"logo\":{\"@type\":\"ImageObject\",\"inLanguage\":\"de\",\"@id\":\"https:\/\/now-news.de\/de\/#\/schema\/logo\/image\/\",\"url\":\"http:\/\/just-now.news\/de\/wp-content\/uploads\/sites\/3\/2022\/04\/logo500x500.jpg\",\"contentUrl\":\"http:\/\/just-now.news\/de\/wp-content\/uploads\/sites\/3\/2022\/04\/logo500x500.jpg\",\"width\":500,\"height\":500,\"caption\":\"Just Now News\"},\"image\":{\"@id\":\"https:\/\/now-news.de\/de\/#\/schema\/logo\/image\/\"},\"sameAs\":[\"https:\/\/www.facebook.com\/wirmachenauf\",\"https:\/\/x.com\/WirMachenAuf_de\"]},{\"@type\":\"Person\",\"@id\":\"https:\/\/now-news.de\/de\/#\/schema\/person\/fb534a4e865501d8b3285208df34a9b5\",\"name\":\"rtnews\",\"image\":{\"@type\":\"ImageObject\",\"inLanguage\":\"de\",\"@id\":\"https:\/\/now-news.de\/de\/#\/schema\/person\/image\/\",\"url\":\"https:\/\/secure.gravatar.com\/avatar\/82aafea7d8127119dd649515f56e2117?s=96&d=mm&r=g\",\"contentUrl\":\"https:\/\/secure.gravatar.com\/avatar\/82aafea7d8127119dd649515f56e2117?s=96&d=mm&r=g\",\"caption\":\"rtnews\"},\"url\":\"https:\/\/now-news.de\/de\/author\/rnews\/\"}]}<\/script>\n<!-- \/ Yoast SEO Premium plugin. -->","yoast_head_json":{"title":"Wer hat hier keinen Respekt vor der Demokratie? - just-now.NEWS Deutschland","robots":{"index":"index","follow":"follow","max-snippet":"max-snippet:-1","max-image-preview":"max-image-preview:large","max-video-preview":"max-video-preview:-1"},"canonical":"https:\/\/now-news.de\/de\/deutschland\/wer-hat-hier-keinen-respekt-vor-der-demokratie\/","og_locale":"de_DE","og_type":"article","og_title":"Wer hat hier keinen Respekt vor der Demokratie?","og_description":"Das ist jetzt also der gro\u00dfe Skandal, dass CDU, FDP und AfD f\u00fcr einen Antrag gestimmt haben. Und alle sollen das jetzt entweder als Durchbruch oder als Tabubruch sehen und sich am besten die Wochen bis zur Wahl daran abarbeiten. Aber wehe, man sieht genauer hin. Von Dagmar Henn Was f\u00fcr ein Spektakel: Die CDU [&hellip;]","og_url":"https:\/\/now-news.de\/de\/deutschland\/wer-hat-hier-keinen-respekt-vor-der-demokratie\/","og_site_name":"just-now.NEWS Deutschland","article_publisher":"https:\/\/www.facebook.com\/wirmachenauf","article_published_time":"2025-01-30T20:33:49+00:00","og_image":[{"url":"https:\/\/now-news.de\/de\/wp-content\/uploads\/sites\/3\/2025\/01\/679bd22548fbef0a6f52a7d7.jpg"}],"author":"rtnews","twitter_card":"summary_large_image","twitter_creator":"@WirMachenAuf_de","twitter_site":"@WirMachenAuf_de","twitter_misc":{"Verfasst von":"rtnews","Gesch\u00e4tzte Lesezeit":"4\u00a0Minuten"},"schema":{"@context":"https:\/\/schema.org","@graph":[{"@type":"Article","@id":"https:\/\/now-news.de\/de\/deutschland\/wer-hat-hier-keinen-respekt-vor-der-demokratie\/#article","isPartOf":{"@id":"https:\/\/now-news.de\/de\/deutschland\/wer-hat-hier-keinen-respekt-vor-der-demokratie\/"},"author":{"name":"rtnews","@id":"https:\/\/now-news.de\/de\/#\/schema\/person\/fb534a4e865501d8b3285208df34a9b5"},"headline":"Wer hat hier keinen Respekt vor der Demokratie?","datePublished":"2025-01-30T20:33:49+00:00","dateModified":"2025-01-30T20:33:49+00:00","mainEntityOfPage":{"@id":"https:\/\/now-news.de\/de\/deutschland\/wer-hat-hier-keinen-respekt-vor-der-demokratie\/"},"wordCount":754,"commentCount":0,"publisher":{"@id":"https:\/\/now-news.de\/de\/#organization"},"image":{"@id":"https:\/\/now-news.de\/de\/deutschland\/wer-hat-hier-keinen-respekt-vor-der-demokratie\/#primaryimage"},"thumbnailUrl":"https:\/\/now-news.de\/de\/wp-content\/uploads\/sites\/3\/2025\/01\/Wer-hat-hier-keinen-Respekt-vor-der-Demokratie.jpg","keywords":["Demokratie","der","hat","Hier","keinen","Respekt","vor","Wer"],"articleSection":["Deutschland","Russland"],"inLanguage":"de","potentialAction":[{"@type":"CommentAction","name":"Comment","target":["https:\/\/now-news.de\/de\/deutschland\/wer-hat-hier-keinen-respekt-vor-der-demokratie\/#respond"]}]},{"@type":"WebPage","@id":"https:\/\/now-news.de\/de\/deutschland\/wer-hat-hier-keinen-respekt-vor-der-demokratie\/","url":"https:\/\/now-news.de\/de\/deutschland\/wer-hat-hier-keinen-respekt-vor-der-demokratie\/","name":"Wer hat hier keinen Respekt vor der Demokratie? - just-now.NEWS Deutschland","isPartOf":{"@id":"https:\/\/now-news.de\/de\/#website"},"primaryImageOfPage":{"@id":"https:\/\/now-news.de\/de\/deutschland\/wer-hat-hier-keinen-respekt-vor-der-demokratie\/#primaryimage"},"image":{"@id":"https:\/\/now-news.de\/de\/deutschland\/wer-hat-hier-keinen-respekt-vor-der-demokratie\/#primaryimage"},"thumbnailUrl":"https:\/\/now-news.de\/de\/wp-content\/uploads\/sites\/3\/2025\/01\/Wer-hat-hier-keinen-Respekt-vor-der-Demokratie.jpg","datePublished":"2025-01-30T20:33:49+00:00","dateModified":"2025-01-30T20:33:49+00:00","breadcrumb":{"@id":"https:\/\/now-news.de\/de\/deutschland\/wer-hat-hier-keinen-respekt-vor-der-demokratie\/#breadcrumb"},"inLanguage":"de","potentialAction":[{"@type":"ReadAction","target":["https:\/\/now-news.de\/de\/deutschland\/wer-hat-hier-keinen-respekt-vor-der-demokratie\/"]}]},{"@type":"ImageObject","inLanguage":"de","@id":"https:\/\/now-news.de\/de\/deutschland\/wer-hat-hier-keinen-respekt-vor-der-demokratie\/#primaryimage","url":"https:\/\/now-news.de\/de\/wp-content\/uploads\/sites\/3\/2025\/01\/Wer-hat-hier-keinen-Respekt-vor-der-Demokratie.jpg","contentUrl":"https:\/\/now-news.de\/de\/wp-content\/uploads\/sites\/3\/2025\/01\/Wer-hat-hier-keinen-Respekt-vor-der-Demokratie.jpg","width":460,"height":259,"caption":"Wer hat hier keinen Respekt vor der Demokratie?"},{"@type":"BreadcrumbList","@id":"https:\/\/now-news.de\/de\/deutschland\/wer-hat-hier-keinen-respekt-vor-der-demokratie\/#breadcrumb","itemListElement":[{"@type":"ListItem","position":1,"name":"Home","item":"https:\/\/now-news.de\/de\/"},{"@type":"ListItem","position":2,"name":"Wer hat hier keinen Respekt vor der Demokratie?"}]},{"@type":"WebSite","@id":"https:\/\/now-news.de\/de\/#website","url":"https:\/\/now-news.de\/de\/","name":"just-now.NEWS Deutschland","description":"Das Portal f\u00fcr unzensierte Nachrichten aus der Welt","publisher":{"@id":"https:\/\/now-news.de\/de\/#organization"},"potentialAction":[{"@type":"SearchAction","target":{"@type":"EntryPoint","urlTemplate":"https:\/\/now-news.de\/de\/?s={search_term_string}"},"query-input":"required name=search_term_string"}],"inLanguage":"de"},{"@type":"Organization","@id":"https:\/\/now-news.de\/de\/#organization","name":"Just Now News","url":"https:\/\/now-news.de\/de\/","logo":{"@type":"ImageObject","inLanguage":"de","@id":"https:\/\/now-news.de\/de\/#\/schema\/logo\/image\/","url":"http:\/\/just-now.news\/de\/wp-content\/uploads\/sites\/3\/2022\/04\/logo500x500.jpg","contentUrl":"http:\/\/just-now.news\/de\/wp-content\/uploads\/sites\/3\/2022\/04\/logo500x500.jpg","width":500,"height":500,"caption":"Just Now News"},"image":{"@id":"https:\/\/now-news.de\/de\/#\/schema\/logo\/image\/"},"sameAs":["https:\/\/www.facebook.com\/wirmachenauf","https:\/\/x.com\/WirMachenAuf_de"]},{"@type":"Person","@id":"https:\/\/now-news.de\/de\/#\/schema\/person\/fb534a4e865501d8b3285208df34a9b5","name":"rtnews","image":{"@type":"ImageObject","inLanguage":"de","@id":"https:\/\/now-news.de\/de\/#\/schema\/person\/image\/","url":"https:\/\/secure.gravatar.com\/avatar\/82aafea7d8127119dd649515f56e2117?s=96&d=mm&r=g","contentUrl":"https:\/\/secure.gravatar.com\/avatar\/82aafea7d8127119dd649515f56e2117?s=96&d=mm&r=g","caption":"rtnews"},"url":"https:\/\/now-news.de\/de\/author\/rnews\/"}]}},"_links":{"self":[{"href":"https:\/\/now-news.de\/de\/wp-json\/wp\/v2\/posts\/77535"}],"collection":[{"href":"https:\/\/now-news.de\/de\/wp-json\/wp\/v2\/posts"}],"about":[{"href":"https:\/\/now-news.de\/de\/wp-json\/wp\/v2\/types\/post"}],"author":[{"embeddable":true,"href":"https:\/\/now-news.de\/de\/wp-json\/wp\/v2\/users\/3"}],"replies":[{"embeddable":true,"href":"https:\/\/now-news.de\/de\/wp-json\/wp\/v2\/comments?post=77535"}],"version-history":[{"count":0,"href":"https:\/\/now-news.de\/de\/wp-json\/wp\/v2\/posts\/77535\/revisions"}],"wp:featuredmedia":[{"embeddable":true,"href":"https:\/\/now-news.de\/de\/wp-json\/wp\/v2\/media\/77536"}],"wp:attachment":[{"href":"https:\/\/now-news.de\/de\/wp-json\/wp\/v2\/media?parent=77535"}],"wp:term":[{"taxonomy":"category","embeddable":true,"href":"https:\/\/now-news.de\/de\/wp-json\/wp\/v2\/categories?post=77535"},{"taxonomy":"post_tag","embeddable":true,"href":"https:\/\/now-news.de\/de\/wp-json\/wp\/v2\/tags?post=77535"}],"curies":[{"name":"wp","href":"https:\/\/api.w.org\/{rel}","templated":true}]}}