{"id":77490,"date":"2025-01-30T14:11:56","date_gmt":"2025-01-30T12:11:56","guid":{"rendered":"https:\/\/now-news.de\/de\/deutschland\/schwedischer-koran-verbrenner-erschossen-bei-tiktok-livestream\/"},"modified":"2025-01-30T14:11:56","modified_gmt":"2025-01-30T12:11:56","slug":"schwedischer-koran-verbrenner-erschossen-bei-tiktok-livestream","status":"publish","type":"post","link":"https:\/\/now-news.de\/de\/deutschland\/schwedischer-koran-verbrenner-erschossen-bei-tiktok-livestream\/","title":{"rendered":"Schwedischer Koran-Verbrenner erschossen &#8211; bei TikTok-Livestream"},"content":{"rendered":"<div class=\"Text-root Text-type_1 \">\n                Salwan Momika, der durch Koranverbrennungen bekannt wurde, ist am 29. Januar 2025 w\u00e4hrend eines TikTok-Livestreams in Schweden erschossen worden. Der irakische Fl\u00fcchtling sorgte 2023 mit seinen Aktionen f\u00fcr weltweite Proteste.\n            <\/div>\n<p><\/p>\n<div class=\"Text-root Text-type_5 ArticleView-text ViewText-root \">\n<p>Salwan Momika, der durch seine Koranverbrennungsaktionen international bekannt wurde, ist am 29. Januar 2025 w\u00e4hrend eines Livestreams auf TikTok in S\u00f6dert\u00e4lje, Schweden, erschossen worden.<\/p>\n<figure class=\"RTImage-root\">\n<div class=\"RTImage-image RTImage-original\"><picture class=\"Picture-root Picture-original\"><!--[if IE 9]><video style=\"display: none;\"><![endif]--><source media=\"(-webkit-min-device-pixel-ratio: 2) and (min-resolution: 120dpi)\" data-srcset=\" \nhttps:\/\/now-news.de\/de\/wp-content\/uploads\/sites\/3\/2025\/01\/679b49da48fbef0dc427842f.jpg 850w,\n                https:\/\/now-news.de\/de\/wp-content\/uploads\/sites\/3\/2025\/01\/679b49da48fbef0dc427842f.jpg 1960w,            \" ><source data-srcset=\" \nhttps:\/\/now-news.de\/de\/wp-content\/uploads\/sites\/3\/2025\/01\/679b49da48fbef0dc427842f.jpg 460w,\n              https:\/\/now-news.de\/de\/wp-content\/uploads\/sites\/3\/2025\/01\/679b49da48fbef0dc427842f.jpg 980w,\n            \" ><!--[if IE 9]><\/video><![endif]--><img decoding=\"async\" data- src=\"data:image\/png;base64,iVBORw0KGgoAAAANSUhEUgAAABAAAAAJCAQAAACRI2S5AAAAEElEQVR42mNkIAAYRxWAAQAG9gAKqv6+AwAAAABJRU5ErkJggg==\" class=\"Picture-root Picture-original lazyload\" data-src=\"https:\/\/now-news.de\/de\/wp-content\/uploads\/sites\/3\/2025\/01\/679b49da48fbef0dc427842f.jpg\" alt=\"\"><\/source><\/source><\/picture><!-- noscript pattern --><noscript><img decoding=\"async\" src=\"https:\/\/now-news.de\/de\/wp-content\/uploads\/sites\/3\/2025\/01\/679b49da48fbef0dc427842f.jpg\" alt=\"\"><\/noscript><\/div><figcaption class=\"RTImage-footer\"><span class=\"RTImage-caption\"><span class=\"RTImage-captionItem\">W\u00e4hrend eines Livestreams wurde der Anti-Islam-Aktivist Salwan Momika erschossen.<\/span><\/span><span class=\"RTImage-source\"><a rel=\"nofollow noopener\" target=\"_blank\" class=\"RTImage-captionItem Link-root\" href=\"https:\/\/x.com\/Salwan_Momika1\/status\/1880340163915599938\/photo\/1\">Printscreen X: Salwan Momika<\/a><\/span><\/figcaption><\/figure>\n<p>Medienberichten zufolge best\u00e4tigte die schwedische Polizei, dass die brutale Exekution live \u00fcbertragen wurde.<\/p>\n<p>Momika, ein geb\u00fcrtiger Iraker, erlangte 2023 weltweite Aufmerksamkeit, als er in Stockholm einen Koran verbrannte und anschlie\u00dfend vor der irakischen Botschaft mit dem verbrannten Buch Fu\u00dfball spielte. Diese provokative Aktion l\u00f6ste internationale Proteste aus, vor allem in islamischen L\u00e4ndern wie Irak, Iran und Pakistan, wo sie als schwerwiegende Beleidigung angesehen wurde.<\/p>\n<p>Das irakische Au\u00dfenministerium verurteilte die Entscheidung Schwedens, Momika diese Handlung zu gestatten, und bezeichnete sie als &#8220;gef\u00e4hrliche Provokation&#8221;, die &#8220;die Gef\u00fchle der Muslime weltweit entflammt hat.&#8221;<\/p>\n<figure class=\"RTImage-root\">\n<div class=\"RTImage-image RTImage-original\"><picture class=\"Picture-root Picture-original\"><!--[if IE 9]><video style=\"display: none;\"><![endif]--><source media=\"(-webkit-min-device-pixel-ratio: 2) and (min-resolution: 120dpi)\" data-srcset=\" \nhttps:\/\/now-news.de\/de\/wp-content\/uploads\/sites\/3\/2025\/01\/679b47bb48fbef0dc427842c.jpg 850w,\n                https:\/\/now-news.de\/de\/wp-content\/uploads\/sites\/3\/2025\/01\/679b47bb48fbef0dc427842c.jpg 1960w,            \" ><source data-srcset=\" \nhttps:\/\/now-news.de\/de\/wp-content\/uploads\/sites\/3\/2025\/01\/679b47bb48fbef0dc427842c.jpg 460w,\n              https:\/\/now-news.de\/de\/wp-content\/uploads\/sites\/3\/2025\/01\/679b47bb48fbef0dc427842c.jpg 980w,\n            \" ><!--[if IE 9]><\/video><![endif]--><img decoding=\"async\" data- src=\"data:image\/png;base64,iVBORw0KGgoAAAANSUhEUgAAABAAAAAJCAQAAACRI2S5AAAAEElEQVR42mNkIAAYRxWAAQAG9gAKqv6+AwAAAABJRU5ErkJggg==\" class=\"Picture-root Picture-original lazyload\" data-src=\"https:\/\/now-news.de\/de\/wp-content\/uploads\/sites\/3\/2025\/01\/679b47bb48fbef0dc427842c.jpg\" alt=\"\"><\/source><\/source><\/picture><!-- noscript pattern --><noscript><img decoding=\"async\" src=\"https:\/\/now-news.de\/de\/wp-content\/uploads\/sites\/3\/2025\/01\/679b47bb48fbef0dc427842c.jpg\" alt=\"\"><\/noscript><\/div><figcaption class=\"RTImage-footer\"><span class=\"RTImage-caption\"><\/span><span class=\"RTImage-source\"><span class=\"RTImage-captionItem\">Legion-media.ru<\/span><\/span><\/figcaption><\/figure>\n<p>Momika, der 2019 als Fl\u00fcchtling nach Schweden kam, erkl\u00e4rte in Interviews, dass er als Christ in seiner Heimat vom Islamischen Staat (IS) verfolgt worden sei und sich durch seine Aktionen gegen das, was er als &#8220;diktatorische islamistische Gesellschaften&#8221; bezeichnete, zur Wehr setze. Trotz der massiven Kritik an seiner Person und seinen Aktionen weigerte sich Momika, seine Koranverbrennung zu bereuen.<\/p>\n<p>&#8220;Warum sollte ich?&#8221;, sagte er in einem Interview mit der\u00a0<em><a rel=\"nofollow noopener\" target=\"_blank\" href=\"https:\/\/www.blick.ch\/schweiz\/er-hatte-in-stockholm-den-koran-verbrannt-anti-islam-aktivist-waehrend-tiktok-stream-erschossen-id20540976.html\">ARD<\/a><\/em>. F\u00fcr ihn war der Kern des Problems nicht er selbst, sondern die Gesellschaften, die er als repressiv ansah.<\/p>\n<p>Sein Tod hat nicht nur Fragen zur Meinungsfreiheit und der Grenze der Provokation aufgeworfen, sondern auch zu den Gefahren, die mit extremen politischen Aussagen und Taten verbunden sind. Die Exekution wurde von mehreren Personen beobachtet und auf TikTok \u00fcbertragen, was einen weiteren Twist in diesem tragischen Fall darstellt. Die schwedischen Beh\u00f6rden nahmen mehrere Verd\u00e4chtige im Zusammenhang mit dem Mord fest, die Ermittlungen dauern an.<\/p>\n<p>Momika hatte in den letzten Jahren mehrfach versucht, Asyl in verschiedenen L\u00e4ndern zu erhalten, unter anderem in den USA, und war nach einer Ablehnung seines Antrags in Norwegen 2024 nach Schweden zur\u00fcckgeschickt worden.<\/p>\n<p>W\u00e4hrend seine Anh\u00e4nger ihn als Verteidiger der freien Meinungs\u00e4u\u00dferung sahen, betrachteten viele Muslime ihn als Provokateur, dessen Handlungen den Frieden und die religi\u00f6se Toleranz gef\u00e4hrdeten.<\/p>\n<p><strong>Mehr zum Thema<\/strong>\u00a0&#8211;\u00a0<a rel=\"nofollow noopener\" target=\"_blank\" href=\"https:\/\/freedert.online\/international\/175848-streit-um-koranverbrennung-eskaliert-irak-weist-schwedischen-botschafter-aus\/\">Streit um Koranverbrennung eskaliert \u2013 Irak weist schwedischen Botschafter aus<\/a><\/p>\n<div class=\"EmbedBlock-root EmbedBlock-externalVideo EmbedBlock-rumble\">\n<div class=\"VkEmbed\"><iframe class=\"lazyload\" data-src=\"https:\/\/rumble.com\/embed\/v2z94b6\" frameborder=\"0\" width=\"853\" height=\"480\" allowfullscreen><\/iframe><\/div>\n<\/div>\n<\/div>\n<p><br \/>\n<br \/><a href=\"https:\/\/de.rt.com\/international\/234968-schwedischer-koran-verbrenner-erschossen\/\">Source link <\/a><\/p>\n","protected":false},"excerpt":{"rendered":"<p>Salwan Momika, der durch Koranverbrennungen bekannt wurde, ist am 29. Januar 2025 w\u00e4hrend eines TikTok-Livestreams in Schweden erschossen worden. Der irakische Fl\u00fcchtling sorgte 2023 mit seinen Aktionen f\u00fcr weltweite Proteste. Salwan Momika, der durch seine Koranverbrennungsaktionen international bekannt wurde, ist am 29. Januar 2025 w\u00e4hrend eines Livestreams auf TikTok in S\u00f6dert\u00e4lje, Schweden, erschossen worden. W\u00e4hrend [&hellip;]<\/p>\n","protected":false},"author":3,"featured_media":77491,"comment_status":"open","ping_status":"open","sticky":false,"template":"","format":"standard","meta":{"_yoast_indexnow_last_ping":["1738239254"],"wp_automatic_camp":["217"],"98dea090a65cb83776032f94fa0dd72f":["Schwedischer Koran-Verbrenner erschossen - bei TikTok-Livestream"],"original_link":["https:\/\/de.rt.com\/international\/234968-schwedischer-koran-verbrenner-erschossen\/"],"_thumbnail_id":["77491"],"_wptgpro_p2tg_sent2tg":["a:1:{i:23737;s:19:\"2025-01-30 14:15:21\";}"],"jnews_social_counter_last_update":["1777398512"]},"categories":[19,23],"tags":[363,5189,62342,37612,62343],"yoast_head":"<!-- This site is optimized with the Yoast SEO Premium plugin v22.7 (Yoast SEO v22.7) - https:\/\/yoast.com\/wordpress\/plugins\/seo\/ -->\n<title>Schwedischer Koran-Verbrenner erschossen - bei TikTok-Livestream - just-now.NEWS Deutschland<\/title>\n<meta name=\"robots\" content=\"index, follow, max-snippet:-1, max-image-preview:large, max-video-preview:-1\" \/>\n<link rel=\"canonical\" href=\"https:\/\/now-news.de\/de\/deutschland\/schwedischer-koran-verbrenner-erschossen-bei-tiktok-livestream\/\" \/>\n<meta property=\"og:locale\" content=\"de_DE\" \/>\n<meta property=\"og:type\" content=\"article\" \/>\n<meta property=\"og:title\" content=\"Schwedischer Koran-Verbrenner erschossen - bei TikTok-Livestream\" \/>\n<meta property=\"og:description\" content=\"Salwan Momika, der durch Koranverbrennungen bekannt wurde, ist am 29. Januar 2025 w\u00e4hrend eines TikTok-Livestreams in Schweden erschossen worden. Der irakische Fl\u00fcchtling sorgte 2023 mit seinen Aktionen f\u00fcr weltweite Proteste. Salwan Momika, der durch seine Koranverbrennungsaktionen international bekannt wurde, ist am 29. Januar 2025 w\u00e4hrend eines Livestreams auf TikTok in S\u00f6dert\u00e4lje, Schweden, erschossen worden. W\u00e4hrend [&hellip;]\" \/>\n<meta property=\"og:url\" content=\"https:\/\/now-news.de\/de\/deutschland\/schwedischer-koran-verbrenner-erschossen-bei-tiktok-livestream\/\" \/>\n<meta property=\"og:site_name\" content=\"just-now.NEWS Deutschland\" \/>\n<meta property=\"article:publisher\" content=\"https:\/\/www.facebook.com\/wirmachenauf\" \/>\n<meta property=\"article:published_time\" content=\"2025-01-30T12:11:56+00:00\" \/>\n<meta property=\"og:image\" content=\"https:\/\/now-news.de\/de\/wp-content\/uploads\/sites\/3\/2025\/01\/679b49da48fbef0dc427842f.jpg\" \/>\n<meta name=\"author\" content=\"rtnews\" \/>\n<meta name=\"twitter:card\" content=\"summary_large_image\" \/>\n<meta name=\"twitter:creator\" content=\"@WirMachenAuf_de\" \/>\n<meta name=\"twitter:site\" content=\"@WirMachenAuf_de\" \/>\n<meta name=\"twitter:label1\" content=\"Verfasst von\" \/>\n\t<meta name=\"twitter:data1\" content=\"rtnews\" \/>\n\t<meta name=\"twitter:label2\" content=\"Gesch\u00e4tzte Lesezeit\" \/>\n\t<meta name=\"twitter:data2\" content=\"2\u00a0Minuten\" \/>\n<script type=\"application\/ld+json\" class=\"yoast-schema-graph\">{\"@context\":\"https:\/\/schema.org\",\"@graph\":[{\"@type\":\"Article\",\"@id\":\"https:\/\/now-news.de\/de\/deutschland\/schwedischer-koran-verbrenner-erschossen-bei-tiktok-livestream\/#article\",\"isPartOf\":{\"@id\":\"https:\/\/now-news.de\/de\/deutschland\/schwedischer-koran-verbrenner-erschossen-bei-tiktok-livestream\/\"},\"author\":{\"name\":\"rtnews\",\"@id\":\"https:\/\/now-news.de\/de\/#\/schema\/person\/fb534a4e865501d8b3285208df34a9b5\"},\"headline\":\"Schwedischer Koran-Verbrenner erschossen &#8211; bei TikTok-Livestream\",\"datePublished\":\"2025-01-30T12:11:56+00:00\",\"dateModified\":\"2025-01-30T12:11:56+00:00\",\"mainEntityOfPage\":{\"@id\":\"https:\/\/now-news.de\/de\/deutschland\/schwedischer-koran-verbrenner-erschossen-bei-tiktok-livestream\/\"},\"wordCount\":412,\"commentCount\":0,\"publisher\":{\"@id\":\"https:\/\/now-news.de\/de\/#organization\"},\"image\":{\"@id\":\"https:\/\/now-news.de\/de\/deutschland\/schwedischer-koran-verbrenner-erschossen-bei-tiktok-livestream\/#primaryimage\"},\"thumbnailUrl\":\"https:\/\/now-news.de\/de\/wp-content\/uploads\/sites\/3\/2025\/01\/Schwedischer-Koran-Verbrenner-erschossen-bei-TikTok-Livestream.jpg\",\"keywords\":[\"bei\",\"erschossen\",\"KoranVerbrenner\",\"Schwedischer\",\"TikTokLivestream\"],\"articleSection\":[\"Deutschland\",\"Russland\"],\"inLanguage\":\"de\",\"potentialAction\":[{\"@type\":\"CommentAction\",\"name\":\"Comment\",\"target\":[\"https:\/\/now-news.de\/de\/deutschland\/schwedischer-koran-verbrenner-erschossen-bei-tiktok-livestream\/#respond\"]}]},{\"@type\":\"WebPage\",\"@id\":\"https:\/\/now-news.de\/de\/deutschland\/schwedischer-koran-verbrenner-erschossen-bei-tiktok-livestream\/\",\"url\":\"https:\/\/now-news.de\/de\/deutschland\/schwedischer-koran-verbrenner-erschossen-bei-tiktok-livestream\/\",\"name\":\"Schwedischer Koran-Verbrenner erschossen - bei TikTok-Livestream - just-now.NEWS Deutschland\",\"isPartOf\":{\"@id\":\"https:\/\/now-news.de\/de\/#website\"},\"primaryImageOfPage\":{\"@id\":\"https:\/\/now-news.de\/de\/deutschland\/schwedischer-koran-verbrenner-erschossen-bei-tiktok-livestream\/#primaryimage\"},\"image\":{\"@id\":\"https:\/\/now-news.de\/de\/deutschland\/schwedischer-koran-verbrenner-erschossen-bei-tiktok-livestream\/#primaryimage\"},\"thumbnailUrl\":\"https:\/\/now-news.de\/de\/wp-content\/uploads\/sites\/3\/2025\/01\/Schwedischer-Koran-Verbrenner-erschossen-bei-TikTok-Livestream.jpg\",\"datePublished\":\"2025-01-30T12:11:56+00:00\",\"dateModified\":\"2025-01-30T12:11:56+00:00\",\"breadcrumb\":{\"@id\":\"https:\/\/now-news.de\/de\/deutschland\/schwedischer-koran-verbrenner-erschossen-bei-tiktok-livestream\/#breadcrumb\"},\"inLanguage\":\"de\",\"potentialAction\":[{\"@type\":\"ReadAction\",\"target\":[\"https:\/\/now-news.de\/de\/deutschland\/schwedischer-koran-verbrenner-erschossen-bei-tiktok-livestream\/\"]}]},{\"@type\":\"ImageObject\",\"inLanguage\":\"de\",\"@id\":\"https:\/\/now-news.de\/de\/deutschland\/schwedischer-koran-verbrenner-erschossen-bei-tiktok-livestream\/#primaryimage\",\"url\":\"https:\/\/now-news.de\/de\/wp-content\/uploads\/sites\/3\/2025\/01\/Schwedischer-Koran-Verbrenner-erschossen-bei-TikTok-Livestream.jpg\",\"contentUrl\":\"https:\/\/now-news.de\/de\/wp-content\/uploads\/sites\/3\/2025\/01\/Schwedischer-Koran-Verbrenner-erschossen-bei-TikTok-Livestream.jpg\",\"width\":1070,\"height\":1046,\"caption\":\"Schwedischer Koran-Verbrenner erschossen - bei TikTok-Livestream\"},{\"@type\":\"BreadcrumbList\",\"@id\":\"https:\/\/now-news.de\/de\/deutschland\/schwedischer-koran-verbrenner-erschossen-bei-tiktok-livestream\/#breadcrumb\",\"itemListElement\":[{\"@type\":\"ListItem\",\"position\":1,\"name\":\"Home\",\"item\":\"https:\/\/now-news.de\/de\/\"},{\"@type\":\"ListItem\",\"position\":2,\"name\":\"Schwedischer Koran-Verbrenner erschossen &#8211; bei TikTok-Livestream\"}]},{\"@type\":\"WebSite\",\"@id\":\"https:\/\/now-news.de\/de\/#website\",\"url\":\"https:\/\/now-news.de\/de\/\",\"name\":\"just-now.NEWS Deutschland\",\"description\":\"Das Portal f\u00fcr unzensierte Nachrichten aus der Welt\",\"publisher\":{\"@id\":\"https:\/\/now-news.de\/de\/#organization\"},\"potentialAction\":[{\"@type\":\"SearchAction\",\"target\":{\"@type\":\"EntryPoint\",\"urlTemplate\":\"https:\/\/now-news.de\/de\/?s={search_term_string}\"},\"query-input\":\"required name=search_term_string\"}],\"inLanguage\":\"de\"},{\"@type\":\"Organization\",\"@id\":\"https:\/\/now-news.de\/de\/#organization\",\"name\":\"Just Now News\",\"url\":\"https:\/\/now-news.de\/de\/\",\"logo\":{\"@type\":\"ImageObject\",\"inLanguage\":\"de\",\"@id\":\"https:\/\/now-news.de\/de\/#\/schema\/logo\/image\/\",\"url\":\"http:\/\/just-now.news\/de\/wp-content\/uploads\/sites\/3\/2022\/04\/logo500x500.jpg\",\"contentUrl\":\"http:\/\/just-now.news\/de\/wp-content\/uploads\/sites\/3\/2022\/04\/logo500x500.jpg\",\"width\":500,\"height\":500,\"caption\":\"Just Now News\"},\"image\":{\"@id\":\"https:\/\/now-news.de\/de\/#\/schema\/logo\/image\/\"},\"sameAs\":[\"https:\/\/www.facebook.com\/wirmachenauf\",\"https:\/\/x.com\/WirMachenAuf_de\"]},{\"@type\":\"Person\",\"@id\":\"https:\/\/now-news.de\/de\/#\/schema\/person\/fb534a4e865501d8b3285208df34a9b5\",\"name\":\"rtnews\",\"image\":{\"@type\":\"ImageObject\",\"inLanguage\":\"de\",\"@id\":\"https:\/\/now-news.de\/de\/#\/schema\/person\/image\/\",\"url\":\"https:\/\/secure.gravatar.com\/avatar\/82aafea7d8127119dd649515f56e2117?s=96&d=mm&r=g\",\"contentUrl\":\"https:\/\/secure.gravatar.com\/avatar\/82aafea7d8127119dd649515f56e2117?s=96&d=mm&r=g\",\"caption\":\"rtnews\"},\"url\":\"https:\/\/now-news.de\/de\/author\/rnews\/\"}]}<\/script>\n<!-- \/ Yoast SEO Premium plugin. -->","yoast_head_json":{"title":"Schwedischer Koran-Verbrenner erschossen - bei TikTok-Livestream - just-now.NEWS Deutschland","robots":{"index":"index","follow":"follow","max-snippet":"max-snippet:-1","max-image-preview":"max-image-preview:large","max-video-preview":"max-video-preview:-1"},"canonical":"https:\/\/now-news.de\/de\/deutschland\/schwedischer-koran-verbrenner-erschossen-bei-tiktok-livestream\/","og_locale":"de_DE","og_type":"article","og_title":"Schwedischer Koran-Verbrenner erschossen - bei TikTok-Livestream","og_description":"Salwan Momika, der durch Koranverbrennungen bekannt wurde, ist am 29. Januar 2025 w\u00e4hrend eines TikTok-Livestreams in Schweden erschossen worden. Der irakische Fl\u00fcchtling sorgte 2023 mit seinen Aktionen f\u00fcr weltweite Proteste. Salwan Momika, der durch seine Koranverbrennungsaktionen international bekannt wurde, ist am 29. Januar 2025 w\u00e4hrend eines Livestreams auf TikTok in S\u00f6dert\u00e4lje, Schweden, erschossen worden. W\u00e4hrend [&hellip;]","og_url":"https:\/\/now-news.de\/de\/deutschland\/schwedischer-koran-verbrenner-erschossen-bei-tiktok-livestream\/","og_site_name":"just-now.NEWS Deutschland","article_publisher":"https:\/\/www.facebook.com\/wirmachenauf","article_published_time":"2025-01-30T12:11:56+00:00","og_image":[{"url":"https:\/\/now-news.de\/de\/wp-content\/uploads\/sites\/3\/2025\/01\/679b49da48fbef0dc427842f.jpg"}],"author":"rtnews","twitter_card":"summary_large_image","twitter_creator":"@WirMachenAuf_de","twitter_site":"@WirMachenAuf_de","twitter_misc":{"Verfasst von":"rtnews","Gesch\u00e4tzte Lesezeit":"2\u00a0Minuten"},"schema":{"@context":"https:\/\/schema.org","@graph":[{"@type":"Article","@id":"https:\/\/now-news.de\/de\/deutschland\/schwedischer-koran-verbrenner-erschossen-bei-tiktok-livestream\/#article","isPartOf":{"@id":"https:\/\/now-news.de\/de\/deutschland\/schwedischer-koran-verbrenner-erschossen-bei-tiktok-livestream\/"},"author":{"name":"rtnews","@id":"https:\/\/now-news.de\/de\/#\/schema\/person\/fb534a4e865501d8b3285208df34a9b5"},"headline":"Schwedischer Koran-Verbrenner erschossen &#8211; bei TikTok-Livestream","datePublished":"2025-01-30T12:11:56+00:00","dateModified":"2025-01-30T12:11:56+00:00","mainEntityOfPage":{"@id":"https:\/\/now-news.de\/de\/deutschland\/schwedischer-koran-verbrenner-erschossen-bei-tiktok-livestream\/"},"wordCount":412,"commentCount":0,"publisher":{"@id":"https:\/\/now-news.de\/de\/#organization"},"image":{"@id":"https:\/\/now-news.de\/de\/deutschland\/schwedischer-koran-verbrenner-erschossen-bei-tiktok-livestream\/#primaryimage"},"thumbnailUrl":"https:\/\/now-news.de\/de\/wp-content\/uploads\/sites\/3\/2025\/01\/Schwedischer-Koran-Verbrenner-erschossen-bei-TikTok-Livestream.jpg","keywords":["bei","erschossen","KoranVerbrenner","Schwedischer","TikTokLivestream"],"articleSection":["Deutschland","Russland"],"inLanguage":"de","potentialAction":[{"@type":"CommentAction","name":"Comment","target":["https:\/\/now-news.de\/de\/deutschland\/schwedischer-koran-verbrenner-erschossen-bei-tiktok-livestream\/#respond"]}]},{"@type":"WebPage","@id":"https:\/\/now-news.de\/de\/deutschland\/schwedischer-koran-verbrenner-erschossen-bei-tiktok-livestream\/","url":"https:\/\/now-news.de\/de\/deutschland\/schwedischer-koran-verbrenner-erschossen-bei-tiktok-livestream\/","name":"Schwedischer Koran-Verbrenner erschossen - bei TikTok-Livestream - just-now.NEWS Deutschland","isPartOf":{"@id":"https:\/\/now-news.de\/de\/#website"},"primaryImageOfPage":{"@id":"https:\/\/now-news.de\/de\/deutschland\/schwedischer-koran-verbrenner-erschossen-bei-tiktok-livestream\/#primaryimage"},"image":{"@id":"https:\/\/now-news.de\/de\/deutschland\/schwedischer-koran-verbrenner-erschossen-bei-tiktok-livestream\/#primaryimage"},"thumbnailUrl":"https:\/\/now-news.de\/de\/wp-content\/uploads\/sites\/3\/2025\/01\/Schwedischer-Koran-Verbrenner-erschossen-bei-TikTok-Livestream.jpg","datePublished":"2025-01-30T12:11:56+00:00","dateModified":"2025-01-30T12:11:56+00:00","breadcrumb":{"@id":"https:\/\/now-news.de\/de\/deutschland\/schwedischer-koran-verbrenner-erschossen-bei-tiktok-livestream\/#breadcrumb"},"inLanguage":"de","potentialAction":[{"@type":"ReadAction","target":["https:\/\/now-news.de\/de\/deutschland\/schwedischer-koran-verbrenner-erschossen-bei-tiktok-livestream\/"]}]},{"@type":"ImageObject","inLanguage":"de","@id":"https:\/\/now-news.de\/de\/deutschland\/schwedischer-koran-verbrenner-erschossen-bei-tiktok-livestream\/#primaryimage","url":"https:\/\/now-news.de\/de\/wp-content\/uploads\/sites\/3\/2025\/01\/Schwedischer-Koran-Verbrenner-erschossen-bei-TikTok-Livestream.jpg","contentUrl":"https:\/\/now-news.de\/de\/wp-content\/uploads\/sites\/3\/2025\/01\/Schwedischer-Koran-Verbrenner-erschossen-bei-TikTok-Livestream.jpg","width":1070,"height":1046,"caption":"Schwedischer Koran-Verbrenner erschossen - bei TikTok-Livestream"},{"@type":"BreadcrumbList","@id":"https:\/\/now-news.de\/de\/deutschland\/schwedischer-koran-verbrenner-erschossen-bei-tiktok-livestream\/#breadcrumb","itemListElement":[{"@type":"ListItem","position":1,"name":"Home","item":"https:\/\/now-news.de\/de\/"},{"@type":"ListItem","position":2,"name":"Schwedischer Koran-Verbrenner erschossen &#8211; bei TikTok-Livestream"}]},{"@type":"WebSite","@id":"https:\/\/now-news.de\/de\/#website","url":"https:\/\/now-news.de\/de\/","name":"just-now.NEWS Deutschland","description":"Das Portal f\u00fcr unzensierte Nachrichten aus der Welt","publisher":{"@id":"https:\/\/now-news.de\/de\/#organization"},"potentialAction":[{"@type":"SearchAction","target":{"@type":"EntryPoint","urlTemplate":"https:\/\/now-news.de\/de\/?s={search_term_string}"},"query-input":"required name=search_term_string"}],"inLanguage":"de"},{"@type":"Organization","@id":"https:\/\/now-news.de\/de\/#organization","name":"Just Now News","url":"https:\/\/now-news.de\/de\/","logo":{"@type":"ImageObject","inLanguage":"de","@id":"https:\/\/now-news.de\/de\/#\/schema\/logo\/image\/","url":"http:\/\/just-now.news\/de\/wp-content\/uploads\/sites\/3\/2022\/04\/logo500x500.jpg","contentUrl":"http:\/\/just-now.news\/de\/wp-content\/uploads\/sites\/3\/2022\/04\/logo500x500.jpg","width":500,"height":500,"caption":"Just Now News"},"image":{"@id":"https:\/\/now-news.de\/de\/#\/schema\/logo\/image\/"},"sameAs":["https:\/\/www.facebook.com\/wirmachenauf","https:\/\/x.com\/WirMachenAuf_de"]},{"@type":"Person","@id":"https:\/\/now-news.de\/de\/#\/schema\/person\/fb534a4e865501d8b3285208df34a9b5","name":"rtnews","image":{"@type":"ImageObject","inLanguage":"de","@id":"https:\/\/now-news.de\/de\/#\/schema\/person\/image\/","url":"https:\/\/secure.gravatar.com\/avatar\/82aafea7d8127119dd649515f56e2117?s=96&d=mm&r=g","contentUrl":"https:\/\/secure.gravatar.com\/avatar\/82aafea7d8127119dd649515f56e2117?s=96&d=mm&r=g","caption":"rtnews"},"url":"https:\/\/now-news.de\/de\/author\/rnews\/"}]}},"_links":{"self":[{"href":"https:\/\/now-news.de\/de\/wp-json\/wp\/v2\/posts\/77490"}],"collection":[{"href":"https:\/\/now-news.de\/de\/wp-json\/wp\/v2\/posts"}],"about":[{"href":"https:\/\/now-news.de\/de\/wp-json\/wp\/v2\/types\/post"}],"author":[{"embeddable":true,"href":"https:\/\/now-news.de\/de\/wp-json\/wp\/v2\/users\/3"}],"replies":[{"embeddable":true,"href":"https:\/\/now-news.de\/de\/wp-json\/wp\/v2\/comments?post=77490"}],"version-history":[{"count":0,"href":"https:\/\/now-news.de\/de\/wp-json\/wp\/v2\/posts\/77490\/revisions"}],"wp:featuredmedia":[{"embeddable":true,"href":"https:\/\/now-news.de\/de\/wp-json\/wp\/v2\/media\/77491"}],"wp:attachment":[{"href":"https:\/\/now-news.de\/de\/wp-json\/wp\/v2\/media?parent=77490"}],"wp:term":[{"taxonomy":"category","embeddable":true,"href":"https:\/\/now-news.de\/de\/wp-json\/wp\/v2\/categories?post=77490"},{"taxonomy":"post_tag","embeddable":true,"href":"https:\/\/now-news.de\/de\/wp-json\/wp\/v2\/tags?post=77490"}],"curies":[{"name":"wp","href":"https:\/\/api.w.org\/{rel}","templated":true}]}}