{"id":77471,"date":"2025-01-29T23:00:14","date_gmt":"2025-01-29T21:00:14","guid":{"rendered":"https:\/\/now-news.de\/de\/deutschland\/trump-verpasst-seinem-engsten-verbuendeten-in-lateinamerika-demonstrative-pruegelstrafe\/"},"modified":"2025-01-29T23:00:14","modified_gmt":"2025-01-29T21:00:14","slug":"trump-verpasst-seinem-engsten-verbuendeten-in-lateinamerika-demonstrative-pruegelstrafe","status":"publish","type":"post","link":"https:\/\/now-news.de\/de\/deutschland\/trump-verpasst-seinem-engsten-verbuendeten-in-lateinamerika-demonstrative-pruegelstrafe\/","title":{"rendered":"Trump verpasst seinem engsten Verb\u00fcndeten in Lateinamerika demonstrative &quot;Pr\u00fcgelstrafe&quot;"},"content":{"rendered":"<p><img decoding=\"async\" src=\"https:\/\/now-news.de\/de\/wp-content\/uploads\/sites\/3\/2025\/01\/6798df55b480cc60dc33f14c.jpg\" \/><\/p>\n<div class=\"Text-root Text-type_1 \">\n                Nicht einmal eine Woche nach Trumps Amtsantritt begann er seinen ersten Krieg, einen Handels- und Einwanderungskrieg, den der US-Pr\u00e4sident in weniger als 24 Stunden gewann. Wie konnte Kolumbien diesen Konflikt erst provozieren und ihn dann mit einem Knall verlieren?\n            <\/div>\n<p><\/p>\n<div class=\"Text-root Text-type_5 ArticleView-text ViewText-root \">\n<p><em>Von Geworg Mirsajan<\/em><\/p>\n<p>Seit seinem Amtsantritt hat Donald Trump begonnen, seine Versprechen in die Tat umzusetzen \u2013 darunter die Abschiebung illegaler Migranten aus dem Hoheitsgebiet der USA. Und w\u00e4hrend Mexikaner (von denen sich derzeit etwa vier Millionen illegal in den Vereinigten Staaten aufhalten) von den USA einfach \u00fcber die Grenz\u00fcberg\u00e4nge zu Mexiko transportiert werden, m\u00fcssen andere Lateinamerikaner auf dem Luftweg in ihre L\u00e4nder geschickt werden.<\/p>\n<p>So hat Guatemala am 24. Januar bereits zwei US-Flugzeuge mit 160 Abgeschobenen empfangen. Auch Brasilien hat einen Flug angenommen, allerdings mit einer peinlichen Situation. Das US-amerikanische Flugzeug landete in der falschen Stadt, woraufhin die Beh\u00f6rden des Landes, nachdem sie erfahren hatten, dass ihre Landsleute in Handschellen transportiert wurden, emp\u00f6rt waren, der US-amerikanischen Maschine den Weiterflug untersagten, die Brasilianer in ihr eigenes Flugzeug umluden und sie an ihren Bestimmungsort brachten.<\/p>\n<p>Doch Kolumbien \u2013 genauer gesagt sein Pr\u00e4sident Gustavo Petro \u2013 beschloss, &#8220;seine Z\u00e4hne zu zeigen&#8221;. Dies ist umso \u00fcberraschender, als die Beziehungen zwischen den USA und Kolumbien kaum anders als verb\u00fcndet bezeichnet werden k\u00f6nnen. Die beiden L\u00e4nder sind durch milit\u00e4risch-politische Abkommen eng miteinander verbunden, die Kolumbien zu einer Art St\u00fctzpunkt der Vereinigten Staaten im n\u00f6rdlichen Teil S\u00fcdamerikas gemacht haben. Die USA haben alle ihre Operationen gegen Venezuela unter R\u00fcckgriff auf Kolumbien durchgef\u00fchrt. Im Gegenzug unterst\u00fctzten US-Berater und sogar Milit\u00e4rangeh\u00f6rige die kolumbianischen Beh\u00f6rden im Kampf gegen verschiedene linksradikale Guerillagruppen.<\/p>\n<p>Am 26. Januar flogen zwei US-Flugzeuge mit Migranten an Bord nach Kolumbien. Nach\u00a0<a rel=\"nofollow noopener\" target=\"_blank\" href=\"https:\/\/www.state.gov\/ending-illegal-immigration-in-the-united-states\/\">Angaben<\/a>\u00a0des Leiters des US-Au\u00dfenministeriums, Marco Rubio, die von dem Sender\u00a0<em>CNN<\/em>\u00a0<a rel=\"nofollow noopener\" target=\"_blank\" href=\"https:\/\/edition.cnn.com\/2025\/01\/26\/politics\/colombia-tariffs-trump-deportation-flights\/index.html\">best\u00e4tigt<\/a>\u00a0wurden, der Trump nicht sonderlich mag, erkl\u00e4rten sich die kolumbianischen Beh\u00f6rden zun\u00e4chst bereit, die Flugzeuge aufzunehmen, \u00e4nderten aber ihre Meinung, als beide Flugzeuge in der Luft waren. Gustavo Petro sagte, dass Trump kolumbianische B\u00fcrger wie Kriminelle behandle (was sie auch sind, da sie sich illegal in den USA aufhalten) und weigerte sich, die Flugzeuge zu akzeptieren. Schlie\u00dflich drehten sie um und landeten in Kalifornien und Texas.<\/p>\n<p>Trump reagierte sofort. Er k\u00fcndigte Z\u00f6lle in H\u00f6he von 25 Prozent auf alle kolumbianischen Einfuhren an, verh\u00e4ngte ein Einreiseverbot f\u00fcr kolumbianische B\u00fcrger in die USA, annullierte US-Visa f\u00fcr kolumbianische Beamte und setzte die Bearbeitung aller Visa f\u00fcr kolumbianische B\u00fcrger aus.<\/p>\n<p>Zudem versprach er, dass es dabei nicht bleiben w\u00fcrde. Der US-Pr\u00e4sident erkl\u00e4rte:<\/p>\n<blockquote>\n<p><em>&#8220;Diese Ma\u00dfnahmen sind erst der Anfang. Wir werden nicht zulassen, dass die kolumbianische Regierung ihre gesetzlichen Verpflichtungen verletzt, die Kriminellen, die sie gewaltsam in die Vereinigten Staaten gebracht hat, aufzunehmen und zur\u00fcckzuschicken!&#8221;<\/em><\/p>\n<\/blockquote>\n<p>Konkret war er bereit, die Z\u00f6lle auf 50 Prozent zu erh\u00f6hen.<\/p>\n<p>Allerdings hat der republikanische Kongress Trump unterst\u00fctzt. Der Sprecher des Repr\u00e4sentantenhauses, Mike Johnson, erkl\u00e4rte:<\/p>\n<blockquote>\n<p><em>&#8220;Kolumbien und andere sollten bedenken<\/em><em>\u00a0\u2013\u00a0<\/em><em>der Kongress ist voll und ganz bereit, Sanktionen und andere Ma\u00dfnahmen gegen diejenigen zu ergreifen, die nicht vollst\u00e4ndig kooperieren oder die Anforderungen zur Aufnahme ihrer B\u00fcrger, die sich illegal in den Vereinigten Staaten aufhalten, nicht erf\u00fcllen. Donald Trump hat versprochen, Amerika an die erste Stelle zu setzen &#8211; und das tut er auch.&#8221;<\/em><\/p>\n<\/blockquote>\n<p>Zun\u00e4chst versuchte Petro, zur\u00fcckzuschlagen. Er drohte Trump mit Spiegelma\u00dfnahmen \u2013\u00a0und zwar sowohl mit Sanktionen als auch mit Abschiebungen. Laut Gustavo Petro\u00a0<a rel=\"nofollow noopener\" target=\"_blank\" href=\"https:\/\/www.aljazeera.com\/economy\/2025\/1\/27\/how-trump-coerced-colombia-to-accept-deportees-by-threatening-us-tariff-war\">gibt<\/a>\u00a0es 15.660 illegal in Kolumbien lebende US-Amerikaner. Er beleidigte sie \u2013\u00a0und nannte sie sogar &#8220;wei\u00dfe Sklavenhalter&#8221;.<\/p>\n<p>Allerdings &#8220;ergab er sich&#8221; in weniger als zehn Stunden. Die Beh\u00f6rden des Landes erkl\u00e4rten, sie seien bereit, alle Forderungen Trumps zu erf\u00fcllen \u2013 und schickten sogar ein Pr\u00e4sidentenflugzeug, um die erste Gruppe von abgeschobenen Illegalen abzuholen.<\/p>\n<p>In Wirklichkeit hat die kolumbianische Regierung nur &#8220;anst\u00e4ndige&#8221; Abschiebebedingungen\u00a0<a rel=\"nofollow noopener\" target=\"_blank\" href=\"https:\/\/x.com\/speakerjohnson\/status\/1883652289027575830?s=46\">erreicht<\/a>. Das hei\u00dft, dass den Abgeschobenen m\u00f6glicherweise die Handschellen abgenommen werden k\u00f6nnten. Kolumbiens Au\u00dfenminister Luis Gilberto Murillo sagte:<\/p>\n<blockquote>\n<p><em>&#8220;Wir werden weiterhin kolumbianische M\u00e4nner und Frauen aufnehmen, die als Abgeschobene zur\u00fcckkehren, und ihnen menschenw\u00fcrdige Bedingungen als B\u00fcrger mit Rechten garantieren.&#8221;<\/em><\/p>\n<\/blockquote>\n<p>Derzeit\u00a0<a rel=\"nofollow noopener\" target=\"_blank\" href=\"https:\/\/www.nytimes.com\/2025\/01\/26\/world\/americas\/colombia-us-deportation-flights.html\">halten sich<\/a>\u00a0rund 190.000 Kolumbianer illegal in den USA auf &#8211; das ist knapp ein halbes Prozent der kolumbianischen Gesamtbev\u00f6lkerung.<\/p>\n<p>F\u00fcr die Nachgiebigkeit Kolumbiens gibt es zwei Gr\u00fcnde. Erstens die Wirtschaft. Kolumbiens Gesamtexporte in die USA belaufen sich auf etwa 14 Milliarden US-Dollar \u2013 und das sind knapp 30 Prozent aller kolumbianischen Exporte. Kaffee, aber auch Blumen, machen einen erheblichen Teil dieses Betrages aus. Die Leiterin der kolumbianisch-amerikanischen Handelskammer, Maria Claudia Lacouture, erkl\u00e4rte:<\/p>\n<blockquote>\n<p><em>&#8220;Allein in der Kaffeeindustrie h\u00e4ngen mehr als 500.000 Familien von diesem Sektor ab. In der Blumenzucht werden Tausende alleinerziehende M\u00fctter ihren Lebensunterhalt verlieren. Und wir k\u00f6nnen noch weitere Sektoren hinzuf\u00fcgen, die [von den US-amerikanischen Sanktionen] betroffen w\u00e4ren.&#8221;<\/em><\/p>\n<\/blockquote>\n<p>Ja, auch die US-Amerikaner w\u00fcrden von Sanktionen betroffen sein. Fast zwei Drittel der US-Blumenimporte kommen aus Kolumbien, und der Valentinstag steht bevor. Z\u00f6lle auf Kaffee, dessen Bohnenimporte zu 20 Prozent ebenfalls aus Kolumbien stammen, w\u00fcrden empfindlich sein.<\/p>\n<p>F\u00fcr Kolumbien und seine Beh\u00f6rden w\u00e4re der Schaden jedoch unverh\u00e4ltnism\u00e4\u00dfig gr\u00f6\u00dfer. Denn \u2013 und das ist das Zweite \u2013 der kolumbianische Pr\u00e4sident braucht die Unterst\u00fctzung der Vereinigten Staaten jetzt mehr denn je. Tatsache ist, dass sich die internen K\u00e4mpfe in Kolumbien wieder\u00a0<a rel=\"nofollow noopener\" target=\"_blank\" href=\"https:\/\/www.theamericanconservative.com\/petros-colombia-falls-apart\/\">versch\u00e4rfen<\/a>\u00a0\u2013 sowohl politisch, zwischen den Parteien, als auch milit\u00e4risch, mit verschiedenen Arten von bewaffneten Gruppen des rechten und linken Fl\u00fcgels. Vor allem aber die Drogenkartelle.<\/p>\n<p>Also zog er sich zur\u00fcck \u2013 und die US-Beh\u00f6rden versuchten gar nicht erst, ihm die Pille der Niederlage zu vers\u00fc\u00dfen. Schlie\u00dflich sollte sie nach Ansicht Washingtons so demonstrativ wie m\u00f6glich ausfallen. In einer Erkl\u00e4rung des Wei\u00dfen Hauses\u00a0<a rel=\"nofollow noopener\" target=\"_blank\" href=\"https:\/\/edition.cnn.com\/2025\/01\/26\/politics\/colombia-tariffs-trump-deportation-flights\/index.html\">hei\u00dft<\/a>\u00a0es:<\/p>\n<blockquote>\n<p><em>&#8220;Die heutigen Ereignisse zeigen der Welt deutlich, dass Amerika wieder respektiert wird. Pr\u00e4sident Trump wird die Souver\u00e4nit\u00e4t unserer Nation weiterhin vehement verteidigen, und er erwartet von allen anderen L\u00e4ndern der Welt, dass sie bei der Abschiebung ihrer B\u00fcrger, die sich illegal in den Vereinigten Staaten aufhalten, uneingeschr\u00e4nkt kooperieren.&#8221;<\/em><\/p>\n<\/blockquote>\n<p>Wenn Trump dies mit Kolumbien, dem engsten Verb\u00fcndeten der USA in der Region, getan hat, wie wird er dann mit anderen L\u00e4ndern verfahren, die ihm treu ergeben sind? Honduras, zum Beispiel?<\/p>\n<p>Die honduranische Pr\u00e4sidentin Xiomara Castro hat bereits angek\u00fcndigt, dass sie auf die Abschiebung ihrer Mitb\u00fcrger mit aller H\u00e4rte reagieren wird. Sie\u00a0<a rel=\"nofollow noopener\" target=\"_blank\" href=\"https:\/\/www.nytimes.com\/2025\/01\/03\/world\/americas\/honduras-trump-mass-deportations.html\">erkl\u00e4rte<\/a>:<\/p>\n<blockquote>\n<p><em>&#8220;Angesichts der Feindseligkeit und der massenhaften Ausweisung unserer Br\u00fcder werden wir eine \u00c4nderung unserer Politik der Zusammenarbeit mit den Vereinigten Staaten in Erw\u00e4gung ziehen m\u00fcssen, insbesondere im milit\u00e4rischen Bereich.&#8221;<\/em><\/p>\n<\/blockquote>\n<p>Einfach ausgedr\u00fcckt, die Bedingungen f\u00fcr die US-amerikanischen St\u00fctzpunkte im Lande neu verhandeln.<\/p>\n<p>Ihre Haltung erkl\u00e4rt sich nicht nur aus ihrem Gef\u00fchl f\u00fcr W\u00fcrde, sondern auch aus wirtschaftlichen Gr\u00fcnden \u2013 bis zu einem Viertel der honduranischen Wirtschaft wird durch \u00dcberweisungen von Landsleuten aus den USA finanziert, von denen eine halbe Million (oder f\u00fcnf Prozent der Bev\u00f6lkerung von Honduras) illegale Migranten sind. Aber wenn Trump diese \u00dcberweisungen verbietet, was n\u00fctzen diese Migranten dann Honduras?<\/p>\n<p>Und vor dem Hintergrund dieser US-Demonstrationsabschiebungen in Lateinamerika\u00a0<a rel=\"nofollow noopener\" target=\"_blank\" href=\"https:\/\/unherd.com\/newsroom\/trumps-colombia-standoff-signals-the-end-of-post-nationalism\/\">fragen<\/a>\u00a0die freiheitlich-demokratischen Medien vorsichtig:\u00a0<em>Wenn Trump die Bereitschaft zeigt, mit Wirtschaftssanktionen zu drohen, nicht um irgendeine &#8220;regelbasierte internationale Ordnung&#8221; zu f\u00f6rdern, sondern im spezifischen Interesse Amerikas, warum k\u00f6nnen andere L\u00e4nder nicht nachziehen?<\/em><\/p>\n<p>Und sie werden es tun. Zum Beispiel die Europ\u00e4er, f\u00fcr die die massenhafte Pr\u00e4senz illegaler Migranten ein wichtiges innenpolitisches Thema ist. Vielleicht wird Trumps Art, Migranten per Flugzeug in ihre Heimat zur\u00fcckzuschicken und mit Sanktionen zu drohen, falls sie sich weigern, sie aufzunehmen, auch in der EU wahrgenommen. Immerhin ist ein &#8220;Migrationsblitzkrieg&#8221; bereits erfolgreich verlaufen.<\/p>\n<p><em>\u00dcbersetzt aus dem\u00a0Russischen. Der Artikel ist am 27. Januar 2025 zuerst in der Zeitung Wsgljad\u00a0<\/em><a rel=\"nofollow noopener\" target=\"_blank\" href=\"https:\/\/m.vz.ru\/world\/2025\/1\/27\/1311147.html\"><em>erschienen<\/em><\/a><em>.<\/em><\/p>\n<p><strong><em>Geworg Mirsajan<\/em><\/strong><em>\u00a0ist au\u00dferordentlicher Professor an der Finanzuniversit\u00e4t der Regierung der Russischen F\u00f6deration, Politikwissenschaftler und eine Pers\u00f6nlichkeit des \u00f6ffentlichen Lebens. Geboren wurde er 1984 in Taschkent. Er machte seinen Abschluss an der Staatlichen Universit\u00e4t in Kuba und promovierte in Politikwissenschaft mit dem Schwerpunkt USA. Er war von 2005 bis 2016 Forscher am Institut f\u00fcr die Vereinigten Staaten und Kanada an der Russischen Akademie der Wissenschaften.<\/em><\/p>\n<p><strong>Mehr zum Thema<\/strong> &#8211; <a rel=\"nofollow noopener\" target=\"_blank\" href=\"https:\/\/freedert.online\/nordamerika\/234260-waehrend-trumps-amtseinfuehrung-deutscher-erschiesst\/\">W\u00e4hrend Trumps Amtseinf\u00fchrung: Deutscher erschoss US-Grenzer<\/a><\/p>\n<\/div>\n<p><br \/>\n<br \/><a href=\"https:\/\/de.rt.com\/amerika\/234773-trump-verpasst-seinem-engsten-verbuendeten\/\">Source link <\/a><\/p>\n","protected":false},"excerpt":{"rendered":"<p>Nicht einmal eine Woche nach Trumps Amtsantritt begann er seinen ersten Krieg, einen Handels- und Einwanderungskrieg, den der US-Pr\u00e4sident in weniger als 24 Stunden gewann. Wie konnte Kolumbien diesen Konflikt erst provozieren und ihn dann mit einem Knall verlieren? Von Geworg Mirsajan Seit seinem Amtsantritt hat Donald Trump begonnen, seine Versprechen in die Tat umzusetzen [&hellip;]<\/p>\n","protected":false},"author":3,"featured_media":77472,"comment_status":"open","ping_status":"open","sticky":false,"template":"","format":"standard","meta":{"_yoast_indexnow_last_ping":["1738185188"],"wp_automatic_camp":["217"],"57e11a18c63394b0bf1ae7278bc1b77c":["Trump verpasst seinem engsten Verb\u00fcndeten in Lateinamerika demonstrative &quot;Pr\u00fcgelstrafe&quot;"],"original_link":["https:\/\/de.rt.com\/amerika\/234773-trump-verpasst-seinem-engsten-verbuendeten\/"],"_thumbnail_id":["77472"],"_wptgpro_p2tg_sent2tg":["a:1:{i:23737;s:19:\"2025-01-29 23:14:19\";}"],"jnews_social_counter_last_update":["1777263421"]},"categories":[19,23],"tags":[62331,62330,4853,62332,4258,1639,27757,10821],"yoast_head":"<!-- This site is optimized with the Yoast SEO Premium plugin v22.7 (Yoast SEO v22.7) - https:\/\/yoast.com\/wordpress\/plugins\/seo\/ -->\n<title>Trump verpasst seinem engsten Verb\u00fcndeten in Lateinamerika demonstrative &quot;Pr\u00fcgelstrafe&quot; - just-now.NEWS Deutschland<\/title>\n<meta name=\"robots\" content=\"index, follow, max-snippet:-1, max-image-preview:large, max-video-preview:-1\" \/>\n<link rel=\"canonical\" href=\"https:\/\/now-news.de\/de\/deutschland\/trump-verpasst-seinem-engsten-verbuendeten-in-lateinamerika-demonstrative-pruegelstrafe\/\" \/>\n<meta property=\"og:locale\" content=\"de_DE\" \/>\n<meta property=\"og:type\" content=\"article\" \/>\n<meta property=\"og:title\" content=\"Trump verpasst seinem engsten Verb\u00fcndeten in Lateinamerika demonstrative &quot;Pr\u00fcgelstrafe&quot;\" \/>\n<meta property=\"og:description\" content=\"Nicht einmal eine Woche nach Trumps Amtsantritt begann er seinen ersten Krieg, einen Handels- und Einwanderungskrieg, den der US-Pr\u00e4sident in weniger als 24 Stunden gewann. Wie konnte Kolumbien diesen Konflikt erst provozieren und ihn dann mit einem Knall verlieren? Von Geworg Mirsajan Seit seinem Amtsantritt hat Donald Trump begonnen, seine Versprechen in die Tat umzusetzen [&hellip;]\" \/>\n<meta property=\"og:url\" content=\"https:\/\/now-news.de\/de\/deutschland\/trump-verpasst-seinem-engsten-verbuendeten-in-lateinamerika-demonstrative-pruegelstrafe\/\" \/>\n<meta property=\"og:site_name\" content=\"just-now.NEWS Deutschland\" \/>\n<meta property=\"article:publisher\" content=\"https:\/\/www.facebook.com\/wirmachenauf\" \/>\n<meta property=\"article:published_time\" content=\"2025-01-29T21:00:14+00:00\" \/>\n<meta property=\"og:image\" content=\"https:\/\/now-news.de\/de\/wp-content\/uploads\/sites\/3\/2025\/01\/6798df55b480cc60dc33f14c.jpg\" \/>\n<meta name=\"author\" content=\"rtnews\" \/>\n<meta name=\"twitter:card\" content=\"summary_large_image\" \/>\n<meta name=\"twitter:creator\" content=\"@WirMachenAuf_de\" \/>\n<meta name=\"twitter:site\" content=\"@WirMachenAuf_de\" \/>\n<meta name=\"twitter:label1\" content=\"Verfasst von\" \/>\n\t<meta name=\"twitter:data1\" content=\"rtnews\" \/>\n\t<meta name=\"twitter:label2\" content=\"Gesch\u00e4tzte Lesezeit\" \/>\n\t<meta name=\"twitter:data2\" content=\"7\u00a0Minuten\" \/>\n<script type=\"application\/ld+json\" class=\"yoast-schema-graph\">{\"@context\":\"https:\/\/schema.org\",\"@graph\":[{\"@type\":\"Article\",\"@id\":\"https:\/\/now-news.de\/de\/deutschland\/trump-verpasst-seinem-engsten-verbuendeten-in-lateinamerika-demonstrative-pruegelstrafe\/#article\",\"isPartOf\":{\"@id\":\"https:\/\/now-news.de\/de\/deutschland\/trump-verpasst-seinem-engsten-verbuendeten-in-lateinamerika-demonstrative-pruegelstrafe\/\"},\"author\":{\"name\":\"rtnews\",\"@id\":\"https:\/\/now-news.de\/de\/#\/schema\/person\/fb534a4e865501d8b3285208df34a9b5\"},\"headline\":\"Trump verpasst seinem engsten Verb\u00fcndeten in Lateinamerika demonstrative &quot;Pr\u00fcgelstrafe&quot;\",\"datePublished\":\"2025-01-29T21:00:14+00:00\",\"dateModified\":\"2025-01-29T21:00:14+00:00\",\"mainEntityOfPage\":{\"@id\":\"https:\/\/now-news.de\/de\/deutschland\/trump-verpasst-seinem-engsten-verbuendeten-in-lateinamerika-demonstrative-pruegelstrafe\/\"},\"wordCount\":1421,\"commentCount\":0,\"publisher\":{\"@id\":\"https:\/\/now-news.de\/de\/#organization\"},\"image\":{\"@id\":\"https:\/\/now-news.de\/de\/deutschland\/trump-verpasst-seinem-engsten-verbuendeten-in-lateinamerika-demonstrative-pruegelstrafe\/#primaryimage\"},\"thumbnailUrl\":\"https:\/\/now-news.de\/de\/wp-content\/uploads\/sites\/3\/2025\/01\/Trump-verpasst-seinem-engsten-Verbuendeten-in-Lateinamerika-demonstrative-quotPruegelstrafequot.jpg\",\"keywords\":[\"demonstrative\",\"engsten\",\"Lateinamerika\",\"quotPr\u00fcgelstrafequot\",\"seinem\",\"trump\",\"Verb\u00fcndeten\",\"verpasst\"],\"articleSection\":[\"Deutschland\",\"Russland\"],\"inLanguage\":\"de\",\"potentialAction\":[{\"@type\":\"CommentAction\",\"name\":\"Comment\",\"target\":[\"https:\/\/now-news.de\/de\/deutschland\/trump-verpasst-seinem-engsten-verbuendeten-in-lateinamerika-demonstrative-pruegelstrafe\/#respond\"]}]},{\"@type\":\"WebPage\",\"@id\":\"https:\/\/now-news.de\/de\/deutschland\/trump-verpasst-seinem-engsten-verbuendeten-in-lateinamerika-demonstrative-pruegelstrafe\/\",\"url\":\"https:\/\/now-news.de\/de\/deutschland\/trump-verpasst-seinem-engsten-verbuendeten-in-lateinamerika-demonstrative-pruegelstrafe\/\",\"name\":\"Trump verpasst seinem engsten Verb\u00fcndeten in Lateinamerika demonstrative &quot;Pr\u00fcgelstrafe&quot; - just-now.NEWS Deutschland\",\"isPartOf\":{\"@id\":\"https:\/\/now-news.de\/de\/#website\"},\"primaryImageOfPage\":{\"@id\":\"https:\/\/now-news.de\/de\/deutschland\/trump-verpasst-seinem-engsten-verbuendeten-in-lateinamerika-demonstrative-pruegelstrafe\/#primaryimage\"},\"image\":{\"@id\":\"https:\/\/now-news.de\/de\/deutschland\/trump-verpasst-seinem-engsten-verbuendeten-in-lateinamerika-demonstrative-pruegelstrafe\/#primaryimage\"},\"thumbnailUrl\":\"https:\/\/now-news.de\/de\/wp-content\/uploads\/sites\/3\/2025\/01\/Trump-verpasst-seinem-engsten-Verbuendeten-in-Lateinamerika-demonstrative-quotPruegelstrafequot.jpg\",\"datePublished\":\"2025-01-29T21:00:14+00:00\",\"dateModified\":\"2025-01-29T21:00:14+00:00\",\"breadcrumb\":{\"@id\":\"https:\/\/now-news.de\/de\/deutschland\/trump-verpasst-seinem-engsten-verbuendeten-in-lateinamerika-demonstrative-pruegelstrafe\/#breadcrumb\"},\"inLanguage\":\"de\",\"potentialAction\":[{\"@type\":\"ReadAction\",\"target\":[\"https:\/\/now-news.de\/de\/deutschland\/trump-verpasst-seinem-engsten-verbuendeten-in-lateinamerika-demonstrative-pruegelstrafe\/\"]}]},{\"@type\":\"ImageObject\",\"inLanguage\":\"de\",\"@id\":\"https:\/\/now-news.de\/de\/deutschland\/trump-verpasst-seinem-engsten-verbuendeten-in-lateinamerika-demonstrative-pruegelstrafe\/#primaryimage\",\"url\":\"https:\/\/now-news.de\/de\/wp-content\/uploads\/sites\/3\/2025\/01\/Trump-verpasst-seinem-engsten-Verbuendeten-in-Lateinamerika-demonstrative-quotPruegelstrafequot.jpg\",\"contentUrl\":\"https:\/\/now-news.de\/de\/wp-content\/uploads\/sites\/3\/2025\/01\/Trump-verpasst-seinem-engsten-Verbuendeten-in-Lateinamerika-demonstrative-quotPruegelstrafequot.jpg\",\"width\":460,\"height\":259,\"caption\":\"Trump verpasst seinem engsten Verb\u00fcndeten in Lateinamerika demonstrative &quot;Pr\u00fcgelstrafe&quot;\"},{\"@type\":\"BreadcrumbList\",\"@id\":\"https:\/\/now-news.de\/de\/deutschland\/trump-verpasst-seinem-engsten-verbuendeten-in-lateinamerika-demonstrative-pruegelstrafe\/#breadcrumb\",\"itemListElement\":[{\"@type\":\"ListItem\",\"position\":1,\"name\":\"Home\",\"item\":\"https:\/\/now-news.de\/de\/\"},{\"@type\":\"ListItem\",\"position\":2,\"name\":\"Trump verpasst seinem engsten Verb\u00fcndeten in Lateinamerika demonstrative &quot;Pr\u00fcgelstrafe&quot;\"}]},{\"@type\":\"WebSite\",\"@id\":\"https:\/\/now-news.de\/de\/#website\",\"url\":\"https:\/\/now-news.de\/de\/\",\"name\":\"just-now.NEWS Deutschland\",\"description\":\"Das Portal f\u00fcr unzensierte Nachrichten aus der Welt\",\"publisher\":{\"@id\":\"https:\/\/now-news.de\/de\/#organization\"},\"potentialAction\":[{\"@type\":\"SearchAction\",\"target\":{\"@type\":\"EntryPoint\",\"urlTemplate\":\"https:\/\/now-news.de\/de\/?s={search_term_string}\"},\"query-input\":\"required name=search_term_string\"}],\"inLanguage\":\"de\"},{\"@type\":\"Organization\",\"@id\":\"https:\/\/now-news.de\/de\/#organization\",\"name\":\"Just Now News\",\"url\":\"https:\/\/now-news.de\/de\/\",\"logo\":{\"@type\":\"ImageObject\",\"inLanguage\":\"de\",\"@id\":\"https:\/\/now-news.de\/de\/#\/schema\/logo\/image\/\",\"url\":\"http:\/\/just-now.news\/de\/wp-content\/uploads\/sites\/3\/2022\/04\/logo500x500.jpg\",\"contentUrl\":\"http:\/\/just-now.news\/de\/wp-content\/uploads\/sites\/3\/2022\/04\/logo500x500.jpg\",\"width\":500,\"height\":500,\"caption\":\"Just Now News\"},\"image\":{\"@id\":\"https:\/\/now-news.de\/de\/#\/schema\/logo\/image\/\"},\"sameAs\":[\"https:\/\/www.facebook.com\/wirmachenauf\",\"https:\/\/x.com\/WirMachenAuf_de\"]},{\"@type\":\"Person\",\"@id\":\"https:\/\/now-news.de\/de\/#\/schema\/person\/fb534a4e865501d8b3285208df34a9b5\",\"name\":\"rtnews\",\"image\":{\"@type\":\"ImageObject\",\"inLanguage\":\"de\",\"@id\":\"https:\/\/now-news.de\/de\/#\/schema\/person\/image\/\",\"url\":\"https:\/\/secure.gravatar.com\/avatar\/82aafea7d8127119dd649515f56e2117?s=96&d=mm&r=g\",\"contentUrl\":\"https:\/\/secure.gravatar.com\/avatar\/82aafea7d8127119dd649515f56e2117?s=96&d=mm&r=g\",\"caption\":\"rtnews\"},\"url\":\"https:\/\/now-news.de\/de\/author\/rnews\/\"}]}<\/script>\n<!-- \/ Yoast SEO Premium plugin. -->","yoast_head_json":{"title":"Trump verpasst seinem engsten Verb\u00fcndeten in Lateinamerika demonstrative &quot;Pr\u00fcgelstrafe&quot; - just-now.NEWS Deutschland","robots":{"index":"index","follow":"follow","max-snippet":"max-snippet:-1","max-image-preview":"max-image-preview:large","max-video-preview":"max-video-preview:-1"},"canonical":"https:\/\/now-news.de\/de\/deutschland\/trump-verpasst-seinem-engsten-verbuendeten-in-lateinamerika-demonstrative-pruegelstrafe\/","og_locale":"de_DE","og_type":"article","og_title":"Trump verpasst seinem engsten Verb\u00fcndeten in Lateinamerika demonstrative &quot;Pr\u00fcgelstrafe&quot;","og_description":"Nicht einmal eine Woche nach Trumps Amtsantritt begann er seinen ersten Krieg, einen Handels- und Einwanderungskrieg, den der US-Pr\u00e4sident in weniger als 24 Stunden gewann. Wie konnte Kolumbien diesen Konflikt erst provozieren und ihn dann mit einem Knall verlieren? Von Geworg Mirsajan Seit seinem Amtsantritt hat Donald Trump begonnen, seine Versprechen in die Tat umzusetzen [&hellip;]","og_url":"https:\/\/now-news.de\/de\/deutschland\/trump-verpasst-seinem-engsten-verbuendeten-in-lateinamerika-demonstrative-pruegelstrafe\/","og_site_name":"just-now.NEWS Deutschland","article_publisher":"https:\/\/www.facebook.com\/wirmachenauf","article_published_time":"2025-01-29T21:00:14+00:00","og_image":[{"url":"https:\/\/now-news.de\/de\/wp-content\/uploads\/sites\/3\/2025\/01\/6798df55b480cc60dc33f14c.jpg"}],"author":"rtnews","twitter_card":"summary_large_image","twitter_creator":"@WirMachenAuf_de","twitter_site":"@WirMachenAuf_de","twitter_misc":{"Verfasst von":"rtnews","Gesch\u00e4tzte Lesezeit":"7\u00a0Minuten"},"schema":{"@context":"https:\/\/schema.org","@graph":[{"@type":"Article","@id":"https:\/\/now-news.de\/de\/deutschland\/trump-verpasst-seinem-engsten-verbuendeten-in-lateinamerika-demonstrative-pruegelstrafe\/#article","isPartOf":{"@id":"https:\/\/now-news.de\/de\/deutschland\/trump-verpasst-seinem-engsten-verbuendeten-in-lateinamerika-demonstrative-pruegelstrafe\/"},"author":{"name":"rtnews","@id":"https:\/\/now-news.de\/de\/#\/schema\/person\/fb534a4e865501d8b3285208df34a9b5"},"headline":"Trump verpasst seinem engsten Verb\u00fcndeten in Lateinamerika demonstrative &quot;Pr\u00fcgelstrafe&quot;","datePublished":"2025-01-29T21:00:14+00:00","dateModified":"2025-01-29T21:00:14+00:00","mainEntityOfPage":{"@id":"https:\/\/now-news.de\/de\/deutschland\/trump-verpasst-seinem-engsten-verbuendeten-in-lateinamerika-demonstrative-pruegelstrafe\/"},"wordCount":1421,"commentCount":0,"publisher":{"@id":"https:\/\/now-news.de\/de\/#organization"},"image":{"@id":"https:\/\/now-news.de\/de\/deutschland\/trump-verpasst-seinem-engsten-verbuendeten-in-lateinamerika-demonstrative-pruegelstrafe\/#primaryimage"},"thumbnailUrl":"https:\/\/now-news.de\/de\/wp-content\/uploads\/sites\/3\/2025\/01\/Trump-verpasst-seinem-engsten-Verbuendeten-in-Lateinamerika-demonstrative-quotPruegelstrafequot.jpg","keywords":["demonstrative","engsten","Lateinamerika","quotPr\u00fcgelstrafequot","seinem","trump","Verb\u00fcndeten","verpasst"],"articleSection":["Deutschland","Russland"],"inLanguage":"de","potentialAction":[{"@type":"CommentAction","name":"Comment","target":["https:\/\/now-news.de\/de\/deutschland\/trump-verpasst-seinem-engsten-verbuendeten-in-lateinamerika-demonstrative-pruegelstrafe\/#respond"]}]},{"@type":"WebPage","@id":"https:\/\/now-news.de\/de\/deutschland\/trump-verpasst-seinem-engsten-verbuendeten-in-lateinamerika-demonstrative-pruegelstrafe\/","url":"https:\/\/now-news.de\/de\/deutschland\/trump-verpasst-seinem-engsten-verbuendeten-in-lateinamerika-demonstrative-pruegelstrafe\/","name":"Trump verpasst seinem engsten Verb\u00fcndeten in Lateinamerika demonstrative &quot;Pr\u00fcgelstrafe&quot; - just-now.NEWS Deutschland","isPartOf":{"@id":"https:\/\/now-news.de\/de\/#website"},"primaryImageOfPage":{"@id":"https:\/\/now-news.de\/de\/deutschland\/trump-verpasst-seinem-engsten-verbuendeten-in-lateinamerika-demonstrative-pruegelstrafe\/#primaryimage"},"image":{"@id":"https:\/\/now-news.de\/de\/deutschland\/trump-verpasst-seinem-engsten-verbuendeten-in-lateinamerika-demonstrative-pruegelstrafe\/#primaryimage"},"thumbnailUrl":"https:\/\/now-news.de\/de\/wp-content\/uploads\/sites\/3\/2025\/01\/Trump-verpasst-seinem-engsten-Verbuendeten-in-Lateinamerika-demonstrative-quotPruegelstrafequot.jpg","datePublished":"2025-01-29T21:00:14+00:00","dateModified":"2025-01-29T21:00:14+00:00","breadcrumb":{"@id":"https:\/\/now-news.de\/de\/deutschland\/trump-verpasst-seinem-engsten-verbuendeten-in-lateinamerika-demonstrative-pruegelstrafe\/#breadcrumb"},"inLanguage":"de","potentialAction":[{"@type":"ReadAction","target":["https:\/\/now-news.de\/de\/deutschland\/trump-verpasst-seinem-engsten-verbuendeten-in-lateinamerika-demonstrative-pruegelstrafe\/"]}]},{"@type":"ImageObject","inLanguage":"de","@id":"https:\/\/now-news.de\/de\/deutschland\/trump-verpasst-seinem-engsten-verbuendeten-in-lateinamerika-demonstrative-pruegelstrafe\/#primaryimage","url":"https:\/\/now-news.de\/de\/wp-content\/uploads\/sites\/3\/2025\/01\/Trump-verpasst-seinem-engsten-Verbuendeten-in-Lateinamerika-demonstrative-quotPruegelstrafequot.jpg","contentUrl":"https:\/\/now-news.de\/de\/wp-content\/uploads\/sites\/3\/2025\/01\/Trump-verpasst-seinem-engsten-Verbuendeten-in-Lateinamerika-demonstrative-quotPruegelstrafequot.jpg","width":460,"height":259,"caption":"Trump verpasst seinem engsten Verb\u00fcndeten in Lateinamerika demonstrative &quot;Pr\u00fcgelstrafe&quot;"},{"@type":"BreadcrumbList","@id":"https:\/\/now-news.de\/de\/deutschland\/trump-verpasst-seinem-engsten-verbuendeten-in-lateinamerika-demonstrative-pruegelstrafe\/#breadcrumb","itemListElement":[{"@type":"ListItem","position":1,"name":"Home","item":"https:\/\/now-news.de\/de\/"},{"@type":"ListItem","position":2,"name":"Trump verpasst seinem engsten Verb\u00fcndeten in Lateinamerika demonstrative &quot;Pr\u00fcgelstrafe&quot;"}]},{"@type":"WebSite","@id":"https:\/\/now-news.de\/de\/#website","url":"https:\/\/now-news.de\/de\/","name":"just-now.NEWS Deutschland","description":"Das Portal f\u00fcr unzensierte Nachrichten aus der Welt","publisher":{"@id":"https:\/\/now-news.de\/de\/#organization"},"potentialAction":[{"@type":"SearchAction","target":{"@type":"EntryPoint","urlTemplate":"https:\/\/now-news.de\/de\/?s={search_term_string}"},"query-input":"required name=search_term_string"}],"inLanguage":"de"},{"@type":"Organization","@id":"https:\/\/now-news.de\/de\/#organization","name":"Just Now News","url":"https:\/\/now-news.de\/de\/","logo":{"@type":"ImageObject","inLanguage":"de","@id":"https:\/\/now-news.de\/de\/#\/schema\/logo\/image\/","url":"http:\/\/just-now.news\/de\/wp-content\/uploads\/sites\/3\/2022\/04\/logo500x500.jpg","contentUrl":"http:\/\/just-now.news\/de\/wp-content\/uploads\/sites\/3\/2022\/04\/logo500x500.jpg","width":500,"height":500,"caption":"Just Now News"},"image":{"@id":"https:\/\/now-news.de\/de\/#\/schema\/logo\/image\/"},"sameAs":["https:\/\/www.facebook.com\/wirmachenauf","https:\/\/x.com\/WirMachenAuf_de"]},{"@type":"Person","@id":"https:\/\/now-news.de\/de\/#\/schema\/person\/fb534a4e865501d8b3285208df34a9b5","name":"rtnews","image":{"@type":"ImageObject","inLanguage":"de","@id":"https:\/\/now-news.de\/de\/#\/schema\/person\/image\/","url":"https:\/\/secure.gravatar.com\/avatar\/82aafea7d8127119dd649515f56e2117?s=96&d=mm&r=g","contentUrl":"https:\/\/secure.gravatar.com\/avatar\/82aafea7d8127119dd649515f56e2117?s=96&d=mm&r=g","caption":"rtnews"},"url":"https:\/\/now-news.de\/de\/author\/rnews\/"}]}},"_links":{"self":[{"href":"https:\/\/now-news.de\/de\/wp-json\/wp\/v2\/posts\/77471"}],"collection":[{"href":"https:\/\/now-news.de\/de\/wp-json\/wp\/v2\/posts"}],"about":[{"href":"https:\/\/now-news.de\/de\/wp-json\/wp\/v2\/types\/post"}],"author":[{"embeddable":true,"href":"https:\/\/now-news.de\/de\/wp-json\/wp\/v2\/users\/3"}],"replies":[{"embeddable":true,"href":"https:\/\/now-news.de\/de\/wp-json\/wp\/v2\/comments?post=77471"}],"version-history":[{"count":0,"href":"https:\/\/now-news.de\/de\/wp-json\/wp\/v2\/posts\/77471\/revisions"}],"wp:featuredmedia":[{"embeddable":true,"href":"https:\/\/now-news.de\/de\/wp-json\/wp\/v2\/media\/77472"}],"wp:attachment":[{"href":"https:\/\/now-news.de\/de\/wp-json\/wp\/v2\/media?parent=77471"}],"wp:term":[{"taxonomy":"category","embeddable":true,"href":"https:\/\/now-news.de\/de\/wp-json\/wp\/v2\/categories?post=77471"},{"taxonomy":"post_tag","embeddable":true,"href":"https:\/\/now-news.de\/de\/wp-json\/wp\/v2\/tags?post=77471"}],"curies":[{"name":"wp","href":"https:\/\/api.w.org\/{rel}","templated":true}]}}