{"id":77383,"date":"2025-01-28T18:44:33","date_gmt":"2025-01-28T16:44:33","guid":{"rendered":"https:\/\/now-news.de\/de\/deutschland\/fpoe-will-tempo-150-mehrheit-der-oesterreicher-unterstuetzt-vorschlag\/"},"modified":"2025-01-28T18:44:33","modified_gmt":"2025-01-28T16:44:33","slug":"fpoe-will-tempo-150-mehrheit-der-oesterreicher-unterstuetzt-vorschlag","status":"publish","type":"post","link":"https:\/\/now-news.de\/de\/deutschland\/fpoe-will-tempo-150-mehrheit-der-oesterreicher-unterstuetzt-vorschlag\/","title":{"rendered":"FP\u00d6 will Tempo 150 \u2013 Mehrheit der \u00d6sterreicher unterst\u00fctzt Vorschlag"},"content":{"rendered":"<p><img decoding=\"async\" src=\"https:\/\/now-news.de\/de\/wp-content\/uploads\/sites\/3\/2025\/01\/6798fc1c48fbef630505fb62.jpg\" \/><\/p>\n<div class=\"Text-root Text-type_1 \">\n                Die FP\u00d6 fordert die Erh\u00f6hung des Tempolimits auf 150 km\/h auf bestimmten Autobahnabschnitten in \u00d6sterreich. Der Vorschlag st\u00f6\u00dft auf breite Unterst\u00fctzung in der Bev\u00f6lkerung, da viele Autofahrer die Ma\u00dfnahme als zeitgem\u00e4\u00df und angemessen empfinden. Kritiker warnen jedoch vor m\u00f6glichen Sicherheitsrisiken.\n            <\/div>\n<p><\/p>\n<div class=\"Text-root Text-type_5 ArticleView-text ViewText-root \">\n<p>In den aktuellen Koalitionsverhandlungen sorgt ein Thema f\u00fcr reichlich Diskussionsstoff: Die FP\u00d6 fordert, das Tempolimit auf bestimmten Autobahnabschnitten von 130 auf 150 km\/h anzuheben. W\u00e4hrend die politische Debatte in \u00d6sterreich weiterhin hitzig gef\u00fchrt wird, stellt sich die Freiheitliche Partei klar auf die Seite der Bef\u00fcrworter einer h\u00f6heren Geschwindigkeit.<\/p>\n<p>Doch was steckt eigentlich hinter diesem Vorsto\u00df, und welche Folgen h\u00e4tte eine solche Entscheidung f\u00fcr die Verkehrssicherheit?<\/p>\n<p>Die FP\u00d6 hat den Vorschlag eines h\u00f6heren Tempolimits nicht zum ersten Mal ins Spiel gebracht. Besonders Udo Landbauer, nieder\u00f6sterreichischer Landeshauptmann-Stellvertreter und Verkehrslandesrat, setzt sich seit l\u00e4ngerem f\u00fcr eine Anhebung auf 150 km\/h ein. Er argumentiert, dass dies der &#8220;Realit\u00e4t auf der Stra\u00dfe&#8221; besser entsprechen w\u00fcrde. Die FP\u00d6 h\u00e4lt das derzeitige Tempolimit von 130 km\/h f\u00fcr \u00fcberholt, vor allem auf gut ausgebauten Strecken, die h\u00f6here Geschwindigkeiten problemlos zulassen k\u00f6nnten.<\/p>\n<p>Bereits 2018 gab es einen Versuch, das Tempolimit auf zwei Autobahnabschnitten auf 140 km\/h anzuheben. Allerdings wurde dieser Test nach kurzer Zeit wieder gestoppt. Trotzdem h\u00e4lt die FP\u00d6 an ihrer Forderung fest, zumindest auf ausgew\u00e4hlten Strecken das Tempolimit zu erh\u00f6hen.<\/p>\n<p>Laut einer aktuellen Umfrage des Meinungsforschungsinstituts Unique Research im Auftrag der <em>Kleinen Zeitung<\/em> spricht sich eine Mehrheit der Befragten f\u00fcr Tempo 150 auf Autobahnen aus.<\/p>\n<p>51 Prozent der Teilnehmer unterst\u00fctzen den Vorschlag, w\u00e4hrend 18 Prozent sogar daf\u00fcr pl\u00e4dieren, das Limit auf 150 km\/h anzuheben. Viele Autofahrer argumentieren, dass h\u00f6here Geschwindigkeiten eine Anpassung an den technischen Fortschritt und die modernen Fahrzeuge darstellen, die heute sicherer und leistungsf\u00e4higer sind als fr\u00fcher.<\/p>\n<p>Doch es gibt auch kritische Stimmen. Einige warnen vor den m\u00f6glichen Risiken einer solchen Regelung. Eine Erh\u00f6hung des Tempolimits k\u00f6nnte zu mehr Unf\u00e4llen f\u00fchren, besonders auf stark befahrenen oder un\u00fcbersichtlichen Strecken.<\/p>\n<p>Hier wird oft auf Deutschland verwiesen, wo die Diskussion um ein generelles Tempolimit immer wieder hitzige Debatten ausl\u00f6st. Studien aus Deutschland zeigen, dass ein h\u00f6heres Tempolimit vor allem auf weniger befahrenen Strecken das Unfallrisiko erh\u00f6hen k\u00f6nnte.<\/p>\n<p>Deutschland ist weltweit bekannt f\u00fcr seine Autobahnen, auf denen in vielen Bereichen kein generelles Tempolimit gilt. Diese Freiheit, die f\u00fcr viele Autofahrer ein Markenzeichen des deutschen Verkehrsnetzes darstellt, sorgt immer wieder f\u00fcr intensive Diskussionen. W\u00e4hrend einige die unbeschr\u00e4nkte Fahrt als Zeichen der Flexibilit\u00e4t und des Vertrauens in die Fahrkenntnisse der Deutschen sehen, gibt es immer wieder Forderungen nach einem landesweiten Tempolimit.<\/p>\n<p>Die meisten Autobahnen in Deutschland sind frei von Geschwindigkeitsbeschr\u00e4nkungen. Lediglich auf bestimmten Abschnitten, vor allem in st\u00e4dtischen Gebieten oder auf besonders gef\u00e4hrdeten Strecken, gibt es Begrenzungen von 120 oder 130 km\/h. Diese Regelung ist einzigartig und sorgt weltweit f\u00fcr Aufsehen. In L\u00e4ndern wie \u00d6sterreich, Frankreich oder den Niederlanden existieren klare Tempolimits f\u00fcr alle Autobahnen. In Deutschland hingegen bleibt die Entscheidung \u00fcber die Geschwindigkeit auf weiten Strecken den Fahrern \u00fcberlassen, was sowohl Chancen als auch Risiken mit sich bringt.<\/p>\n<p>Die Diskussion \u00fcber Tempo 150 auf \u00f6sterreichischen Autobahnen bleibt spannend. W\u00e4hrend die FP\u00d6 den Vorschlag als Schritt in Richtung Modernisierung und Anpassung an die technischen M\u00f6glichkeiten sieht, gibt es berechtigte Bedenken hinsichtlich der Sicherheit.<\/p>\n<p><strong>Mehr zum Thema<\/strong>\u00a0\u2013\u00a0<a rel=\"nofollow noopener\" target=\"_blank\" href=\"https:\/\/freedert.online\/oesterreich\/229945-fluechtlinge-verweigern-deutschkurse-wegen-weiblichem\/\">Fl\u00fcchtlinge verweigern Deutschkurse wegen weiblichem Lehrpersonal<\/a><\/p>\n<div class=\"EmbedBlock-root EmbedBlock-externalVideo EmbedBlock-rumble\">\n<div class=\"VkEmbed\"><iframe class=\"lazyload\" data-src=\"https:\/\/rumble.com\/embed\/v5so2th\" frameborder=\"0\" width=\"853\" height=\"480\" allowfullscreen><\/iframe><\/div>\n<\/div>\n<\/div>\n<p><br \/>\n<br \/><a href=\"https:\/\/de.rt.com\/oesterreich\/234811-fpoe-will-150-kmh-mehrheit\/\">Source link <\/a><\/p>\n","protected":false},"excerpt":{"rendered":"<p>Die FP\u00d6 fordert die Erh\u00f6hung des Tempolimits auf 150 km\/h auf bestimmten Autobahnabschnitten in \u00d6sterreich. Der Vorschlag st\u00f6\u00dft auf breite Unterst\u00fctzung in der Bev\u00f6lkerung, da viele Autofahrer die Ma\u00dfnahme als zeitgem\u00e4\u00df und angemessen empfinden. Kritiker warnen jedoch vor m\u00f6glichen Sicherheitsrisiken. In den aktuellen Koalitionsverhandlungen sorgt ein Thema f\u00fcr reichlich Diskussionsstoff: Die FP\u00d6 fordert, das Tempolimit [&hellip;]<\/p>\n","protected":false},"author":3,"featured_media":77384,"comment_status":"open","ping_status":"open","sticky":false,"template":"","format":"standard","meta":{"_yoast_indexnow_last_ping":["1738082769"],"wp_automatic_camp":["217"],"60bb6d2e83e7a0f1717d8f1302009c44":["FP\u00d6 will Tempo 150 \u2013 Mehrheit der \u00d6sterreicher unterst\u00fctzt Vorschlag"],"original_link":["https:\/\/de.rt.com\/oesterreich\/234811-fpoe-will-150-kmh-mehrheit\/"],"_thumbnail_id":["77384"],"_wptgpro_p2tg_sent2tg":["a:1:{i:23737;s:19:\"2025-01-28 18:47:11\";}"],"jnews_social_counter_last_update":["1777230888"]},"categories":[19,23],"tags":[82,30964,2033,19042,43876,5073,24818],"yoast_head":"<!-- This site is optimized with the Yoast SEO Premium plugin v22.7 (Yoast SEO v22.7) - https:\/\/yoast.com\/wordpress\/plugins\/seo\/ -->\n<title>FP\u00d6 will Tempo 150 \u2013 Mehrheit der \u00d6sterreicher unterst\u00fctzt Vorschlag - just-now.NEWS Deutschland<\/title>\n<meta name=\"robots\" content=\"index, follow, max-snippet:-1, max-image-preview:large, max-video-preview:-1\" \/>\n<link rel=\"canonical\" href=\"https:\/\/now-news.de\/de\/deutschland\/fpoe-will-tempo-150-mehrheit-der-oesterreicher-unterstuetzt-vorschlag\/\" \/>\n<meta property=\"og:locale\" content=\"de_DE\" \/>\n<meta property=\"og:type\" content=\"article\" \/>\n<meta property=\"og:title\" content=\"FP\u00d6 will Tempo 150 \u2013 Mehrheit der \u00d6sterreicher unterst\u00fctzt Vorschlag\" \/>\n<meta property=\"og:description\" content=\"Die FP\u00d6 fordert die Erh\u00f6hung des Tempolimits auf 150 km\/h auf bestimmten Autobahnabschnitten in \u00d6sterreich. Der Vorschlag st\u00f6\u00dft auf breite Unterst\u00fctzung in der Bev\u00f6lkerung, da viele Autofahrer die Ma\u00dfnahme als zeitgem\u00e4\u00df und angemessen empfinden. Kritiker warnen jedoch vor m\u00f6glichen Sicherheitsrisiken. In den aktuellen Koalitionsverhandlungen sorgt ein Thema f\u00fcr reichlich Diskussionsstoff: Die FP\u00d6 fordert, das Tempolimit [&hellip;]\" \/>\n<meta property=\"og:url\" content=\"https:\/\/now-news.de\/de\/deutschland\/fpoe-will-tempo-150-mehrheit-der-oesterreicher-unterstuetzt-vorschlag\/\" \/>\n<meta property=\"og:site_name\" content=\"just-now.NEWS Deutschland\" \/>\n<meta property=\"article:publisher\" content=\"https:\/\/www.facebook.com\/wirmachenauf\" \/>\n<meta property=\"article:published_time\" content=\"2025-01-28T16:44:33+00:00\" \/>\n<meta property=\"og:image\" content=\"https:\/\/now-news.de\/de\/wp-content\/uploads\/sites\/3\/2025\/01\/6798fc1c48fbef630505fb62.jpg\" \/>\n<meta name=\"author\" content=\"rtnews\" \/>\n<meta name=\"twitter:card\" content=\"summary_large_image\" \/>\n<meta name=\"twitter:creator\" content=\"@WirMachenAuf_de\" \/>\n<meta name=\"twitter:site\" content=\"@WirMachenAuf_de\" \/>\n<meta name=\"twitter:label1\" content=\"Verfasst von\" \/>\n\t<meta name=\"twitter:data1\" content=\"rtnews\" \/>\n\t<meta name=\"twitter:label2\" content=\"Gesch\u00e4tzte Lesezeit\" \/>\n\t<meta name=\"twitter:data2\" content=\"3\u00a0Minuten\" \/>\n<script type=\"application\/ld+json\" class=\"yoast-schema-graph\">{\"@context\":\"https:\/\/schema.org\",\"@graph\":[{\"@type\":\"Article\",\"@id\":\"https:\/\/now-news.de\/de\/deutschland\/fpoe-will-tempo-150-mehrheit-der-oesterreicher-unterstuetzt-vorschlag\/#article\",\"isPartOf\":{\"@id\":\"https:\/\/now-news.de\/de\/deutschland\/fpoe-will-tempo-150-mehrheit-der-oesterreicher-unterstuetzt-vorschlag\/\"},\"author\":{\"name\":\"rtnews\",\"@id\":\"https:\/\/now-news.de\/de\/#\/schema\/person\/fb534a4e865501d8b3285208df34a9b5\"},\"headline\":\"FP\u00d6 will Tempo 150 \u2013 Mehrheit der \u00d6sterreicher unterst\u00fctzt Vorschlag\",\"datePublished\":\"2025-01-28T16:44:33+00:00\",\"dateModified\":\"2025-01-28T16:44:33+00:00\",\"mainEntityOfPage\":{\"@id\":\"https:\/\/now-news.de\/de\/deutschland\/fpoe-will-tempo-150-mehrheit-der-oesterreicher-unterstuetzt-vorschlag\/\"},\"wordCount\":596,\"commentCount\":0,\"publisher\":{\"@id\":\"https:\/\/now-news.de\/de\/#organization\"},\"image\":{\"@id\":\"https:\/\/now-news.de\/de\/deutschland\/fpoe-will-tempo-150-mehrheit-der-oesterreicher-unterstuetzt-vorschlag\/#primaryimage\"},\"thumbnailUrl\":\"https:\/\/now-news.de\/de\/wp-content\/uploads\/sites\/3\/2025\/01\/FPOe-will-Tempo-150-\u2013-Mehrheit-der-Oesterreicher-unterstuetzt-Vorschlag.jpg\",\"keywords\":[\"der\",\"FP\u00d6\",\"Mehrheit\",\"\u00d6sterreicher\",\"Tempo\",\"unterst\u00fctzt\",\"Vorschlag\"],\"articleSection\":[\"Deutschland\",\"Russland\"],\"inLanguage\":\"de\",\"potentialAction\":[{\"@type\":\"CommentAction\",\"name\":\"Comment\",\"target\":[\"https:\/\/now-news.de\/de\/deutschland\/fpoe-will-tempo-150-mehrheit-der-oesterreicher-unterstuetzt-vorschlag\/#respond\"]}]},{\"@type\":\"WebPage\",\"@id\":\"https:\/\/now-news.de\/de\/deutschland\/fpoe-will-tempo-150-mehrheit-der-oesterreicher-unterstuetzt-vorschlag\/\",\"url\":\"https:\/\/now-news.de\/de\/deutschland\/fpoe-will-tempo-150-mehrheit-der-oesterreicher-unterstuetzt-vorschlag\/\",\"name\":\"FP\u00d6 will Tempo 150 \u2013 Mehrheit der \u00d6sterreicher unterst\u00fctzt Vorschlag - just-now.NEWS Deutschland\",\"isPartOf\":{\"@id\":\"https:\/\/now-news.de\/de\/#website\"},\"primaryImageOfPage\":{\"@id\":\"https:\/\/now-news.de\/de\/deutschland\/fpoe-will-tempo-150-mehrheit-der-oesterreicher-unterstuetzt-vorschlag\/#primaryimage\"},\"image\":{\"@id\":\"https:\/\/now-news.de\/de\/deutschland\/fpoe-will-tempo-150-mehrheit-der-oesterreicher-unterstuetzt-vorschlag\/#primaryimage\"},\"thumbnailUrl\":\"https:\/\/now-news.de\/de\/wp-content\/uploads\/sites\/3\/2025\/01\/FPOe-will-Tempo-150-\u2013-Mehrheit-der-Oesterreicher-unterstuetzt-Vorschlag.jpg\",\"datePublished\":\"2025-01-28T16:44:33+00:00\",\"dateModified\":\"2025-01-28T16:44:33+00:00\",\"breadcrumb\":{\"@id\":\"https:\/\/now-news.de\/de\/deutschland\/fpoe-will-tempo-150-mehrheit-der-oesterreicher-unterstuetzt-vorschlag\/#breadcrumb\"},\"inLanguage\":\"de\",\"potentialAction\":[{\"@type\":\"ReadAction\",\"target\":[\"https:\/\/now-news.de\/de\/deutschland\/fpoe-will-tempo-150-mehrheit-der-oesterreicher-unterstuetzt-vorschlag\/\"]}]},{\"@type\":\"ImageObject\",\"inLanguage\":\"de\",\"@id\":\"https:\/\/now-news.de\/de\/deutschland\/fpoe-will-tempo-150-mehrheit-der-oesterreicher-unterstuetzt-vorschlag\/#primaryimage\",\"url\":\"https:\/\/now-news.de\/de\/wp-content\/uploads\/sites\/3\/2025\/01\/FPOe-will-Tempo-150-\u2013-Mehrheit-der-Oesterreicher-unterstuetzt-Vorschlag.jpg\",\"contentUrl\":\"https:\/\/now-news.de\/de\/wp-content\/uploads\/sites\/3\/2025\/01\/FPOe-will-Tempo-150-\u2013-Mehrheit-der-Oesterreicher-unterstuetzt-Vorschlag.jpg\",\"width\":460,\"height\":259,\"caption\":\"FP\u00d6 will Tempo 150 \u2013 Mehrheit der \u00d6sterreicher unterst\u00fctzt Vorschlag\"},{\"@type\":\"BreadcrumbList\",\"@id\":\"https:\/\/now-news.de\/de\/deutschland\/fpoe-will-tempo-150-mehrheit-der-oesterreicher-unterstuetzt-vorschlag\/#breadcrumb\",\"itemListElement\":[{\"@type\":\"ListItem\",\"position\":1,\"name\":\"Home\",\"item\":\"https:\/\/now-news.de\/de\/\"},{\"@type\":\"ListItem\",\"position\":2,\"name\":\"FP\u00d6 will Tempo 150 \u2013 Mehrheit der \u00d6sterreicher unterst\u00fctzt Vorschlag\"}]},{\"@type\":\"WebSite\",\"@id\":\"https:\/\/now-news.de\/de\/#website\",\"url\":\"https:\/\/now-news.de\/de\/\",\"name\":\"just-now.NEWS Deutschland\",\"description\":\"Das Portal f\u00fcr unzensierte Nachrichten aus der Welt\",\"publisher\":{\"@id\":\"https:\/\/now-news.de\/de\/#organization\"},\"potentialAction\":[{\"@type\":\"SearchAction\",\"target\":{\"@type\":\"EntryPoint\",\"urlTemplate\":\"https:\/\/now-news.de\/de\/?s={search_term_string}\"},\"query-input\":\"required name=search_term_string\"}],\"inLanguage\":\"de\"},{\"@type\":\"Organization\",\"@id\":\"https:\/\/now-news.de\/de\/#organization\",\"name\":\"Just Now News\",\"url\":\"https:\/\/now-news.de\/de\/\",\"logo\":{\"@type\":\"ImageObject\",\"inLanguage\":\"de\",\"@id\":\"https:\/\/now-news.de\/de\/#\/schema\/logo\/image\/\",\"url\":\"http:\/\/just-now.news\/de\/wp-content\/uploads\/sites\/3\/2022\/04\/logo500x500.jpg\",\"contentUrl\":\"http:\/\/just-now.news\/de\/wp-content\/uploads\/sites\/3\/2022\/04\/logo500x500.jpg\",\"width\":500,\"height\":500,\"caption\":\"Just Now News\"},\"image\":{\"@id\":\"https:\/\/now-news.de\/de\/#\/schema\/logo\/image\/\"},\"sameAs\":[\"https:\/\/www.facebook.com\/wirmachenauf\",\"https:\/\/x.com\/WirMachenAuf_de\"]},{\"@type\":\"Person\",\"@id\":\"https:\/\/now-news.de\/de\/#\/schema\/person\/fb534a4e865501d8b3285208df34a9b5\",\"name\":\"rtnews\",\"image\":{\"@type\":\"ImageObject\",\"inLanguage\":\"de\",\"@id\":\"https:\/\/now-news.de\/de\/#\/schema\/person\/image\/\",\"url\":\"https:\/\/secure.gravatar.com\/avatar\/82aafea7d8127119dd649515f56e2117?s=96&d=mm&r=g\",\"contentUrl\":\"https:\/\/secure.gravatar.com\/avatar\/82aafea7d8127119dd649515f56e2117?s=96&d=mm&r=g\",\"caption\":\"rtnews\"},\"url\":\"https:\/\/now-news.de\/de\/author\/rnews\/\"}]}<\/script>\n<!-- \/ Yoast SEO Premium plugin. -->","yoast_head_json":{"title":"FP\u00d6 will Tempo 150 \u2013 Mehrheit der \u00d6sterreicher unterst\u00fctzt Vorschlag - just-now.NEWS Deutschland","robots":{"index":"index","follow":"follow","max-snippet":"max-snippet:-1","max-image-preview":"max-image-preview:large","max-video-preview":"max-video-preview:-1"},"canonical":"https:\/\/now-news.de\/de\/deutschland\/fpoe-will-tempo-150-mehrheit-der-oesterreicher-unterstuetzt-vorschlag\/","og_locale":"de_DE","og_type":"article","og_title":"FP\u00d6 will Tempo 150 \u2013 Mehrheit der \u00d6sterreicher unterst\u00fctzt Vorschlag","og_description":"Die FP\u00d6 fordert die Erh\u00f6hung des Tempolimits auf 150 km\/h auf bestimmten Autobahnabschnitten in \u00d6sterreich. Der Vorschlag st\u00f6\u00dft auf breite Unterst\u00fctzung in der Bev\u00f6lkerung, da viele Autofahrer die Ma\u00dfnahme als zeitgem\u00e4\u00df und angemessen empfinden. Kritiker warnen jedoch vor m\u00f6glichen Sicherheitsrisiken. In den aktuellen Koalitionsverhandlungen sorgt ein Thema f\u00fcr reichlich Diskussionsstoff: Die FP\u00d6 fordert, das Tempolimit [&hellip;]","og_url":"https:\/\/now-news.de\/de\/deutschland\/fpoe-will-tempo-150-mehrheit-der-oesterreicher-unterstuetzt-vorschlag\/","og_site_name":"just-now.NEWS Deutschland","article_publisher":"https:\/\/www.facebook.com\/wirmachenauf","article_published_time":"2025-01-28T16:44:33+00:00","og_image":[{"url":"https:\/\/now-news.de\/de\/wp-content\/uploads\/sites\/3\/2025\/01\/6798fc1c48fbef630505fb62.jpg"}],"author":"rtnews","twitter_card":"summary_large_image","twitter_creator":"@WirMachenAuf_de","twitter_site":"@WirMachenAuf_de","twitter_misc":{"Verfasst von":"rtnews","Gesch\u00e4tzte Lesezeit":"3\u00a0Minuten"},"schema":{"@context":"https:\/\/schema.org","@graph":[{"@type":"Article","@id":"https:\/\/now-news.de\/de\/deutschland\/fpoe-will-tempo-150-mehrheit-der-oesterreicher-unterstuetzt-vorschlag\/#article","isPartOf":{"@id":"https:\/\/now-news.de\/de\/deutschland\/fpoe-will-tempo-150-mehrheit-der-oesterreicher-unterstuetzt-vorschlag\/"},"author":{"name":"rtnews","@id":"https:\/\/now-news.de\/de\/#\/schema\/person\/fb534a4e865501d8b3285208df34a9b5"},"headline":"FP\u00d6 will Tempo 150 \u2013 Mehrheit der \u00d6sterreicher unterst\u00fctzt Vorschlag","datePublished":"2025-01-28T16:44:33+00:00","dateModified":"2025-01-28T16:44:33+00:00","mainEntityOfPage":{"@id":"https:\/\/now-news.de\/de\/deutschland\/fpoe-will-tempo-150-mehrheit-der-oesterreicher-unterstuetzt-vorschlag\/"},"wordCount":596,"commentCount":0,"publisher":{"@id":"https:\/\/now-news.de\/de\/#organization"},"image":{"@id":"https:\/\/now-news.de\/de\/deutschland\/fpoe-will-tempo-150-mehrheit-der-oesterreicher-unterstuetzt-vorschlag\/#primaryimage"},"thumbnailUrl":"https:\/\/now-news.de\/de\/wp-content\/uploads\/sites\/3\/2025\/01\/FPOe-will-Tempo-150-\u2013-Mehrheit-der-Oesterreicher-unterstuetzt-Vorschlag.jpg","keywords":["der","FP\u00d6","Mehrheit","\u00d6sterreicher","Tempo","unterst\u00fctzt","Vorschlag"],"articleSection":["Deutschland","Russland"],"inLanguage":"de","potentialAction":[{"@type":"CommentAction","name":"Comment","target":["https:\/\/now-news.de\/de\/deutschland\/fpoe-will-tempo-150-mehrheit-der-oesterreicher-unterstuetzt-vorschlag\/#respond"]}]},{"@type":"WebPage","@id":"https:\/\/now-news.de\/de\/deutschland\/fpoe-will-tempo-150-mehrheit-der-oesterreicher-unterstuetzt-vorschlag\/","url":"https:\/\/now-news.de\/de\/deutschland\/fpoe-will-tempo-150-mehrheit-der-oesterreicher-unterstuetzt-vorschlag\/","name":"FP\u00d6 will Tempo 150 \u2013 Mehrheit der \u00d6sterreicher unterst\u00fctzt Vorschlag - just-now.NEWS Deutschland","isPartOf":{"@id":"https:\/\/now-news.de\/de\/#website"},"primaryImageOfPage":{"@id":"https:\/\/now-news.de\/de\/deutschland\/fpoe-will-tempo-150-mehrheit-der-oesterreicher-unterstuetzt-vorschlag\/#primaryimage"},"image":{"@id":"https:\/\/now-news.de\/de\/deutschland\/fpoe-will-tempo-150-mehrheit-der-oesterreicher-unterstuetzt-vorschlag\/#primaryimage"},"thumbnailUrl":"https:\/\/now-news.de\/de\/wp-content\/uploads\/sites\/3\/2025\/01\/FPOe-will-Tempo-150-\u2013-Mehrheit-der-Oesterreicher-unterstuetzt-Vorschlag.jpg","datePublished":"2025-01-28T16:44:33+00:00","dateModified":"2025-01-28T16:44:33+00:00","breadcrumb":{"@id":"https:\/\/now-news.de\/de\/deutschland\/fpoe-will-tempo-150-mehrheit-der-oesterreicher-unterstuetzt-vorschlag\/#breadcrumb"},"inLanguage":"de","potentialAction":[{"@type":"ReadAction","target":["https:\/\/now-news.de\/de\/deutschland\/fpoe-will-tempo-150-mehrheit-der-oesterreicher-unterstuetzt-vorschlag\/"]}]},{"@type":"ImageObject","inLanguage":"de","@id":"https:\/\/now-news.de\/de\/deutschland\/fpoe-will-tempo-150-mehrheit-der-oesterreicher-unterstuetzt-vorschlag\/#primaryimage","url":"https:\/\/now-news.de\/de\/wp-content\/uploads\/sites\/3\/2025\/01\/FPOe-will-Tempo-150-\u2013-Mehrheit-der-Oesterreicher-unterstuetzt-Vorschlag.jpg","contentUrl":"https:\/\/now-news.de\/de\/wp-content\/uploads\/sites\/3\/2025\/01\/FPOe-will-Tempo-150-\u2013-Mehrheit-der-Oesterreicher-unterstuetzt-Vorschlag.jpg","width":460,"height":259,"caption":"FP\u00d6 will Tempo 150 \u2013 Mehrheit der \u00d6sterreicher unterst\u00fctzt Vorschlag"},{"@type":"BreadcrumbList","@id":"https:\/\/now-news.de\/de\/deutschland\/fpoe-will-tempo-150-mehrheit-der-oesterreicher-unterstuetzt-vorschlag\/#breadcrumb","itemListElement":[{"@type":"ListItem","position":1,"name":"Home","item":"https:\/\/now-news.de\/de\/"},{"@type":"ListItem","position":2,"name":"FP\u00d6 will Tempo 150 \u2013 Mehrheit der \u00d6sterreicher unterst\u00fctzt Vorschlag"}]},{"@type":"WebSite","@id":"https:\/\/now-news.de\/de\/#website","url":"https:\/\/now-news.de\/de\/","name":"just-now.NEWS Deutschland","description":"Das Portal f\u00fcr unzensierte Nachrichten aus der Welt","publisher":{"@id":"https:\/\/now-news.de\/de\/#organization"},"potentialAction":[{"@type":"SearchAction","target":{"@type":"EntryPoint","urlTemplate":"https:\/\/now-news.de\/de\/?s={search_term_string}"},"query-input":"required name=search_term_string"}],"inLanguage":"de"},{"@type":"Organization","@id":"https:\/\/now-news.de\/de\/#organization","name":"Just Now News","url":"https:\/\/now-news.de\/de\/","logo":{"@type":"ImageObject","inLanguage":"de","@id":"https:\/\/now-news.de\/de\/#\/schema\/logo\/image\/","url":"http:\/\/just-now.news\/de\/wp-content\/uploads\/sites\/3\/2022\/04\/logo500x500.jpg","contentUrl":"http:\/\/just-now.news\/de\/wp-content\/uploads\/sites\/3\/2022\/04\/logo500x500.jpg","width":500,"height":500,"caption":"Just Now News"},"image":{"@id":"https:\/\/now-news.de\/de\/#\/schema\/logo\/image\/"},"sameAs":["https:\/\/www.facebook.com\/wirmachenauf","https:\/\/x.com\/WirMachenAuf_de"]},{"@type":"Person","@id":"https:\/\/now-news.de\/de\/#\/schema\/person\/fb534a4e865501d8b3285208df34a9b5","name":"rtnews","image":{"@type":"ImageObject","inLanguage":"de","@id":"https:\/\/now-news.de\/de\/#\/schema\/person\/image\/","url":"https:\/\/secure.gravatar.com\/avatar\/82aafea7d8127119dd649515f56e2117?s=96&d=mm&r=g","contentUrl":"https:\/\/secure.gravatar.com\/avatar\/82aafea7d8127119dd649515f56e2117?s=96&d=mm&r=g","caption":"rtnews"},"url":"https:\/\/now-news.de\/de\/author\/rnews\/"}]}},"_links":{"self":[{"href":"https:\/\/now-news.de\/de\/wp-json\/wp\/v2\/posts\/77383"}],"collection":[{"href":"https:\/\/now-news.de\/de\/wp-json\/wp\/v2\/posts"}],"about":[{"href":"https:\/\/now-news.de\/de\/wp-json\/wp\/v2\/types\/post"}],"author":[{"embeddable":true,"href":"https:\/\/now-news.de\/de\/wp-json\/wp\/v2\/users\/3"}],"replies":[{"embeddable":true,"href":"https:\/\/now-news.de\/de\/wp-json\/wp\/v2\/comments?post=77383"}],"version-history":[{"count":0,"href":"https:\/\/now-news.de\/de\/wp-json\/wp\/v2\/posts\/77383\/revisions"}],"wp:featuredmedia":[{"embeddable":true,"href":"https:\/\/now-news.de\/de\/wp-json\/wp\/v2\/media\/77384"}],"wp:attachment":[{"href":"https:\/\/now-news.de\/de\/wp-json\/wp\/v2\/media?parent=77383"}],"wp:term":[{"taxonomy":"category","embeddable":true,"href":"https:\/\/now-news.de\/de\/wp-json\/wp\/v2\/categories?post=77383"},{"taxonomy":"post_tag","embeddable":true,"href":"https:\/\/now-news.de\/de\/wp-json\/wp\/v2\/tags?post=77383"}],"curies":[{"name":"wp","href":"https:\/\/api.w.org\/{rel}","templated":true}]}}