{"id":77342,"date":"2025-01-28T11:05:37","date_gmt":"2025-01-28T09:05:37","guid":{"rendered":"https:\/\/now-news.de\/de\/deutschland\/tag-des-sieges-brasiliens-praesident-plant-moskau-besuch-im-mai\/"},"modified":"2025-01-28T11:05:37","modified_gmt":"2025-01-28T09:05:37","slug":"tag-des-sieges-brasiliens-praesident-plant-moskau-besuch-im-mai","status":"publish","type":"post","link":"https:\/\/now-news.de\/de\/deutschland\/tag-des-sieges-brasiliens-praesident-plant-moskau-besuch-im-mai\/","title":{"rendered":"Tag des Sieges: Brasiliens Pr\u00e4sident plant Moskau-Besuch im Mai"},"content":{"rendered":"<p><img decoding=\"async\" src=\"https:\/\/now-news.de\/de\/wp-content\/uploads\/sites\/3\/2025\/01\/67988e7d48fbef683262033b.jpg\" \/><\/p>\n<div class=\"Text-root Text-type_1 \">\n                Der brasilianische Pr\u00e4sident Lula da Silva wird an den Feierlichkeiten zum 80. Jahrestag des Sieges im Zweiten Weltkrieg in Moskau teilnehmen. In einem Gespr\u00e4ch mit Wladimir Putin best\u00e4tigte er seine Teilnahme am 9. Mai. Auch andere internationale G\u00e4ste werden erwartet.\n            <\/div>\n<p><\/p>\n<div class=\"Text-root Text-type_5 ArticleView-text ViewText-root \">\n<p>Brasiliens Pr\u00e4sident Lula da Silva hat seine Teilnahme an den Feierlichkeiten zum 80. Jahrestag des Sieges im Zweiten Weltkrieg in Moskau offiziell best\u00e4tigt. In einem Gespr\u00e4ch mit seinem\u00a0russischen\u00a0Amtskollegen Wladimir Putin habe er am Montag eine entsprechende Einladung erhalten und diese angenommen, teilte sein Pressedienst mit.<\/p>\n<p>Die beiden Staatsoberh\u00e4upter sprachen zudem \u00fcber wichtige geopolitische Themen wie die aktuellen Entwicklungen im Ukraine-Konflikt und er\u00f6rterten Perspektiven f\u00fcr eine L\u00f6sung der Krise. Auch die Auswirkungen des Amtsantritts der neuen US-Regierung auf die internationale Politik kamen zur Sprache. Beide Pr\u00e4sidenten bekr\u00e4ftigten ihre Absicht, die Zusammenarbeit in den Bereichen Politik, Wirtschaft und Handel zu intensivieren. Besonders hervorgehoben wurde die enge Partnerschaft im Rahmen der BRICS-Staaten, deren Vorsitz Brasilien\u00a0dieses Jahr\u00a0\u00fcbernommen hat.<\/p>\n<p>Auch weitere Staatsoberh\u00e4upter haben ihre Teilnahme an der Parade in Moskau zugesagt. Es wird erwartet, dass der serbische Pr\u00e4sident Aleksandar Vu\u010di\u0107 und der kasachische Pr\u00e4sident Kassym-Jomart Tokajew eintreffen. Auch der chinesische Pr\u00e4sident Xi Jinping wird erwartet. Spekuliert wird, dass auch ein hochrangiger US-Vertreter aus dem Umfeld von Pr\u00e4sident Donald Trump\u00a0zusagen k\u00f6nnte, wie das Magazin <em>Newsweek<\/em> berichtete.<\/p>\n<p>Laut Angaben von Verteidigungsminister Andrei Beloussow seien Milit\u00e4reinheiten aus insgesamt 19 befreundeten Staaten eingeladen, von denen bereits zehn ihre Teilnahme zugesagt h\u00e4tten. Wie der japanische Rundfunksender <em>NHK<\/em> berichtete, hat die Demokratische Volksrepublik Korea zugesagt, Truppen zu der Parade zu entsenden.<\/p>\n<p><strong>Mehr zum Thema<\/strong> &#8211; <a rel=\"nofollow noopener\" target=\"_blank\" href=\"https:\/\/freeassange.rtde.live\/russland\/233141-minister-nur-noch-7000-kriegsveteranen\/\">Beloussow: Nur noch 7.000 Veteranen des Gro\u00dfen Vaterl\u00e4ndischen Krieges in Russland am Leben<\/a><\/p>\n<div class=\"EmbedBlock-root EmbedBlock-externalVideo EmbedBlock-rumble\">\n<div class=\"VkEmbed\"><iframe class=\"lazyload\" data-src=\"https:\/\/rumble.com\/embed\/v6btwas\" frameborder=\"0\" width=\"853\" height=\"480\" allowfullscreen><\/iframe><\/div>\n<\/div>\n<\/div>\n<p><br \/>\n<br \/><a href=\"https:\/\/de.rt.com\/international\/234707-tag-sieges-praesident-brasiliens-plant\/\">Source link <\/a><\/p>\n","protected":false},"excerpt":{"rendered":"<p>Der brasilianische Pr\u00e4sident Lula da Silva wird an den Feierlichkeiten zum 80. Jahrestag des Sieges im Zweiten Weltkrieg in Moskau teilnehmen. In einem Gespr\u00e4ch mit Wladimir Putin best\u00e4tigte er seine Teilnahme am 9. Mai. Auch andere internationale G\u00e4ste werden erwartet. Brasiliens Pr\u00e4sident Lula da Silva hat seine Teilnahme an den Feierlichkeiten zum 80. Jahrestag des [&hellip;]<\/p>\n","protected":false},"author":3,"featured_media":77343,"comment_status":"open","ping_status":"open","sticky":false,"template":"","format":"standard","meta":{"_yoast_indexnow_last_ping":["1738055708"],"wp_automatic_camp":["217"],"794e8cb14ca86cd816a4a4b7687b08f8":["Tag des Sieges: Brasiliens Pr\u00e4sident plant Moskau-Besuch im Mai"],"original_link":["https:\/\/de.rt.com\/international\/234707-tag-sieges-praesident-brasiliens-plant\/"],"_thumbnail_id":["77343"],"_wptgpro_p2tg_sent2tg":["a:1:{i:23737;s:19:\"2025-01-28 11:16:10\";}"],"jnews_social_counter_last_update":["1777428703"]},"categories":[19,23],"tags":[4646,583,9933,62278,2559,3464,19276,7552],"yoast_head":"<!-- This site is optimized with the Yoast SEO Premium plugin v22.7 (Yoast SEO v22.7) - https:\/\/yoast.com\/wordpress\/plugins\/seo\/ -->\n<title>Tag des Sieges: Brasiliens Pr\u00e4sident plant Moskau-Besuch im Mai - just-now.NEWS Deutschland<\/title>\n<meta name=\"robots\" content=\"index, follow, max-snippet:-1, max-image-preview:large, max-video-preview:-1\" \/>\n<link rel=\"canonical\" href=\"https:\/\/now-news.de\/de\/deutschland\/tag-des-sieges-brasiliens-praesident-plant-moskau-besuch-im-mai\/\" \/>\n<meta property=\"og:locale\" content=\"de_DE\" \/>\n<meta property=\"og:type\" content=\"article\" \/>\n<meta property=\"og:title\" content=\"Tag des Sieges: Brasiliens Pr\u00e4sident plant Moskau-Besuch im Mai\" \/>\n<meta property=\"og:description\" content=\"Der brasilianische Pr\u00e4sident Lula da Silva wird an den Feierlichkeiten zum 80. Jahrestag des Sieges im Zweiten Weltkrieg in Moskau teilnehmen. In einem Gespr\u00e4ch mit Wladimir Putin best\u00e4tigte er seine Teilnahme am 9. Mai. Auch andere internationale G\u00e4ste werden erwartet. Brasiliens Pr\u00e4sident Lula da Silva hat seine Teilnahme an den Feierlichkeiten zum 80. Jahrestag des [&hellip;]\" \/>\n<meta property=\"og:url\" content=\"https:\/\/now-news.de\/de\/deutschland\/tag-des-sieges-brasiliens-praesident-plant-moskau-besuch-im-mai\/\" \/>\n<meta property=\"og:site_name\" content=\"just-now.NEWS Deutschland\" \/>\n<meta property=\"article:publisher\" content=\"https:\/\/www.facebook.com\/wirmachenauf\" \/>\n<meta property=\"article:published_time\" content=\"2025-01-28T09:05:37+00:00\" \/>\n<meta property=\"og:image\" content=\"https:\/\/now-news.de\/de\/wp-content\/uploads\/sites\/3\/2025\/01\/67988e7d48fbef683262033b.jpg\" \/>\n<meta name=\"author\" content=\"rtnews\" \/>\n<meta name=\"twitter:card\" content=\"summary_large_image\" \/>\n<meta name=\"twitter:creator\" content=\"@WirMachenAuf_de\" \/>\n<meta name=\"twitter:site\" content=\"@WirMachenAuf_de\" \/>\n<meta name=\"twitter:label1\" content=\"Verfasst von\" \/>\n\t<meta name=\"twitter:data1\" content=\"rtnews\" \/>\n\t<meta name=\"twitter:label2\" content=\"Gesch\u00e4tzte Lesezeit\" \/>\n\t<meta name=\"twitter:data2\" content=\"1\u00a0Minute\" \/>\n<script type=\"application\/ld+json\" class=\"yoast-schema-graph\">{\"@context\":\"https:\/\/schema.org\",\"@graph\":[{\"@type\":\"Article\",\"@id\":\"https:\/\/now-news.de\/de\/deutschland\/tag-des-sieges-brasiliens-praesident-plant-moskau-besuch-im-mai\/#article\",\"isPartOf\":{\"@id\":\"https:\/\/now-news.de\/de\/deutschland\/tag-des-sieges-brasiliens-praesident-plant-moskau-besuch-im-mai\/\"},\"author\":{\"name\":\"rtnews\",\"@id\":\"https:\/\/now-news.de\/de\/#\/schema\/person\/fb534a4e865501d8b3285208df34a9b5\"},\"headline\":\"Tag des Sieges: Brasiliens Pr\u00e4sident plant Moskau-Besuch im Mai\",\"datePublished\":\"2025-01-28T09:05:37+00:00\",\"dateModified\":\"2025-01-28T09:05:37+00:00\",\"mainEntityOfPage\":{\"@id\":\"https:\/\/now-news.de\/de\/deutschland\/tag-des-sieges-brasiliens-praesident-plant-moskau-besuch-im-mai\/\"},\"wordCount\":304,\"commentCount\":0,\"publisher\":{\"@id\":\"https:\/\/now-news.de\/de\/#organization\"},\"image\":{\"@id\":\"https:\/\/now-news.de\/de\/deutschland\/tag-des-sieges-brasiliens-praesident-plant-moskau-besuch-im-mai\/#primaryimage\"},\"thumbnailUrl\":\"https:\/\/now-news.de\/de\/wp-content\/uploads\/sites\/3\/2025\/01\/Tag-des-Sieges-Brasiliens-Praesident-plant-Moskau-Besuch-im-Mai.jpg\",\"keywords\":[\"Brasiliens\",\"des\",\"Mai\",\"MoskauBesuch\",\"plant\",\"Pr\u00e4sident\",\"Sieges\",\"Tag\"],\"articleSection\":[\"Deutschland\",\"Russland\"],\"inLanguage\":\"de\",\"potentialAction\":[{\"@type\":\"CommentAction\",\"name\":\"Comment\",\"target\":[\"https:\/\/now-news.de\/de\/deutschland\/tag-des-sieges-brasiliens-praesident-plant-moskau-besuch-im-mai\/#respond\"]}]},{\"@type\":\"WebPage\",\"@id\":\"https:\/\/now-news.de\/de\/deutschland\/tag-des-sieges-brasiliens-praesident-plant-moskau-besuch-im-mai\/\",\"url\":\"https:\/\/now-news.de\/de\/deutschland\/tag-des-sieges-brasiliens-praesident-plant-moskau-besuch-im-mai\/\",\"name\":\"Tag des Sieges: Brasiliens Pr\u00e4sident plant Moskau-Besuch im Mai - just-now.NEWS Deutschland\",\"isPartOf\":{\"@id\":\"https:\/\/now-news.de\/de\/#website\"},\"primaryImageOfPage\":{\"@id\":\"https:\/\/now-news.de\/de\/deutschland\/tag-des-sieges-brasiliens-praesident-plant-moskau-besuch-im-mai\/#primaryimage\"},\"image\":{\"@id\":\"https:\/\/now-news.de\/de\/deutschland\/tag-des-sieges-brasiliens-praesident-plant-moskau-besuch-im-mai\/#primaryimage\"},\"thumbnailUrl\":\"https:\/\/now-news.de\/de\/wp-content\/uploads\/sites\/3\/2025\/01\/Tag-des-Sieges-Brasiliens-Praesident-plant-Moskau-Besuch-im-Mai.jpg\",\"datePublished\":\"2025-01-28T09:05:37+00:00\",\"dateModified\":\"2025-01-28T09:05:37+00:00\",\"breadcrumb\":{\"@id\":\"https:\/\/now-news.de\/de\/deutschland\/tag-des-sieges-brasiliens-praesident-plant-moskau-besuch-im-mai\/#breadcrumb\"},\"inLanguage\":\"de\",\"potentialAction\":[{\"@type\":\"ReadAction\",\"target\":[\"https:\/\/now-news.de\/de\/deutschland\/tag-des-sieges-brasiliens-praesident-plant-moskau-besuch-im-mai\/\"]}]},{\"@type\":\"ImageObject\",\"inLanguage\":\"de\",\"@id\":\"https:\/\/now-news.de\/de\/deutschland\/tag-des-sieges-brasiliens-praesident-plant-moskau-besuch-im-mai\/#primaryimage\",\"url\":\"https:\/\/now-news.de\/de\/wp-content\/uploads\/sites\/3\/2025\/01\/Tag-des-Sieges-Brasiliens-Praesident-plant-Moskau-Besuch-im-Mai.jpg\",\"contentUrl\":\"https:\/\/now-news.de\/de\/wp-content\/uploads\/sites\/3\/2025\/01\/Tag-des-Sieges-Brasiliens-Praesident-plant-Moskau-Besuch-im-Mai.jpg\",\"width\":460,\"height\":259,\"caption\":\"Tag des Sieges: Brasiliens Pr\u00e4sident plant Moskau-Besuch im Mai\"},{\"@type\":\"BreadcrumbList\",\"@id\":\"https:\/\/now-news.de\/de\/deutschland\/tag-des-sieges-brasiliens-praesident-plant-moskau-besuch-im-mai\/#breadcrumb\",\"itemListElement\":[{\"@type\":\"ListItem\",\"position\":1,\"name\":\"Home\",\"item\":\"https:\/\/now-news.de\/de\/\"},{\"@type\":\"ListItem\",\"position\":2,\"name\":\"Tag des Sieges: Brasiliens Pr\u00e4sident plant Moskau-Besuch im Mai\"}]},{\"@type\":\"WebSite\",\"@id\":\"https:\/\/now-news.de\/de\/#website\",\"url\":\"https:\/\/now-news.de\/de\/\",\"name\":\"just-now.NEWS Deutschland\",\"description\":\"Das Portal f\u00fcr unzensierte Nachrichten aus der Welt\",\"publisher\":{\"@id\":\"https:\/\/now-news.de\/de\/#organization\"},\"potentialAction\":[{\"@type\":\"SearchAction\",\"target\":{\"@type\":\"EntryPoint\",\"urlTemplate\":\"https:\/\/now-news.de\/de\/?s={search_term_string}\"},\"query-input\":\"required name=search_term_string\"}],\"inLanguage\":\"de\"},{\"@type\":\"Organization\",\"@id\":\"https:\/\/now-news.de\/de\/#organization\",\"name\":\"Just Now News\",\"url\":\"https:\/\/now-news.de\/de\/\",\"logo\":{\"@type\":\"ImageObject\",\"inLanguage\":\"de\",\"@id\":\"https:\/\/now-news.de\/de\/#\/schema\/logo\/image\/\",\"url\":\"http:\/\/just-now.news\/de\/wp-content\/uploads\/sites\/3\/2022\/04\/logo500x500.jpg\",\"contentUrl\":\"http:\/\/just-now.news\/de\/wp-content\/uploads\/sites\/3\/2022\/04\/logo500x500.jpg\",\"width\":500,\"height\":500,\"caption\":\"Just Now News\"},\"image\":{\"@id\":\"https:\/\/now-news.de\/de\/#\/schema\/logo\/image\/\"},\"sameAs\":[\"https:\/\/www.facebook.com\/wirmachenauf\",\"https:\/\/x.com\/WirMachenAuf_de\"]},{\"@type\":\"Person\",\"@id\":\"https:\/\/now-news.de\/de\/#\/schema\/person\/fb534a4e865501d8b3285208df34a9b5\",\"name\":\"rtnews\",\"image\":{\"@type\":\"ImageObject\",\"inLanguage\":\"de\",\"@id\":\"https:\/\/now-news.de\/de\/#\/schema\/person\/image\/\",\"url\":\"https:\/\/secure.gravatar.com\/avatar\/82aafea7d8127119dd649515f56e2117?s=96&d=mm&r=g\",\"contentUrl\":\"https:\/\/secure.gravatar.com\/avatar\/82aafea7d8127119dd649515f56e2117?s=96&d=mm&r=g\",\"caption\":\"rtnews\"},\"url\":\"https:\/\/now-news.de\/de\/author\/rnews\/\"}]}<\/script>\n<!-- \/ Yoast SEO Premium plugin. -->","yoast_head_json":{"title":"Tag des Sieges: Brasiliens Pr\u00e4sident plant Moskau-Besuch im Mai - just-now.NEWS Deutschland","robots":{"index":"index","follow":"follow","max-snippet":"max-snippet:-1","max-image-preview":"max-image-preview:large","max-video-preview":"max-video-preview:-1"},"canonical":"https:\/\/now-news.de\/de\/deutschland\/tag-des-sieges-brasiliens-praesident-plant-moskau-besuch-im-mai\/","og_locale":"de_DE","og_type":"article","og_title":"Tag des Sieges: Brasiliens Pr\u00e4sident plant Moskau-Besuch im Mai","og_description":"Der brasilianische Pr\u00e4sident Lula da Silva wird an den Feierlichkeiten zum 80. Jahrestag des Sieges im Zweiten Weltkrieg in Moskau teilnehmen. In einem Gespr\u00e4ch mit Wladimir Putin best\u00e4tigte er seine Teilnahme am 9. Mai. Auch andere internationale G\u00e4ste werden erwartet. Brasiliens Pr\u00e4sident Lula da Silva hat seine Teilnahme an den Feierlichkeiten zum 80. Jahrestag des [&hellip;]","og_url":"https:\/\/now-news.de\/de\/deutschland\/tag-des-sieges-brasiliens-praesident-plant-moskau-besuch-im-mai\/","og_site_name":"just-now.NEWS Deutschland","article_publisher":"https:\/\/www.facebook.com\/wirmachenauf","article_published_time":"2025-01-28T09:05:37+00:00","og_image":[{"url":"https:\/\/now-news.de\/de\/wp-content\/uploads\/sites\/3\/2025\/01\/67988e7d48fbef683262033b.jpg"}],"author":"rtnews","twitter_card":"summary_large_image","twitter_creator":"@WirMachenAuf_de","twitter_site":"@WirMachenAuf_de","twitter_misc":{"Verfasst von":"rtnews","Gesch\u00e4tzte Lesezeit":"1\u00a0Minute"},"schema":{"@context":"https:\/\/schema.org","@graph":[{"@type":"Article","@id":"https:\/\/now-news.de\/de\/deutschland\/tag-des-sieges-brasiliens-praesident-plant-moskau-besuch-im-mai\/#article","isPartOf":{"@id":"https:\/\/now-news.de\/de\/deutschland\/tag-des-sieges-brasiliens-praesident-plant-moskau-besuch-im-mai\/"},"author":{"name":"rtnews","@id":"https:\/\/now-news.de\/de\/#\/schema\/person\/fb534a4e865501d8b3285208df34a9b5"},"headline":"Tag des Sieges: Brasiliens Pr\u00e4sident plant Moskau-Besuch im Mai","datePublished":"2025-01-28T09:05:37+00:00","dateModified":"2025-01-28T09:05:37+00:00","mainEntityOfPage":{"@id":"https:\/\/now-news.de\/de\/deutschland\/tag-des-sieges-brasiliens-praesident-plant-moskau-besuch-im-mai\/"},"wordCount":304,"commentCount":0,"publisher":{"@id":"https:\/\/now-news.de\/de\/#organization"},"image":{"@id":"https:\/\/now-news.de\/de\/deutschland\/tag-des-sieges-brasiliens-praesident-plant-moskau-besuch-im-mai\/#primaryimage"},"thumbnailUrl":"https:\/\/now-news.de\/de\/wp-content\/uploads\/sites\/3\/2025\/01\/Tag-des-Sieges-Brasiliens-Praesident-plant-Moskau-Besuch-im-Mai.jpg","keywords":["Brasiliens","des","Mai","MoskauBesuch","plant","Pr\u00e4sident","Sieges","Tag"],"articleSection":["Deutschland","Russland"],"inLanguage":"de","potentialAction":[{"@type":"CommentAction","name":"Comment","target":["https:\/\/now-news.de\/de\/deutschland\/tag-des-sieges-brasiliens-praesident-plant-moskau-besuch-im-mai\/#respond"]}]},{"@type":"WebPage","@id":"https:\/\/now-news.de\/de\/deutschland\/tag-des-sieges-brasiliens-praesident-plant-moskau-besuch-im-mai\/","url":"https:\/\/now-news.de\/de\/deutschland\/tag-des-sieges-brasiliens-praesident-plant-moskau-besuch-im-mai\/","name":"Tag des Sieges: Brasiliens Pr\u00e4sident plant Moskau-Besuch im Mai - just-now.NEWS Deutschland","isPartOf":{"@id":"https:\/\/now-news.de\/de\/#website"},"primaryImageOfPage":{"@id":"https:\/\/now-news.de\/de\/deutschland\/tag-des-sieges-brasiliens-praesident-plant-moskau-besuch-im-mai\/#primaryimage"},"image":{"@id":"https:\/\/now-news.de\/de\/deutschland\/tag-des-sieges-brasiliens-praesident-plant-moskau-besuch-im-mai\/#primaryimage"},"thumbnailUrl":"https:\/\/now-news.de\/de\/wp-content\/uploads\/sites\/3\/2025\/01\/Tag-des-Sieges-Brasiliens-Praesident-plant-Moskau-Besuch-im-Mai.jpg","datePublished":"2025-01-28T09:05:37+00:00","dateModified":"2025-01-28T09:05:37+00:00","breadcrumb":{"@id":"https:\/\/now-news.de\/de\/deutschland\/tag-des-sieges-brasiliens-praesident-plant-moskau-besuch-im-mai\/#breadcrumb"},"inLanguage":"de","potentialAction":[{"@type":"ReadAction","target":["https:\/\/now-news.de\/de\/deutschland\/tag-des-sieges-brasiliens-praesident-plant-moskau-besuch-im-mai\/"]}]},{"@type":"ImageObject","inLanguage":"de","@id":"https:\/\/now-news.de\/de\/deutschland\/tag-des-sieges-brasiliens-praesident-plant-moskau-besuch-im-mai\/#primaryimage","url":"https:\/\/now-news.de\/de\/wp-content\/uploads\/sites\/3\/2025\/01\/Tag-des-Sieges-Brasiliens-Praesident-plant-Moskau-Besuch-im-Mai.jpg","contentUrl":"https:\/\/now-news.de\/de\/wp-content\/uploads\/sites\/3\/2025\/01\/Tag-des-Sieges-Brasiliens-Praesident-plant-Moskau-Besuch-im-Mai.jpg","width":460,"height":259,"caption":"Tag des Sieges: Brasiliens Pr\u00e4sident plant Moskau-Besuch im Mai"},{"@type":"BreadcrumbList","@id":"https:\/\/now-news.de\/de\/deutschland\/tag-des-sieges-brasiliens-praesident-plant-moskau-besuch-im-mai\/#breadcrumb","itemListElement":[{"@type":"ListItem","position":1,"name":"Home","item":"https:\/\/now-news.de\/de\/"},{"@type":"ListItem","position":2,"name":"Tag des Sieges: Brasiliens Pr\u00e4sident plant Moskau-Besuch im Mai"}]},{"@type":"WebSite","@id":"https:\/\/now-news.de\/de\/#website","url":"https:\/\/now-news.de\/de\/","name":"just-now.NEWS Deutschland","description":"Das Portal f\u00fcr unzensierte Nachrichten aus der Welt","publisher":{"@id":"https:\/\/now-news.de\/de\/#organization"},"potentialAction":[{"@type":"SearchAction","target":{"@type":"EntryPoint","urlTemplate":"https:\/\/now-news.de\/de\/?s={search_term_string}"},"query-input":"required name=search_term_string"}],"inLanguage":"de"},{"@type":"Organization","@id":"https:\/\/now-news.de\/de\/#organization","name":"Just Now News","url":"https:\/\/now-news.de\/de\/","logo":{"@type":"ImageObject","inLanguage":"de","@id":"https:\/\/now-news.de\/de\/#\/schema\/logo\/image\/","url":"http:\/\/just-now.news\/de\/wp-content\/uploads\/sites\/3\/2022\/04\/logo500x500.jpg","contentUrl":"http:\/\/just-now.news\/de\/wp-content\/uploads\/sites\/3\/2022\/04\/logo500x500.jpg","width":500,"height":500,"caption":"Just Now News"},"image":{"@id":"https:\/\/now-news.de\/de\/#\/schema\/logo\/image\/"},"sameAs":["https:\/\/www.facebook.com\/wirmachenauf","https:\/\/x.com\/WirMachenAuf_de"]},{"@type":"Person","@id":"https:\/\/now-news.de\/de\/#\/schema\/person\/fb534a4e865501d8b3285208df34a9b5","name":"rtnews","image":{"@type":"ImageObject","inLanguage":"de","@id":"https:\/\/now-news.de\/de\/#\/schema\/person\/image\/","url":"https:\/\/secure.gravatar.com\/avatar\/82aafea7d8127119dd649515f56e2117?s=96&d=mm&r=g","contentUrl":"https:\/\/secure.gravatar.com\/avatar\/82aafea7d8127119dd649515f56e2117?s=96&d=mm&r=g","caption":"rtnews"},"url":"https:\/\/now-news.de\/de\/author\/rnews\/"}]}},"_links":{"self":[{"href":"https:\/\/now-news.de\/de\/wp-json\/wp\/v2\/posts\/77342"}],"collection":[{"href":"https:\/\/now-news.de\/de\/wp-json\/wp\/v2\/posts"}],"about":[{"href":"https:\/\/now-news.de\/de\/wp-json\/wp\/v2\/types\/post"}],"author":[{"embeddable":true,"href":"https:\/\/now-news.de\/de\/wp-json\/wp\/v2\/users\/3"}],"replies":[{"embeddable":true,"href":"https:\/\/now-news.de\/de\/wp-json\/wp\/v2\/comments?post=77342"}],"version-history":[{"count":0,"href":"https:\/\/now-news.de\/de\/wp-json\/wp\/v2\/posts\/77342\/revisions"}],"wp:featuredmedia":[{"embeddable":true,"href":"https:\/\/now-news.de\/de\/wp-json\/wp\/v2\/media\/77343"}],"wp:attachment":[{"href":"https:\/\/now-news.de\/de\/wp-json\/wp\/v2\/media?parent=77342"}],"wp:term":[{"taxonomy":"category","embeddable":true,"href":"https:\/\/now-news.de\/de\/wp-json\/wp\/v2\/categories?post=77342"},{"taxonomy":"post_tag","embeddable":true,"href":"https:\/\/now-news.de\/de\/wp-json\/wp\/v2\/tags?post=77342"}],"curies":[{"name":"wp","href":"https:\/\/api.w.org\/{rel}","templated":true}]}}