{"id":77340,"date":"2025-01-28T10:52:18","date_gmt":"2025-01-28T08:52:18","guid":{"rendered":"https:\/\/now-news.de\/de\/deutschland\/nzz-ukrainer-kritisieren-selenskij-wie-die-schweizer-medien-ihre-rolle-neu-entdecken\/"},"modified":"2025-01-28T10:52:18","modified_gmt":"2025-01-28T08:52:18","slug":"nzz-ukrainer-kritisieren-selenskij-wie-die-schweizer-medien-ihre-rolle-neu-entdecken","status":"publish","type":"post","link":"https:\/\/now-news.de\/de\/deutschland\/nzz-ukrainer-kritisieren-selenskij-wie-die-schweizer-medien-ihre-rolle-neu-entdecken\/","title":{"rendered":"NZZ: Ukrainer kritisieren Selenskij \u2013 Wie die Schweizer Medien ihre Rolle neu entdecken"},"content":{"rendered":"<p><img decoding=\"async\" src=\"https:\/\/now-news.de\/de\/wp-content\/uploads\/sites\/3\/2025\/01\/67988c48b480cc0f255cc3bf.png\" \/><\/p>\n<div class=\"Text-root Text-type_1 \">\n                Lange wurde \u00fcber Korruption in der Ukraine berichtet, doch die System-Medien ignorierten dies. Nun wagt die &#8220;NZZ&#8221; kritische T\u00f6ne gegen\u00fcber Selenskij \u2013 eine Wende? Die wachsende Unzufriedenheit unter Ukrainern und das langsame Erwachen der Schweizer Medien k\u00f6nnten einen neuen, unabh\u00e4ngigeren Journalismus einl\u00e4uten.\n            <\/div>\n<p><\/p>\n<div class=\"Text-root Text-type_5 ArticleView-text ViewText-root \">\n<p><em>Von Hans-Ueli L\u00e4ppli<\/em><\/p>\n<p>Wladimir\u00a0Selenskij, einst gefeierter Held des ukrainischen Nationalismus, steht zunehmend in der Kritik. Nicht nur in der Ukraine selbst, sondern auch unter den Exil-Ukrainern in Europa mehren sich die Stimmen, die seine F\u00fchrung infrage stellen.<\/p>\n<p>Gleichzeitig zeigt sich in der Schweiz ein bemerkenswerter Wandel: Regierungsnahe Medien wie die <em>NZZ,<\/em> lange bekannt f\u00fcr ihre zur\u00fcckhaltende Berichterstattung, beginnen, kritischere T\u00f6ne anzuschlagen.<\/p>\n<p>Ein Zeichen f\u00fcr ein langsames Erwachen des Schweizer System-Mediums?<\/p>\n<p>Die Schweizer\u00a0<em>Neue Z\u00fcrcher Zeitung<\/em>\u00a0<em>(NZZ)<\/em> hat in einem heute ver\u00f6ffentlichten <a rel=\"nofollow noopener\" target=\"_blank\" href=\"https:\/\/www.nzz.ch\/pro\">Artikel<\/a> eine kritische Perspektive auf die ukrainische Politik und die Rolle von\u00a0Wladimir Selenskij eingenommen.<\/p>\n<p>Unter dem Titel\u00a0&#8220;Ukrainische Fl\u00fcchtlinge aus Polen ziehen jetzt in einer eigenen Brigade an die Front&#8221;\u00a0wirft die <em>NZZ<\/em> nicht nur Fragen zur Effektivit\u00e4t der ukrainischen Kriegsf\u00fchrung auf, sondern thematisiert auch die wachsende Unzufriedenheit innerhalb der ukrainischen Bev\u00f6lkerung und der Exilgemeinschaft.<\/p>\n<p>Die ukrainische Legion, eine aus in Polen lebenden Fl\u00fcchtlingen und Gastarbeitern bestehende Brigade, soll die dringend ben\u00f6tigten Soldaten f\u00fcr die Front liefern. Laut offiziellen Angaben haben sich bis Mitte Januar 2024 rund 1.300 Freiwillige gemeldet.<\/p>\n<p>Die Legion, die in Polen ausgebildet und mit modernen Waffen ausgestattet wird, soll die ukrainische Armee unterst\u00fctzen. Doch die <em>NZZ<\/em> hinterfragt, ob es sich hierbei um eine PR-Kampagne handelt.<\/p>\n<blockquote>\n<p><em>&#8220;Wer w\u00fcrde schon freiwillig sein Leben an der Front f\u00fcr kaum mehr als den polnischen Durchschnittslohn riskieren, wenn er hier ruhig das Leben geniessen oder gar eine Familie gr\u00fcnden kann?&#8221;<\/em><\/p>\n<\/blockquote>\n<p>Die Idee der Legion entstand aus einer bilateralen Vereinbarung zwischen der Ukraine und Polen. Urspr\u00fcnglich hatte Kiew darauf gedr\u00e4ngt, wehrpflichtige M\u00e4nner aus Polen auszuweisen, um sie in die ukrainische Armee einzugliedern.<\/p>\n<p>Doch die polnische Regierung unter Donald Tusk sah sich mit innenpolitischen Widerst\u00e4nden konfrontiert und schlug stattdessen die Bildung einer Freiwilligenbrigade vor. Diese L\u00f6sung scheint f\u00fcr beide Seiten vorteilhaft: Polen beh\u00e4lt dringend ben\u00f6tigte Arbeitskr\u00e4fte, w\u00e4hrend die Ukraine zus\u00e4tzliche Soldaten erh\u00e4lt.<\/p>\n<p>Doch die Realit\u00e4t sieht anders aus. Viele Ukrainer in Polen stehen der Legion skeptisch gegen\u00fcber.<\/p>\n<p>Die Motivation, freiwillig an die Front zu gehen, sei gering, da die meisten Exilanten in Polen ein sicheres und relativ komfortables Leben f\u00fchrten.<\/p>\n<p>Zudem gebe es Zweifel an der Effektivit\u00e4t der Legion, insbesondere nach dem Debakel der 155. Brigade, die im Dezember 2024 aufgrund von Desertionen und schlechter F\u00fchrung aufgel\u00f6st wurde.<\/p>\n<blockquote>\n<p><em>&#8220;Die Aktion erinnert an eine PR-Kampagne&#8230; Was kann sie erreichen?&#8221;<\/em><\/p>\n<\/blockquote>\n<p>Die <em>NZZ<\/em> greift in ihrem Artikel auch die wachsende Kritik an Pr\u00e4sident Selenskij und der ukrainischen Armeef\u00fchrung auf. Laut ukrainischen Medienberichten leiden die Streitkr\u00e4fte unter inkompetenten Offizieren und veralteten Befehlsstrukturen, die oft zu sinnlosen Verlusten f\u00fchren. Der Skandal um die 155. Brigade hat das Vertrauen in Selenskij und seine Regierung weiter ersch\u00fcttert. Viele Ukrainer fragen sich, ob die F\u00fchrung in Kiew in der Lage ist, den Krieg effektiv zu managen.<\/p>\n<blockquote>\n<p><em>&#8220;&#8230; ein Drittel der gut 5000 Soldaten desertiert waren, bevor sie an die Front verschoben wurden.&#8221;<\/em><\/p>\n<\/blockquote>\n<p>Diese Kritik wird auch von der ukrainischen Exilgemeinschaft in Polen geteilt. Viele sehen die Legion als verzweifelten Versuch, den Personalmangel an der Front zu kaschieren, ohne die strukturellen Probleme der Armee zu l\u00f6sen.<\/p>\n<p>Die <em>NZZ<\/em> zitiert den ukrainischen Kriegsreporter Juri Butusow, der die mangelnde Transparenz und die hierarchischen Strukturen in der Armee scharf kritisiert. Diese Probleme f\u00fchrten laut Butusow dazu, dass wichtige Informationen zur\u00fcckgehalten w\u00fcrden und die Lage an der Front oft sch\u00f6ngeredet werde.<\/p>\n<p>Die <em>NZZ<\/em> hat diese Kritik aufgegriffen und in einem ausf\u00fchrlichen Artikel die Herausforderungen der ukrainischen Legion beleuchtet: inkompetente Offiziere, veraltete Befehlsstrukturen und eine Kultur der Sch\u00f6nf\u00e4rberei, die wichtige Informationen zur\u00fcckh\u00e4lt.<\/p>\n<blockquote>\n<p><em>&#8220;Das ist ein Werbegag Selenskis und Tusks&#8221;<\/em><\/p>\n<\/blockquote>\n<p>F\u00fcr die Schweizer Medienlandschaft ist dieser kritische Ansatz ungew\u00f6hnlich. Doch die <em>NZZ<\/em> scheint einen neuen Weg einzuschlagen \u2013 hin zu einer differenzierteren und unabh\u00e4ngigeren Berichterstattung. Ein langsames Erwachen des System-Mediums? Es w\u00e4re ein wichtiger Schritt.<\/p>\n<p><strong>Mehr zum Thema<\/strong>\u00a0&#8211;\u00a0<a rel=\"nofollow noopener\" target=\"_blank\" href=\"https:\/\/freedert.online\/schweiz\/193795-millionen-aus-aermsten-laendern-fliessen\/\">Korruptionsprofite: Millionen aus den \u00e4rmsten L\u00e4ndern flie\u00dfen in die Schweizer Staatskasse<\/a><\/p>\n<div class=\"EmbedBlock-root EmbedBlock-externalVideo EmbedBlock-rumble\">\n<div class=\"VkEmbed\"><iframe class=\"lazyload\" data-src=\"https:\/\/rumble.com\/embed\/v6bp0fj\" frameborder=\"0\" width=\"853\" height=\"480\" allowfullscreen><\/iframe><\/div>\n<\/div>\n<\/div>\n<p><br \/>\n<br \/><a href=\"https:\/\/de.rt.com\/schweiz\/234703-nzz-ukrainer-kritisieren-selenskij-wie\/\">Source link <\/a><\/p>\n","protected":false},"excerpt":{"rendered":"<p>Lange wurde \u00fcber Korruption in der Ukraine berichtet, doch die System-Medien ignorierten dies. Nun wagt die &#8220;NZZ&#8221; kritische T\u00f6ne gegen\u00fcber Selenskij \u2013 eine Wende? Die wachsende Unzufriedenheit unter Ukrainern und das langsame Erwachen der Schweizer Medien k\u00f6nnten einen neuen, unabh\u00e4ngigeren Journalismus einl\u00e4uten. Von Hans-Ueli L\u00e4ppli Wladimir\u00a0Selenskij, einst gefeierter Held des ukrainischen Nationalismus, steht zunehmend in [&hellip;]<\/p>\n","protected":false},"author":3,"featured_media":77341,"comment_status":"open","ping_status":"open","sticky":false,"template":"","format":"standard","meta":{"_yoast_indexnow_last_ping":["1738054748"],"wp_automatic_camp":["217"],"ce5f483b011de13bc8d835131fdbac98":["NZZ: Ukrainer kritisieren Selenskij \u2013 Wie die Schweizer Medien ihre Rolle neu entdecken"],"original_link":["https:\/\/de.rt.com\/schweiz\/234703-nzz-ukrainer-kritisieren-selenskij-wie\/"],"_thumbnail_id":["77341"],"_wptgpro_p2tg_sent2tg":["a:1:{i:23737;s:19:\"2025-01-28 11:00:10\";}"],"jnews_social_counter_last_update":["1777263901"]},"categories":[19,23],"tags":[45,22682,1908,1302,580,2392,59720,4504,3424,6158,5757,579],"yoast_head":"<!-- This site is optimized with the Yoast SEO Premium plugin v22.7 (Yoast SEO v22.7) - https:\/\/yoast.com\/wordpress\/plugins\/seo\/ -->\n<title>NZZ: Ukrainer kritisieren Selenskij \u2013 Wie die Schweizer Medien ihre Rolle neu entdecken - just-now.NEWS Deutschland<\/title>\n<meta name=\"robots\" content=\"index, follow, max-snippet:-1, max-image-preview:large, max-video-preview:-1\" \/>\n<link rel=\"canonical\" href=\"https:\/\/now-news.de\/de\/deutschland\/nzz-ukrainer-kritisieren-selenskij-wie-die-schweizer-medien-ihre-rolle-neu-entdecken\/\" \/>\n<meta property=\"og:locale\" content=\"de_DE\" \/>\n<meta property=\"og:type\" content=\"article\" \/>\n<meta property=\"og:title\" content=\"NZZ: Ukrainer kritisieren Selenskij \u2013 Wie die Schweizer Medien ihre Rolle neu entdecken\" \/>\n<meta property=\"og:description\" content=\"Lange wurde \u00fcber Korruption in der Ukraine berichtet, doch die System-Medien ignorierten dies. Nun wagt die &#8220;NZZ&#8221; kritische T\u00f6ne gegen\u00fcber Selenskij \u2013 eine Wende? Die wachsende Unzufriedenheit unter Ukrainern und das langsame Erwachen der Schweizer Medien k\u00f6nnten einen neuen, unabh\u00e4ngigeren Journalismus einl\u00e4uten. Von Hans-Ueli L\u00e4ppli Wladimir\u00a0Selenskij, einst gefeierter Held des ukrainischen Nationalismus, steht zunehmend in [&hellip;]\" \/>\n<meta property=\"og:url\" content=\"https:\/\/now-news.de\/de\/deutschland\/nzz-ukrainer-kritisieren-selenskij-wie-die-schweizer-medien-ihre-rolle-neu-entdecken\/\" \/>\n<meta property=\"og:site_name\" content=\"just-now.NEWS Deutschland\" \/>\n<meta property=\"article:publisher\" content=\"https:\/\/www.facebook.com\/wirmachenauf\" \/>\n<meta property=\"article:published_time\" content=\"2025-01-28T08:52:18+00:00\" \/>\n<meta property=\"og:image\" content=\"https:\/\/now-news.de\/de\/wp-content\/uploads\/sites\/3\/2025\/01\/67988c48b480cc0f255cc3bf.png\" \/>\n<meta name=\"author\" content=\"rtnews\" \/>\n<meta name=\"twitter:card\" content=\"summary_large_image\" \/>\n<meta name=\"twitter:creator\" content=\"@WirMachenAuf_de\" \/>\n<meta name=\"twitter:site\" content=\"@WirMachenAuf_de\" \/>\n<meta name=\"twitter:label1\" content=\"Verfasst von\" \/>\n\t<meta name=\"twitter:data1\" content=\"rtnews\" \/>\n\t<meta name=\"twitter:label2\" content=\"Gesch\u00e4tzte Lesezeit\" \/>\n\t<meta name=\"twitter:data2\" content=\"4\u00a0Minuten\" \/>\n<script type=\"application\/ld+json\" class=\"yoast-schema-graph\">{\"@context\":\"https:\/\/schema.org\",\"@graph\":[{\"@type\":\"Article\",\"@id\":\"https:\/\/now-news.de\/de\/deutschland\/nzz-ukrainer-kritisieren-selenskij-wie-die-schweizer-medien-ihre-rolle-neu-entdecken\/#article\",\"isPartOf\":{\"@id\":\"https:\/\/now-news.de\/de\/deutschland\/nzz-ukrainer-kritisieren-selenskij-wie-die-schweizer-medien-ihre-rolle-neu-entdecken\/\"},\"author\":{\"name\":\"rtnews\",\"@id\":\"https:\/\/now-news.de\/de\/#\/schema\/person\/fb534a4e865501d8b3285208df34a9b5\"},\"headline\":\"NZZ: Ukrainer kritisieren Selenskij \u2013 Wie die Schweizer Medien ihre Rolle neu entdecken\",\"datePublished\":\"2025-01-28T08:52:18+00:00\",\"dateModified\":\"2025-01-28T08:52:18+00:00\",\"mainEntityOfPage\":{\"@id\":\"https:\/\/now-news.de\/de\/deutschland\/nzz-ukrainer-kritisieren-selenskij-wie-die-schweizer-medien-ihre-rolle-neu-entdecken\/\"},\"wordCount\":737,\"commentCount\":0,\"publisher\":{\"@id\":\"https:\/\/now-news.de\/de\/#organization\"},\"image\":{\"@id\":\"https:\/\/now-news.de\/de\/deutschland\/nzz-ukrainer-kritisieren-selenskij-wie-die-schweizer-medien-ihre-rolle-neu-entdecken\/#primaryimage\"},\"thumbnailUrl\":\"https:\/\/now-news.de\/de\/wp-content\/uploads\/sites\/3\/2025\/01\/NZZ-Ukrainer-kritisieren-Selenskij-\u2013-Wie-die-Schweizer-Medien-ihre.png\",\"keywords\":[\"die\",\"entdecken\",\"ihre\",\"kritisieren\",\"Medien\",\"neu\",\"NZZ\",\"Rolle\",\"Schweizer\",\"Selenskij\",\"Ukrainer\",\"Wie\"],\"articleSection\":[\"Deutschland\",\"Russland\"],\"inLanguage\":\"de\",\"potentialAction\":[{\"@type\":\"CommentAction\",\"name\":\"Comment\",\"target\":[\"https:\/\/now-news.de\/de\/deutschland\/nzz-ukrainer-kritisieren-selenskij-wie-die-schweizer-medien-ihre-rolle-neu-entdecken\/#respond\"]}]},{\"@type\":\"WebPage\",\"@id\":\"https:\/\/now-news.de\/de\/deutschland\/nzz-ukrainer-kritisieren-selenskij-wie-die-schweizer-medien-ihre-rolle-neu-entdecken\/\",\"url\":\"https:\/\/now-news.de\/de\/deutschland\/nzz-ukrainer-kritisieren-selenskij-wie-die-schweizer-medien-ihre-rolle-neu-entdecken\/\",\"name\":\"NZZ: Ukrainer kritisieren Selenskij \u2013 Wie die Schweizer Medien ihre Rolle neu entdecken - just-now.NEWS Deutschland\",\"isPartOf\":{\"@id\":\"https:\/\/now-news.de\/de\/#website\"},\"primaryImageOfPage\":{\"@id\":\"https:\/\/now-news.de\/de\/deutschland\/nzz-ukrainer-kritisieren-selenskij-wie-die-schweizer-medien-ihre-rolle-neu-entdecken\/#primaryimage\"},\"image\":{\"@id\":\"https:\/\/now-news.de\/de\/deutschland\/nzz-ukrainer-kritisieren-selenskij-wie-die-schweizer-medien-ihre-rolle-neu-entdecken\/#primaryimage\"},\"thumbnailUrl\":\"https:\/\/now-news.de\/de\/wp-content\/uploads\/sites\/3\/2025\/01\/NZZ-Ukrainer-kritisieren-Selenskij-\u2013-Wie-die-Schweizer-Medien-ihre.png\",\"datePublished\":\"2025-01-28T08:52:18+00:00\",\"dateModified\":\"2025-01-28T08:52:18+00:00\",\"breadcrumb\":{\"@id\":\"https:\/\/now-news.de\/de\/deutschland\/nzz-ukrainer-kritisieren-selenskij-wie-die-schweizer-medien-ihre-rolle-neu-entdecken\/#breadcrumb\"},\"inLanguage\":\"de\",\"potentialAction\":[{\"@type\":\"ReadAction\",\"target\":[\"https:\/\/now-news.de\/de\/deutschland\/nzz-ukrainer-kritisieren-selenskij-wie-die-schweizer-medien-ihre-rolle-neu-entdecken\/\"]}]},{\"@type\":\"ImageObject\",\"inLanguage\":\"de\",\"@id\":\"https:\/\/now-news.de\/de\/deutschland\/nzz-ukrainer-kritisieren-selenskij-wie-die-schweizer-medien-ihre-rolle-neu-entdecken\/#primaryimage\",\"url\":\"https:\/\/now-news.de\/de\/wp-content\/uploads\/sites\/3\/2025\/01\/NZZ-Ukrainer-kritisieren-Selenskij-\u2013-Wie-die-Schweizer-Medien-ihre.png\",\"contentUrl\":\"https:\/\/now-news.de\/de\/wp-content\/uploads\/sites\/3\/2025\/01\/NZZ-Ukrainer-kritisieren-Selenskij-\u2013-Wie-die-Schweizer-Medien-ihre.png\",\"width\":460,\"height\":259,\"caption\":\"NZZ: Ukrainer kritisieren Selenskij \u2013 Wie die Schweizer Medien ihre Rolle neu entdecken\"},{\"@type\":\"BreadcrumbList\",\"@id\":\"https:\/\/now-news.de\/de\/deutschland\/nzz-ukrainer-kritisieren-selenskij-wie-die-schweizer-medien-ihre-rolle-neu-entdecken\/#breadcrumb\",\"itemListElement\":[{\"@type\":\"ListItem\",\"position\":1,\"name\":\"Home\",\"item\":\"https:\/\/now-news.de\/de\/\"},{\"@type\":\"ListItem\",\"position\":2,\"name\":\"NZZ: Ukrainer kritisieren Selenskij \u2013 Wie die Schweizer Medien ihre Rolle neu entdecken\"}]},{\"@type\":\"WebSite\",\"@id\":\"https:\/\/now-news.de\/de\/#website\",\"url\":\"https:\/\/now-news.de\/de\/\",\"name\":\"just-now.NEWS Deutschland\",\"description\":\"Das Portal f\u00fcr unzensierte Nachrichten aus der Welt\",\"publisher\":{\"@id\":\"https:\/\/now-news.de\/de\/#organization\"},\"potentialAction\":[{\"@type\":\"SearchAction\",\"target\":{\"@type\":\"EntryPoint\",\"urlTemplate\":\"https:\/\/now-news.de\/de\/?s={search_term_string}\"},\"query-input\":\"required name=search_term_string\"}],\"inLanguage\":\"de\"},{\"@type\":\"Organization\",\"@id\":\"https:\/\/now-news.de\/de\/#organization\",\"name\":\"Just Now News\",\"url\":\"https:\/\/now-news.de\/de\/\",\"logo\":{\"@type\":\"ImageObject\",\"inLanguage\":\"de\",\"@id\":\"https:\/\/now-news.de\/de\/#\/schema\/logo\/image\/\",\"url\":\"http:\/\/just-now.news\/de\/wp-content\/uploads\/sites\/3\/2022\/04\/logo500x500.jpg\",\"contentUrl\":\"http:\/\/just-now.news\/de\/wp-content\/uploads\/sites\/3\/2022\/04\/logo500x500.jpg\",\"width\":500,\"height\":500,\"caption\":\"Just Now News\"},\"image\":{\"@id\":\"https:\/\/now-news.de\/de\/#\/schema\/logo\/image\/\"},\"sameAs\":[\"https:\/\/www.facebook.com\/wirmachenauf\",\"https:\/\/x.com\/WirMachenAuf_de\"]},{\"@type\":\"Person\",\"@id\":\"https:\/\/now-news.de\/de\/#\/schema\/person\/fb534a4e865501d8b3285208df34a9b5\",\"name\":\"rtnews\",\"image\":{\"@type\":\"ImageObject\",\"inLanguage\":\"de\",\"@id\":\"https:\/\/now-news.de\/de\/#\/schema\/person\/image\/\",\"url\":\"https:\/\/secure.gravatar.com\/avatar\/82aafea7d8127119dd649515f56e2117?s=96&d=mm&r=g\",\"contentUrl\":\"https:\/\/secure.gravatar.com\/avatar\/82aafea7d8127119dd649515f56e2117?s=96&d=mm&r=g\",\"caption\":\"rtnews\"},\"url\":\"https:\/\/now-news.de\/de\/author\/rnews\/\"}]}<\/script>\n<!-- \/ Yoast SEO Premium plugin. -->","yoast_head_json":{"title":"NZZ: Ukrainer kritisieren Selenskij \u2013 Wie die Schweizer Medien ihre Rolle neu entdecken - just-now.NEWS Deutschland","robots":{"index":"index","follow":"follow","max-snippet":"max-snippet:-1","max-image-preview":"max-image-preview:large","max-video-preview":"max-video-preview:-1"},"canonical":"https:\/\/now-news.de\/de\/deutschland\/nzz-ukrainer-kritisieren-selenskij-wie-die-schweizer-medien-ihre-rolle-neu-entdecken\/","og_locale":"de_DE","og_type":"article","og_title":"NZZ: Ukrainer kritisieren Selenskij \u2013 Wie die Schweizer Medien ihre Rolle neu entdecken","og_description":"Lange wurde \u00fcber Korruption in der Ukraine berichtet, doch die System-Medien ignorierten dies. Nun wagt die &#8220;NZZ&#8221; kritische T\u00f6ne gegen\u00fcber Selenskij \u2013 eine Wende? Die wachsende Unzufriedenheit unter Ukrainern und das langsame Erwachen der Schweizer Medien k\u00f6nnten einen neuen, unabh\u00e4ngigeren Journalismus einl\u00e4uten. Von Hans-Ueli L\u00e4ppli Wladimir\u00a0Selenskij, einst gefeierter Held des ukrainischen Nationalismus, steht zunehmend in [&hellip;]","og_url":"https:\/\/now-news.de\/de\/deutschland\/nzz-ukrainer-kritisieren-selenskij-wie-die-schweizer-medien-ihre-rolle-neu-entdecken\/","og_site_name":"just-now.NEWS Deutschland","article_publisher":"https:\/\/www.facebook.com\/wirmachenauf","article_published_time":"2025-01-28T08:52:18+00:00","og_image":[{"url":"https:\/\/now-news.de\/de\/wp-content\/uploads\/sites\/3\/2025\/01\/67988c48b480cc0f255cc3bf.png"}],"author":"rtnews","twitter_card":"summary_large_image","twitter_creator":"@WirMachenAuf_de","twitter_site":"@WirMachenAuf_de","twitter_misc":{"Verfasst von":"rtnews","Gesch\u00e4tzte Lesezeit":"4\u00a0Minuten"},"schema":{"@context":"https:\/\/schema.org","@graph":[{"@type":"Article","@id":"https:\/\/now-news.de\/de\/deutschland\/nzz-ukrainer-kritisieren-selenskij-wie-die-schweizer-medien-ihre-rolle-neu-entdecken\/#article","isPartOf":{"@id":"https:\/\/now-news.de\/de\/deutschland\/nzz-ukrainer-kritisieren-selenskij-wie-die-schweizer-medien-ihre-rolle-neu-entdecken\/"},"author":{"name":"rtnews","@id":"https:\/\/now-news.de\/de\/#\/schema\/person\/fb534a4e865501d8b3285208df34a9b5"},"headline":"NZZ: Ukrainer kritisieren Selenskij \u2013 Wie die Schweizer Medien ihre Rolle neu entdecken","datePublished":"2025-01-28T08:52:18+00:00","dateModified":"2025-01-28T08:52:18+00:00","mainEntityOfPage":{"@id":"https:\/\/now-news.de\/de\/deutschland\/nzz-ukrainer-kritisieren-selenskij-wie-die-schweizer-medien-ihre-rolle-neu-entdecken\/"},"wordCount":737,"commentCount":0,"publisher":{"@id":"https:\/\/now-news.de\/de\/#organization"},"image":{"@id":"https:\/\/now-news.de\/de\/deutschland\/nzz-ukrainer-kritisieren-selenskij-wie-die-schweizer-medien-ihre-rolle-neu-entdecken\/#primaryimage"},"thumbnailUrl":"https:\/\/now-news.de\/de\/wp-content\/uploads\/sites\/3\/2025\/01\/NZZ-Ukrainer-kritisieren-Selenskij-\u2013-Wie-die-Schweizer-Medien-ihre.png","keywords":["die","entdecken","ihre","kritisieren","Medien","neu","NZZ","Rolle","Schweizer","Selenskij","Ukrainer","Wie"],"articleSection":["Deutschland","Russland"],"inLanguage":"de","potentialAction":[{"@type":"CommentAction","name":"Comment","target":["https:\/\/now-news.de\/de\/deutschland\/nzz-ukrainer-kritisieren-selenskij-wie-die-schweizer-medien-ihre-rolle-neu-entdecken\/#respond"]}]},{"@type":"WebPage","@id":"https:\/\/now-news.de\/de\/deutschland\/nzz-ukrainer-kritisieren-selenskij-wie-die-schweizer-medien-ihre-rolle-neu-entdecken\/","url":"https:\/\/now-news.de\/de\/deutschland\/nzz-ukrainer-kritisieren-selenskij-wie-die-schweizer-medien-ihre-rolle-neu-entdecken\/","name":"NZZ: Ukrainer kritisieren Selenskij \u2013 Wie die Schweizer Medien ihre Rolle neu entdecken - just-now.NEWS Deutschland","isPartOf":{"@id":"https:\/\/now-news.de\/de\/#website"},"primaryImageOfPage":{"@id":"https:\/\/now-news.de\/de\/deutschland\/nzz-ukrainer-kritisieren-selenskij-wie-die-schweizer-medien-ihre-rolle-neu-entdecken\/#primaryimage"},"image":{"@id":"https:\/\/now-news.de\/de\/deutschland\/nzz-ukrainer-kritisieren-selenskij-wie-die-schweizer-medien-ihre-rolle-neu-entdecken\/#primaryimage"},"thumbnailUrl":"https:\/\/now-news.de\/de\/wp-content\/uploads\/sites\/3\/2025\/01\/NZZ-Ukrainer-kritisieren-Selenskij-\u2013-Wie-die-Schweizer-Medien-ihre.png","datePublished":"2025-01-28T08:52:18+00:00","dateModified":"2025-01-28T08:52:18+00:00","breadcrumb":{"@id":"https:\/\/now-news.de\/de\/deutschland\/nzz-ukrainer-kritisieren-selenskij-wie-die-schweizer-medien-ihre-rolle-neu-entdecken\/#breadcrumb"},"inLanguage":"de","potentialAction":[{"@type":"ReadAction","target":["https:\/\/now-news.de\/de\/deutschland\/nzz-ukrainer-kritisieren-selenskij-wie-die-schweizer-medien-ihre-rolle-neu-entdecken\/"]}]},{"@type":"ImageObject","inLanguage":"de","@id":"https:\/\/now-news.de\/de\/deutschland\/nzz-ukrainer-kritisieren-selenskij-wie-die-schweizer-medien-ihre-rolle-neu-entdecken\/#primaryimage","url":"https:\/\/now-news.de\/de\/wp-content\/uploads\/sites\/3\/2025\/01\/NZZ-Ukrainer-kritisieren-Selenskij-\u2013-Wie-die-Schweizer-Medien-ihre.png","contentUrl":"https:\/\/now-news.de\/de\/wp-content\/uploads\/sites\/3\/2025\/01\/NZZ-Ukrainer-kritisieren-Selenskij-\u2013-Wie-die-Schweizer-Medien-ihre.png","width":460,"height":259,"caption":"NZZ: Ukrainer kritisieren Selenskij \u2013 Wie die Schweizer Medien ihre Rolle neu entdecken"},{"@type":"BreadcrumbList","@id":"https:\/\/now-news.de\/de\/deutschland\/nzz-ukrainer-kritisieren-selenskij-wie-die-schweizer-medien-ihre-rolle-neu-entdecken\/#breadcrumb","itemListElement":[{"@type":"ListItem","position":1,"name":"Home","item":"https:\/\/now-news.de\/de\/"},{"@type":"ListItem","position":2,"name":"NZZ: Ukrainer kritisieren Selenskij \u2013 Wie die Schweizer Medien ihre Rolle neu entdecken"}]},{"@type":"WebSite","@id":"https:\/\/now-news.de\/de\/#website","url":"https:\/\/now-news.de\/de\/","name":"just-now.NEWS Deutschland","description":"Das Portal f\u00fcr unzensierte Nachrichten aus der Welt","publisher":{"@id":"https:\/\/now-news.de\/de\/#organization"},"potentialAction":[{"@type":"SearchAction","target":{"@type":"EntryPoint","urlTemplate":"https:\/\/now-news.de\/de\/?s={search_term_string}"},"query-input":"required name=search_term_string"}],"inLanguage":"de"},{"@type":"Organization","@id":"https:\/\/now-news.de\/de\/#organization","name":"Just Now News","url":"https:\/\/now-news.de\/de\/","logo":{"@type":"ImageObject","inLanguage":"de","@id":"https:\/\/now-news.de\/de\/#\/schema\/logo\/image\/","url":"http:\/\/just-now.news\/de\/wp-content\/uploads\/sites\/3\/2022\/04\/logo500x500.jpg","contentUrl":"http:\/\/just-now.news\/de\/wp-content\/uploads\/sites\/3\/2022\/04\/logo500x500.jpg","width":500,"height":500,"caption":"Just Now News"},"image":{"@id":"https:\/\/now-news.de\/de\/#\/schema\/logo\/image\/"},"sameAs":["https:\/\/www.facebook.com\/wirmachenauf","https:\/\/x.com\/WirMachenAuf_de"]},{"@type":"Person","@id":"https:\/\/now-news.de\/de\/#\/schema\/person\/fb534a4e865501d8b3285208df34a9b5","name":"rtnews","image":{"@type":"ImageObject","inLanguage":"de","@id":"https:\/\/now-news.de\/de\/#\/schema\/person\/image\/","url":"https:\/\/secure.gravatar.com\/avatar\/82aafea7d8127119dd649515f56e2117?s=96&d=mm&r=g","contentUrl":"https:\/\/secure.gravatar.com\/avatar\/82aafea7d8127119dd649515f56e2117?s=96&d=mm&r=g","caption":"rtnews"},"url":"https:\/\/now-news.de\/de\/author\/rnews\/"}]}},"_links":{"self":[{"href":"https:\/\/now-news.de\/de\/wp-json\/wp\/v2\/posts\/77340"}],"collection":[{"href":"https:\/\/now-news.de\/de\/wp-json\/wp\/v2\/posts"}],"about":[{"href":"https:\/\/now-news.de\/de\/wp-json\/wp\/v2\/types\/post"}],"author":[{"embeddable":true,"href":"https:\/\/now-news.de\/de\/wp-json\/wp\/v2\/users\/3"}],"replies":[{"embeddable":true,"href":"https:\/\/now-news.de\/de\/wp-json\/wp\/v2\/comments?post=77340"}],"version-history":[{"count":0,"href":"https:\/\/now-news.de\/de\/wp-json\/wp\/v2\/posts\/77340\/revisions"}],"wp:featuredmedia":[{"embeddable":true,"href":"https:\/\/now-news.de\/de\/wp-json\/wp\/v2\/media\/77341"}],"wp:attachment":[{"href":"https:\/\/now-news.de\/de\/wp-json\/wp\/v2\/media?parent=77340"}],"wp:term":[{"taxonomy":"category","embeddable":true,"href":"https:\/\/now-news.de\/de\/wp-json\/wp\/v2\/categories?post=77340"},{"taxonomy":"post_tag","embeddable":true,"href":"https:\/\/now-news.de\/de\/wp-json\/wp\/v2\/tags?post=77340"}],"curies":[{"name":"wp","href":"https:\/\/api.w.org\/{rel}","templated":true}]}}