{"id":77336,"date":"2025-01-28T09:58:54","date_gmt":"2025-01-28T07:58:54","guid":{"rendered":"https:\/\/now-news.de\/de\/deutschland\/fpoe-will-orf-beitrag-abschaffen\/"},"modified":"2025-01-28T09:58:54","modified_gmt":"2025-01-28T07:58:54","slug":"fpoe-will-orf-beitrag-abschaffen","status":"publish","type":"post","link":"https:\/\/now-news.de\/de\/deutschland\/fpoe-will-orf-beitrag-abschaffen\/","title":{"rendered":"FP\u00d6 will ORF-Beitrag abschaffen"},"content":{"rendered":"<p><img decoding=\"async\" src=\"https:\/\/now-news.de\/de\/wp-content\/uploads\/sites\/3\/2025\/01\/6797bf63b480cc4e5b53eb7d.jpg\" \/><\/p>\n<div class=\"Text-root Text-type_1 \">\n                Die FP\u00d6 will den ORF-Beitrag abschaffen und den Sender aus dem Staatshaushalt finanzieren. Kritiker warnen vor einer Schw\u00e4chung der Medienvielfalt und der Unabh\u00e4ngigkeit des ORF. Die Debatte um die Finanzierung hat weitreichende Folgen f\u00fcr \u00d6sterreichs Medienlandschaft.\n            <\/div>\n<p><\/p>\n<div class=\"Text-root Text-type_5 ArticleView-text ViewText-root \">\n<p>Zwischen 15,30 und 20 Euro pro Monat zahlen \u00f6sterreichische Haushalte f\u00fcr den <em>ORF<\/em>. Die FP\u00d6 will diesen Beitrag nun abschaffen und den \u00f6ffentlich-rechtlichen Sender stattdessen aus dem Staatshaushalt finanzieren. Doch wie handhaben andere L\u00e4nder wie Deutschland und die Schweiz die Finanzierung ihrer \u00f6ffentlich-rechtlichen Medien? Ein Vergleich zeigt: Die Debatte ist komplex und hat weitreichende Folgen.<\/p>\n<h3><strong>\u00d6sterreich: Der aktuelle Streit um den ORF<\/strong><\/h3>\n<p>Der <em>ORF<\/em> finanziert sich derzeit haupts\u00e4chlich \u00fcber den Haushaltsbeitrag, der je nach Bundesland zwischen 15,30 und 20 Euro liegt. Die FP\u00d6 m\u00f6chte diesen Beitrag streichen und den <em>ORF<\/em> stattdessen aus dem Staatshaushalt finanzieren. Kritiker bef\u00fcrchten, dass dies die Unabh\u00e4ngigkeit des Senders gef\u00e4hrden k\u00f6nnte. Der <em>ORF<\/em>-Redaktionsrat warnt vor einer &#8220;Zerst\u00f6rung&#8221; des \u00f6ffentlich-rechtlichen Rundfunks und betont dessen Bedeutung f\u00fcr die Demokratie.<\/p>\n<h3><strong>Deutschland: Der Rundfunkbeitrag als Modell<\/strong><\/h3>\n<p>In Deutschland zahlen Haushalte seit 2013 einen einheitlichen Rundfunkbeitrag von 18,36 Euro pro Monat. Dieser finanziert die \u00f6ffentlich-rechtlichen Sender wie <em>ARD<\/em>, <em>ZDF <\/em>und<em> Deutschlandradio<\/em>. Der Beitrag ist unabh\u00e4ngig von der Nutzung und gilt pro Wohnung,\u00a0ungeachtet der Anzahl der Bewohner oder Ger\u00e4te.<\/p>\n<p>Das deutsche Modell steht immer wieder in der Kritik, vor allem wegen der H\u00f6he des Beitrags und der Frage, ob er noch zeitgem\u00e4\u00df ist. Die Finanzierung erfolgt \u00fcber eine unabh\u00e4ngige Beitragsservice-Stelle, die den Sendeanstalten die Mittel zuweist. Dies soll politische Einflussnahme verhindern.<\/p>\n<h3><strong>Schweiz: Geb\u00fchrenfinanzierung mit regionalen Unterschieden<\/strong><\/h3>\n<p>In der Schweiz wird der \u00f6ffentlich-rechtliche Rundfunk (<em>SRG SSR<\/em>) \u00fcber Geb\u00fchren finanziert, die je nach Kanton unterschiedlich hoch sind. Seit 2019 zahlen Haushalte und Unternehmen eine einheitliche Mediengeb\u00fchr von 335 Franken pro Jahr (circa 28 Franken pro Monat). Diese Geb\u00fchr deckt Radio, Fernsehen und Online-Angebote ab.<\/p>\n<p>Die Schweizer L\u00f6sung steht ebenfalls in der Diskussion. Kritiker monieren die hohen Kosten und fordern eine st\u00e4rkere Orientierung an der tats\u00e4chlichen Nutzung.\u00a0<\/p>\n<h3><strong>Was bedeutet das f\u00fcr \u00d6sterreich?<\/strong><\/h3>\n<p>Der Vergleich zeigt: Die Finanzierung \u00f6ffentlich-rechtlicher Medien ist in allen drei L\u00e4ndern ein kontroverses Thema. W\u00e4hrend Deutschland und die Schweiz auf Geb\u00fchrenmodelle setzen, die die Unabh\u00e4ngigkeit der Sender sichern sollen, plant die FP\u00d6 in \u00d6sterreich eine staatliche Finanzierung. Kritiker warnen, dass dies die Neutralit\u00e4t des <em>ORF<\/em> gef\u00e4hrden und politische Einflussnahme beg\u00fcnstigen k\u00f6nnte.<\/p>\n<p><strong>Mehr zum Thema<\/strong>\u00a0\u2013\u00a0<a rel=\"nofollow noopener\" target=\"_blank\" href=\"https:\/\/freedert.online\/oesterreich\/229945-fluechtlinge-verweigern-deutschkurse-wegen-weiblichem\/\">Fl\u00fcchtlinge verweigern Deutschkurse wegen weiblichem Lehrpersonal<\/a><\/p>\n<div class=\"EmbedBlock-root EmbedBlock-externalVideo EmbedBlock-rumble\">\n<div class=\"VkEmbed\"><iframe class=\"lazyload\" data-src=\"https:\/\/rumble.com\/embed\/v5so2th\" frameborder=\"0\" width=\"853\" height=\"480\" allowfullscreen><\/iframe><\/div>\n<\/div>\n<\/div>\n<p><br \/>\n<br \/><a href=\"https:\/\/de.rt.com\/oesterreich\/234646-fpoe-will-orf-beitrag-abschaffen\/\">Source link <\/a><\/p>\n","protected":false},"excerpt":{"rendered":"<p>Die FP\u00d6 will den ORF-Beitrag abschaffen und den Sender aus dem Staatshaushalt finanzieren. Kritiker warnen vor einer Schw\u00e4chung der Medienvielfalt und der Unabh\u00e4ngigkeit des ORF. Die Debatte um die Finanzierung hat weitreichende Folgen f\u00fcr \u00d6sterreichs Medienlandschaft. Zwischen 15,30 und 20 Euro pro Monat zahlen \u00f6sterreichische Haushalte f\u00fcr den ORF. Die FP\u00d6 will diesen Beitrag nun [&hellip;]<\/p>\n","protected":false},"author":3,"featured_media":77337,"comment_status":"open","ping_status":"open","sticky":false,"template":"","format":"standard","meta":{"_yoast_indexnow_last_ping":["1738051868"],"wp_automatic_camp":["217"],"011744e3b3247ccc8560a7b741aa86c0":["FP\u00d6 will ORF-Beitrag abschaffen"],"original_link":["https:\/\/de.rt.com\/oesterreich\/234646-fpoe-will-orf-beitrag-abschaffen\/"],"_thumbnail_id":["77337"],"_wptgpro_p2tg_sent2tg":["a:1:{i:23737;s:19:\"2025-01-28 10:12:09\";}"],"jnews_social_counter_last_update":["1777400901"]},"categories":[19,23],"tags":[23515,30964,62274],"yoast_head":"<!-- This site is optimized with the Yoast SEO Premium plugin v22.7 (Yoast SEO v22.7) - https:\/\/yoast.com\/wordpress\/plugins\/seo\/ -->\n<title>FP\u00d6 will ORF-Beitrag abschaffen - just-now.NEWS Deutschland<\/title>\n<meta name=\"robots\" content=\"index, follow, max-snippet:-1, max-image-preview:large, max-video-preview:-1\" \/>\n<link rel=\"canonical\" href=\"https:\/\/now-news.de\/de\/deutschland\/fpoe-will-orf-beitrag-abschaffen\/\" \/>\n<meta property=\"og:locale\" content=\"de_DE\" \/>\n<meta property=\"og:type\" content=\"article\" \/>\n<meta property=\"og:title\" content=\"FP\u00d6 will ORF-Beitrag abschaffen\" \/>\n<meta property=\"og:description\" content=\"Die FP\u00d6 will den ORF-Beitrag abschaffen und den Sender aus dem Staatshaushalt finanzieren. Kritiker warnen vor einer Schw\u00e4chung der Medienvielfalt und der Unabh\u00e4ngigkeit des ORF. Die Debatte um die Finanzierung hat weitreichende Folgen f\u00fcr \u00d6sterreichs Medienlandschaft. Zwischen 15,30 und 20 Euro pro Monat zahlen \u00f6sterreichische Haushalte f\u00fcr den ORF. Die FP\u00d6 will diesen Beitrag nun [&hellip;]\" \/>\n<meta property=\"og:url\" content=\"https:\/\/now-news.de\/de\/deutschland\/fpoe-will-orf-beitrag-abschaffen\/\" \/>\n<meta property=\"og:site_name\" content=\"just-now.NEWS Deutschland\" \/>\n<meta property=\"article:publisher\" content=\"https:\/\/www.facebook.com\/wirmachenauf\" \/>\n<meta property=\"article:published_time\" content=\"2025-01-28T07:58:54+00:00\" \/>\n<meta property=\"og:image\" content=\"https:\/\/now-news.de\/de\/wp-content\/uploads\/sites\/3\/2025\/01\/6797bf63b480cc4e5b53eb7d.jpg\" \/>\n<meta name=\"author\" content=\"rtnews\" \/>\n<meta name=\"twitter:card\" content=\"summary_large_image\" \/>\n<meta name=\"twitter:creator\" content=\"@WirMachenAuf_de\" \/>\n<meta name=\"twitter:site\" content=\"@WirMachenAuf_de\" \/>\n<meta name=\"twitter:label1\" content=\"Verfasst von\" \/>\n\t<meta name=\"twitter:data1\" content=\"rtnews\" \/>\n\t<meta name=\"twitter:label2\" content=\"Gesch\u00e4tzte Lesezeit\" \/>\n\t<meta name=\"twitter:data2\" content=\"2\u00a0Minuten\" \/>\n<script type=\"application\/ld+json\" class=\"yoast-schema-graph\">{\"@context\":\"https:\/\/schema.org\",\"@graph\":[{\"@type\":\"Article\",\"@id\":\"https:\/\/now-news.de\/de\/deutschland\/fpoe-will-orf-beitrag-abschaffen\/#article\",\"isPartOf\":{\"@id\":\"https:\/\/now-news.de\/de\/deutschland\/fpoe-will-orf-beitrag-abschaffen\/\"},\"author\":{\"name\":\"rtnews\",\"@id\":\"https:\/\/now-news.de\/de\/#\/schema\/person\/fb534a4e865501d8b3285208df34a9b5\"},\"headline\":\"FP\u00d6 will ORF-Beitrag abschaffen\",\"datePublished\":\"2025-01-28T07:58:54+00:00\",\"dateModified\":\"2025-01-28T07:58:54+00:00\",\"mainEntityOfPage\":{\"@id\":\"https:\/\/now-news.de\/de\/deutschland\/fpoe-will-orf-beitrag-abschaffen\/\"},\"wordCount\":417,\"commentCount\":0,\"publisher\":{\"@id\":\"https:\/\/now-news.de\/de\/#organization\"},\"image\":{\"@id\":\"https:\/\/now-news.de\/de\/deutschland\/fpoe-will-orf-beitrag-abschaffen\/#primaryimage\"},\"thumbnailUrl\":\"https:\/\/now-news.de\/de\/wp-content\/uploads\/sites\/3\/2025\/01\/FPOe-will-ORF-Beitrag-abschaffen.jpg\",\"keywords\":[\"abschaffen\",\"FP\u00d6\",\"ORFBeitrag\"],\"articleSection\":[\"Deutschland\",\"Russland\"],\"inLanguage\":\"de\",\"potentialAction\":[{\"@type\":\"CommentAction\",\"name\":\"Comment\",\"target\":[\"https:\/\/now-news.de\/de\/deutschland\/fpoe-will-orf-beitrag-abschaffen\/#respond\"]}]},{\"@type\":\"WebPage\",\"@id\":\"https:\/\/now-news.de\/de\/deutschland\/fpoe-will-orf-beitrag-abschaffen\/\",\"url\":\"https:\/\/now-news.de\/de\/deutschland\/fpoe-will-orf-beitrag-abschaffen\/\",\"name\":\"FP\u00d6 will ORF-Beitrag abschaffen - just-now.NEWS Deutschland\",\"isPartOf\":{\"@id\":\"https:\/\/now-news.de\/de\/#website\"},\"primaryImageOfPage\":{\"@id\":\"https:\/\/now-news.de\/de\/deutschland\/fpoe-will-orf-beitrag-abschaffen\/#primaryimage\"},\"image\":{\"@id\":\"https:\/\/now-news.de\/de\/deutschland\/fpoe-will-orf-beitrag-abschaffen\/#primaryimage\"},\"thumbnailUrl\":\"https:\/\/now-news.de\/de\/wp-content\/uploads\/sites\/3\/2025\/01\/FPOe-will-ORF-Beitrag-abschaffen.jpg\",\"datePublished\":\"2025-01-28T07:58:54+00:00\",\"dateModified\":\"2025-01-28T07:58:54+00:00\",\"breadcrumb\":{\"@id\":\"https:\/\/now-news.de\/de\/deutschland\/fpoe-will-orf-beitrag-abschaffen\/#breadcrumb\"},\"inLanguage\":\"de\",\"potentialAction\":[{\"@type\":\"ReadAction\",\"target\":[\"https:\/\/now-news.de\/de\/deutschland\/fpoe-will-orf-beitrag-abschaffen\/\"]}]},{\"@type\":\"ImageObject\",\"inLanguage\":\"de\",\"@id\":\"https:\/\/now-news.de\/de\/deutschland\/fpoe-will-orf-beitrag-abschaffen\/#primaryimage\",\"url\":\"https:\/\/now-news.de\/de\/wp-content\/uploads\/sites\/3\/2025\/01\/FPOe-will-ORF-Beitrag-abschaffen.jpg\",\"contentUrl\":\"https:\/\/now-news.de\/de\/wp-content\/uploads\/sites\/3\/2025\/01\/FPOe-will-ORF-Beitrag-abschaffen.jpg\",\"width\":460,\"height\":259,\"caption\":\"FP\u00d6 will ORF-Beitrag abschaffen\"},{\"@type\":\"BreadcrumbList\",\"@id\":\"https:\/\/now-news.de\/de\/deutschland\/fpoe-will-orf-beitrag-abschaffen\/#breadcrumb\",\"itemListElement\":[{\"@type\":\"ListItem\",\"position\":1,\"name\":\"Home\",\"item\":\"https:\/\/now-news.de\/de\/\"},{\"@type\":\"ListItem\",\"position\":2,\"name\":\"FP\u00d6 will ORF-Beitrag abschaffen\"}]},{\"@type\":\"WebSite\",\"@id\":\"https:\/\/now-news.de\/de\/#website\",\"url\":\"https:\/\/now-news.de\/de\/\",\"name\":\"just-now.NEWS Deutschland\",\"description\":\"Das Portal f\u00fcr unzensierte Nachrichten aus der Welt\",\"publisher\":{\"@id\":\"https:\/\/now-news.de\/de\/#organization\"},\"potentialAction\":[{\"@type\":\"SearchAction\",\"target\":{\"@type\":\"EntryPoint\",\"urlTemplate\":\"https:\/\/now-news.de\/de\/?s={search_term_string}\"},\"query-input\":\"required name=search_term_string\"}],\"inLanguage\":\"de\"},{\"@type\":\"Organization\",\"@id\":\"https:\/\/now-news.de\/de\/#organization\",\"name\":\"Just Now News\",\"url\":\"https:\/\/now-news.de\/de\/\",\"logo\":{\"@type\":\"ImageObject\",\"inLanguage\":\"de\",\"@id\":\"https:\/\/now-news.de\/de\/#\/schema\/logo\/image\/\",\"url\":\"http:\/\/just-now.news\/de\/wp-content\/uploads\/sites\/3\/2022\/04\/logo500x500.jpg\",\"contentUrl\":\"http:\/\/just-now.news\/de\/wp-content\/uploads\/sites\/3\/2022\/04\/logo500x500.jpg\",\"width\":500,\"height\":500,\"caption\":\"Just Now News\"},\"image\":{\"@id\":\"https:\/\/now-news.de\/de\/#\/schema\/logo\/image\/\"},\"sameAs\":[\"https:\/\/www.facebook.com\/wirmachenauf\",\"https:\/\/x.com\/WirMachenAuf_de\"]},{\"@type\":\"Person\",\"@id\":\"https:\/\/now-news.de\/de\/#\/schema\/person\/fb534a4e865501d8b3285208df34a9b5\",\"name\":\"rtnews\",\"image\":{\"@type\":\"ImageObject\",\"inLanguage\":\"de\",\"@id\":\"https:\/\/now-news.de\/de\/#\/schema\/person\/image\/\",\"url\":\"https:\/\/secure.gravatar.com\/avatar\/82aafea7d8127119dd649515f56e2117?s=96&d=mm&r=g\",\"contentUrl\":\"https:\/\/secure.gravatar.com\/avatar\/82aafea7d8127119dd649515f56e2117?s=96&d=mm&r=g\",\"caption\":\"rtnews\"},\"url\":\"https:\/\/now-news.de\/de\/author\/rnews\/\"}]}<\/script>\n<!-- \/ Yoast SEO Premium plugin. -->","yoast_head_json":{"title":"FP\u00d6 will ORF-Beitrag abschaffen - just-now.NEWS Deutschland","robots":{"index":"index","follow":"follow","max-snippet":"max-snippet:-1","max-image-preview":"max-image-preview:large","max-video-preview":"max-video-preview:-1"},"canonical":"https:\/\/now-news.de\/de\/deutschland\/fpoe-will-orf-beitrag-abschaffen\/","og_locale":"de_DE","og_type":"article","og_title":"FP\u00d6 will ORF-Beitrag abschaffen","og_description":"Die FP\u00d6 will den ORF-Beitrag abschaffen und den Sender aus dem Staatshaushalt finanzieren. Kritiker warnen vor einer Schw\u00e4chung der Medienvielfalt und der Unabh\u00e4ngigkeit des ORF. Die Debatte um die Finanzierung hat weitreichende Folgen f\u00fcr \u00d6sterreichs Medienlandschaft. Zwischen 15,30 und 20 Euro pro Monat zahlen \u00f6sterreichische Haushalte f\u00fcr den ORF. Die FP\u00d6 will diesen Beitrag nun [&hellip;]","og_url":"https:\/\/now-news.de\/de\/deutschland\/fpoe-will-orf-beitrag-abschaffen\/","og_site_name":"just-now.NEWS Deutschland","article_publisher":"https:\/\/www.facebook.com\/wirmachenauf","article_published_time":"2025-01-28T07:58:54+00:00","og_image":[{"url":"https:\/\/now-news.de\/de\/wp-content\/uploads\/sites\/3\/2025\/01\/6797bf63b480cc4e5b53eb7d.jpg"}],"author":"rtnews","twitter_card":"summary_large_image","twitter_creator":"@WirMachenAuf_de","twitter_site":"@WirMachenAuf_de","twitter_misc":{"Verfasst von":"rtnews","Gesch\u00e4tzte Lesezeit":"2\u00a0Minuten"},"schema":{"@context":"https:\/\/schema.org","@graph":[{"@type":"Article","@id":"https:\/\/now-news.de\/de\/deutschland\/fpoe-will-orf-beitrag-abschaffen\/#article","isPartOf":{"@id":"https:\/\/now-news.de\/de\/deutschland\/fpoe-will-orf-beitrag-abschaffen\/"},"author":{"name":"rtnews","@id":"https:\/\/now-news.de\/de\/#\/schema\/person\/fb534a4e865501d8b3285208df34a9b5"},"headline":"FP\u00d6 will ORF-Beitrag abschaffen","datePublished":"2025-01-28T07:58:54+00:00","dateModified":"2025-01-28T07:58:54+00:00","mainEntityOfPage":{"@id":"https:\/\/now-news.de\/de\/deutschland\/fpoe-will-orf-beitrag-abschaffen\/"},"wordCount":417,"commentCount":0,"publisher":{"@id":"https:\/\/now-news.de\/de\/#organization"},"image":{"@id":"https:\/\/now-news.de\/de\/deutschland\/fpoe-will-orf-beitrag-abschaffen\/#primaryimage"},"thumbnailUrl":"https:\/\/now-news.de\/de\/wp-content\/uploads\/sites\/3\/2025\/01\/FPOe-will-ORF-Beitrag-abschaffen.jpg","keywords":["abschaffen","FP\u00d6","ORFBeitrag"],"articleSection":["Deutschland","Russland"],"inLanguage":"de","potentialAction":[{"@type":"CommentAction","name":"Comment","target":["https:\/\/now-news.de\/de\/deutschland\/fpoe-will-orf-beitrag-abschaffen\/#respond"]}]},{"@type":"WebPage","@id":"https:\/\/now-news.de\/de\/deutschland\/fpoe-will-orf-beitrag-abschaffen\/","url":"https:\/\/now-news.de\/de\/deutschland\/fpoe-will-orf-beitrag-abschaffen\/","name":"FP\u00d6 will ORF-Beitrag abschaffen - just-now.NEWS Deutschland","isPartOf":{"@id":"https:\/\/now-news.de\/de\/#website"},"primaryImageOfPage":{"@id":"https:\/\/now-news.de\/de\/deutschland\/fpoe-will-orf-beitrag-abschaffen\/#primaryimage"},"image":{"@id":"https:\/\/now-news.de\/de\/deutschland\/fpoe-will-orf-beitrag-abschaffen\/#primaryimage"},"thumbnailUrl":"https:\/\/now-news.de\/de\/wp-content\/uploads\/sites\/3\/2025\/01\/FPOe-will-ORF-Beitrag-abschaffen.jpg","datePublished":"2025-01-28T07:58:54+00:00","dateModified":"2025-01-28T07:58:54+00:00","breadcrumb":{"@id":"https:\/\/now-news.de\/de\/deutschland\/fpoe-will-orf-beitrag-abschaffen\/#breadcrumb"},"inLanguage":"de","potentialAction":[{"@type":"ReadAction","target":["https:\/\/now-news.de\/de\/deutschland\/fpoe-will-orf-beitrag-abschaffen\/"]}]},{"@type":"ImageObject","inLanguage":"de","@id":"https:\/\/now-news.de\/de\/deutschland\/fpoe-will-orf-beitrag-abschaffen\/#primaryimage","url":"https:\/\/now-news.de\/de\/wp-content\/uploads\/sites\/3\/2025\/01\/FPOe-will-ORF-Beitrag-abschaffen.jpg","contentUrl":"https:\/\/now-news.de\/de\/wp-content\/uploads\/sites\/3\/2025\/01\/FPOe-will-ORF-Beitrag-abschaffen.jpg","width":460,"height":259,"caption":"FP\u00d6 will ORF-Beitrag abschaffen"},{"@type":"BreadcrumbList","@id":"https:\/\/now-news.de\/de\/deutschland\/fpoe-will-orf-beitrag-abschaffen\/#breadcrumb","itemListElement":[{"@type":"ListItem","position":1,"name":"Home","item":"https:\/\/now-news.de\/de\/"},{"@type":"ListItem","position":2,"name":"FP\u00d6 will ORF-Beitrag abschaffen"}]},{"@type":"WebSite","@id":"https:\/\/now-news.de\/de\/#website","url":"https:\/\/now-news.de\/de\/","name":"just-now.NEWS Deutschland","description":"Das Portal f\u00fcr unzensierte Nachrichten aus der Welt","publisher":{"@id":"https:\/\/now-news.de\/de\/#organization"},"potentialAction":[{"@type":"SearchAction","target":{"@type":"EntryPoint","urlTemplate":"https:\/\/now-news.de\/de\/?s={search_term_string}"},"query-input":"required name=search_term_string"}],"inLanguage":"de"},{"@type":"Organization","@id":"https:\/\/now-news.de\/de\/#organization","name":"Just Now News","url":"https:\/\/now-news.de\/de\/","logo":{"@type":"ImageObject","inLanguage":"de","@id":"https:\/\/now-news.de\/de\/#\/schema\/logo\/image\/","url":"http:\/\/just-now.news\/de\/wp-content\/uploads\/sites\/3\/2022\/04\/logo500x500.jpg","contentUrl":"http:\/\/just-now.news\/de\/wp-content\/uploads\/sites\/3\/2022\/04\/logo500x500.jpg","width":500,"height":500,"caption":"Just Now News"},"image":{"@id":"https:\/\/now-news.de\/de\/#\/schema\/logo\/image\/"},"sameAs":["https:\/\/www.facebook.com\/wirmachenauf","https:\/\/x.com\/WirMachenAuf_de"]},{"@type":"Person","@id":"https:\/\/now-news.de\/de\/#\/schema\/person\/fb534a4e865501d8b3285208df34a9b5","name":"rtnews","image":{"@type":"ImageObject","inLanguage":"de","@id":"https:\/\/now-news.de\/de\/#\/schema\/person\/image\/","url":"https:\/\/secure.gravatar.com\/avatar\/82aafea7d8127119dd649515f56e2117?s=96&d=mm&r=g","contentUrl":"https:\/\/secure.gravatar.com\/avatar\/82aafea7d8127119dd649515f56e2117?s=96&d=mm&r=g","caption":"rtnews"},"url":"https:\/\/now-news.de\/de\/author\/rnews\/"}]}},"_links":{"self":[{"href":"https:\/\/now-news.de\/de\/wp-json\/wp\/v2\/posts\/77336"}],"collection":[{"href":"https:\/\/now-news.de\/de\/wp-json\/wp\/v2\/posts"}],"about":[{"href":"https:\/\/now-news.de\/de\/wp-json\/wp\/v2\/types\/post"}],"author":[{"embeddable":true,"href":"https:\/\/now-news.de\/de\/wp-json\/wp\/v2\/users\/3"}],"replies":[{"embeddable":true,"href":"https:\/\/now-news.de\/de\/wp-json\/wp\/v2\/comments?post=77336"}],"version-history":[{"count":0,"href":"https:\/\/now-news.de\/de\/wp-json\/wp\/v2\/posts\/77336\/revisions"}],"wp:featuredmedia":[{"embeddable":true,"href":"https:\/\/now-news.de\/de\/wp-json\/wp\/v2\/media\/77337"}],"wp:attachment":[{"href":"https:\/\/now-news.de\/de\/wp-json\/wp\/v2\/media?parent=77336"}],"wp:term":[{"taxonomy":"category","embeddable":true,"href":"https:\/\/now-news.de\/de\/wp-json\/wp\/v2\/categories?post=77336"},{"taxonomy":"post_tag","embeddable":true,"href":"https:\/\/now-news.de\/de\/wp-json\/wp\/v2\/tags?post=77336"}],"curies":[{"name":"wp","href":"https:\/\/api.w.org\/{rel}","templated":true}]}}