{"id":77316,"date":"2025-01-27T19:34:28","date_gmt":"2025-01-27T17:34:28","guid":{"rendered":"https:\/\/now-news.de\/de\/deutschland\/diplomatischer-fauxpas-russland-protestiert-bei-moldawien\/"},"modified":"2025-01-27T19:34:28","modified_gmt":"2025-01-27T17:34:28","slug":"diplomatischer-fauxpas-russland-protestiert-bei-moldawien","status":"publish","type":"post","link":"https:\/\/now-news.de\/de\/deutschland\/diplomatischer-fauxpas-russland-protestiert-bei-moldawien\/","title":{"rendered":"Diplomatischer Fauxpas: Russland protestiert bei Moldawien"},"content":{"rendered":"<p><img decoding=\"async\" src=\"https:\/\/now-news.de\/de\/wp-content\/uploads\/sites\/3\/2025\/01\/6797b22f48fbef68326202ef.jpg\" \/><\/p>\n<div class=\"Text-root Text-type_1 \">\n                Das russische Au\u00dfenministerium hat den moldawischen Botschafter wegen der Ver\u00f6ffentlichung einer vertraulichen diplomatischen Mitteilung und Anschuldigungen gegen die russische Mission in Chi\u0219in\u0103u einbestellt. Moldawien wird aufgefordert, sich unfreundlicher Aktionen zu enthalten.\n            <\/div>\n<p><\/p>\n<div class=\"Text-root Text-type_5 ArticleView-text ViewText-root \">\n<p>Das russische Au\u00dfenministerium hat am Montag den Botschafter der Republik Moldau, Lilian Darii, einbestellt. Dem Diplomaten wurde eine Protestnote wegen der Ver\u00f6ffentlichung einer vertraulichen diplomatischen Meldung \u00fcber Gaslieferungen \u00fcbergeben. Dieser &#8220;eklatante Vorfall&#8221; von Seiten Moldawiens untergrabe das Vertrauen in die moldawische Diplomatie und habe die Zuverl\u00e4ssigkeit der Zusammenarbeit zwischen den beiden L\u00e4ndern infrage gestellt,\u00a0so eine entsprechende Erkl\u00e4rung auf der Webseite des russischen Au\u00dfenministeriums.<\/p>\n<p>Au\u00dferdem erkl\u00e4rte Moskau seinen Unmut \u00fcber die Aufrufe einer moldawischen Partei, den russischen Botschafter auszuweisen und die Arbeit der russischen Botschaft einzuschr\u00e4nken. Das Au\u00dfenministerium betonte, dass alle Anschuldigungen gegen den Botschafter unbegr\u00fcndet seien, und forderte ein \u00f6ffentliches\u00a0Dementi\u00a0seitens\u00a0der moldawischen Beh\u00f6rden.<\/p>\n<p>Russland erinnerte in diesem Zusammenhang an die Notwendigkeit, das Wiener \u00dcbereinkommen von 1961 zu respektieren, das jeden Angriff auf die Person, Freiheit und W\u00fcrde diplomatischer Vertreter ausschlie\u00dft. Chi\u0219in\u0103u sollte sich\u00a0s\u00e4mtlicher\u00a0Handlungen enthalten, die gegen internationale Normen versto\u00dfen.<\/p>\n<p>Vergangene Woche hatte die Moldauische Nationalpartei (Partidul Na\u021bional Moldovenesc, PNM) dem russischen Botschafter Oleg Oserow &#8220;illegale&#8221; und &#8220;provokative&#8221; Handlungen vorgeworfen. Der Diplomat soll seine Beglaubigungsschreiben bisher nicht bei der Pr\u00e4sidialverwaltung eingereicht, Transnistrien ohne Genehmigung des Au\u00dfenministeriums besucht und damit gegen die moldawische Gesetzgebung versto\u00dfen haben. Daher sprach sich die Partei f\u00fcr die Ausweisung des Diplomaten aus.<\/p>\n<p><strong>Mehr zum Thema \u2013 <\/strong><a rel=\"nofollow noopener\" target=\"_blank\" href=\"https:\/\/freedert.online\/europa\/234049-russland-rettet-transnistrien-aus-der-von-sandu-verursachten-krise\/\">Russland rettet Transnistrien aus der von Sandu verursachten Krise<\/a><\/p>\n<div class=\"EmbedBlock-root EmbedBlock-externalVideo EmbedBlock-rumble\">\n<div class=\"VkEmbed\"><iframe class=\"lazyload\" data-src=\"https:\/\/rumble.com\/embed\/v5h6o6b\" frameborder=\"0\" width=\"853\" height=\"480\" allowfullscreen><\/iframe><\/div>\n<\/div>\n<\/div>\n<p><br \/>\n<br \/><a href=\"https:\/\/de.rt.com\/europa\/234625-bekanntgabe-vertraulicher-daten-und-vorwuerfe\/\">Source link <\/a><\/p>\n","protected":false},"excerpt":{"rendered":"<p>Das russische Au\u00dfenministerium hat den moldawischen Botschafter wegen der Ver\u00f6ffentlichung einer vertraulichen diplomatischen Mitteilung und Anschuldigungen gegen die russische Mission in Chi\u0219in\u0103u einbestellt. Moldawien wird aufgefordert, sich unfreundlicher Aktionen zu enthalten. Das russische Au\u00dfenministerium hat am Montag den Botschafter der Republik Moldau, Lilian Darii, einbestellt. Dem Diplomaten wurde eine Protestnote wegen der Ver\u00f6ffentlichung einer vertraulichen [&hellip;]<\/p>\n","protected":false},"author":3,"featured_media":77317,"comment_status":"open","ping_status":"open","sticky":false,"template":"","format":"standard","meta":{"_yoast_indexnow_last_ping":["1737999606"],"wp_automatic_camp":["217"],"a16d3fafa9c113a73557dbb417e89078":["Diplomatischer Fauxpas: Russland protestiert bei Moldawien"],"original_link":["https:\/\/de.rt.com\/europa\/234625-bekanntgabe-vertraulicher-daten-und-vorwuerfe\/"],"_thumbnail_id":["77317"],"jnews_social_counter_last_update":["1777180152"],"_wptgpro_p2tg_sent2tg":["a:1:{i:23737;s:19:\"2025-01-27 19:41:07\";}"]},"categories":[19,23],"tags":[363,31434,42416,25732,2638,126],"yoast_head":"<!-- This site is optimized with the Yoast SEO Premium plugin v22.7 (Yoast SEO v22.7) - https:\/\/yoast.com\/wordpress\/plugins\/seo\/ -->\n<title>Diplomatischer Fauxpas: Russland protestiert bei Moldawien - just-now.NEWS Deutschland<\/title>\n<meta name=\"robots\" content=\"index, follow, max-snippet:-1, max-image-preview:large, max-video-preview:-1\" \/>\n<link rel=\"canonical\" href=\"https:\/\/now-news.de\/de\/deutschland\/diplomatischer-fauxpas-russland-protestiert-bei-moldawien\/\" \/>\n<meta property=\"og:locale\" content=\"de_DE\" \/>\n<meta property=\"og:type\" content=\"article\" \/>\n<meta property=\"og:title\" content=\"Diplomatischer Fauxpas: Russland protestiert bei Moldawien\" \/>\n<meta property=\"og:description\" content=\"Das russische Au\u00dfenministerium hat den moldawischen Botschafter wegen der Ver\u00f6ffentlichung einer vertraulichen diplomatischen Mitteilung und Anschuldigungen gegen die russische Mission in Chi\u0219in\u0103u einbestellt. Moldawien wird aufgefordert, sich unfreundlicher Aktionen zu enthalten. Das russische Au\u00dfenministerium hat am Montag den Botschafter der Republik Moldau, Lilian Darii, einbestellt. Dem Diplomaten wurde eine Protestnote wegen der Ver\u00f6ffentlichung einer vertraulichen [&hellip;]\" \/>\n<meta property=\"og:url\" content=\"https:\/\/now-news.de\/de\/deutschland\/diplomatischer-fauxpas-russland-protestiert-bei-moldawien\/\" \/>\n<meta property=\"og:site_name\" content=\"just-now.NEWS Deutschland\" \/>\n<meta property=\"article:publisher\" content=\"https:\/\/www.facebook.com\/wirmachenauf\" \/>\n<meta property=\"article:published_time\" content=\"2025-01-27T17:34:28+00:00\" \/>\n<meta property=\"og:image\" content=\"https:\/\/now-news.de\/de\/wp-content\/uploads\/sites\/3\/2025\/01\/6797b22f48fbef68326202ef.jpg\" \/>\n<meta name=\"author\" content=\"rtnews\" \/>\n<meta name=\"twitter:card\" content=\"summary_large_image\" \/>\n<meta name=\"twitter:creator\" content=\"@WirMachenAuf_de\" \/>\n<meta name=\"twitter:site\" content=\"@WirMachenAuf_de\" \/>\n<meta name=\"twitter:label1\" content=\"Verfasst von\" \/>\n\t<meta name=\"twitter:data1\" content=\"rtnews\" \/>\n\t<meta name=\"twitter:label2\" content=\"Gesch\u00e4tzte Lesezeit\" \/>\n\t<meta name=\"twitter:data2\" content=\"1\u00a0Minute\" \/>\n<script type=\"application\/ld+json\" class=\"yoast-schema-graph\">{\"@context\":\"https:\/\/schema.org\",\"@graph\":[{\"@type\":\"Article\",\"@id\":\"https:\/\/now-news.de\/de\/deutschland\/diplomatischer-fauxpas-russland-protestiert-bei-moldawien\/#article\",\"isPartOf\":{\"@id\":\"https:\/\/now-news.de\/de\/deutschland\/diplomatischer-fauxpas-russland-protestiert-bei-moldawien\/\"},\"author\":{\"name\":\"rtnews\",\"@id\":\"https:\/\/now-news.de\/de\/#\/schema\/person\/fb534a4e865501d8b3285208df34a9b5\"},\"headline\":\"Diplomatischer Fauxpas: Russland protestiert bei Moldawien\",\"datePublished\":\"2025-01-27T17:34:28+00:00\",\"dateModified\":\"2025-01-27T17:34:28+00:00\",\"mainEntityOfPage\":{\"@id\":\"https:\/\/now-news.de\/de\/deutschland\/diplomatischer-fauxpas-russland-protestiert-bei-moldawien\/\"},\"wordCount\":278,\"commentCount\":0,\"publisher\":{\"@id\":\"https:\/\/now-news.de\/de\/#organization\"},\"image\":{\"@id\":\"https:\/\/now-news.de\/de\/deutschland\/diplomatischer-fauxpas-russland-protestiert-bei-moldawien\/#primaryimage\"},\"thumbnailUrl\":\"https:\/\/now-news.de\/de\/wp-content\/uploads\/sites\/3\/2025\/01\/Diplomatischer-Fauxpas-Russland-protestiert-bei-Moldawien.jpg\",\"keywords\":[\"bei\",\"Diplomatischer\",\"Fauxpas\",\"Moldawien\",\"protestiert\",\"russland\"],\"articleSection\":[\"Deutschland\",\"Russland\"],\"inLanguage\":\"de\",\"potentialAction\":[{\"@type\":\"CommentAction\",\"name\":\"Comment\",\"target\":[\"https:\/\/now-news.de\/de\/deutschland\/diplomatischer-fauxpas-russland-protestiert-bei-moldawien\/#respond\"]}]},{\"@type\":\"WebPage\",\"@id\":\"https:\/\/now-news.de\/de\/deutschland\/diplomatischer-fauxpas-russland-protestiert-bei-moldawien\/\",\"url\":\"https:\/\/now-news.de\/de\/deutschland\/diplomatischer-fauxpas-russland-protestiert-bei-moldawien\/\",\"name\":\"Diplomatischer Fauxpas: Russland protestiert bei Moldawien - just-now.NEWS Deutschland\",\"isPartOf\":{\"@id\":\"https:\/\/now-news.de\/de\/#website\"},\"primaryImageOfPage\":{\"@id\":\"https:\/\/now-news.de\/de\/deutschland\/diplomatischer-fauxpas-russland-protestiert-bei-moldawien\/#primaryimage\"},\"image\":{\"@id\":\"https:\/\/now-news.de\/de\/deutschland\/diplomatischer-fauxpas-russland-protestiert-bei-moldawien\/#primaryimage\"},\"thumbnailUrl\":\"https:\/\/now-news.de\/de\/wp-content\/uploads\/sites\/3\/2025\/01\/Diplomatischer-Fauxpas-Russland-protestiert-bei-Moldawien.jpg\",\"datePublished\":\"2025-01-27T17:34:28+00:00\",\"dateModified\":\"2025-01-27T17:34:28+00:00\",\"breadcrumb\":{\"@id\":\"https:\/\/now-news.de\/de\/deutschland\/diplomatischer-fauxpas-russland-protestiert-bei-moldawien\/#breadcrumb\"},\"inLanguage\":\"de\",\"potentialAction\":[{\"@type\":\"ReadAction\",\"target\":[\"https:\/\/now-news.de\/de\/deutschland\/diplomatischer-fauxpas-russland-protestiert-bei-moldawien\/\"]}]},{\"@type\":\"ImageObject\",\"inLanguage\":\"de\",\"@id\":\"https:\/\/now-news.de\/de\/deutschland\/diplomatischer-fauxpas-russland-protestiert-bei-moldawien\/#primaryimage\",\"url\":\"https:\/\/now-news.de\/de\/wp-content\/uploads\/sites\/3\/2025\/01\/Diplomatischer-Fauxpas-Russland-protestiert-bei-Moldawien.jpg\",\"contentUrl\":\"https:\/\/now-news.de\/de\/wp-content\/uploads\/sites\/3\/2025\/01\/Diplomatischer-Fauxpas-Russland-protestiert-bei-Moldawien.jpg\",\"width\":460,\"height\":259,\"caption\":\"Diplomatischer Fauxpas: Russland protestiert bei Moldawien\"},{\"@type\":\"BreadcrumbList\",\"@id\":\"https:\/\/now-news.de\/de\/deutschland\/diplomatischer-fauxpas-russland-protestiert-bei-moldawien\/#breadcrumb\",\"itemListElement\":[{\"@type\":\"ListItem\",\"position\":1,\"name\":\"Home\",\"item\":\"https:\/\/now-news.de\/de\/\"},{\"@type\":\"ListItem\",\"position\":2,\"name\":\"Diplomatischer Fauxpas: Russland protestiert bei Moldawien\"}]},{\"@type\":\"WebSite\",\"@id\":\"https:\/\/now-news.de\/de\/#website\",\"url\":\"https:\/\/now-news.de\/de\/\",\"name\":\"just-now.NEWS Deutschland\",\"description\":\"Das Portal f\u00fcr unzensierte Nachrichten aus der Welt\",\"publisher\":{\"@id\":\"https:\/\/now-news.de\/de\/#organization\"},\"potentialAction\":[{\"@type\":\"SearchAction\",\"target\":{\"@type\":\"EntryPoint\",\"urlTemplate\":\"https:\/\/now-news.de\/de\/?s={search_term_string}\"},\"query-input\":\"required name=search_term_string\"}],\"inLanguage\":\"de\"},{\"@type\":\"Organization\",\"@id\":\"https:\/\/now-news.de\/de\/#organization\",\"name\":\"Just Now News\",\"url\":\"https:\/\/now-news.de\/de\/\",\"logo\":{\"@type\":\"ImageObject\",\"inLanguage\":\"de\",\"@id\":\"https:\/\/now-news.de\/de\/#\/schema\/logo\/image\/\",\"url\":\"http:\/\/just-now.news\/de\/wp-content\/uploads\/sites\/3\/2022\/04\/logo500x500.jpg\",\"contentUrl\":\"http:\/\/just-now.news\/de\/wp-content\/uploads\/sites\/3\/2022\/04\/logo500x500.jpg\",\"width\":500,\"height\":500,\"caption\":\"Just Now News\"},\"image\":{\"@id\":\"https:\/\/now-news.de\/de\/#\/schema\/logo\/image\/\"},\"sameAs\":[\"https:\/\/www.facebook.com\/wirmachenauf\",\"https:\/\/x.com\/WirMachenAuf_de\"]},{\"@type\":\"Person\",\"@id\":\"https:\/\/now-news.de\/de\/#\/schema\/person\/fb534a4e865501d8b3285208df34a9b5\",\"name\":\"rtnews\",\"image\":{\"@type\":\"ImageObject\",\"inLanguage\":\"de\",\"@id\":\"https:\/\/now-news.de\/de\/#\/schema\/person\/image\/\",\"url\":\"https:\/\/secure.gravatar.com\/avatar\/82aafea7d8127119dd649515f56e2117?s=96&d=mm&r=g\",\"contentUrl\":\"https:\/\/secure.gravatar.com\/avatar\/82aafea7d8127119dd649515f56e2117?s=96&d=mm&r=g\",\"caption\":\"rtnews\"},\"url\":\"https:\/\/now-news.de\/de\/author\/rnews\/\"}]}<\/script>\n<!-- \/ Yoast SEO Premium plugin. -->","yoast_head_json":{"title":"Diplomatischer Fauxpas: Russland protestiert bei Moldawien - just-now.NEWS Deutschland","robots":{"index":"index","follow":"follow","max-snippet":"max-snippet:-1","max-image-preview":"max-image-preview:large","max-video-preview":"max-video-preview:-1"},"canonical":"https:\/\/now-news.de\/de\/deutschland\/diplomatischer-fauxpas-russland-protestiert-bei-moldawien\/","og_locale":"de_DE","og_type":"article","og_title":"Diplomatischer Fauxpas: Russland protestiert bei Moldawien","og_description":"Das russische Au\u00dfenministerium hat den moldawischen Botschafter wegen der Ver\u00f6ffentlichung einer vertraulichen diplomatischen Mitteilung und Anschuldigungen gegen die russische Mission in Chi\u0219in\u0103u einbestellt. Moldawien wird aufgefordert, sich unfreundlicher Aktionen zu enthalten. Das russische Au\u00dfenministerium hat am Montag den Botschafter der Republik Moldau, Lilian Darii, einbestellt. Dem Diplomaten wurde eine Protestnote wegen der Ver\u00f6ffentlichung einer vertraulichen [&hellip;]","og_url":"https:\/\/now-news.de\/de\/deutschland\/diplomatischer-fauxpas-russland-protestiert-bei-moldawien\/","og_site_name":"just-now.NEWS Deutschland","article_publisher":"https:\/\/www.facebook.com\/wirmachenauf","article_published_time":"2025-01-27T17:34:28+00:00","og_image":[{"url":"https:\/\/now-news.de\/de\/wp-content\/uploads\/sites\/3\/2025\/01\/6797b22f48fbef68326202ef.jpg"}],"author":"rtnews","twitter_card":"summary_large_image","twitter_creator":"@WirMachenAuf_de","twitter_site":"@WirMachenAuf_de","twitter_misc":{"Verfasst von":"rtnews","Gesch\u00e4tzte Lesezeit":"1\u00a0Minute"},"schema":{"@context":"https:\/\/schema.org","@graph":[{"@type":"Article","@id":"https:\/\/now-news.de\/de\/deutschland\/diplomatischer-fauxpas-russland-protestiert-bei-moldawien\/#article","isPartOf":{"@id":"https:\/\/now-news.de\/de\/deutschland\/diplomatischer-fauxpas-russland-protestiert-bei-moldawien\/"},"author":{"name":"rtnews","@id":"https:\/\/now-news.de\/de\/#\/schema\/person\/fb534a4e865501d8b3285208df34a9b5"},"headline":"Diplomatischer Fauxpas: Russland protestiert bei Moldawien","datePublished":"2025-01-27T17:34:28+00:00","dateModified":"2025-01-27T17:34:28+00:00","mainEntityOfPage":{"@id":"https:\/\/now-news.de\/de\/deutschland\/diplomatischer-fauxpas-russland-protestiert-bei-moldawien\/"},"wordCount":278,"commentCount":0,"publisher":{"@id":"https:\/\/now-news.de\/de\/#organization"},"image":{"@id":"https:\/\/now-news.de\/de\/deutschland\/diplomatischer-fauxpas-russland-protestiert-bei-moldawien\/#primaryimage"},"thumbnailUrl":"https:\/\/now-news.de\/de\/wp-content\/uploads\/sites\/3\/2025\/01\/Diplomatischer-Fauxpas-Russland-protestiert-bei-Moldawien.jpg","keywords":["bei","Diplomatischer","Fauxpas","Moldawien","protestiert","russland"],"articleSection":["Deutschland","Russland"],"inLanguage":"de","potentialAction":[{"@type":"CommentAction","name":"Comment","target":["https:\/\/now-news.de\/de\/deutschland\/diplomatischer-fauxpas-russland-protestiert-bei-moldawien\/#respond"]}]},{"@type":"WebPage","@id":"https:\/\/now-news.de\/de\/deutschland\/diplomatischer-fauxpas-russland-protestiert-bei-moldawien\/","url":"https:\/\/now-news.de\/de\/deutschland\/diplomatischer-fauxpas-russland-protestiert-bei-moldawien\/","name":"Diplomatischer Fauxpas: Russland protestiert bei Moldawien - just-now.NEWS Deutschland","isPartOf":{"@id":"https:\/\/now-news.de\/de\/#website"},"primaryImageOfPage":{"@id":"https:\/\/now-news.de\/de\/deutschland\/diplomatischer-fauxpas-russland-protestiert-bei-moldawien\/#primaryimage"},"image":{"@id":"https:\/\/now-news.de\/de\/deutschland\/diplomatischer-fauxpas-russland-protestiert-bei-moldawien\/#primaryimage"},"thumbnailUrl":"https:\/\/now-news.de\/de\/wp-content\/uploads\/sites\/3\/2025\/01\/Diplomatischer-Fauxpas-Russland-protestiert-bei-Moldawien.jpg","datePublished":"2025-01-27T17:34:28+00:00","dateModified":"2025-01-27T17:34:28+00:00","breadcrumb":{"@id":"https:\/\/now-news.de\/de\/deutschland\/diplomatischer-fauxpas-russland-protestiert-bei-moldawien\/#breadcrumb"},"inLanguage":"de","potentialAction":[{"@type":"ReadAction","target":["https:\/\/now-news.de\/de\/deutschland\/diplomatischer-fauxpas-russland-protestiert-bei-moldawien\/"]}]},{"@type":"ImageObject","inLanguage":"de","@id":"https:\/\/now-news.de\/de\/deutschland\/diplomatischer-fauxpas-russland-protestiert-bei-moldawien\/#primaryimage","url":"https:\/\/now-news.de\/de\/wp-content\/uploads\/sites\/3\/2025\/01\/Diplomatischer-Fauxpas-Russland-protestiert-bei-Moldawien.jpg","contentUrl":"https:\/\/now-news.de\/de\/wp-content\/uploads\/sites\/3\/2025\/01\/Diplomatischer-Fauxpas-Russland-protestiert-bei-Moldawien.jpg","width":460,"height":259,"caption":"Diplomatischer Fauxpas: Russland protestiert bei Moldawien"},{"@type":"BreadcrumbList","@id":"https:\/\/now-news.de\/de\/deutschland\/diplomatischer-fauxpas-russland-protestiert-bei-moldawien\/#breadcrumb","itemListElement":[{"@type":"ListItem","position":1,"name":"Home","item":"https:\/\/now-news.de\/de\/"},{"@type":"ListItem","position":2,"name":"Diplomatischer Fauxpas: Russland protestiert bei Moldawien"}]},{"@type":"WebSite","@id":"https:\/\/now-news.de\/de\/#website","url":"https:\/\/now-news.de\/de\/","name":"just-now.NEWS Deutschland","description":"Das Portal f\u00fcr unzensierte Nachrichten aus der Welt","publisher":{"@id":"https:\/\/now-news.de\/de\/#organization"},"potentialAction":[{"@type":"SearchAction","target":{"@type":"EntryPoint","urlTemplate":"https:\/\/now-news.de\/de\/?s={search_term_string}"},"query-input":"required name=search_term_string"}],"inLanguage":"de"},{"@type":"Organization","@id":"https:\/\/now-news.de\/de\/#organization","name":"Just Now News","url":"https:\/\/now-news.de\/de\/","logo":{"@type":"ImageObject","inLanguage":"de","@id":"https:\/\/now-news.de\/de\/#\/schema\/logo\/image\/","url":"http:\/\/just-now.news\/de\/wp-content\/uploads\/sites\/3\/2022\/04\/logo500x500.jpg","contentUrl":"http:\/\/just-now.news\/de\/wp-content\/uploads\/sites\/3\/2022\/04\/logo500x500.jpg","width":500,"height":500,"caption":"Just Now News"},"image":{"@id":"https:\/\/now-news.de\/de\/#\/schema\/logo\/image\/"},"sameAs":["https:\/\/www.facebook.com\/wirmachenauf","https:\/\/x.com\/WirMachenAuf_de"]},{"@type":"Person","@id":"https:\/\/now-news.de\/de\/#\/schema\/person\/fb534a4e865501d8b3285208df34a9b5","name":"rtnews","image":{"@type":"ImageObject","inLanguage":"de","@id":"https:\/\/now-news.de\/de\/#\/schema\/person\/image\/","url":"https:\/\/secure.gravatar.com\/avatar\/82aafea7d8127119dd649515f56e2117?s=96&d=mm&r=g","contentUrl":"https:\/\/secure.gravatar.com\/avatar\/82aafea7d8127119dd649515f56e2117?s=96&d=mm&r=g","caption":"rtnews"},"url":"https:\/\/now-news.de\/de\/author\/rnews\/"}]}},"_links":{"self":[{"href":"https:\/\/now-news.de\/de\/wp-json\/wp\/v2\/posts\/77316"}],"collection":[{"href":"https:\/\/now-news.de\/de\/wp-json\/wp\/v2\/posts"}],"about":[{"href":"https:\/\/now-news.de\/de\/wp-json\/wp\/v2\/types\/post"}],"author":[{"embeddable":true,"href":"https:\/\/now-news.de\/de\/wp-json\/wp\/v2\/users\/3"}],"replies":[{"embeddable":true,"href":"https:\/\/now-news.de\/de\/wp-json\/wp\/v2\/comments?post=77316"}],"version-history":[{"count":0,"href":"https:\/\/now-news.de\/de\/wp-json\/wp\/v2\/posts\/77316\/revisions"}],"wp:featuredmedia":[{"embeddable":true,"href":"https:\/\/now-news.de\/de\/wp-json\/wp\/v2\/media\/77317"}],"wp:attachment":[{"href":"https:\/\/now-news.de\/de\/wp-json\/wp\/v2\/media?parent=77316"}],"wp:term":[{"taxonomy":"category","embeddable":true,"href":"https:\/\/now-news.de\/de\/wp-json\/wp\/v2\/categories?post=77316"},{"taxonomy":"post_tag","embeddable":true,"href":"https:\/\/now-news.de\/de\/wp-json\/wp\/v2\/tags?post=77316"}],"curies":[{"name":"wp","href":"https:\/\/api.w.org\/{rel}","templated":true}]}}