{"id":77293,"date":"2025-01-27T14:58:30","date_gmt":"2025-01-27T12:58:30","guid":{"rendered":"https:\/\/now-news.de\/de\/deutschland\/holocaust-gedenktag-fsb-veroeffentlicht-archivdokumente-ueber-nazi-verbrechen-in-auschwitz\/"},"modified":"2025-01-27T14:58:30","modified_gmt":"2025-01-27T12:58:30","slug":"holocaust-gedenktag-fsb-veroeffentlicht-archivdokumente-ueber-nazi-verbrechen-in-auschwitz","status":"publish","type":"post","link":"https:\/\/now-news.de\/de\/deutschland\/holocaust-gedenktag-fsb-veroeffentlicht-archivdokumente-ueber-nazi-verbrechen-in-auschwitz\/","title":{"rendered":"Holocaust-Gedenktag: FSB ver\u00f6ffentlicht Archivdokumente \u00fcber Nazi-Verbrechen in Auschwitz"},"content":{"rendered":"<p><img decoding=\"async\" src=\"https:\/\/now-news.de\/de\/wp-content\/uploads\/sites\/3\/2025\/01\/679775c148fbef537675c7dd.jpg\" \/><\/p>\n<div class=\"Text-root Text-type_1 \">\n                Anl\u00e4sslich des Holocaustgedenktages macht der F\u00f6derale Sicherheitsdienst Russlands Dokumente \u00fcber die Geschehnisse im KZ Auschwitz \u00f6ffentlich. Sie enthalten die Aussagen eines polnischen H\u00e4ftlings, der zu einem Komplizen der Nazis im Vernichtungslager wurde.\n            <\/div>\n<p><\/p>\n<div class=\"Text-root Text-type_5 ArticleView-text ViewText-root \">\n<p>Am diesj\u00e4hrigen Tag des Gedenkens an die Opfer des Holocaust hat der F\u00f6derale Sicherheitsdienst Russlands Archivdokumente \u00fcber die Gr\u00e4ueltaten gegen Gefangene des Konzentrationslagers Auschwitz ver\u00f6ffentlicht.<\/p>\n<p>Im Einzelnen wird in den Dokumenten \u00fcber den Polen J\u00f3zef Pieczka berichtet, der in Auschwitz als Aufsichtsperson oder sogenannter Kapo (Kameradschaftspolizei), t\u00e4tig war. Im Jahr 1939 wurde er als Soldat der polnischen Armee von Deutschen gefangengenommen. Ferner lie\u00df er sich als deutscher Staatsb\u00fcrger naturalisieren und ging 1940\u00a0f\u00fcr drei Jahre wegen Verweigerung des Milit\u00e4rdienstes in der Wehrmacht in die KZ-Haft. In Auschwitz wurde Pieczka zun\u00e4chst zu einem Unterkapo, dann schnell zu einem Kapo. Im Jahr 1943 war seine Strafe abgeb\u00fc\u00dft und er wurde freigelassen. Der sowjetische Milit\u00e4rnachrichtendienst SMERSch machte ihn bereits 1945 nach der Befreiung von Auschwitz ausfindig.<\/p>\n<p>Bei einem Verh\u00f6r gab der Pole zu, dass er aus dem KZ h\u00e4tte ausbrechen k\u00f6nnen, dies jedoch nicht habe tun wollen:<\/p>\n<blockquote>\n<p><em>&#8220;Ich hatte zwar die M\u00f6glichkeit, aus dem Lager zu fliehen, aber ich habe es nicht getan. Ich hielt es nicht f\u00fcr n\u00f6tig, zu fliehen, denn ich habe die H\u00e4rten des Lagerlebens w\u00e4hrend meines Dienstes als Unterkapo und Kapo nicht erlebt. Im Gegenteil, ich hatte dort ein gutes Leben, ich war der Chef und der vollst\u00e4ndige Herr \u00fcber das Leben der H\u00e4ftlinge.&#8221;<\/em><\/p>\n<\/blockquote>\n<p>Als Aufseher begleitete Pieczka t\u00e4glich die Arbeit seiner H\u00e4ftlinge. Seine Gruppe von 15 Menschen war haupts\u00e4chlich mit Transportarbeiten besch\u00e4ftigt. Unter anderem brachten sie Brennstoff in die K\u00fcche, die Baracken und die Krematorien. Sie schafften Asche aus den Krematorien weg, die sich bei der Ein\u00e4scherung menschlicher Leichen ansammelte, oder brachten die Leichen der H\u00e4ftlinge zu den Krematorien, die im Lagergef\u00e4ngnis erschossen oder erh\u00e4ngt oder in den Krankenh\u00e4usern von den deutschen \u00c4rzten bei Experimenten get\u00f6tet worden waren. Pieczkas Gruppe transportierte jede Nacht 100 bis zu 500 Leichen zu den Krematorien.<\/p>\n<p>Laut Pieczkas Aussagen wurden die H\u00e4ftlinge im Lager brutal behandelt, durch harte Arbeit ersch\u00f6pft, geschlagen und get\u00f6tet, womit das Aufsichtspersonal sich aktiv an der Vernichtung unschuldiger Menschen beteiligte. Die Vernichtung der Menschen erfolgte durch Massenmord in Gaskammern sowie durch Erschie\u00dfen, Erh\u00e4ngen, T\u00f6ten durch Injektionen und alle Arten von Missbr\u00e4uchen.<\/p>\n<p>Ebenso wie andere Kapos missbrauchte Pieczka regelm\u00e4\u00dfig die H\u00e4ftlinge, verpr\u00fcgelte sie und nahm an der Vernichtung unschuldiger Menschen teil. Zu diesen Taten war der Mann gest\u00e4ndig.<\/p>\n<p>Am 6. April wurde er aus dem KZ Auschwitz freigelassen, nachdem er sich schriftlich verpflichtet hatte, keine Informationen \u00fcber das Lager preiszugeben. Im Laufe der Ermittlungen in der Sowjetunion wurde Pieczka mit Schizophrenie diagnostiziert und in eine Nervenklinik \u00fcberstellt. Im Jahr 1955 wurde er an die Vertreter der Deutschen Demokratischen Republik ausgeliefert.<\/p>\n<p>Das Konzentrationslager nahe der gleichnamigen Stadt Auschwitz (polnischer Name O\u015bwi\u0119cim) wurde am 27. Januar 1945 von Soldaten der Roten Armee befreit. In den Komplex aus mehreren Lagern und Anlagen wurden Menschen aus ganz Europa deportiert, vorwiegend waren es Juden aus Belgien, Deutschland, Frankreich, Griechenland, Italien, Jugoslawien, Luxemburg, Niederlande, \u00d6sterreich, Polen, Rum\u00e4nien, der Sowjetunion und der Tschechoslowakei sowie Ungarn. Die genaue Opferzahl konnte nicht ermittelt werden, der FSB geht von mindestens vier Millionen Opfern aus.<\/p>\n<p>Seit 2005 gilt der 27. Januar laut einer Entscheidung der Vereinten Nationen als Internationaler Tag des Gedenkens an die Opfer des Holocaust. Im Jahr 1996 f\u00fchrte Deutschland am 27. Januar einen bundesweiten Gedenktag an die Opfer des Nationalsozialismus ein.<\/p>\n<p><strong>Mehr zum Thema \u2013<\/strong>\u00a0<a rel=\"nofollow noopener\" target=\"_blank\" href=\"https:\/\/freedert.online\/europa\/220533-vucic-verbot-teilnahme-russlands-an\/\">Vucic: Verbot der Teilnahme Russlands an Auschwitz- Befreiungszeremonie &#8220;pervers&#8221;<\/a><\/p>\n<\/div>\n<p><br \/>\n<br \/><a href=\"https:\/\/de.rt.com\/international\/234570-holocaust-gedenktag-fsb-veroeffentlicht-archivdokumente\/\">Source link <\/a><\/p>\n","protected":false},"excerpt":{"rendered":"<p>Anl\u00e4sslich des Holocaustgedenktages macht der F\u00f6derale Sicherheitsdienst Russlands Dokumente \u00fcber die Geschehnisse im KZ Auschwitz \u00f6ffentlich. Sie enthalten die Aussagen eines polnischen H\u00e4ftlings, der zu einem Komplizen der Nazis im Vernichtungslager wurde. Am diesj\u00e4hrigen Tag des Gedenkens an die Opfer des Holocaust hat der F\u00f6derale Sicherheitsdienst Russlands Archivdokumente \u00fcber die Gr\u00e4ueltaten gegen Gefangene des Konzentrationslagers [&hellip;]<\/p>\n","protected":false},"author":3,"featured_media":77294,"comment_status":"open","ping_status":"open","sticky":false,"template":"","format":"standard","meta":{"_yoast_indexnow_last_ping":["1737983285"],"wp_automatic_camp":["217"],"99e89a72d7487a7099046a00ca9b3372":["Holocaust-Gedenktag: FSB ver\u00f6ffentlicht Archivdokumente \u00fcber Nazi-Verbrechen in Auschwitz"],"original_link":["https:\/\/de.rt.com\/international\/234570-holocaust-gedenktag-fsb-veroeffentlicht-archivdokumente\/"],"jnews_social_counter_last_update":["1777263639"],"_thumbnail_id":["77294"],"_wptgpro_p2tg_sent2tg":["a:1:{i:23737;s:19:\"2025-01-27 15:09:05\";}"]},"categories":[19,23],"tags":[14676,34250,10703,62259,51431,139,2329],"yoast_head":"<!-- This site is optimized with the Yoast SEO Premium plugin v22.7 (Yoast SEO v22.7) - https:\/\/yoast.com\/wordpress\/plugins\/seo\/ -->\n<title>Holocaust-Gedenktag: FSB ver\u00f6ffentlicht Archivdokumente \u00fcber Nazi-Verbrechen in Auschwitz - just-now.NEWS Deutschland<\/title>\n<meta name=\"robots\" content=\"index, follow, max-snippet:-1, max-image-preview:large, max-video-preview:-1\" \/>\n<link rel=\"canonical\" href=\"https:\/\/now-news.de\/de\/deutschland\/holocaust-gedenktag-fsb-veroeffentlicht-archivdokumente-ueber-nazi-verbrechen-in-auschwitz\/\" \/>\n<meta property=\"og:locale\" content=\"de_DE\" \/>\n<meta property=\"og:type\" content=\"article\" \/>\n<meta property=\"og:title\" content=\"Holocaust-Gedenktag: FSB ver\u00f6ffentlicht Archivdokumente \u00fcber Nazi-Verbrechen in Auschwitz\" \/>\n<meta property=\"og:description\" content=\"Anl\u00e4sslich des Holocaustgedenktages macht der F\u00f6derale Sicherheitsdienst Russlands Dokumente \u00fcber die Geschehnisse im KZ Auschwitz \u00f6ffentlich. Sie enthalten die Aussagen eines polnischen H\u00e4ftlings, der zu einem Komplizen der Nazis im Vernichtungslager wurde. Am diesj\u00e4hrigen Tag des Gedenkens an die Opfer des Holocaust hat der F\u00f6derale Sicherheitsdienst Russlands Archivdokumente \u00fcber die Gr\u00e4ueltaten gegen Gefangene des Konzentrationslagers [&hellip;]\" \/>\n<meta property=\"og:url\" content=\"https:\/\/now-news.de\/de\/deutschland\/holocaust-gedenktag-fsb-veroeffentlicht-archivdokumente-ueber-nazi-verbrechen-in-auschwitz\/\" \/>\n<meta property=\"og:site_name\" content=\"just-now.NEWS Deutschland\" \/>\n<meta property=\"article:publisher\" content=\"https:\/\/www.facebook.com\/wirmachenauf\" \/>\n<meta property=\"article:published_time\" content=\"2025-01-27T12:58:30+00:00\" \/>\n<meta property=\"og:image\" content=\"https:\/\/now-news.de\/de\/wp-content\/uploads\/sites\/3\/2025\/01\/679775c148fbef537675c7dd.jpg\" \/>\n<meta name=\"author\" content=\"rtnews\" \/>\n<meta name=\"twitter:card\" content=\"summary_large_image\" \/>\n<meta name=\"twitter:creator\" content=\"@WirMachenAuf_de\" \/>\n<meta name=\"twitter:site\" content=\"@WirMachenAuf_de\" \/>\n<meta name=\"twitter:label1\" content=\"Verfasst von\" \/>\n\t<meta name=\"twitter:data1\" content=\"rtnews\" \/>\n\t<meta name=\"twitter:label2\" content=\"Gesch\u00e4tzte Lesezeit\" \/>\n\t<meta name=\"twitter:data2\" content=\"3\u00a0Minuten\" \/>\n<script type=\"application\/ld+json\" class=\"yoast-schema-graph\">{\"@context\":\"https:\/\/schema.org\",\"@graph\":[{\"@type\":\"Article\",\"@id\":\"https:\/\/now-news.de\/de\/deutschland\/holocaust-gedenktag-fsb-veroeffentlicht-archivdokumente-ueber-nazi-verbrechen-in-auschwitz\/#article\",\"isPartOf\":{\"@id\":\"https:\/\/now-news.de\/de\/deutschland\/holocaust-gedenktag-fsb-veroeffentlicht-archivdokumente-ueber-nazi-verbrechen-in-auschwitz\/\"},\"author\":{\"name\":\"rtnews\",\"@id\":\"https:\/\/now-news.de\/de\/#\/schema\/person\/fb534a4e865501d8b3285208df34a9b5\"},\"headline\":\"Holocaust-Gedenktag: FSB ver\u00f6ffentlicht Archivdokumente \u00fcber Nazi-Verbrechen in Auschwitz\",\"datePublished\":\"2025-01-27T12:58:30+00:00\",\"dateModified\":\"2025-01-27T12:58:30+00:00\",\"mainEntityOfPage\":{\"@id\":\"https:\/\/now-news.de\/de\/deutschland\/holocaust-gedenktag-fsb-veroeffentlicht-archivdokumente-ueber-nazi-verbrechen-in-auschwitz\/\"},\"wordCount\":625,\"commentCount\":0,\"publisher\":{\"@id\":\"https:\/\/now-news.de\/de\/#organization\"},\"image\":{\"@id\":\"https:\/\/now-news.de\/de\/deutschland\/holocaust-gedenktag-fsb-veroeffentlicht-archivdokumente-ueber-nazi-verbrechen-in-auschwitz\/#primaryimage\"},\"thumbnailUrl\":\"https:\/\/now-news.de\/de\/wp-content\/uploads\/sites\/3\/2025\/01\/Holocaust-Gedenktag-FSB-veroeffentlicht-Archivdokumente-ueber-Nazi-Verbrechen-in-Auschwitz.jpg\",\"keywords\":[\"Archivdokumente\",\"Auschwitz\",\"FSB\",\"HolocaustGedenktag\",\"Naziverbrechen\",\"\u00fcber\",\"ver\u00f6ffentlicht\"],\"articleSection\":[\"Deutschland\",\"Russland\"],\"inLanguage\":\"de\",\"potentialAction\":[{\"@type\":\"CommentAction\",\"name\":\"Comment\",\"target\":[\"https:\/\/now-news.de\/de\/deutschland\/holocaust-gedenktag-fsb-veroeffentlicht-archivdokumente-ueber-nazi-verbrechen-in-auschwitz\/#respond\"]}]},{\"@type\":\"WebPage\",\"@id\":\"https:\/\/now-news.de\/de\/deutschland\/holocaust-gedenktag-fsb-veroeffentlicht-archivdokumente-ueber-nazi-verbrechen-in-auschwitz\/\",\"url\":\"https:\/\/now-news.de\/de\/deutschland\/holocaust-gedenktag-fsb-veroeffentlicht-archivdokumente-ueber-nazi-verbrechen-in-auschwitz\/\",\"name\":\"Holocaust-Gedenktag: FSB ver\u00f6ffentlicht Archivdokumente \u00fcber Nazi-Verbrechen in Auschwitz - just-now.NEWS Deutschland\",\"isPartOf\":{\"@id\":\"https:\/\/now-news.de\/de\/#website\"},\"primaryImageOfPage\":{\"@id\":\"https:\/\/now-news.de\/de\/deutschland\/holocaust-gedenktag-fsb-veroeffentlicht-archivdokumente-ueber-nazi-verbrechen-in-auschwitz\/#primaryimage\"},\"image\":{\"@id\":\"https:\/\/now-news.de\/de\/deutschland\/holocaust-gedenktag-fsb-veroeffentlicht-archivdokumente-ueber-nazi-verbrechen-in-auschwitz\/#primaryimage\"},\"thumbnailUrl\":\"https:\/\/now-news.de\/de\/wp-content\/uploads\/sites\/3\/2025\/01\/Holocaust-Gedenktag-FSB-veroeffentlicht-Archivdokumente-ueber-Nazi-Verbrechen-in-Auschwitz.jpg\",\"datePublished\":\"2025-01-27T12:58:30+00:00\",\"dateModified\":\"2025-01-27T12:58:30+00:00\",\"breadcrumb\":{\"@id\":\"https:\/\/now-news.de\/de\/deutschland\/holocaust-gedenktag-fsb-veroeffentlicht-archivdokumente-ueber-nazi-verbrechen-in-auschwitz\/#breadcrumb\"},\"inLanguage\":\"de\",\"potentialAction\":[{\"@type\":\"ReadAction\",\"target\":[\"https:\/\/now-news.de\/de\/deutschland\/holocaust-gedenktag-fsb-veroeffentlicht-archivdokumente-ueber-nazi-verbrechen-in-auschwitz\/\"]}]},{\"@type\":\"ImageObject\",\"inLanguage\":\"de\",\"@id\":\"https:\/\/now-news.de\/de\/deutschland\/holocaust-gedenktag-fsb-veroeffentlicht-archivdokumente-ueber-nazi-verbrechen-in-auschwitz\/#primaryimage\",\"url\":\"https:\/\/now-news.de\/de\/wp-content\/uploads\/sites\/3\/2025\/01\/Holocaust-Gedenktag-FSB-veroeffentlicht-Archivdokumente-ueber-Nazi-Verbrechen-in-Auschwitz.jpg\",\"contentUrl\":\"https:\/\/now-news.de\/de\/wp-content\/uploads\/sites\/3\/2025\/01\/Holocaust-Gedenktag-FSB-veroeffentlicht-Archivdokumente-ueber-Nazi-Verbrechen-in-Auschwitz.jpg\",\"width\":460,\"height\":259,\"caption\":\"Holocaust-Gedenktag: FSB ver\u00f6ffentlicht Archivdokumente \u00fcber Nazi-Verbrechen in Auschwitz\"},{\"@type\":\"BreadcrumbList\",\"@id\":\"https:\/\/now-news.de\/de\/deutschland\/holocaust-gedenktag-fsb-veroeffentlicht-archivdokumente-ueber-nazi-verbrechen-in-auschwitz\/#breadcrumb\",\"itemListElement\":[{\"@type\":\"ListItem\",\"position\":1,\"name\":\"Home\",\"item\":\"https:\/\/now-news.de\/de\/\"},{\"@type\":\"ListItem\",\"position\":2,\"name\":\"Holocaust-Gedenktag: FSB ver\u00f6ffentlicht Archivdokumente \u00fcber Nazi-Verbrechen in Auschwitz\"}]},{\"@type\":\"WebSite\",\"@id\":\"https:\/\/now-news.de\/de\/#website\",\"url\":\"https:\/\/now-news.de\/de\/\",\"name\":\"just-now.NEWS Deutschland\",\"description\":\"Das Portal f\u00fcr unzensierte Nachrichten aus der Welt\",\"publisher\":{\"@id\":\"https:\/\/now-news.de\/de\/#organization\"},\"potentialAction\":[{\"@type\":\"SearchAction\",\"target\":{\"@type\":\"EntryPoint\",\"urlTemplate\":\"https:\/\/now-news.de\/de\/?s={search_term_string}\"},\"query-input\":\"required name=search_term_string\"}],\"inLanguage\":\"de\"},{\"@type\":\"Organization\",\"@id\":\"https:\/\/now-news.de\/de\/#organization\",\"name\":\"Just Now News\",\"url\":\"https:\/\/now-news.de\/de\/\",\"logo\":{\"@type\":\"ImageObject\",\"inLanguage\":\"de\",\"@id\":\"https:\/\/now-news.de\/de\/#\/schema\/logo\/image\/\",\"url\":\"http:\/\/just-now.news\/de\/wp-content\/uploads\/sites\/3\/2022\/04\/logo500x500.jpg\",\"contentUrl\":\"http:\/\/just-now.news\/de\/wp-content\/uploads\/sites\/3\/2022\/04\/logo500x500.jpg\",\"width\":500,\"height\":500,\"caption\":\"Just Now News\"},\"image\":{\"@id\":\"https:\/\/now-news.de\/de\/#\/schema\/logo\/image\/\"},\"sameAs\":[\"https:\/\/www.facebook.com\/wirmachenauf\",\"https:\/\/x.com\/WirMachenAuf_de\"]},{\"@type\":\"Person\",\"@id\":\"https:\/\/now-news.de\/de\/#\/schema\/person\/fb534a4e865501d8b3285208df34a9b5\",\"name\":\"rtnews\",\"image\":{\"@type\":\"ImageObject\",\"inLanguage\":\"de\",\"@id\":\"https:\/\/now-news.de\/de\/#\/schema\/person\/image\/\",\"url\":\"https:\/\/secure.gravatar.com\/avatar\/82aafea7d8127119dd649515f56e2117?s=96&d=mm&r=g\",\"contentUrl\":\"https:\/\/secure.gravatar.com\/avatar\/82aafea7d8127119dd649515f56e2117?s=96&d=mm&r=g\",\"caption\":\"rtnews\"},\"url\":\"https:\/\/now-news.de\/de\/author\/rnews\/\"}]}<\/script>\n<!-- \/ Yoast SEO Premium plugin. -->","yoast_head_json":{"title":"Holocaust-Gedenktag: FSB ver\u00f6ffentlicht Archivdokumente \u00fcber Nazi-Verbrechen in Auschwitz - just-now.NEWS Deutschland","robots":{"index":"index","follow":"follow","max-snippet":"max-snippet:-1","max-image-preview":"max-image-preview:large","max-video-preview":"max-video-preview:-1"},"canonical":"https:\/\/now-news.de\/de\/deutschland\/holocaust-gedenktag-fsb-veroeffentlicht-archivdokumente-ueber-nazi-verbrechen-in-auschwitz\/","og_locale":"de_DE","og_type":"article","og_title":"Holocaust-Gedenktag: FSB ver\u00f6ffentlicht Archivdokumente \u00fcber Nazi-Verbrechen in Auschwitz","og_description":"Anl\u00e4sslich des Holocaustgedenktages macht der F\u00f6derale Sicherheitsdienst Russlands Dokumente \u00fcber die Geschehnisse im KZ Auschwitz \u00f6ffentlich. Sie enthalten die Aussagen eines polnischen H\u00e4ftlings, der zu einem Komplizen der Nazis im Vernichtungslager wurde. Am diesj\u00e4hrigen Tag des Gedenkens an die Opfer des Holocaust hat der F\u00f6derale Sicherheitsdienst Russlands Archivdokumente \u00fcber die Gr\u00e4ueltaten gegen Gefangene des Konzentrationslagers [&hellip;]","og_url":"https:\/\/now-news.de\/de\/deutschland\/holocaust-gedenktag-fsb-veroeffentlicht-archivdokumente-ueber-nazi-verbrechen-in-auschwitz\/","og_site_name":"just-now.NEWS Deutschland","article_publisher":"https:\/\/www.facebook.com\/wirmachenauf","article_published_time":"2025-01-27T12:58:30+00:00","og_image":[{"url":"https:\/\/now-news.de\/de\/wp-content\/uploads\/sites\/3\/2025\/01\/679775c148fbef537675c7dd.jpg"}],"author":"rtnews","twitter_card":"summary_large_image","twitter_creator":"@WirMachenAuf_de","twitter_site":"@WirMachenAuf_de","twitter_misc":{"Verfasst von":"rtnews","Gesch\u00e4tzte Lesezeit":"3\u00a0Minuten"},"schema":{"@context":"https:\/\/schema.org","@graph":[{"@type":"Article","@id":"https:\/\/now-news.de\/de\/deutschland\/holocaust-gedenktag-fsb-veroeffentlicht-archivdokumente-ueber-nazi-verbrechen-in-auschwitz\/#article","isPartOf":{"@id":"https:\/\/now-news.de\/de\/deutschland\/holocaust-gedenktag-fsb-veroeffentlicht-archivdokumente-ueber-nazi-verbrechen-in-auschwitz\/"},"author":{"name":"rtnews","@id":"https:\/\/now-news.de\/de\/#\/schema\/person\/fb534a4e865501d8b3285208df34a9b5"},"headline":"Holocaust-Gedenktag: FSB ver\u00f6ffentlicht Archivdokumente \u00fcber Nazi-Verbrechen in Auschwitz","datePublished":"2025-01-27T12:58:30+00:00","dateModified":"2025-01-27T12:58:30+00:00","mainEntityOfPage":{"@id":"https:\/\/now-news.de\/de\/deutschland\/holocaust-gedenktag-fsb-veroeffentlicht-archivdokumente-ueber-nazi-verbrechen-in-auschwitz\/"},"wordCount":625,"commentCount":0,"publisher":{"@id":"https:\/\/now-news.de\/de\/#organization"},"image":{"@id":"https:\/\/now-news.de\/de\/deutschland\/holocaust-gedenktag-fsb-veroeffentlicht-archivdokumente-ueber-nazi-verbrechen-in-auschwitz\/#primaryimage"},"thumbnailUrl":"https:\/\/now-news.de\/de\/wp-content\/uploads\/sites\/3\/2025\/01\/Holocaust-Gedenktag-FSB-veroeffentlicht-Archivdokumente-ueber-Nazi-Verbrechen-in-Auschwitz.jpg","keywords":["Archivdokumente","Auschwitz","FSB","HolocaustGedenktag","Naziverbrechen","\u00fcber","ver\u00f6ffentlicht"],"articleSection":["Deutschland","Russland"],"inLanguage":"de","potentialAction":[{"@type":"CommentAction","name":"Comment","target":["https:\/\/now-news.de\/de\/deutschland\/holocaust-gedenktag-fsb-veroeffentlicht-archivdokumente-ueber-nazi-verbrechen-in-auschwitz\/#respond"]}]},{"@type":"WebPage","@id":"https:\/\/now-news.de\/de\/deutschland\/holocaust-gedenktag-fsb-veroeffentlicht-archivdokumente-ueber-nazi-verbrechen-in-auschwitz\/","url":"https:\/\/now-news.de\/de\/deutschland\/holocaust-gedenktag-fsb-veroeffentlicht-archivdokumente-ueber-nazi-verbrechen-in-auschwitz\/","name":"Holocaust-Gedenktag: FSB ver\u00f6ffentlicht Archivdokumente \u00fcber Nazi-Verbrechen in Auschwitz - just-now.NEWS Deutschland","isPartOf":{"@id":"https:\/\/now-news.de\/de\/#website"},"primaryImageOfPage":{"@id":"https:\/\/now-news.de\/de\/deutschland\/holocaust-gedenktag-fsb-veroeffentlicht-archivdokumente-ueber-nazi-verbrechen-in-auschwitz\/#primaryimage"},"image":{"@id":"https:\/\/now-news.de\/de\/deutschland\/holocaust-gedenktag-fsb-veroeffentlicht-archivdokumente-ueber-nazi-verbrechen-in-auschwitz\/#primaryimage"},"thumbnailUrl":"https:\/\/now-news.de\/de\/wp-content\/uploads\/sites\/3\/2025\/01\/Holocaust-Gedenktag-FSB-veroeffentlicht-Archivdokumente-ueber-Nazi-Verbrechen-in-Auschwitz.jpg","datePublished":"2025-01-27T12:58:30+00:00","dateModified":"2025-01-27T12:58:30+00:00","breadcrumb":{"@id":"https:\/\/now-news.de\/de\/deutschland\/holocaust-gedenktag-fsb-veroeffentlicht-archivdokumente-ueber-nazi-verbrechen-in-auschwitz\/#breadcrumb"},"inLanguage":"de","potentialAction":[{"@type":"ReadAction","target":["https:\/\/now-news.de\/de\/deutschland\/holocaust-gedenktag-fsb-veroeffentlicht-archivdokumente-ueber-nazi-verbrechen-in-auschwitz\/"]}]},{"@type":"ImageObject","inLanguage":"de","@id":"https:\/\/now-news.de\/de\/deutschland\/holocaust-gedenktag-fsb-veroeffentlicht-archivdokumente-ueber-nazi-verbrechen-in-auschwitz\/#primaryimage","url":"https:\/\/now-news.de\/de\/wp-content\/uploads\/sites\/3\/2025\/01\/Holocaust-Gedenktag-FSB-veroeffentlicht-Archivdokumente-ueber-Nazi-Verbrechen-in-Auschwitz.jpg","contentUrl":"https:\/\/now-news.de\/de\/wp-content\/uploads\/sites\/3\/2025\/01\/Holocaust-Gedenktag-FSB-veroeffentlicht-Archivdokumente-ueber-Nazi-Verbrechen-in-Auschwitz.jpg","width":460,"height":259,"caption":"Holocaust-Gedenktag: FSB ver\u00f6ffentlicht Archivdokumente \u00fcber Nazi-Verbrechen in Auschwitz"},{"@type":"BreadcrumbList","@id":"https:\/\/now-news.de\/de\/deutschland\/holocaust-gedenktag-fsb-veroeffentlicht-archivdokumente-ueber-nazi-verbrechen-in-auschwitz\/#breadcrumb","itemListElement":[{"@type":"ListItem","position":1,"name":"Home","item":"https:\/\/now-news.de\/de\/"},{"@type":"ListItem","position":2,"name":"Holocaust-Gedenktag: FSB ver\u00f6ffentlicht Archivdokumente \u00fcber Nazi-Verbrechen in Auschwitz"}]},{"@type":"WebSite","@id":"https:\/\/now-news.de\/de\/#website","url":"https:\/\/now-news.de\/de\/","name":"just-now.NEWS Deutschland","description":"Das Portal f\u00fcr unzensierte Nachrichten aus der Welt","publisher":{"@id":"https:\/\/now-news.de\/de\/#organization"},"potentialAction":[{"@type":"SearchAction","target":{"@type":"EntryPoint","urlTemplate":"https:\/\/now-news.de\/de\/?s={search_term_string}"},"query-input":"required name=search_term_string"}],"inLanguage":"de"},{"@type":"Organization","@id":"https:\/\/now-news.de\/de\/#organization","name":"Just Now News","url":"https:\/\/now-news.de\/de\/","logo":{"@type":"ImageObject","inLanguage":"de","@id":"https:\/\/now-news.de\/de\/#\/schema\/logo\/image\/","url":"http:\/\/just-now.news\/de\/wp-content\/uploads\/sites\/3\/2022\/04\/logo500x500.jpg","contentUrl":"http:\/\/just-now.news\/de\/wp-content\/uploads\/sites\/3\/2022\/04\/logo500x500.jpg","width":500,"height":500,"caption":"Just Now News"},"image":{"@id":"https:\/\/now-news.de\/de\/#\/schema\/logo\/image\/"},"sameAs":["https:\/\/www.facebook.com\/wirmachenauf","https:\/\/x.com\/WirMachenAuf_de"]},{"@type":"Person","@id":"https:\/\/now-news.de\/de\/#\/schema\/person\/fb534a4e865501d8b3285208df34a9b5","name":"rtnews","image":{"@type":"ImageObject","inLanguage":"de","@id":"https:\/\/now-news.de\/de\/#\/schema\/person\/image\/","url":"https:\/\/secure.gravatar.com\/avatar\/82aafea7d8127119dd649515f56e2117?s=96&d=mm&r=g","contentUrl":"https:\/\/secure.gravatar.com\/avatar\/82aafea7d8127119dd649515f56e2117?s=96&d=mm&r=g","caption":"rtnews"},"url":"https:\/\/now-news.de\/de\/author\/rnews\/"}]}},"_links":{"self":[{"href":"https:\/\/now-news.de\/de\/wp-json\/wp\/v2\/posts\/77293"}],"collection":[{"href":"https:\/\/now-news.de\/de\/wp-json\/wp\/v2\/posts"}],"about":[{"href":"https:\/\/now-news.de\/de\/wp-json\/wp\/v2\/types\/post"}],"author":[{"embeddable":true,"href":"https:\/\/now-news.de\/de\/wp-json\/wp\/v2\/users\/3"}],"replies":[{"embeddable":true,"href":"https:\/\/now-news.de\/de\/wp-json\/wp\/v2\/comments?post=77293"}],"version-history":[{"count":0,"href":"https:\/\/now-news.de\/de\/wp-json\/wp\/v2\/posts\/77293\/revisions"}],"wp:featuredmedia":[{"embeddable":true,"href":"https:\/\/now-news.de\/de\/wp-json\/wp\/v2\/media\/77294"}],"wp:attachment":[{"href":"https:\/\/now-news.de\/de\/wp-json\/wp\/v2\/media?parent=77293"}],"wp:term":[{"taxonomy":"category","embeddable":true,"href":"https:\/\/now-news.de\/de\/wp-json\/wp\/v2\/categories?post=77293"},{"taxonomy":"post_tag","embeddable":true,"href":"https:\/\/now-news.de\/de\/wp-json\/wp\/v2\/tags?post=77293"}],"curies":[{"name":"wp","href":"https:\/\/api.w.org\/{rel}","templated":true}]}}