{"id":77281,"date":"2025-01-27T12:32:15","date_gmt":"2025-01-27T10:32:15","guid":{"rendered":"https:\/\/now-news.de\/de\/deutschland\/selenskij-aendert-kommandostruktur-der-ostfront-zum-dritten-mal-in-einem-jahr\/"},"modified":"2025-01-27T12:32:15","modified_gmt":"2025-01-27T10:32:15","slug":"selenskij-aendert-kommandostruktur-der-ostfront-zum-dritten-mal-in-einem-jahr","status":"publish","type":"post","link":"https:\/\/now-news.de\/de\/deutschland\/selenskij-aendert-kommandostruktur-der-ostfront-zum-dritten-mal-in-einem-jahr\/","title":{"rendered":"Selenskij \u00e4ndert Kommandostruktur der Ostfront \u2013 zum dritten Mal in einem Jahr"},"content":{"rendered":"<p><img decoding=\"async\" src=\"https:\/\/now-news.de\/de\/wp-content\/uploads\/sites\/3\/2025\/01\/6797594b48fbef5060155dda.jpg\" \/><\/p>\n<div class=\"Text-root Text-type_1 \">\n                Wladimir Selenskij hat Generalmajor Michail Drapatij\u00a0mit der Leitung der operativ-strategischen Gruppe &#8220;Chortiza&#8221; in der Region Donezk beauftragt. Der Kommandeur bleibt dabei weiterhin Befehlshaber der Bodentruppen \u2013 ein Posten, den er seit November 2024 innehat.\u00a0\n            <\/div>\n<p><\/p>\n<div class=\"Text-root Text-type_5 ArticleView-text ViewText-root \">\n<p>Wladimir Selenskij hat beschlossen, die Kommandostruktur der ukrainischen Streitkr\u00e4fte in Richtung Donezk zu verst\u00e4rken. Das teilte die Nachrichtenagentur <em>Tass<\/em> mit.\u00a0Zu diesem Zweck ernannte\u00a0der De-Facto-Staatschef\u00a0den Kommandeur der AFU-Bodentruppen, Michail Drapatij, zum Chef der operativ-strategischen Truppengruppierung Chortiza. Dies ist\u00a0bereits der\u00a0dritte Personalwechsel auf dieser Position seit einem Jahr.<\/p>\n<p>In seiner Videoansprache am Sonntagabend sagte Selenskij, er habe den neuen Befehlshaber der ukrainischen Bodentruppen, Generalmajor Michail Drapatij, mit der Leitung der operativ-strategischen Gruppe Chortiza betraut, zu deren Zust\u00e4ndigkeitsbereich ein Gro\u00dfteil der Ostfront der\u00a0Ukraine\u00a0geh\u00f6rt. Der bisherige Befehlshaber Andrei Gnatow werde in den Generalstab versetzt.<\/p>\n<p>Zuletzt hatte es wiederholt Berichte aus Pokrowsk (Krasnoarmeijsk) \u00fcber fahnenfl\u00fcchtige ukrainische Soldaten gegeben, da angesichts der h\u00e4ufigen R\u00fcckschl\u00e4ge vielfach das Vertrauen in die milit\u00e4rische F\u00fchrung verloren gegangen ist.\u00a0Die Stadt ist nach russischer Darstellung bereits von drei Seiten\u00a0umstellt. Die am Vortag offiziell bekanntgewordene Einnahme\u00a0von Welikaja Nowosjolowka k\u00f6nnte den Druck auf die ukrainischen Verteidigungslinien von S\u00fcden her verst\u00e4rken.\u00a0\u00a0<\/p>\n<p>&#8220;Dies sind die am h\u00e4rtesten umk\u00e4mpften Gebiete&#8221;, sagte Selenskij und f\u00fcgte hinzu, er habe die \u00c4nderungen bei einem Treffen mit dem ukrainischen Oberbefehlshaber Alexander Syrski besprochen.\u00a0Die Ernennung von Drapatij werde dazu beitragen, die Kampfeins\u00e4tze der Armee mit einer angemessenen Ausbildung der Brigaden zu verbinden, so Selenskij.<\/p>\n<p>Rund um Pokrowsk\u00a0f\u00fchrten russische Einheiten am Sonntag mit Artillerieunterst\u00fctzung an verschiedenen Stellen 70 Angriffe gegen die ukrainischen Verteidigungslinien. Die Attacken seien ukrainischen Angaben zufolge abgewehrt worden. Die Einnahme von Pokrowsk w\u00fcrde\u00a0Russland\u00a0der Kontrolle \u00fcber die gesamte Region Donezk\u00a0n\u00e4her bringen.<\/p>\n<p>Nach russischem Recht geh\u00f6ren auch die von Russland nicht kontrollierten Teile der Donezker Volksrepublik zum russischen Staatsgebiet. Die komplette Befreiung der Donezker und Lugansker Volksrepubliken sowie zwei weiterer Gebiete gilt als eines der Hauptziele\u00a0der russischen Milit\u00e4roperation.<\/p>\n<p>Der 42-j\u00e4hrige Generalmajor Michail Drapatij ist einer der erfahrensten Kommandeure der ukrainischen Bodentruppen. Im Jahre 2014 nahm er an den wichtigsten K\u00e4mpfen im Donbass-Krieg teil, 2022 befehligte er die ukrainischen Truppen in Richtung Cherson. Im November\u00a0desselben Jahres\u00a0ordneten die russischen Truppen den Abzug aus dem rechtsufrigen Teil der Region an. Vor seiner Ernennung zum Kommandeur der Bodentruppen im November 2024 war Drapatij f\u00fcr die Verteidigung in Richtung Charkow zust\u00e4ndig.\u00a0<\/p>\n<p><strong>Mehr zum Thema<\/strong> &#8211;<a rel=\"nofollow noopener\" target=\"_blank\" href=\"https:\/\/freedert.online\/russland\/234265-entwicklungen-an-aktivsten-frontabschnitten-ukraine\/\">\u00a0Entwicklungen an den aktivsten Frontabschnitten des Ukraine-Krieges \u2013 \u00dcberblick und Prognose<\/a><\/p>\n<div class=\"EmbedBlock-root EmbedBlock-externalVideo EmbedBlock-rumble\">\n<div class=\"VkEmbed\"><iframe class=\"lazyload\" data-src=\"https:\/\/rumble.com\/embed\/v67jp3v\" frameborder=\"0\" width=\"853\" height=\"480\" allowfullscreen><\/iframe><\/div>\n<\/div>\n<\/div>\n<p><br \/>\n<br \/><a href=\"https:\/\/de.rt.com\/europa\/234540-selenskij-loest-kommandeur-ostfront-ab-zum-dritten-mal-einem-jahr\/\">Source link <\/a><\/p>\n","protected":false},"excerpt":{"rendered":"<p>Wladimir Selenskij hat Generalmajor Michail Drapatij\u00a0mit der Leitung der operativ-strategischen Gruppe &#8220;Chortiza&#8221; in der Region Donezk beauftragt. Der Kommandeur bleibt dabei weiterhin Befehlshaber der Bodentruppen \u2013 ein Posten, den er seit November 2024 innehat.\u00a0 Wladimir Selenskij hat beschlossen, die Kommandostruktur der ukrainischen Streitkr\u00e4fte in Richtung Donezk zu verst\u00e4rken. Das teilte die Nachrichtenagentur Tass mit.\u00a0Zu diesem [&hellip;]<\/p>\n","protected":false},"author":3,"featured_media":77282,"comment_status":"open","ping_status":"open","sticky":false,"template":"","format":"standard","meta":{"_yoast_indexnow_last_ping":["1737974648"],"wp_automatic_camp":["217"],"52831dd0a1bf030ca5b94306dc088d3c":["Selenskij \u00e4ndert Kommandostruktur der Ostfront \u2013 zum dritten Mal in einem Jahr"],"original_link":["https:\/\/de.rt.com\/europa\/234540-selenskij-loest-kommandeur-ostfront-ab-zum-dritten-mal-einem-jahr\/"],"jnews_social_counter_last_update":["1777245886"],"_thumbnail_id":["77282"],"_wptgpro_p2tg_sent2tg":["a:1:{i:23737;s:19:\"2025-01-27 12:45:09\";}"]},"categories":[19,23],"tags":[6657,82,1726,352,1615,54953,1727,38662,6158,565],"yoast_head":"<!-- This site is optimized with the Yoast SEO Premium plugin v22.7 (Yoast SEO v22.7) - https:\/\/yoast.com\/wordpress\/plugins\/seo\/ -->\n<title>Selenskij \u00e4ndert Kommandostruktur der Ostfront \u2013 zum dritten Mal in einem Jahr - just-now.NEWS Deutschland<\/title>\n<meta name=\"robots\" content=\"index, follow, max-snippet:-1, max-image-preview:large, max-video-preview:-1\" \/>\n<link rel=\"canonical\" href=\"https:\/\/now-news.de\/de\/deutschland\/selenskij-aendert-kommandostruktur-der-ostfront-zum-dritten-mal-in-einem-jahr\/\" \/>\n<meta property=\"og:locale\" content=\"de_DE\" \/>\n<meta property=\"og:type\" content=\"article\" \/>\n<meta property=\"og:title\" content=\"Selenskij \u00e4ndert Kommandostruktur der Ostfront \u2013 zum dritten Mal in einem Jahr\" \/>\n<meta property=\"og:description\" content=\"Wladimir Selenskij hat Generalmajor Michail Drapatij\u00a0mit der Leitung der operativ-strategischen Gruppe &#8220;Chortiza&#8221; in der Region Donezk beauftragt. Der Kommandeur bleibt dabei weiterhin Befehlshaber der Bodentruppen \u2013 ein Posten, den er seit November 2024 innehat.\u00a0 Wladimir Selenskij hat beschlossen, die Kommandostruktur der ukrainischen Streitkr\u00e4fte in Richtung Donezk zu verst\u00e4rken. Das teilte die Nachrichtenagentur Tass mit.\u00a0Zu diesem [&hellip;]\" \/>\n<meta property=\"og:url\" content=\"https:\/\/now-news.de\/de\/deutschland\/selenskij-aendert-kommandostruktur-der-ostfront-zum-dritten-mal-in-einem-jahr\/\" \/>\n<meta property=\"og:site_name\" content=\"just-now.NEWS Deutschland\" \/>\n<meta property=\"article:publisher\" content=\"https:\/\/www.facebook.com\/wirmachenauf\" \/>\n<meta property=\"article:published_time\" content=\"2025-01-27T10:32:15+00:00\" \/>\n<meta property=\"og:image\" content=\"https:\/\/now-news.de\/de\/wp-content\/uploads\/sites\/3\/2025\/01\/6797594b48fbef5060155dda.jpg\" \/>\n<meta name=\"author\" content=\"rtnews\" \/>\n<meta name=\"twitter:card\" content=\"summary_large_image\" \/>\n<meta name=\"twitter:creator\" content=\"@WirMachenAuf_de\" \/>\n<meta name=\"twitter:site\" content=\"@WirMachenAuf_de\" \/>\n<meta name=\"twitter:label1\" content=\"Verfasst von\" \/>\n\t<meta name=\"twitter:data1\" content=\"rtnews\" \/>\n\t<meta name=\"twitter:label2\" content=\"Gesch\u00e4tzte Lesezeit\" \/>\n\t<meta name=\"twitter:data2\" content=\"2\u00a0Minuten\" \/>\n<script type=\"application\/ld+json\" class=\"yoast-schema-graph\">{\"@context\":\"https:\/\/schema.org\",\"@graph\":[{\"@type\":\"Article\",\"@id\":\"https:\/\/now-news.de\/de\/deutschland\/selenskij-aendert-kommandostruktur-der-ostfront-zum-dritten-mal-in-einem-jahr\/#article\",\"isPartOf\":{\"@id\":\"https:\/\/now-news.de\/de\/deutschland\/selenskij-aendert-kommandostruktur-der-ostfront-zum-dritten-mal-in-einem-jahr\/\"},\"author\":{\"name\":\"rtnews\",\"@id\":\"https:\/\/now-news.de\/de\/#\/schema\/person\/fb534a4e865501d8b3285208df34a9b5\"},\"headline\":\"Selenskij \u00e4ndert Kommandostruktur der Ostfront \u2013 zum dritten Mal in einem Jahr\",\"datePublished\":\"2025-01-27T10:32:15+00:00\",\"dateModified\":\"2025-01-27T10:32:15+00:00\",\"mainEntityOfPage\":{\"@id\":\"https:\/\/now-news.de\/de\/deutschland\/selenskij-aendert-kommandostruktur-der-ostfront-zum-dritten-mal-in-einem-jahr\/\"},\"wordCount\":436,\"commentCount\":0,\"publisher\":{\"@id\":\"https:\/\/now-news.de\/de\/#organization\"},\"image\":{\"@id\":\"https:\/\/now-news.de\/de\/deutschland\/selenskij-aendert-kommandostruktur-der-ostfront-zum-dritten-mal-in-einem-jahr\/#primaryimage\"},\"thumbnailUrl\":\"https:\/\/now-news.de\/de\/wp-content\/uploads\/sites\/3\/2025\/01\/Selenskij-aendert-Kommandostruktur-der-Ostfront-\u2013-zum-dritten-Mal-in.jpg\",\"keywords\":[\"\u00e4ndert\",\"der\",\"dritten\",\"einem\",\"Jahr\",\"Kommandostruktur\",\"Mal\",\"Ostfront\",\"Selenskij\",\"zum\"],\"articleSection\":[\"Deutschland\",\"Russland\"],\"inLanguage\":\"de\",\"potentialAction\":[{\"@type\":\"CommentAction\",\"name\":\"Comment\",\"target\":[\"https:\/\/now-news.de\/de\/deutschland\/selenskij-aendert-kommandostruktur-der-ostfront-zum-dritten-mal-in-einem-jahr\/#respond\"]}]},{\"@type\":\"WebPage\",\"@id\":\"https:\/\/now-news.de\/de\/deutschland\/selenskij-aendert-kommandostruktur-der-ostfront-zum-dritten-mal-in-einem-jahr\/\",\"url\":\"https:\/\/now-news.de\/de\/deutschland\/selenskij-aendert-kommandostruktur-der-ostfront-zum-dritten-mal-in-einem-jahr\/\",\"name\":\"Selenskij \u00e4ndert Kommandostruktur der Ostfront \u2013 zum dritten Mal in einem Jahr - just-now.NEWS Deutschland\",\"isPartOf\":{\"@id\":\"https:\/\/now-news.de\/de\/#website\"},\"primaryImageOfPage\":{\"@id\":\"https:\/\/now-news.de\/de\/deutschland\/selenskij-aendert-kommandostruktur-der-ostfront-zum-dritten-mal-in-einem-jahr\/#primaryimage\"},\"image\":{\"@id\":\"https:\/\/now-news.de\/de\/deutschland\/selenskij-aendert-kommandostruktur-der-ostfront-zum-dritten-mal-in-einem-jahr\/#primaryimage\"},\"thumbnailUrl\":\"https:\/\/now-news.de\/de\/wp-content\/uploads\/sites\/3\/2025\/01\/Selenskij-aendert-Kommandostruktur-der-Ostfront-\u2013-zum-dritten-Mal-in.jpg\",\"datePublished\":\"2025-01-27T10:32:15+00:00\",\"dateModified\":\"2025-01-27T10:32:15+00:00\",\"breadcrumb\":{\"@id\":\"https:\/\/now-news.de\/de\/deutschland\/selenskij-aendert-kommandostruktur-der-ostfront-zum-dritten-mal-in-einem-jahr\/#breadcrumb\"},\"inLanguage\":\"de\",\"potentialAction\":[{\"@type\":\"ReadAction\",\"target\":[\"https:\/\/now-news.de\/de\/deutschland\/selenskij-aendert-kommandostruktur-der-ostfront-zum-dritten-mal-in-einem-jahr\/\"]}]},{\"@type\":\"ImageObject\",\"inLanguage\":\"de\",\"@id\":\"https:\/\/now-news.de\/de\/deutschland\/selenskij-aendert-kommandostruktur-der-ostfront-zum-dritten-mal-in-einem-jahr\/#primaryimage\",\"url\":\"https:\/\/now-news.de\/de\/wp-content\/uploads\/sites\/3\/2025\/01\/Selenskij-aendert-Kommandostruktur-der-Ostfront-\u2013-zum-dritten-Mal-in.jpg\",\"contentUrl\":\"https:\/\/now-news.de\/de\/wp-content\/uploads\/sites\/3\/2025\/01\/Selenskij-aendert-Kommandostruktur-der-Ostfront-\u2013-zum-dritten-Mal-in.jpg\",\"width\":460,\"height\":259,\"caption\":\"Selenskij \u00e4ndert Kommandostruktur der Ostfront \u2013 zum dritten Mal in einem Jahr\"},{\"@type\":\"BreadcrumbList\",\"@id\":\"https:\/\/now-news.de\/de\/deutschland\/selenskij-aendert-kommandostruktur-der-ostfront-zum-dritten-mal-in-einem-jahr\/#breadcrumb\",\"itemListElement\":[{\"@type\":\"ListItem\",\"position\":1,\"name\":\"Home\",\"item\":\"https:\/\/now-news.de\/de\/\"},{\"@type\":\"ListItem\",\"position\":2,\"name\":\"Selenskij \u00e4ndert Kommandostruktur der Ostfront \u2013 zum dritten Mal in einem Jahr\"}]},{\"@type\":\"WebSite\",\"@id\":\"https:\/\/now-news.de\/de\/#website\",\"url\":\"https:\/\/now-news.de\/de\/\",\"name\":\"just-now.NEWS Deutschland\",\"description\":\"Das Portal f\u00fcr unzensierte Nachrichten aus der Welt\",\"publisher\":{\"@id\":\"https:\/\/now-news.de\/de\/#organization\"},\"potentialAction\":[{\"@type\":\"SearchAction\",\"target\":{\"@type\":\"EntryPoint\",\"urlTemplate\":\"https:\/\/now-news.de\/de\/?s={search_term_string}\"},\"query-input\":\"required name=search_term_string\"}],\"inLanguage\":\"de\"},{\"@type\":\"Organization\",\"@id\":\"https:\/\/now-news.de\/de\/#organization\",\"name\":\"Just Now News\",\"url\":\"https:\/\/now-news.de\/de\/\",\"logo\":{\"@type\":\"ImageObject\",\"inLanguage\":\"de\",\"@id\":\"https:\/\/now-news.de\/de\/#\/schema\/logo\/image\/\",\"url\":\"http:\/\/just-now.news\/de\/wp-content\/uploads\/sites\/3\/2022\/04\/logo500x500.jpg\",\"contentUrl\":\"http:\/\/just-now.news\/de\/wp-content\/uploads\/sites\/3\/2022\/04\/logo500x500.jpg\",\"width\":500,\"height\":500,\"caption\":\"Just Now News\"},\"image\":{\"@id\":\"https:\/\/now-news.de\/de\/#\/schema\/logo\/image\/\"},\"sameAs\":[\"https:\/\/www.facebook.com\/wirmachenauf\",\"https:\/\/x.com\/WirMachenAuf_de\"]},{\"@type\":\"Person\",\"@id\":\"https:\/\/now-news.de\/de\/#\/schema\/person\/fb534a4e865501d8b3285208df34a9b5\",\"name\":\"rtnews\",\"image\":{\"@type\":\"ImageObject\",\"inLanguage\":\"de\",\"@id\":\"https:\/\/now-news.de\/de\/#\/schema\/person\/image\/\",\"url\":\"https:\/\/secure.gravatar.com\/avatar\/82aafea7d8127119dd649515f56e2117?s=96&d=mm&r=g\",\"contentUrl\":\"https:\/\/secure.gravatar.com\/avatar\/82aafea7d8127119dd649515f56e2117?s=96&d=mm&r=g\",\"caption\":\"rtnews\"},\"url\":\"https:\/\/now-news.de\/de\/author\/rnews\/\"}]}<\/script>\n<!-- \/ Yoast SEO Premium plugin. -->","yoast_head_json":{"title":"Selenskij \u00e4ndert Kommandostruktur der Ostfront \u2013 zum dritten Mal in einem Jahr - just-now.NEWS Deutschland","robots":{"index":"index","follow":"follow","max-snippet":"max-snippet:-1","max-image-preview":"max-image-preview:large","max-video-preview":"max-video-preview:-1"},"canonical":"https:\/\/now-news.de\/de\/deutschland\/selenskij-aendert-kommandostruktur-der-ostfront-zum-dritten-mal-in-einem-jahr\/","og_locale":"de_DE","og_type":"article","og_title":"Selenskij \u00e4ndert Kommandostruktur der Ostfront \u2013 zum dritten Mal in einem Jahr","og_description":"Wladimir Selenskij hat Generalmajor Michail Drapatij\u00a0mit der Leitung der operativ-strategischen Gruppe &#8220;Chortiza&#8221; in der Region Donezk beauftragt. Der Kommandeur bleibt dabei weiterhin Befehlshaber der Bodentruppen \u2013 ein Posten, den er seit November 2024 innehat.\u00a0 Wladimir Selenskij hat beschlossen, die Kommandostruktur der ukrainischen Streitkr\u00e4fte in Richtung Donezk zu verst\u00e4rken. Das teilte die Nachrichtenagentur Tass mit.\u00a0Zu diesem [&hellip;]","og_url":"https:\/\/now-news.de\/de\/deutschland\/selenskij-aendert-kommandostruktur-der-ostfront-zum-dritten-mal-in-einem-jahr\/","og_site_name":"just-now.NEWS Deutschland","article_publisher":"https:\/\/www.facebook.com\/wirmachenauf","article_published_time":"2025-01-27T10:32:15+00:00","og_image":[{"url":"https:\/\/now-news.de\/de\/wp-content\/uploads\/sites\/3\/2025\/01\/6797594b48fbef5060155dda.jpg"}],"author":"rtnews","twitter_card":"summary_large_image","twitter_creator":"@WirMachenAuf_de","twitter_site":"@WirMachenAuf_de","twitter_misc":{"Verfasst von":"rtnews","Gesch\u00e4tzte Lesezeit":"2\u00a0Minuten"},"schema":{"@context":"https:\/\/schema.org","@graph":[{"@type":"Article","@id":"https:\/\/now-news.de\/de\/deutschland\/selenskij-aendert-kommandostruktur-der-ostfront-zum-dritten-mal-in-einem-jahr\/#article","isPartOf":{"@id":"https:\/\/now-news.de\/de\/deutschland\/selenskij-aendert-kommandostruktur-der-ostfront-zum-dritten-mal-in-einem-jahr\/"},"author":{"name":"rtnews","@id":"https:\/\/now-news.de\/de\/#\/schema\/person\/fb534a4e865501d8b3285208df34a9b5"},"headline":"Selenskij \u00e4ndert Kommandostruktur der Ostfront \u2013 zum dritten Mal in einem Jahr","datePublished":"2025-01-27T10:32:15+00:00","dateModified":"2025-01-27T10:32:15+00:00","mainEntityOfPage":{"@id":"https:\/\/now-news.de\/de\/deutschland\/selenskij-aendert-kommandostruktur-der-ostfront-zum-dritten-mal-in-einem-jahr\/"},"wordCount":436,"commentCount":0,"publisher":{"@id":"https:\/\/now-news.de\/de\/#organization"},"image":{"@id":"https:\/\/now-news.de\/de\/deutschland\/selenskij-aendert-kommandostruktur-der-ostfront-zum-dritten-mal-in-einem-jahr\/#primaryimage"},"thumbnailUrl":"https:\/\/now-news.de\/de\/wp-content\/uploads\/sites\/3\/2025\/01\/Selenskij-aendert-Kommandostruktur-der-Ostfront-\u2013-zum-dritten-Mal-in.jpg","keywords":["\u00e4ndert","der","dritten","einem","Jahr","Kommandostruktur","Mal","Ostfront","Selenskij","zum"],"articleSection":["Deutschland","Russland"],"inLanguage":"de","potentialAction":[{"@type":"CommentAction","name":"Comment","target":["https:\/\/now-news.de\/de\/deutschland\/selenskij-aendert-kommandostruktur-der-ostfront-zum-dritten-mal-in-einem-jahr\/#respond"]}]},{"@type":"WebPage","@id":"https:\/\/now-news.de\/de\/deutschland\/selenskij-aendert-kommandostruktur-der-ostfront-zum-dritten-mal-in-einem-jahr\/","url":"https:\/\/now-news.de\/de\/deutschland\/selenskij-aendert-kommandostruktur-der-ostfront-zum-dritten-mal-in-einem-jahr\/","name":"Selenskij \u00e4ndert Kommandostruktur der Ostfront \u2013 zum dritten Mal in einem Jahr - just-now.NEWS Deutschland","isPartOf":{"@id":"https:\/\/now-news.de\/de\/#website"},"primaryImageOfPage":{"@id":"https:\/\/now-news.de\/de\/deutschland\/selenskij-aendert-kommandostruktur-der-ostfront-zum-dritten-mal-in-einem-jahr\/#primaryimage"},"image":{"@id":"https:\/\/now-news.de\/de\/deutschland\/selenskij-aendert-kommandostruktur-der-ostfront-zum-dritten-mal-in-einem-jahr\/#primaryimage"},"thumbnailUrl":"https:\/\/now-news.de\/de\/wp-content\/uploads\/sites\/3\/2025\/01\/Selenskij-aendert-Kommandostruktur-der-Ostfront-\u2013-zum-dritten-Mal-in.jpg","datePublished":"2025-01-27T10:32:15+00:00","dateModified":"2025-01-27T10:32:15+00:00","breadcrumb":{"@id":"https:\/\/now-news.de\/de\/deutschland\/selenskij-aendert-kommandostruktur-der-ostfront-zum-dritten-mal-in-einem-jahr\/#breadcrumb"},"inLanguage":"de","potentialAction":[{"@type":"ReadAction","target":["https:\/\/now-news.de\/de\/deutschland\/selenskij-aendert-kommandostruktur-der-ostfront-zum-dritten-mal-in-einem-jahr\/"]}]},{"@type":"ImageObject","inLanguage":"de","@id":"https:\/\/now-news.de\/de\/deutschland\/selenskij-aendert-kommandostruktur-der-ostfront-zum-dritten-mal-in-einem-jahr\/#primaryimage","url":"https:\/\/now-news.de\/de\/wp-content\/uploads\/sites\/3\/2025\/01\/Selenskij-aendert-Kommandostruktur-der-Ostfront-\u2013-zum-dritten-Mal-in.jpg","contentUrl":"https:\/\/now-news.de\/de\/wp-content\/uploads\/sites\/3\/2025\/01\/Selenskij-aendert-Kommandostruktur-der-Ostfront-\u2013-zum-dritten-Mal-in.jpg","width":460,"height":259,"caption":"Selenskij \u00e4ndert Kommandostruktur der Ostfront \u2013 zum dritten Mal in einem Jahr"},{"@type":"BreadcrumbList","@id":"https:\/\/now-news.de\/de\/deutschland\/selenskij-aendert-kommandostruktur-der-ostfront-zum-dritten-mal-in-einem-jahr\/#breadcrumb","itemListElement":[{"@type":"ListItem","position":1,"name":"Home","item":"https:\/\/now-news.de\/de\/"},{"@type":"ListItem","position":2,"name":"Selenskij \u00e4ndert Kommandostruktur der Ostfront \u2013 zum dritten Mal in einem Jahr"}]},{"@type":"WebSite","@id":"https:\/\/now-news.de\/de\/#website","url":"https:\/\/now-news.de\/de\/","name":"just-now.NEWS Deutschland","description":"Das Portal f\u00fcr unzensierte Nachrichten aus der Welt","publisher":{"@id":"https:\/\/now-news.de\/de\/#organization"},"potentialAction":[{"@type":"SearchAction","target":{"@type":"EntryPoint","urlTemplate":"https:\/\/now-news.de\/de\/?s={search_term_string}"},"query-input":"required name=search_term_string"}],"inLanguage":"de"},{"@type":"Organization","@id":"https:\/\/now-news.de\/de\/#organization","name":"Just Now News","url":"https:\/\/now-news.de\/de\/","logo":{"@type":"ImageObject","inLanguage":"de","@id":"https:\/\/now-news.de\/de\/#\/schema\/logo\/image\/","url":"http:\/\/just-now.news\/de\/wp-content\/uploads\/sites\/3\/2022\/04\/logo500x500.jpg","contentUrl":"http:\/\/just-now.news\/de\/wp-content\/uploads\/sites\/3\/2022\/04\/logo500x500.jpg","width":500,"height":500,"caption":"Just Now News"},"image":{"@id":"https:\/\/now-news.de\/de\/#\/schema\/logo\/image\/"},"sameAs":["https:\/\/www.facebook.com\/wirmachenauf","https:\/\/x.com\/WirMachenAuf_de"]},{"@type":"Person","@id":"https:\/\/now-news.de\/de\/#\/schema\/person\/fb534a4e865501d8b3285208df34a9b5","name":"rtnews","image":{"@type":"ImageObject","inLanguage":"de","@id":"https:\/\/now-news.de\/de\/#\/schema\/person\/image\/","url":"https:\/\/secure.gravatar.com\/avatar\/82aafea7d8127119dd649515f56e2117?s=96&d=mm&r=g","contentUrl":"https:\/\/secure.gravatar.com\/avatar\/82aafea7d8127119dd649515f56e2117?s=96&d=mm&r=g","caption":"rtnews"},"url":"https:\/\/now-news.de\/de\/author\/rnews\/"}]}},"_links":{"self":[{"href":"https:\/\/now-news.de\/de\/wp-json\/wp\/v2\/posts\/77281"}],"collection":[{"href":"https:\/\/now-news.de\/de\/wp-json\/wp\/v2\/posts"}],"about":[{"href":"https:\/\/now-news.de\/de\/wp-json\/wp\/v2\/types\/post"}],"author":[{"embeddable":true,"href":"https:\/\/now-news.de\/de\/wp-json\/wp\/v2\/users\/3"}],"replies":[{"embeddable":true,"href":"https:\/\/now-news.de\/de\/wp-json\/wp\/v2\/comments?post=77281"}],"version-history":[{"count":0,"href":"https:\/\/now-news.de\/de\/wp-json\/wp\/v2\/posts\/77281\/revisions"}],"wp:featuredmedia":[{"embeddable":true,"href":"https:\/\/now-news.de\/de\/wp-json\/wp\/v2\/media\/77282"}],"wp:attachment":[{"href":"https:\/\/now-news.de\/de\/wp-json\/wp\/v2\/media?parent=77281"}],"wp:term":[{"taxonomy":"category","embeddable":true,"href":"https:\/\/now-news.de\/de\/wp-json\/wp\/v2\/categories?post=77281"},{"taxonomy":"post_tag","embeddable":true,"href":"https:\/\/now-news.de\/de\/wp-json\/wp\/v2\/tags?post=77281"}],"curies":[{"name":"wp","href":"https:\/\/api.w.org\/{rel}","templated":true}]}}