{"id":77275,"date":"2025-01-27T10:26:14","date_gmt":"2025-01-27T08:26:14","guid":{"rendered":"https:\/\/now-news.de\/de\/deutschland\/anschlag-auf-unsere-demokratie-in-muenchen-fackeln-linksextreme-23-polizeiautos-ab\/"},"modified":"2025-01-27T10:26:14","modified_gmt":"2025-01-27T08:26:14","slug":"anschlag-auf-unsere-demokratie-in-muenchen-fackeln-linksextreme-23-polizeiautos-ab","status":"publish","type":"post","link":"https:\/\/now-news.de\/de\/deutschland\/anschlag-auf-unsere-demokratie-in-muenchen-fackeln-linksextreme-23-polizeiautos-ab\/","title":{"rendered":"&quot;Anschlag auf unsere Demokratie&quot; \u2013 In M\u00fcnchen fackeln Linksextreme 23 Polizeiautos ab"},"content":{"rendered":"<p><img decoding=\"async\" src=\"https:\/\/now-news.de\/de\/wp-content\/uploads\/sites\/3\/2025\/01\/679735f848fbef525a0708f8.jpg\" \/><\/p>\n<div class=\"Text-root Text-type_1 \">\n                In Bayerns Landeshauptstadt haben laut dem Innenminister mutma\u00dflich &#8220;Linksextreme&#8221; durch einen Brandanschlag rund zwei Millionen Euro Schaden angerichtet. Alle Fahrzeuge auf dem Parkplatz der Diensthundestaffel wurden zerst\u00f6rt. Menschen kamen nicht zu Schaden.\n            <\/div>\n<p><\/p>\n<div class=\"Text-root Text-type_5 ArticleView-text ViewText-root \">\n<p>In den fr\u00fchen Morgenstunden des 25. Januar vernahmen Anwohner Knallger\u00e4usche durch zerberstendes Glas. Zudem war Brandgeruch zu vernehmen. Als die benachrichtigte Feuerwehr am Tatort eintraf, standen bereits alle 23 geparkten Einsatzfahrzeuge einer Polizeidienststelle in Vollbrand, so <em>BR24<\/em>\u00a0<a rel=\"nofollow noopener\" target=\"_blank\" href=\"https:\/\/www.br.de\/nachrichten\/bayern\/brandstiftung-feuer-zerstoert-23-polizeiautos-in-muenchen,Uas0Cbx\">berichtend<\/a>. Das Geb\u00e4ude der Polizeiinspektion wurde durch die Hitzestrahlung ebenfalls in Mitleidenschaft gezogen. Bayerns Innenminister Joachim Herrmann (CSU) sprach von einem &#8220;Brandanschlag&#8221; und einer Tat mit &#8220;terroristischen Grundz\u00fcgen&#8221;.<\/p>\n<p>Bei\u00a0dem Brand auf dem Parkplatz der Diensthundestaffel der M\u00fcnchner Polizei ist laut Angaben der Stadt ein Schaden von rund zwei Millionen Euro entstanden. <em>BR24<\/em> berichtet, dass am Geb\u00e4ude der Polizeidiensthundestaffel durch die starke Hitzeentwicklung &#8220;einzelne Fensterscheiben sprangen, ein \u00dcbergreifen des Feuers ins Geb\u00e4ude konnte jedoch verhindert werden.&#8221; Da zum Zeitpunkt des Brandes keine Menschen und Tiere auf dem Gel\u00e4nde waren, kam niemand zu Schaden, so <a rel=\"nofollow noopener\" target=\"_blank\" href=\"https:\/\/www.presseportal.de\/blaulicht\/pm\/131419\/5956764\">Informationen<\/a> der Feuerwehr.<\/p>\n<div class=\"EmbedBlock-root EmbedBlock-twitter\">\n<div class=\"TwitterEmbed\">\n<blockquote class=\"twitter-tweet lazyload\" data-twitter=\"twitter-tweet\">\n<p lang=\"de\" dir=\"ltr\">Bei einem <a rel=\"nofollow noopener\" target=\"_blank\" href=\"https:\/\/twitter.com\/hashtag\/Feuer?src=hash&amp;ref_src=twsrc%5Etfw\">#Feuer<\/a> werden 23 Polizeifahrzeuge komplett zerst\u00f6rt. Alle Infos zum Einsatz in <a rel=\"nofollow noopener\" target=\"_blank\" href=\"https:\/\/twitter.com\/hashtag\/Untermenzing?src=hash&amp;ref_src=twsrc%5Etfw\">#Untermenzing<\/a> gibts hier im Bericht der <a rel=\"nofollow noopener\" target=\"_blank\" href=\"https:\/\/twitter.com\/hashtag\/Feuerwehr?src=hash&amp;ref_src=twsrc%5Etfw\">#Feuerwehr<\/a><a rel=\"nofollow noopener\" target=\"_blank\" href=\"https:\/\/twitter.com\/hashtag\/M%C3%BCnchen?src=hash&amp;ref_src=twsrc%5Etfw\">#M\u00fcnchen<\/a>.\ud83d\udc49<a rel=\"nofollow noopener\" target=\"_blank\" href=\"https:\/\/t.co\/MPiwAhKjgD\">https:\/\/t.co\/MPiwAhKjgD<\/a><a rel=\"nofollow noopener\" target=\"_blank\" href=\"https:\/\/twitter.com\/hashtag\/WirF%C3%BCrM%C3%BCnchen?src=hash&amp;ref_src=twsrc%5Etfw\">#WirF\u00fcrM\u00fcnchen<\/a><a rel=\"nofollow noopener\" target=\"_blank\" href=\"https:\/\/t.co\/WxmPEeZRln\">pic.twitter.com\/WxmPEeZRln<\/a><\/p>\n<p>\u2014 Feuerwehr M\u00fcnchen (@BFMuenchen) <a rel=\"nofollow noopener\" target=\"_blank\" href=\"https:\/\/twitter.com\/BFMuenchen\/status\/1883054719838630397?ref_src=twsrc%5Etfw\">January 25, 2025<\/a><\/p><\/blockquote>\n<\/div>\n<\/div>\n<p>Die Polizei geht nach laufendem Ermittlungsstand von mutwilliger Brandstiftung aus. M\u00fcnchens Oberb\u00fcrgermeister Reiter erkl\u00e4rte gegen\u00fcber der Presse, er erkenne in der Tat &#8220;einen politisch motivierten Anschlag&#8221;. In einem schriftlichen Statement hei\u00dft es direkter formuliert:<\/p>\n<p><em>&#8220;Es wird vermutet, dass es sich um einen politisch motivierten Anschlag aus dem linksextremen Lager handelt. Anschl\u00e4ge auf unsere Sicherheitskr\u00e4fte sind ein Anschlag auf unsere Demokratie.&#8221;<\/em><\/p>\n<p>Innenminister Herrmann gehe ebenfalls von einem &#8220;gezielten Brandanschlag&#8221; aus, er erkl\u00e4rte:<\/p>\n<p><em>&#8220;Aus meiner Sicht hat das schon terroristische Grundz\u00fcge. Das ist eine schwerwiegende Straftat, die sich ganz gezielt gegen jene richtet, die jeden Tag rund um die Uhr im Einsatz f\u00fcr die Sicherheit unserer B\u00fcrgerinnen und B\u00fcrger sind.&#8221;<\/em><\/p>\n<p>Die ermittelnde Kriminalpolizei best\u00e4tigte den Verdacht auf linksextremistische Brandstiftung laut <em>BR24<\/em> &#8220;zun\u00e4chst nicht und betonte, es werde in alle Richtungen ermittelt.&#8221; Der Staatsschutz der M\u00fcnchner Kriminalpolizei hatte umgehend die Ermittlungen aufgenommen und das Gel\u00e4nde der &#8220;etwas abgelegenen Polizeiinspektion der Diensthundestaffel&#8221; abgesucht. Eine Video\u00fcberwachung der Einrichtung gibt es nach Angaben der Polizei \u00fcberraschenderweise nicht.<\/p>\n<p>Laut dem Sender kam es &#8220;in der j\u00fcngeren Vergangenheit&#8221; im Raum M\u00fcnchen und Umgebung &#8220;immer wieder zu extremistisch motivierten <a rel=\"nofollow noopener\" target=\"_blank\" href=\"https:\/\/www.br.de\/nachrichten\/bayern\/landkreis-muenchen-weiterer-brandanschlag-gegen-baufirma,UNPYtwn\">Brandanschl\u00e4gen<\/a> auf Baumaschinen und Infrastruktur&#8221;. Daraus resultierend wurde seitens der Beh\u00f6rden eine Ermittlungsgruppe mit dem Namen &#8220;Raute&#8221; eingerichtet. Ob der Brand\u00a0bei der Polizeiinspektion der Diensthundestaffel auch in diesen Kontext fallen k\u00f6nnte, &#8220;wollte die Polizei noch nicht kommentieren.&#8221;<\/p>\n<p>Ein Polizeisprecher erkl\u00e4rte, trotz der Vernichtung der Dienstfahrzeuge sei die Einsatzf\u00e4higkeit der Hundestaffel &#8220;jedoch weiter gegeben&#8221;. Die Einheit stehe mit anderen Dienststellen in Kontakt, um von dort vor\u00fcbergehend Fahrzeuge zu erhalten.<\/p>\n<p><strong>Mehr zum Thema &#8211;<\/strong>\u00a0<a rel=\"nofollow noopener\" target=\"_blank\" href=\"https:\/\/freedert.online\/inland\/233667-hammerbande-untergetauchte-linksradikale-stellen-sich\/\">&#8220;Hammerbande&#8221;: Untergetauchte Linksradikale stellen sich den Beh\u00f6rden <\/a><\/p>\n<div class=\"EmbedBlock-root EmbedBlock-externalVideo EmbedBlock-rumble\">\n<div class=\"VkEmbed\"><iframe class=\"lazyload\" data-src=\"https:\/\/rumble.com\/embed\/v64acop\" frameborder=\"0\" width=\"853\" height=\"480\" allowfullscreen><\/iframe><\/div>\n<\/div>\n<\/div>\n<p><script async src=\"https:\/\/platform.twitter.com\/widgets.js\" charset=\"utf-8\"><\/script><br \/>\n<br \/><br \/>\n<br \/><a href=\"https:\/\/de.rt.com\/inland\/234515-bayern-anschlag-auf-unsere-demokratie\/\">Source link <\/a><\/p>\n","protected":false},"excerpt":{"rendered":"<p>In Bayerns Landeshauptstadt haben laut dem Innenminister mutma\u00dflich &#8220;Linksextreme&#8221; durch einen Brandanschlag rund zwei Millionen Euro Schaden angerichtet. Alle Fahrzeuge auf dem Parkplatz der Diensthundestaffel wurden zerst\u00f6rt. Menschen kamen nicht zu Schaden. In den fr\u00fchen Morgenstunden des 25. Januar vernahmen Anwohner Knallger\u00e4usche durch zerberstendes Glas. Zudem war Brandgeruch zu vernehmen. Als die benachrichtigte Feuerwehr am [&hellip;]<\/p>\n","protected":false},"author":3,"featured_media":77276,"comment_status":"open","ping_status":"open","sticky":false,"template":"","format":"standard","meta":{"_yoast_indexnow_last_ping":["1737966854"],"wp_automatic_camp":["217"],"1c6f0d26e7c324a977374fa192bb47a9":["&quot;Anschlag auf unsere Demokratie&quot; \u2013 In M\u00fcnchen fackeln Linksextreme 23 Polizeiautos ab"],"original_link":["https:\/\/de.rt.com\/inland\/234515-bayern-anschlag-auf-unsere-demokratie\/"],"jnews_social_counter_last_update":["1777217449"],"_thumbnail_id":["77276"],"_wptgpro_p2tg_sent2tg":["a:1:{i:23737;s:19:\"2025-01-27 10:35:18\";}"]},"categories":[19,23],"tags":[133,6160,62248,18920,2003,20348,62247,12596],"yoast_head":"<!-- This site is optimized with the Yoast SEO Premium plugin v22.7 (Yoast SEO v22.7) - https:\/\/yoast.com\/wordpress\/plugins\/seo\/ -->\n<title>&quot;Anschlag auf unsere Demokratie&quot; \u2013 In M\u00fcnchen fackeln Linksextreme 23 Polizeiautos ab - just-now.NEWS Deutschland<\/title>\n<meta name=\"robots\" content=\"index, follow, max-snippet:-1, max-image-preview:large, max-video-preview:-1\" \/>\n<link rel=\"canonical\" href=\"https:\/\/now-news.de\/de\/deutschland\/anschlag-auf-unsere-demokratie-in-muenchen-fackeln-linksextreme-23-polizeiautos-ab\/\" \/>\n<meta property=\"og:locale\" content=\"de_DE\" \/>\n<meta property=\"og:type\" content=\"article\" \/>\n<meta property=\"og:title\" content=\"&quot;Anschlag auf unsere Demokratie&quot; \u2013 In M\u00fcnchen fackeln Linksextreme 23 Polizeiautos ab\" \/>\n<meta property=\"og:description\" content=\"In Bayerns Landeshauptstadt haben laut dem Innenminister mutma\u00dflich &#8220;Linksextreme&#8221; durch einen Brandanschlag rund zwei Millionen Euro Schaden angerichtet. Alle Fahrzeuge auf dem Parkplatz der Diensthundestaffel wurden zerst\u00f6rt. Menschen kamen nicht zu Schaden. In den fr\u00fchen Morgenstunden des 25. Januar vernahmen Anwohner Knallger\u00e4usche durch zerberstendes Glas. Zudem war Brandgeruch zu vernehmen. Als die benachrichtigte Feuerwehr am [&hellip;]\" \/>\n<meta property=\"og:url\" content=\"https:\/\/now-news.de\/de\/deutschland\/anschlag-auf-unsere-demokratie-in-muenchen-fackeln-linksextreme-23-polizeiautos-ab\/\" \/>\n<meta property=\"og:site_name\" content=\"just-now.NEWS Deutschland\" \/>\n<meta property=\"article:publisher\" content=\"https:\/\/www.facebook.com\/wirmachenauf\" \/>\n<meta property=\"article:published_time\" content=\"2025-01-27T08:26:14+00:00\" \/>\n<meta property=\"og:image\" content=\"https:\/\/now-news.de\/de\/wp-content\/uploads\/sites\/3\/2025\/01\/679735f848fbef525a0708f8.jpg\" \/>\n<meta name=\"author\" content=\"rtnews\" \/>\n<meta name=\"twitter:card\" content=\"summary_large_image\" \/>\n<meta name=\"twitter:creator\" content=\"@WirMachenAuf_de\" \/>\n<meta name=\"twitter:site\" content=\"@WirMachenAuf_de\" \/>\n<meta name=\"twitter:label1\" content=\"Verfasst von\" \/>\n\t<meta name=\"twitter:data1\" content=\"rtnews\" \/>\n\t<meta name=\"twitter:label2\" content=\"Gesch\u00e4tzte Lesezeit\" \/>\n\t<meta name=\"twitter:data2\" content=\"3\u00a0Minuten\" \/>\n<script type=\"application\/ld+json\" class=\"yoast-schema-graph\">{\"@context\":\"https:\/\/schema.org\",\"@graph\":[{\"@type\":\"Article\",\"@id\":\"https:\/\/now-news.de\/de\/deutschland\/anschlag-auf-unsere-demokratie-in-muenchen-fackeln-linksextreme-23-polizeiautos-ab\/#article\",\"isPartOf\":{\"@id\":\"https:\/\/now-news.de\/de\/deutschland\/anschlag-auf-unsere-demokratie-in-muenchen-fackeln-linksextreme-23-polizeiautos-ab\/\"},\"author\":{\"name\":\"rtnews\",\"@id\":\"https:\/\/now-news.de\/de\/#\/schema\/person\/fb534a4e865501d8b3285208df34a9b5\"},\"headline\":\"&quot;Anschlag auf unsere Demokratie&quot; \u2013 In M\u00fcnchen fackeln Linksextreme 23 Polizeiautos ab\",\"datePublished\":\"2025-01-27T08:26:14+00:00\",\"dateModified\":\"2025-01-27T08:26:14+00:00\",\"mainEntityOfPage\":{\"@id\":\"https:\/\/now-news.de\/de\/deutschland\/anschlag-auf-unsere-demokratie-in-muenchen-fackeln-linksextreme-23-polizeiautos-ab\/\"},\"wordCount\":514,\"commentCount\":0,\"publisher\":{\"@id\":\"https:\/\/now-news.de\/de\/#organization\"},\"image\":{\"@id\":\"https:\/\/now-news.de\/de\/deutschland\/anschlag-auf-unsere-demokratie-in-muenchen-fackeln-linksextreme-23-polizeiautos-ab\/#primaryimage\"},\"thumbnailUrl\":\"https:\/\/now-news.de\/de\/wp-content\/uploads\/sites\/3\/2025\/01\/quotAnschlag-auf-unsere-Demokratiequot-\u2013-In-Muenchen-fackeln-Linksextreme-23.jpg\",\"keywords\":[\"AUF\",\"Demokratiequot\",\"fackeln\",\"linksextreme\",\"M\u00fcnchen\",\"Polizeiautos\",\"quotAnschlag\",\"Unsere\"],\"articleSection\":[\"Deutschland\",\"Russland\"],\"inLanguage\":\"de\",\"potentialAction\":[{\"@type\":\"CommentAction\",\"name\":\"Comment\",\"target\":[\"https:\/\/now-news.de\/de\/deutschland\/anschlag-auf-unsere-demokratie-in-muenchen-fackeln-linksextreme-23-polizeiautos-ab\/#respond\"]}]},{\"@type\":\"WebPage\",\"@id\":\"https:\/\/now-news.de\/de\/deutschland\/anschlag-auf-unsere-demokratie-in-muenchen-fackeln-linksextreme-23-polizeiautos-ab\/\",\"url\":\"https:\/\/now-news.de\/de\/deutschland\/anschlag-auf-unsere-demokratie-in-muenchen-fackeln-linksextreme-23-polizeiautos-ab\/\",\"name\":\"&quot;Anschlag auf unsere Demokratie&quot; \u2013 In M\u00fcnchen fackeln Linksextreme 23 Polizeiautos ab - just-now.NEWS Deutschland\",\"isPartOf\":{\"@id\":\"https:\/\/now-news.de\/de\/#website\"},\"primaryImageOfPage\":{\"@id\":\"https:\/\/now-news.de\/de\/deutschland\/anschlag-auf-unsere-demokratie-in-muenchen-fackeln-linksextreme-23-polizeiautos-ab\/#primaryimage\"},\"image\":{\"@id\":\"https:\/\/now-news.de\/de\/deutschland\/anschlag-auf-unsere-demokratie-in-muenchen-fackeln-linksextreme-23-polizeiautos-ab\/#primaryimage\"},\"thumbnailUrl\":\"https:\/\/now-news.de\/de\/wp-content\/uploads\/sites\/3\/2025\/01\/quotAnschlag-auf-unsere-Demokratiequot-\u2013-In-Muenchen-fackeln-Linksextreme-23.jpg\",\"datePublished\":\"2025-01-27T08:26:14+00:00\",\"dateModified\":\"2025-01-27T08:26:14+00:00\",\"breadcrumb\":{\"@id\":\"https:\/\/now-news.de\/de\/deutschland\/anschlag-auf-unsere-demokratie-in-muenchen-fackeln-linksextreme-23-polizeiautos-ab\/#breadcrumb\"},\"inLanguage\":\"de\",\"potentialAction\":[{\"@type\":\"ReadAction\",\"target\":[\"https:\/\/now-news.de\/de\/deutschland\/anschlag-auf-unsere-demokratie-in-muenchen-fackeln-linksextreme-23-polizeiautos-ab\/\"]}]},{\"@type\":\"ImageObject\",\"inLanguage\":\"de\",\"@id\":\"https:\/\/now-news.de\/de\/deutschland\/anschlag-auf-unsere-demokratie-in-muenchen-fackeln-linksextreme-23-polizeiautos-ab\/#primaryimage\",\"url\":\"https:\/\/now-news.de\/de\/wp-content\/uploads\/sites\/3\/2025\/01\/quotAnschlag-auf-unsere-Demokratiequot-\u2013-In-Muenchen-fackeln-Linksextreme-23.jpg\",\"contentUrl\":\"https:\/\/now-news.de\/de\/wp-content\/uploads\/sites\/3\/2025\/01\/quotAnschlag-auf-unsere-Demokratiequot-\u2013-In-Muenchen-fackeln-Linksextreme-23.jpg\",\"width\":460,\"height\":259,\"caption\":\"&quot;Anschlag auf unsere Demokratie&quot; \u2013 In M\u00fcnchen fackeln Linksextreme 23 Polizeiautos ab\"},{\"@type\":\"BreadcrumbList\",\"@id\":\"https:\/\/now-news.de\/de\/deutschland\/anschlag-auf-unsere-demokratie-in-muenchen-fackeln-linksextreme-23-polizeiautos-ab\/#breadcrumb\",\"itemListElement\":[{\"@type\":\"ListItem\",\"position\":1,\"name\":\"Home\",\"item\":\"https:\/\/now-news.de\/de\/\"},{\"@type\":\"ListItem\",\"position\":2,\"name\":\"&quot;Anschlag auf unsere Demokratie&quot; \u2013 In M\u00fcnchen fackeln Linksextreme 23 Polizeiautos ab\"}]},{\"@type\":\"WebSite\",\"@id\":\"https:\/\/now-news.de\/de\/#website\",\"url\":\"https:\/\/now-news.de\/de\/\",\"name\":\"just-now.NEWS Deutschland\",\"description\":\"Das Portal f\u00fcr unzensierte Nachrichten aus der Welt\",\"publisher\":{\"@id\":\"https:\/\/now-news.de\/de\/#organization\"},\"potentialAction\":[{\"@type\":\"SearchAction\",\"target\":{\"@type\":\"EntryPoint\",\"urlTemplate\":\"https:\/\/now-news.de\/de\/?s={search_term_string}\"},\"query-input\":\"required name=search_term_string\"}],\"inLanguage\":\"de\"},{\"@type\":\"Organization\",\"@id\":\"https:\/\/now-news.de\/de\/#organization\",\"name\":\"Just Now News\",\"url\":\"https:\/\/now-news.de\/de\/\",\"logo\":{\"@type\":\"ImageObject\",\"inLanguage\":\"de\",\"@id\":\"https:\/\/now-news.de\/de\/#\/schema\/logo\/image\/\",\"url\":\"http:\/\/just-now.news\/de\/wp-content\/uploads\/sites\/3\/2022\/04\/logo500x500.jpg\",\"contentUrl\":\"http:\/\/just-now.news\/de\/wp-content\/uploads\/sites\/3\/2022\/04\/logo500x500.jpg\",\"width\":500,\"height\":500,\"caption\":\"Just Now News\"},\"image\":{\"@id\":\"https:\/\/now-news.de\/de\/#\/schema\/logo\/image\/\"},\"sameAs\":[\"https:\/\/www.facebook.com\/wirmachenauf\",\"https:\/\/x.com\/WirMachenAuf_de\"]},{\"@type\":\"Person\",\"@id\":\"https:\/\/now-news.de\/de\/#\/schema\/person\/fb534a4e865501d8b3285208df34a9b5\",\"name\":\"rtnews\",\"image\":{\"@type\":\"ImageObject\",\"inLanguage\":\"de\",\"@id\":\"https:\/\/now-news.de\/de\/#\/schema\/person\/image\/\",\"url\":\"https:\/\/secure.gravatar.com\/avatar\/82aafea7d8127119dd649515f56e2117?s=96&d=mm&r=g\",\"contentUrl\":\"https:\/\/secure.gravatar.com\/avatar\/82aafea7d8127119dd649515f56e2117?s=96&d=mm&r=g\",\"caption\":\"rtnews\"},\"url\":\"https:\/\/now-news.de\/de\/author\/rnews\/\"}]}<\/script>\n<!-- \/ Yoast SEO Premium plugin. -->","yoast_head_json":{"title":"&quot;Anschlag auf unsere Demokratie&quot; \u2013 In M\u00fcnchen fackeln Linksextreme 23 Polizeiautos ab - just-now.NEWS Deutschland","robots":{"index":"index","follow":"follow","max-snippet":"max-snippet:-1","max-image-preview":"max-image-preview:large","max-video-preview":"max-video-preview:-1"},"canonical":"https:\/\/now-news.de\/de\/deutschland\/anschlag-auf-unsere-demokratie-in-muenchen-fackeln-linksextreme-23-polizeiautos-ab\/","og_locale":"de_DE","og_type":"article","og_title":"&quot;Anschlag auf unsere Demokratie&quot; \u2013 In M\u00fcnchen fackeln Linksextreme 23 Polizeiautos ab","og_description":"In Bayerns Landeshauptstadt haben laut dem Innenminister mutma\u00dflich &#8220;Linksextreme&#8221; durch einen Brandanschlag rund zwei Millionen Euro Schaden angerichtet. Alle Fahrzeuge auf dem Parkplatz der Diensthundestaffel wurden zerst\u00f6rt. Menschen kamen nicht zu Schaden. In den fr\u00fchen Morgenstunden des 25. Januar vernahmen Anwohner Knallger\u00e4usche durch zerberstendes Glas. Zudem war Brandgeruch zu vernehmen. Als die benachrichtigte Feuerwehr am [&hellip;]","og_url":"https:\/\/now-news.de\/de\/deutschland\/anschlag-auf-unsere-demokratie-in-muenchen-fackeln-linksextreme-23-polizeiautos-ab\/","og_site_name":"just-now.NEWS Deutschland","article_publisher":"https:\/\/www.facebook.com\/wirmachenauf","article_published_time":"2025-01-27T08:26:14+00:00","og_image":[{"url":"https:\/\/now-news.de\/de\/wp-content\/uploads\/sites\/3\/2025\/01\/679735f848fbef525a0708f8.jpg"}],"author":"rtnews","twitter_card":"summary_large_image","twitter_creator":"@WirMachenAuf_de","twitter_site":"@WirMachenAuf_de","twitter_misc":{"Verfasst von":"rtnews","Gesch\u00e4tzte Lesezeit":"3\u00a0Minuten"},"schema":{"@context":"https:\/\/schema.org","@graph":[{"@type":"Article","@id":"https:\/\/now-news.de\/de\/deutschland\/anschlag-auf-unsere-demokratie-in-muenchen-fackeln-linksextreme-23-polizeiautos-ab\/#article","isPartOf":{"@id":"https:\/\/now-news.de\/de\/deutschland\/anschlag-auf-unsere-demokratie-in-muenchen-fackeln-linksextreme-23-polizeiautos-ab\/"},"author":{"name":"rtnews","@id":"https:\/\/now-news.de\/de\/#\/schema\/person\/fb534a4e865501d8b3285208df34a9b5"},"headline":"&quot;Anschlag auf unsere Demokratie&quot; \u2013 In M\u00fcnchen fackeln Linksextreme 23 Polizeiautos ab","datePublished":"2025-01-27T08:26:14+00:00","dateModified":"2025-01-27T08:26:14+00:00","mainEntityOfPage":{"@id":"https:\/\/now-news.de\/de\/deutschland\/anschlag-auf-unsere-demokratie-in-muenchen-fackeln-linksextreme-23-polizeiautos-ab\/"},"wordCount":514,"commentCount":0,"publisher":{"@id":"https:\/\/now-news.de\/de\/#organization"},"image":{"@id":"https:\/\/now-news.de\/de\/deutschland\/anschlag-auf-unsere-demokratie-in-muenchen-fackeln-linksextreme-23-polizeiautos-ab\/#primaryimage"},"thumbnailUrl":"https:\/\/now-news.de\/de\/wp-content\/uploads\/sites\/3\/2025\/01\/quotAnschlag-auf-unsere-Demokratiequot-\u2013-In-Muenchen-fackeln-Linksextreme-23.jpg","keywords":["AUF","Demokratiequot","fackeln","linksextreme","M\u00fcnchen","Polizeiautos","quotAnschlag","Unsere"],"articleSection":["Deutschland","Russland"],"inLanguage":"de","potentialAction":[{"@type":"CommentAction","name":"Comment","target":["https:\/\/now-news.de\/de\/deutschland\/anschlag-auf-unsere-demokratie-in-muenchen-fackeln-linksextreme-23-polizeiautos-ab\/#respond"]}]},{"@type":"WebPage","@id":"https:\/\/now-news.de\/de\/deutschland\/anschlag-auf-unsere-demokratie-in-muenchen-fackeln-linksextreme-23-polizeiautos-ab\/","url":"https:\/\/now-news.de\/de\/deutschland\/anschlag-auf-unsere-demokratie-in-muenchen-fackeln-linksextreme-23-polizeiautos-ab\/","name":"&quot;Anschlag auf unsere Demokratie&quot; \u2013 In M\u00fcnchen fackeln Linksextreme 23 Polizeiautos ab - just-now.NEWS Deutschland","isPartOf":{"@id":"https:\/\/now-news.de\/de\/#website"},"primaryImageOfPage":{"@id":"https:\/\/now-news.de\/de\/deutschland\/anschlag-auf-unsere-demokratie-in-muenchen-fackeln-linksextreme-23-polizeiautos-ab\/#primaryimage"},"image":{"@id":"https:\/\/now-news.de\/de\/deutschland\/anschlag-auf-unsere-demokratie-in-muenchen-fackeln-linksextreme-23-polizeiautos-ab\/#primaryimage"},"thumbnailUrl":"https:\/\/now-news.de\/de\/wp-content\/uploads\/sites\/3\/2025\/01\/quotAnschlag-auf-unsere-Demokratiequot-\u2013-In-Muenchen-fackeln-Linksextreme-23.jpg","datePublished":"2025-01-27T08:26:14+00:00","dateModified":"2025-01-27T08:26:14+00:00","breadcrumb":{"@id":"https:\/\/now-news.de\/de\/deutschland\/anschlag-auf-unsere-demokratie-in-muenchen-fackeln-linksextreme-23-polizeiautos-ab\/#breadcrumb"},"inLanguage":"de","potentialAction":[{"@type":"ReadAction","target":["https:\/\/now-news.de\/de\/deutschland\/anschlag-auf-unsere-demokratie-in-muenchen-fackeln-linksextreme-23-polizeiautos-ab\/"]}]},{"@type":"ImageObject","inLanguage":"de","@id":"https:\/\/now-news.de\/de\/deutschland\/anschlag-auf-unsere-demokratie-in-muenchen-fackeln-linksextreme-23-polizeiautos-ab\/#primaryimage","url":"https:\/\/now-news.de\/de\/wp-content\/uploads\/sites\/3\/2025\/01\/quotAnschlag-auf-unsere-Demokratiequot-\u2013-In-Muenchen-fackeln-Linksextreme-23.jpg","contentUrl":"https:\/\/now-news.de\/de\/wp-content\/uploads\/sites\/3\/2025\/01\/quotAnschlag-auf-unsere-Demokratiequot-\u2013-In-Muenchen-fackeln-Linksextreme-23.jpg","width":460,"height":259,"caption":"&quot;Anschlag auf unsere Demokratie&quot; \u2013 In M\u00fcnchen fackeln Linksextreme 23 Polizeiautos ab"},{"@type":"BreadcrumbList","@id":"https:\/\/now-news.de\/de\/deutschland\/anschlag-auf-unsere-demokratie-in-muenchen-fackeln-linksextreme-23-polizeiautos-ab\/#breadcrumb","itemListElement":[{"@type":"ListItem","position":1,"name":"Home","item":"https:\/\/now-news.de\/de\/"},{"@type":"ListItem","position":2,"name":"&quot;Anschlag auf unsere Demokratie&quot; \u2013 In M\u00fcnchen fackeln Linksextreme 23 Polizeiautos ab"}]},{"@type":"WebSite","@id":"https:\/\/now-news.de\/de\/#website","url":"https:\/\/now-news.de\/de\/","name":"just-now.NEWS Deutschland","description":"Das Portal f\u00fcr unzensierte Nachrichten aus der Welt","publisher":{"@id":"https:\/\/now-news.de\/de\/#organization"},"potentialAction":[{"@type":"SearchAction","target":{"@type":"EntryPoint","urlTemplate":"https:\/\/now-news.de\/de\/?s={search_term_string}"},"query-input":"required name=search_term_string"}],"inLanguage":"de"},{"@type":"Organization","@id":"https:\/\/now-news.de\/de\/#organization","name":"Just Now News","url":"https:\/\/now-news.de\/de\/","logo":{"@type":"ImageObject","inLanguage":"de","@id":"https:\/\/now-news.de\/de\/#\/schema\/logo\/image\/","url":"http:\/\/just-now.news\/de\/wp-content\/uploads\/sites\/3\/2022\/04\/logo500x500.jpg","contentUrl":"http:\/\/just-now.news\/de\/wp-content\/uploads\/sites\/3\/2022\/04\/logo500x500.jpg","width":500,"height":500,"caption":"Just Now News"},"image":{"@id":"https:\/\/now-news.de\/de\/#\/schema\/logo\/image\/"},"sameAs":["https:\/\/www.facebook.com\/wirmachenauf","https:\/\/x.com\/WirMachenAuf_de"]},{"@type":"Person","@id":"https:\/\/now-news.de\/de\/#\/schema\/person\/fb534a4e865501d8b3285208df34a9b5","name":"rtnews","image":{"@type":"ImageObject","inLanguage":"de","@id":"https:\/\/now-news.de\/de\/#\/schema\/person\/image\/","url":"https:\/\/secure.gravatar.com\/avatar\/82aafea7d8127119dd649515f56e2117?s=96&d=mm&r=g","contentUrl":"https:\/\/secure.gravatar.com\/avatar\/82aafea7d8127119dd649515f56e2117?s=96&d=mm&r=g","caption":"rtnews"},"url":"https:\/\/now-news.de\/de\/author\/rnews\/"}]}},"_links":{"self":[{"href":"https:\/\/now-news.de\/de\/wp-json\/wp\/v2\/posts\/77275"}],"collection":[{"href":"https:\/\/now-news.de\/de\/wp-json\/wp\/v2\/posts"}],"about":[{"href":"https:\/\/now-news.de\/de\/wp-json\/wp\/v2\/types\/post"}],"author":[{"embeddable":true,"href":"https:\/\/now-news.de\/de\/wp-json\/wp\/v2\/users\/3"}],"replies":[{"embeddable":true,"href":"https:\/\/now-news.de\/de\/wp-json\/wp\/v2\/comments?post=77275"}],"version-history":[{"count":0,"href":"https:\/\/now-news.de\/de\/wp-json\/wp\/v2\/posts\/77275\/revisions"}],"wp:featuredmedia":[{"embeddable":true,"href":"https:\/\/now-news.de\/de\/wp-json\/wp\/v2\/media\/77276"}],"wp:attachment":[{"href":"https:\/\/now-news.de\/de\/wp-json\/wp\/v2\/media?parent=77275"}],"wp:term":[{"taxonomy":"category","embeddable":true,"href":"https:\/\/now-news.de\/de\/wp-json\/wp\/v2\/categories?post=77275"},{"taxonomy":"post_tag","embeddable":true,"href":"https:\/\/now-news.de\/de\/wp-json\/wp\/v2\/tags?post=77275"}],"curies":[{"name":"wp","href":"https:\/\/api.w.org\/{rel}","templated":true}]}}