{"id":77237,"date":"2025-01-26T16:51:04","date_gmt":"2025-01-26T14:51:04","guid":{"rendered":"https:\/\/now-news.de\/de\/deutschland\/lukaschenko-zu-eu-es-ist-mir-absolut-piepe-ob-ihr-unsere-wahl-anerkennt-oder-nicht\/"},"modified":"2025-01-26T16:51:04","modified_gmt":"2025-01-26T14:51:04","slug":"lukaschenko-zu-eu-es-ist-mir-absolut-piepe-ob-ihr-unsere-wahl-anerkennt-oder-nicht","status":"publish","type":"post","link":"https:\/\/now-news.de\/de\/deutschland\/lukaschenko-zu-eu-es-ist-mir-absolut-piepe-ob-ihr-unsere-wahl-anerkennt-oder-nicht\/","title":{"rendered":"Lukaschenko zu EU: &quot;Es ist mir absolut piepe, ob ihr unsere Wahl anerkennt oder nicht&quot;"},"content":{"rendered":"<p><img decoding=\"async\" src=\"https:\/\/now-news.de\/de\/wp-content\/uploads\/sites\/3\/2025\/01\/67961a7248fbef537675c74b.jpg\" \/><\/p>\n<div class=\"Text-root Text-type_1 \">\n                An diesem Sonntag w\u00e4hlen die Wei\u00dfrussen ihr neues Staatsoberhaupt. Auf dem Wahlzettel stehen f\u00fcnf Namen. Der amtierende Pr\u00e4sident Alexander Lukaschenko kandidiert zum siebten Mal in Folge. Die EU will die Abstimmung nicht anerkennen und spricht von einer Scheinwahl.\n            <\/div>\n<p><\/p>\n<div class=\"Text-root Text-type_5 ArticleView-text ViewText-root \">\n<p>In Wei\u00dfrussland findet an diesem Sonntag die Pr\u00e4sidentenwahl statt. Am Vormittag hat der amtierende Staatschef Alexander Lukaschenko in einem Wahllokal in der Hauptstadt Minsk seine Stimme abgegeben. Der Politiker wurde beim Urnengang von seinem wei\u00dfen Spitz Umka begleitet. Wie bei dieser Gelegenheit \u00fcblich beantwortete Lukaschenko auch Fragen von Journalisten.<\/p>\n<\/p>\n<div class=\"EmbedBlock-root EmbedBlock-twitter\">\n<div class=\"TwitterEmbed\">\n<blockquote class=\"twitter-tweet lazyload\" data-twitter=\"twitter-tweet\" data-media-max-width=\"560\">\n<p lang=\"ru\" dir=\"ltr\">\u0410\u043b\u0435\u043a\u0441\u0430\u043d\u0434\u0440 \u041b\u0443\u043a\u0430\u0448\u0435\u043d\u043a\u043e \u043f\u0440\u043e\u0433\u043e\u043b\u043e\u0441\u043e\u0432\u0430\u043b \u043d\u0430 \u0432\u044b\u0431\u043e\u0440\u0430\u0445 \u0433\u043b\u0430\u0432\u044b \u0433\u043e\u0441\u0443\u0434\u0430\u0440\u0441\u0442\u0432\u0430:<a rel=\"nofollow noopener\" target=\"_blank\" href=\"https:\/\/t.co\/2NwTz62yC3\">https:\/\/t.co\/2NwTz62yC3<\/a>\u0412\u0438\u0434\u0435\u043e: \u0418\u0432\u0430\u043d \u0411\u0435\u043b\u043e\u043f\u0443\u0448\u043a\u0438\u043d\/\u0422\u0410\u0421\u0421 <a rel=\"nofollow noopener\" target=\"_blank\" href=\"https:\/\/t.co\/kOT9eTWgfJ\">pic.twitter.com\/kOT9eTWgfJ<\/a><\/p>\n<p>\u2014 \u0422\u0410\u0421\u0421 (@tass_agency) <a rel=\"nofollow noopener\" target=\"_blank\" href=\"https:\/\/twitter.com\/tass_agency\/status\/1883439688482247013?ref_src=twsrc%5Etfw\">January 26, 2025<\/a><\/p><\/blockquote>\n<\/div>\n<\/div>\n<p>Selbstverst\u00e4ndlich fragten die Journalisten auch danach, f\u00fcr wen der Pr\u00e4sident eben gestimmt hatte. Lukaschenko wollte keinen konkreten Namen nennen und sagte:<\/p>\n<blockquote>\n<p><em>&#8220;Ich muss es ehrlich gestehen: F\u00fcr alle!&#8221;<\/em><\/p>\n<\/blockquote>\n<p>Der Staatschef f\u00fcgte dabei hinzu, er sei im Dialog mit seinen Herausforderern. Als Opposition bezeichnete er die im Land t\u00e4tigen Politiker. Die scharfe Kritik an dem Wahlprozess aus der EU wies Lukaschenko zur\u00fcck und zeigte sich v\u00f6llig gleichg\u00fcltig gegen\u00fcber der Ank\u00fcndigung Br\u00fcssels, auch diese Pr\u00e4sidentenwahl in dem osteurop\u00e4ischen Land nicht anerkennen zu wollen.<\/p>\n<blockquote>\n<p><em>&#8220;Auf uns wird es keine Auswirkungen haben, ob die Europ\u00e4ische Union die Wahl anerkennt oder nicht. Glaubt mir, es ist mir absolut piepe, ob ihr unsere Wahl anerkennt oder nicht. Mir ist wichtig, dass die Wei\u00dfrussen diese Wahl anerkennen und dass die Wahl so ruhig endet, wie sie begonnen hat.&#8221;<\/em><\/p>\n<\/blockquote>\n<p>Bereits am 22. Januar hatte das EU-Parlament die Abstimmung in Wei\u00dfrussland als Scheinwahl verurteilt. Die Parlamentarier <a rel=\"nofollow noopener\" target=\"_blank\" href=\"https:\/\/www.europarl.europa.eu\/news\/de\/press-room\/20250116IPR26328\/belarus-parlament-verurteilt-bevorstehende-scheinwahlen-im-januar\">forderten<\/a> die EU-Mitgliedstaaten und die internationale Gemeinschaft auf, die Legitimit\u00e4t von Alexander Lukaschenko als Pr\u00e4sident auch nach dem 26. Januar 2025 nicht anzuerkennen. Die Regierung des seit dem Jahr 1994 regierenden Politikers bezeichneten sie als illegitim und erkl\u00e4rten ihre Unterst\u00fctzung f\u00fcr die wei\u00dfrussische Bev\u00f6lkerung &#8220;in ihrem Streben nach Demokratie, Freiheit und Menschenrechten&#8221;.<\/p>\n<p>Lukaschenko\u00a0wies diese Kritik zur\u00fcck. Wie k\u00f6nne man \u00fcberhaupt etwas bewerten, was noch nicht stattgefunden habe, fragte der Politiker rhetorisch. Der Wert der Erkl\u00e4rung des EU-Parlaments sei daher gleich null.<\/p>\n<p>Die vorzeitige Stimmabgabe bei der Pr\u00e4sidentenwahl in Wei\u00dfrussland war bereits ab dem 21. Januar m\u00f6glich. Neben Lukaschenko bewerben sich vier weitere Kandidatenum das h\u00f6chste Amt im Land: Oleg Gaidukewitsch, Anna Kanopazkaja, Sergei Syrankow und Alexander Chischnjak. Die Abstimmung dauert von 8 bis 20 Uhr Ortszeit. Landesweit haben mehr als 5.000 Wahllokale ge\u00f6ffnet. Erstmals in der Geschichte der fr\u00fcheren Sowjetrepublik gibt es keine Wahllokale im Ausland. Die Beh\u00f6rden erkl\u00e4ren dies mit Sicherheitsgr\u00fcnden und Personalmangel in den diplomatischen Vertretungen. Wahlberechtigt sind etwa 6,9 Millionen B\u00fcrger. Die Wahl gilt als absolviert, wenn mehr als die H\u00e4lfte der W\u00e4hlerschaft ihre Stimme abgegeben hat.<\/p>\n<p>Die vorigen Pr\u00e4sidentenwahlen im August 2020 hatten zu den gr\u00f6\u00dften Protesten in der Geschichte des Landes sowie zu Ausschreitungen mit der Polizei gef\u00fchrt. Nach offiziellen Angaben der Wahlkommission hatte Lukaschenko die Wahl mit 80,2 Prozent der Stimmen gewonnen. Die Opposition erkannte das Wahlergebnis nicht an und forderte eine Neuausz\u00e4hlung der Stimmen. Lukaschenko bezeichnete die Proteste als vom Ausland gesteuert. Tausende Demonstranten wurden festgenommen, viele von ihnen einige Tage sp\u00e4ter wieder freigelassen. Nach den Wahlen verlie\u00df Lukaschenkos Herausforderin Swetlana Tichanowskaja das Land und wurde sp\u00e4ter in Abwesenheit zu 15 Jahren Gef\u00e4ngnis verurteilt.\u00a0<\/p>\n<p><strong>Mehr zum Thema<\/strong> &#8211; <a rel=\"nofollow noopener\" target=\"_blank\" href=\"https:\/\/freedert.online\/kurzclips\/video\/234415-weissrussland-einmischungsversuch-in-wahlen-anderer\/\">Wei\u00dfrussland: Einmischungsversuch in Wahlen anderer L\u00e4nder?<\/a><\/p>\n<div class=\"EmbedBlock-root EmbedBlock-externalVideo EmbedBlock-rumble\">\n<div class=\"VkEmbed\"><iframe class=\"lazyload\" data-src=\"https:\/\/rumble.com\/embed\/v6abhnj\" frameborder=\"0\" width=\"853\" height=\"480\" allowfullscreen><\/iframe><\/div>\n<\/div>\n<\/div>\n<p><script async src=\"https:\/\/platform.twitter.com\/widgets.js\" charset=\"utf-8\"><\/script><br \/>\n<br \/><br \/>\n<br \/><a href=\"https:\/\/de.rt.com\/europa\/234422-lukaschenko-zu-eu-es-ist\/\">Source link <\/a><\/p>\n","protected":false},"excerpt":{"rendered":"<p>An diesem Sonntag w\u00e4hlen die Wei\u00dfrussen ihr neues Staatsoberhaupt. Auf dem Wahlzettel stehen f\u00fcnf Namen. Der amtierende Pr\u00e4sident Alexander Lukaschenko kandidiert zum siebten Mal in Folge. Die EU will die Abstimmung nicht anerkennen und spricht von einer Scheinwahl. In Wei\u00dfrussland findet an diesem Sonntag die Pr\u00e4sidentenwahl statt. Am Vormittag hat der amtierende Staatschef Alexander Lukaschenko [&hellip;]<\/p>\n","protected":false},"author":3,"featured_media":77238,"comment_status":"open","ping_status":"open","sticky":false,"template":"","format":"standard","meta":{"_yoast_indexnow_last_ping":["1737903304"],"wp_automatic_camp":["217"],"9392a792638423b806aaa26a286dfac8":["Lukaschenko zu EU: &quot;Es ist mir absolut piepe, ob ihr unsere Wahl anerkennt oder nicht&quot;"],"original_link":["https:\/\/de.rt.com\/europa\/234422-lukaschenko-zu-eu-es-ist\/"],"_thumbnail_id":["77238"],"jnews_social_counter_last_update":["1777305759"],"_wptgpro_p2tg_sent2tg":["a:1:{i:23737;s:19:\"2025-01-26 16:56:09\";}"]},"categories":[19,23],"tags":[6310,25004,230,414,21453,7658,19434,268,62234,19377,12596,4351],"yoast_head":"<!-- This site is optimized with the Yoast SEO Premium plugin v22.7 (Yoast SEO v22.7) - https:\/\/yoast.com\/wordpress\/plugins\/seo\/ -->\n<title>Lukaschenko zu EU: &quot;Es ist mir absolut piepe, ob ihr unsere Wahl anerkennt oder nicht&quot; - just-now.NEWS Deutschland<\/title>\n<meta name=\"robots\" content=\"index, follow, max-snippet:-1, max-image-preview:large, max-video-preview:-1\" \/>\n<link rel=\"canonical\" href=\"https:\/\/now-news.de\/de\/deutschland\/lukaschenko-zu-eu-es-ist-mir-absolut-piepe-ob-ihr-unsere-wahl-anerkennt-oder-nicht\/\" \/>\n<meta property=\"og:locale\" content=\"de_DE\" \/>\n<meta property=\"og:type\" content=\"article\" \/>\n<meta property=\"og:title\" content=\"Lukaschenko zu EU: &quot;Es ist mir absolut piepe, ob ihr unsere Wahl anerkennt oder nicht&quot;\" \/>\n<meta property=\"og:description\" content=\"An diesem Sonntag w\u00e4hlen die Wei\u00dfrussen ihr neues Staatsoberhaupt. Auf dem Wahlzettel stehen f\u00fcnf Namen. Der amtierende Pr\u00e4sident Alexander Lukaschenko kandidiert zum siebten Mal in Folge. Die EU will die Abstimmung nicht anerkennen und spricht von einer Scheinwahl. In Wei\u00dfrussland findet an diesem Sonntag die Pr\u00e4sidentenwahl statt. Am Vormittag hat der amtierende Staatschef Alexander Lukaschenko [&hellip;]\" \/>\n<meta property=\"og:url\" content=\"https:\/\/now-news.de\/de\/deutschland\/lukaschenko-zu-eu-es-ist-mir-absolut-piepe-ob-ihr-unsere-wahl-anerkennt-oder-nicht\/\" \/>\n<meta property=\"og:site_name\" content=\"just-now.NEWS Deutschland\" \/>\n<meta property=\"article:publisher\" content=\"https:\/\/www.facebook.com\/wirmachenauf\" \/>\n<meta property=\"article:published_time\" content=\"2025-01-26T14:51:04+00:00\" \/>\n<meta property=\"og:image\" content=\"https:\/\/now-news.de\/de\/wp-content\/uploads\/sites\/3\/2025\/01\/67961a7248fbef537675c74b.jpg\" \/>\n<meta name=\"author\" content=\"rtnews\" \/>\n<meta name=\"twitter:card\" content=\"summary_large_image\" \/>\n<meta name=\"twitter:creator\" content=\"@WirMachenAuf_de\" \/>\n<meta name=\"twitter:site\" content=\"@WirMachenAuf_de\" \/>\n<meta name=\"twitter:label1\" content=\"Verfasst von\" \/>\n\t<meta name=\"twitter:data1\" content=\"rtnews\" \/>\n\t<meta name=\"twitter:label2\" content=\"Gesch\u00e4tzte Lesezeit\" \/>\n\t<meta name=\"twitter:data2\" content=\"3\u00a0Minuten\" \/>\n<script type=\"application\/ld+json\" class=\"yoast-schema-graph\">{\"@context\":\"https:\/\/schema.org\",\"@graph\":[{\"@type\":\"Article\",\"@id\":\"https:\/\/now-news.de\/de\/deutschland\/lukaschenko-zu-eu-es-ist-mir-absolut-piepe-ob-ihr-unsere-wahl-anerkennt-oder-nicht\/#article\",\"isPartOf\":{\"@id\":\"https:\/\/now-news.de\/de\/deutschland\/lukaschenko-zu-eu-es-ist-mir-absolut-piepe-ob-ihr-unsere-wahl-anerkennt-oder-nicht\/\"},\"author\":{\"name\":\"rtnews\",\"@id\":\"https:\/\/now-news.de\/de\/#\/schema\/person\/fb534a4e865501d8b3285208df34a9b5\"},\"headline\":\"Lukaschenko zu EU: &quot;Es ist mir absolut piepe, ob ihr unsere Wahl anerkennt oder nicht&quot;\",\"datePublished\":\"2025-01-26T14:51:04+00:00\",\"dateModified\":\"2025-01-26T14:51:04+00:00\",\"mainEntityOfPage\":{\"@id\":\"https:\/\/now-news.de\/de\/deutschland\/lukaschenko-zu-eu-es-ist-mir-absolut-piepe-ob-ihr-unsere-wahl-anerkennt-oder-nicht\/\"},\"wordCount\":604,\"commentCount\":0,\"publisher\":{\"@id\":\"https:\/\/now-news.de\/de\/#organization\"},\"image\":{\"@id\":\"https:\/\/now-news.de\/de\/deutschland\/lukaschenko-zu-eu-es-ist-mir-absolut-piepe-ob-ihr-unsere-wahl-anerkennt-oder-nicht\/#primaryimage\"},\"thumbnailUrl\":\"https:\/\/now-news.de\/de\/wp-content\/uploads\/sites\/3\/2025\/01\/Lukaschenko-zu-EU-quotEs-ist-mir-absolut-piepe-ob-ihr.jpg\",\"keywords\":[\"absolut\",\"anerkennt\",\"ihr\",\"ist\",\"Lukaschenko\",\"mir\",\"nichtquot\",\"oder\",\"piepe\",\"quotEs\",\"Unsere\",\"Wahl\"],\"articleSection\":[\"Deutschland\",\"Russland\"],\"inLanguage\":\"de\",\"potentialAction\":[{\"@type\":\"CommentAction\",\"name\":\"Comment\",\"target\":[\"https:\/\/now-news.de\/de\/deutschland\/lukaschenko-zu-eu-es-ist-mir-absolut-piepe-ob-ihr-unsere-wahl-anerkennt-oder-nicht\/#respond\"]}]},{\"@type\":\"WebPage\",\"@id\":\"https:\/\/now-news.de\/de\/deutschland\/lukaschenko-zu-eu-es-ist-mir-absolut-piepe-ob-ihr-unsere-wahl-anerkennt-oder-nicht\/\",\"url\":\"https:\/\/now-news.de\/de\/deutschland\/lukaschenko-zu-eu-es-ist-mir-absolut-piepe-ob-ihr-unsere-wahl-anerkennt-oder-nicht\/\",\"name\":\"Lukaschenko zu EU: &quot;Es ist mir absolut piepe, ob ihr unsere Wahl anerkennt oder nicht&quot; - just-now.NEWS Deutschland\",\"isPartOf\":{\"@id\":\"https:\/\/now-news.de\/de\/#website\"},\"primaryImageOfPage\":{\"@id\":\"https:\/\/now-news.de\/de\/deutschland\/lukaschenko-zu-eu-es-ist-mir-absolut-piepe-ob-ihr-unsere-wahl-anerkennt-oder-nicht\/#primaryimage\"},\"image\":{\"@id\":\"https:\/\/now-news.de\/de\/deutschland\/lukaschenko-zu-eu-es-ist-mir-absolut-piepe-ob-ihr-unsere-wahl-anerkennt-oder-nicht\/#primaryimage\"},\"thumbnailUrl\":\"https:\/\/now-news.de\/de\/wp-content\/uploads\/sites\/3\/2025\/01\/Lukaschenko-zu-EU-quotEs-ist-mir-absolut-piepe-ob-ihr.jpg\",\"datePublished\":\"2025-01-26T14:51:04+00:00\",\"dateModified\":\"2025-01-26T14:51:04+00:00\",\"breadcrumb\":{\"@id\":\"https:\/\/now-news.de\/de\/deutschland\/lukaschenko-zu-eu-es-ist-mir-absolut-piepe-ob-ihr-unsere-wahl-anerkennt-oder-nicht\/#breadcrumb\"},\"inLanguage\":\"de\",\"potentialAction\":[{\"@type\":\"ReadAction\",\"target\":[\"https:\/\/now-news.de\/de\/deutschland\/lukaschenko-zu-eu-es-ist-mir-absolut-piepe-ob-ihr-unsere-wahl-anerkennt-oder-nicht\/\"]}]},{\"@type\":\"ImageObject\",\"inLanguage\":\"de\",\"@id\":\"https:\/\/now-news.de\/de\/deutschland\/lukaschenko-zu-eu-es-ist-mir-absolut-piepe-ob-ihr-unsere-wahl-anerkennt-oder-nicht\/#primaryimage\",\"url\":\"https:\/\/now-news.de\/de\/wp-content\/uploads\/sites\/3\/2025\/01\/Lukaschenko-zu-EU-quotEs-ist-mir-absolut-piepe-ob-ihr.jpg\",\"contentUrl\":\"https:\/\/now-news.de\/de\/wp-content\/uploads\/sites\/3\/2025\/01\/Lukaschenko-zu-EU-quotEs-ist-mir-absolut-piepe-ob-ihr.jpg\",\"width\":460,\"height\":259,\"caption\":\"Lukaschenko zu EU: &quot;Es ist mir absolut piepe, ob ihr unsere Wahl anerkennt oder nicht&quot;\"},{\"@type\":\"BreadcrumbList\",\"@id\":\"https:\/\/now-news.de\/de\/deutschland\/lukaschenko-zu-eu-es-ist-mir-absolut-piepe-ob-ihr-unsere-wahl-anerkennt-oder-nicht\/#breadcrumb\",\"itemListElement\":[{\"@type\":\"ListItem\",\"position\":1,\"name\":\"Home\",\"item\":\"https:\/\/now-news.de\/de\/\"},{\"@type\":\"ListItem\",\"position\":2,\"name\":\"Lukaschenko zu EU: &quot;Es ist mir absolut piepe, ob ihr unsere Wahl anerkennt oder nicht&quot;\"}]},{\"@type\":\"WebSite\",\"@id\":\"https:\/\/now-news.de\/de\/#website\",\"url\":\"https:\/\/now-news.de\/de\/\",\"name\":\"just-now.NEWS Deutschland\",\"description\":\"Das Portal f\u00fcr unzensierte Nachrichten aus der Welt\",\"publisher\":{\"@id\":\"https:\/\/now-news.de\/de\/#organization\"},\"potentialAction\":[{\"@type\":\"SearchAction\",\"target\":{\"@type\":\"EntryPoint\",\"urlTemplate\":\"https:\/\/now-news.de\/de\/?s={search_term_string}\"},\"query-input\":\"required name=search_term_string\"}],\"inLanguage\":\"de\"},{\"@type\":\"Organization\",\"@id\":\"https:\/\/now-news.de\/de\/#organization\",\"name\":\"Just Now News\",\"url\":\"https:\/\/now-news.de\/de\/\",\"logo\":{\"@type\":\"ImageObject\",\"inLanguage\":\"de\",\"@id\":\"https:\/\/now-news.de\/de\/#\/schema\/logo\/image\/\",\"url\":\"http:\/\/just-now.news\/de\/wp-content\/uploads\/sites\/3\/2022\/04\/logo500x500.jpg\",\"contentUrl\":\"http:\/\/just-now.news\/de\/wp-content\/uploads\/sites\/3\/2022\/04\/logo500x500.jpg\",\"width\":500,\"height\":500,\"caption\":\"Just Now News\"},\"image\":{\"@id\":\"https:\/\/now-news.de\/de\/#\/schema\/logo\/image\/\"},\"sameAs\":[\"https:\/\/www.facebook.com\/wirmachenauf\",\"https:\/\/x.com\/WirMachenAuf_de\"]},{\"@type\":\"Person\",\"@id\":\"https:\/\/now-news.de\/de\/#\/schema\/person\/fb534a4e865501d8b3285208df34a9b5\",\"name\":\"rtnews\",\"image\":{\"@type\":\"ImageObject\",\"inLanguage\":\"de\",\"@id\":\"https:\/\/now-news.de\/de\/#\/schema\/person\/image\/\",\"url\":\"https:\/\/secure.gravatar.com\/avatar\/82aafea7d8127119dd649515f56e2117?s=96&d=mm&r=g\",\"contentUrl\":\"https:\/\/secure.gravatar.com\/avatar\/82aafea7d8127119dd649515f56e2117?s=96&d=mm&r=g\",\"caption\":\"rtnews\"},\"url\":\"https:\/\/now-news.de\/de\/author\/rnews\/\"}]}<\/script>\n<!-- \/ Yoast SEO Premium plugin. -->","yoast_head_json":{"title":"Lukaschenko zu EU: &quot;Es ist mir absolut piepe, ob ihr unsere Wahl anerkennt oder nicht&quot; - just-now.NEWS Deutschland","robots":{"index":"index","follow":"follow","max-snippet":"max-snippet:-1","max-image-preview":"max-image-preview:large","max-video-preview":"max-video-preview:-1"},"canonical":"https:\/\/now-news.de\/de\/deutschland\/lukaschenko-zu-eu-es-ist-mir-absolut-piepe-ob-ihr-unsere-wahl-anerkennt-oder-nicht\/","og_locale":"de_DE","og_type":"article","og_title":"Lukaschenko zu EU: &quot;Es ist mir absolut piepe, ob ihr unsere Wahl anerkennt oder nicht&quot;","og_description":"An diesem Sonntag w\u00e4hlen die Wei\u00dfrussen ihr neues Staatsoberhaupt. Auf dem Wahlzettel stehen f\u00fcnf Namen. Der amtierende Pr\u00e4sident Alexander Lukaschenko kandidiert zum siebten Mal in Folge. Die EU will die Abstimmung nicht anerkennen und spricht von einer Scheinwahl. In Wei\u00dfrussland findet an diesem Sonntag die Pr\u00e4sidentenwahl statt. Am Vormittag hat der amtierende Staatschef Alexander Lukaschenko [&hellip;]","og_url":"https:\/\/now-news.de\/de\/deutschland\/lukaschenko-zu-eu-es-ist-mir-absolut-piepe-ob-ihr-unsere-wahl-anerkennt-oder-nicht\/","og_site_name":"just-now.NEWS Deutschland","article_publisher":"https:\/\/www.facebook.com\/wirmachenauf","article_published_time":"2025-01-26T14:51:04+00:00","og_image":[{"url":"https:\/\/now-news.de\/de\/wp-content\/uploads\/sites\/3\/2025\/01\/67961a7248fbef537675c74b.jpg"}],"author":"rtnews","twitter_card":"summary_large_image","twitter_creator":"@WirMachenAuf_de","twitter_site":"@WirMachenAuf_de","twitter_misc":{"Verfasst von":"rtnews","Gesch\u00e4tzte Lesezeit":"3\u00a0Minuten"},"schema":{"@context":"https:\/\/schema.org","@graph":[{"@type":"Article","@id":"https:\/\/now-news.de\/de\/deutschland\/lukaschenko-zu-eu-es-ist-mir-absolut-piepe-ob-ihr-unsere-wahl-anerkennt-oder-nicht\/#article","isPartOf":{"@id":"https:\/\/now-news.de\/de\/deutschland\/lukaschenko-zu-eu-es-ist-mir-absolut-piepe-ob-ihr-unsere-wahl-anerkennt-oder-nicht\/"},"author":{"name":"rtnews","@id":"https:\/\/now-news.de\/de\/#\/schema\/person\/fb534a4e865501d8b3285208df34a9b5"},"headline":"Lukaschenko zu EU: &quot;Es ist mir absolut piepe, ob ihr unsere Wahl anerkennt oder nicht&quot;","datePublished":"2025-01-26T14:51:04+00:00","dateModified":"2025-01-26T14:51:04+00:00","mainEntityOfPage":{"@id":"https:\/\/now-news.de\/de\/deutschland\/lukaschenko-zu-eu-es-ist-mir-absolut-piepe-ob-ihr-unsere-wahl-anerkennt-oder-nicht\/"},"wordCount":604,"commentCount":0,"publisher":{"@id":"https:\/\/now-news.de\/de\/#organization"},"image":{"@id":"https:\/\/now-news.de\/de\/deutschland\/lukaschenko-zu-eu-es-ist-mir-absolut-piepe-ob-ihr-unsere-wahl-anerkennt-oder-nicht\/#primaryimage"},"thumbnailUrl":"https:\/\/now-news.de\/de\/wp-content\/uploads\/sites\/3\/2025\/01\/Lukaschenko-zu-EU-quotEs-ist-mir-absolut-piepe-ob-ihr.jpg","keywords":["absolut","anerkennt","ihr","ist","Lukaschenko","mir","nichtquot","oder","piepe","quotEs","Unsere","Wahl"],"articleSection":["Deutschland","Russland"],"inLanguage":"de","potentialAction":[{"@type":"CommentAction","name":"Comment","target":["https:\/\/now-news.de\/de\/deutschland\/lukaschenko-zu-eu-es-ist-mir-absolut-piepe-ob-ihr-unsere-wahl-anerkennt-oder-nicht\/#respond"]}]},{"@type":"WebPage","@id":"https:\/\/now-news.de\/de\/deutschland\/lukaschenko-zu-eu-es-ist-mir-absolut-piepe-ob-ihr-unsere-wahl-anerkennt-oder-nicht\/","url":"https:\/\/now-news.de\/de\/deutschland\/lukaschenko-zu-eu-es-ist-mir-absolut-piepe-ob-ihr-unsere-wahl-anerkennt-oder-nicht\/","name":"Lukaschenko zu EU: &quot;Es ist mir absolut piepe, ob ihr unsere Wahl anerkennt oder nicht&quot; - just-now.NEWS Deutschland","isPartOf":{"@id":"https:\/\/now-news.de\/de\/#website"},"primaryImageOfPage":{"@id":"https:\/\/now-news.de\/de\/deutschland\/lukaschenko-zu-eu-es-ist-mir-absolut-piepe-ob-ihr-unsere-wahl-anerkennt-oder-nicht\/#primaryimage"},"image":{"@id":"https:\/\/now-news.de\/de\/deutschland\/lukaschenko-zu-eu-es-ist-mir-absolut-piepe-ob-ihr-unsere-wahl-anerkennt-oder-nicht\/#primaryimage"},"thumbnailUrl":"https:\/\/now-news.de\/de\/wp-content\/uploads\/sites\/3\/2025\/01\/Lukaschenko-zu-EU-quotEs-ist-mir-absolut-piepe-ob-ihr.jpg","datePublished":"2025-01-26T14:51:04+00:00","dateModified":"2025-01-26T14:51:04+00:00","breadcrumb":{"@id":"https:\/\/now-news.de\/de\/deutschland\/lukaschenko-zu-eu-es-ist-mir-absolut-piepe-ob-ihr-unsere-wahl-anerkennt-oder-nicht\/#breadcrumb"},"inLanguage":"de","potentialAction":[{"@type":"ReadAction","target":["https:\/\/now-news.de\/de\/deutschland\/lukaschenko-zu-eu-es-ist-mir-absolut-piepe-ob-ihr-unsere-wahl-anerkennt-oder-nicht\/"]}]},{"@type":"ImageObject","inLanguage":"de","@id":"https:\/\/now-news.de\/de\/deutschland\/lukaschenko-zu-eu-es-ist-mir-absolut-piepe-ob-ihr-unsere-wahl-anerkennt-oder-nicht\/#primaryimage","url":"https:\/\/now-news.de\/de\/wp-content\/uploads\/sites\/3\/2025\/01\/Lukaschenko-zu-EU-quotEs-ist-mir-absolut-piepe-ob-ihr.jpg","contentUrl":"https:\/\/now-news.de\/de\/wp-content\/uploads\/sites\/3\/2025\/01\/Lukaschenko-zu-EU-quotEs-ist-mir-absolut-piepe-ob-ihr.jpg","width":460,"height":259,"caption":"Lukaschenko zu EU: &quot;Es ist mir absolut piepe, ob ihr unsere Wahl anerkennt oder nicht&quot;"},{"@type":"BreadcrumbList","@id":"https:\/\/now-news.de\/de\/deutschland\/lukaschenko-zu-eu-es-ist-mir-absolut-piepe-ob-ihr-unsere-wahl-anerkennt-oder-nicht\/#breadcrumb","itemListElement":[{"@type":"ListItem","position":1,"name":"Home","item":"https:\/\/now-news.de\/de\/"},{"@type":"ListItem","position":2,"name":"Lukaschenko zu EU: &quot;Es ist mir absolut piepe, ob ihr unsere Wahl anerkennt oder nicht&quot;"}]},{"@type":"WebSite","@id":"https:\/\/now-news.de\/de\/#website","url":"https:\/\/now-news.de\/de\/","name":"just-now.NEWS Deutschland","description":"Das Portal f\u00fcr unzensierte Nachrichten aus der Welt","publisher":{"@id":"https:\/\/now-news.de\/de\/#organization"},"potentialAction":[{"@type":"SearchAction","target":{"@type":"EntryPoint","urlTemplate":"https:\/\/now-news.de\/de\/?s={search_term_string}"},"query-input":"required name=search_term_string"}],"inLanguage":"de"},{"@type":"Organization","@id":"https:\/\/now-news.de\/de\/#organization","name":"Just Now News","url":"https:\/\/now-news.de\/de\/","logo":{"@type":"ImageObject","inLanguage":"de","@id":"https:\/\/now-news.de\/de\/#\/schema\/logo\/image\/","url":"http:\/\/just-now.news\/de\/wp-content\/uploads\/sites\/3\/2022\/04\/logo500x500.jpg","contentUrl":"http:\/\/just-now.news\/de\/wp-content\/uploads\/sites\/3\/2022\/04\/logo500x500.jpg","width":500,"height":500,"caption":"Just Now News"},"image":{"@id":"https:\/\/now-news.de\/de\/#\/schema\/logo\/image\/"},"sameAs":["https:\/\/www.facebook.com\/wirmachenauf","https:\/\/x.com\/WirMachenAuf_de"]},{"@type":"Person","@id":"https:\/\/now-news.de\/de\/#\/schema\/person\/fb534a4e865501d8b3285208df34a9b5","name":"rtnews","image":{"@type":"ImageObject","inLanguage":"de","@id":"https:\/\/now-news.de\/de\/#\/schema\/person\/image\/","url":"https:\/\/secure.gravatar.com\/avatar\/82aafea7d8127119dd649515f56e2117?s=96&d=mm&r=g","contentUrl":"https:\/\/secure.gravatar.com\/avatar\/82aafea7d8127119dd649515f56e2117?s=96&d=mm&r=g","caption":"rtnews"},"url":"https:\/\/now-news.de\/de\/author\/rnews\/"}]}},"_links":{"self":[{"href":"https:\/\/now-news.de\/de\/wp-json\/wp\/v2\/posts\/77237"}],"collection":[{"href":"https:\/\/now-news.de\/de\/wp-json\/wp\/v2\/posts"}],"about":[{"href":"https:\/\/now-news.de\/de\/wp-json\/wp\/v2\/types\/post"}],"author":[{"embeddable":true,"href":"https:\/\/now-news.de\/de\/wp-json\/wp\/v2\/users\/3"}],"replies":[{"embeddable":true,"href":"https:\/\/now-news.de\/de\/wp-json\/wp\/v2\/comments?post=77237"}],"version-history":[{"count":0,"href":"https:\/\/now-news.de\/de\/wp-json\/wp\/v2\/posts\/77237\/revisions"}],"wp:featuredmedia":[{"embeddable":true,"href":"https:\/\/now-news.de\/de\/wp-json\/wp\/v2\/media\/77238"}],"wp:attachment":[{"href":"https:\/\/now-news.de\/de\/wp-json\/wp\/v2\/media?parent=77237"}],"wp:term":[{"taxonomy":"category","embeddable":true,"href":"https:\/\/now-news.de\/de\/wp-json\/wp\/v2\/categories?post=77237"},{"taxonomy":"post_tag","embeddable":true,"href":"https:\/\/now-news.de\/de\/wp-json\/wp\/v2\/tags?post=77237"}],"curies":[{"name":"wp","href":"https:\/\/api.w.org\/{rel}","templated":true}]}}