{"id":77224,"date":"2025-01-26T13:15:53","date_gmt":"2025-01-26T11:15:53","guid":{"rendered":"https:\/\/now-news.de\/de\/deutschland\/alle-zusammen-gegen-den-faschismus-demonstration-gegen-rechtsruck\/"},"modified":"2025-01-26T13:15:53","modified_gmt":"2025-01-26T11:15:53","slug":"alle-zusammen-gegen-den-faschismus-demonstration-gegen-rechtsruck","status":"publish","type":"post","link":"https:\/\/now-news.de\/de\/deutschland\/alle-zusammen-gegen-den-faschismus-demonstration-gegen-rechtsruck\/","title":{"rendered":"&quot;Alle zusammen gegen den Faschismus&quot;:  Demonstration gegen &quot;Rechtsruck&quot;"},"content":{"rendered":"<p><img decoding=\"async\" src=\"https:\/\/now-news.de\/de\/wp-content\/uploads\/sites\/3\/2025\/01\/67960c0848fbef525a07088a.jpg\" \/><\/p>\n<div class=\"Text-root Text-type_1 \">\n                Mit einem &#8220;Lichtermeer&#8221; sollte vor dem Brandenburger Tor in Berlin ein Zeichen gegen &#8220;Rechts&#8221; gesetzt werden. W\u00e4hrend die Organisatoren von rund 100.000 Teilnehmerinnen und Teilnehmern sprach, waren es nach Sch\u00e4tzungen der Polizei zwischen 30.000 und 35.000 Menschen.\n            <\/div>\n<p><\/p>\n<div class=\"Text-root Text-type_5 ArticleView-text ViewText-root \">\n<p>Mehrere Zehntausend Menschen gingen am Samstagabend in Berlin auf die Stra\u00dfe. Mit einem &#8220;Lichtermeer&#8221; vor dem Brandenburger Tor wollten die Demonstranten ein Zeichen gegen den Rechtsruck setzen. Die Demonstration richtete sich auch gegen die\u00a0Migrationspl\u00e4ne der Union und eine m\u00f6gliche Zusammenarbeit mit der AfD.\u00a0\u00a0<\/p>\n<p>Linksorientierte B\u00fcrger\u00a0versammelten sich zu der Kundgebung, zu der ein B\u00fcndnis rund um die Kampagnen-Organisation Campact, Eltern\u00a0gegen\u00a0Rechts\u00a0und Fridays for Future aufgerufen hatte.\u00a0Die Organisatoren in Berlin sprachen von rund 100.000 Teilnehmerinnen und Teilnehmern, nach Sch\u00e4tzungen der Polizei waren es zwischen 30.000 und 35.000 Menschen.\u00a0<\/p>\n<p>In Berlin riefen Demonstrierende &#8220;Wehrt euch&#8221; oder &#8220;Alle zusammen\u00a0gegen\u00a0den Faschismus&#8221;. Auf einem Schild stand &#8220;Merz, S\u00f6der, Spahn, Steigb\u00fcgelhalter des Faschismus&#8221;, wie eine Journalistin der Nachrichtenagentur <em>AFP<\/em> berichtete.\u00a0<\/p>\n<p>Das B\u00fcndnis fordert nach eigenen Angaben eine wehrhafte Demokratie durch die F\u00f6rderung von Demokratie-Initiativen, Verbote von Demokratie-Feinden, den Schutz der Lebensgrundlage aller Menschen, den konsequenten Kampf\u00a0gegen &#8220;Desinformationen&#8221; und die Aufrechterhaltung der &#8220;Brandmauer&#8221; gegen\u00a0die AfD.<\/p>\n<p>Was viele Kommentatoren nach der Demo emp\u00f6rte,\u00a0waren die l\u00e4chelnden Gesichter der Gr\u00fcnen-Politiker, die als ein Zeichen von Empathielosigkeit nach der Bluttat von Aschaffenburg gewertet werden.<\/p>\n<div class=\"EmbedBlock-root EmbedBlock-twitter\">\n<div class=\"TwitterEmbed\">\n<blockquote class=\"twitter-tweet lazyload\" data-twitter=\"twitter-tweet\">\n<p lang=\"de\" dir=\"ltr\">100.000 Menschen versammeln sich am Brandenburger Tor. Sie protestieren in einer Zeit, in der die AfD bei der Bundestagswahl vor ihrem gr\u00f6\u00dften Triumph steht und Trump Rechtsextreme weltweit inspiriert. Sie setzen ein Zeichen gegen Rechtsextremismus und f\u00fcr Haltung und Anstand. <a rel=\"nofollow noopener\" target=\"_blank\" href=\"https:\/\/t.co\/4CIMR0nApF\">pic.twitter.com\/4CIMR0nApF<\/a><\/p>\n<p>\u2014 Franziska Brantner (@fbrantner) <a rel=\"nofollow noopener\" target=\"_blank\" href=\"https:\/\/twitter.com\/fbrantner\/status\/1883211475462111293?ref_src=twsrc%5Etfw\">January 25, 2025<\/a><\/p><\/blockquote>\n<\/div>\n<\/div>\n<p>Die Demonstration richtete sich auch\u00a0gegen\u00a0die Pl\u00e4ne von CDU-Chef\u00a0Friedrich Merz, in der kommenden Woche im Bundestag einen Antrag zur Versch\u00e4rfung der Migrationspolitik einzubringen. Medienberichten zufolge lie\u00df er parteiintern durchblicken, dass er dabei auch Stimmen der AfD in Kauf nehmen w\u00fcrde. Vor zwei Wochen\u00a0hatte Merz dies noch ausgeschlossen.\u00a0<\/p>\n<p><strong>Mehr zum Thema<\/strong> \u2013 <a rel=\"nofollow noopener\" target=\"_blank\" href=\"https:\/\/freedert.online\/kurzclips\/video\/230387-wer-deutschland-nicht-liebt-soll\/\">&#8220;Wer Deutschland nicht liebt, soll Deutschland verlassen&#8221; \u2013 Protest in Magdeburg<\/a><\/p>\n<div class=\"EmbedBlock-root EmbedBlock-externalVideo EmbedBlock-rumble\">\n<div class=\"VkEmbed\"><iframe class=\"lazyload\" data-src=\"https:\/\/rumble.com\/embed\/v5vzgje\" frameborder=\"0\" width=\"853\" height=\"480\" allowfullscreen><\/iframe><\/div>\n<\/div>\n<\/div>\n<p><script async src=\"https:\/\/platform.twitter.com\/widgets.js\" charset=\"utf-8\"><\/script><br \/>\n<br \/><br \/>\n<br \/><a href=\"https:\/\/de.rt.com\/inland\/234417-alle-zusammen-gegen-faschismus-demonstration\/\">Source link <\/a><\/p>\n","protected":false},"excerpt":{"rendered":"<p>Mit einem &#8220;Lichtermeer&#8221; sollte vor dem Brandenburger Tor in Berlin ein Zeichen gegen &#8220;Rechts&#8221; gesetzt werden. W\u00e4hrend die Organisatoren von rund 100.000 Teilnehmerinnen und Teilnehmern sprach, waren es nach Sch\u00e4tzungen der Polizei zwischen 30.000 und 35.000 Menschen. Mehrere Zehntausend Menschen gingen am Samstagabend in Berlin auf die Stra\u00dfe. Mit einem &#8220;Lichtermeer&#8221; vor dem Brandenburger Tor [&hellip;]<\/p>\n","protected":false},"author":3,"featured_media":77225,"comment_status":"open","ping_status":"open","sticky":false,"template":"","format":"standard","meta":{"_yoast_indexnow_last_ping":["1737890824"],"wp_automatic_camp":["217"],"fca165db6c40e6b584ab29c50fe3cf5d":["&quot;Alle zusammen gegen den Faschismus&quot;:  Demonstration gegen &quot;Rechtsruck&quot;"],"original_link":["https:\/\/de.rt.com\/inland\/234417-alle-zusammen-gegen-faschismus-demonstration\/"],"_thumbnail_id":["77225"],"jnews_social_counter_last_update":["1777301767"],"_wptgpro_p2tg_sent2tg":["a:1:{i:23737;s:19:\"2025-01-26 13:28:11\";}"]},"categories":[19,23],"tags":[32282,48,30486,278,24399,33702,6580],"yoast_head":"<!-- This site is optimized with the Yoast SEO Premium plugin v22.7 (Yoast SEO v22.7) - https:\/\/yoast.com\/wordpress\/plugins\/seo\/ -->\n<title>&quot;Alle zusammen gegen den Faschismus&quot;: Demonstration gegen &quot;Rechtsruck&quot; - just-now.NEWS Deutschland<\/title>\n<meta name=\"robots\" content=\"index, follow, max-snippet:-1, max-image-preview:large, max-video-preview:-1\" \/>\n<link rel=\"canonical\" href=\"https:\/\/now-news.de\/de\/deutschland\/alle-zusammen-gegen-den-faschismus-demonstration-gegen-rechtsruck\/\" \/>\n<meta property=\"og:locale\" content=\"de_DE\" \/>\n<meta property=\"og:type\" content=\"article\" \/>\n<meta property=\"og:title\" content=\"&quot;Alle zusammen gegen den Faschismus&quot;: Demonstration gegen &quot;Rechtsruck&quot;\" \/>\n<meta property=\"og:description\" content=\"Mit einem &#8220;Lichtermeer&#8221; sollte vor dem Brandenburger Tor in Berlin ein Zeichen gegen &#8220;Rechts&#8221; gesetzt werden. W\u00e4hrend die Organisatoren von rund 100.000 Teilnehmerinnen und Teilnehmern sprach, waren es nach Sch\u00e4tzungen der Polizei zwischen 30.000 und 35.000 Menschen. Mehrere Zehntausend Menschen gingen am Samstagabend in Berlin auf die Stra\u00dfe. Mit einem &#8220;Lichtermeer&#8221; vor dem Brandenburger Tor [&hellip;]\" \/>\n<meta property=\"og:url\" content=\"https:\/\/now-news.de\/de\/deutschland\/alle-zusammen-gegen-den-faschismus-demonstration-gegen-rechtsruck\/\" \/>\n<meta property=\"og:site_name\" content=\"just-now.NEWS Deutschland\" \/>\n<meta property=\"article:publisher\" content=\"https:\/\/www.facebook.com\/wirmachenauf\" \/>\n<meta property=\"article:published_time\" content=\"2025-01-26T11:15:53+00:00\" \/>\n<meta property=\"og:image\" content=\"https:\/\/now-news.de\/de\/wp-content\/uploads\/sites\/3\/2025\/01\/67960c0848fbef525a07088a.jpg\" \/>\n<meta name=\"author\" content=\"rtnews\" \/>\n<meta name=\"twitter:card\" content=\"summary_large_image\" \/>\n<meta name=\"twitter:creator\" content=\"@WirMachenAuf_de\" \/>\n<meta name=\"twitter:site\" content=\"@WirMachenAuf_de\" \/>\n<meta name=\"twitter:label1\" content=\"Verfasst von\" \/>\n\t<meta name=\"twitter:data1\" content=\"rtnews\" \/>\n\t<meta name=\"twitter:label2\" content=\"Gesch\u00e4tzte Lesezeit\" \/>\n\t<meta name=\"twitter:data2\" content=\"2\u00a0Minuten\" \/>\n<script type=\"application\/ld+json\" class=\"yoast-schema-graph\">{\"@context\":\"https:\/\/schema.org\",\"@graph\":[{\"@type\":\"Article\",\"@id\":\"https:\/\/now-news.de\/de\/deutschland\/alle-zusammen-gegen-den-faschismus-demonstration-gegen-rechtsruck\/#article\",\"isPartOf\":{\"@id\":\"https:\/\/now-news.de\/de\/deutschland\/alle-zusammen-gegen-den-faschismus-demonstration-gegen-rechtsruck\/\"},\"author\":{\"name\":\"rtnews\",\"@id\":\"https:\/\/now-news.de\/de\/#\/schema\/person\/fb534a4e865501d8b3285208df34a9b5\"},\"headline\":\"&quot;Alle zusammen gegen den Faschismus&quot;: Demonstration gegen &quot;Rechtsruck&quot;\",\"datePublished\":\"2025-01-26T11:15:53+00:00\",\"dateModified\":\"2025-01-26T11:15:53+00:00\",\"mainEntityOfPage\":{\"@id\":\"https:\/\/now-news.de\/de\/deutschland\/alle-zusammen-gegen-den-faschismus-demonstration-gegen-rechtsruck\/\"},\"wordCount\":359,\"commentCount\":0,\"publisher\":{\"@id\":\"https:\/\/now-news.de\/de\/#organization\"},\"image\":{\"@id\":\"https:\/\/now-news.de\/de\/deutschland\/alle-zusammen-gegen-den-faschismus-demonstration-gegen-rechtsruck\/#primaryimage\"},\"thumbnailUrl\":\"https:\/\/now-news.de\/de\/wp-content\/uploads\/sites\/3\/2025\/01\/quotAlle-zusammen-gegen-den-Faschismusquot-Demonstration-gegen-quotRechtsruckquot.jpg\",\"keywords\":[\"Demonstration\",\"den\",\"Faschismusquot\",\"gegen\",\"quotAlle\",\"quotRechtsruckquot\",\"zusammen\"],\"articleSection\":[\"Deutschland\",\"Russland\"],\"inLanguage\":\"de\",\"potentialAction\":[{\"@type\":\"CommentAction\",\"name\":\"Comment\",\"target\":[\"https:\/\/now-news.de\/de\/deutschland\/alle-zusammen-gegen-den-faschismus-demonstration-gegen-rechtsruck\/#respond\"]}]},{\"@type\":\"WebPage\",\"@id\":\"https:\/\/now-news.de\/de\/deutschland\/alle-zusammen-gegen-den-faschismus-demonstration-gegen-rechtsruck\/\",\"url\":\"https:\/\/now-news.de\/de\/deutschland\/alle-zusammen-gegen-den-faschismus-demonstration-gegen-rechtsruck\/\",\"name\":\"&quot;Alle zusammen gegen den Faschismus&quot;: Demonstration gegen &quot;Rechtsruck&quot; - just-now.NEWS Deutschland\",\"isPartOf\":{\"@id\":\"https:\/\/now-news.de\/de\/#website\"},\"primaryImageOfPage\":{\"@id\":\"https:\/\/now-news.de\/de\/deutschland\/alle-zusammen-gegen-den-faschismus-demonstration-gegen-rechtsruck\/#primaryimage\"},\"image\":{\"@id\":\"https:\/\/now-news.de\/de\/deutschland\/alle-zusammen-gegen-den-faschismus-demonstration-gegen-rechtsruck\/#primaryimage\"},\"thumbnailUrl\":\"https:\/\/now-news.de\/de\/wp-content\/uploads\/sites\/3\/2025\/01\/quotAlle-zusammen-gegen-den-Faschismusquot-Demonstration-gegen-quotRechtsruckquot.jpg\",\"datePublished\":\"2025-01-26T11:15:53+00:00\",\"dateModified\":\"2025-01-26T11:15:53+00:00\",\"breadcrumb\":{\"@id\":\"https:\/\/now-news.de\/de\/deutschland\/alle-zusammen-gegen-den-faschismus-demonstration-gegen-rechtsruck\/#breadcrumb\"},\"inLanguage\":\"de\",\"potentialAction\":[{\"@type\":\"ReadAction\",\"target\":[\"https:\/\/now-news.de\/de\/deutschland\/alle-zusammen-gegen-den-faschismus-demonstration-gegen-rechtsruck\/\"]}]},{\"@type\":\"ImageObject\",\"inLanguage\":\"de\",\"@id\":\"https:\/\/now-news.de\/de\/deutschland\/alle-zusammen-gegen-den-faschismus-demonstration-gegen-rechtsruck\/#primaryimage\",\"url\":\"https:\/\/now-news.de\/de\/wp-content\/uploads\/sites\/3\/2025\/01\/quotAlle-zusammen-gegen-den-Faschismusquot-Demonstration-gegen-quotRechtsruckquot.jpg\",\"contentUrl\":\"https:\/\/now-news.de\/de\/wp-content\/uploads\/sites\/3\/2025\/01\/quotAlle-zusammen-gegen-den-Faschismusquot-Demonstration-gegen-quotRechtsruckquot.jpg\",\"width\":460,\"height\":259,\"caption\":\"&quot;Alle zusammen gegen den Faschismus&quot;: Demonstration gegen &quot;Rechtsruck&quot;\"},{\"@type\":\"BreadcrumbList\",\"@id\":\"https:\/\/now-news.de\/de\/deutschland\/alle-zusammen-gegen-den-faschismus-demonstration-gegen-rechtsruck\/#breadcrumb\",\"itemListElement\":[{\"@type\":\"ListItem\",\"position\":1,\"name\":\"Home\",\"item\":\"https:\/\/now-news.de\/de\/\"},{\"@type\":\"ListItem\",\"position\":2,\"name\":\"&quot;Alle zusammen gegen den Faschismus&quot;: Demonstration gegen &quot;Rechtsruck&quot;\"}]},{\"@type\":\"WebSite\",\"@id\":\"https:\/\/now-news.de\/de\/#website\",\"url\":\"https:\/\/now-news.de\/de\/\",\"name\":\"just-now.NEWS Deutschland\",\"description\":\"Das Portal f\u00fcr unzensierte Nachrichten aus der Welt\",\"publisher\":{\"@id\":\"https:\/\/now-news.de\/de\/#organization\"},\"potentialAction\":[{\"@type\":\"SearchAction\",\"target\":{\"@type\":\"EntryPoint\",\"urlTemplate\":\"https:\/\/now-news.de\/de\/?s={search_term_string}\"},\"query-input\":\"required name=search_term_string\"}],\"inLanguage\":\"de\"},{\"@type\":\"Organization\",\"@id\":\"https:\/\/now-news.de\/de\/#organization\",\"name\":\"Just Now News\",\"url\":\"https:\/\/now-news.de\/de\/\",\"logo\":{\"@type\":\"ImageObject\",\"inLanguage\":\"de\",\"@id\":\"https:\/\/now-news.de\/de\/#\/schema\/logo\/image\/\",\"url\":\"http:\/\/just-now.news\/de\/wp-content\/uploads\/sites\/3\/2022\/04\/logo500x500.jpg\",\"contentUrl\":\"http:\/\/just-now.news\/de\/wp-content\/uploads\/sites\/3\/2022\/04\/logo500x500.jpg\",\"width\":500,\"height\":500,\"caption\":\"Just Now News\"},\"image\":{\"@id\":\"https:\/\/now-news.de\/de\/#\/schema\/logo\/image\/\"},\"sameAs\":[\"https:\/\/www.facebook.com\/wirmachenauf\",\"https:\/\/x.com\/WirMachenAuf_de\"]},{\"@type\":\"Person\",\"@id\":\"https:\/\/now-news.de\/de\/#\/schema\/person\/fb534a4e865501d8b3285208df34a9b5\",\"name\":\"rtnews\",\"image\":{\"@type\":\"ImageObject\",\"inLanguage\":\"de\",\"@id\":\"https:\/\/now-news.de\/de\/#\/schema\/person\/image\/\",\"url\":\"https:\/\/secure.gravatar.com\/avatar\/82aafea7d8127119dd649515f56e2117?s=96&d=mm&r=g\",\"contentUrl\":\"https:\/\/secure.gravatar.com\/avatar\/82aafea7d8127119dd649515f56e2117?s=96&d=mm&r=g\",\"caption\":\"rtnews\"},\"url\":\"https:\/\/now-news.de\/de\/author\/rnews\/\"}]}<\/script>\n<!-- \/ Yoast SEO Premium plugin. -->","yoast_head_json":{"title":"&quot;Alle zusammen gegen den Faschismus&quot;: Demonstration gegen &quot;Rechtsruck&quot; - just-now.NEWS Deutschland","robots":{"index":"index","follow":"follow","max-snippet":"max-snippet:-1","max-image-preview":"max-image-preview:large","max-video-preview":"max-video-preview:-1"},"canonical":"https:\/\/now-news.de\/de\/deutschland\/alle-zusammen-gegen-den-faschismus-demonstration-gegen-rechtsruck\/","og_locale":"de_DE","og_type":"article","og_title":"&quot;Alle zusammen gegen den Faschismus&quot;: Demonstration gegen &quot;Rechtsruck&quot;","og_description":"Mit einem &#8220;Lichtermeer&#8221; sollte vor dem Brandenburger Tor in Berlin ein Zeichen gegen &#8220;Rechts&#8221; gesetzt werden. W\u00e4hrend die Organisatoren von rund 100.000 Teilnehmerinnen und Teilnehmern sprach, waren es nach Sch\u00e4tzungen der Polizei zwischen 30.000 und 35.000 Menschen. Mehrere Zehntausend Menschen gingen am Samstagabend in Berlin auf die Stra\u00dfe. Mit einem &#8220;Lichtermeer&#8221; vor dem Brandenburger Tor [&hellip;]","og_url":"https:\/\/now-news.de\/de\/deutschland\/alle-zusammen-gegen-den-faschismus-demonstration-gegen-rechtsruck\/","og_site_name":"just-now.NEWS Deutschland","article_publisher":"https:\/\/www.facebook.com\/wirmachenauf","article_published_time":"2025-01-26T11:15:53+00:00","og_image":[{"url":"https:\/\/now-news.de\/de\/wp-content\/uploads\/sites\/3\/2025\/01\/67960c0848fbef525a07088a.jpg"}],"author":"rtnews","twitter_card":"summary_large_image","twitter_creator":"@WirMachenAuf_de","twitter_site":"@WirMachenAuf_de","twitter_misc":{"Verfasst von":"rtnews","Gesch\u00e4tzte Lesezeit":"2\u00a0Minuten"},"schema":{"@context":"https:\/\/schema.org","@graph":[{"@type":"Article","@id":"https:\/\/now-news.de\/de\/deutschland\/alle-zusammen-gegen-den-faschismus-demonstration-gegen-rechtsruck\/#article","isPartOf":{"@id":"https:\/\/now-news.de\/de\/deutschland\/alle-zusammen-gegen-den-faschismus-demonstration-gegen-rechtsruck\/"},"author":{"name":"rtnews","@id":"https:\/\/now-news.de\/de\/#\/schema\/person\/fb534a4e865501d8b3285208df34a9b5"},"headline":"&quot;Alle zusammen gegen den Faschismus&quot;: Demonstration gegen &quot;Rechtsruck&quot;","datePublished":"2025-01-26T11:15:53+00:00","dateModified":"2025-01-26T11:15:53+00:00","mainEntityOfPage":{"@id":"https:\/\/now-news.de\/de\/deutschland\/alle-zusammen-gegen-den-faschismus-demonstration-gegen-rechtsruck\/"},"wordCount":359,"commentCount":0,"publisher":{"@id":"https:\/\/now-news.de\/de\/#organization"},"image":{"@id":"https:\/\/now-news.de\/de\/deutschland\/alle-zusammen-gegen-den-faschismus-demonstration-gegen-rechtsruck\/#primaryimage"},"thumbnailUrl":"https:\/\/now-news.de\/de\/wp-content\/uploads\/sites\/3\/2025\/01\/quotAlle-zusammen-gegen-den-Faschismusquot-Demonstration-gegen-quotRechtsruckquot.jpg","keywords":["Demonstration","den","Faschismusquot","gegen","quotAlle","quotRechtsruckquot","zusammen"],"articleSection":["Deutschland","Russland"],"inLanguage":"de","potentialAction":[{"@type":"CommentAction","name":"Comment","target":["https:\/\/now-news.de\/de\/deutschland\/alle-zusammen-gegen-den-faschismus-demonstration-gegen-rechtsruck\/#respond"]}]},{"@type":"WebPage","@id":"https:\/\/now-news.de\/de\/deutschland\/alle-zusammen-gegen-den-faschismus-demonstration-gegen-rechtsruck\/","url":"https:\/\/now-news.de\/de\/deutschland\/alle-zusammen-gegen-den-faschismus-demonstration-gegen-rechtsruck\/","name":"&quot;Alle zusammen gegen den Faschismus&quot;: Demonstration gegen &quot;Rechtsruck&quot; - just-now.NEWS Deutschland","isPartOf":{"@id":"https:\/\/now-news.de\/de\/#website"},"primaryImageOfPage":{"@id":"https:\/\/now-news.de\/de\/deutschland\/alle-zusammen-gegen-den-faschismus-demonstration-gegen-rechtsruck\/#primaryimage"},"image":{"@id":"https:\/\/now-news.de\/de\/deutschland\/alle-zusammen-gegen-den-faschismus-demonstration-gegen-rechtsruck\/#primaryimage"},"thumbnailUrl":"https:\/\/now-news.de\/de\/wp-content\/uploads\/sites\/3\/2025\/01\/quotAlle-zusammen-gegen-den-Faschismusquot-Demonstration-gegen-quotRechtsruckquot.jpg","datePublished":"2025-01-26T11:15:53+00:00","dateModified":"2025-01-26T11:15:53+00:00","breadcrumb":{"@id":"https:\/\/now-news.de\/de\/deutschland\/alle-zusammen-gegen-den-faschismus-demonstration-gegen-rechtsruck\/#breadcrumb"},"inLanguage":"de","potentialAction":[{"@type":"ReadAction","target":["https:\/\/now-news.de\/de\/deutschland\/alle-zusammen-gegen-den-faschismus-demonstration-gegen-rechtsruck\/"]}]},{"@type":"ImageObject","inLanguage":"de","@id":"https:\/\/now-news.de\/de\/deutschland\/alle-zusammen-gegen-den-faschismus-demonstration-gegen-rechtsruck\/#primaryimage","url":"https:\/\/now-news.de\/de\/wp-content\/uploads\/sites\/3\/2025\/01\/quotAlle-zusammen-gegen-den-Faschismusquot-Demonstration-gegen-quotRechtsruckquot.jpg","contentUrl":"https:\/\/now-news.de\/de\/wp-content\/uploads\/sites\/3\/2025\/01\/quotAlle-zusammen-gegen-den-Faschismusquot-Demonstration-gegen-quotRechtsruckquot.jpg","width":460,"height":259,"caption":"&quot;Alle zusammen gegen den Faschismus&quot;: Demonstration gegen &quot;Rechtsruck&quot;"},{"@type":"BreadcrumbList","@id":"https:\/\/now-news.de\/de\/deutschland\/alle-zusammen-gegen-den-faschismus-demonstration-gegen-rechtsruck\/#breadcrumb","itemListElement":[{"@type":"ListItem","position":1,"name":"Home","item":"https:\/\/now-news.de\/de\/"},{"@type":"ListItem","position":2,"name":"&quot;Alle zusammen gegen den Faschismus&quot;: Demonstration gegen &quot;Rechtsruck&quot;"}]},{"@type":"WebSite","@id":"https:\/\/now-news.de\/de\/#website","url":"https:\/\/now-news.de\/de\/","name":"just-now.NEWS Deutschland","description":"Das Portal f\u00fcr unzensierte Nachrichten aus der Welt","publisher":{"@id":"https:\/\/now-news.de\/de\/#organization"},"potentialAction":[{"@type":"SearchAction","target":{"@type":"EntryPoint","urlTemplate":"https:\/\/now-news.de\/de\/?s={search_term_string}"},"query-input":"required name=search_term_string"}],"inLanguage":"de"},{"@type":"Organization","@id":"https:\/\/now-news.de\/de\/#organization","name":"Just Now News","url":"https:\/\/now-news.de\/de\/","logo":{"@type":"ImageObject","inLanguage":"de","@id":"https:\/\/now-news.de\/de\/#\/schema\/logo\/image\/","url":"http:\/\/just-now.news\/de\/wp-content\/uploads\/sites\/3\/2022\/04\/logo500x500.jpg","contentUrl":"http:\/\/just-now.news\/de\/wp-content\/uploads\/sites\/3\/2022\/04\/logo500x500.jpg","width":500,"height":500,"caption":"Just Now News"},"image":{"@id":"https:\/\/now-news.de\/de\/#\/schema\/logo\/image\/"},"sameAs":["https:\/\/www.facebook.com\/wirmachenauf","https:\/\/x.com\/WirMachenAuf_de"]},{"@type":"Person","@id":"https:\/\/now-news.de\/de\/#\/schema\/person\/fb534a4e865501d8b3285208df34a9b5","name":"rtnews","image":{"@type":"ImageObject","inLanguage":"de","@id":"https:\/\/now-news.de\/de\/#\/schema\/person\/image\/","url":"https:\/\/secure.gravatar.com\/avatar\/82aafea7d8127119dd649515f56e2117?s=96&d=mm&r=g","contentUrl":"https:\/\/secure.gravatar.com\/avatar\/82aafea7d8127119dd649515f56e2117?s=96&d=mm&r=g","caption":"rtnews"},"url":"https:\/\/now-news.de\/de\/author\/rnews\/"}]}},"_links":{"self":[{"href":"https:\/\/now-news.de\/de\/wp-json\/wp\/v2\/posts\/77224"}],"collection":[{"href":"https:\/\/now-news.de\/de\/wp-json\/wp\/v2\/posts"}],"about":[{"href":"https:\/\/now-news.de\/de\/wp-json\/wp\/v2\/types\/post"}],"author":[{"embeddable":true,"href":"https:\/\/now-news.de\/de\/wp-json\/wp\/v2\/users\/3"}],"replies":[{"embeddable":true,"href":"https:\/\/now-news.de\/de\/wp-json\/wp\/v2\/comments?post=77224"}],"version-history":[{"count":0,"href":"https:\/\/now-news.de\/de\/wp-json\/wp\/v2\/posts\/77224\/revisions"}],"wp:featuredmedia":[{"embeddable":true,"href":"https:\/\/now-news.de\/de\/wp-json\/wp\/v2\/media\/77225"}],"wp:attachment":[{"href":"https:\/\/now-news.de\/de\/wp-json\/wp\/v2\/media?parent=77224"}],"wp:term":[{"taxonomy":"category","embeddable":true,"href":"https:\/\/now-news.de\/de\/wp-json\/wp\/v2\/categories?post=77224"},{"taxonomy":"post_tag","embeddable":true,"href":"https:\/\/now-news.de\/de\/wp-json\/wp\/v2\/tags?post=77224"}],"curies":[{"name":"wp","href":"https:\/\/api.w.org\/{rel}","templated":true}]}}