{"id":77186,"date":"2025-01-25T19:28:53","date_gmt":"2025-01-25T17:28:53","guid":{"rendered":"https:\/\/now-news.de\/de\/deutschland\/saskia-esken-reguliert-migration-und-verordnet-schweigen\/"},"modified":"2025-01-25T19:28:53","modified_gmt":"2025-01-25T17:28:53","slug":"saskia-esken-reguliert-migration-und-verordnet-schweigen","status":"publish","type":"post","link":"https:\/\/now-news.de\/de\/deutschland\/saskia-esken-reguliert-migration-und-verordnet-schweigen\/","title":{"rendered":"Saskia Esken reguliert Migration \u2013 und verordnet Schweigen"},"content":{"rendered":"<p><img decoding=\"async\" src=\"https:\/\/now-news.de\/de\/wp-content\/uploads\/sites\/3\/2025\/01\/6793ea3a48fbef6afb247bc4.jpg\" \/><\/p>\n<div class=\"Text-root Text-type_1 \">\n                Durch sonderlich gute Ideen ist sie nie aufgefallen, die SPD-Chefin Saskia Esken, aber das muss man bei der heutigen SPD vermutlich auch nicht mehr. Daf\u00fcr gibt sie jetzt S\u00e4tze von sich, die in tiefere Abgr\u00fcnde blicken lassen, als Frau Esken lieb sein mag.\n            <\/div>\n<p><\/p>\n<div class=\"Text-root Text-type_5 ArticleView-text ViewText-root \">\n<p><em>Von Dagmar Henn<\/em><\/p>\n<p>Ganz toll, Frau Esken. So wird das gehen. Wir tun einfach so, als w\u00e4re da nichts. Wird schon gut gehen. Jeder wei\u00df doch, dass die beste L\u00f6sung f\u00fcr Probleme darin besteht, nicht dar\u00fcber zu reden.<\/p>\n<p>Es gibt ein altes Zitat von Ferdinand Lassalle, das Rosa Luxemburg gerne anf\u00fchrte (und das sich der <em>Spiegel<\/em>-Gr\u00fcnder Rudolf Augstein verk\u00fcrzt und ohne Quellenangabe klaute):<\/p>\n<p><em>&#8220;Wie Lassalle sagte, ist und bleibt die revolution\u00e4rste Tat, immer &#8216;das laut zu sagen, was ist&#8217;.&#8221;<\/em><\/p>\n<p>Klar, ist lange her, und wie soll sich eine heutige SPD-Chefin noch an Ferdinand Lassalle erinnern, wo doch schon Willy Brandt so weit weg ist\u00a0\u2026<\/p>\n<p>Dabei ist das von Anfang bis Ende das Kernproblem der ganzen deutschen Migrationsgeschichte. Immer, wenn wirklich entschieden wurde, hatten die B\u00fcrger des Landes nichts zu sagen. So war das zuletzt 2015, als Angela Merkel &#8220;hoch die T\u00fcr&#8221; spielte, aber so war es auch davor. Weil es nie wirklich offen ausgehandelt wurde, wurde dann das Publikum fein s\u00e4uberlich in Gut und B\u00f6se geteilt, zwischen den beiden Optionen, alles zu begr\u00fc\u00dfen, oder, eben um den Preis, zu den B\u00f6sen gez\u00e4hlt zu werden, abzulehnen.<\/p>\n<p>Ja, doch, Sie haben das wirklich <a rel=\"nofollow noopener\" target=\"_blank\" href=\"https:\/\/www.berliner-zeitung.de\/politik-gesellschaft\/spd-chefin-esken-politiker-sollten-nicht-so-viel-ueber-das-thema-migration-sprechen-li.2291194\">gesagt<\/a>. Die Politik solle &#8220;nicht zu viel \u00fcber das Thema Migration sprechen, weil das als Problem empfunden wird.&#8221;<\/p>\n<p>Nur als kleine Nebenfrage, Frau Esken \u2013 was halten Sie eigentlich f\u00fcr Ihre Aufgabe, so als Politikerin? Wenn es nicht die L\u00f6sung von Problemen ist? Halleluja singen und Harfe zupfen? Man k\u00f6nne &#8220;das Thema durch eine verantwortungsvolle Politik in den Griff bekommen&#8221;, wenn &#8220;wir es nicht mehr hochziehen&#8221;.<\/p>\n<p>Super Idee. Und so voll demokratisch. Weil Politik ja, das wissen wir schlie\u00dflich seit Frau Baerbocks Einlassungen, einfach nichts mit dem zu tun hat, &#8220;was die W\u00e4hler denken&#8221;? Welche Legitimation hat denn in Ihren Augen dann die besagte Politik, wenn nicht durch die W\u00e4hler? Reicht BlackRock oder muss da der liebe Herrgott einstehen wie fr\u00fcher bei F\u00fcrsten?<\/p>\n<p>Vorausgesetzt, Sie haben nur einen Hauch demokratischer Rest\u00fcberzeugung, kann das &#8220;wir&#8221; im Umgang mit Problemen, die das ganze Land betreffen, doch nur das deutsche Volk sein, oder gibt es da ein Geheimkabinett, das \u00fcber alles entscheidet, weil es so viel kl\u00fcger ist als die dumme Masse?<\/p>\n<p>Ehrlich gesagt, die Politiker der letzten Jahrzehnte waren doch wohl eher Tiefflieger mit sich verst\u00e4rkender Tendenz, und man m\u00f6chte sich gar nicht mehr vorstellen m\u00fcssen, wie das nach der Ampel weitergeht. Aber je d\u00fcmmer die verf\u00fcgbaren Politiker werden, desto gr\u00f6\u00dfer ist ihre Abscheu vor dem P\u00f6bel.<\/p>\n<p>Ja, genau das geben Sie damit zu erkennen, Frau Esken. Dabei kann man sogar wissenschaftlich belegen, dass die Deutschen so b\u00f6se gar nicht sind. Wie viele Kirchengemeinden im schw\u00e4rzesten Bayern haben bei Wahlen f\u00fcr strengere Einwanderungsregeln gestimmt, aber &#8220;ihre&#8221; Asylsuchenden mit Z\u00e4hnen und Klauen besch\u00fctzt? Die Unterstellung, die in Ihren S\u00e4tzen mitschwingt, h\u00e4tte fr\u00fcher einmal, als die SPD sich zumindest noch als Arbeiterpartei begriff, wenn schon nicht mehr als Partei der Arbeiterklasse, zu einem baldigen Ausschluss gef\u00fchrt. Aber dieser reaktion\u00e4re, kriegsl\u00fcsterne Haufen Kleinb\u00fcrger, der unter Ihrer F\u00fchrung gerade noch den letzten Rest W\u00fcrde dieser \u00e4ltesten deutschen Partei in den Dreck tritt, teilt vermutlich Ihre \u00dcberzeugung und h\u00e4lt sich f\u00fcr die Krone der Welt, weshalb man auch gerne daf\u00fcr ist, alle anderen zum Schweigen zu bringen.<\/p>\n<p>Erinnern Sie sich noch an Silvester 2015 in K\u00f6ln? Als monatelang jeder, der auch nur andeutete, da k\u00f6nnte was passiert sein, zum Nazi erkl\u00e4rt wurde? Es ist nicht das Schweigen dar\u00fcber, das Probleme zum Verschwinden bringt, sondern das Dar\u00fcbersprechen. H\u00e4tte man ganz am Anfang, n\u00e4mlich bereits im Herbst 2014, offen \u00fcber die Probleme geredet, die sich in den Unterk\u00fcnften zeigten, w\u00e4re dem ganzen Land viel erspart geblieben. Die \u00dcbergriffe gegen Frauen fingen n\u00e4mlich dort an und h\u00e4tten vermutlich weitgehend dort geendet, wenn jemand reagiert h\u00e4tte. Aber es war viel zu wichtig, \u00fcber dieses Problem zu schweigen, weil man ja die &#8220;Willkommenskultur&#8221; nicht durch zu viel Wirklichkeit st\u00f6ren wollte, und mit der Silvesternacht 2015 machte man so weiter.<\/p>\n<p>Was ist bitte b\u00f6se daran, wenn viele Menschen erwarten, die deutschen Grenzen f\u00fcr Asylbewerber zu schlie\u00dfen? Links, rechts, oben, unten sind lauter EU-L\u00e4nder. Da hat man schlicht die deutsche Gesetzeslage ignoriert und holt sich die Begr\u00fcndung daf\u00fcr von der EU, die das nun einmal nicht erlauben w\u00fcrde. Schon einmal geh\u00f6rt, Frau Esken, dass der Lissabon-Vertrag, der der EU diese ganzen Entscheidungsrechte verleiht, nicht durch einen Volksentscheid best\u00e4tigt wurde? Es wurde ein Vertrag, weil das ganze Ding als Verfassung durchgefallen war\u00a0\u2013 in Frankreich beispielsweise \u2013 sollte es den Menschen aber trotzdem aufgedr\u00fcckt werden.<\/p>\n<p>Ja, das ist genau diese Art von Politik, die dieses eigenartige &#8220;wir&#8221;, das &#8220;nicht mehr hochziehen&#8221; soll, betreibt, und die alles so toll &#8220;in den Griff bekommt&#8221;. Ehrlich, dieses Spiel wird seit mehr als zehn Jahren gespielt, und im Griff ist gar nichts. Da gibt es Leute, die seit zehn Jahren nur in Notunterk\u00fcnften hausen. Ist das &#8220;in den Griff bekommen&#8221;? Die Bildung verlottert, weil einfach niemand mit so vielen Kindern umgehen kann, die kein Deutsch sprechen. Macht nichts, wenn wir nicht dar\u00fcber reden, wird schon nichts passieren.<\/p>\n<p>Sie wollen, &#8220;dass die sogenannte irregul\u00e4re Migration in geordneten Bahnen verl\u00e4uft&#8221;. Noch so ein Wortspiel, \u00e4hnlich pervers wie diese Formulierung von zwei Prozent vom BIP f\u00fcr die R\u00fcstung, hinter der sich 20 Prozent vom Bundeshaushalt verbergen. Irregul\u00e4r? Ja, putzig, dieses Wort findet sich seit Neuestem auch in allen deutschen Berichten \u00fcber die USA, aber es geht am Problem vorbei. Wir reden hier n\u00e4mlich von illegaler Einwanderung, nicht von &#8220;irregul\u00e4rer&#8221;. Nur: Illegal in geordneten Bahnen, das geht vielleicht bei der Korruption in der EU, aber bei Einwanderung will das nicht so recht funktionieren.<\/p>\n<p>Der Punkt ist nur, daf\u00fcr, diese ganze illegale Einwanderung f\u00fcr legal zu erkl\u00e4ren, g\u00e4be es einfach keine Mehrheit. So was von. Weshalb man ein neues Wort erfinden musste. Irregul\u00e4r eben, damit niemand dabei daran denkt, dass da etwas eigentlich Unerlaubtes passiert ist. Ja, liebe Frau Esken, was meinen Sie denn, wenn Sie so etwas in\u00a0\u2013 sagen wir mal \u2013 Brasilien versuchen? Illegal eingereist? Noch lustiger wird es, wenn Sie das in einem afrikanischen Staat versuchen wollten. Die finden das nicht lustig.<\/p>\n<p>Ganz ehrlich, wenn es eines gibt, das vorz\u00fcglich dazu beitr\u00e4gt, aus einem kleinen Problem ein gro\u00dfes zu machen, dann ist es, nicht dar\u00fcber zu reden. Und erst recht, jeden Trick zu versuchen, dass die B\u00fcrger nichts mitzuschnabeln haben. Denn so f\u00fchlt sich eigentlich jeder \u00fcber den Tisch gezogen, und der Moment, in dem sich die Menschen mal wirklich einigen k\u00f6nnten, tritt nie ein\u00a0\u2013 schon gar nicht, wenn vor dem Reden hundert Redeverbote stehen.<\/p>\n<p>Aber es geht gar nicht darum, nicht \u00fcber Migrationsprobleme zu reden, habe ich recht? Dahinter stehen so viele andere Dinge, \u00fcber die man erst recht nicht reden soll: Wer von dem ganzen Elend profitiert, beispielsweise. Oder warum manche Menschen pl\u00f6tzlich wahnsinnig willkommen sind, wenn gerade unser Land mit dabei ist, ihr Land zu zerst\u00f6ren. Das hatten wir im Fall von Syrien, und jetzt wieder bei der Ukraine. Oder wieso immer, wenn man den Anspruch erhebt, in Deutschland anst\u00e4ndig leben zu wollen, in Sicherheit, mit L\u00f6hnen und Renten, die zum Leben reichen, dieses Moraldings in die H\u00f6he gehoben wird. Und wenn auch nur ansatzweise erw\u00e4hnt wird, dass die Migration dazu beitr\u00e4gt, dass dem nicht so ist (was ja noch lange keine Aussage dar\u00fcber ist, wer das betreibt; aber irgendwelche Jugendlichen aus Nordafrika sind das sicher nicht), gleich der Vorwurf kommt, man sei rassistisch. Und \u00fcberhaupt, warum das Ganze so funktioniert, wie einst der Spruch beim Mittagessen, man solle doch an die armen hungernden Kinder in Indien denken. Kurz gesagt, halte die Klappe und beschwer dich nicht, anderen geht es schlie\u00dflich noch schlechter, schau hier\u00a0\u2026<\/p>\n<p>Das ist einfach nur verkommen, Frau Esken. Heuchlerisch, verlogen und hinterlistig. Doch vielleicht habe ich gerade einen gro\u00dfen Fehler gemacht, weil ich \u00fcber Sie geredet habe. Denn wenn es nach Ihnen geht, m\u00fcsste ich nur \u00fcber Sie schweigen, dann gehen Sie irgendwie von allein weg, wie von Zauberhand. Schade, w\u00e4re eine sch\u00f6ne Idee gewesen.<\/p>\n<p><strong>Mehr zum Thema<\/strong> \u2013 <a rel=\"nofollow noopener\" target=\"_blank\" href=\"https:\/\/freedert.online\/meinung\/223497-eu-streitet-weiter-ueber-migration\/\">Die EU streitet weiter \u00fcber Migration \u2013 und der Gegenwind wird st\u00e4rker <\/a><\/p>\n<div class=\"EmbedBlock-root EmbedBlock-externalVideo EmbedBlock-rumble\">\n<div class=\"VkEmbed\"><iframe class=\"lazyload\" data-src=\"https:\/\/rumble.com\/embed\/v6afqgd\" frameborder=\"0\" width=\"853\" height=\"480\" allowfullscreen><\/iframe><\/div>\n<\/div>\n<\/div>\n<p><br \/>\n<br \/><a href=\"https:\/\/de.rt.com\/meinung\/234264-saskia-esken-reguliert-migration-und\/\">Source link <\/a><\/p>\n","protected":false},"excerpt":{"rendered":"<p>Durch sonderlich gute Ideen ist sie nie aufgefallen, die SPD-Chefin Saskia Esken, aber das muss man bei der heutigen SPD vermutlich auch nicht mehr. Daf\u00fcr gibt sie jetzt S\u00e4tze von sich, die in tiefere Abgr\u00fcnde blicken lassen, als Frau Esken lieb sein mag. Von Dagmar Henn Ganz toll, Frau Esken. So wird das gehen. Wir [&hellip;]<\/p>\n","protected":false},"author":3,"featured_media":77187,"comment_status":"open","ping_status":"open","sticky":false,"template":"","format":"standard","meta":{"_yoast_indexnow_last_ping":["1737826323"],"wp_automatic_camp":["217"],"f1235b7a820678a24da7912f8d73da0e":["Saskia Esken reguliert Migration \u2013 und verordnet Schweigen"],"original_link":["https:\/\/de.rt.com\/meinung\/234264-saskia-esken-reguliert-migration-und\/"],"jnews_social_counter_last_update":["1777134473"],"_thumbnail_id":["77187"],"_wptgpro_p2tg_sent2tg":["a:1:{i:23737;s:19:\"2025-01-25 19:33:05\";}"]},"categories":[19,23],"tags":[24077,28536,43634,51409,7393,140,47342],"yoast_head":"<!-- This site is optimized with the Yoast SEO Premium plugin v22.7 (Yoast SEO v22.7) - https:\/\/yoast.com\/wordpress\/plugins\/seo\/ -->\n<title>Saskia Esken reguliert Migration \u2013 und verordnet Schweigen - just-now.NEWS Deutschland<\/title>\n<meta name=\"robots\" content=\"index, follow, max-snippet:-1, max-image-preview:large, max-video-preview:-1\" \/>\n<link rel=\"canonical\" href=\"https:\/\/now-news.de\/de\/deutschland\/saskia-esken-reguliert-migration-und-verordnet-schweigen\/\" \/>\n<meta property=\"og:locale\" content=\"de_DE\" \/>\n<meta property=\"og:type\" content=\"article\" \/>\n<meta property=\"og:title\" content=\"Saskia Esken reguliert Migration \u2013 und verordnet Schweigen\" \/>\n<meta property=\"og:description\" content=\"Durch sonderlich gute Ideen ist sie nie aufgefallen, die SPD-Chefin Saskia Esken, aber das muss man bei der heutigen SPD vermutlich auch nicht mehr. Daf\u00fcr gibt sie jetzt S\u00e4tze von sich, die in tiefere Abgr\u00fcnde blicken lassen, als Frau Esken lieb sein mag. Von Dagmar Henn Ganz toll, Frau Esken. So wird das gehen. Wir [&hellip;]\" \/>\n<meta property=\"og:url\" content=\"https:\/\/now-news.de\/de\/deutschland\/saskia-esken-reguliert-migration-und-verordnet-schweigen\/\" \/>\n<meta property=\"og:site_name\" content=\"just-now.NEWS Deutschland\" \/>\n<meta property=\"article:publisher\" content=\"https:\/\/www.facebook.com\/wirmachenauf\" \/>\n<meta property=\"article:published_time\" content=\"2025-01-25T17:28:53+00:00\" \/>\n<meta property=\"og:image\" content=\"https:\/\/now-news.de\/de\/wp-content\/uploads\/sites\/3\/2025\/01\/6793ea3a48fbef6afb247bc4.jpg\" \/>\n<meta name=\"author\" content=\"rtnews\" \/>\n<meta name=\"twitter:card\" content=\"summary_large_image\" \/>\n<meta name=\"twitter:creator\" content=\"@WirMachenAuf_de\" \/>\n<meta name=\"twitter:site\" content=\"@WirMachenAuf_de\" \/>\n<meta name=\"twitter:label1\" content=\"Verfasst von\" \/>\n\t<meta name=\"twitter:data1\" content=\"rtnews\" \/>\n\t<meta name=\"twitter:label2\" content=\"Gesch\u00e4tzte Lesezeit\" \/>\n\t<meta name=\"twitter:data2\" content=\"7\u00a0Minuten\" \/>\n<script type=\"application\/ld+json\" class=\"yoast-schema-graph\">{\"@context\":\"https:\/\/schema.org\",\"@graph\":[{\"@type\":\"Article\",\"@id\":\"https:\/\/now-news.de\/de\/deutschland\/saskia-esken-reguliert-migration-und-verordnet-schweigen\/#article\",\"isPartOf\":{\"@id\":\"https:\/\/now-news.de\/de\/deutschland\/saskia-esken-reguliert-migration-und-verordnet-schweigen\/\"},\"author\":{\"name\":\"rtnews\",\"@id\":\"https:\/\/now-news.de\/de\/#\/schema\/person\/fb534a4e865501d8b3285208df34a9b5\"},\"headline\":\"Saskia Esken reguliert Migration \u2013 und verordnet Schweigen\",\"datePublished\":\"2025-01-25T17:28:53+00:00\",\"dateModified\":\"2025-01-25T17:28:53+00:00\",\"mainEntityOfPage\":{\"@id\":\"https:\/\/now-news.de\/de\/deutschland\/saskia-esken-reguliert-migration-und-verordnet-schweigen\/\"},\"wordCount\":1480,\"commentCount\":0,\"publisher\":{\"@id\":\"https:\/\/now-news.de\/de\/#organization\"},\"image\":{\"@id\":\"https:\/\/now-news.de\/de\/deutschland\/saskia-esken-reguliert-migration-und-verordnet-schweigen\/#primaryimage\"},\"thumbnailUrl\":\"https:\/\/now-news.de\/de\/wp-content\/uploads\/sites\/3\/2025\/01\/Saskia-Esken-reguliert-Migration-\u2013-und-verordnet-Schweigen.jpg\",\"keywords\":[\"Esken\",\"Migration\",\"reguliert\",\"Saskia\",\"Schweigen\",\"und\",\"verordnet\"],\"articleSection\":[\"Deutschland\",\"Russland\"],\"inLanguage\":\"de\",\"potentialAction\":[{\"@type\":\"CommentAction\",\"name\":\"Comment\",\"target\":[\"https:\/\/now-news.de\/de\/deutschland\/saskia-esken-reguliert-migration-und-verordnet-schweigen\/#respond\"]}]},{\"@type\":\"WebPage\",\"@id\":\"https:\/\/now-news.de\/de\/deutschland\/saskia-esken-reguliert-migration-und-verordnet-schweigen\/\",\"url\":\"https:\/\/now-news.de\/de\/deutschland\/saskia-esken-reguliert-migration-und-verordnet-schweigen\/\",\"name\":\"Saskia Esken reguliert Migration \u2013 und verordnet Schweigen - just-now.NEWS Deutschland\",\"isPartOf\":{\"@id\":\"https:\/\/now-news.de\/de\/#website\"},\"primaryImageOfPage\":{\"@id\":\"https:\/\/now-news.de\/de\/deutschland\/saskia-esken-reguliert-migration-und-verordnet-schweigen\/#primaryimage\"},\"image\":{\"@id\":\"https:\/\/now-news.de\/de\/deutschland\/saskia-esken-reguliert-migration-und-verordnet-schweigen\/#primaryimage\"},\"thumbnailUrl\":\"https:\/\/now-news.de\/de\/wp-content\/uploads\/sites\/3\/2025\/01\/Saskia-Esken-reguliert-Migration-\u2013-und-verordnet-Schweigen.jpg\",\"datePublished\":\"2025-01-25T17:28:53+00:00\",\"dateModified\":\"2025-01-25T17:28:53+00:00\",\"breadcrumb\":{\"@id\":\"https:\/\/now-news.de\/de\/deutschland\/saskia-esken-reguliert-migration-und-verordnet-schweigen\/#breadcrumb\"},\"inLanguage\":\"de\",\"potentialAction\":[{\"@type\":\"ReadAction\",\"target\":[\"https:\/\/now-news.de\/de\/deutschland\/saskia-esken-reguliert-migration-und-verordnet-schweigen\/\"]}]},{\"@type\":\"ImageObject\",\"inLanguage\":\"de\",\"@id\":\"https:\/\/now-news.de\/de\/deutschland\/saskia-esken-reguliert-migration-und-verordnet-schweigen\/#primaryimage\",\"url\":\"https:\/\/now-news.de\/de\/wp-content\/uploads\/sites\/3\/2025\/01\/Saskia-Esken-reguliert-Migration-\u2013-und-verordnet-Schweigen.jpg\",\"contentUrl\":\"https:\/\/now-news.de\/de\/wp-content\/uploads\/sites\/3\/2025\/01\/Saskia-Esken-reguliert-Migration-\u2013-und-verordnet-Schweigen.jpg\",\"width\":460,\"height\":259,\"caption\":\"Saskia Esken reguliert Migration \u2013 und verordnet Schweigen\"},{\"@type\":\"BreadcrumbList\",\"@id\":\"https:\/\/now-news.de\/de\/deutschland\/saskia-esken-reguliert-migration-und-verordnet-schweigen\/#breadcrumb\",\"itemListElement\":[{\"@type\":\"ListItem\",\"position\":1,\"name\":\"Home\",\"item\":\"https:\/\/now-news.de\/de\/\"},{\"@type\":\"ListItem\",\"position\":2,\"name\":\"Saskia Esken reguliert Migration \u2013 und verordnet Schweigen\"}]},{\"@type\":\"WebSite\",\"@id\":\"https:\/\/now-news.de\/de\/#website\",\"url\":\"https:\/\/now-news.de\/de\/\",\"name\":\"just-now.NEWS Deutschland\",\"description\":\"Das Portal f\u00fcr unzensierte Nachrichten aus der Welt\",\"publisher\":{\"@id\":\"https:\/\/now-news.de\/de\/#organization\"},\"potentialAction\":[{\"@type\":\"SearchAction\",\"target\":{\"@type\":\"EntryPoint\",\"urlTemplate\":\"https:\/\/now-news.de\/de\/?s={search_term_string}\"},\"query-input\":\"required name=search_term_string\"}],\"inLanguage\":\"de\"},{\"@type\":\"Organization\",\"@id\":\"https:\/\/now-news.de\/de\/#organization\",\"name\":\"Just Now News\",\"url\":\"https:\/\/now-news.de\/de\/\",\"logo\":{\"@type\":\"ImageObject\",\"inLanguage\":\"de\",\"@id\":\"https:\/\/now-news.de\/de\/#\/schema\/logo\/image\/\",\"url\":\"http:\/\/just-now.news\/de\/wp-content\/uploads\/sites\/3\/2022\/04\/logo500x500.jpg\",\"contentUrl\":\"http:\/\/just-now.news\/de\/wp-content\/uploads\/sites\/3\/2022\/04\/logo500x500.jpg\",\"width\":500,\"height\":500,\"caption\":\"Just Now News\"},\"image\":{\"@id\":\"https:\/\/now-news.de\/de\/#\/schema\/logo\/image\/\"},\"sameAs\":[\"https:\/\/www.facebook.com\/wirmachenauf\",\"https:\/\/x.com\/WirMachenAuf_de\"]},{\"@type\":\"Person\",\"@id\":\"https:\/\/now-news.de\/de\/#\/schema\/person\/fb534a4e865501d8b3285208df34a9b5\",\"name\":\"rtnews\",\"image\":{\"@type\":\"ImageObject\",\"inLanguage\":\"de\",\"@id\":\"https:\/\/now-news.de\/de\/#\/schema\/person\/image\/\",\"url\":\"https:\/\/secure.gravatar.com\/avatar\/82aafea7d8127119dd649515f56e2117?s=96&d=mm&r=g\",\"contentUrl\":\"https:\/\/secure.gravatar.com\/avatar\/82aafea7d8127119dd649515f56e2117?s=96&d=mm&r=g\",\"caption\":\"rtnews\"},\"url\":\"https:\/\/now-news.de\/de\/author\/rnews\/\"}]}<\/script>\n<!-- \/ Yoast SEO Premium plugin. -->","yoast_head_json":{"title":"Saskia Esken reguliert Migration \u2013 und verordnet Schweigen - just-now.NEWS Deutschland","robots":{"index":"index","follow":"follow","max-snippet":"max-snippet:-1","max-image-preview":"max-image-preview:large","max-video-preview":"max-video-preview:-1"},"canonical":"https:\/\/now-news.de\/de\/deutschland\/saskia-esken-reguliert-migration-und-verordnet-schweigen\/","og_locale":"de_DE","og_type":"article","og_title":"Saskia Esken reguliert Migration \u2013 und verordnet Schweigen","og_description":"Durch sonderlich gute Ideen ist sie nie aufgefallen, die SPD-Chefin Saskia Esken, aber das muss man bei der heutigen SPD vermutlich auch nicht mehr. Daf\u00fcr gibt sie jetzt S\u00e4tze von sich, die in tiefere Abgr\u00fcnde blicken lassen, als Frau Esken lieb sein mag. Von Dagmar Henn Ganz toll, Frau Esken. So wird das gehen. Wir [&hellip;]","og_url":"https:\/\/now-news.de\/de\/deutschland\/saskia-esken-reguliert-migration-und-verordnet-schweigen\/","og_site_name":"just-now.NEWS Deutschland","article_publisher":"https:\/\/www.facebook.com\/wirmachenauf","article_published_time":"2025-01-25T17:28:53+00:00","og_image":[{"url":"https:\/\/now-news.de\/de\/wp-content\/uploads\/sites\/3\/2025\/01\/6793ea3a48fbef6afb247bc4.jpg"}],"author":"rtnews","twitter_card":"summary_large_image","twitter_creator":"@WirMachenAuf_de","twitter_site":"@WirMachenAuf_de","twitter_misc":{"Verfasst von":"rtnews","Gesch\u00e4tzte Lesezeit":"7\u00a0Minuten"},"schema":{"@context":"https:\/\/schema.org","@graph":[{"@type":"Article","@id":"https:\/\/now-news.de\/de\/deutschland\/saskia-esken-reguliert-migration-und-verordnet-schweigen\/#article","isPartOf":{"@id":"https:\/\/now-news.de\/de\/deutschland\/saskia-esken-reguliert-migration-und-verordnet-schweigen\/"},"author":{"name":"rtnews","@id":"https:\/\/now-news.de\/de\/#\/schema\/person\/fb534a4e865501d8b3285208df34a9b5"},"headline":"Saskia Esken reguliert Migration \u2013 und verordnet Schweigen","datePublished":"2025-01-25T17:28:53+00:00","dateModified":"2025-01-25T17:28:53+00:00","mainEntityOfPage":{"@id":"https:\/\/now-news.de\/de\/deutschland\/saskia-esken-reguliert-migration-und-verordnet-schweigen\/"},"wordCount":1480,"commentCount":0,"publisher":{"@id":"https:\/\/now-news.de\/de\/#organization"},"image":{"@id":"https:\/\/now-news.de\/de\/deutschland\/saskia-esken-reguliert-migration-und-verordnet-schweigen\/#primaryimage"},"thumbnailUrl":"https:\/\/now-news.de\/de\/wp-content\/uploads\/sites\/3\/2025\/01\/Saskia-Esken-reguliert-Migration-\u2013-und-verordnet-Schweigen.jpg","keywords":["Esken","Migration","reguliert","Saskia","Schweigen","und","verordnet"],"articleSection":["Deutschland","Russland"],"inLanguage":"de","potentialAction":[{"@type":"CommentAction","name":"Comment","target":["https:\/\/now-news.de\/de\/deutschland\/saskia-esken-reguliert-migration-und-verordnet-schweigen\/#respond"]}]},{"@type":"WebPage","@id":"https:\/\/now-news.de\/de\/deutschland\/saskia-esken-reguliert-migration-und-verordnet-schweigen\/","url":"https:\/\/now-news.de\/de\/deutschland\/saskia-esken-reguliert-migration-und-verordnet-schweigen\/","name":"Saskia Esken reguliert Migration \u2013 und verordnet Schweigen - just-now.NEWS Deutschland","isPartOf":{"@id":"https:\/\/now-news.de\/de\/#website"},"primaryImageOfPage":{"@id":"https:\/\/now-news.de\/de\/deutschland\/saskia-esken-reguliert-migration-und-verordnet-schweigen\/#primaryimage"},"image":{"@id":"https:\/\/now-news.de\/de\/deutschland\/saskia-esken-reguliert-migration-und-verordnet-schweigen\/#primaryimage"},"thumbnailUrl":"https:\/\/now-news.de\/de\/wp-content\/uploads\/sites\/3\/2025\/01\/Saskia-Esken-reguliert-Migration-\u2013-und-verordnet-Schweigen.jpg","datePublished":"2025-01-25T17:28:53+00:00","dateModified":"2025-01-25T17:28:53+00:00","breadcrumb":{"@id":"https:\/\/now-news.de\/de\/deutschland\/saskia-esken-reguliert-migration-und-verordnet-schweigen\/#breadcrumb"},"inLanguage":"de","potentialAction":[{"@type":"ReadAction","target":["https:\/\/now-news.de\/de\/deutschland\/saskia-esken-reguliert-migration-und-verordnet-schweigen\/"]}]},{"@type":"ImageObject","inLanguage":"de","@id":"https:\/\/now-news.de\/de\/deutschland\/saskia-esken-reguliert-migration-und-verordnet-schweigen\/#primaryimage","url":"https:\/\/now-news.de\/de\/wp-content\/uploads\/sites\/3\/2025\/01\/Saskia-Esken-reguliert-Migration-\u2013-und-verordnet-Schweigen.jpg","contentUrl":"https:\/\/now-news.de\/de\/wp-content\/uploads\/sites\/3\/2025\/01\/Saskia-Esken-reguliert-Migration-\u2013-und-verordnet-Schweigen.jpg","width":460,"height":259,"caption":"Saskia Esken reguliert Migration \u2013 und verordnet Schweigen"},{"@type":"BreadcrumbList","@id":"https:\/\/now-news.de\/de\/deutschland\/saskia-esken-reguliert-migration-und-verordnet-schweigen\/#breadcrumb","itemListElement":[{"@type":"ListItem","position":1,"name":"Home","item":"https:\/\/now-news.de\/de\/"},{"@type":"ListItem","position":2,"name":"Saskia Esken reguliert Migration \u2013 und verordnet Schweigen"}]},{"@type":"WebSite","@id":"https:\/\/now-news.de\/de\/#website","url":"https:\/\/now-news.de\/de\/","name":"just-now.NEWS Deutschland","description":"Das Portal f\u00fcr unzensierte Nachrichten aus der Welt","publisher":{"@id":"https:\/\/now-news.de\/de\/#organization"},"potentialAction":[{"@type":"SearchAction","target":{"@type":"EntryPoint","urlTemplate":"https:\/\/now-news.de\/de\/?s={search_term_string}"},"query-input":"required name=search_term_string"}],"inLanguage":"de"},{"@type":"Organization","@id":"https:\/\/now-news.de\/de\/#organization","name":"Just Now News","url":"https:\/\/now-news.de\/de\/","logo":{"@type":"ImageObject","inLanguage":"de","@id":"https:\/\/now-news.de\/de\/#\/schema\/logo\/image\/","url":"http:\/\/just-now.news\/de\/wp-content\/uploads\/sites\/3\/2022\/04\/logo500x500.jpg","contentUrl":"http:\/\/just-now.news\/de\/wp-content\/uploads\/sites\/3\/2022\/04\/logo500x500.jpg","width":500,"height":500,"caption":"Just Now News"},"image":{"@id":"https:\/\/now-news.de\/de\/#\/schema\/logo\/image\/"},"sameAs":["https:\/\/www.facebook.com\/wirmachenauf","https:\/\/x.com\/WirMachenAuf_de"]},{"@type":"Person","@id":"https:\/\/now-news.de\/de\/#\/schema\/person\/fb534a4e865501d8b3285208df34a9b5","name":"rtnews","image":{"@type":"ImageObject","inLanguage":"de","@id":"https:\/\/now-news.de\/de\/#\/schema\/person\/image\/","url":"https:\/\/secure.gravatar.com\/avatar\/82aafea7d8127119dd649515f56e2117?s=96&d=mm&r=g","contentUrl":"https:\/\/secure.gravatar.com\/avatar\/82aafea7d8127119dd649515f56e2117?s=96&d=mm&r=g","caption":"rtnews"},"url":"https:\/\/now-news.de\/de\/author\/rnews\/"}]}},"_links":{"self":[{"href":"https:\/\/now-news.de\/de\/wp-json\/wp\/v2\/posts\/77186"}],"collection":[{"href":"https:\/\/now-news.de\/de\/wp-json\/wp\/v2\/posts"}],"about":[{"href":"https:\/\/now-news.de\/de\/wp-json\/wp\/v2\/types\/post"}],"author":[{"embeddable":true,"href":"https:\/\/now-news.de\/de\/wp-json\/wp\/v2\/users\/3"}],"replies":[{"embeddable":true,"href":"https:\/\/now-news.de\/de\/wp-json\/wp\/v2\/comments?post=77186"}],"version-history":[{"count":0,"href":"https:\/\/now-news.de\/de\/wp-json\/wp\/v2\/posts\/77186\/revisions"}],"wp:featuredmedia":[{"embeddable":true,"href":"https:\/\/now-news.de\/de\/wp-json\/wp\/v2\/media\/77187"}],"wp:attachment":[{"href":"https:\/\/now-news.de\/de\/wp-json\/wp\/v2\/media?parent=77186"}],"wp:term":[{"taxonomy":"category","embeddable":true,"href":"https:\/\/now-news.de\/de\/wp-json\/wp\/v2\/categories?post=77186"},{"taxonomy":"post_tag","embeddable":true,"href":"https:\/\/now-news.de\/de\/wp-json\/wp\/v2\/tags?post=77186"}],"curies":[{"name":"wp","href":"https:\/\/api.w.org\/{rel}","templated":true}]}}