{"id":77162,"date":"2025-01-25T13:52:37","date_gmt":"2025-01-25T11:52:37","guid":{"rendered":"https:\/\/now-news.de\/de\/deutschland\/deutscher-komplize-erschossen-nach-mord-an-us-grenzbeamten-folgt-anklage-gegen-taeterin\/"},"modified":"2025-01-25T13:52:37","modified_gmt":"2025-01-25T11:52:37","slug":"deutscher-komplize-erschossen-nach-mord-an-us-grenzbeamten-folgt-anklage-gegen-taeterin","status":"publish","type":"post","link":"https:\/\/now-news.de\/de\/deutschland\/deutscher-komplize-erschossen-nach-mord-an-us-grenzbeamten-folgt-anklage-gegen-taeterin\/","title":{"rendered":"Deutscher Komplize erschossen: Nach Mord an US-Grenzbeamten folgt Anklage gegen T\u00e4terin"},"content":{"rendered":"<p><img decoding=\"async\" src=\"https:\/\/now-news.de\/de\/wp-content\/uploads\/sites\/3\/2025\/01\/6794b921b480cc016900fee9.jpg\" \/><\/p>\n<div class=\"Text-root Text-type_1 \">\n                Eine Personenkontrolle im n\u00f6rdlichen Gebiet von Vermont an der Grenze zu Kanada endete mit zwei Toten, darunter einem Deutschen. Die FBI-Ermittlungen ergaben, dass dessen Begleiterin die M\u00f6rderin des Grenzbeamten ist. Laut US-Medien fanden sich mehrere Waffen im Auto.\n            <\/div>\n<p><\/p>\n<div class=\"Text-root Text-type_5 ArticleView-text ViewText-root \">\n<p>Bei einer Routinekontrolle am 20. Januar kam es dem bisherigen Ermittlungsstand zufolge zu einer Schie\u00dferei, als die Grenzbeamten nach den Papieren der beiden Tatbeteiligten fragten. Als Hauptt\u00e4terin gilt laut FBI mittlerweile die 21-j\u00e4hrige Frau und Beifahrerin, eine US-B\u00fcrgerin aus Washington. Auch der in den Vorfall verwickelte Deutsche soll eine Waffe gezogen haben. Im Verlauf wurden der 44-j\u00e4hrige Grenzbeamte und der Deutsche durch Sch\u00fcsse verletzt. Der Deutsche starb noch am Tatort, der Beamte kurze Zeit sp\u00e4ter im Krankenhaus.<\/p>\n<p>Die beiden Verd\u00e4chtigen, das Alter des Deutschen wird in den US-Medien nicht genannt, verf\u00fcgten demnach in ihrem Auto &#8220;\u00fcber ein ganzes Arsenal an Waffen und taktischer Ausr\u00fcstung, darunter Munition mit ummanteltem Hohlspitzgeschoss, einen ballistischen Helm und Nachtsichtger\u00e4te&#8221;, wie aus am Freitag ver\u00f6ffentlichten Gerichtsunterlagen hervorgeht. Dar\u00fcber\u00a0<a rel=\"nofollow noopener\" target=\"_blank\" href=\"https:\/\/www.nbcnews.com\/news\/us-news\/2-suspects-killing-us-border-patrol-agent-arsenal-weapons-rcna189098\">berichten<\/a>\u00a0<em>NBC News<\/em>.<\/p>\n<p>Zu dem auf den Bildern noch recht jung wirkenden Deutschen gibt es widerspr\u00fcchliche Informationen. So hei\u00dft es, dass er seit dem Jahr 2022 nicht mehr im Besitz eines g\u00fcltigen &#8220;H-1B Visums&#8221; war, einem in den USA erforderlichen <a rel=\"nofollow noopener\" target=\"_blank\" href=\"https:\/\/www.visum-usa.com\/h1b-visum.html\">Arbeitsvisum<\/a> &#8220;f\u00fcr hoch qualifizierte Arbeitnehmer&#8221;. Der als Felix Bauckholt bezeichnete Mann war demnach als junger, talentierter <a rel=\"nofollow noopener\" target=\"_blank\" href=\"https:\/\/stats.ioinformatics.org\/people\/5088\">Teilnehmer<\/a> der &#8220;Informatik-WM&#8221; in der IT-Branche t\u00e4tig.<\/p>\n<div class=\"EmbedBlock-root EmbedBlock-twitter\">\n<div class=\"TwitterEmbed\">\n<blockquote class=\"twitter-tweet lazyload\" data-twitter=\"twitter-tweet\">\n<p lang=\"en\" dir=\"ltr\">It&#8217;s entirely possible this kid is the H1B visa overstay who killed the border agent.Felix Bauckholt was a computer science student. It adds up that he could be the mystery guest.<a rel=\"nofollow noopener\" target=\"_blank\" href=\"https:\/\/t.co\/HZaEpnjzYO\">https:\/\/t.co\/HZaEpnjzYO<\/a><a rel=\"nofollow noopener\" target=\"_blank\" href=\"https:\/\/t.co\/WkpfbFlSiH\">https:\/\/t.co\/WkpfbFlSiH<\/a><a rel=\"nofollow noopener\" target=\"_blank\" href=\"https:\/\/t.co\/Lmhyjuqcqu\">pic.twitter.com\/Lmhyjuqcqu<\/a><\/p>\n<p>\u2014 Fred J. Oathill\ud83e\udd67\u2615 (@vstgw) <a rel=\"nofollow noopener\" target=\"_blank\" href=\"https:\/\/twitter.com\/vstgw\/status\/1881905316872520050?ref_src=twsrc%5Etfw\">January 22, 2025<\/a><\/p><\/blockquote>\n<\/div>\n<\/div>\n<p>Dazu hei\u00dft es weiter:<\/p>\n<p><em>&#8220;Bauckholt, der eingetragene Eigent\u00fcmer des Fahrzeugs, schien laut Gerichtsdokumenten ein abgelaufenes Visum in einer Datenbank des Heimatschutzministeriums zu haben. Das FBI hatte zuvor mitgeteilt, dass der deutsche Staatsangeh\u00f6rige, der in den Vorfall verwickelt war, ein aktuelles Visum besa\u00df.&#8221;<\/em><\/p>\n<p>Laut den Ermittlungen zog Bauckholt w\u00e4hrend der Kontrolle eine Waffe und zielte auf die Beamten. Beide Tatbeteiligten h\u00e4tten bereits unter <a rel=\"nofollow noopener\" target=\"_blank\" href=\"https:\/\/nypost.com\/2025\/01\/24\/us-news\/washington-state-woman-21-arrested-in-fatal-shooting-of-us-border-patrol-agent\/\">Beobachtung<\/a> lokaler Polizeibeh\u00f6rden gestanden. Dazu hei\u00dft es bei der <em>New York Post<\/em>:<\/p>\n<p><em>&#8220;Sie waren mehrere Tage lang \u00fcberwacht worden, nachdem ein Angestellter eines Hotels in Lyndonville berichtet hatte, dass Youngblut [die Begleiterin des Deutschen] eine Waffe bei sich hatte und beide eine komplett schwarze taktische Ausr\u00fcstung trugen.&#8221;<\/em><\/p>\n<p>Nach den Hinweisen eines Hotelangestellten sprachen &#8220;Agenten des Heimatschutzes&#8221; Youngblut und Bauckholt direkt an. Diese h\u00e4tten jedoch konkretere Angaben abgelehnt und lediglich erkl\u00e4rt, &#8220;sie seien auf der Suche nach Immobilien&#8221;. Wenige Tage sp\u00e4ter checkten die beiden aus dem Hotel aus &#8220;und wurden in der Innenstadt von Newport <a rel=\"nofollow noopener\" target=\"_blank\" href=\"https:\/\/www.timesnownews.com\/world\/us\/us-news\/who-are-teresa-youngblut-and-felix-bauckholt-suspects-in-shooting-of-us-border-patrol-agent-in-vermont-article-117534944\">gesichtet<\/a>, wobei Youngblut sichtlich bewaffnet war&#8221;, so US-Medien.<\/p>\n<p>Weitere Auff\u00e4lligkeiten des verkappten &#8220;Bonnie und Clyde&#8221;-Duos werden wie folgt beschrieben:<\/p>\n<p><em>&#8220;Nach Angaben des US-Justizministeriums wurde Bauckholt am Montag von Beamten dabei beobachtet, wie er in einem Toyota Prius auf einem Walmart-Parkplatz Gegenst\u00e4nde mit Alufolie umwickelte \u2013 offenbar um zu verhindern, dass ihre Telefone geortet werden.&#8221;<\/em><\/p>\n<p>Gegen die 21-j\u00e4hrige US-Amerikanerin wurden laut FBI-Informationen nun zwei Anklagen eingereicht, darunter wegen &#8220;des vors\u00e4tzlichen Einsatzes einer t\u00f6dlichen Waffe&#8221; sowie der &#8220;Behinderung der Arbeit der US-Bundespolizei&#8221;.<\/p>\n<p><strong>Mehr zum Thema<\/strong> &#8211; <a rel=\"nofollow noopener\" target=\"_blank\" href=\"https:\/\/freedert.online\/international\/234178-chef-atlantik-bruecke-gabriel-kanada\/\">Ex-Au\u00dfenminister Gabriel: Kanada muss EU-Mitglied werden <\/a><\/p>\n<div class=\"EmbedBlock-root EmbedBlock-externalVideo EmbedBlock-rumble\">\n<div class=\"VkEmbed\"><iframe class=\"lazyload\" data-src=\"https:\/\/rumble.com\/embed\/v671ol7\" frameborder=\"0\" width=\"853\" height=\"480\" allowfullscreen><\/iframe><\/div>\n<\/div>\n<\/div>\n<p><script async src=\"https:\/\/platform.twitter.com\/widgets.js\" charset=\"utf-8\"><\/script><br \/>\n<br \/><br \/>\n<br \/><a href=\"https:\/\/de.rt.com\/nordamerika\/234312-deutscher-komplize-erschossen-nach-mord\/\">Source link <\/a><\/p>\n","protected":false},"excerpt":{"rendered":"<p>Eine Personenkontrolle im n\u00f6rdlichen Gebiet von Vermont an der Grenze zu Kanada endete mit zwei Toten, darunter einem Deutschen. Die FBI-Ermittlungen ergaben, dass dessen Begleiterin die M\u00f6rderin des Grenzbeamten ist. Laut US-Medien fanden sich mehrere Waffen im Auto. Bei einer Routinekontrolle am 20. Januar kam es dem bisherigen Ermittlungsstand zufolge zu einer Schie\u00dferei, als die [&hellip;]<\/p>\n","protected":false},"author":3,"featured_media":77163,"comment_status":"open","ping_status":"open","sticky":false,"template":"","format":"standard","meta":{"_yoast_indexnow_last_ping":["1737806164"],"wp_automatic_camp":["217"],"ce949fedcfc0262aea45436a56d2621e":["Deutscher Komplize erschossen: Nach Mord an US-Grenzbeamten folgt Anklage gegen T\u00e4terin"],"original_link":["https:\/\/de.rt.com\/nordamerika\/234312-deutscher-komplize-erschossen-nach-mord\/"],"_thumbnail_id":["77163"],"jnews_social_counter_last_update":["1777303666"],"_wptgpro_p2tg_sent2tg":["a:1:{i:23737;s:19:\"2025-01-25 13:57:12\";}"]},"categories":[19,23],"tags":[8054,8305,5189,20665,278,31899,1091,979,62204,62203],"yoast_head":"<!-- This site is optimized with the Yoast SEO Premium plugin v22.7 (Yoast SEO v22.7) - https:\/\/yoast.com\/wordpress\/plugins\/seo\/ -->\n<title>Deutscher Komplize erschossen: Nach Mord an US-Grenzbeamten folgt Anklage gegen T\u00e4terin - just-now.NEWS Deutschland<\/title>\n<meta name=\"robots\" content=\"index, follow, max-snippet:-1, max-image-preview:large, max-video-preview:-1\" \/>\n<link rel=\"canonical\" href=\"https:\/\/now-news.de\/de\/deutschland\/deutscher-komplize-erschossen-nach-mord-an-us-grenzbeamten-folgt-anklage-gegen-taeterin\/\" \/>\n<meta property=\"og:locale\" content=\"de_DE\" \/>\n<meta property=\"og:type\" content=\"article\" \/>\n<meta property=\"og:title\" content=\"Deutscher Komplize erschossen: Nach Mord an US-Grenzbeamten folgt Anklage gegen T\u00e4terin\" \/>\n<meta property=\"og:description\" content=\"Eine Personenkontrolle im n\u00f6rdlichen Gebiet von Vermont an der Grenze zu Kanada endete mit zwei Toten, darunter einem Deutschen. Die FBI-Ermittlungen ergaben, dass dessen Begleiterin die M\u00f6rderin des Grenzbeamten ist. Laut US-Medien fanden sich mehrere Waffen im Auto. Bei einer Routinekontrolle am 20. Januar kam es dem bisherigen Ermittlungsstand zufolge zu einer Schie\u00dferei, als die [&hellip;]\" \/>\n<meta property=\"og:url\" content=\"https:\/\/now-news.de\/de\/deutschland\/deutscher-komplize-erschossen-nach-mord-an-us-grenzbeamten-folgt-anklage-gegen-taeterin\/\" \/>\n<meta property=\"og:site_name\" content=\"just-now.NEWS Deutschland\" \/>\n<meta property=\"article:publisher\" content=\"https:\/\/www.facebook.com\/wirmachenauf\" \/>\n<meta property=\"article:published_time\" content=\"2025-01-25T11:52:37+00:00\" \/>\n<meta property=\"og:image\" content=\"https:\/\/now-news.de\/de\/wp-content\/uploads\/sites\/3\/2025\/01\/6794b921b480cc016900fee9.jpg\" \/>\n<meta name=\"author\" content=\"rtnews\" \/>\n<meta name=\"twitter:card\" content=\"summary_large_image\" \/>\n<meta name=\"twitter:creator\" content=\"@WirMachenAuf_de\" \/>\n<meta name=\"twitter:site\" content=\"@WirMachenAuf_de\" \/>\n<meta name=\"twitter:label1\" content=\"Verfasst von\" \/>\n\t<meta name=\"twitter:data1\" content=\"rtnews\" \/>\n\t<meta name=\"twitter:label2\" content=\"Gesch\u00e4tzte Lesezeit\" \/>\n\t<meta name=\"twitter:data2\" content=\"3\u00a0Minuten\" \/>\n<script type=\"application\/ld+json\" class=\"yoast-schema-graph\">{\"@context\":\"https:\/\/schema.org\",\"@graph\":[{\"@type\":\"Article\",\"@id\":\"https:\/\/now-news.de\/de\/deutschland\/deutscher-komplize-erschossen-nach-mord-an-us-grenzbeamten-folgt-anklage-gegen-taeterin\/#article\",\"isPartOf\":{\"@id\":\"https:\/\/now-news.de\/de\/deutschland\/deutscher-komplize-erschossen-nach-mord-an-us-grenzbeamten-folgt-anklage-gegen-taeterin\/\"},\"author\":{\"name\":\"rtnews\",\"@id\":\"https:\/\/now-news.de\/de\/#\/schema\/person\/fb534a4e865501d8b3285208df34a9b5\"},\"headline\":\"Deutscher Komplize erschossen: Nach Mord an US-Grenzbeamten folgt Anklage gegen T\u00e4terin\",\"datePublished\":\"2025-01-25T11:52:37+00:00\",\"dateModified\":\"2025-01-25T11:52:37+00:00\",\"mainEntityOfPage\":{\"@id\":\"https:\/\/now-news.de\/de\/deutschland\/deutscher-komplize-erschossen-nach-mord-an-us-grenzbeamten-folgt-anklage-gegen-taeterin\/\"},\"wordCount\":571,\"commentCount\":0,\"publisher\":{\"@id\":\"https:\/\/now-news.de\/de\/#organization\"},\"image\":{\"@id\":\"https:\/\/now-news.de\/de\/deutschland\/deutscher-komplize-erschossen-nach-mord-an-us-grenzbeamten-folgt-anklage-gegen-taeterin\/#primaryimage\"},\"thumbnailUrl\":\"https:\/\/now-news.de\/de\/wp-content\/uploads\/sites\/3\/2025\/01\/Deutscher-Komplize-erschossen-Nach-Mord-an-US-Grenzbeamten-folgt-Anklage-gegen.jpg\",\"keywords\":[\"Anklage\",\"deutscher\",\"erschossen\",\"folgt\",\"gegen\",\"Komplize\",\"Mord\",\"nach\",\"T\u00e4terin\",\"USGrenzbeamten\"],\"articleSection\":[\"Deutschland\",\"Russland\"],\"inLanguage\":\"de\",\"potentialAction\":[{\"@type\":\"CommentAction\",\"name\":\"Comment\",\"target\":[\"https:\/\/now-news.de\/de\/deutschland\/deutscher-komplize-erschossen-nach-mord-an-us-grenzbeamten-folgt-anklage-gegen-taeterin\/#respond\"]}]},{\"@type\":\"WebPage\",\"@id\":\"https:\/\/now-news.de\/de\/deutschland\/deutscher-komplize-erschossen-nach-mord-an-us-grenzbeamten-folgt-anklage-gegen-taeterin\/\",\"url\":\"https:\/\/now-news.de\/de\/deutschland\/deutscher-komplize-erschossen-nach-mord-an-us-grenzbeamten-folgt-anklage-gegen-taeterin\/\",\"name\":\"Deutscher Komplize erschossen: Nach Mord an US-Grenzbeamten folgt Anklage gegen T\u00e4terin - just-now.NEWS Deutschland\",\"isPartOf\":{\"@id\":\"https:\/\/now-news.de\/de\/#website\"},\"primaryImageOfPage\":{\"@id\":\"https:\/\/now-news.de\/de\/deutschland\/deutscher-komplize-erschossen-nach-mord-an-us-grenzbeamten-folgt-anklage-gegen-taeterin\/#primaryimage\"},\"image\":{\"@id\":\"https:\/\/now-news.de\/de\/deutschland\/deutscher-komplize-erschossen-nach-mord-an-us-grenzbeamten-folgt-anklage-gegen-taeterin\/#primaryimage\"},\"thumbnailUrl\":\"https:\/\/now-news.de\/de\/wp-content\/uploads\/sites\/3\/2025\/01\/Deutscher-Komplize-erschossen-Nach-Mord-an-US-Grenzbeamten-folgt-Anklage-gegen.jpg\",\"datePublished\":\"2025-01-25T11:52:37+00:00\",\"dateModified\":\"2025-01-25T11:52:37+00:00\",\"breadcrumb\":{\"@id\":\"https:\/\/now-news.de\/de\/deutschland\/deutscher-komplize-erschossen-nach-mord-an-us-grenzbeamten-folgt-anklage-gegen-taeterin\/#breadcrumb\"},\"inLanguage\":\"de\",\"potentialAction\":[{\"@type\":\"ReadAction\",\"target\":[\"https:\/\/now-news.de\/de\/deutschland\/deutscher-komplize-erschossen-nach-mord-an-us-grenzbeamten-folgt-anklage-gegen-taeterin\/\"]}]},{\"@type\":\"ImageObject\",\"inLanguage\":\"de\",\"@id\":\"https:\/\/now-news.de\/de\/deutschland\/deutscher-komplize-erschossen-nach-mord-an-us-grenzbeamten-folgt-anklage-gegen-taeterin\/#primaryimage\",\"url\":\"https:\/\/now-news.de\/de\/wp-content\/uploads\/sites\/3\/2025\/01\/Deutscher-Komplize-erschossen-Nach-Mord-an-US-Grenzbeamten-folgt-Anklage-gegen.jpg\",\"contentUrl\":\"https:\/\/now-news.de\/de\/wp-content\/uploads\/sites\/3\/2025\/01\/Deutscher-Komplize-erschossen-Nach-Mord-an-US-Grenzbeamten-folgt-Anklage-gegen.jpg\",\"width\":460,\"height\":259,\"caption\":\"Deutscher Komplize erschossen: Nach Mord an US-Grenzbeamten folgt Anklage gegen T\u00e4terin\"},{\"@type\":\"BreadcrumbList\",\"@id\":\"https:\/\/now-news.de\/de\/deutschland\/deutscher-komplize-erschossen-nach-mord-an-us-grenzbeamten-folgt-anklage-gegen-taeterin\/#breadcrumb\",\"itemListElement\":[{\"@type\":\"ListItem\",\"position\":1,\"name\":\"Home\",\"item\":\"https:\/\/now-news.de\/de\/\"},{\"@type\":\"ListItem\",\"position\":2,\"name\":\"Deutscher Komplize erschossen: Nach Mord an US-Grenzbeamten folgt Anklage gegen T\u00e4terin\"}]},{\"@type\":\"WebSite\",\"@id\":\"https:\/\/now-news.de\/de\/#website\",\"url\":\"https:\/\/now-news.de\/de\/\",\"name\":\"just-now.NEWS Deutschland\",\"description\":\"Das Portal f\u00fcr unzensierte Nachrichten aus der Welt\",\"publisher\":{\"@id\":\"https:\/\/now-news.de\/de\/#organization\"},\"potentialAction\":[{\"@type\":\"SearchAction\",\"target\":{\"@type\":\"EntryPoint\",\"urlTemplate\":\"https:\/\/now-news.de\/de\/?s={search_term_string}\"},\"query-input\":\"required name=search_term_string\"}],\"inLanguage\":\"de\"},{\"@type\":\"Organization\",\"@id\":\"https:\/\/now-news.de\/de\/#organization\",\"name\":\"Just Now News\",\"url\":\"https:\/\/now-news.de\/de\/\",\"logo\":{\"@type\":\"ImageObject\",\"inLanguage\":\"de\",\"@id\":\"https:\/\/now-news.de\/de\/#\/schema\/logo\/image\/\",\"url\":\"http:\/\/just-now.news\/de\/wp-content\/uploads\/sites\/3\/2022\/04\/logo500x500.jpg\",\"contentUrl\":\"http:\/\/just-now.news\/de\/wp-content\/uploads\/sites\/3\/2022\/04\/logo500x500.jpg\",\"width\":500,\"height\":500,\"caption\":\"Just Now News\"},\"image\":{\"@id\":\"https:\/\/now-news.de\/de\/#\/schema\/logo\/image\/\"},\"sameAs\":[\"https:\/\/www.facebook.com\/wirmachenauf\",\"https:\/\/x.com\/WirMachenAuf_de\"]},{\"@type\":\"Person\",\"@id\":\"https:\/\/now-news.de\/de\/#\/schema\/person\/fb534a4e865501d8b3285208df34a9b5\",\"name\":\"rtnews\",\"image\":{\"@type\":\"ImageObject\",\"inLanguage\":\"de\",\"@id\":\"https:\/\/now-news.de\/de\/#\/schema\/person\/image\/\",\"url\":\"https:\/\/secure.gravatar.com\/avatar\/82aafea7d8127119dd649515f56e2117?s=96&d=mm&r=g\",\"contentUrl\":\"https:\/\/secure.gravatar.com\/avatar\/82aafea7d8127119dd649515f56e2117?s=96&d=mm&r=g\",\"caption\":\"rtnews\"},\"url\":\"https:\/\/now-news.de\/de\/author\/rnews\/\"}]}<\/script>\n<!-- \/ Yoast SEO Premium plugin. -->","yoast_head_json":{"title":"Deutscher Komplize erschossen: Nach Mord an US-Grenzbeamten folgt Anklage gegen T\u00e4terin - just-now.NEWS Deutschland","robots":{"index":"index","follow":"follow","max-snippet":"max-snippet:-1","max-image-preview":"max-image-preview:large","max-video-preview":"max-video-preview:-1"},"canonical":"https:\/\/now-news.de\/de\/deutschland\/deutscher-komplize-erschossen-nach-mord-an-us-grenzbeamten-folgt-anklage-gegen-taeterin\/","og_locale":"de_DE","og_type":"article","og_title":"Deutscher Komplize erschossen: Nach Mord an US-Grenzbeamten folgt Anklage gegen T\u00e4terin","og_description":"Eine Personenkontrolle im n\u00f6rdlichen Gebiet von Vermont an der Grenze zu Kanada endete mit zwei Toten, darunter einem Deutschen. Die FBI-Ermittlungen ergaben, dass dessen Begleiterin die M\u00f6rderin des Grenzbeamten ist. Laut US-Medien fanden sich mehrere Waffen im Auto. Bei einer Routinekontrolle am 20. Januar kam es dem bisherigen Ermittlungsstand zufolge zu einer Schie\u00dferei, als die [&hellip;]","og_url":"https:\/\/now-news.de\/de\/deutschland\/deutscher-komplize-erschossen-nach-mord-an-us-grenzbeamten-folgt-anklage-gegen-taeterin\/","og_site_name":"just-now.NEWS Deutschland","article_publisher":"https:\/\/www.facebook.com\/wirmachenauf","article_published_time":"2025-01-25T11:52:37+00:00","og_image":[{"url":"https:\/\/now-news.de\/de\/wp-content\/uploads\/sites\/3\/2025\/01\/6794b921b480cc016900fee9.jpg"}],"author":"rtnews","twitter_card":"summary_large_image","twitter_creator":"@WirMachenAuf_de","twitter_site":"@WirMachenAuf_de","twitter_misc":{"Verfasst von":"rtnews","Gesch\u00e4tzte Lesezeit":"3\u00a0Minuten"},"schema":{"@context":"https:\/\/schema.org","@graph":[{"@type":"Article","@id":"https:\/\/now-news.de\/de\/deutschland\/deutscher-komplize-erschossen-nach-mord-an-us-grenzbeamten-folgt-anklage-gegen-taeterin\/#article","isPartOf":{"@id":"https:\/\/now-news.de\/de\/deutschland\/deutscher-komplize-erschossen-nach-mord-an-us-grenzbeamten-folgt-anklage-gegen-taeterin\/"},"author":{"name":"rtnews","@id":"https:\/\/now-news.de\/de\/#\/schema\/person\/fb534a4e865501d8b3285208df34a9b5"},"headline":"Deutscher Komplize erschossen: Nach Mord an US-Grenzbeamten folgt Anklage gegen T\u00e4terin","datePublished":"2025-01-25T11:52:37+00:00","dateModified":"2025-01-25T11:52:37+00:00","mainEntityOfPage":{"@id":"https:\/\/now-news.de\/de\/deutschland\/deutscher-komplize-erschossen-nach-mord-an-us-grenzbeamten-folgt-anklage-gegen-taeterin\/"},"wordCount":571,"commentCount":0,"publisher":{"@id":"https:\/\/now-news.de\/de\/#organization"},"image":{"@id":"https:\/\/now-news.de\/de\/deutschland\/deutscher-komplize-erschossen-nach-mord-an-us-grenzbeamten-folgt-anklage-gegen-taeterin\/#primaryimage"},"thumbnailUrl":"https:\/\/now-news.de\/de\/wp-content\/uploads\/sites\/3\/2025\/01\/Deutscher-Komplize-erschossen-Nach-Mord-an-US-Grenzbeamten-folgt-Anklage-gegen.jpg","keywords":["Anklage","deutscher","erschossen","folgt","gegen","Komplize","Mord","nach","T\u00e4terin","USGrenzbeamten"],"articleSection":["Deutschland","Russland"],"inLanguage":"de","potentialAction":[{"@type":"CommentAction","name":"Comment","target":["https:\/\/now-news.de\/de\/deutschland\/deutscher-komplize-erschossen-nach-mord-an-us-grenzbeamten-folgt-anklage-gegen-taeterin\/#respond"]}]},{"@type":"WebPage","@id":"https:\/\/now-news.de\/de\/deutschland\/deutscher-komplize-erschossen-nach-mord-an-us-grenzbeamten-folgt-anklage-gegen-taeterin\/","url":"https:\/\/now-news.de\/de\/deutschland\/deutscher-komplize-erschossen-nach-mord-an-us-grenzbeamten-folgt-anklage-gegen-taeterin\/","name":"Deutscher Komplize erschossen: Nach Mord an US-Grenzbeamten folgt Anklage gegen T\u00e4terin - just-now.NEWS Deutschland","isPartOf":{"@id":"https:\/\/now-news.de\/de\/#website"},"primaryImageOfPage":{"@id":"https:\/\/now-news.de\/de\/deutschland\/deutscher-komplize-erschossen-nach-mord-an-us-grenzbeamten-folgt-anklage-gegen-taeterin\/#primaryimage"},"image":{"@id":"https:\/\/now-news.de\/de\/deutschland\/deutscher-komplize-erschossen-nach-mord-an-us-grenzbeamten-folgt-anklage-gegen-taeterin\/#primaryimage"},"thumbnailUrl":"https:\/\/now-news.de\/de\/wp-content\/uploads\/sites\/3\/2025\/01\/Deutscher-Komplize-erschossen-Nach-Mord-an-US-Grenzbeamten-folgt-Anklage-gegen.jpg","datePublished":"2025-01-25T11:52:37+00:00","dateModified":"2025-01-25T11:52:37+00:00","breadcrumb":{"@id":"https:\/\/now-news.de\/de\/deutschland\/deutscher-komplize-erschossen-nach-mord-an-us-grenzbeamten-folgt-anklage-gegen-taeterin\/#breadcrumb"},"inLanguage":"de","potentialAction":[{"@type":"ReadAction","target":["https:\/\/now-news.de\/de\/deutschland\/deutscher-komplize-erschossen-nach-mord-an-us-grenzbeamten-folgt-anklage-gegen-taeterin\/"]}]},{"@type":"ImageObject","inLanguage":"de","@id":"https:\/\/now-news.de\/de\/deutschland\/deutscher-komplize-erschossen-nach-mord-an-us-grenzbeamten-folgt-anklage-gegen-taeterin\/#primaryimage","url":"https:\/\/now-news.de\/de\/wp-content\/uploads\/sites\/3\/2025\/01\/Deutscher-Komplize-erschossen-Nach-Mord-an-US-Grenzbeamten-folgt-Anklage-gegen.jpg","contentUrl":"https:\/\/now-news.de\/de\/wp-content\/uploads\/sites\/3\/2025\/01\/Deutscher-Komplize-erschossen-Nach-Mord-an-US-Grenzbeamten-folgt-Anklage-gegen.jpg","width":460,"height":259,"caption":"Deutscher Komplize erschossen: Nach Mord an US-Grenzbeamten folgt Anklage gegen T\u00e4terin"},{"@type":"BreadcrumbList","@id":"https:\/\/now-news.de\/de\/deutschland\/deutscher-komplize-erschossen-nach-mord-an-us-grenzbeamten-folgt-anklage-gegen-taeterin\/#breadcrumb","itemListElement":[{"@type":"ListItem","position":1,"name":"Home","item":"https:\/\/now-news.de\/de\/"},{"@type":"ListItem","position":2,"name":"Deutscher Komplize erschossen: Nach Mord an US-Grenzbeamten folgt Anklage gegen T\u00e4terin"}]},{"@type":"WebSite","@id":"https:\/\/now-news.de\/de\/#website","url":"https:\/\/now-news.de\/de\/","name":"just-now.NEWS Deutschland","description":"Das Portal f\u00fcr unzensierte Nachrichten aus der Welt","publisher":{"@id":"https:\/\/now-news.de\/de\/#organization"},"potentialAction":[{"@type":"SearchAction","target":{"@type":"EntryPoint","urlTemplate":"https:\/\/now-news.de\/de\/?s={search_term_string}"},"query-input":"required name=search_term_string"}],"inLanguage":"de"},{"@type":"Organization","@id":"https:\/\/now-news.de\/de\/#organization","name":"Just Now News","url":"https:\/\/now-news.de\/de\/","logo":{"@type":"ImageObject","inLanguage":"de","@id":"https:\/\/now-news.de\/de\/#\/schema\/logo\/image\/","url":"http:\/\/just-now.news\/de\/wp-content\/uploads\/sites\/3\/2022\/04\/logo500x500.jpg","contentUrl":"http:\/\/just-now.news\/de\/wp-content\/uploads\/sites\/3\/2022\/04\/logo500x500.jpg","width":500,"height":500,"caption":"Just Now News"},"image":{"@id":"https:\/\/now-news.de\/de\/#\/schema\/logo\/image\/"},"sameAs":["https:\/\/www.facebook.com\/wirmachenauf","https:\/\/x.com\/WirMachenAuf_de"]},{"@type":"Person","@id":"https:\/\/now-news.de\/de\/#\/schema\/person\/fb534a4e865501d8b3285208df34a9b5","name":"rtnews","image":{"@type":"ImageObject","inLanguage":"de","@id":"https:\/\/now-news.de\/de\/#\/schema\/person\/image\/","url":"https:\/\/secure.gravatar.com\/avatar\/82aafea7d8127119dd649515f56e2117?s=96&d=mm&r=g","contentUrl":"https:\/\/secure.gravatar.com\/avatar\/82aafea7d8127119dd649515f56e2117?s=96&d=mm&r=g","caption":"rtnews"},"url":"https:\/\/now-news.de\/de\/author\/rnews\/"}]}},"_links":{"self":[{"href":"https:\/\/now-news.de\/de\/wp-json\/wp\/v2\/posts\/77162"}],"collection":[{"href":"https:\/\/now-news.de\/de\/wp-json\/wp\/v2\/posts"}],"about":[{"href":"https:\/\/now-news.de\/de\/wp-json\/wp\/v2\/types\/post"}],"author":[{"embeddable":true,"href":"https:\/\/now-news.de\/de\/wp-json\/wp\/v2\/users\/3"}],"replies":[{"embeddable":true,"href":"https:\/\/now-news.de\/de\/wp-json\/wp\/v2\/comments?post=77162"}],"version-history":[{"count":0,"href":"https:\/\/now-news.de\/de\/wp-json\/wp\/v2\/posts\/77162\/revisions"}],"wp:featuredmedia":[{"embeddable":true,"href":"https:\/\/now-news.de\/de\/wp-json\/wp\/v2\/media\/77163"}],"wp:attachment":[{"href":"https:\/\/now-news.de\/de\/wp-json\/wp\/v2\/media?parent=77162"}],"wp:term":[{"taxonomy":"category","embeddable":true,"href":"https:\/\/now-news.de\/de\/wp-json\/wp\/v2\/categories?post=77162"},{"taxonomy":"post_tag","embeddable":true,"href":"https:\/\/now-news.de\/de\/wp-json\/wp\/v2\/tags?post=77162"}],"curies":[{"name":"wp","href":"https:\/\/api.w.org\/{rel}","templated":true}]}}