{"id":77158,"date":"2025-01-25T12:45:40","date_gmt":"2025-01-25T10:45:40","guid":{"rendered":"https:\/\/now-news.de\/de\/deutschland\/bruessel-dreht-den-geldhahn-zu-wiener-universitaet-als-zielscheibe-im-machtkampf-mit-orban\/"},"modified":"2025-01-25T12:45:40","modified_gmt":"2025-01-25T10:45:40","slug":"bruessel-dreht-den-geldhahn-zu-wiener-universitaet-als-zielscheibe-im-machtkampf-mit-orban","status":"publish","type":"post","link":"https:\/\/now-news.de\/de\/deutschland\/bruessel-dreht-den-geldhahn-zu-wiener-universitaet-als-zielscheibe-im-machtkampf-mit-orban\/","title":{"rendered":"Br\u00fcssel dreht den Geldhahn zu: Wiener Universit\u00e4t als Zielscheibe im Machtkampf mit Orb\u00e1n"},"content":{"rendered":"<p><img decoding=\"async\" src=\"https:\/\/now-news.de\/de\/wp-content\/uploads\/sites\/3\/2025\/01\/6794b61248fbef65cf092354.jpg\" \/><\/p>\n<div class=\"Text-root Text-type_1 \">\n                Die EU-Kommission hat der Wiener Modul University die Teilnahme am Erasmus-Programm gestrichen, da sie mehrheitlich einer Viktor Orb\u00e1n nahestehenden Stiftung geh\u00f6rt. Kritiker werfen Br\u00fcssel politische Motivationen vor. Die Universit\u00e4t klagt, will aber Auslandsaufenthalte vorerst selbst finanzieren.\n            <\/div>\n<p><\/p>\n<div class=\"Text-root Text-type_5 ArticleView-text ViewText-root \">\n<p>Jetzt folgt die Vergeltung: Die Entscheidung der EU-Kommission, der Wiener Modul University die Teilnahme am Erasmus-Programm zu verweigern, beleuchtet den eskalierenden Rosenkrieg zwischen Br\u00fcssel und Budapest. Die renommierte Universit\u00e4t am Kahlenberg und ihre Studenten geraten aktuell in ein geopolitisches Zerrbild.<\/p>\n<p>Das Erasmus+-Programm, das j\u00e4hrlich mehr als eine Million Studenten und Lehrkr\u00e4fte f\u00f6rdert, steht sinnbildlich f\u00fcr die europ\u00e4ische Idee der grenz\u00fcberschreitenden Zusammenarbeit. Doch die 26 Milliarden Euro, die der EU-Haushalt von 2021 bis 2027 f\u00fcr Erasmus+ vorsieht, werden k\u00fcnftig nicht an die Modul University und ihre Studenten flie\u00dfen.<\/p>\n<p>Der Grund f\u00fcr diese Entscheidung liegt in einer Ver\u00e4nderung der Eigent\u00fcmerstruktur der Universit\u00e4t: 90 Prozent der Anteile geh\u00f6ren nun einer ungarischen Stiftung, die enge Verbindungen zu Viktor Orb\u00e1n pflegt. Das Mathias Corvinus Collegium (MCC), ein Think-Tank der ungarischen Regierung, steht seit Jahren im Fokus EU-Kritik. Br\u00fcssel wirft den ungarischen Stiftungen undurchsichtige Verbindungen zur politischen F\u00fchrung vor. Bereits im Vorjahr wurden F\u00f6rdergelder f\u00fcr ungarische Universit\u00e4ten eingefroren.<\/p>\n<p>Doch die aktuelle Entscheidung geht einen Schritt weiter und betrifft erstmals eine \u00f6sterreichische Institution. Dies stellt einen Pr\u00e4zedenzfall dar, der die Frage aufwirft, inwieweit politische Verh\u00e4ltnisse und Eigentumsstrukturen von Bildungseinrichtungen die Teilnahme an europ\u00e4ischen Programmen beeinflussen sollten.<\/p>\n<p>Die EU-Kommission machte keinen Hehl aus ihren Beweggr\u00fcnden: Die engen Verbindungen der Modul University zum ungarischen Establishment st\u00fcnden im Widerspruch zu den Prinzipien der europ\u00e4ischen Rechtsstaatlichkeit. Doch Kritiker sehen in der Entscheidung einen Angriff auf die akademische Freiheit und einen unangemessenen Eingriff in die Unabh\u00e4ngigkeit von Bildungseinrichtungen.<\/p>\n<p>Bal\u00e1zs Orb\u00e1n, politischer Berater von Viktor Orb\u00e1n, zeigte sich emp\u00f6rt. Auf der Plattform X \u00e4u\u00dferte er: &#8220;Br\u00fcssel bestraft europ\u00e4ische Studenten und entlarvt dabei seine politische Voreingenommenheit.&#8221; Die Modul University l\u00e4sst sich das nicht gefallen und hat bereits rechtliche Schritte eingeleitet. Sie will die Entscheidung vor dem Europ\u00e4ischen Gerichtshof anfechten.<\/p>\n<p>Auch in \u00d6sterreich sorgt die Entwicklung f\u00fcr Unmut. Die Universit\u00e4t verweist darauf, dass sie \u00f6sterreichischem Recht unterliegt und keinerlei politische Agenda verfolgt. Die EU-Ma\u00dfnahmen seien daher g\u00e4nzlich unverh\u00e4ltnism\u00e4\u00dfig und schadeten in erster Linie den Studenten.<\/p>\n<p>Die Entscheidung reiht sich nahtlos in den anhaltenden Rosenkrieg zwischen der EU und der Regierung Orb\u00e1n ein, der in den letzten Jahren immer sch\u00e4rfer geworden ist. Br\u00fcssel hat eine Vielzahl ungarischer Institutionen ins Visier genommen \u2013 von Universit\u00e4ten \u00fcber Medien bis zu Nichtregierungsorganisationen. Offiziell f\u00fchrt die EU-Kommission dies auf angebliche rechtsstaatliche M\u00e4ngel und Korruptionsvorw\u00fcrfe zur\u00fcck. F\u00fcr Orb\u00e1n und sein Umfeld hingegen sind diese Sanktionen ein klarer Ausdruck politischer Doppelmoral und ein Versuch, einen ideologischen Kulturkampf zu f\u00fchren.<\/p>\n<p>Dass nun auch eine \u00f6sterreichische Universit\u00e4t in diesen Streit hineingezogen wird, hat weitreichende Folgen. Die neue t\u00fcrkis-blaue Regierung in Wien k\u00f6nnte sich gezwungen sehen, Stellung zu beziehen. Besonders die FP\u00d6, die traditionell eine kritische Haltung gegen\u00fcber Br\u00fcssel pflegt, wird mit Sicherheit die Entscheidung der EU-Kommission scharf verurteilen.<\/p>\n<p>Bis der Rechtsstreit gekl\u00e4rt ist, will die Modul University die Erasmus-Mobilit\u00e4t ihrer Studenten selbst finanzieren \u2013 immerhin sollen die jungen Leute nicht f\u00fcr Br\u00fcssels politische Spielchen b\u00fc\u00dfen. Zudem schaut die Universit\u00e4t nach Alternativen, damit ihre Studenten nicht auf der Strecke bleiben.<\/p>\n<p>Ob die EU ihre Entscheidung noch einmal \u00fcberdenkt, ist fraglich. Klar ist jedoch, dass die Frage, wie viel politische Einflussnahme in den Bereich der akademischen Freiheit geh\u00f6rt, die europ\u00e4ische Bildungslandschaft noch lange besch\u00e4ftigen wird \u2013 und vermutlich wird Br\u00fcssel noch \u00f6fter in die Kritik geraten.<\/p>\n<p><strong>Mehr zum Thema<\/strong>\u00a0\u2013\u00a0<a rel=\"nofollow noopener\" target=\"_blank\" href=\"https:\/\/freedert.online\/russland\/232267-rekordimporte-europa-setzt-weiter-auf-russisches-lng\/\">Rekordimporte: Europa setzt weiter auf russisches LNG<\/a><\/p>\n<div class=\"EmbedBlock-root EmbedBlock-externalVideo EmbedBlock-rumble\">\n<div class=\"VkEmbed\"><iframe class=\"lazyload\" data-src=\"https:\/\/rumble.com\/embed\/v6afqgd\" frameborder=\"0\" width=\"853\" height=\"480\" allowfullscreen><\/iframe><\/div>\n<\/div>\n<\/div>\n<p><br \/>\n<br \/><a href=\"https:\/\/de.rt.com\/oesterreich\/234311-bruessel-dreht-hahn-ab-modul\/\">Source link <\/a><\/p>\n","protected":false},"excerpt":{"rendered":"<p>Die EU-Kommission hat der Wiener Modul University die Teilnahme am Erasmus-Programm gestrichen, da sie mehrheitlich einer Viktor Orb\u00e1n nahestehenden Stiftung geh\u00f6rt. Kritiker werfen Br\u00fcssel politische Motivationen vor. Die Universit\u00e4t klagt, will aber Auslandsaufenthalte vorerst selbst finanzieren. Jetzt folgt die Vergeltung: Die Entscheidung der EU-Kommission, der Wiener Modul University die Teilnahme am Erasmus-Programm zu verweigern, beleuchtet [&hellip;]<\/p>\n","protected":false},"author":3,"featured_media":77159,"comment_status":"open","ping_status":"open","sticky":false,"template":"","format":"standard","meta":{"_yoast_indexnow_last_ping":["1737802323"],"wp_automatic_camp":["217"],"195889ebd18f6056326a1b4bf70d2149":["Br\u00fcssel dreht den Geldhahn zu: Wiener Universit\u00e4t als Zielscheibe im Machtkampf mit Orb\u00e1n"],"original_link":["https:\/\/de.rt.com\/oesterreich\/234311-bruessel-dreht-hahn-ab-modul\/"],"_thumbnail_id":["77159"],"jnews_social_counter_last_update":["1777184949"],"_wptgpro_p2tg_sent2tg":["a:1:{i:23737;s:19:\"2025-01-25 12:53:04\";}"]},"categories":[19,23],"tags":[273,17026,48,16694,62201,38552,419,6397,22286,11271,43620],"yoast_head":"<!-- This site is optimized with the Yoast SEO Premium plugin v22.7 (Yoast SEO v22.7) - https:\/\/yoast.com\/wordpress\/plugins\/seo\/ -->\n<title>Br\u00fcssel dreht den Geldhahn zu: Wiener Universit\u00e4t als Zielscheibe im Machtkampf mit Orb\u00e1n - just-now.NEWS Deutschland<\/title>\n<meta name=\"robots\" content=\"index, follow, max-snippet:-1, max-image-preview:large, max-video-preview:-1\" \/>\n<link rel=\"canonical\" href=\"https:\/\/now-news.de\/de\/deutschland\/bruessel-dreht-den-geldhahn-zu-wiener-universitaet-als-zielscheibe-im-machtkampf-mit-orban\/\" \/>\n<meta property=\"og:locale\" content=\"de_DE\" \/>\n<meta property=\"og:type\" content=\"article\" \/>\n<meta property=\"og:title\" content=\"Br\u00fcssel dreht den Geldhahn zu: Wiener Universit\u00e4t als Zielscheibe im Machtkampf mit Orb\u00e1n\" \/>\n<meta property=\"og:description\" content=\"Die EU-Kommission hat der Wiener Modul University die Teilnahme am Erasmus-Programm gestrichen, da sie mehrheitlich einer Viktor Orb\u00e1n nahestehenden Stiftung geh\u00f6rt. Kritiker werfen Br\u00fcssel politische Motivationen vor. Die Universit\u00e4t klagt, will aber Auslandsaufenthalte vorerst selbst finanzieren. Jetzt folgt die Vergeltung: Die Entscheidung der EU-Kommission, der Wiener Modul University die Teilnahme am Erasmus-Programm zu verweigern, beleuchtet [&hellip;]\" \/>\n<meta property=\"og:url\" content=\"https:\/\/now-news.de\/de\/deutschland\/bruessel-dreht-den-geldhahn-zu-wiener-universitaet-als-zielscheibe-im-machtkampf-mit-orban\/\" \/>\n<meta property=\"og:site_name\" content=\"just-now.NEWS Deutschland\" \/>\n<meta property=\"article:publisher\" content=\"https:\/\/www.facebook.com\/wirmachenauf\" \/>\n<meta property=\"article:published_time\" content=\"2025-01-25T10:45:40+00:00\" \/>\n<meta property=\"og:image\" content=\"https:\/\/now-news.de\/de\/wp-content\/uploads\/sites\/3\/2025\/01\/6794b61248fbef65cf092354.jpg\" \/>\n<meta name=\"author\" content=\"rtnews\" \/>\n<meta name=\"twitter:card\" content=\"summary_large_image\" \/>\n<meta name=\"twitter:creator\" content=\"@WirMachenAuf_de\" \/>\n<meta name=\"twitter:site\" content=\"@WirMachenAuf_de\" \/>\n<meta name=\"twitter:label1\" content=\"Verfasst von\" \/>\n\t<meta name=\"twitter:data1\" content=\"rtnews\" \/>\n\t<meta name=\"twitter:label2\" content=\"Gesch\u00e4tzte Lesezeit\" \/>\n\t<meta name=\"twitter:data2\" content=\"3\u00a0Minuten\" \/>\n<script type=\"application\/ld+json\" class=\"yoast-schema-graph\">{\"@context\":\"https:\/\/schema.org\",\"@graph\":[{\"@type\":\"Article\",\"@id\":\"https:\/\/now-news.de\/de\/deutschland\/bruessel-dreht-den-geldhahn-zu-wiener-universitaet-als-zielscheibe-im-machtkampf-mit-orban\/#article\",\"isPartOf\":{\"@id\":\"https:\/\/now-news.de\/de\/deutschland\/bruessel-dreht-den-geldhahn-zu-wiener-universitaet-als-zielscheibe-im-machtkampf-mit-orban\/\"},\"author\":{\"name\":\"rtnews\",\"@id\":\"https:\/\/now-news.de\/de\/#\/schema\/person\/fb534a4e865501d8b3285208df34a9b5\"},\"headline\":\"Br\u00fcssel dreht den Geldhahn zu: Wiener Universit\u00e4t als Zielscheibe im Machtkampf mit Orb\u00e1n\",\"datePublished\":\"2025-01-25T10:45:40+00:00\",\"dateModified\":\"2025-01-25T10:45:40+00:00\",\"mainEntityOfPage\":{\"@id\":\"https:\/\/now-news.de\/de\/deutschland\/bruessel-dreht-den-geldhahn-zu-wiener-universitaet-als-zielscheibe-im-machtkampf-mit-orban\/\"},\"wordCount\":663,\"commentCount\":0,\"publisher\":{\"@id\":\"https:\/\/now-news.de\/de\/#organization\"},\"image\":{\"@id\":\"https:\/\/now-news.de\/de\/deutschland\/bruessel-dreht-den-geldhahn-zu-wiener-universitaet-als-zielscheibe-im-machtkampf-mit-orban\/#primaryimage\"},\"thumbnailUrl\":\"https:\/\/now-news.de\/de\/wp-content\/uploads\/sites\/3\/2025\/01\/Bruessel-dreht-den-Geldhahn-zu-Wiener-Universitaet-als-Zielscheibe-im.jpg\",\"keywords\":[\"als\",\"Br\u00fcssel\",\"den\",\"dreht\",\"Geldhahn\",\"Machtkampf\",\"mit\",\"Orb\u00e1n\",\"Universit\u00e4t\",\"Wiener\",\"Zielscheibe\"],\"articleSection\":[\"Deutschland\",\"Russland\"],\"inLanguage\":\"de\",\"potentialAction\":[{\"@type\":\"CommentAction\",\"name\":\"Comment\",\"target\":[\"https:\/\/now-news.de\/de\/deutschland\/bruessel-dreht-den-geldhahn-zu-wiener-universitaet-als-zielscheibe-im-machtkampf-mit-orban\/#respond\"]}]},{\"@type\":\"WebPage\",\"@id\":\"https:\/\/now-news.de\/de\/deutschland\/bruessel-dreht-den-geldhahn-zu-wiener-universitaet-als-zielscheibe-im-machtkampf-mit-orban\/\",\"url\":\"https:\/\/now-news.de\/de\/deutschland\/bruessel-dreht-den-geldhahn-zu-wiener-universitaet-als-zielscheibe-im-machtkampf-mit-orban\/\",\"name\":\"Br\u00fcssel dreht den Geldhahn zu: Wiener Universit\u00e4t als Zielscheibe im Machtkampf mit Orb\u00e1n - just-now.NEWS Deutschland\",\"isPartOf\":{\"@id\":\"https:\/\/now-news.de\/de\/#website\"},\"primaryImageOfPage\":{\"@id\":\"https:\/\/now-news.de\/de\/deutschland\/bruessel-dreht-den-geldhahn-zu-wiener-universitaet-als-zielscheibe-im-machtkampf-mit-orban\/#primaryimage\"},\"image\":{\"@id\":\"https:\/\/now-news.de\/de\/deutschland\/bruessel-dreht-den-geldhahn-zu-wiener-universitaet-als-zielscheibe-im-machtkampf-mit-orban\/#primaryimage\"},\"thumbnailUrl\":\"https:\/\/now-news.de\/de\/wp-content\/uploads\/sites\/3\/2025\/01\/Bruessel-dreht-den-Geldhahn-zu-Wiener-Universitaet-als-Zielscheibe-im.jpg\",\"datePublished\":\"2025-01-25T10:45:40+00:00\",\"dateModified\":\"2025-01-25T10:45:40+00:00\",\"breadcrumb\":{\"@id\":\"https:\/\/now-news.de\/de\/deutschland\/bruessel-dreht-den-geldhahn-zu-wiener-universitaet-als-zielscheibe-im-machtkampf-mit-orban\/#breadcrumb\"},\"inLanguage\":\"de\",\"potentialAction\":[{\"@type\":\"ReadAction\",\"target\":[\"https:\/\/now-news.de\/de\/deutschland\/bruessel-dreht-den-geldhahn-zu-wiener-universitaet-als-zielscheibe-im-machtkampf-mit-orban\/\"]}]},{\"@type\":\"ImageObject\",\"inLanguage\":\"de\",\"@id\":\"https:\/\/now-news.de\/de\/deutschland\/bruessel-dreht-den-geldhahn-zu-wiener-universitaet-als-zielscheibe-im-machtkampf-mit-orban\/#primaryimage\",\"url\":\"https:\/\/now-news.de\/de\/wp-content\/uploads\/sites\/3\/2025\/01\/Bruessel-dreht-den-Geldhahn-zu-Wiener-Universitaet-als-Zielscheibe-im.jpg\",\"contentUrl\":\"https:\/\/now-news.de\/de\/wp-content\/uploads\/sites\/3\/2025\/01\/Bruessel-dreht-den-Geldhahn-zu-Wiener-Universitaet-als-Zielscheibe-im.jpg\",\"width\":460,\"height\":259,\"caption\":\"Br\u00fcssel dreht den Geldhahn zu: Wiener Universit\u00e4t als Zielscheibe im Machtkampf mit Orb\u00e1n\"},{\"@type\":\"BreadcrumbList\",\"@id\":\"https:\/\/now-news.de\/de\/deutschland\/bruessel-dreht-den-geldhahn-zu-wiener-universitaet-als-zielscheibe-im-machtkampf-mit-orban\/#breadcrumb\",\"itemListElement\":[{\"@type\":\"ListItem\",\"position\":1,\"name\":\"Home\",\"item\":\"https:\/\/now-news.de\/de\/\"},{\"@type\":\"ListItem\",\"position\":2,\"name\":\"Br\u00fcssel dreht den Geldhahn zu: Wiener Universit\u00e4t als Zielscheibe im Machtkampf mit Orb\u00e1n\"}]},{\"@type\":\"WebSite\",\"@id\":\"https:\/\/now-news.de\/de\/#website\",\"url\":\"https:\/\/now-news.de\/de\/\",\"name\":\"just-now.NEWS Deutschland\",\"description\":\"Das Portal f\u00fcr unzensierte Nachrichten aus der Welt\",\"publisher\":{\"@id\":\"https:\/\/now-news.de\/de\/#organization\"},\"potentialAction\":[{\"@type\":\"SearchAction\",\"target\":{\"@type\":\"EntryPoint\",\"urlTemplate\":\"https:\/\/now-news.de\/de\/?s={search_term_string}\"},\"query-input\":\"required name=search_term_string\"}],\"inLanguage\":\"de\"},{\"@type\":\"Organization\",\"@id\":\"https:\/\/now-news.de\/de\/#organization\",\"name\":\"Just Now News\",\"url\":\"https:\/\/now-news.de\/de\/\",\"logo\":{\"@type\":\"ImageObject\",\"inLanguage\":\"de\",\"@id\":\"https:\/\/now-news.de\/de\/#\/schema\/logo\/image\/\",\"url\":\"http:\/\/just-now.news\/de\/wp-content\/uploads\/sites\/3\/2022\/04\/logo500x500.jpg\",\"contentUrl\":\"http:\/\/just-now.news\/de\/wp-content\/uploads\/sites\/3\/2022\/04\/logo500x500.jpg\",\"width\":500,\"height\":500,\"caption\":\"Just Now News\"},\"image\":{\"@id\":\"https:\/\/now-news.de\/de\/#\/schema\/logo\/image\/\"},\"sameAs\":[\"https:\/\/www.facebook.com\/wirmachenauf\",\"https:\/\/x.com\/WirMachenAuf_de\"]},{\"@type\":\"Person\",\"@id\":\"https:\/\/now-news.de\/de\/#\/schema\/person\/fb534a4e865501d8b3285208df34a9b5\",\"name\":\"rtnews\",\"image\":{\"@type\":\"ImageObject\",\"inLanguage\":\"de\",\"@id\":\"https:\/\/now-news.de\/de\/#\/schema\/person\/image\/\",\"url\":\"https:\/\/secure.gravatar.com\/avatar\/82aafea7d8127119dd649515f56e2117?s=96&d=mm&r=g\",\"contentUrl\":\"https:\/\/secure.gravatar.com\/avatar\/82aafea7d8127119dd649515f56e2117?s=96&d=mm&r=g\",\"caption\":\"rtnews\"},\"url\":\"https:\/\/now-news.de\/de\/author\/rnews\/\"}]}<\/script>\n<!-- \/ Yoast SEO Premium plugin. -->","yoast_head_json":{"title":"Br\u00fcssel dreht den Geldhahn zu: Wiener Universit\u00e4t als Zielscheibe im Machtkampf mit Orb\u00e1n - just-now.NEWS Deutschland","robots":{"index":"index","follow":"follow","max-snippet":"max-snippet:-1","max-image-preview":"max-image-preview:large","max-video-preview":"max-video-preview:-1"},"canonical":"https:\/\/now-news.de\/de\/deutschland\/bruessel-dreht-den-geldhahn-zu-wiener-universitaet-als-zielscheibe-im-machtkampf-mit-orban\/","og_locale":"de_DE","og_type":"article","og_title":"Br\u00fcssel dreht den Geldhahn zu: Wiener Universit\u00e4t als Zielscheibe im Machtkampf mit Orb\u00e1n","og_description":"Die EU-Kommission hat der Wiener Modul University die Teilnahme am Erasmus-Programm gestrichen, da sie mehrheitlich einer Viktor Orb\u00e1n nahestehenden Stiftung geh\u00f6rt. Kritiker werfen Br\u00fcssel politische Motivationen vor. Die Universit\u00e4t klagt, will aber Auslandsaufenthalte vorerst selbst finanzieren. Jetzt folgt die Vergeltung: Die Entscheidung der EU-Kommission, der Wiener Modul University die Teilnahme am Erasmus-Programm zu verweigern, beleuchtet [&hellip;]","og_url":"https:\/\/now-news.de\/de\/deutschland\/bruessel-dreht-den-geldhahn-zu-wiener-universitaet-als-zielscheibe-im-machtkampf-mit-orban\/","og_site_name":"just-now.NEWS Deutschland","article_publisher":"https:\/\/www.facebook.com\/wirmachenauf","article_published_time":"2025-01-25T10:45:40+00:00","og_image":[{"url":"https:\/\/now-news.de\/de\/wp-content\/uploads\/sites\/3\/2025\/01\/6794b61248fbef65cf092354.jpg"}],"author":"rtnews","twitter_card":"summary_large_image","twitter_creator":"@WirMachenAuf_de","twitter_site":"@WirMachenAuf_de","twitter_misc":{"Verfasst von":"rtnews","Gesch\u00e4tzte Lesezeit":"3\u00a0Minuten"},"schema":{"@context":"https:\/\/schema.org","@graph":[{"@type":"Article","@id":"https:\/\/now-news.de\/de\/deutschland\/bruessel-dreht-den-geldhahn-zu-wiener-universitaet-als-zielscheibe-im-machtkampf-mit-orban\/#article","isPartOf":{"@id":"https:\/\/now-news.de\/de\/deutschland\/bruessel-dreht-den-geldhahn-zu-wiener-universitaet-als-zielscheibe-im-machtkampf-mit-orban\/"},"author":{"name":"rtnews","@id":"https:\/\/now-news.de\/de\/#\/schema\/person\/fb534a4e865501d8b3285208df34a9b5"},"headline":"Br\u00fcssel dreht den Geldhahn zu: Wiener Universit\u00e4t als Zielscheibe im Machtkampf mit Orb\u00e1n","datePublished":"2025-01-25T10:45:40+00:00","dateModified":"2025-01-25T10:45:40+00:00","mainEntityOfPage":{"@id":"https:\/\/now-news.de\/de\/deutschland\/bruessel-dreht-den-geldhahn-zu-wiener-universitaet-als-zielscheibe-im-machtkampf-mit-orban\/"},"wordCount":663,"commentCount":0,"publisher":{"@id":"https:\/\/now-news.de\/de\/#organization"},"image":{"@id":"https:\/\/now-news.de\/de\/deutschland\/bruessel-dreht-den-geldhahn-zu-wiener-universitaet-als-zielscheibe-im-machtkampf-mit-orban\/#primaryimage"},"thumbnailUrl":"https:\/\/now-news.de\/de\/wp-content\/uploads\/sites\/3\/2025\/01\/Bruessel-dreht-den-Geldhahn-zu-Wiener-Universitaet-als-Zielscheibe-im.jpg","keywords":["als","Br\u00fcssel","den","dreht","Geldhahn","Machtkampf","mit","Orb\u00e1n","Universit\u00e4t","Wiener","Zielscheibe"],"articleSection":["Deutschland","Russland"],"inLanguage":"de","potentialAction":[{"@type":"CommentAction","name":"Comment","target":["https:\/\/now-news.de\/de\/deutschland\/bruessel-dreht-den-geldhahn-zu-wiener-universitaet-als-zielscheibe-im-machtkampf-mit-orban\/#respond"]}]},{"@type":"WebPage","@id":"https:\/\/now-news.de\/de\/deutschland\/bruessel-dreht-den-geldhahn-zu-wiener-universitaet-als-zielscheibe-im-machtkampf-mit-orban\/","url":"https:\/\/now-news.de\/de\/deutschland\/bruessel-dreht-den-geldhahn-zu-wiener-universitaet-als-zielscheibe-im-machtkampf-mit-orban\/","name":"Br\u00fcssel dreht den Geldhahn zu: Wiener Universit\u00e4t als Zielscheibe im Machtkampf mit Orb\u00e1n - just-now.NEWS Deutschland","isPartOf":{"@id":"https:\/\/now-news.de\/de\/#website"},"primaryImageOfPage":{"@id":"https:\/\/now-news.de\/de\/deutschland\/bruessel-dreht-den-geldhahn-zu-wiener-universitaet-als-zielscheibe-im-machtkampf-mit-orban\/#primaryimage"},"image":{"@id":"https:\/\/now-news.de\/de\/deutschland\/bruessel-dreht-den-geldhahn-zu-wiener-universitaet-als-zielscheibe-im-machtkampf-mit-orban\/#primaryimage"},"thumbnailUrl":"https:\/\/now-news.de\/de\/wp-content\/uploads\/sites\/3\/2025\/01\/Bruessel-dreht-den-Geldhahn-zu-Wiener-Universitaet-als-Zielscheibe-im.jpg","datePublished":"2025-01-25T10:45:40+00:00","dateModified":"2025-01-25T10:45:40+00:00","breadcrumb":{"@id":"https:\/\/now-news.de\/de\/deutschland\/bruessel-dreht-den-geldhahn-zu-wiener-universitaet-als-zielscheibe-im-machtkampf-mit-orban\/#breadcrumb"},"inLanguage":"de","potentialAction":[{"@type":"ReadAction","target":["https:\/\/now-news.de\/de\/deutschland\/bruessel-dreht-den-geldhahn-zu-wiener-universitaet-als-zielscheibe-im-machtkampf-mit-orban\/"]}]},{"@type":"ImageObject","inLanguage":"de","@id":"https:\/\/now-news.de\/de\/deutschland\/bruessel-dreht-den-geldhahn-zu-wiener-universitaet-als-zielscheibe-im-machtkampf-mit-orban\/#primaryimage","url":"https:\/\/now-news.de\/de\/wp-content\/uploads\/sites\/3\/2025\/01\/Bruessel-dreht-den-Geldhahn-zu-Wiener-Universitaet-als-Zielscheibe-im.jpg","contentUrl":"https:\/\/now-news.de\/de\/wp-content\/uploads\/sites\/3\/2025\/01\/Bruessel-dreht-den-Geldhahn-zu-Wiener-Universitaet-als-Zielscheibe-im.jpg","width":460,"height":259,"caption":"Br\u00fcssel dreht den Geldhahn zu: Wiener Universit\u00e4t als Zielscheibe im Machtkampf mit Orb\u00e1n"},{"@type":"BreadcrumbList","@id":"https:\/\/now-news.de\/de\/deutschland\/bruessel-dreht-den-geldhahn-zu-wiener-universitaet-als-zielscheibe-im-machtkampf-mit-orban\/#breadcrumb","itemListElement":[{"@type":"ListItem","position":1,"name":"Home","item":"https:\/\/now-news.de\/de\/"},{"@type":"ListItem","position":2,"name":"Br\u00fcssel dreht den Geldhahn zu: Wiener Universit\u00e4t als Zielscheibe im Machtkampf mit Orb\u00e1n"}]},{"@type":"WebSite","@id":"https:\/\/now-news.de\/de\/#website","url":"https:\/\/now-news.de\/de\/","name":"just-now.NEWS Deutschland","description":"Das Portal f\u00fcr unzensierte Nachrichten aus der Welt","publisher":{"@id":"https:\/\/now-news.de\/de\/#organization"},"potentialAction":[{"@type":"SearchAction","target":{"@type":"EntryPoint","urlTemplate":"https:\/\/now-news.de\/de\/?s={search_term_string}"},"query-input":"required name=search_term_string"}],"inLanguage":"de"},{"@type":"Organization","@id":"https:\/\/now-news.de\/de\/#organization","name":"Just Now News","url":"https:\/\/now-news.de\/de\/","logo":{"@type":"ImageObject","inLanguage":"de","@id":"https:\/\/now-news.de\/de\/#\/schema\/logo\/image\/","url":"http:\/\/just-now.news\/de\/wp-content\/uploads\/sites\/3\/2022\/04\/logo500x500.jpg","contentUrl":"http:\/\/just-now.news\/de\/wp-content\/uploads\/sites\/3\/2022\/04\/logo500x500.jpg","width":500,"height":500,"caption":"Just Now News"},"image":{"@id":"https:\/\/now-news.de\/de\/#\/schema\/logo\/image\/"},"sameAs":["https:\/\/www.facebook.com\/wirmachenauf","https:\/\/x.com\/WirMachenAuf_de"]},{"@type":"Person","@id":"https:\/\/now-news.de\/de\/#\/schema\/person\/fb534a4e865501d8b3285208df34a9b5","name":"rtnews","image":{"@type":"ImageObject","inLanguage":"de","@id":"https:\/\/now-news.de\/de\/#\/schema\/person\/image\/","url":"https:\/\/secure.gravatar.com\/avatar\/82aafea7d8127119dd649515f56e2117?s=96&d=mm&r=g","contentUrl":"https:\/\/secure.gravatar.com\/avatar\/82aafea7d8127119dd649515f56e2117?s=96&d=mm&r=g","caption":"rtnews"},"url":"https:\/\/now-news.de\/de\/author\/rnews\/"}]}},"_links":{"self":[{"href":"https:\/\/now-news.de\/de\/wp-json\/wp\/v2\/posts\/77158"}],"collection":[{"href":"https:\/\/now-news.de\/de\/wp-json\/wp\/v2\/posts"}],"about":[{"href":"https:\/\/now-news.de\/de\/wp-json\/wp\/v2\/types\/post"}],"author":[{"embeddable":true,"href":"https:\/\/now-news.de\/de\/wp-json\/wp\/v2\/users\/3"}],"replies":[{"embeddable":true,"href":"https:\/\/now-news.de\/de\/wp-json\/wp\/v2\/comments?post=77158"}],"version-history":[{"count":0,"href":"https:\/\/now-news.de\/de\/wp-json\/wp\/v2\/posts\/77158\/revisions"}],"wp:featuredmedia":[{"embeddable":true,"href":"https:\/\/now-news.de\/de\/wp-json\/wp\/v2\/media\/77159"}],"wp:attachment":[{"href":"https:\/\/now-news.de\/de\/wp-json\/wp\/v2\/media?parent=77158"}],"wp:term":[{"taxonomy":"category","embeddable":true,"href":"https:\/\/now-news.de\/de\/wp-json\/wp\/v2\/categories?post=77158"},{"taxonomy":"post_tag","embeddable":true,"href":"https:\/\/now-news.de\/de\/wp-json\/wp\/v2\/tags?post=77158"}],"curies":[{"name":"wp","href":"https:\/\/api.w.org\/{rel}","templated":true}]}}