{"id":77139,"date":"2025-01-25T08:00:00","date_gmt":"2025-01-25T06:00:00","guid":{"rendered":"https:\/\/now-news.de\/de\/deutschland\/wer-braucht-eigentlich-noch-die-spd\/"},"modified":"2025-01-25T08:00:00","modified_gmt":"2025-01-25T06:00:00","slug":"wer-braucht-eigentlich-noch-die-spd","status":"publish","type":"post","link":"https:\/\/now-news.de\/de\/deutschland\/wer-braucht-eigentlich-noch-die-spd\/","title":{"rendered":"Wer braucht eigentlich noch die SPD?"},"content":{"rendered":"<p><img decoding=\"async\" src=\"https:\/\/now-news.de\/de\/wp-content\/uploads\/sites\/3\/2025\/01\/678e5fce48fbef0a1f71b936.jpg\" \/><\/p>\n<div class=\"Text-root Text-type_1 \">\n                Die beiden ehemaligen Volksparteien CDU und SPD zerfallen seit Jahren \u2013 die Kanzlerschaft von Olaf Scholz hat den Sozialdemokraten einen weiteren Abstieg  gegen\u00fcber den Christdemokraten verpasst. Kurz vor den Bundestagswahlen befindet sich die SPD personell und inhaltlich auf dem Tiefpunkt.\n            <\/div>\n<p><\/p>\n<div class=\"Text-root Text-type_5 ArticleView-text ViewText-root \">\n<p><em>Von Hans-Hermann Blaschke<\/em><\/p>\n<p>Die einstige stolze Arbeiterpartei SPD ist in den vergangenen Jahren zu einer gesichtslosen, von globalen Agenden und den Gr\u00fcnen getriebenen reinen Funktion\u00e4rspartei geworden. Sie k\u00fcmmert sich um alles, aber eben nicht um die deutsche Arbeiterschaft. Insbesondere die westdeutsche Boomer-W\u00e4hlerschaft wie auch die Politiker selbst sind Teil eines schleichenden, gesellschaftlichen Zerfallsprozess geworden, der in der Zeit der unseligen Ampel-Regierung seinen H\u00f6hepunkt gefunden hat.<\/p>\n<p><strong>&#8220;Corona-Krise&#8221;<\/strong><\/p>\n<p>Inmitten der tiefsten &#8220;Corona-Zeit&#8221; \u00fcbernahm Olaf Scholz 2021 das Kanzleramt \u2013 nachdem der CDU-Kandidat Armin Laschet mithilfe der deutschen Mainstream-Presse zuvor <a rel=\"nofollow noopener\" target=\"_blank\" href=\"https:\/\/freedert.online\/inland\/121275-lachen-mit-folgen-laschet-liegt\/\">ausgebootet<\/a> worden war. Im August \u2013 kurz vor der Wahl \u2013 betonte Scholz noch: &#8220;Wir haben jetzt keine Impfpflicht und wollen sie auch nicht einf\u00fchren.&#8221; Nur drei Monate sp\u00e4ter <a rel=\"nofollow noopener\" target=\"_blank\" href=\"https:\/\/www.spiegel.de\/politik\/deutschland\/corona-impfpflicht-wie-sich-die-aussagen-der-politik-geaendert-haben-a-75ab35b0-29c8-4547-bf3e-c40fe13dce38\">hie\u00df es dann<\/a>: &#8220;Meines Erachtens ist es wichtig, dass wir eine allgemeine Impfpflicht etablieren.&#8221; Auf Parteitagen r\u00fchrte man ordentlich die Werbetrommel f\u00fcr die <a rel=\"nofollow noopener\" target=\"_blank\" href=\"https:\/\/freedert.online\/inland\/128511-marktgerechte-demokratie-pfizer-microsoft-und\/\">beteiligten Firmen<\/a> rund um die WEF-Agenda &#8220;Covid-19 \u2013 The Great Reset&#8221;. Seit Dezember war Karl Lauterbach als Gesundheitsminister das bundesweite Gesicht f\u00fcr den wohl gr\u00f6\u00dften Medizinskandal in der Geschichte der Bundesrepublik \u2013 der bis heute auf eine umfassende Aufarbeitung wartet. Bis heute leugnen gro\u00dfe Teile der SPD sowohl den <a rel=\"nofollow noopener\" target=\"_blank\" href=\"https:\/\/freedert.online\/kurzclips\/video\/233478-scholz-in-wolfsburg-post-vac\/\">katastrophalen Effekt der &#8220;Impfungen&#8221;<\/a> als auch der anderen <a rel=\"nofollow noopener\" target=\"_blank\" href=\"https:\/\/freedert.online\/inland\/222100-bundesregierung-verkuendet-bis-auf-weiteres\/\">damals getroffenen &#8220;Ma\u00dfnahmen&#8221;<\/a>.<\/p>\n<p><strong><\/strong><strong>Wirtschaftszerst\u00f6rer: Alles f\u00fcr die Ukraine und das Klima<\/strong><\/p>\n<p>Vor allem durch die verordneten &#8220;Lockdowns&#8221; der SPD gef\u00fchrten Ampel geriet die Bundesrepublik in die bis heute anhaltende, gr\u00f6\u00dfte Wirtschaftskrise ihrer Geschichte. Der B\u00fcrger musste zu Hause sitzen, der Mittelstand wurde zugunsten meist gro\u00dfer IT-Konzerne aus den USA rasiert und die Inflation <a>\u2013<\/a> die Enteignung der B\u00fcrger zugunsten der Staatsschulden \u2013 grassiert bis heute auf hohem Niveau.<\/p>\n<p>Unvergessen, als Kanzler Scholz tatenlos in Washington und inmitten des <a rel=\"nofollow noopener\" target=\"_blank\" href=\"https:\/\/www.transparency.de\/aktuelles\/detail\/article\/beihilfe-zur-steuerhinterziehung-strafanzeige-gegen-olaf-scholz-im-cum-ex-skandal\">Cum-Ex-Skandals<\/a> im Februar 2022 neben US-Pr\u00e4sident Joe Biden stand, als dieser offen mit dem Aus f\u00fcr Nord Stream 2 drohte, falls es in der Ukraine zu einer russischen Intervention kommen sollte. Ein gutes halbes Jahr sp\u00e4ter war es mit der deutsch-russischen Pipeline dann auch vorbei. Die Energiepreise gingen durch die Decke und die deutsche Industrie baut seitdem massiv Arbeitspl\u00e4tze ab oder hat sich bereits ins Ausland verabschiedet.<\/p>\n<p>Parallel lie\u00df man Millionen von Ukrainern ungepr\u00fcft ins Land. Die Genossen Michael Roth, Vorsitzender des Ausw\u00e4rtigen Ausschusses des Deutschen Bundestages sowie Verteidigungsminister Boris Pistorius trommelten f\u00fcr immer mehr Waffen f\u00fcr die Ukraine \u2013 letzterer forderte sogar dazu auf, eine deutsche &#8220;<a rel=\"nofollow noopener\" target=\"_blank\" href=\"https:\/\/freedert.online\/meinung\/229998-deutschlands-kriegstuechtige-zukunft-dank-unermuedlichen\/\">Kriegst\u00fcchtigkeit<\/a>&#8221; zu entwickeln. Diese entsprach letztlich der Scholzschen Agenda der im Jahr 2022 verk\u00fcndeten Zeitenwende, die bei 5.000 Helmen f\u00fcr die Ukraine anfing und bei deutschen Panzern endete. Es scheint daher auch nur eine Frage der Zeit gewesen zu sein, bis &#8220;Friedenskanzler&#8221; Scholz auch beim Thema Taurus <a rel=\"nofollow noopener\" target=\"_blank\" href=\"https:\/\/freedert.online\/inland\/227977-zeichen-solidaritaet-bundeskanzler-olaf-scholz\/\">eingeknickt<\/a> w\u00e4re.<\/p>\n<p>Ein Glanzst\u00fcck sozialdemokratischer Kanzlerschaft war auch die Tat, in Zeiten der gr\u00f6\u00dften Energiekrise auch noch die letzten Atomkraftwerke vom Netz zu nehmen. F\u00fcr den Kampf gegen den Klimawandel ist in der Bundesrepublik aber bekanntlich kein Preis zu hoch, auch wenn sich die Energiewende als doch etwas teurer als die einstmals von J\u00fcrgen Trittin mit einer Kugel Eis prognostizierten Kosten darstellt.<\/p>\n<p><strong>Migration und &#8220;Kampf gegen rechts&#8221;<\/strong><\/p>\n<p>Nicht nur Ukrainer, sondern auch unz\u00e4hligen Menschen aus Nahost und Nordafrika \u00f6ffnete \u2013 Corona hin oder her \u2013 in der Tradition einer sozialdemokratisch gewendeten CDU unter Angela Merkel, die Scholz-SPD T\u00fcr und Tor \u2013 trotz oft angek\u00fcndigter, aber nie umgesetzter &#8220;Law-and-Order&#8221;-Politik. Abgesehen von der enormen Menge an Steuergeldern, die f\u00fcr Transferleistungen wie das neu geschaffene B\u00fcrgergeld vor allem Arbeitnehmer finanziell bluten lassen, hat sich die Sicherheitslage in der Bundesrepublik massiv versch\u00e4rft.<\/p>\n<p>Die feigen islamistischen Terroranschl\u00e4ge von Solingen und Magdeburg sind nur die H\u00f6hepunkte einer katastrophalen Migrationspolitik, in der sich die deutsche Gesellschaft an t\u00e4gliche Messerdelikte und sexuelle \u00dcbergriffe durch angebliche Fachkr\u00e4fte fast schon gew\u00f6hnt hat. Anstatt diesbez\u00fcglich entgegenzuwirken, hat sich die sozialdemokratische Innenministerin Nancy Faeser bekanntlich den &#8220;Kampf gegen rechts&#8221; und gegen &#8220;russische Desinformation&#8221; auf die Fahne geschrieben.<\/p>\n<p>Da k\u00f6nnen eigenm\u00e4chtig \u00fcber Nacht schon mal einschl\u00e4gige Magazine <a rel=\"nofollow noopener\" target=\"_blank\" href=\"https:\/\/freedert.online\/kurzclips\/video\/215858-werden-sie-wegen-boeser-klatsche\/\">verboten<\/a>, lang gediente Pr\u00e4sidenten des Bundesamtes f\u00fcr Sicherheit in der Informationstechnik v<a rel=\"nofollow noopener\" target=\"_blank\" href=\"https:\/\/freedert.online\/kurzclips\/video\/181440-schoenbohm-affaere-afd-beantragt-faeser\/\">or die T\u00fcr gesetzt<\/a> oder bundesweit zu Demonstrationen gegen die AfD <a rel=\"nofollow noopener\" target=\"_blank\" href=\"https:\/\/freedert.online\/inland\/192824-von-demonstrationen-aufmaerschen-und-verkehrten\/\">aufgerufen werden<\/a> \u2013 auch wenn sich die medial befeuerten Vorw\u00fcrfe um angebliche Geheimtreffen in Potsdam als <a rel=\"nofollow noopener\" target=\"_blank\" href=\"https:\/\/freedert.online\/inland\/229206-klage-abgewiesen-von-storch-darf-correctiv-dreckige-luegen-vorwerfen\/\">erstunken und erlogen<\/a> herausstellt haben.<\/p>\n<p>Das hypermoralische Gebaren von weiteren Spitzenfunktion\u00e4ren wie Saskia Esken, Lars Klingbeil oder Kevin K\u00fchnert \u2013 der noch rechtzeitig den Absprung aus dem sozialdemokratischen &#8220;Regierungsstadl&#8221; geschafft hatte, zeigen: Die SPD ist am Ende.<\/p>\n<p>Sie wird \u2013 wie die westdeutschen Boomer, die sie sicherlich am 23. Februar noch einmal w\u00e4hlen \u2013 und protegiert vom besten Bundespr\u00e4sidenten aller Zeiten demn\u00e4chst als schlichtweg politisch verbraucht in die Geschichte eingehen; was nicht zuletzt durch das traurige Schicksal anderer sozialistischer, genauer gesagt zumindest noch dem Namen nach &#8220;sozialdemokratischer&#8221; Parteien in Europa best\u00e4tigt wird. Doch die Konkurrenz sollte sich nicht zu fr\u00fch freuen: Die CDU hat mit dem designierten Kanzler Friedrich Merz bereits ihren eigenen Scholz ins Rennen f\u00fcr einen weiteren Niedergang geschickt \u2013 den der Christdemokraten.<\/p>\n<p><strong>Mehr zum Thema<\/strong> \u2013 <a rel=\"nofollow noopener\" target=\"_blank\" href=\"https:\/\/freedert.online\/inland\/216899-steinmeier-im-interview-wer-demokratie\/\">Steinmeier: &#8220;Wer die Demokratie angreift, in dessen H\u00e4nde darf Macht nicht gelangen&#8221;<\/a><\/p>\n<\/div>\n<p><br \/>\n<br \/><a href=\"https:\/\/de.rt.com\/meinung\/233664-wer-braucht-eigentlich-noch-spd\/\">Source link <\/a><\/p>\n","protected":false},"excerpt":{"rendered":"<p>Die beiden ehemaligen Volksparteien CDU und SPD zerfallen seit Jahren \u2013 die Kanzlerschaft von Olaf Scholz hat den Sozialdemokraten einen weiteren Abstieg gegen\u00fcber den Christdemokraten verpasst. Kurz vor den Bundestagswahlen befindet sich die SPD personell und inhaltlich auf dem Tiefpunkt. Von Hans-Hermann Blaschke Die einstige stolze Arbeiterpartei SPD ist in den vergangenen Jahren zu einer [&hellip;]<\/p>\n","protected":false},"author":3,"featured_media":77140,"comment_status":"open","ping_status":"open","sticky":false,"template":"","format":"standard","meta":{"_yoast_indexnow_last_ping":["1737784983"],"wp_automatic_camp":["217"],"48ce88cd73246cb47f51e515365600a1":["Wer braucht eigentlich noch die SPD?"],"original_link":["https:\/\/de.rt.com\/meinung\/233664-wer-braucht-eigentlich-noch-spd\/"],"_thumbnail_id":["77140"],"jnews_social_counter_last_update":["1777309064"],"_wptgpro_p2tg_sent2tg":["a:1:{i:23737;s:19:\"2025-01-25 08:04:09\";}"]},"categories":[19,23],"tags":[8879,45,26696,1674,3814,8965],"yoast_head":"<!-- This site is optimized with the Yoast SEO Premium plugin v22.7 (Yoast SEO v22.7) - https:\/\/yoast.com\/wordpress\/plugins\/seo\/ -->\n<title>Wer braucht eigentlich noch die SPD? - just-now.NEWS Deutschland<\/title>\n<meta name=\"robots\" content=\"index, follow, max-snippet:-1, max-image-preview:large, max-video-preview:-1\" \/>\n<link rel=\"canonical\" href=\"https:\/\/now-news.de\/de\/deutschland\/wer-braucht-eigentlich-noch-die-spd\/\" \/>\n<meta property=\"og:locale\" content=\"de_DE\" \/>\n<meta property=\"og:type\" content=\"article\" \/>\n<meta property=\"og:title\" content=\"Wer braucht eigentlich noch die SPD?\" \/>\n<meta property=\"og:description\" content=\"Die beiden ehemaligen Volksparteien CDU und SPD zerfallen seit Jahren \u2013 die Kanzlerschaft von Olaf Scholz hat den Sozialdemokraten einen weiteren Abstieg gegen\u00fcber den Christdemokraten verpasst. Kurz vor den Bundestagswahlen befindet sich die SPD personell und inhaltlich auf dem Tiefpunkt. Von Hans-Hermann Blaschke Die einstige stolze Arbeiterpartei SPD ist in den vergangenen Jahren zu einer [&hellip;]\" \/>\n<meta property=\"og:url\" content=\"https:\/\/now-news.de\/de\/deutschland\/wer-braucht-eigentlich-noch-die-spd\/\" \/>\n<meta property=\"og:site_name\" content=\"just-now.NEWS Deutschland\" \/>\n<meta property=\"article:publisher\" content=\"https:\/\/www.facebook.com\/wirmachenauf\" \/>\n<meta property=\"article:published_time\" content=\"2025-01-25T06:00:00+00:00\" \/>\n<meta property=\"og:image\" content=\"https:\/\/now-news.de\/de\/wp-content\/uploads\/sites\/3\/2025\/01\/678e5fce48fbef0a1f71b936.jpg\" \/>\n<meta name=\"author\" content=\"rtnews\" \/>\n<meta name=\"twitter:card\" content=\"summary_large_image\" \/>\n<meta name=\"twitter:creator\" content=\"@WirMachenAuf_de\" \/>\n<meta name=\"twitter:site\" content=\"@WirMachenAuf_de\" \/>\n<meta name=\"twitter:label1\" content=\"Verfasst von\" \/>\n\t<meta name=\"twitter:data1\" content=\"rtnews\" \/>\n\t<meta name=\"twitter:label2\" content=\"Gesch\u00e4tzte Lesezeit\" \/>\n\t<meta name=\"twitter:data2\" content=\"4\u00a0Minuten\" \/>\n<script type=\"application\/ld+json\" class=\"yoast-schema-graph\">{\"@context\":\"https:\/\/schema.org\",\"@graph\":[{\"@type\":\"Article\",\"@id\":\"https:\/\/now-news.de\/de\/deutschland\/wer-braucht-eigentlich-noch-die-spd\/#article\",\"isPartOf\":{\"@id\":\"https:\/\/now-news.de\/de\/deutschland\/wer-braucht-eigentlich-noch-die-spd\/\"},\"author\":{\"name\":\"rtnews\",\"@id\":\"https:\/\/now-news.de\/de\/#\/schema\/person\/fb534a4e865501d8b3285208df34a9b5\"},\"headline\":\"Wer braucht eigentlich noch die SPD?\",\"datePublished\":\"2025-01-25T06:00:00+00:00\",\"dateModified\":\"2025-01-25T06:00:00+00:00\",\"mainEntityOfPage\":{\"@id\":\"https:\/\/now-news.de\/de\/deutschland\/wer-braucht-eigentlich-noch-die-spd\/\"},\"wordCount\":902,\"commentCount\":0,\"publisher\":{\"@id\":\"https:\/\/now-news.de\/de\/#organization\"},\"image\":{\"@id\":\"https:\/\/now-news.de\/de\/deutschland\/wer-braucht-eigentlich-noch-die-spd\/#primaryimage\"},\"thumbnailUrl\":\"https:\/\/now-news.de\/de\/wp-content\/uploads\/sites\/3\/2025\/01\/Wer-braucht-eigentlich-noch-die-SPD.jpg\",\"keywords\":[\"braucht\",\"die\",\"eigentlich\",\"noch\",\"SPD\",\"Wer\"],\"articleSection\":[\"Deutschland\",\"Russland\"],\"inLanguage\":\"de\",\"potentialAction\":[{\"@type\":\"CommentAction\",\"name\":\"Comment\",\"target\":[\"https:\/\/now-news.de\/de\/deutschland\/wer-braucht-eigentlich-noch-die-spd\/#respond\"]}]},{\"@type\":\"WebPage\",\"@id\":\"https:\/\/now-news.de\/de\/deutschland\/wer-braucht-eigentlich-noch-die-spd\/\",\"url\":\"https:\/\/now-news.de\/de\/deutschland\/wer-braucht-eigentlich-noch-die-spd\/\",\"name\":\"Wer braucht eigentlich noch die SPD? - just-now.NEWS Deutschland\",\"isPartOf\":{\"@id\":\"https:\/\/now-news.de\/de\/#website\"},\"primaryImageOfPage\":{\"@id\":\"https:\/\/now-news.de\/de\/deutschland\/wer-braucht-eigentlich-noch-die-spd\/#primaryimage\"},\"image\":{\"@id\":\"https:\/\/now-news.de\/de\/deutschland\/wer-braucht-eigentlich-noch-die-spd\/#primaryimage\"},\"thumbnailUrl\":\"https:\/\/now-news.de\/de\/wp-content\/uploads\/sites\/3\/2025\/01\/Wer-braucht-eigentlich-noch-die-SPD.jpg\",\"datePublished\":\"2025-01-25T06:00:00+00:00\",\"dateModified\":\"2025-01-25T06:00:00+00:00\",\"breadcrumb\":{\"@id\":\"https:\/\/now-news.de\/de\/deutschland\/wer-braucht-eigentlich-noch-die-spd\/#breadcrumb\"},\"inLanguage\":\"de\",\"potentialAction\":[{\"@type\":\"ReadAction\",\"target\":[\"https:\/\/now-news.de\/de\/deutschland\/wer-braucht-eigentlich-noch-die-spd\/\"]}]},{\"@type\":\"ImageObject\",\"inLanguage\":\"de\",\"@id\":\"https:\/\/now-news.de\/de\/deutschland\/wer-braucht-eigentlich-noch-die-spd\/#primaryimage\",\"url\":\"https:\/\/now-news.de\/de\/wp-content\/uploads\/sites\/3\/2025\/01\/Wer-braucht-eigentlich-noch-die-SPD.jpg\",\"contentUrl\":\"https:\/\/now-news.de\/de\/wp-content\/uploads\/sites\/3\/2025\/01\/Wer-braucht-eigentlich-noch-die-SPD.jpg\",\"width\":460,\"height\":259,\"caption\":\"Wer braucht eigentlich noch die SPD?\"},{\"@type\":\"BreadcrumbList\",\"@id\":\"https:\/\/now-news.de\/de\/deutschland\/wer-braucht-eigentlich-noch-die-spd\/#breadcrumb\",\"itemListElement\":[{\"@type\":\"ListItem\",\"position\":1,\"name\":\"Home\",\"item\":\"https:\/\/now-news.de\/de\/\"},{\"@type\":\"ListItem\",\"position\":2,\"name\":\"Wer braucht eigentlich noch die SPD?\"}]},{\"@type\":\"WebSite\",\"@id\":\"https:\/\/now-news.de\/de\/#website\",\"url\":\"https:\/\/now-news.de\/de\/\",\"name\":\"just-now.NEWS Deutschland\",\"description\":\"Das Portal f\u00fcr unzensierte Nachrichten aus der Welt\",\"publisher\":{\"@id\":\"https:\/\/now-news.de\/de\/#organization\"},\"potentialAction\":[{\"@type\":\"SearchAction\",\"target\":{\"@type\":\"EntryPoint\",\"urlTemplate\":\"https:\/\/now-news.de\/de\/?s={search_term_string}\"},\"query-input\":\"required name=search_term_string\"}],\"inLanguage\":\"de\"},{\"@type\":\"Organization\",\"@id\":\"https:\/\/now-news.de\/de\/#organization\",\"name\":\"Just Now News\",\"url\":\"https:\/\/now-news.de\/de\/\",\"logo\":{\"@type\":\"ImageObject\",\"inLanguage\":\"de\",\"@id\":\"https:\/\/now-news.de\/de\/#\/schema\/logo\/image\/\",\"url\":\"http:\/\/just-now.news\/de\/wp-content\/uploads\/sites\/3\/2022\/04\/logo500x500.jpg\",\"contentUrl\":\"http:\/\/just-now.news\/de\/wp-content\/uploads\/sites\/3\/2022\/04\/logo500x500.jpg\",\"width\":500,\"height\":500,\"caption\":\"Just Now News\"},\"image\":{\"@id\":\"https:\/\/now-news.de\/de\/#\/schema\/logo\/image\/\"},\"sameAs\":[\"https:\/\/www.facebook.com\/wirmachenauf\",\"https:\/\/x.com\/WirMachenAuf_de\"]},{\"@type\":\"Person\",\"@id\":\"https:\/\/now-news.de\/de\/#\/schema\/person\/fb534a4e865501d8b3285208df34a9b5\",\"name\":\"rtnews\",\"image\":{\"@type\":\"ImageObject\",\"inLanguage\":\"de\",\"@id\":\"https:\/\/now-news.de\/de\/#\/schema\/person\/image\/\",\"url\":\"https:\/\/secure.gravatar.com\/avatar\/82aafea7d8127119dd649515f56e2117?s=96&d=mm&r=g\",\"contentUrl\":\"https:\/\/secure.gravatar.com\/avatar\/82aafea7d8127119dd649515f56e2117?s=96&d=mm&r=g\",\"caption\":\"rtnews\"},\"url\":\"https:\/\/now-news.de\/de\/author\/rnews\/\"}]}<\/script>\n<!-- \/ Yoast SEO Premium plugin. -->","yoast_head_json":{"title":"Wer braucht eigentlich noch die SPD? - just-now.NEWS Deutschland","robots":{"index":"index","follow":"follow","max-snippet":"max-snippet:-1","max-image-preview":"max-image-preview:large","max-video-preview":"max-video-preview:-1"},"canonical":"https:\/\/now-news.de\/de\/deutschland\/wer-braucht-eigentlich-noch-die-spd\/","og_locale":"de_DE","og_type":"article","og_title":"Wer braucht eigentlich noch die SPD?","og_description":"Die beiden ehemaligen Volksparteien CDU und SPD zerfallen seit Jahren \u2013 die Kanzlerschaft von Olaf Scholz hat den Sozialdemokraten einen weiteren Abstieg gegen\u00fcber den Christdemokraten verpasst. Kurz vor den Bundestagswahlen befindet sich die SPD personell und inhaltlich auf dem Tiefpunkt. Von Hans-Hermann Blaschke Die einstige stolze Arbeiterpartei SPD ist in den vergangenen Jahren zu einer [&hellip;]","og_url":"https:\/\/now-news.de\/de\/deutschland\/wer-braucht-eigentlich-noch-die-spd\/","og_site_name":"just-now.NEWS Deutschland","article_publisher":"https:\/\/www.facebook.com\/wirmachenauf","article_published_time":"2025-01-25T06:00:00+00:00","og_image":[{"url":"https:\/\/now-news.de\/de\/wp-content\/uploads\/sites\/3\/2025\/01\/678e5fce48fbef0a1f71b936.jpg"}],"author":"rtnews","twitter_card":"summary_large_image","twitter_creator":"@WirMachenAuf_de","twitter_site":"@WirMachenAuf_de","twitter_misc":{"Verfasst von":"rtnews","Gesch\u00e4tzte Lesezeit":"4\u00a0Minuten"},"schema":{"@context":"https:\/\/schema.org","@graph":[{"@type":"Article","@id":"https:\/\/now-news.de\/de\/deutschland\/wer-braucht-eigentlich-noch-die-spd\/#article","isPartOf":{"@id":"https:\/\/now-news.de\/de\/deutschland\/wer-braucht-eigentlich-noch-die-spd\/"},"author":{"name":"rtnews","@id":"https:\/\/now-news.de\/de\/#\/schema\/person\/fb534a4e865501d8b3285208df34a9b5"},"headline":"Wer braucht eigentlich noch die SPD?","datePublished":"2025-01-25T06:00:00+00:00","dateModified":"2025-01-25T06:00:00+00:00","mainEntityOfPage":{"@id":"https:\/\/now-news.de\/de\/deutschland\/wer-braucht-eigentlich-noch-die-spd\/"},"wordCount":902,"commentCount":0,"publisher":{"@id":"https:\/\/now-news.de\/de\/#organization"},"image":{"@id":"https:\/\/now-news.de\/de\/deutschland\/wer-braucht-eigentlich-noch-die-spd\/#primaryimage"},"thumbnailUrl":"https:\/\/now-news.de\/de\/wp-content\/uploads\/sites\/3\/2025\/01\/Wer-braucht-eigentlich-noch-die-SPD.jpg","keywords":["braucht","die","eigentlich","noch","SPD","Wer"],"articleSection":["Deutschland","Russland"],"inLanguage":"de","potentialAction":[{"@type":"CommentAction","name":"Comment","target":["https:\/\/now-news.de\/de\/deutschland\/wer-braucht-eigentlich-noch-die-spd\/#respond"]}]},{"@type":"WebPage","@id":"https:\/\/now-news.de\/de\/deutschland\/wer-braucht-eigentlich-noch-die-spd\/","url":"https:\/\/now-news.de\/de\/deutschland\/wer-braucht-eigentlich-noch-die-spd\/","name":"Wer braucht eigentlich noch die SPD? - just-now.NEWS Deutschland","isPartOf":{"@id":"https:\/\/now-news.de\/de\/#website"},"primaryImageOfPage":{"@id":"https:\/\/now-news.de\/de\/deutschland\/wer-braucht-eigentlich-noch-die-spd\/#primaryimage"},"image":{"@id":"https:\/\/now-news.de\/de\/deutschland\/wer-braucht-eigentlich-noch-die-spd\/#primaryimage"},"thumbnailUrl":"https:\/\/now-news.de\/de\/wp-content\/uploads\/sites\/3\/2025\/01\/Wer-braucht-eigentlich-noch-die-SPD.jpg","datePublished":"2025-01-25T06:00:00+00:00","dateModified":"2025-01-25T06:00:00+00:00","breadcrumb":{"@id":"https:\/\/now-news.de\/de\/deutschland\/wer-braucht-eigentlich-noch-die-spd\/#breadcrumb"},"inLanguage":"de","potentialAction":[{"@type":"ReadAction","target":["https:\/\/now-news.de\/de\/deutschland\/wer-braucht-eigentlich-noch-die-spd\/"]}]},{"@type":"ImageObject","inLanguage":"de","@id":"https:\/\/now-news.de\/de\/deutschland\/wer-braucht-eigentlich-noch-die-spd\/#primaryimage","url":"https:\/\/now-news.de\/de\/wp-content\/uploads\/sites\/3\/2025\/01\/Wer-braucht-eigentlich-noch-die-SPD.jpg","contentUrl":"https:\/\/now-news.de\/de\/wp-content\/uploads\/sites\/3\/2025\/01\/Wer-braucht-eigentlich-noch-die-SPD.jpg","width":460,"height":259,"caption":"Wer braucht eigentlich noch die SPD?"},{"@type":"BreadcrumbList","@id":"https:\/\/now-news.de\/de\/deutschland\/wer-braucht-eigentlich-noch-die-spd\/#breadcrumb","itemListElement":[{"@type":"ListItem","position":1,"name":"Home","item":"https:\/\/now-news.de\/de\/"},{"@type":"ListItem","position":2,"name":"Wer braucht eigentlich noch die SPD?"}]},{"@type":"WebSite","@id":"https:\/\/now-news.de\/de\/#website","url":"https:\/\/now-news.de\/de\/","name":"just-now.NEWS Deutschland","description":"Das Portal f\u00fcr unzensierte Nachrichten aus der Welt","publisher":{"@id":"https:\/\/now-news.de\/de\/#organization"},"potentialAction":[{"@type":"SearchAction","target":{"@type":"EntryPoint","urlTemplate":"https:\/\/now-news.de\/de\/?s={search_term_string}"},"query-input":"required name=search_term_string"}],"inLanguage":"de"},{"@type":"Organization","@id":"https:\/\/now-news.de\/de\/#organization","name":"Just Now News","url":"https:\/\/now-news.de\/de\/","logo":{"@type":"ImageObject","inLanguage":"de","@id":"https:\/\/now-news.de\/de\/#\/schema\/logo\/image\/","url":"http:\/\/just-now.news\/de\/wp-content\/uploads\/sites\/3\/2022\/04\/logo500x500.jpg","contentUrl":"http:\/\/just-now.news\/de\/wp-content\/uploads\/sites\/3\/2022\/04\/logo500x500.jpg","width":500,"height":500,"caption":"Just Now News"},"image":{"@id":"https:\/\/now-news.de\/de\/#\/schema\/logo\/image\/"},"sameAs":["https:\/\/www.facebook.com\/wirmachenauf","https:\/\/x.com\/WirMachenAuf_de"]},{"@type":"Person","@id":"https:\/\/now-news.de\/de\/#\/schema\/person\/fb534a4e865501d8b3285208df34a9b5","name":"rtnews","image":{"@type":"ImageObject","inLanguage":"de","@id":"https:\/\/now-news.de\/de\/#\/schema\/person\/image\/","url":"https:\/\/secure.gravatar.com\/avatar\/82aafea7d8127119dd649515f56e2117?s=96&d=mm&r=g","contentUrl":"https:\/\/secure.gravatar.com\/avatar\/82aafea7d8127119dd649515f56e2117?s=96&d=mm&r=g","caption":"rtnews"},"url":"https:\/\/now-news.de\/de\/author\/rnews\/"}]}},"_links":{"self":[{"href":"https:\/\/now-news.de\/de\/wp-json\/wp\/v2\/posts\/77139"}],"collection":[{"href":"https:\/\/now-news.de\/de\/wp-json\/wp\/v2\/posts"}],"about":[{"href":"https:\/\/now-news.de\/de\/wp-json\/wp\/v2\/types\/post"}],"author":[{"embeddable":true,"href":"https:\/\/now-news.de\/de\/wp-json\/wp\/v2\/users\/3"}],"replies":[{"embeddable":true,"href":"https:\/\/now-news.de\/de\/wp-json\/wp\/v2\/comments?post=77139"}],"version-history":[{"count":0,"href":"https:\/\/now-news.de\/de\/wp-json\/wp\/v2\/posts\/77139\/revisions"}],"wp:featuredmedia":[{"embeddable":true,"href":"https:\/\/now-news.de\/de\/wp-json\/wp\/v2\/media\/77140"}],"wp:attachment":[{"href":"https:\/\/now-news.de\/de\/wp-json\/wp\/v2\/media?parent=77139"}],"wp:term":[{"taxonomy":"category","embeddable":true,"href":"https:\/\/now-news.de\/de\/wp-json\/wp\/v2\/categories?post=77139"},{"taxonomy":"post_tag","embeddable":true,"href":"https:\/\/now-news.de\/de\/wp-json\/wp\/v2\/tags?post=77139"}],"curies":[{"name":"wp","href":"https:\/\/api.w.org\/{rel}","templated":true}]}}