{"id":77133,"date":"2025-01-24T21:59:25","date_gmt":"2025-01-24T19:59:25","guid":{"rendered":"https:\/\/now-news.de\/de\/deutschland\/orban-bruessel-muss-interessen-der-eu-laender-gegenueber-ukraine-verteidigen\/"},"modified":"2025-01-24T21:59:25","modified_gmt":"2025-01-24T19:59:25","slug":"orban-bruessel-muss-interessen-der-eu-laender-gegenueber-ukraine-verteidigen","status":"publish","type":"post","link":"https:\/\/now-news.de\/de\/deutschland\/orban-bruessel-muss-interessen-der-eu-laender-gegenueber-ukraine-verteidigen\/","title":{"rendered":"Orb\u00e1n: Br\u00fcssel muss Interessen der EU-L\u00e4nder gegen\u00fcber Ukraine verteidigen"},"content":{"rendered":"<p><img decoding=\"async\" src=\"https:\/\/now-news.de\/de\/wp-content\/uploads\/sites\/3\/2025\/01\/6793a181b480cc6ad033e1f3.jpg\" \/><\/p>\n<div class=\"Text-root Text-type_1 \">\n                Ungarns Premier Viktor Orb\u00e1n fordert Br\u00fcssel dazu auf, die Regierung in Kiew unter Druck zu setzen, damit sie den Gastransit aus Russland wieder zul\u00e4sst. Die EU m\u00fcsse die Interessen ihrer Mitgliedsl\u00e4nder gegen\u00fcber der Ukraine vertreten und nicht umgekehrt.\n            <\/div>\n<p><\/p>\n<div class=\"Text-root Text-type_5 ArticleView-text ViewText-root \">\n<p>In einem Interview am Freitag hat der ungarische Ministerpr\u00e4sident Viktor Orb\u00e1n erkl\u00e4rt, dass Kiew die Energiesicherheit von Ungarn und der Slowakei gef\u00e4hrdet, indem es die Gaslieferungen aus Russland nach Europa blockiere. In diesem Zusammenhang betonte der Politiker, dass die EU die Interessen ihrer Mitgliedstaaten gegen\u00fcber der Ukraine verteidigen m\u00fcsse.<\/p>\n<p>Mit Blick auf die EU-Sanktionen gegen Russland stellt Orb\u00e1n im Gespr\u00e4ch mit dem Rundfunksender\u00a0<em>Kossuth<\/em> klar, dass die Restriktionen nur verl\u00e4ngert werden, wenn die Ukraine drei Bedingungen erf\u00fclle: Kiew m\u00fcsse Gas aus Russland wieder durchleiten lassen, die Angriffe auf die TurkStream-Erdgaspipeline einstellen und nicht mehr den \u00d6ltransit aus Russland einer Gefahr aussetzen, fordert Orb\u00e1n. Wenn Br\u00fcssel den Willen h\u00e4tte, k\u00f6nnte die Angelegenheit durch einen einzigen Anruf erledigt werden, behauptet Ungarns Premier. Und weiter: \u00a0<\/p>\n<blockquote>\n<p><em>&#8220;Ich versuche, Freunde in Br\u00fcssel zu \u00fcberreden, dass sie uns helfen und nicht die Interessen der Ukraine gegen\u00fcber Ungarn vertreten, sondern die Interessen der mitteleurop\u00e4ischen L\u00e4nder gegen\u00fcber der Ukraine.&#8221;<\/em><\/p>\n<\/blockquote>\n<p>Statt Ungarn dazu zu bringen, bei EU-Sanktionen gegen Russland weiter mitzuhalten, sollte Br\u00fcssel die Ukrainer davon \u00fcberzeugen, Voraussetzungen f\u00fcr eine Verl\u00e4ngerung der Strafma\u00dfnahmen zu schaffen, so der ungarische Regierungschef. Derzeit f\u00e4nden zu diesem Thema weiterhin Gespr\u00e4che zwischen Budapest und Br\u00fcssel statt.<\/p>\n<p>Br\u00fcssel muss der Ukraine klarmachen, dass sie die Energiesicherheit der EU-L\u00e4nder nicht weiter gef\u00e4hrden d\u00fcrfe, betonte Orb\u00e1n. Zumal diese enormen Verluste aufgrund der antirussischen Sanktionen erleiden, die zur Unterst\u00fctzung der Ukraine verh\u00e4ngt worden seien. Wie der Politiker erl\u00e4uterte, ist es &#8220;nicht gut&#8221;, dass die EU die Ukraine unterst\u00fctze, indem sie Sanktionsdruck auf Russland aus\u00fcbe, w\u00e4hrend Kiew sie &#8220;betr\u00fcge&#8221;.<\/p>\n<p>Russland-Sanktionen schadeten laut dem ungarischen Ministerpr\u00e4sidenten ganz Europa. Allein Ungarn habe rund 18,3 Milliarden Euro dadurch verloren. Zuvor hatte Orb\u00e1n wiederholt erkl\u00e4rt, dass die Strafma\u00dfnahmen gescheitert seien und ihre Aufhebung gefordert. Br\u00fcssel versucht derzeit, die Verl\u00e4ngerung der antirussischen Sanktionen, die bis 31. Januar gelten, bis 31. Juli 2025 zu vereinbaren.<\/p>\n<p><strong>Mehr zum Thema<\/strong> \u2013 <a rel=\"nofollow noopener\" target=\"_blank\" href=\"https:\/\/freedert.online\/international\/233080-tuerkei-bestaetigt-angriff-auf-wichtige\/\">T\u00fcrkei best\u00e4tigt Angriff auf wichtige Pipeline<\/a><\/p>\n<\/div>\n<p><br \/>\n<br \/><a href=\"https:\/\/de.rt.com\/international\/234222-orban-bruessel-muss-interessen-eu\/\">Source link <\/a><\/p>\n","protected":false},"excerpt":{"rendered":"<p>Ungarns Premier Viktor Orb\u00e1n fordert Br\u00fcssel dazu auf, die Regierung in Kiew unter Druck zu setzen, damit sie den Gastransit aus Russland wieder zul\u00e4sst. Die EU m\u00fcsse die Interessen ihrer Mitgliedsl\u00e4nder gegen\u00fcber der Ukraine vertreten und nicht umgekehrt. In einem Interview am Freitag hat der ungarische Ministerpr\u00e4sident Viktor Orb\u00e1n erkl\u00e4rt, dass Kiew die Energiesicherheit von [&hellip;]<\/p>\n","protected":false},"author":3,"featured_media":77134,"comment_status":"open","ping_status":"open","sticky":false,"template":"","format":"standard","meta":{"_yoast_indexnow_last_ping":["1737749403"],"wp_automatic_camp":["217"],"c254b042a571d8aa8ec2ff4abf45b21e":["Orb\u00e1n: Br\u00fcssel muss Interessen der EU-L\u00e4nder gegen\u00fcber Ukraine verteidigen"],"original_link":["https:\/\/de.rt.com\/international\/234222-orban-bruessel-muss-interessen-eu\/"],"_thumbnail_id":["77134"],"jnews_social_counter_last_update":["1777341057"],"_wptgpro_p2tg_sent2tg":["a:1:{i:23737;s:19:\"2025-01-24 22:11:03\";}"]},"categories":[19,23],"tags":[17026,82,11635,8962,28396,534,6397,127,4479],"yoast_head":"<!-- This site is optimized with the Yoast SEO Premium plugin v22.7 (Yoast SEO v22.7) - https:\/\/yoast.com\/wordpress\/plugins\/seo\/ -->\n<title>Orb\u00e1n: Br\u00fcssel muss Interessen der EU-L\u00e4nder gegen\u00fcber Ukraine verteidigen - just-now.NEWS Deutschland<\/title>\n<meta name=\"robots\" content=\"index, follow, max-snippet:-1, max-image-preview:large, max-video-preview:-1\" \/>\n<link rel=\"canonical\" href=\"https:\/\/now-news.de\/de\/deutschland\/orban-bruessel-muss-interessen-der-eu-laender-gegenueber-ukraine-verteidigen\/\" \/>\n<meta property=\"og:locale\" content=\"de_DE\" \/>\n<meta property=\"og:type\" content=\"article\" \/>\n<meta property=\"og:title\" content=\"Orb\u00e1n: Br\u00fcssel muss Interessen der EU-L\u00e4nder gegen\u00fcber Ukraine verteidigen\" \/>\n<meta property=\"og:description\" content=\"Ungarns Premier Viktor Orb\u00e1n fordert Br\u00fcssel dazu auf, die Regierung in Kiew unter Druck zu setzen, damit sie den Gastransit aus Russland wieder zul\u00e4sst. Die EU m\u00fcsse die Interessen ihrer Mitgliedsl\u00e4nder gegen\u00fcber der Ukraine vertreten und nicht umgekehrt. In einem Interview am Freitag hat der ungarische Ministerpr\u00e4sident Viktor Orb\u00e1n erkl\u00e4rt, dass Kiew die Energiesicherheit von [&hellip;]\" \/>\n<meta property=\"og:url\" content=\"https:\/\/now-news.de\/de\/deutschland\/orban-bruessel-muss-interessen-der-eu-laender-gegenueber-ukraine-verteidigen\/\" \/>\n<meta property=\"og:site_name\" content=\"just-now.NEWS Deutschland\" \/>\n<meta property=\"article:publisher\" content=\"https:\/\/www.facebook.com\/wirmachenauf\" \/>\n<meta property=\"article:published_time\" content=\"2025-01-24T19:59:25+00:00\" \/>\n<meta property=\"og:image\" content=\"https:\/\/now-news.de\/de\/wp-content\/uploads\/sites\/3\/2025\/01\/6793a181b480cc6ad033e1f3.jpg\" \/>\n<meta name=\"author\" content=\"rtnews\" \/>\n<meta name=\"twitter:card\" content=\"summary_large_image\" \/>\n<meta name=\"twitter:creator\" content=\"@WirMachenAuf_de\" \/>\n<meta name=\"twitter:site\" content=\"@WirMachenAuf_de\" \/>\n<meta name=\"twitter:label1\" content=\"Verfasst von\" \/>\n\t<meta name=\"twitter:data1\" content=\"rtnews\" \/>\n\t<meta name=\"twitter:label2\" content=\"Gesch\u00e4tzte Lesezeit\" \/>\n\t<meta name=\"twitter:data2\" content=\"2\u00a0Minuten\" \/>\n<script type=\"application\/ld+json\" class=\"yoast-schema-graph\">{\"@context\":\"https:\/\/schema.org\",\"@graph\":[{\"@type\":\"Article\",\"@id\":\"https:\/\/now-news.de\/de\/deutschland\/orban-bruessel-muss-interessen-der-eu-laender-gegenueber-ukraine-verteidigen\/#article\",\"isPartOf\":{\"@id\":\"https:\/\/now-news.de\/de\/deutschland\/orban-bruessel-muss-interessen-der-eu-laender-gegenueber-ukraine-verteidigen\/\"},\"author\":{\"name\":\"rtnews\",\"@id\":\"https:\/\/now-news.de\/de\/#\/schema\/person\/fb534a4e865501d8b3285208df34a9b5\"},\"headline\":\"Orb\u00e1n: Br\u00fcssel muss Interessen der EU-L\u00e4nder gegen\u00fcber Ukraine verteidigen\",\"datePublished\":\"2025-01-24T19:59:25+00:00\",\"dateModified\":\"2025-01-24T19:59:25+00:00\",\"mainEntityOfPage\":{\"@id\":\"https:\/\/now-news.de\/de\/deutschland\/orban-bruessel-muss-interessen-der-eu-laender-gegenueber-ukraine-verteidigen\/\"},\"wordCount\":412,\"commentCount\":0,\"publisher\":{\"@id\":\"https:\/\/now-news.de\/de\/#organization\"},\"image\":{\"@id\":\"https:\/\/now-news.de\/de\/deutschland\/orban-bruessel-muss-interessen-der-eu-laender-gegenueber-ukraine-verteidigen\/#primaryimage\"},\"thumbnailUrl\":\"https:\/\/now-news.de\/de\/wp-content\/uploads\/sites\/3\/2025\/01\/Orban-Bruessel-muss-Interessen-der-EU-Laender-gegenueber-Ukraine-verteidigen.jpg\",\"keywords\":[\"Br\u00fcssel\",\"der\",\"EUL\u00e4nder\",\"gegen\u00fcber\",\"Interessen\",\"muss\",\"Orb\u00e1n\",\"ukraine\",\"verteidigen\"],\"articleSection\":[\"Deutschland\",\"Russland\"],\"inLanguage\":\"de\",\"potentialAction\":[{\"@type\":\"CommentAction\",\"name\":\"Comment\",\"target\":[\"https:\/\/now-news.de\/de\/deutschland\/orban-bruessel-muss-interessen-der-eu-laender-gegenueber-ukraine-verteidigen\/#respond\"]}]},{\"@type\":\"WebPage\",\"@id\":\"https:\/\/now-news.de\/de\/deutschland\/orban-bruessel-muss-interessen-der-eu-laender-gegenueber-ukraine-verteidigen\/\",\"url\":\"https:\/\/now-news.de\/de\/deutschland\/orban-bruessel-muss-interessen-der-eu-laender-gegenueber-ukraine-verteidigen\/\",\"name\":\"Orb\u00e1n: Br\u00fcssel muss Interessen der EU-L\u00e4nder gegen\u00fcber Ukraine verteidigen - just-now.NEWS Deutschland\",\"isPartOf\":{\"@id\":\"https:\/\/now-news.de\/de\/#website\"},\"primaryImageOfPage\":{\"@id\":\"https:\/\/now-news.de\/de\/deutschland\/orban-bruessel-muss-interessen-der-eu-laender-gegenueber-ukraine-verteidigen\/#primaryimage\"},\"image\":{\"@id\":\"https:\/\/now-news.de\/de\/deutschland\/orban-bruessel-muss-interessen-der-eu-laender-gegenueber-ukraine-verteidigen\/#primaryimage\"},\"thumbnailUrl\":\"https:\/\/now-news.de\/de\/wp-content\/uploads\/sites\/3\/2025\/01\/Orban-Bruessel-muss-Interessen-der-EU-Laender-gegenueber-Ukraine-verteidigen.jpg\",\"datePublished\":\"2025-01-24T19:59:25+00:00\",\"dateModified\":\"2025-01-24T19:59:25+00:00\",\"breadcrumb\":{\"@id\":\"https:\/\/now-news.de\/de\/deutschland\/orban-bruessel-muss-interessen-der-eu-laender-gegenueber-ukraine-verteidigen\/#breadcrumb\"},\"inLanguage\":\"de\",\"potentialAction\":[{\"@type\":\"ReadAction\",\"target\":[\"https:\/\/now-news.de\/de\/deutschland\/orban-bruessel-muss-interessen-der-eu-laender-gegenueber-ukraine-verteidigen\/\"]}]},{\"@type\":\"ImageObject\",\"inLanguage\":\"de\",\"@id\":\"https:\/\/now-news.de\/de\/deutschland\/orban-bruessel-muss-interessen-der-eu-laender-gegenueber-ukraine-verteidigen\/#primaryimage\",\"url\":\"https:\/\/now-news.de\/de\/wp-content\/uploads\/sites\/3\/2025\/01\/Orban-Bruessel-muss-Interessen-der-EU-Laender-gegenueber-Ukraine-verteidigen.jpg\",\"contentUrl\":\"https:\/\/now-news.de\/de\/wp-content\/uploads\/sites\/3\/2025\/01\/Orban-Bruessel-muss-Interessen-der-EU-Laender-gegenueber-Ukraine-verteidigen.jpg\",\"width\":460,\"height\":259,\"caption\":\"Orb\u00e1n: Br\u00fcssel muss Interessen der EU-L\u00e4nder gegen\u00fcber Ukraine verteidigen\"},{\"@type\":\"BreadcrumbList\",\"@id\":\"https:\/\/now-news.de\/de\/deutschland\/orban-bruessel-muss-interessen-der-eu-laender-gegenueber-ukraine-verteidigen\/#breadcrumb\",\"itemListElement\":[{\"@type\":\"ListItem\",\"position\":1,\"name\":\"Home\",\"item\":\"https:\/\/now-news.de\/de\/\"},{\"@type\":\"ListItem\",\"position\":2,\"name\":\"Orb\u00e1n: Br\u00fcssel muss Interessen der EU-L\u00e4nder gegen\u00fcber Ukraine verteidigen\"}]},{\"@type\":\"WebSite\",\"@id\":\"https:\/\/now-news.de\/de\/#website\",\"url\":\"https:\/\/now-news.de\/de\/\",\"name\":\"just-now.NEWS Deutschland\",\"description\":\"Das Portal f\u00fcr unzensierte Nachrichten aus der Welt\",\"publisher\":{\"@id\":\"https:\/\/now-news.de\/de\/#organization\"},\"potentialAction\":[{\"@type\":\"SearchAction\",\"target\":{\"@type\":\"EntryPoint\",\"urlTemplate\":\"https:\/\/now-news.de\/de\/?s={search_term_string}\"},\"query-input\":\"required name=search_term_string\"}],\"inLanguage\":\"de\"},{\"@type\":\"Organization\",\"@id\":\"https:\/\/now-news.de\/de\/#organization\",\"name\":\"Just Now News\",\"url\":\"https:\/\/now-news.de\/de\/\",\"logo\":{\"@type\":\"ImageObject\",\"inLanguage\":\"de\",\"@id\":\"https:\/\/now-news.de\/de\/#\/schema\/logo\/image\/\",\"url\":\"http:\/\/just-now.news\/de\/wp-content\/uploads\/sites\/3\/2022\/04\/logo500x500.jpg\",\"contentUrl\":\"http:\/\/just-now.news\/de\/wp-content\/uploads\/sites\/3\/2022\/04\/logo500x500.jpg\",\"width\":500,\"height\":500,\"caption\":\"Just Now News\"},\"image\":{\"@id\":\"https:\/\/now-news.de\/de\/#\/schema\/logo\/image\/\"},\"sameAs\":[\"https:\/\/www.facebook.com\/wirmachenauf\",\"https:\/\/x.com\/WirMachenAuf_de\"]},{\"@type\":\"Person\",\"@id\":\"https:\/\/now-news.de\/de\/#\/schema\/person\/fb534a4e865501d8b3285208df34a9b5\",\"name\":\"rtnews\",\"image\":{\"@type\":\"ImageObject\",\"inLanguage\":\"de\",\"@id\":\"https:\/\/now-news.de\/de\/#\/schema\/person\/image\/\",\"url\":\"https:\/\/secure.gravatar.com\/avatar\/82aafea7d8127119dd649515f56e2117?s=96&d=mm&r=g\",\"contentUrl\":\"https:\/\/secure.gravatar.com\/avatar\/82aafea7d8127119dd649515f56e2117?s=96&d=mm&r=g\",\"caption\":\"rtnews\"},\"url\":\"https:\/\/now-news.de\/de\/author\/rnews\/\"}]}<\/script>\n<!-- \/ Yoast SEO Premium plugin. -->","yoast_head_json":{"title":"Orb\u00e1n: Br\u00fcssel muss Interessen der EU-L\u00e4nder gegen\u00fcber Ukraine verteidigen - just-now.NEWS Deutschland","robots":{"index":"index","follow":"follow","max-snippet":"max-snippet:-1","max-image-preview":"max-image-preview:large","max-video-preview":"max-video-preview:-1"},"canonical":"https:\/\/now-news.de\/de\/deutschland\/orban-bruessel-muss-interessen-der-eu-laender-gegenueber-ukraine-verteidigen\/","og_locale":"de_DE","og_type":"article","og_title":"Orb\u00e1n: Br\u00fcssel muss Interessen der EU-L\u00e4nder gegen\u00fcber Ukraine verteidigen","og_description":"Ungarns Premier Viktor Orb\u00e1n fordert Br\u00fcssel dazu auf, die Regierung in Kiew unter Druck zu setzen, damit sie den Gastransit aus Russland wieder zul\u00e4sst. Die EU m\u00fcsse die Interessen ihrer Mitgliedsl\u00e4nder gegen\u00fcber der Ukraine vertreten und nicht umgekehrt. In einem Interview am Freitag hat der ungarische Ministerpr\u00e4sident Viktor Orb\u00e1n erkl\u00e4rt, dass Kiew die Energiesicherheit von [&hellip;]","og_url":"https:\/\/now-news.de\/de\/deutschland\/orban-bruessel-muss-interessen-der-eu-laender-gegenueber-ukraine-verteidigen\/","og_site_name":"just-now.NEWS Deutschland","article_publisher":"https:\/\/www.facebook.com\/wirmachenauf","article_published_time":"2025-01-24T19:59:25+00:00","og_image":[{"url":"https:\/\/now-news.de\/de\/wp-content\/uploads\/sites\/3\/2025\/01\/6793a181b480cc6ad033e1f3.jpg"}],"author":"rtnews","twitter_card":"summary_large_image","twitter_creator":"@WirMachenAuf_de","twitter_site":"@WirMachenAuf_de","twitter_misc":{"Verfasst von":"rtnews","Gesch\u00e4tzte Lesezeit":"2\u00a0Minuten"},"schema":{"@context":"https:\/\/schema.org","@graph":[{"@type":"Article","@id":"https:\/\/now-news.de\/de\/deutschland\/orban-bruessel-muss-interessen-der-eu-laender-gegenueber-ukraine-verteidigen\/#article","isPartOf":{"@id":"https:\/\/now-news.de\/de\/deutschland\/orban-bruessel-muss-interessen-der-eu-laender-gegenueber-ukraine-verteidigen\/"},"author":{"name":"rtnews","@id":"https:\/\/now-news.de\/de\/#\/schema\/person\/fb534a4e865501d8b3285208df34a9b5"},"headline":"Orb\u00e1n: Br\u00fcssel muss Interessen der EU-L\u00e4nder gegen\u00fcber Ukraine verteidigen","datePublished":"2025-01-24T19:59:25+00:00","dateModified":"2025-01-24T19:59:25+00:00","mainEntityOfPage":{"@id":"https:\/\/now-news.de\/de\/deutschland\/orban-bruessel-muss-interessen-der-eu-laender-gegenueber-ukraine-verteidigen\/"},"wordCount":412,"commentCount":0,"publisher":{"@id":"https:\/\/now-news.de\/de\/#organization"},"image":{"@id":"https:\/\/now-news.de\/de\/deutschland\/orban-bruessel-muss-interessen-der-eu-laender-gegenueber-ukraine-verteidigen\/#primaryimage"},"thumbnailUrl":"https:\/\/now-news.de\/de\/wp-content\/uploads\/sites\/3\/2025\/01\/Orban-Bruessel-muss-Interessen-der-EU-Laender-gegenueber-Ukraine-verteidigen.jpg","keywords":["Br\u00fcssel","der","EUL\u00e4nder","gegen\u00fcber","Interessen","muss","Orb\u00e1n","ukraine","verteidigen"],"articleSection":["Deutschland","Russland"],"inLanguage":"de","potentialAction":[{"@type":"CommentAction","name":"Comment","target":["https:\/\/now-news.de\/de\/deutschland\/orban-bruessel-muss-interessen-der-eu-laender-gegenueber-ukraine-verteidigen\/#respond"]}]},{"@type":"WebPage","@id":"https:\/\/now-news.de\/de\/deutschland\/orban-bruessel-muss-interessen-der-eu-laender-gegenueber-ukraine-verteidigen\/","url":"https:\/\/now-news.de\/de\/deutschland\/orban-bruessel-muss-interessen-der-eu-laender-gegenueber-ukraine-verteidigen\/","name":"Orb\u00e1n: Br\u00fcssel muss Interessen der EU-L\u00e4nder gegen\u00fcber Ukraine verteidigen - just-now.NEWS Deutschland","isPartOf":{"@id":"https:\/\/now-news.de\/de\/#website"},"primaryImageOfPage":{"@id":"https:\/\/now-news.de\/de\/deutschland\/orban-bruessel-muss-interessen-der-eu-laender-gegenueber-ukraine-verteidigen\/#primaryimage"},"image":{"@id":"https:\/\/now-news.de\/de\/deutschland\/orban-bruessel-muss-interessen-der-eu-laender-gegenueber-ukraine-verteidigen\/#primaryimage"},"thumbnailUrl":"https:\/\/now-news.de\/de\/wp-content\/uploads\/sites\/3\/2025\/01\/Orban-Bruessel-muss-Interessen-der-EU-Laender-gegenueber-Ukraine-verteidigen.jpg","datePublished":"2025-01-24T19:59:25+00:00","dateModified":"2025-01-24T19:59:25+00:00","breadcrumb":{"@id":"https:\/\/now-news.de\/de\/deutschland\/orban-bruessel-muss-interessen-der-eu-laender-gegenueber-ukraine-verteidigen\/#breadcrumb"},"inLanguage":"de","potentialAction":[{"@type":"ReadAction","target":["https:\/\/now-news.de\/de\/deutschland\/orban-bruessel-muss-interessen-der-eu-laender-gegenueber-ukraine-verteidigen\/"]}]},{"@type":"ImageObject","inLanguage":"de","@id":"https:\/\/now-news.de\/de\/deutschland\/orban-bruessel-muss-interessen-der-eu-laender-gegenueber-ukraine-verteidigen\/#primaryimage","url":"https:\/\/now-news.de\/de\/wp-content\/uploads\/sites\/3\/2025\/01\/Orban-Bruessel-muss-Interessen-der-EU-Laender-gegenueber-Ukraine-verteidigen.jpg","contentUrl":"https:\/\/now-news.de\/de\/wp-content\/uploads\/sites\/3\/2025\/01\/Orban-Bruessel-muss-Interessen-der-EU-Laender-gegenueber-Ukraine-verteidigen.jpg","width":460,"height":259,"caption":"Orb\u00e1n: Br\u00fcssel muss Interessen der EU-L\u00e4nder gegen\u00fcber Ukraine verteidigen"},{"@type":"BreadcrumbList","@id":"https:\/\/now-news.de\/de\/deutschland\/orban-bruessel-muss-interessen-der-eu-laender-gegenueber-ukraine-verteidigen\/#breadcrumb","itemListElement":[{"@type":"ListItem","position":1,"name":"Home","item":"https:\/\/now-news.de\/de\/"},{"@type":"ListItem","position":2,"name":"Orb\u00e1n: Br\u00fcssel muss Interessen der EU-L\u00e4nder gegen\u00fcber Ukraine verteidigen"}]},{"@type":"WebSite","@id":"https:\/\/now-news.de\/de\/#website","url":"https:\/\/now-news.de\/de\/","name":"just-now.NEWS Deutschland","description":"Das Portal f\u00fcr unzensierte Nachrichten aus der Welt","publisher":{"@id":"https:\/\/now-news.de\/de\/#organization"},"potentialAction":[{"@type":"SearchAction","target":{"@type":"EntryPoint","urlTemplate":"https:\/\/now-news.de\/de\/?s={search_term_string}"},"query-input":"required name=search_term_string"}],"inLanguage":"de"},{"@type":"Organization","@id":"https:\/\/now-news.de\/de\/#organization","name":"Just Now News","url":"https:\/\/now-news.de\/de\/","logo":{"@type":"ImageObject","inLanguage":"de","@id":"https:\/\/now-news.de\/de\/#\/schema\/logo\/image\/","url":"http:\/\/just-now.news\/de\/wp-content\/uploads\/sites\/3\/2022\/04\/logo500x500.jpg","contentUrl":"http:\/\/just-now.news\/de\/wp-content\/uploads\/sites\/3\/2022\/04\/logo500x500.jpg","width":500,"height":500,"caption":"Just Now News"},"image":{"@id":"https:\/\/now-news.de\/de\/#\/schema\/logo\/image\/"},"sameAs":["https:\/\/www.facebook.com\/wirmachenauf","https:\/\/x.com\/WirMachenAuf_de"]},{"@type":"Person","@id":"https:\/\/now-news.de\/de\/#\/schema\/person\/fb534a4e865501d8b3285208df34a9b5","name":"rtnews","image":{"@type":"ImageObject","inLanguage":"de","@id":"https:\/\/now-news.de\/de\/#\/schema\/person\/image\/","url":"https:\/\/secure.gravatar.com\/avatar\/82aafea7d8127119dd649515f56e2117?s=96&d=mm&r=g","contentUrl":"https:\/\/secure.gravatar.com\/avatar\/82aafea7d8127119dd649515f56e2117?s=96&d=mm&r=g","caption":"rtnews"},"url":"https:\/\/now-news.de\/de\/author\/rnews\/"}]}},"_links":{"self":[{"href":"https:\/\/now-news.de\/de\/wp-json\/wp\/v2\/posts\/77133"}],"collection":[{"href":"https:\/\/now-news.de\/de\/wp-json\/wp\/v2\/posts"}],"about":[{"href":"https:\/\/now-news.de\/de\/wp-json\/wp\/v2\/types\/post"}],"author":[{"embeddable":true,"href":"https:\/\/now-news.de\/de\/wp-json\/wp\/v2\/users\/3"}],"replies":[{"embeddable":true,"href":"https:\/\/now-news.de\/de\/wp-json\/wp\/v2\/comments?post=77133"}],"version-history":[{"count":0,"href":"https:\/\/now-news.de\/de\/wp-json\/wp\/v2\/posts\/77133\/revisions"}],"wp:featuredmedia":[{"embeddable":true,"href":"https:\/\/now-news.de\/de\/wp-json\/wp\/v2\/media\/77134"}],"wp:attachment":[{"href":"https:\/\/now-news.de\/de\/wp-json\/wp\/v2\/media?parent=77133"}],"wp:term":[{"taxonomy":"category","embeddable":true,"href":"https:\/\/now-news.de\/de\/wp-json\/wp\/v2\/categories?post=77133"},{"taxonomy":"post_tag","embeddable":true,"href":"https:\/\/now-news.de\/de\/wp-json\/wp\/v2\/tags?post=77133"}],"curies":[{"name":"wp","href":"https:\/\/api.w.org\/{rel}","templated":true}]}}