{"id":7712,"date":"2022-05-14T00:50:00","date_gmt":"2022-05-13T22:50:00","guid":{"rendered":"http:\/\/just-now.news\/de\/usa\/exklusiv-erklaerung-von-erzbischof-vigano-zur-durchgesickerten-roe-vs-wade-entscheidung\/"},"modified":"2022-05-14T00:50:00","modified_gmt":"2022-05-13T22:50:00","slug":"exklusiv-erklaerung-von-erzbischof-vigano-zur-durchgesickerten-roe-vs-wade-entscheidung","status":"publish","type":"post","link":"https:\/\/now-news.de\/de\/usa\/exklusiv-erklaerung-von-erzbischof-vigano-zur-durchgesickerten-roe-vs-wade-entscheidung\/","title":{"rendered":"EXKLUSIV: Erkl\u00e4rung von Erzbischof Vigano zur durchgesickerten Roe vs. Wade-Entscheidung"},"content":{"rendered":"<div class=\"entry-content\">\n<p><\/p>\n<p><strong>Erzbischof Carlo Maria Vigano \u00fcbermittelte The Gateway Pandit seine Erkl\u00e4rung zu der durchgesickerten Entscheidung Roe vs. Wade, die vom Obersten Gerichtshof der USA ergangen ist.<\/strong><\/p>\n<p>Erzbischof Carlo Maria Vigano gab seine Erkl\u00e4rung und Erkl\u00e4rung zu den j\u00fcngsten Nachrichten \u00fcber die k\u00fcrzlich durchgesickerte Entscheidung Roe vs. Wade des Obersten Gerichtshofs ab.  Der Erzbischof ist der Ansicht, dass sich die aktuelle Entscheidung nur auf die Zust\u00e4ndigkeit des Falls und nicht auf die Grundsatzentscheidung zum Recht auf Leben bezieht.<\/p>\n<div id=\"IC1-ad\" class=\"sponsor IC1\">\n<p class=\"ad-notice flipboard-remove\" fl:fl-noexcerpt=\"true\">Werbung \u2013 die Geschichte geht unten weiter<\/p>\n<div id=\"IC1\">\n<script>\n\t\t\t\t\tif( FFADS.units.IC1 && FFADS.units.IC1.ad_type == 'custom' && FFADS.units.IC1.custom_ads && ! getCookie( 'ff_subbed' ) ) {\n\t\t\t\t\t\tdocument.getElementById( 'IC1' ).innerHTML = FFADS.units.IC1.custom_ads[0].code;\n\t\t\t\t\t\tif( ! FFADS.units.IC1.lazy_load ) eval( FFADS.units.IC1.custom_ads[0].rendering_script );\n\t\t\t\t\t}\n\t\t\t\t\telse if( FFADS.units.IC1 && ! getCookie( 'ff_subbed' ) ) {\n\t\t\t\t\t\tif( 'IC' != 'SB' && 'IC' != 'SA' && FFADS.use_fixed_containers ) {\n\t\t\t\t\t\t\tlet max_wh = firefly_size_list_to_max_wh( FFADS.units.IC1.sizes );\n\t\t\t\t\t\t\tlet el = document.querySelector( '#IC1' );\n\t\t\t\t\t\t\tif( 'IC' != 'SA' && FFADS.slide_pixels ) {\n\t\t\t\t\t\t\t\tmax_wh[1] += parseInt( FFADS.slide_pixels );\n\t\t\t\t\t\t\t\tel.classList.add( 'sliding' );\n\t\t\t\t\t\t\t}\n\t\t\t\t\t\t\tel.style.width = max_wh[0] + 'px';\n\t\t\t\t\t\t\tel.style.height = max_wh[1] + 'px';\n\t\t\t\t\t\t\tel.classList.add( 'fixed-size' );\n\t\t\t\t\t\t}\n\t\t\t\t\t\tgoogletag.cmd.push( function() {\n\t\t\t\t\t\t\tFFADS.debug( 'googletag.displaying IC1' );\n\t\t\t\t\t\t\tgoogletag.display( 'IC1' );\n\t\t\t\t\t\t} );\n\t\t\t\t\t}\n\t\t\t\t\telse {\n\t\t\t\t\t\tdocument.querySelector( '#IC1-ad' ).style.display = 'none';}\n\t\t\t\t<\/script><\/div>\n<\/div>\n<p>Nachfolgend einige Kernpunkte seiner Erkl\u00e4rung:<\/p>\n<blockquote>\n<p>Wenn dem Obersten Gerichtshof etwas vorgeworfen werden muss, dann, dass er 1973 den Staaten der Union die legalisierte Abtreibung auferlegen wollte, obwohl sie zu Recht verboten wurde: Dieser Machtmissbrauch wurde toleriert, weil er in ideologische Vorurteile getarnt war der Demokratischen Partei, die zu einem Massaker an Unschuldigen f\u00fchrte, das zum Himmel nach Gerechtigkeit schreit.  Das <em>Roe v. Wade <\/em>Entscheidung war eine Operation absichtlicher Parteilichkeit, die nicht nur das Naturgesetz und das Gesetz Gottes verletzte, sondern auch die in der Verfassung der Vereinigten Staaten verankerten Prinzipien \u2026<\/p>\n<p><script>\n\t\t\t\t\tif( ! getCookie( 'ff_subbed' ) ) if( typeof FFADS.replace_ict != 'undefined' ) if( FFADS.replace_ict ) eval( FFADS.replace_ict );\n\t\t\t\t<\/script><\/p>\n<p>\u2026 Es ist niemandem entgangen, dass das vorzeitige Durchsickern des Entscheidungsentwurfs gewaltsame Protestkundgebungen provoziert hat, die von Abtreibungsgruppen und der Antifa organisiert wurden, w\u00e4hrend sich gleichzeitig skandal\u00f6se Provokationen und sakrilegische Angriffe auf katholische Kirchen w\u00e4hrend des Gottesdienstes vermehren \u2026<\/p>\n<p>\u2026Der Heilige Stuhl und die Katholische Bischofskonferenz der Vereinigten Staaten sollten zusammen mit einer entschiedenen Verurteilung der Abtreibung erneut bekr\u00e4ftigen, dass amerikanische Katholiken nicht f\u00fcr gew\u00e4hlte Vertreter stimmen k\u00f6nnen und d\u00fcrfen, deren Positionen nicht mit dem Lehramt der Kirche \u00fcbereinstimmen, und die dies tun solche werden exkommuniziert\u2026<\/p>\n<div id=\"IC2-ad\" class=\"sponsor IC2\">\n<p class=\"ad-notice flipboard-remove\" fl:fl-noexcerpt=\"true\">Werbung \u2013 die Geschichte geht unten weiter<\/p>\n<div id=\"IC2\">\n<script>\n\t\t\t\t\tif( FFADS.units.IC2 && FFADS.units.IC2.ad_type == 'custom' && FFADS.units.IC2.custom_ads && ! getCookie( 'ff_subbed' ) ) {\n\t\t\t\t\t\tdocument.getElementById( 'IC2' ).innerHTML = FFADS.units.IC2.custom_ads[0].code;\n\t\t\t\t\t\tif( ! FFADS.units.IC2.lazy_load ) eval( FFADS.units.IC2.custom_ads[0].rendering_script );\n\t\t\t\t\t}\n\t\t\t\t\telse if( FFADS.units.IC2 && ! getCookie( 'ff_subbed' ) ) {\n\t\t\t\t\t\tif( 'IC' != 'SB' && 'IC' != 'SA' && FFADS.use_fixed_containers ) {\n\t\t\t\t\t\t\tlet max_wh = firefly_size_list_to_max_wh( FFADS.units.IC2.sizes );\n\t\t\t\t\t\t\tlet el = document.querySelector( '#IC2' );\n\t\t\t\t\t\t\tif( 'IC' != 'SA' && FFADS.slide_pixels ) {\n\t\t\t\t\t\t\t\tmax_wh[1] += parseInt( FFADS.slide_pixels );\n\t\t\t\t\t\t\t\tel.classList.add( 'sliding' );\n\t\t\t\t\t\t\t}\n\t\t\t\t\t\t\tel.style.width = max_wh[0] + 'px';\n\t\t\t\t\t\t\tel.style.height = max_wh[1] + 'px';\n\t\t\t\t\t\t\tel.classList.add( 'fixed-size' );\n\t\t\t\t\t\t}\n\t\t\t\t\t\tgoogletag.cmd.push( function() {\n\t\t\t\t\t\t\tFFADS.debug( 'googletag.displaying IC2' );\n\t\t\t\t\t\t\tgoogletag.display( 'IC2' );\n\t\t\t\t\t\t} );\n\t\t\t\t\t}\n\t\t\t\t\telse {\n\t\t\t\t\t\tdocument.querySelector( '#IC2-ad' ).style.display = 'none';}\n\t\t\t\t<\/script><\/div>\n<\/div>\n<p>\u2026 Welche Art von Unterricht wird an katholischen Gymnasien und Universit\u00e4ten gegeben, wenn ihre Absolventen erkl\u00e4ren k\u00f6nnen, dass sie die Abtreibung unterst\u00fctzen, ohne ihre moralische Schwere zu verstehen?  Wie kann man sagen, dass die T\u00f6tung eines unschuldigen Wesens von der Mutter selbst entschieden werden kann, die stattdessen das Leben ihres Kindes mehr sch\u00fctzen sollte als ihr eigenes?  Ist das die \u201eZivilisation\u201c, die die Amerikaner unterst\u00fctzen und propagieren wollen?  Sind das die Werte, die sie an kommende Generationen weitergeben wollen?<\/p>\n<p>\u2026Lasst uns darum beten, dass Sie, als die wir sie verehren <em>Sede Sapientiae<\/em>, der Sitz der Weisheit, kann die Gedanken der Richter des Obersten Gerichtshofs erleuchten und sie mit einem Sinn f\u00fcr Gerechtigkeit inspirieren, damit sie die Heiligkeit und Unverletzlichkeit des Lebens des ungeborenen Kindes erkennen k\u00f6nnen.  Und m\u00f6ge die in Genesis vorhergesagte Frau den Kopf der Schlange zertreten, die die erste Inspiratorin des entsetzlichen Verbrechens der Abtreibung ist.<\/p>\n<\/blockquote>\n<p>Unten ist seine gesamte Nachricht.<\/p>\n<p style=\"margin: 12px auto 6px auto; font-family: Helvetica,Arial,Sans-serif; font-style: normal; font-variant: normal; font-weight: normal; font-size: 14px; line-height: normal; font-size-adjust: none; font-stretch: normal; -x-system-font: none; display: block;\">Vigano en.roe vs Wade \u2013 12. Mai 2022 von Jim Hoft auf Scribd<\/p>\n<p><iframe loading=\"lazy\" id=\"doc_51496\" class=\"scribd_iframe_embed\" title=\"Vigano en.roe vs Wade - 12 May 2022\" data-src=\"https:\/\/www.scribd.com\/embeds\/574028394\/content?start_page=1&amp;view_mode=scroll&amp;access_key=key-MmTbvSVIteBU9Z5kVFpX\" width=\"100%\" height=\"600\" frameborder=\"0\" scrolling=\"no\" data-auto-height=\"false\" data-aspect-ratio=\"0.7080062794348508\"><\/iframe><\/p>\n<div id=\"IC3-ad\" class=\"sponsor IC3\">\n<p class=\"ad-notice flipboard-remove\" fl:fl-noexcerpt=\"true\">Werbung \u2013 die Geschichte geht unten weiter<\/p>\n<div id=\"IC3\">\n<script>\n\t\t\t\t\tif( FFADS.units.IC3 && FFADS.units.IC3.ad_type == 'custom' && FFADS.units.IC3.custom_ads && ! getCookie( 'ff_subbed' ) ) {\n\t\t\t\t\t\tdocument.getElementById( 'IC3' ).innerHTML = FFADS.units.IC3.custom_ads[0].code;\n\t\t\t\t\t\tif( ! FFADS.units.IC3.lazy_load ) eval( FFADS.units.IC3.custom_ads[0].rendering_script );\n\t\t\t\t\t}\n\t\t\t\t\telse if( FFADS.units.IC3 && ! getCookie( 'ff_subbed' ) ) {\n\t\t\t\t\t\tif( 'IC' != 'SB' && 'IC' != 'SA' && FFADS.use_fixed_containers ) {\n\t\t\t\t\t\t\tlet max_wh = firefly_size_list_to_max_wh( FFADS.units.IC3.sizes );\n\t\t\t\t\t\t\tlet el = document.querySelector( '#IC3' );\n\t\t\t\t\t\t\tif( 'IC' != 'SA' && FFADS.slide_pixels ) {\n\t\t\t\t\t\t\t\tmax_wh[1] += parseInt( FFADS.slide_pixels );\n\t\t\t\t\t\t\t\tel.classList.add( 'sliding' );\n\t\t\t\t\t\t\t}\n\t\t\t\t\t\t\tel.style.width = max_wh[0] + 'px';\n\t\t\t\t\t\t\tel.style.height = max_wh[1] + 'px';\n\t\t\t\t\t\t\tel.classList.add( 'fixed-size' );\n\t\t\t\t\t\t}\n\t\t\t\t\t\tgoogletag.cmd.push( function() {\n\t\t\t\t\t\t\tFFADS.debug( 'googletag.displaying IC3' );\n\t\t\t\t\t\t\tgoogletag.display( 'IC3' );\n\t\t\t\t\t\t} );\n\t\t\t\t\t}\n\t\t\t\t\telse {\n\t\t\t\t\t\tdocument.querySelector( '#IC3-ad' ).style.display = 'none';}\n\t\t\t\t<\/script><\/div>\n<\/div>\n<p class=\"article-ask\"><span class=\"ask\"><script>\n  if( getParameterByName( \"utm_source\" ) == \"testpage\" ) {\n    !function(e,t,a,n,g){e[n]=e[n]||[],e[n].push({\"gtm.start\":(new Date).getTime(),event:\"gtm.js\"});var m=t.getElementsByTagName(a)[0],r=t.createElement(a);r.async=!0,r.src=\"https:\/\/www.googletagmanager.com\/gtm.js?id=GTM-PL4PD49\",m.parentNode.insertBefore(r,m)}(window.parent,window.parent.document,\"script\",\"dataLayer\");\n    var iframe=window.parent.document.createElement(\"iframe\");iframe.src=\"https:\/\/www.googletagmanager.com\/ns.html?id=GTM-PL4PD49\";iframe.height=\"0\";iframe.width=\"0\";iframe.style=\"display:none;visibility:hidden\";window.parent.document.body.appendChild(iframe);\n    window.parent[\"$$mm-analytics\"] = window.parent[\"$$mm-analytics\"] || {};if (typeof window.parent[\"$$mm-analytics\"].firstEmbed === \"undefined\") {window.parent[\"$$mm-analytics\"].firstEmbed = Date.now();}\n    let as1 = document.createElement( \"script\" );\n    as1.src = \"https:\/\/bucket1.mm-syringe.com\/prod\/configs\/ee2300c8-43d2-7f0b-dac0-40aaf31c9d3d.js\";\n    document.body.appendChild( as1 );\n    let as2 = document.createElement( \"script\" );\n    as2.src = \"https:\/\/bucket1.mm-syringe.com\/prod\/injector\/injector.1.5.3.js\";\n    document.body.appendChild( as2 );\n  }\n<\/script><\/p>\n<div class=\"apester-media\" data-token=\"5f10a39f94902bc81d3d59a7\" data-context=\"true\" data-tags=\"\" data-fallback=\"true\" height=\"350\"><\/div>\n<p><script id=\"apester_script\" src=\"https:\/\/static.apester.com\/js\/sdk\/latest\/apester-sdk.js\" async><\/script><script async src=\"https:\/\/www.googletagmanager.com\/gtag\/js?id=G-EFE91RJVSQ\"><\/script><script>\n  window.dataLayer = window.dataLayer || [];\n  function gtag(){dataLayer.push(arguments);}\n  gtag(\\'js\\', new Date());\n  gtag(\\'config\\', \\'G-EFE91RJVSQ\\');\n<\/script><\/span><\/p>\n<\/div>\n<p><br \/>\n<br \/><a href=\"https:\/\/www.thegatewaypundit.com\/2022\/05\/exclusive-archbishop-viganos-declaration-leaked-roe-vs-wade-decision\/\">Source link <\/a><\/p>\n","protected":false},"excerpt":{"rendered":"<p>Erzbischof Carlo Maria Vigano \u00fcbermittelte The Gateway Pandit seine Erkl\u00e4rung zu der durchgesickerten Entscheidung Roe vs. Wade, die vom Obersten Gerichtshof der USA ergangen ist. Erzbischof Carlo Maria Vigano gab seine Erkl\u00e4rung und Erkl\u00e4rung zu den j\u00fcngsten Nachrichten \u00fcber die k\u00fcrzlich durchgesickerte Entscheidung Roe vs. Wade des Obersten Gerichtshofs ab. Der Erzbischof ist der Ansicht, [&hellip;]<\/p>\n","protected":false},"author":5,"featured_media":7713,"comment_status":"open","ping_status":"open","sticky":false,"template":"","format":"standard","meta":{"wp_automatic_camp":["1161"],"72916a9dedd5cac515ba29847a799bad":["EXKLUSIV: Erkl\u00e4rung von Erzbischof Vigano zur durchgesickerten Roe vs. Wade-Entscheidung\n"],"original_link":["https:\/\/www.thegatewaypundit.com\/2022\/05\/exclusive-archbishop-viganos-declaration-leaked-roe-vs-wade-decision\/"],"_thumbnail_id":["7713"],"wp_automatic_remove_first_image":["yes"],"jnews_social_counter_last_update":["1777263996"]},"categories":[25],"tags":[6616,14140,3100,314,17274,2436,50,20071,581],"yoast_head":"<!-- This site is optimized with the Yoast SEO Premium plugin v22.7 (Yoast SEO v22.7) - https:\/\/yoast.com\/wordpress\/plugins\/seo\/ -->\n<title>EXKLUSIV: Erkl\u00e4rung von Erzbischof Vigano zur durchgesickerten Roe vs. Wade-Entscheidung - just-now.NEWS Deutschland<\/title>\n<meta name=\"robots\" content=\"index, follow, max-snippet:-1, max-image-preview:large, max-video-preview:-1\" \/>\n<link rel=\"canonical\" href=\"https:\/\/now-news.de\/de\/usa\/exklusiv-erklaerung-von-erzbischof-vigano-zur-durchgesickerten-roe-vs-wade-entscheidung\/\" \/>\n<meta property=\"og:locale\" content=\"de_DE\" \/>\n<meta property=\"og:type\" content=\"article\" \/>\n<meta property=\"og:title\" content=\"EXKLUSIV: Erkl\u00e4rung von Erzbischof Vigano zur durchgesickerten Roe vs. Wade-Entscheidung\" \/>\n<meta property=\"og:description\" content=\"Erzbischof Carlo Maria Vigano \u00fcbermittelte The Gateway Pandit seine Erkl\u00e4rung zu der durchgesickerten Entscheidung Roe vs. Wade, die vom Obersten Gerichtshof der USA ergangen ist. Erzbischof Carlo Maria Vigano gab seine Erkl\u00e4rung und Erkl\u00e4rung zu den j\u00fcngsten Nachrichten \u00fcber die k\u00fcrzlich durchgesickerte Entscheidung Roe vs. Wade des Obersten Gerichtshofs ab. Der Erzbischof ist der Ansicht, [&hellip;]\" \/>\n<meta property=\"og:url\" content=\"https:\/\/now-news.de\/de\/usa\/exklusiv-erklaerung-von-erzbischof-vigano-zur-durchgesickerten-roe-vs-wade-entscheidung\/\" \/>\n<meta property=\"og:site_name\" content=\"just-now.NEWS Deutschland\" \/>\n<meta property=\"article:publisher\" content=\"https:\/\/www.facebook.com\/wirmachenauf\" \/>\n<meta property=\"article:published_time\" content=\"2022-05-13T22:50:00+00:00\" \/>\n<meta property=\"og:image\" content=\"https:\/\/now-news.de\/de\/wp-content\/uploads\/sites\/3\/2022\/05\/EXKLUSIV-Erklaerung-von-Erzbischof-Vigano-zur-durchgesickerten-Roe-vs-Wade-Entscheidung.jpg\" \/>\n\t<meta property=\"og:image:width\" content=\"589\" \/>\n\t<meta property=\"og:image:height\" content=\"436\" \/>\n\t<meta property=\"og:image:type\" content=\"image\/jpeg\" \/>\n<meta name=\"author\" content=\"greatreset\" \/>\n<meta name=\"twitter:card\" content=\"summary_large_image\" \/>\n<meta name=\"twitter:creator\" content=\"@WirMachenAuf_de\" \/>\n<meta name=\"twitter:site\" content=\"@WirMachenAuf_de\" \/>\n<meta name=\"twitter:label1\" content=\"Verfasst von\" \/>\n\t<meta name=\"twitter:data1\" content=\"greatreset\" \/>\n\t<meta name=\"twitter:label2\" content=\"Gesch\u00e4tzte Lesezeit\" \/>\n\t<meta name=\"twitter:data2\" content=\"2\u00a0Minuten\" \/>\n<script type=\"application\/ld+json\" class=\"yoast-schema-graph\">{\"@context\":\"https:\/\/schema.org\",\"@graph\":[{\"@type\":\"Article\",\"@id\":\"https:\/\/now-news.de\/de\/usa\/exklusiv-erklaerung-von-erzbischof-vigano-zur-durchgesickerten-roe-vs-wade-entscheidung\/#article\",\"isPartOf\":{\"@id\":\"https:\/\/now-news.de\/de\/usa\/exklusiv-erklaerung-von-erzbischof-vigano-zur-durchgesickerten-roe-vs-wade-entscheidung\/\"},\"author\":{\"name\":\"greatreset\",\"@id\":\"https:\/\/now-news.de\/de\/#\/schema\/person\/8afb4cd92b68572db7902c13a349ffcb\"},\"headline\":\"EXKLUSIV: Erkl\u00e4rung von Erzbischof Vigano zur durchgesickerten Roe vs. Wade-Entscheidung\",\"datePublished\":\"2022-05-13T22:50:00+00:00\",\"dateModified\":\"2022-05-13T22:50:00+00:00\",\"mainEntityOfPage\":{\"@id\":\"https:\/\/now-news.de\/de\/usa\/exklusiv-erklaerung-von-erzbischof-vigano-zur-durchgesickerten-roe-vs-wade-entscheidung\/\"},\"wordCount\":470,\"commentCount\":0,\"publisher\":{\"@id\":\"https:\/\/now-news.de\/de\/#organization\"},\"image\":{\"@id\":\"https:\/\/now-news.de\/de\/usa\/exklusiv-erklaerung-von-erzbischof-vigano-zur-durchgesickerten-roe-vs-wade-entscheidung\/#primaryimage\"},\"thumbnailUrl\":\"https:\/\/now-news.de\/de\/wp-content\/uploads\/sites\/3\/2022\/05\/EXKLUSIV-Erklaerung-von-Erzbischof-Vigano-zur-durchgesickerten-Roe-vs-Wade-Entscheidung.jpg\",\"keywords\":[\"durchgesickerten\",\"Erkl\u00e4rung\",\"Erzbischof\",\"exklusiv\",\"Roe\",\"Vigan\u00f2\",\"von\",\"WadeEntscheidung\",\"zur\"],\"articleSection\":[\"USA\"],\"inLanguage\":\"de\",\"potentialAction\":[{\"@type\":\"CommentAction\",\"name\":\"Comment\",\"target\":[\"https:\/\/now-news.de\/de\/usa\/exklusiv-erklaerung-von-erzbischof-vigano-zur-durchgesickerten-roe-vs-wade-entscheidung\/#respond\"]}]},{\"@type\":\"WebPage\",\"@id\":\"https:\/\/now-news.de\/de\/usa\/exklusiv-erklaerung-von-erzbischof-vigano-zur-durchgesickerten-roe-vs-wade-entscheidung\/\",\"url\":\"https:\/\/now-news.de\/de\/usa\/exklusiv-erklaerung-von-erzbischof-vigano-zur-durchgesickerten-roe-vs-wade-entscheidung\/\",\"name\":\"EXKLUSIV: Erkl\u00e4rung von Erzbischof Vigano zur durchgesickerten Roe vs. Wade-Entscheidung - just-now.NEWS Deutschland\",\"isPartOf\":{\"@id\":\"https:\/\/now-news.de\/de\/#website\"},\"primaryImageOfPage\":{\"@id\":\"https:\/\/now-news.de\/de\/usa\/exklusiv-erklaerung-von-erzbischof-vigano-zur-durchgesickerten-roe-vs-wade-entscheidung\/#primaryimage\"},\"image\":{\"@id\":\"https:\/\/now-news.de\/de\/usa\/exklusiv-erklaerung-von-erzbischof-vigano-zur-durchgesickerten-roe-vs-wade-entscheidung\/#primaryimage\"},\"thumbnailUrl\":\"https:\/\/now-news.de\/de\/wp-content\/uploads\/sites\/3\/2022\/05\/EXKLUSIV-Erklaerung-von-Erzbischof-Vigano-zur-durchgesickerten-Roe-vs-Wade-Entscheidung.jpg\",\"datePublished\":\"2022-05-13T22:50:00+00:00\",\"dateModified\":\"2022-05-13T22:50:00+00:00\",\"breadcrumb\":{\"@id\":\"https:\/\/now-news.de\/de\/usa\/exklusiv-erklaerung-von-erzbischof-vigano-zur-durchgesickerten-roe-vs-wade-entscheidung\/#breadcrumb\"},\"inLanguage\":\"de\",\"potentialAction\":[{\"@type\":\"ReadAction\",\"target\":[\"https:\/\/now-news.de\/de\/usa\/exklusiv-erklaerung-von-erzbischof-vigano-zur-durchgesickerten-roe-vs-wade-entscheidung\/\"]}]},{\"@type\":\"ImageObject\",\"inLanguage\":\"de\",\"@id\":\"https:\/\/now-news.de\/de\/usa\/exklusiv-erklaerung-von-erzbischof-vigano-zur-durchgesickerten-roe-vs-wade-entscheidung\/#primaryimage\",\"url\":\"https:\/\/now-news.de\/de\/wp-content\/uploads\/sites\/3\/2022\/05\/EXKLUSIV-Erklaerung-von-Erzbischof-Vigano-zur-durchgesickerten-Roe-vs-Wade-Entscheidung.jpg\",\"contentUrl\":\"https:\/\/now-news.de\/de\/wp-content\/uploads\/sites\/3\/2022\/05\/EXKLUSIV-Erklaerung-von-Erzbischof-Vigano-zur-durchgesickerten-Roe-vs-Wade-Entscheidung.jpg\",\"width\":589,\"height\":436},{\"@type\":\"BreadcrumbList\",\"@id\":\"https:\/\/now-news.de\/de\/usa\/exklusiv-erklaerung-von-erzbischof-vigano-zur-durchgesickerten-roe-vs-wade-entscheidung\/#breadcrumb\",\"itemListElement\":[{\"@type\":\"ListItem\",\"position\":1,\"name\":\"Home\",\"item\":\"https:\/\/now-news.de\/de\/\"},{\"@type\":\"ListItem\",\"position\":2,\"name\":\"EXKLUSIV: Erkl\u00e4rung von Erzbischof Vigano zur durchgesickerten Roe vs. Wade-Entscheidung\"}]},{\"@type\":\"WebSite\",\"@id\":\"https:\/\/now-news.de\/de\/#website\",\"url\":\"https:\/\/now-news.de\/de\/\",\"name\":\"just-now.NEWS Deutschland\",\"description\":\"Das Portal f\u00fcr unzensierte Nachrichten aus der Welt\",\"publisher\":{\"@id\":\"https:\/\/now-news.de\/de\/#organization\"},\"potentialAction\":[{\"@type\":\"SearchAction\",\"target\":{\"@type\":\"EntryPoint\",\"urlTemplate\":\"https:\/\/now-news.de\/de\/?s={search_term_string}\"},\"query-input\":\"required name=search_term_string\"}],\"inLanguage\":\"de\"},{\"@type\":\"Organization\",\"@id\":\"https:\/\/now-news.de\/de\/#organization\",\"name\":\"Just Now News\",\"url\":\"https:\/\/now-news.de\/de\/\",\"logo\":{\"@type\":\"ImageObject\",\"inLanguage\":\"de\",\"@id\":\"https:\/\/now-news.de\/de\/#\/schema\/logo\/image\/\",\"url\":\"http:\/\/just-now.news\/de\/wp-content\/uploads\/sites\/3\/2022\/04\/logo500x500.jpg\",\"contentUrl\":\"http:\/\/just-now.news\/de\/wp-content\/uploads\/sites\/3\/2022\/04\/logo500x500.jpg\",\"width\":500,\"height\":500,\"caption\":\"Just Now News\"},\"image\":{\"@id\":\"https:\/\/now-news.de\/de\/#\/schema\/logo\/image\/\"},\"sameAs\":[\"https:\/\/www.facebook.com\/wirmachenauf\",\"https:\/\/x.com\/WirMachenAuf_de\"]},{\"@type\":\"Person\",\"@id\":\"https:\/\/now-news.de\/de\/#\/schema\/person\/8afb4cd92b68572db7902c13a349ffcb\",\"name\":\"greatreset\",\"image\":{\"@type\":\"ImageObject\",\"inLanguage\":\"de\",\"@id\":\"https:\/\/now-news.de\/de\/#\/schema\/person\/image\/\",\"url\":\"https:\/\/secure.gravatar.com\/avatar\/a088df625d49991c090e78c8b9542592?s=96&d=mm&r=g\",\"contentUrl\":\"https:\/\/secure.gravatar.com\/avatar\/a088df625d49991c090e78c8b9542592?s=96&d=mm&r=g\",\"caption\":\"greatreset\"},\"url\":\"https:\/\/now-news.de\/de\/author\/greatreset\/\"}]}<\/script>\n<!-- \/ Yoast SEO Premium plugin. -->","yoast_head_json":{"title":"EXKLUSIV: Erkl\u00e4rung von Erzbischof Vigano zur durchgesickerten Roe vs. Wade-Entscheidung - just-now.NEWS Deutschland","robots":{"index":"index","follow":"follow","max-snippet":"max-snippet:-1","max-image-preview":"max-image-preview:large","max-video-preview":"max-video-preview:-1"},"canonical":"https:\/\/now-news.de\/de\/usa\/exklusiv-erklaerung-von-erzbischof-vigano-zur-durchgesickerten-roe-vs-wade-entscheidung\/","og_locale":"de_DE","og_type":"article","og_title":"EXKLUSIV: Erkl\u00e4rung von Erzbischof Vigano zur durchgesickerten Roe vs. Wade-Entscheidung","og_description":"Erzbischof Carlo Maria Vigano \u00fcbermittelte The Gateway Pandit seine Erkl\u00e4rung zu der durchgesickerten Entscheidung Roe vs. Wade, die vom Obersten Gerichtshof der USA ergangen ist. Erzbischof Carlo Maria Vigano gab seine Erkl\u00e4rung und Erkl\u00e4rung zu den j\u00fcngsten Nachrichten \u00fcber die k\u00fcrzlich durchgesickerte Entscheidung Roe vs. Wade des Obersten Gerichtshofs ab. Der Erzbischof ist der Ansicht, [&hellip;]","og_url":"https:\/\/now-news.de\/de\/usa\/exklusiv-erklaerung-von-erzbischof-vigano-zur-durchgesickerten-roe-vs-wade-entscheidung\/","og_site_name":"just-now.NEWS Deutschland","article_publisher":"https:\/\/www.facebook.com\/wirmachenauf","article_published_time":"2022-05-13T22:50:00+00:00","og_image":[{"width":589,"height":436,"url":"https:\/\/now-news.de\/de\/wp-content\/uploads\/sites\/3\/2022\/05\/EXKLUSIV-Erklaerung-von-Erzbischof-Vigano-zur-durchgesickerten-Roe-vs-Wade-Entscheidung.jpg","type":"image\/jpeg"}],"author":"greatreset","twitter_card":"summary_large_image","twitter_creator":"@WirMachenAuf_de","twitter_site":"@WirMachenAuf_de","twitter_misc":{"Verfasst von":"greatreset","Gesch\u00e4tzte Lesezeit":"2\u00a0Minuten"},"schema":{"@context":"https:\/\/schema.org","@graph":[{"@type":"Article","@id":"https:\/\/now-news.de\/de\/usa\/exklusiv-erklaerung-von-erzbischof-vigano-zur-durchgesickerten-roe-vs-wade-entscheidung\/#article","isPartOf":{"@id":"https:\/\/now-news.de\/de\/usa\/exklusiv-erklaerung-von-erzbischof-vigano-zur-durchgesickerten-roe-vs-wade-entscheidung\/"},"author":{"name":"greatreset","@id":"https:\/\/now-news.de\/de\/#\/schema\/person\/8afb4cd92b68572db7902c13a349ffcb"},"headline":"EXKLUSIV: Erkl\u00e4rung von Erzbischof Vigano zur durchgesickerten Roe vs. Wade-Entscheidung","datePublished":"2022-05-13T22:50:00+00:00","dateModified":"2022-05-13T22:50:00+00:00","mainEntityOfPage":{"@id":"https:\/\/now-news.de\/de\/usa\/exklusiv-erklaerung-von-erzbischof-vigano-zur-durchgesickerten-roe-vs-wade-entscheidung\/"},"wordCount":470,"commentCount":0,"publisher":{"@id":"https:\/\/now-news.de\/de\/#organization"},"image":{"@id":"https:\/\/now-news.de\/de\/usa\/exklusiv-erklaerung-von-erzbischof-vigano-zur-durchgesickerten-roe-vs-wade-entscheidung\/#primaryimage"},"thumbnailUrl":"https:\/\/now-news.de\/de\/wp-content\/uploads\/sites\/3\/2022\/05\/EXKLUSIV-Erklaerung-von-Erzbischof-Vigano-zur-durchgesickerten-Roe-vs-Wade-Entscheidung.jpg","keywords":["durchgesickerten","Erkl\u00e4rung","Erzbischof","exklusiv","Roe","Vigan\u00f2","von","WadeEntscheidung","zur"],"articleSection":["USA"],"inLanguage":"de","potentialAction":[{"@type":"CommentAction","name":"Comment","target":["https:\/\/now-news.de\/de\/usa\/exklusiv-erklaerung-von-erzbischof-vigano-zur-durchgesickerten-roe-vs-wade-entscheidung\/#respond"]}]},{"@type":"WebPage","@id":"https:\/\/now-news.de\/de\/usa\/exklusiv-erklaerung-von-erzbischof-vigano-zur-durchgesickerten-roe-vs-wade-entscheidung\/","url":"https:\/\/now-news.de\/de\/usa\/exklusiv-erklaerung-von-erzbischof-vigano-zur-durchgesickerten-roe-vs-wade-entscheidung\/","name":"EXKLUSIV: Erkl\u00e4rung von Erzbischof Vigano zur durchgesickerten Roe vs. Wade-Entscheidung - just-now.NEWS Deutschland","isPartOf":{"@id":"https:\/\/now-news.de\/de\/#website"},"primaryImageOfPage":{"@id":"https:\/\/now-news.de\/de\/usa\/exklusiv-erklaerung-von-erzbischof-vigano-zur-durchgesickerten-roe-vs-wade-entscheidung\/#primaryimage"},"image":{"@id":"https:\/\/now-news.de\/de\/usa\/exklusiv-erklaerung-von-erzbischof-vigano-zur-durchgesickerten-roe-vs-wade-entscheidung\/#primaryimage"},"thumbnailUrl":"https:\/\/now-news.de\/de\/wp-content\/uploads\/sites\/3\/2022\/05\/EXKLUSIV-Erklaerung-von-Erzbischof-Vigano-zur-durchgesickerten-Roe-vs-Wade-Entscheidung.jpg","datePublished":"2022-05-13T22:50:00+00:00","dateModified":"2022-05-13T22:50:00+00:00","breadcrumb":{"@id":"https:\/\/now-news.de\/de\/usa\/exklusiv-erklaerung-von-erzbischof-vigano-zur-durchgesickerten-roe-vs-wade-entscheidung\/#breadcrumb"},"inLanguage":"de","potentialAction":[{"@type":"ReadAction","target":["https:\/\/now-news.de\/de\/usa\/exklusiv-erklaerung-von-erzbischof-vigano-zur-durchgesickerten-roe-vs-wade-entscheidung\/"]}]},{"@type":"ImageObject","inLanguage":"de","@id":"https:\/\/now-news.de\/de\/usa\/exklusiv-erklaerung-von-erzbischof-vigano-zur-durchgesickerten-roe-vs-wade-entscheidung\/#primaryimage","url":"https:\/\/now-news.de\/de\/wp-content\/uploads\/sites\/3\/2022\/05\/EXKLUSIV-Erklaerung-von-Erzbischof-Vigano-zur-durchgesickerten-Roe-vs-Wade-Entscheidung.jpg","contentUrl":"https:\/\/now-news.de\/de\/wp-content\/uploads\/sites\/3\/2022\/05\/EXKLUSIV-Erklaerung-von-Erzbischof-Vigano-zur-durchgesickerten-Roe-vs-Wade-Entscheidung.jpg","width":589,"height":436},{"@type":"BreadcrumbList","@id":"https:\/\/now-news.de\/de\/usa\/exklusiv-erklaerung-von-erzbischof-vigano-zur-durchgesickerten-roe-vs-wade-entscheidung\/#breadcrumb","itemListElement":[{"@type":"ListItem","position":1,"name":"Home","item":"https:\/\/now-news.de\/de\/"},{"@type":"ListItem","position":2,"name":"EXKLUSIV: Erkl\u00e4rung von Erzbischof Vigano zur durchgesickerten Roe vs. Wade-Entscheidung"}]},{"@type":"WebSite","@id":"https:\/\/now-news.de\/de\/#website","url":"https:\/\/now-news.de\/de\/","name":"just-now.NEWS Deutschland","description":"Das Portal f\u00fcr unzensierte Nachrichten aus der Welt","publisher":{"@id":"https:\/\/now-news.de\/de\/#organization"},"potentialAction":[{"@type":"SearchAction","target":{"@type":"EntryPoint","urlTemplate":"https:\/\/now-news.de\/de\/?s={search_term_string}"},"query-input":"required name=search_term_string"}],"inLanguage":"de"},{"@type":"Organization","@id":"https:\/\/now-news.de\/de\/#organization","name":"Just Now News","url":"https:\/\/now-news.de\/de\/","logo":{"@type":"ImageObject","inLanguage":"de","@id":"https:\/\/now-news.de\/de\/#\/schema\/logo\/image\/","url":"http:\/\/just-now.news\/de\/wp-content\/uploads\/sites\/3\/2022\/04\/logo500x500.jpg","contentUrl":"http:\/\/just-now.news\/de\/wp-content\/uploads\/sites\/3\/2022\/04\/logo500x500.jpg","width":500,"height":500,"caption":"Just Now News"},"image":{"@id":"https:\/\/now-news.de\/de\/#\/schema\/logo\/image\/"},"sameAs":["https:\/\/www.facebook.com\/wirmachenauf","https:\/\/x.com\/WirMachenAuf_de"]},{"@type":"Person","@id":"https:\/\/now-news.de\/de\/#\/schema\/person\/8afb4cd92b68572db7902c13a349ffcb","name":"greatreset","image":{"@type":"ImageObject","inLanguage":"de","@id":"https:\/\/now-news.de\/de\/#\/schema\/person\/image\/","url":"https:\/\/secure.gravatar.com\/avatar\/a088df625d49991c090e78c8b9542592?s=96&d=mm&r=g","contentUrl":"https:\/\/secure.gravatar.com\/avatar\/a088df625d49991c090e78c8b9542592?s=96&d=mm&r=g","caption":"greatreset"},"url":"https:\/\/now-news.de\/de\/author\/greatreset\/"}]}},"_links":{"self":[{"href":"https:\/\/now-news.de\/de\/wp-json\/wp\/v2\/posts\/7712"}],"collection":[{"href":"https:\/\/now-news.de\/de\/wp-json\/wp\/v2\/posts"}],"about":[{"href":"https:\/\/now-news.de\/de\/wp-json\/wp\/v2\/types\/post"}],"author":[{"embeddable":true,"href":"https:\/\/now-news.de\/de\/wp-json\/wp\/v2\/users\/5"}],"replies":[{"embeddable":true,"href":"https:\/\/now-news.de\/de\/wp-json\/wp\/v2\/comments?post=7712"}],"version-history":[{"count":0,"href":"https:\/\/now-news.de\/de\/wp-json\/wp\/v2\/posts\/7712\/revisions"}],"wp:featuredmedia":[{"embeddable":true,"href":"https:\/\/now-news.de\/de\/wp-json\/wp\/v2\/media\/7713"}],"wp:attachment":[{"href":"https:\/\/now-news.de\/de\/wp-json\/wp\/v2\/media?parent=7712"}],"wp:term":[{"taxonomy":"category","embeddable":true,"href":"https:\/\/now-news.de\/de\/wp-json\/wp\/v2\/categories?post=7712"},{"taxonomy":"post_tag","embeddable":true,"href":"https:\/\/now-news.de\/de\/wp-json\/wp\/v2\/tags?post=7712"}],"curies":[{"name":"wp","href":"https:\/\/api.w.org\/{rel}","templated":true}]}}