{"id":77093,"date":"2025-01-24T13:12:44","date_gmt":"2025-01-24T11:12:44","guid":{"rendered":"https:\/\/now-news.de\/de\/deutschland\/falken-enttaeuscht-trump-ernennt-steve-witkoff-zum-neuen-iran-beauftragten\/"},"modified":"2025-01-24T13:12:44","modified_gmt":"2025-01-24T11:12:44","slug":"falken-enttaeuscht-trump-ernennt-steve-witkoff-zum-neuen-iran-beauftragten","status":"publish","type":"post","link":"https:\/\/now-news.de\/de\/deutschland\/falken-enttaeuscht-trump-ernennt-steve-witkoff-zum-neuen-iran-beauftragten\/","title":{"rendered":"Falken entt\u00e4uscht: Trump ernennt Steve Witkoff zum neuen Iran-Beauftragten"},"content":{"rendered":"<p><img decoding=\"async\" src=\"https:\/\/now-news.de\/de\/wp-content\/uploads\/sites\/3\/2025\/01\/67935ce3b480cc6cd1621e32.jpg\" \/><\/p>\n<div class=\"Text-root Text-type_1 \">\n                In den ersten Gespr\u00e4chen zwischen dem neuen US-Pr\u00e4sidenten Trump und seinen Beratern wurde signalisiert, dass sie sich einen diplomatischen Weg offenhalten wollen, um eine gr\u00f6\u00dfere Konfrontation mit Iran zu vermeiden.\n            <\/div>\n<p><\/p>\n<div class=\"Text-root Text-type_5 ArticleView-text ViewText-root \">\n<p>Donald Trump wird seinen Gesandten f\u00fcr den Nahen Osten, Steve Witkoff, damit beauftragen, die Bedenken Washingtons gegen\u00fcber Iran zu zerstreuen. Dies deutet darauf hin, dass der US-Pr\u00e4sident bereit ist, es bez\u00fcglich Irans Atomprogramm erst mit Diplomatie zu versuchen, bevor er den Druck auf Teheran erh\u00f6ht, so Personen, die mit der Angelegenheit vertraut sind.<\/p>\n<p>Witkoff, ein Immobilieninvestor, der eine zentrale Rolle bei der Sicherung des Waffenstillstands im Gazastreifen gespielt hat, soll die Bem\u00fchungen um\u00a0die Beilegung des Atom-Konflikts mit Iran anf\u00fchren \u2013 als Teil eines umfassenderen Auftrags des Pr\u00e4sidenten, &#8220;die Kriege&#8221; in der Region zu beenden.<\/p>\n<p>W\u00e4hrend des \u00dcbergangs zu seiner neuen Regierung hat Trumps Team m\u00f6gliche Ma\u00dfnahmen ausgearbeitet, um seine Kampagne des &#8220;maximalen Drucks&#8221; auf Iran durch neue Sanktionen oder eine strengere \u00dcberwachung der bestehenden Ma\u00dfnahmen wiederaufzunehmen.<\/p>\n<p>Trump und seine Berater haben jedoch in ersten Gespr\u00e4chen zu verstehen gegeben, dass sie sich einen diplomatischen Weg offenhalten wollen, um eine gr\u00f6\u00dfere Konfrontation mit Iran zu vermeiden.\u00a0Trump sagte am Donnerstagnachmittag auch, dass er ein Abkommen mit Iran anstreben werde. Auf die Frage, ob er es unterst\u00fctzen w\u00fcrde, wenn Israel die iranischen Atomanlagen angreife, sagte er: &#8220;Es w\u00e4re wirklich sch\u00f6n, wenn das ohne diesen weiteren Schritt m\u00f6glich w\u00e4re.&#8221; Er f\u00fcgte hinzu:\u00a0&#8220;Iran wird hoffentlich ein Abkommen schlie\u00dfen.&#8221;<\/p>\n<p>Die genauen Umrisse von Trumps Herangehensweise an Teheran und Witkoffs Aufgabenbereich sind noch nicht abzusehen. Einige der j\u00fcngsten Ernennungen des Pr\u00e4sidenten haben jedoch ein Lager innerhalb der Regierung gest\u00e4rkt, das Verhandlungen mit Iran in Betracht zieht und einem Schlag gegen das iranische Atomprogramm skeptisch gegen\u00fcbersteht.<\/p>\n<p>Witkoffs potenzielle Zust\u00e4ndigkeit f\u00fcr Iran-Fragen hat einige Iran-Falken im Kongress und anderswo in Washington alarmiert, die bef\u00fcrchten, dass er den Druck auf Iran bei der Suche nach einem m\u00f6glichen Abkommen zu schnell aufgeben wird.<\/p>\n<p>&#8220;Er hebt bereits den Druck auf Hamas, Hisbollah und Iran auf und l\u00e4sst dabei amerikanische Geiseln im Stich und gef\u00e4hrdet Israel&#8221;, sagte ein hochrangiger republikanischer Kongressmitarbeiter in Richtung Witkoff.<\/p>\n<p><strong>Mehr zum Thema<\/strong> \u2013 <a rel=\"nofollow noopener\" target=\"_blank\" href=\"https:\/\/freedert.online\/international\/234050-trump-ernennt-ex-fastfood-chef\/\">Trump ernennt Ex-Fast-Food-Chef zum EU-Botschafter<\/a><\/p>\n<div class=\"EmbedBlock-root EmbedBlock-externalVideo EmbedBlock-rumble\">\n<div class=\"VkEmbed\"><iframe class=\"lazyload\" data-src=\"https:\/\/rumble.com\/embed\/v6a80bv\" frameborder=\"0\" width=\"853\" height=\"480\" allowfullscreen><\/iframe><\/div>\n<\/div>\n<\/div>\n<p><br \/>\n<br \/><a href=\"https:\/\/de.rt.com\/international\/234181-iran-falken-enttaeuscht-trump-ernennt\/\">Source link <\/a><\/p>\n","protected":false},"excerpt":{"rendered":"<p>In den ersten Gespr\u00e4chen zwischen dem neuen US-Pr\u00e4sidenten Trump und seinen Beratern wurde signalisiert, dass sie sich einen diplomatischen Weg offenhalten wollen, um eine gr\u00f6\u00dfere Konfrontation mit Iran zu vermeiden. Donald Trump wird seinen Gesandten f\u00fcr den Nahen Osten, Steve Witkoff, damit beauftragen, die Bedenken Washingtons gegen\u00fcber Iran zu zerstreuen. Dies deutet darauf hin, dass [&hellip;]<\/p>\n","protected":false},"author":3,"featured_media":77094,"comment_status":"open","ping_status":"open","sticky":false,"template":"","format":"standard","meta":{"_yoast_indexnow_last_ping":["1737717665"],"wp_automatic_camp":["217"],"8138e9b60f4adf6c178adc257036efe8":["Falken entt\u00e4uscht: Trump ernennt Steve Witkoff zum neuen Iran-Beauftragten"],"original_link":["https:\/\/de.rt.com\/international\/234181-iran-falken-enttaeuscht-trump-ernennt\/"],"_thumbnail_id":["77094"],"jnews_social_counter_last_update":["1777224930"],"_wptgpro_p2tg_sent2tg":["a:1:{i:23737;s:19:\"2025-01-24 13:22:06\";}"]},"categories":[19,23],"tags":[22099,18006,38344,62177,213,7010,1639,62176,565],"yoast_head":"<!-- This site is optimized with the Yoast SEO Premium plugin v22.7 (Yoast SEO v22.7) - https:\/\/yoast.com\/wordpress\/plugins\/seo\/ -->\n<title>Falken entt\u00e4uscht: Trump ernennt Steve Witkoff zum neuen Iran-Beauftragten - just-now.NEWS Deutschland<\/title>\n<meta name=\"robots\" content=\"index, follow, max-snippet:-1, max-image-preview:large, max-video-preview:-1\" \/>\n<link rel=\"canonical\" href=\"https:\/\/now-news.de\/de\/deutschland\/falken-enttaeuscht-trump-ernennt-steve-witkoff-zum-neuen-iran-beauftragten\/\" \/>\n<meta property=\"og:locale\" content=\"de_DE\" \/>\n<meta property=\"og:type\" content=\"article\" \/>\n<meta property=\"og:title\" content=\"Falken entt\u00e4uscht: Trump ernennt Steve Witkoff zum neuen Iran-Beauftragten\" \/>\n<meta property=\"og:description\" content=\"In den ersten Gespr\u00e4chen zwischen dem neuen US-Pr\u00e4sidenten Trump und seinen Beratern wurde signalisiert, dass sie sich einen diplomatischen Weg offenhalten wollen, um eine gr\u00f6\u00dfere Konfrontation mit Iran zu vermeiden. Donald Trump wird seinen Gesandten f\u00fcr den Nahen Osten, Steve Witkoff, damit beauftragen, die Bedenken Washingtons gegen\u00fcber Iran zu zerstreuen. Dies deutet darauf hin, dass [&hellip;]\" \/>\n<meta property=\"og:url\" content=\"https:\/\/now-news.de\/de\/deutschland\/falken-enttaeuscht-trump-ernennt-steve-witkoff-zum-neuen-iran-beauftragten\/\" \/>\n<meta property=\"og:site_name\" content=\"just-now.NEWS Deutschland\" \/>\n<meta property=\"article:publisher\" content=\"https:\/\/www.facebook.com\/wirmachenauf\" \/>\n<meta property=\"article:published_time\" content=\"2025-01-24T11:12:44+00:00\" \/>\n<meta property=\"og:image\" content=\"https:\/\/now-news.de\/de\/wp-content\/uploads\/sites\/3\/2025\/01\/67935ce3b480cc6cd1621e32.jpg\" \/>\n<meta name=\"author\" content=\"rtnews\" \/>\n<meta name=\"twitter:card\" content=\"summary_large_image\" \/>\n<meta name=\"twitter:creator\" content=\"@WirMachenAuf_de\" \/>\n<meta name=\"twitter:site\" content=\"@WirMachenAuf_de\" \/>\n<meta name=\"twitter:label1\" content=\"Verfasst von\" \/>\n\t<meta name=\"twitter:data1\" content=\"rtnews\" \/>\n\t<meta name=\"twitter:label2\" content=\"Gesch\u00e4tzte Lesezeit\" \/>\n\t<meta name=\"twitter:data2\" content=\"2\u00a0Minuten\" \/>\n<script type=\"application\/ld+json\" class=\"yoast-schema-graph\">{\"@context\":\"https:\/\/schema.org\",\"@graph\":[{\"@type\":\"Article\",\"@id\":\"https:\/\/now-news.de\/de\/deutschland\/falken-enttaeuscht-trump-ernennt-steve-witkoff-zum-neuen-iran-beauftragten\/#article\",\"isPartOf\":{\"@id\":\"https:\/\/now-news.de\/de\/deutschland\/falken-enttaeuscht-trump-ernennt-steve-witkoff-zum-neuen-iran-beauftragten\/\"},\"author\":{\"name\":\"rtnews\",\"@id\":\"https:\/\/now-news.de\/de\/#\/schema\/person\/fb534a4e865501d8b3285208df34a9b5\"},\"headline\":\"Falken entt\u00e4uscht: Trump ernennt Steve Witkoff zum neuen Iran-Beauftragten\",\"datePublished\":\"2025-01-24T11:12:44+00:00\",\"dateModified\":\"2025-01-24T11:12:44+00:00\",\"mainEntityOfPage\":{\"@id\":\"https:\/\/now-news.de\/de\/deutschland\/falken-enttaeuscht-trump-ernennt-steve-witkoff-zum-neuen-iran-beauftragten\/\"},\"wordCount\":398,\"commentCount\":0,\"publisher\":{\"@id\":\"https:\/\/now-news.de\/de\/#organization\"},\"image\":{\"@id\":\"https:\/\/now-news.de\/de\/deutschland\/falken-enttaeuscht-trump-ernennt-steve-witkoff-zum-neuen-iran-beauftragten\/#primaryimage\"},\"thumbnailUrl\":\"https:\/\/now-news.de\/de\/wp-content\/uploads\/sites\/3\/2025\/01\/Falken-enttaeuscht-Trump-ernennt-Steve-Witkoff-zum-neuen-Iran-Beauftragten.jpg\",\"keywords\":[\"entt\u00e4uscht\",\"ernennt\",\"Falken\",\"IranBeauftragten\",\"neuen\",\"Steve\",\"trump\",\"Witkoff\",\"zum\"],\"articleSection\":[\"Deutschland\",\"Russland\"],\"inLanguage\":\"de\",\"potentialAction\":[{\"@type\":\"CommentAction\",\"name\":\"Comment\",\"target\":[\"https:\/\/now-news.de\/de\/deutschland\/falken-enttaeuscht-trump-ernennt-steve-witkoff-zum-neuen-iran-beauftragten\/#respond\"]}]},{\"@type\":\"WebPage\",\"@id\":\"https:\/\/now-news.de\/de\/deutschland\/falken-enttaeuscht-trump-ernennt-steve-witkoff-zum-neuen-iran-beauftragten\/\",\"url\":\"https:\/\/now-news.de\/de\/deutschland\/falken-enttaeuscht-trump-ernennt-steve-witkoff-zum-neuen-iran-beauftragten\/\",\"name\":\"Falken entt\u00e4uscht: Trump ernennt Steve Witkoff zum neuen Iran-Beauftragten - just-now.NEWS Deutschland\",\"isPartOf\":{\"@id\":\"https:\/\/now-news.de\/de\/#website\"},\"primaryImageOfPage\":{\"@id\":\"https:\/\/now-news.de\/de\/deutschland\/falken-enttaeuscht-trump-ernennt-steve-witkoff-zum-neuen-iran-beauftragten\/#primaryimage\"},\"image\":{\"@id\":\"https:\/\/now-news.de\/de\/deutschland\/falken-enttaeuscht-trump-ernennt-steve-witkoff-zum-neuen-iran-beauftragten\/#primaryimage\"},\"thumbnailUrl\":\"https:\/\/now-news.de\/de\/wp-content\/uploads\/sites\/3\/2025\/01\/Falken-enttaeuscht-Trump-ernennt-Steve-Witkoff-zum-neuen-Iran-Beauftragten.jpg\",\"datePublished\":\"2025-01-24T11:12:44+00:00\",\"dateModified\":\"2025-01-24T11:12:44+00:00\",\"breadcrumb\":{\"@id\":\"https:\/\/now-news.de\/de\/deutschland\/falken-enttaeuscht-trump-ernennt-steve-witkoff-zum-neuen-iran-beauftragten\/#breadcrumb\"},\"inLanguage\":\"de\",\"potentialAction\":[{\"@type\":\"ReadAction\",\"target\":[\"https:\/\/now-news.de\/de\/deutschland\/falken-enttaeuscht-trump-ernennt-steve-witkoff-zum-neuen-iran-beauftragten\/\"]}]},{\"@type\":\"ImageObject\",\"inLanguage\":\"de\",\"@id\":\"https:\/\/now-news.de\/de\/deutschland\/falken-enttaeuscht-trump-ernennt-steve-witkoff-zum-neuen-iran-beauftragten\/#primaryimage\",\"url\":\"https:\/\/now-news.de\/de\/wp-content\/uploads\/sites\/3\/2025\/01\/Falken-enttaeuscht-Trump-ernennt-Steve-Witkoff-zum-neuen-Iran-Beauftragten.jpg\",\"contentUrl\":\"https:\/\/now-news.de\/de\/wp-content\/uploads\/sites\/3\/2025\/01\/Falken-enttaeuscht-Trump-ernennt-Steve-Witkoff-zum-neuen-Iran-Beauftragten.jpg\",\"width\":460,\"height\":259,\"caption\":\"Falken entt\u00e4uscht: Trump ernennt Steve Witkoff zum neuen Iran-Beauftragten\"},{\"@type\":\"BreadcrumbList\",\"@id\":\"https:\/\/now-news.de\/de\/deutschland\/falken-enttaeuscht-trump-ernennt-steve-witkoff-zum-neuen-iran-beauftragten\/#breadcrumb\",\"itemListElement\":[{\"@type\":\"ListItem\",\"position\":1,\"name\":\"Home\",\"item\":\"https:\/\/now-news.de\/de\/\"},{\"@type\":\"ListItem\",\"position\":2,\"name\":\"Falken entt\u00e4uscht: Trump ernennt Steve Witkoff zum neuen Iran-Beauftragten\"}]},{\"@type\":\"WebSite\",\"@id\":\"https:\/\/now-news.de\/de\/#website\",\"url\":\"https:\/\/now-news.de\/de\/\",\"name\":\"just-now.NEWS Deutschland\",\"description\":\"Das Portal f\u00fcr unzensierte Nachrichten aus der Welt\",\"publisher\":{\"@id\":\"https:\/\/now-news.de\/de\/#organization\"},\"potentialAction\":[{\"@type\":\"SearchAction\",\"target\":{\"@type\":\"EntryPoint\",\"urlTemplate\":\"https:\/\/now-news.de\/de\/?s={search_term_string}\"},\"query-input\":\"required name=search_term_string\"}],\"inLanguage\":\"de\"},{\"@type\":\"Organization\",\"@id\":\"https:\/\/now-news.de\/de\/#organization\",\"name\":\"Just Now News\",\"url\":\"https:\/\/now-news.de\/de\/\",\"logo\":{\"@type\":\"ImageObject\",\"inLanguage\":\"de\",\"@id\":\"https:\/\/now-news.de\/de\/#\/schema\/logo\/image\/\",\"url\":\"http:\/\/just-now.news\/de\/wp-content\/uploads\/sites\/3\/2022\/04\/logo500x500.jpg\",\"contentUrl\":\"http:\/\/just-now.news\/de\/wp-content\/uploads\/sites\/3\/2022\/04\/logo500x500.jpg\",\"width\":500,\"height\":500,\"caption\":\"Just Now News\"},\"image\":{\"@id\":\"https:\/\/now-news.de\/de\/#\/schema\/logo\/image\/\"},\"sameAs\":[\"https:\/\/www.facebook.com\/wirmachenauf\",\"https:\/\/x.com\/WirMachenAuf_de\"]},{\"@type\":\"Person\",\"@id\":\"https:\/\/now-news.de\/de\/#\/schema\/person\/fb534a4e865501d8b3285208df34a9b5\",\"name\":\"rtnews\",\"image\":{\"@type\":\"ImageObject\",\"inLanguage\":\"de\",\"@id\":\"https:\/\/now-news.de\/de\/#\/schema\/person\/image\/\",\"url\":\"https:\/\/secure.gravatar.com\/avatar\/82aafea7d8127119dd649515f56e2117?s=96&d=mm&r=g\",\"contentUrl\":\"https:\/\/secure.gravatar.com\/avatar\/82aafea7d8127119dd649515f56e2117?s=96&d=mm&r=g\",\"caption\":\"rtnews\"},\"url\":\"https:\/\/now-news.de\/de\/author\/rnews\/\"}]}<\/script>\n<!-- \/ Yoast SEO Premium plugin. -->","yoast_head_json":{"title":"Falken entt\u00e4uscht: Trump ernennt Steve Witkoff zum neuen Iran-Beauftragten - just-now.NEWS Deutschland","robots":{"index":"index","follow":"follow","max-snippet":"max-snippet:-1","max-image-preview":"max-image-preview:large","max-video-preview":"max-video-preview:-1"},"canonical":"https:\/\/now-news.de\/de\/deutschland\/falken-enttaeuscht-trump-ernennt-steve-witkoff-zum-neuen-iran-beauftragten\/","og_locale":"de_DE","og_type":"article","og_title":"Falken entt\u00e4uscht: Trump ernennt Steve Witkoff zum neuen Iran-Beauftragten","og_description":"In den ersten Gespr\u00e4chen zwischen dem neuen US-Pr\u00e4sidenten Trump und seinen Beratern wurde signalisiert, dass sie sich einen diplomatischen Weg offenhalten wollen, um eine gr\u00f6\u00dfere Konfrontation mit Iran zu vermeiden. Donald Trump wird seinen Gesandten f\u00fcr den Nahen Osten, Steve Witkoff, damit beauftragen, die Bedenken Washingtons gegen\u00fcber Iran zu zerstreuen. Dies deutet darauf hin, dass [&hellip;]","og_url":"https:\/\/now-news.de\/de\/deutschland\/falken-enttaeuscht-trump-ernennt-steve-witkoff-zum-neuen-iran-beauftragten\/","og_site_name":"just-now.NEWS Deutschland","article_publisher":"https:\/\/www.facebook.com\/wirmachenauf","article_published_time":"2025-01-24T11:12:44+00:00","og_image":[{"url":"https:\/\/now-news.de\/de\/wp-content\/uploads\/sites\/3\/2025\/01\/67935ce3b480cc6cd1621e32.jpg"}],"author":"rtnews","twitter_card":"summary_large_image","twitter_creator":"@WirMachenAuf_de","twitter_site":"@WirMachenAuf_de","twitter_misc":{"Verfasst von":"rtnews","Gesch\u00e4tzte Lesezeit":"2\u00a0Minuten"},"schema":{"@context":"https:\/\/schema.org","@graph":[{"@type":"Article","@id":"https:\/\/now-news.de\/de\/deutschland\/falken-enttaeuscht-trump-ernennt-steve-witkoff-zum-neuen-iran-beauftragten\/#article","isPartOf":{"@id":"https:\/\/now-news.de\/de\/deutschland\/falken-enttaeuscht-trump-ernennt-steve-witkoff-zum-neuen-iran-beauftragten\/"},"author":{"name":"rtnews","@id":"https:\/\/now-news.de\/de\/#\/schema\/person\/fb534a4e865501d8b3285208df34a9b5"},"headline":"Falken entt\u00e4uscht: Trump ernennt Steve Witkoff zum neuen Iran-Beauftragten","datePublished":"2025-01-24T11:12:44+00:00","dateModified":"2025-01-24T11:12:44+00:00","mainEntityOfPage":{"@id":"https:\/\/now-news.de\/de\/deutschland\/falken-enttaeuscht-trump-ernennt-steve-witkoff-zum-neuen-iran-beauftragten\/"},"wordCount":398,"commentCount":0,"publisher":{"@id":"https:\/\/now-news.de\/de\/#organization"},"image":{"@id":"https:\/\/now-news.de\/de\/deutschland\/falken-enttaeuscht-trump-ernennt-steve-witkoff-zum-neuen-iran-beauftragten\/#primaryimage"},"thumbnailUrl":"https:\/\/now-news.de\/de\/wp-content\/uploads\/sites\/3\/2025\/01\/Falken-enttaeuscht-Trump-ernennt-Steve-Witkoff-zum-neuen-Iran-Beauftragten.jpg","keywords":["entt\u00e4uscht","ernennt","Falken","IranBeauftragten","neuen","Steve","trump","Witkoff","zum"],"articleSection":["Deutschland","Russland"],"inLanguage":"de","potentialAction":[{"@type":"CommentAction","name":"Comment","target":["https:\/\/now-news.de\/de\/deutschland\/falken-enttaeuscht-trump-ernennt-steve-witkoff-zum-neuen-iran-beauftragten\/#respond"]}]},{"@type":"WebPage","@id":"https:\/\/now-news.de\/de\/deutschland\/falken-enttaeuscht-trump-ernennt-steve-witkoff-zum-neuen-iran-beauftragten\/","url":"https:\/\/now-news.de\/de\/deutschland\/falken-enttaeuscht-trump-ernennt-steve-witkoff-zum-neuen-iran-beauftragten\/","name":"Falken entt\u00e4uscht: Trump ernennt Steve Witkoff zum neuen Iran-Beauftragten - just-now.NEWS Deutschland","isPartOf":{"@id":"https:\/\/now-news.de\/de\/#website"},"primaryImageOfPage":{"@id":"https:\/\/now-news.de\/de\/deutschland\/falken-enttaeuscht-trump-ernennt-steve-witkoff-zum-neuen-iran-beauftragten\/#primaryimage"},"image":{"@id":"https:\/\/now-news.de\/de\/deutschland\/falken-enttaeuscht-trump-ernennt-steve-witkoff-zum-neuen-iran-beauftragten\/#primaryimage"},"thumbnailUrl":"https:\/\/now-news.de\/de\/wp-content\/uploads\/sites\/3\/2025\/01\/Falken-enttaeuscht-Trump-ernennt-Steve-Witkoff-zum-neuen-Iran-Beauftragten.jpg","datePublished":"2025-01-24T11:12:44+00:00","dateModified":"2025-01-24T11:12:44+00:00","breadcrumb":{"@id":"https:\/\/now-news.de\/de\/deutschland\/falken-enttaeuscht-trump-ernennt-steve-witkoff-zum-neuen-iran-beauftragten\/#breadcrumb"},"inLanguage":"de","potentialAction":[{"@type":"ReadAction","target":["https:\/\/now-news.de\/de\/deutschland\/falken-enttaeuscht-trump-ernennt-steve-witkoff-zum-neuen-iran-beauftragten\/"]}]},{"@type":"ImageObject","inLanguage":"de","@id":"https:\/\/now-news.de\/de\/deutschland\/falken-enttaeuscht-trump-ernennt-steve-witkoff-zum-neuen-iran-beauftragten\/#primaryimage","url":"https:\/\/now-news.de\/de\/wp-content\/uploads\/sites\/3\/2025\/01\/Falken-enttaeuscht-Trump-ernennt-Steve-Witkoff-zum-neuen-Iran-Beauftragten.jpg","contentUrl":"https:\/\/now-news.de\/de\/wp-content\/uploads\/sites\/3\/2025\/01\/Falken-enttaeuscht-Trump-ernennt-Steve-Witkoff-zum-neuen-Iran-Beauftragten.jpg","width":460,"height":259,"caption":"Falken entt\u00e4uscht: Trump ernennt Steve Witkoff zum neuen Iran-Beauftragten"},{"@type":"BreadcrumbList","@id":"https:\/\/now-news.de\/de\/deutschland\/falken-enttaeuscht-trump-ernennt-steve-witkoff-zum-neuen-iran-beauftragten\/#breadcrumb","itemListElement":[{"@type":"ListItem","position":1,"name":"Home","item":"https:\/\/now-news.de\/de\/"},{"@type":"ListItem","position":2,"name":"Falken entt\u00e4uscht: Trump ernennt Steve Witkoff zum neuen Iran-Beauftragten"}]},{"@type":"WebSite","@id":"https:\/\/now-news.de\/de\/#website","url":"https:\/\/now-news.de\/de\/","name":"just-now.NEWS Deutschland","description":"Das Portal f\u00fcr unzensierte Nachrichten aus der Welt","publisher":{"@id":"https:\/\/now-news.de\/de\/#organization"},"potentialAction":[{"@type":"SearchAction","target":{"@type":"EntryPoint","urlTemplate":"https:\/\/now-news.de\/de\/?s={search_term_string}"},"query-input":"required name=search_term_string"}],"inLanguage":"de"},{"@type":"Organization","@id":"https:\/\/now-news.de\/de\/#organization","name":"Just Now News","url":"https:\/\/now-news.de\/de\/","logo":{"@type":"ImageObject","inLanguage":"de","@id":"https:\/\/now-news.de\/de\/#\/schema\/logo\/image\/","url":"http:\/\/just-now.news\/de\/wp-content\/uploads\/sites\/3\/2022\/04\/logo500x500.jpg","contentUrl":"http:\/\/just-now.news\/de\/wp-content\/uploads\/sites\/3\/2022\/04\/logo500x500.jpg","width":500,"height":500,"caption":"Just Now News"},"image":{"@id":"https:\/\/now-news.de\/de\/#\/schema\/logo\/image\/"},"sameAs":["https:\/\/www.facebook.com\/wirmachenauf","https:\/\/x.com\/WirMachenAuf_de"]},{"@type":"Person","@id":"https:\/\/now-news.de\/de\/#\/schema\/person\/fb534a4e865501d8b3285208df34a9b5","name":"rtnews","image":{"@type":"ImageObject","inLanguage":"de","@id":"https:\/\/now-news.de\/de\/#\/schema\/person\/image\/","url":"https:\/\/secure.gravatar.com\/avatar\/82aafea7d8127119dd649515f56e2117?s=96&d=mm&r=g","contentUrl":"https:\/\/secure.gravatar.com\/avatar\/82aafea7d8127119dd649515f56e2117?s=96&d=mm&r=g","caption":"rtnews"},"url":"https:\/\/now-news.de\/de\/author\/rnews\/"}]}},"_links":{"self":[{"href":"https:\/\/now-news.de\/de\/wp-json\/wp\/v2\/posts\/77093"}],"collection":[{"href":"https:\/\/now-news.de\/de\/wp-json\/wp\/v2\/posts"}],"about":[{"href":"https:\/\/now-news.de\/de\/wp-json\/wp\/v2\/types\/post"}],"author":[{"embeddable":true,"href":"https:\/\/now-news.de\/de\/wp-json\/wp\/v2\/users\/3"}],"replies":[{"embeddable":true,"href":"https:\/\/now-news.de\/de\/wp-json\/wp\/v2\/comments?post=77093"}],"version-history":[{"count":0,"href":"https:\/\/now-news.de\/de\/wp-json\/wp\/v2\/posts\/77093\/revisions"}],"wp:featuredmedia":[{"embeddable":true,"href":"https:\/\/now-news.de\/de\/wp-json\/wp\/v2\/media\/77094"}],"wp:attachment":[{"href":"https:\/\/now-news.de\/de\/wp-json\/wp\/v2\/media?parent=77093"}],"wp:term":[{"taxonomy":"category","embeddable":true,"href":"https:\/\/now-news.de\/de\/wp-json\/wp\/v2\/categories?post=77093"},{"taxonomy":"post_tag","embeddable":true,"href":"https:\/\/now-news.de\/de\/wp-json\/wp\/v2\/tags?post=77093"}],"curies":[{"name":"wp","href":"https:\/\/api.w.org\/{rel}","templated":true}]}}