{"id":77083,"date":"2025-01-24T10:07:37","date_gmt":"2025-01-24T08:07:37","guid":{"rendered":"https:\/\/now-news.de\/de\/deutschland\/vucic-ukraine-naeher-an-eu-beitritt-als-andere-laender\/"},"modified":"2025-01-24T10:07:37","modified_gmt":"2025-01-24T08:07:37","slug":"vucic-ukraine-naeher-an-eu-beitritt-als-andere-laender","status":"publish","type":"post","link":"https:\/\/now-news.de\/de\/deutschland\/vucic-ukraine-naeher-an-eu-beitritt-als-andere-laender\/","title":{"rendered":"Vu\u010di\u0107: Ukraine n\u00e4her an EU-Beitritt als andere L\u00e4nder"},"content":{"rendered":"<p><img decoding=\"async\" src=\"https:\/\/now-news.de\/de\/wp-content\/uploads\/sites\/3\/2025\/01\/6792121a48fbef6cba5fcb09.jpg\" \/><\/p>\n<div class=\"Text-root Text-type_1 \">\n                Serbiens Pr\u00e4sident Vu\u010di\u0107 sieht die Ukraine n\u00e4her an einem EU-Beitritt als andere L\u00e4nder. Dies habe vor allem politische Gr\u00fcnde. Budapest und Warschau zeigen sich besorgt \u00fcber m\u00f6gliche wirtschaftliche Folgen eines Beitritts der Ukraine.\n            <\/div>\n<p><\/p>\n<div class=\"Text-root Text-type_5 ArticleView-text ViewText-root \">\n<p>Der serbische Pr\u00e4sident Aleksandar Vu\u010di\u0107 hat am Mittwoch in einem Interview mit dem Sender <em>TV Pink<\/em> erkl\u00e4rt, die Ukraine sei wahrscheinlich n\u00e4her an einem EU-Beitritt als jedes andere Land. &#8220;Politisch ist die Ukraine nat\u00fcrlich n\u00e4her, was logisch ist. Wahrscheinlich am n\u00e4chsten. Aber in allen anderen Aspekten sind wir schon viel l\u00e4nger auf diesem Weg&#8221;, f\u00fcgte er hinzu.<\/p>\n<p>&#8220;Wir haben \u00fcber den Frieden in der Ukraine gesprochen und auch \u00fcber einige Fragen im Zusammenhang mit dem europ\u00e4ischen Weg, den wir wie sie gehen&#8221;, sagte er nach einem Treffen mit dem ukrainischen Pr\u00e4sidenten Wladimir Selenskij am Rande des Weltwirtschaftsforums in Davos. Man habe einen gemeinsamen Nenner bei der Ann\u00e4herung beider L\u00e4nder an die EU gefunden.<\/p>\n<p>Im Gegensatz dazu erkl\u00e4rte der ungarische Premierminister Viktor Orb\u00e1n diese Woche, dass die Ukraine derzeit nicht bereit sei, der EU beizutreten. Dies w\u00fcrde zus\u00e4tzliche Kosten f\u00fcr die Mitgliedsl\u00e4nder mit sich bringen und h\u00e4tte schwerwiegende wirtschaftliche Folgen f\u00fcr Ungarn. Auch der polnische Pr\u00e4sidentschaftskandidat Karol Nawrocki \u00e4u\u00dferte sich besorgt \u00fcber die wirtschaftlichen Folgen eines beschleunigten EU-Beitritts der Ukraine.<\/p>\n<p>Kiew\u00a0hatte im Februar 2022 offiziell einen Antrag auf Mitgliedschaft in der Europ\u00e4ischen Union gestellt. Inzwischen hat das Land ebenso wie Moldawien den Status eines EU-Beitrittskandidaten erhalten. Diese Entscheidung wurde von vielen als politische Antwort auf den eskalierenden Konflikt mit Russland verstanden. Moskau hatte zun\u00e4chst erkl\u00e4rt, keine Einw\u00e4nde gegen eine EU-Mitgliedschaft der Ukraine zu haben, \u00e4nderte seine Haltung jedoch, als Au\u00dfenminister Sergei Lawrow die EU als zunehmend militaristisch und aggressiv bezeichnete.<\/p>\n<p>Serbien, dem bereits 2012 der Status eines EU-Beitrittskandidaten zuerkannt wurde, befindet sich nach wie vor im Beitrittsprozess. Dieser wird durch die Kosovo-Frage erschwert. Das Land werde der EU nicht beitreten, wenn es daf\u00fcr die Republik Kosovo anerkennen, die gleichgeschlechtliche Ehe zulassen oder sich am Konflikt mit Russland und China beteiligen m\u00fcsse, sagte Vizepremier Aleksandar Vulin im vergangenen Jahr.<\/p>\n<p>Neben Serbien und der Ukraine geh\u00f6ren derzeit auch Albanien, Bosnien und Herzegowina, Georgien, Moldawien, Montenegro, Nordmazedonien und die T\u00fcrkei zu den EU-Beitrittskandidaten.<\/p>\n<p><strong>Mehr zum Thema<\/strong> &#8211; <a rel=\"nofollow noopener\" target=\"_blank\" href=\"https:\/\/freeassange.rtde.live\/kurzclips\/video\/229714-vucic-kuendigt-us-sanktionen-haertesten\/\">Vu\u010di\u0107 k\u00fcndigt US-Sanktionen &#8220;der h\u00e4rtesten Art&#8221; gegen Serbiens gr\u00f6\u00dften \u00d6lkonzern an<\/a><\/p>\n<div class=\"EmbedBlock-root EmbedBlock-externalVideo EmbedBlock-rumble\">\n<div class=\"VkEmbed\"><iframe class=\"lazyload\" data-src=\"https:\/\/rumble.com\/embed\/v68gvcd\" frameborder=\"0\" width=\"853\" height=\"480\" allowfullscreen><\/iframe><\/div>\n<\/div>\n<\/div>\n<p><br \/>\n<br \/><a href=\"https:\/\/de.rt.com\/europa\/234023-vucic-ukraine-naeher-am-eu\/\">Source link <\/a><\/p>\n","protected":false},"excerpt":{"rendered":"<p>Serbiens Pr\u00e4sident Vu\u010di\u0107 sieht die Ukraine n\u00e4her an einem EU-Beitritt als andere L\u00e4nder. Dies habe vor allem politische Gr\u00fcnde. Budapest und Warschau zeigen sich besorgt \u00fcber m\u00f6gliche wirtschaftliche Folgen eines Beitritts der Ukraine. Der serbische Pr\u00e4sident Aleksandar Vu\u010di\u0107 hat am Mittwoch in einem Interview mit dem Sender TV Pink erkl\u00e4rt, die Ukraine sei wahrscheinlich n\u00e4her [&hellip;]<\/p>\n","protected":false},"author":3,"featured_media":77084,"comment_status":"open","ping_status":"open","sticky":false,"template":"","format":"standard","meta":{"_yoast_indexnow_last_ping":["1737707045"],"wp_automatic_camp":["217"],"412e690153299cad56a797a9fd1a0eb7":["Vu\u010di\u0107: Ukraine n\u00e4her an EU-Beitritt als andere L\u00e4nder"],"original_link":["https:\/\/de.rt.com\/europa\/234023-vucic-ukraine-naeher-am-eu\/"],"jnews_social_counter_last_update":["1777294531"],"_thumbnail_id":["77084"],"_wptgpro_p2tg_sent2tg":["a:1:{i:23737;s:19:\"2025-01-24 10:25:05\";}"]},"categories":[19,23],"tags":[273,7121,19540,10013,7296,127,955],"yoast_head":"<!-- This site is optimized with the Yoast SEO Premium plugin v22.7 (Yoast SEO v22.7) - https:\/\/yoast.com\/wordpress\/plugins\/seo\/ -->\n<title>Vu\u010di\u0107: Ukraine n\u00e4her an EU-Beitritt als andere L\u00e4nder - just-now.NEWS Deutschland<\/title>\n<meta name=\"robots\" content=\"index, follow, max-snippet:-1, max-image-preview:large, max-video-preview:-1\" \/>\n<link rel=\"canonical\" href=\"https:\/\/now-news.de\/de\/deutschland\/vucic-ukraine-naeher-an-eu-beitritt-als-andere-laender\/\" \/>\n<meta property=\"og:locale\" content=\"de_DE\" \/>\n<meta property=\"og:type\" content=\"article\" \/>\n<meta property=\"og:title\" content=\"Vu\u010di\u0107: Ukraine n\u00e4her an EU-Beitritt als andere L\u00e4nder\" \/>\n<meta property=\"og:description\" content=\"Serbiens Pr\u00e4sident Vu\u010di\u0107 sieht die Ukraine n\u00e4her an einem EU-Beitritt als andere L\u00e4nder. Dies habe vor allem politische Gr\u00fcnde. Budapest und Warschau zeigen sich besorgt \u00fcber m\u00f6gliche wirtschaftliche Folgen eines Beitritts der Ukraine. Der serbische Pr\u00e4sident Aleksandar Vu\u010di\u0107 hat am Mittwoch in einem Interview mit dem Sender TV Pink erkl\u00e4rt, die Ukraine sei wahrscheinlich n\u00e4her [&hellip;]\" \/>\n<meta property=\"og:url\" content=\"https:\/\/now-news.de\/de\/deutschland\/vucic-ukraine-naeher-an-eu-beitritt-als-andere-laender\/\" \/>\n<meta property=\"og:site_name\" content=\"just-now.NEWS Deutschland\" \/>\n<meta property=\"article:publisher\" content=\"https:\/\/www.facebook.com\/wirmachenauf\" \/>\n<meta property=\"article:published_time\" content=\"2025-01-24T08:07:37+00:00\" \/>\n<meta property=\"og:image\" content=\"https:\/\/now-news.de\/de\/wp-content\/uploads\/sites\/3\/2025\/01\/6792121a48fbef6cba5fcb09.jpg\" \/>\n<meta name=\"author\" content=\"rtnews\" \/>\n<meta name=\"twitter:card\" content=\"summary_large_image\" \/>\n<meta name=\"twitter:creator\" content=\"@WirMachenAuf_de\" \/>\n<meta name=\"twitter:site\" content=\"@WirMachenAuf_de\" \/>\n<meta name=\"twitter:label1\" content=\"Verfasst von\" \/>\n\t<meta name=\"twitter:data1\" content=\"rtnews\" \/>\n\t<meta name=\"twitter:label2\" content=\"Gesch\u00e4tzte Lesezeit\" \/>\n\t<meta name=\"twitter:data2\" content=\"2\u00a0Minuten\" \/>\n<script type=\"application\/ld+json\" class=\"yoast-schema-graph\">{\"@context\":\"https:\/\/schema.org\",\"@graph\":[{\"@type\":\"Article\",\"@id\":\"https:\/\/now-news.de\/de\/deutschland\/vucic-ukraine-naeher-an-eu-beitritt-als-andere-laender\/#article\",\"isPartOf\":{\"@id\":\"https:\/\/now-news.de\/de\/deutschland\/vucic-ukraine-naeher-an-eu-beitritt-als-andere-laender\/\"},\"author\":{\"name\":\"rtnews\",\"@id\":\"https:\/\/now-news.de\/de\/#\/schema\/person\/fb534a4e865501d8b3285208df34a9b5\"},\"headline\":\"Vu\u010di\u0107: Ukraine n\u00e4her an EU-Beitritt als andere L\u00e4nder\",\"datePublished\":\"2025-01-24T08:07:37+00:00\",\"dateModified\":\"2025-01-24T08:07:37+00:00\",\"mainEntityOfPage\":{\"@id\":\"https:\/\/now-news.de\/de\/deutschland\/vucic-ukraine-naeher-an-eu-beitritt-als-andere-laender\/\"},\"wordCount\":422,\"commentCount\":0,\"publisher\":{\"@id\":\"https:\/\/now-news.de\/de\/#organization\"},\"image\":{\"@id\":\"https:\/\/now-news.de\/de\/deutschland\/vucic-ukraine-naeher-an-eu-beitritt-als-andere-laender\/#primaryimage\"},\"thumbnailUrl\":\"https:\/\/now-news.de\/de\/wp-content\/uploads\/sites\/3\/2025\/01\/Vucic-Ukraine-naeher-an-EU-Beitritt-als-andere-Laender.jpg\",\"keywords\":[\"als\",\"andere\",\"EUBeitritt\",\"L\u00e4nder\",\"n\u00e4her\",\"ukraine\",\"Vucic\"],\"articleSection\":[\"Deutschland\",\"Russland\"],\"inLanguage\":\"de\",\"potentialAction\":[{\"@type\":\"CommentAction\",\"name\":\"Comment\",\"target\":[\"https:\/\/now-news.de\/de\/deutschland\/vucic-ukraine-naeher-an-eu-beitritt-als-andere-laender\/#respond\"]}]},{\"@type\":\"WebPage\",\"@id\":\"https:\/\/now-news.de\/de\/deutschland\/vucic-ukraine-naeher-an-eu-beitritt-als-andere-laender\/\",\"url\":\"https:\/\/now-news.de\/de\/deutschland\/vucic-ukraine-naeher-an-eu-beitritt-als-andere-laender\/\",\"name\":\"Vu\u010di\u0107: Ukraine n\u00e4her an EU-Beitritt als andere L\u00e4nder - just-now.NEWS Deutschland\",\"isPartOf\":{\"@id\":\"https:\/\/now-news.de\/de\/#website\"},\"primaryImageOfPage\":{\"@id\":\"https:\/\/now-news.de\/de\/deutschland\/vucic-ukraine-naeher-an-eu-beitritt-als-andere-laender\/#primaryimage\"},\"image\":{\"@id\":\"https:\/\/now-news.de\/de\/deutschland\/vucic-ukraine-naeher-an-eu-beitritt-als-andere-laender\/#primaryimage\"},\"thumbnailUrl\":\"https:\/\/now-news.de\/de\/wp-content\/uploads\/sites\/3\/2025\/01\/Vucic-Ukraine-naeher-an-EU-Beitritt-als-andere-Laender.jpg\",\"datePublished\":\"2025-01-24T08:07:37+00:00\",\"dateModified\":\"2025-01-24T08:07:37+00:00\",\"breadcrumb\":{\"@id\":\"https:\/\/now-news.de\/de\/deutschland\/vucic-ukraine-naeher-an-eu-beitritt-als-andere-laender\/#breadcrumb\"},\"inLanguage\":\"de\",\"potentialAction\":[{\"@type\":\"ReadAction\",\"target\":[\"https:\/\/now-news.de\/de\/deutschland\/vucic-ukraine-naeher-an-eu-beitritt-als-andere-laender\/\"]}]},{\"@type\":\"ImageObject\",\"inLanguage\":\"de\",\"@id\":\"https:\/\/now-news.de\/de\/deutschland\/vucic-ukraine-naeher-an-eu-beitritt-als-andere-laender\/#primaryimage\",\"url\":\"https:\/\/now-news.de\/de\/wp-content\/uploads\/sites\/3\/2025\/01\/Vucic-Ukraine-naeher-an-EU-Beitritt-als-andere-Laender.jpg\",\"contentUrl\":\"https:\/\/now-news.de\/de\/wp-content\/uploads\/sites\/3\/2025\/01\/Vucic-Ukraine-naeher-an-EU-Beitritt-als-andere-Laender.jpg\",\"width\":460,\"height\":259,\"caption\":\"Vu\u010di\u0107: Ukraine n\u00e4her an EU-Beitritt als andere L\u00e4nder\"},{\"@type\":\"BreadcrumbList\",\"@id\":\"https:\/\/now-news.de\/de\/deutschland\/vucic-ukraine-naeher-an-eu-beitritt-als-andere-laender\/#breadcrumb\",\"itemListElement\":[{\"@type\":\"ListItem\",\"position\":1,\"name\":\"Home\",\"item\":\"https:\/\/now-news.de\/de\/\"},{\"@type\":\"ListItem\",\"position\":2,\"name\":\"Vu\u010di\u0107: Ukraine n\u00e4her an EU-Beitritt als andere L\u00e4nder\"}]},{\"@type\":\"WebSite\",\"@id\":\"https:\/\/now-news.de\/de\/#website\",\"url\":\"https:\/\/now-news.de\/de\/\",\"name\":\"just-now.NEWS Deutschland\",\"description\":\"Das Portal f\u00fcr unzensierte Nachrichten aus der Welt\",\"publisher\":{\"@id\":\"https:\/\/now-news.de\/de\/#organization\"},\"potentialAction\":[{\"@type\":\"SearchAction\",\"target\":{\"@type\":\"EntryPoint\",\"urlTemplate\":\"https:\/\/now-news.de\/de\/?s={search_term_string}\"},\"query-input\":\"required name=search_term_string\"}],\"inLanguage\":\"de\"},{\"@type\":\"Organization\",\"@id\":\"https:\/\/now-news.de\/de\/#organization\",\"name\":\"Just Now News\",\"url\":\"https:\/\/now-news.de\/de\/\",\"logo\":{\"@type\":\"ImageObject\",\"inLanguage\":\"de\",\"@id\":\"https:\/\/now-news.de\/de\/#\/schema\/logo\/image\/\",\"url\":\"http:\/\/just-now.news\/de\/wp-content\/uploads\/sites\/3\/2022\/04\/logo500x500.jpg\",\"contentUrl\":\"http:\/\/just-now.news\/de\/wp-content\/uploads\/sites\/3\/2022\/04\/logo500x500.jpg\",\"width\":500,\"height\":500,\"caption\":\"Just Now News\"},\"image\":{\"@id\":\"https:\/\/now-news.de\/de\/#\/schema\/logo\/image\/\"},\"sameAs\":[\"https:\/\/www.facebook.com\/wirmachenauf\",\"https:\/\/x.com\/WirMachenAuf_de\"]},{\"@type\":\"Person\",\"@id\":\"https:\/\/now-news.de\/de\/#\/schema\/person\/fb534a4e865501d8b3285208df34a9b5\",\"name\":\"rtnews\",\"image\":{\"@type\":\"ImageObject\",\"inLanguage\":\"de\",\"@id\":\"https:\/\/now-news.de\/de\/#\/schema\/person\/image\/\",\"url\":\"https:\/\/secure.gravatar.com\/avatar\/82aafea7d8127119dd649515f56e2117?s=96&d=mm&r=g\",\"contentUrl\":\"https:\/\/secure.gravatar.com\/avatar\/82aafea7d8127119dd649515f56e2117?s=96&d=mm&r=g\",\"caption\":\"rtnews\"},\"url\":\"https:\/\/now-news.de\/de\/author\/rnews\/\"}]}<\/script>\n<!-- \/ Yoast SEO Premium plugin. -->","yoast_head_json":{"title":"Vu\u010di\u0107: Ukraine n\u00e4her an EU-Beitritt als andere L\u00e4nder - just-now.NEWS Deutschland","robots":{"index":"index","follow":"follow","max-snippet":"max-snippet:-1","max-image-preview":"max-image-preview:large","max-video-preview":"max-video-preview:-1"},"canonical":"https:\/\/now-news.de\/de\/deutschland\/vucic-ukraine-naeher-an-eu-beitritt-als-andere-laender\/","og_locale":"de_DE","og_type":"article","og_title":"Vu\u010di\u0107: Ukraine n\u00e4her an EU-Beitritt als andere L\u00e4nder","og_description":"Serbiens Pr\u00e4sident Vu\u010di\u0107 sieht die Ukraine n\u00e4her an einem EU-Beitritt als andere L\u00e4nder. Dies habe vor allem politische Gr\u00fcnde. Budapest und Warschau zeigen sich besorgt \u00fcber m\u00f6gliche wirtschaftliche Folgen eines Beitritts der Ukraine. Der serbische Pr\u00e4sident Aleksandar Vu\u010di\u0107 hat am Mittwoch in einem Interview mit dem Sender TV Pink erkl\u00e4rt, die Ukraine sei wahrscheinlich n\u00e4her [&hellip;]","og_url":"https:\/\/now-news.de\/de\/deutschland\/vucic-ukraine-naeher-an-eu-beitritt-als-andere-laender\/","og_site_name":"just-now.NEWS Deutschland","article_publisher":"https:\/\/www.facebook.com\/wirmachenauf","article_published_time":"2025-01-24T08:07:37+00:00","og_image":[{"url":"https:\/\/now-news.de\/de\/wp-content\/uploads\/sites\/3\/2025\/01\/6792121a48fbef6cba5fcb09.jpg"}],"author":"rtnews","twitter_card":"summary_large_image","twitter_creator":"@WirMachenAuf_de","twitter_site":"@WirMachenAuf_de","twitter_misc":{"Verfasst von":"rtnews","Gesch\u00e4tzte Lesezeit":"2\u00a0Minuten"},"schema":{"@context":"https:\/\/schema.org","@graph":[{"@type":"Article","@id":"https:\/\/now-news.de\/de\/deutschland\/vucic-ukraine-naeher-an-eu-beitritt-als-andere-laender\/#article","isPartOf":{"@id":"https:\/\/now-news.de\/de\/deutschland\/vucic-ukraine-naeher-an-eu-beitritt-als-andere-laender\/"},"author":{"name":"rtnews","@id":"https:\/\/now-news.de\/de\/#\/schema\/person\/fb534a4e865501d8b3285208df34a9b5"},"headline":"Vu\u010di\u0107: Ukraine n\u00e4her an EU-Beitritt als andere L\u00e4nder","datePublished":"2025-01-24T08:07:37+00:00","dateModified":"2025-01-24T08:07:37+00:00","mainEntityOfPage":{"@id":"https:\/\/now-news.de\/de\/deutschland\/vucic-ukraine-naeher-an-eu-beitritt-als-andere-laender\/"},"wordCount":422,"commentCount":0,"publisher":{"@id":"https:\/\/now-news.de\/de\/#organization"},"image":{"@id":"https:\/\/now-news.de\/de\/deutschland\/vucic-ukraine-naeher-an-eu-beitritt-als-andere-laender\/#primaryimage"},"thumbnailUrl":"https:\/\/now-news.de\/de\/wp-content\/uploads\/sites\/3\/2025\/01\/Vucic-Ukraine-naeher-an-EU-Beitritt-als-andere-Laender.jpg","keywords":["als","andere","EUBeitritt","L\u00e4nder","n\u00e4her","ukraine","Vucic"],"articleSection":["Deutschland","Russland"],"inLanguage":"de","potentialAction":[{"@type":"CommentAction","name":"Comment","target":["https:\/\/now-news.de\/de\/deutschland\/vucic-ukraine-naeher-an-eu-beitritt-als-andere-laender\/#respond"]}]},{"@type":"WebPage","@id":"https:\/\/now-news.de\/de\/deutschland\/vucic-ukraine-naeher-an-eu-beitritt-als-andere-laender\/","url":"https:\/\/now-news.de\/de\/deutschland\/vucic-ukraine-naeher-an-eu-beitritt-als-andere-laender\/","name":"Vu\u010di\u0107: Ukraine n\u00e4her an EU-Beitritt als andere L\u00e4nder - just-now.NEWS Deutschland","isPartOf":{"@id":"https:\/\/now-news.de\/de\/#website"},"primaryImageOfPage":{"@id":"https:\/\/now-news.de\/de\/deutschland\/vucic-ukraine-naeher-an-eu-beitritt-als-andere-laender\/#primaryimage"},"image":{"@id":"https:\/\/now-news.de\/de\/deutschland\/vucic-ukraine-naeher-an-eu-beitritt-als-andere-laender\/#primaryimage"},"thumbnailUrl":"https:\/\/now-news.de\/de\/wp-content\/uploads\/sites\/3\/2025\/01\/Vucic-Ukraine-naeher-an-EU-Beitritt-als-andere-Laender.jpg","datePublished":"2025-01-24T08:07:37+00:00","dateModified":"2025-01-24T08:07:37+00:00","breadcrumb":{"@id":"https:\/\/now-news.de\/de\/deutschland\/vucic-ukraine-naeher-an-eu-beitritt-als-andere-laender\/#breadcrumb"},"inLanguage":"de","potentialAction":[{"@type":"ReadAction","target":["https:\/\/now-news.de\/de\/deutschland\/vucic-ukraine-naeher-an-eu-beitritt-als-andere-laender\/"]}]},{"@type":"ImageObject","inLanguage":"de","@id":"https:\/\/now-news.de\/de\/deutschland\/vucic-ukraine-naeher-an-eu-beitritt-als-andere-laender\/#primaryimage","url":"https:\/\/now-news.de\/de\/wp-content\/uploads\/sites\/3\/2025\/01\/Vucic-Ukraine-naeher-an-EU-Beitritt-als-andere-Laender.jpg","contentUrl":"https:\/\/now-news.de\/de\/wp-content\/uploads\/sites\/3\/2025\/01\/Vucic-Ukraine-naeher-an-EU-Beitritt-als-andere-Laender.jpg","width":460,"height":259,"caption":"Vu\u010di\u0107: Ukraine n\u00e4her an EU-Beitritt als andere L\u00e4nder"},{"@type":"BreadcrumbList","@id":"https:\/\/now-news.de\/de\/deutschland\/vucic-ukraine-naeher-an-eu-beitritt-als-andere-laender\/#breadcrumb","itemListElement":[{"@type":"ListItem","position":1,"name":"Home","item":"https:\/\/now-news.de\/de\/"},{"@type":"ListItem","position":2,"name":"Vu\u010di\u0107: Ukraine n\u00e4her an EU-Beitritt als andere L\u00e4nder"}]},{"@type":"WebSite","@id":"https:\/\/now-news.de\/de\/#website","url":"https:\/\/now-news.de\/de\/","name":"just-now.NEWS Deutschland","description":"Das Portal f\u00fcr unzensierte Nachrichten aus der Welt","publisher":{"@id":"https:\/\/now-news.de\/de\/#organization"},"potentialAction":[{"@type":"SearchAction","target":{"@type":"EntryPoint","urlTemplate":"https:\/\/now-news.de\/de\/?s={search_term_string}"},"query-input":"required name=search_term_string"}],"inLanguage":"de"},{"@type":"Organization","@id":"https:\/\/now-news.de\/de\/#organization","name":"Just Now News","url":"https:\/\/now-news.de\/de\/","logo":{"@type":"ImageObject","inLanguage":"de","@id":"https:\/\/now-news.de\/de\/#\/schema\/logo\/image\/","url":"http:\/\/just-now.news\/de\/wp-content\/uploads\/sites\/3\/2022\/04\/logo500x500.jpg","contentUrl":"http:\/\/just-now.news\/de\/wp-content\/uploads\/sites\/3\/2022\/04\/logo500x500.jpg","width":500,"height":500,"caption":"Just Now News"},"image":{"@id":"https:\/\/now-news.de\/de\/#\/schema\/logo\/image\/"},"sameAs":["https:\/\/www.facebook.com\/wirmachenauf","https:\/\/x.com\/WirMachenAuf_de"]},{"@type":"Person","@id":"https:\/\/now-news.de\/de\/#\/schema\/person\/fb534a4e865501d8b3285208df34a9b5","name":"rtnews","image":{"@type":"ImageObject","inLanguage":"de","@id":"https:\/\/now-news.de\/de\/#\/schema\/person\/image\/","url":"https:\/\/secure.gravatar.com\/avatar\/82aafea7d8127119dd649515f56e2117?s=96&d=mm&r=g","contentUrl":"https:\/\/secure.gravatar.com\/avatar\/82aafea7d8127119dd649515f56e2117?s=96&d=mm&r=g","caption":"rtnews"},"url":"https:\/\/now-news.de\/de\/author\/rnews\/"}]}},"_links":{"self":[{"href":"https:\/\/now-news.de\/de\/wp-json\/wp\/v2\/posts\/77083"}],"collection":[{"href":"https:\/\/now-news.de\/de\/wp-json\/wp\/v2\/posts"}],"about":[{"href":"https:\/\/now-news.de\/de\/wp-json\/wp\/v2\/types\/post"}],"author":[{"embeddable":true,"href":"https:\/\/now-news.de\/de\/wp-json\/wp\/v2\/users\/3"}],"replies":[{"embeddable":true,"href":"https:\/\/now-news.de\/de\/wp-json\/wp\/v2\/comments?post=77083"}],"version-history":[{"count":0,"href":"https:\/\/now-news.de\/de\/wp-json\/wp\/v2\/posts\/77083\/revisions"}],"wp:featuredmedia":[{"embeddable":true,"href":"https:\/\/now-news.de\/de\/wp-json\/wp\/v2\/media\/77084"}],"wp:attachment":[{"href":"https:\/\/now-news.de\/de\/wp-json\/wp\/v2\/media?parent=77083"}],"wp:term":[{"taxonomy":"category","embeddable":true,"href":"https:\/\/now-news.de\/de\/wp-json\/wp\/v2\/categories?post=77083"},{"taxonomy":"post_tag","embeddable":true,"href":"https:\/\/now-news.de\/de\/wp-json\/wp\/v2\/tags?post=77083"}],"curies":[{"name":"wp","href":"https:\/\/api.w.org\/{rel}","templated":true}]}}