{"id":77071,"date":"2025-01-23T23:05:54","date_gmt":"2025-01-23T21:05:54","guid":{"rendered":"https:\/\/now-news.de\/de\/deutschland\/chefanklaeger-des-istgh-will-haftbefehle-gegen-taliban-anfuehrer\/"},"modified":"2025-01-23T23:05:54","modified_gmt":"2025-01-23T21:05:54","slug":"chefanklaeger-des-istgh-will-haftbefehle-gegen-taliban-anfuehrer","status":"publish","type":"post","link":"https:\/\/now-news.de\/de\/deutschland\/chefanklaeger-des-istgh-will-haftbefehle-gegen-taliban-anfuehrer\/","title":{"rendered":"Chefankl\u00e4ger des IStGH will Haftbefehle gegen Taliban-Anf\u00fchrer"},"content":{"rendered":"<p><img decoding=\"async\" src=\"https:\/\/now-news.de\/de\/wp-content\/uploads\/sites\/3\/2025\/01\/67926bb5b480cc6a8e4f7ac6.jpg\" \/><\/p>\n<div class=\"Text-root Text-type_1 \">\n                Chefankl\u00e4ger Karim Khan hat beim Internationalen Strafgerichtshof Haftbefehle gegen zwei hochrangige Vertreter der afghanischen Taliban beantragt. Er verweist auf eine beispiellose Verfolgung von Frauen und M\u00e4dchen durch die islamistische Bewegung.\n            <\/div>\n<p><\/p>\n<div class=\"Text-root Text-type_5 ArticleView-text ViewText-root \">\n<p>Der Chefankl\u00e4ger des Internationalen Strafgerichtshofs (IStGH) Karim Ahmad Khan hat Haftbefehle gegen Taliban-Anf\u00fchrer in Afghanistan beantragt. In einer offiziellen Erkl\u00e4rung vom Donnerstag handelt es sich im Einzelnen um den Anf\u00fchrer der Taliban, Hibatullah Achundsada, und den Obersten Richter des sogenannten Islamischen Emirats Afghanistan, Abdul Hakim Hakkani.<\/p>\n<p>Seine Initiative begr\u00fcndete Khan damit, dass diese Personen &#8220;strafrechtlich f\u00fcr das Verbrechen gegen die Menschlichkeit der Verfolgung aus Gr\u00fcnden des Geschlechts&#8221; verantwortlich sind. Khan sprach hierbei von einer &#8220;beispiellosen, skrupellosen und andauernden Verfolgung&#8221; von Frauen, M\u00e4dchen und LGBTQ-Menschen.<\/p>\n<p>Auch diejenigen, die sich f\u00fcr Frauen und M\u00e4dchen einsetzten, und alle Menschen, die nicht den ideologischen Erwartungen der Taliban in Bezug auf Geschlechtsidentit\u00e4t entspr\u00e4chen, w\u00fcrden in Afghanistan verfolgt, betonte der Chefankl\u00e4ger weiter.<\/p>\n<p>Khans Antr\u00e4ge werden nun von den zust\u00e4ndigen Richtern des IStGH gepr\u00fcft. Sollte die Entscheidung positiv sein, w\u00fcrden Haftbefehle erlassen. Alle 125 Mitgliedstaaten des Gerichtshofs m\u00fcssen die Haftbefehle vollstrecken und die Betroffenen festnehmen, wenn sie in diese L\u00e4nder reisen. Afghanistan hatte das R\u00f6mische Statut, die vertragliche Grundlage des IStGH, im Jahr 2003 ratifiziert.<\/p>\n<p>Die Taliban kamen 2021 in Afghanistan an die Macht. Seitdem gelten f\u00fcr Frauen und M\u00e4dchen strikte Kleidungs- und Anstandsregeln. Au\u00dferdem werden ihnen das Recht auf Arbeit und der Zugang zu Bildung verweigert.<\/p>\n<p><strong>Mehr zum Thema \u2013<\/strong>\u00a0<a rel=\"nofollow noopener\" target=\"_blank\" href=\"https:\/\/freedert.online\/europa\/221503-eugh-afghanische-frauen-haben-grundsaetzlich\/\">EuGH: Afghanische Frauen haben grunds\u00e4tzlich Anspruch auf Asyl in der EU<\/a><\/p>\n<div class=\"EmbedBlock-root EmbedBlock-externalVideo EmbedBlock-rumble\">\n<div class=\"VkEmbed\"><iframe class=\"lazyload\" data-src=\"https:\/\/rumble.com\/embed\/v58ll1h\" frameborder=\"0\" width=\"853\" height=\"480\" allowfullscreen><\/iframe><\/div>\n<\/div>\n<\/div>\n<p><br \/>\n<br \/><a href=\"https:\/\/de.rt.com\/international\/234097-chefanklaeger-istgh-will-haftbefehle-gegen-taliban\/\">Source link <\/a><\/p>\n","protected":false},"excerpt":{"rendered":"<p>Chefankl\u00e4ger Karim Khan hat beim Internationalen Strafgerichtshof Haftbefehle gegen zwei hochrangige Vertreter der afghanischen Taliban beantragt. Er verweist auf eine beispiellose Verfolgung von Frauen und M\u00e4dchen durch die islamistische Bewegung. Der Chefankl\u00e4ger des Internationalen Strafgerichtshofs (IStGH) Karim Ahmad Khan hat Haftbefehle gegen Taliban-Anf\u00fchrer in Afghanistan beantragt. In einer offiziellen Erkl\u00e4rung vom Donnerstag handelt es sich [&hellip;]<\/p>\n","protected":false},"author":3,"featured_media":77072,"comment_status":"open","ping_status":"open","sticky":false,"template":"","format":"standard","meta":{"_yoast_indexnow_last_ping":["1737666598"],"wp_automatic_camp":["217"],"1a72cd18fd2cdbcc690090c472d22ceb":["Chefankl\u00e4ger des IStGH will Haftbefehle gegen Taliban-Anf\u00fchrer"],"original_link":["https:\/\/de.rt.com\/international\/234097-chefanklaeger-istgh-will-haftbefehle-gegen-taliban\/"],"_thumbnail_id":["77072"],"jnews_social_counter_last_update":["1777622079"],"_wptgpro_p2tg_sent2tg":["a:1:{i:23737;s:19:\"2025-01-23 23:10:57\";}"]},"categories":[19,23],"tags":[55043,583,278,36166,57291,62168],"yoast_head":"<!-- This site is optimized with the Yoast SEO Premium plugin v22.7 (Yoast SEO v22.7) - https:\/\/yoast.com\/wordpress\/plugins\/seo\/ -->\n<title>Chefankl\u00e4ger des IStGH will Haftbefehle gegen Taliban-Anf\u00fchrer - just-now.NEWS Deutschland<\/title>\n<meta name=\"robots\" content=\"index, follow, max-snippet:-1, max-image-preview:large, max-video-preview:-1\" \/>\n<link rel=\"canonical\" href=\"https:\/\/now-news.de\/de\/deutschland\/chefanklaeger-des-istgh-will-haftbefehle-gegen-taliban-anfuehrer\/\" \/>\n<meta property=\"og:locale\" content=\"de_DE\" \/>\n<meta property=\"og:type\" content=\"article\" \/>\n<meta property=\"og:title\" content=\"Chefankl\u00e4ger des IStGH will Haftbefehle gegen Taliban-Anf\u00fchrer\" \/>\n<meta property=\"og:description\" content=\"Chefankl\u00e4ger Karim Khan hat beim Internationalen Strafgerichtshof Haftbefehle gegen zwei hochrangige Vertreter der afghanischen Taliban beantragt. Er verweist auf eine beispiellose Verfolgung von Frauen und M\u00e4dchen durch die islamistische Bewegung. Der Chefankl\u00e4ger des Internationalen Strafgerichtshofs (IStGH) Karim Ahmad Khan hat Haftbefehle gegen Taliban-Anf\u00fchrer in Afghanistan beantragt. In einer offiziellen Erkl\u00e4rung vom Donnerstag handelt es sich [&hellip;]\" \/>\n<meta property=\"og:url\" content=\"https:\/\/now-news.de\/de\/deutschland\/chefanklaeger-des-istgh-will-haftbefehle-gegen-taliban-anfuehrer\/\" \/>\n<meta property=\"og:site_name\" content=\"just-now.NEWS Deutschland\" \/>\n<meta property=\"article:publisher\" content=\"https:\/\/www.facebook.com\/wirmachenauf\" \/>\n<meta property=\"article:published_time\" content=\"2025-01-23T21:05:54+00:00\" \/>\n<meta property=\"og:image\" content=\"https:\/\/now-news.de\/de\/wp-content\/uploads\/sites\/3\/2025\/01\/67926bb5b480cc6a8e4f7ac6.jpg\" \/>\n<meta name=\"author\" content=\"rtnews\" \/>\n<meta name=\"twitter:card\" content=\"summary_large_image\" \/>\n<meta name=\"twitter:creator\" content=\"@WirMachenAuf_de\" \/>\n<meta name=\"twitter:site\" content=\"@WirMachenAuf_de\" \/>\n<meta name=\"twitter:label1\" content=\"Verfasst von\" \/>\n\t<meta name=\"twitter:data1\" content=\"rtnews\" \/>\n\t<meta name=\"twitter:label2\" content=\"Gesch\u00e4tzte Lesezeit\" \/>\n\t<meta name=\"twitter:data2\" content=\"1\u00a0Minute\" \/>\n<script type=\"application\/ld+json\" class=\"yoast-schema-graph\">{\"@context\":\"https:\/\/schema.org\",\"@graph\":[{\"@type\":\"Article\",\"@id\":\"https:\/\/now-news.de\/de\/deutschland\/chefanklaeger-des-istgh-will-haftbefehle-gegen-taliban-anfuehrer\/#article\",\"isPartOf\":{\"@id\":\"https:\/\/now-news.de\/de\/deutschland\/chefanklaeger-des-istgh-will-haftbefehle-gegen-taliban-anfuehrer\/\"},\"author\":{\"name\":\"rtnews\",\"@id\":\"https:\/\/now-news.de\/de\/#\/schema\/person\/fb534a4e865501d8b3285208df34a9b5\"},\"headline\":\"Chefankl\u00e4ger des IStGH will Haftbefehle gegen Taliban-Anf\u00fchrer\",\"datePublished\":\"2025-01-23T21:05:54+00:00\",\"dateModified\":\"2025-01-23T21:05:54+00:00\",\"mainEntityOfPage\":{\"@id\":\"https:\/\/now-news.de\/de\/deutschland\/chefanklaeger-des-istgh-will-haftbefehle-gegen-taliban-anfuehrer\/\"},\"wordCount\":280,\"commentCount\":0,\"publisher\":{\"@id\":\"https:\/\/now-news.de\/de\/#organization\"},\"image\":{\"@id\":\"https:\/\/now-news.de\/de\/deutschland\/chefanklaeger-des-istgh-will-haftbefehle-gegen-taliban-anfuehrer\/#primaryimage\"},\"thumbnailUrl\":\"https:\/\/now-news.de\/de\/wp-content\/uploads\/sites\/3\/2025\/01\/Chefanklaeger-des-IStGH-will-Haftbefehle-gegen-Taliban-Anfuehrer.jpg\",\"keywords\":[\"Chefankl\u00e4ger\",\"des\",\"gegen\",\"Haftbefehle\",\"IStGH\",\"TalibanAnf\u00fchrer\"],\"articleSection\":[\"Deutschland\",\"Russland\"],\"inLanguage\":\"de\",\"potentialAction\":[{\"@type\":\"CommentAction\",\"name\":\"Comment\",\"target\":[\"https:\/\/now-news.de\/de\/deutschland\/chefanklaeger-des-istgh-will-haftbefehle-gegen-taliban-anfuehrer\/#respond\"]}]},{\"@type\":\"WebPage\",\"@id\":\"https:\/\/now-news.de\/de\/deutschland\/chefanklaeger-des-istgh-will-haftbefehle-gegen-taliban-anfuehrer\/\",\"url\":\"https:\/\/now-news.de\/de\/deutschland\/chefanklaeger-des-istgh-will-haftbefehle-gegen-taliban-anfuehrer\/\",\"name\":\"Chefankl\u00e4ger des IStGH will Haftbefehle gegen Taliban-Anf\u00fchrer - just-now.NEWS Deutschland\",\"isPartOf\":{\"@id\":\"https:\/\/now-news.de\/de\/#website\"},\"primaryImageOfPage\":{\"@id\":\"https:\/\/now-news.de\/de\/deutschland\/chefanklaeger-des-istgh-will-haftbefehle-gegen-taliban-anfuehrer\/#primaryimage\"},\"image\":{\"@id\":\"https:\/\/now-news.de\/de\/deutschland\/chefanklaeger-des-istgh-will-haftbefehle-gegen-taliban-anfuehrer\/#primaryimage\"},\"thumbnailUrl\":\"https:\/\/now-news.de\/de\/wp-content\/uploads\/sites\/3\/2025\/01\/Chefanklaeger-des-IStGH-will-Haftbefehle-gegen-Taliban-Anfuehrer.jpg\",\"datePublished\":\"2025-01-23T21:05:54+00:00\",\"dateModified\":\"2025-01-23T21:05:54+00:00\",\"breadcrumb\":{\"@id\":\"https:\/\/now-news.de\/de\/deutschland\/chefanklaeger-des-istgh-will-haftbefehle-gegen-taliban-anfuehrer\/#breadcrumb\"},\"inLanguage\":\"de\",\"potentialAction\":[{\"@type\":\"ReadAction\",\"target\":[\"https:\/\/now-news.de\/de\/deutschland\/chefanklaeger-des-istgh-will-haftbefehle-gegen-taliban-anfuehrer\/\"]}]},{\"@type\":\"ImageObject\",\"inLanguage\":\"de\",\"@id\":\"https:\/\/now-news.de\/de\/deutschland\/chefanklaeger-des-istgh-will-haftbefehle-gegen-taliban-anfuehrer\/#primaryimage\",\"url\":\"https:\/\/now-news.de\/de\/wp-content\/uploads\/sites\/3\/2025\/01\/Chefanklaeger-des-IStGH-will-Haftbefehle-gegen-Taliban-Anfuehrer.jpg\",\"contentUrl\":\"https:\/\/now-news.de\/de\/wp-content\/uploads\/sites\/3\/2025\/01\/Chefanklaeger-des-IStGH-will-Haftbefehle-gegen-Taliban-Anfuehrer.jpg\",\"width\":460,\"height\":259,\"caption\":\"Chefankl\u00e4ger des IStGH will Haftbefehle gegen Taliban-Anf\u00fchrer\"},{\"@type\":\"BreadcrumbList\",\"@id\":\"https:\/\/now-news.de\/de\/deutschland\/chefanklaeger-des-istgh-will-haftbefehle-gegen-taliban-anfuehrer\/#breadcrumb\",\"itemListElement\":[{\"@type\":\"ListItem\",\"position\":1,\"name\":\"Home\",\"item\":\"https:\/\/now-news.de\/de\/\"},{\"@type\":\"ListItem\",\"position\":2,\"name\":\"Chefankl\u00e4ger des IStGH will Haftbefehle gegen Taliban-Anf\u00fchrer\"}]},{\"@type\":\"WebSite\",\"@id\":\"https:\/\/now-news.de\/de\/#website\",\"url\":\"https:\/\/now-news.de\/de\/\",\"name\":\"just-now.NEWS Deutschland\",\"description\":\"Das Portal f\u00fcr unzensierte Nachrichten aus der Welt\",\"publisher\":{\"@id\":\"https:\/\/now-news.de\/de\/#organization\"},\"potentialAction\":[{\"@type\":\"SearchAction\",\"target\":{\"@type\":\"EntryPoint\",\"urlTemplate\":\"https:\/\/now-news.de\/de\/?s={search_term_string}\"},\"query-input\":\"required name=search_term_string\"}],\"inLanguage\":\"de\"},{\"@type\":\"Organization\",\"@id\":\"https:\/\/now-news.de\/de\/#organization\",\"name\":\"Just Now News\",\"url\":\"https:\/\/now-news.de\/de\/\",\"logo\":{\"@type\":\"ImageObject\",\"inLanguage\":\"de\",\"@id\":\"https:\/\/now-news.de\/de\/#\/schema\/logo\/image\/\",\"url\":\"http:\/\/just-now.news\/de\/wp-content\/uploads\/sites\/3\/2022\/04\/logo500x500.jpg\",\"contentUrl\":\"http:\/\/just-now.news\/de\/wp-content\/uploads\/sites\/3\/2022\/04\/logo500x500.jpg\",\"width\":500,\"height\":500,\"caption\":\"Just Now News\"},\"image\":{\"@id\":\"https:\/\/now-news.de\/de\/#\/schema\/logo\/image\/\"},\"sameAs\":[\"https:\/\/www.facebook.com\/wirmachenauf\",\"https:\/\/x.com\/WirMachenAuf_de\"]},{\"@type\":\"Person\",\"@id\":\"https:\/\/now-news.de\/de\/#\/schema\/person\/fb534a4e865501d8b3285208df34a9b5\",\"name\":\"rtnews\",\"image\":{\"@type\":\"ImageObject\",\"inLanguage\":\"de\",\"@id\":\"https:\/\/now-news.de\/de\/#\/schema\/person\/image\/\",\"url\":\"https:\/\/secure.gravatar.com\/avatar\/82aafea7d8127119dd649515f56e2117?s=96&d=mm&r=g\",\"contentUrl\":\"https:\/\/secure.gravatar.com\/avatar\/82aafea7d8127119dd649515f56e2117?s=96&d=mm&r=g\",\"caption\":\"rtnews\"},\"url\":\"https:\/\/now-news.de\/de\/author\/rnews\/\"}]}<\/script>\n<!-- \/ Yoast SEO Premium plugin. -->","yoast_head_json":{"title":"Chefankl\u00e4ger des IStGH will Haftbefehle gegen Taliban-Anf\u00fchrer - just-now.NEWS Deutschland","robots":{"index":"index","follow":"follow","max-snippet":"max-snippet:-1","max-image-preview":"max-image-preview:large","max-video-preview":"max-video-preview:-1"},"canonical":"https:\/\/now-news.de\/de\/deutschland\/chefanklaeger-des-istgh-will-haftbefehle-gegen-taliban-anfuehrer\/","og_locale":"de_DE","og_type":"article","og_title":"Chefankl\u00e4ger des IStGH will Haftbefehle gegen Taliban-Anf\u00fchrer","og_description":"Chefankl\u00e4ger Karim Khan hat beim Internationalen Strafgerichtshof Haftbefehle gegen zwei hochrangige Vertreter der afghanischen Taliban beantragt. Er verweist auf eine beispiellose Verfolgung von Frauen und M\u00e4dchen durch die islamistische Bewegung. Der Chefankl\u00e4ger des Internationalen Strafgerichtshofs (IStGH) Karim Ahmad Khan hat Haftbefehle gegen Taliban-Anf\u00fchrer in Afghanistan beantragt. In einer offiziellen Erkl\u00e4rung vom Donnerstag handelt es sich [&hellip;]","og_url":"https:\/\/now-news.de\/de\/deutschland\/chefanklaeger-des-istgh-will-haftbefehle-gegen-taliban-anfuehrer\/","og_site_name":"just-now.NEWS Deutschland","article_publisher":"https:\/\/www.facebook.com\/wirmachenauf","article_published_time":"2025-01-23T21:05:54+00:00","og_image":[{"url":"https:\/\/now-news.de\/de\/wp-content\/uploads\/sites\/3\/2025\/01\/67926bb5b480cc6a8e4f7ac6.jpg"}],"author":"rtnews","twitter_card":"summary_large_image","twitter_creator":"@WirMachenAuf_de","twitter_site":"@WirMachenAuf_de","twitter_misc":{"Verfasst von":"rtnews","Gesch\u00e4tzte Lesezeit":"1\u00a0Minute"},"schema":{"@context":"https:\/\/schema.org","@graph":[{"@type":"Article","@id":"https:\/\/now-news.de\/de\/deutschland\/chefanklaeger-des-istgh-will-haftbefehle-gegen-taliban-anfuehrer\/#article","isPartOf":{"@id":"https:\/\/now-news.de\/de\/deutschland\/chefanklaeger-des-istgh-will-haftbefehle-gegen-taliban-anfuehrer\/"},"author":{"name":"rtnews","@id":"https:\/\/now-news.de\/de\/#\/schema\/person\/fb534a4e865501d8b3285208df34a9b5"},"headline":"Chefankl\u00e4ger des IStGH will Haftbefehle gegen Taliban-Anf\u00fchrer","datePublished":"2025-01-23T21:05:54+00:00","dateModified":"2025-01-23T21:05:54+00:00","mainEntityOfPage":{"@id":"https:\/\/now-news.de\/de\/deutschland\/chefanklaeger-des-istgh-will-haftbefehle-gegen-taliban-anfuehrer\/"},"wordCount":280,"commentCount":0,"publisher":{"@id":"https:\/\/now-news.de\/de\/#organization"},"image":{"@id":"https:\/\/now-news.de\/de\/deutschland\/chefanklaeger-des-istgh-will-haftbefehle-gegen-taliban-anfuehrer\/#primaryimage"},"thumbnailUrl":"https:\/\/now-news.de\/de\/wp-content\/uploads\/sites\/3\/2025\/01\/Chefanklaeger-des-IStGH-will-Haftbefehle-gegen-Taliban-Anfuehrer.jpg","keywords":["Chefankl\u00e4ger","des","gegen","Haftbefehle","IStGH","TalibanAnf\u00fchrer"],"articleSection":["Deutschland","Russland"],"inLanguage":"de","potentialAction":[{"@type":"CommentAction","name":"Comment","target":["https:\/\/now-news.de\/de\/deutschland\/chefanklaeger-des-istgh-will-haftbefehle-gegen-taliban-anfuehrer\/#respond"]}]},{"@type":"WebPage","@id":"https:\/\/now-news.de\/de\/deutschland\/chefanklaeger-des-istgh-will-haftbefehle-gegen-taliban-anfuehrer\/","url":"https:\/\/now-news.de\/de\/deutschland\/chefanklaeger-des-istgh-will-haftbefehle-gegen-taliban-anfuehrer\/","name":"Chefankl\u00e4ger des IStGH will Haftbefehle gegen Taliban-Anf\u00fchrer - just-now.NEWS Deutschland","isPartOf":{"@id":"https:\/\/now-news.de\/de\/#website"},"primaryImageOfPage":{"@id":"https:\/\/now-news.de\/de\/deutschland\/chefanklaeger-des-istgh-will-haftbefehle-gegen-taliban-anfuehrer\/#primaryimage"},"image":{"@id":"https:\/\/now-news.de\/de\/deutschland\/chefanklaeger-des-istgh-will-haftbefehle-gegen-taliban-anfuehrer\/#primaryimage"},"thumbnailUrl":"https:\/\/now-news.de\/de\/wp-content\/uploads\/sites\/3\/2025\/01\/Chefanklaeger-des-IStGH-will-Haftbefehle-gegen-Taliban-Anfuehrer.jpg","datePublished":"2025-01-23T21:05:54+00:00","dateModified":"2025-01-23T21:05:54+00:00","breadcrumb":{"@id":"https:\/\/now-news.de\/de\/deutschland\/chefanklaeger-des-istgh-will-haftbefehle-gegen-taliban-anfuehrer\/#breadcrumb"},"inLanguage":"de","potentialAction":[{"@type":"ReadAction","target":["https:\/\/now-news.de\/de\/deutschland\/chefanklaeger-des-istgh-will-haftbefehle-gegen-taliban-anfuehrer\/"]}]},{"@type":"ImageObject","inLanguage":"de","@id":"https:\/\/now-news.de\/de\/deutschland\/chefanklaeger-des-istgh-will-haftbefehle-gegen-taliban-anfuehrer\/#primaryimage","url":"https:\/\/now-news.de\/de\/wp-content\/uploads\/sites\/3\/2025\/01\/Chefanklaeger-des-IStGH-will-Haftbefehle-gegen-Taliban-Anfuehrer.jpg","contentUrl":"https:\/\/now-news.de\/de\/wp-content\/uploads\/sites\/3\/2025\/01\/Chefanklaeger-des-IStGH-will-Haftbefehle-gegen-Taliban-Anfuehrer.jpg","width":460,"height":259,"caption":"Chefankl\u00e4ger des IStGH will Haftbefehle gegen Taliban-Anf\u00fchrer"},{"@type":"BreadcrumbList","@id":"https:\/\/now-news.de\/de\/deutschland\/chefanklaeger-des-istgh-will-haftbefehle-gegen-taliban-anfuehrer\/#breadcrumb","itemListElement":[{"@type":"ListItem","position":1,"name":"Home","item":"https:\/\/now-news.de\/de\/"},{"@type":"ListItem","position":2,"name":"Chefankl\u00e4ger des IStGH will Haftbefehle gegen Taliban-Anf\u00fchrer"}]},{"@type":"WebSite","@id":"https:\/\/now-news.de\/de\/#website","url":"https:\/\/now-news.de\/de\/","name":"just-now.NEWS Deutschland","description":"Das Portal f\u00fcr unzensierte Nachrichten aus der Welt","publisher":{"@id":"https:\/\/now-news.de\/de\/#organization"},"potentialAction":[{"@type":"SearchAction","target":{"@type":"EntryPoint","urlTemplate":"https:\/\/now-news.de\/de\/?s={search_term_string}"},"query-input":"required name=search_term_string"}],"inLanguage":"de"},{"@type":"Organization","@id":"https:\/\/now-news.de\/de\/#organization","name":"Just Now News","url":"https:\/\/now-news.de\/de\/","logo":{"@type":"ImageObject","inLanguage":"de","@id":"https:\/\/now-news.de\/de\/#\/schema\/logo\/image\/","url":"http:\/\/just-now.news\/de\/wp-content\/uploads\/sites\/3\/2022\/04\/logo500x500.jpg","contentUrl":"http:\/\/just-now.news\/de\/wp-content\/uploads\/sites\/3\/2022\/04\/logo500x500.jpg","width":500,"height":500,"caption":"Just Now News"},"image":{"@id":"https:\/\/now-news.de\/de\/#\/schema\/logo\/image\/"},"sameAs":["https:\/\/www.facebook.com\/wirmachenauf","https:\/\/x.com\/WirMachenAuf_de"]},{"@type":"Person","@id":"https:\/\/now-news.de\/de\/#\/schema\/person\/fb534a4e865501d8b3285208df34a9b5","name":"rtnews","image":{"@type":"ImageObject","inLanguage":"de","@id":"https:\/\/now-news.de\/de\/#\/schema\/person\/image\/","url":"https:\/\/secure.gravatar.com\/avatar\/82aafea7d8127119dd649515f56e2117?s=96&d=mm&r=g","contentUrl":"https:\/\/secure.gravatar.com\/avatar\/82aafea7d8127119dd649515f56e2117?s=96&d=mm&r=g","caption":"rtnews"},"url":"https:\/\/now-news.de\/de\/author\/rnews\/"}]}},"_links":{"self":[{"href":"https:\/\/now-news.de\/de\/wp-json\/wp\/v2\/posts\/77071"}],"collection":[{"href":"https:\/\/now-news.de\/de\/wp-json\/wp\/v2\/posts"}],"about":[{"href":"https:\/\/now-news.de\/de\/wp-json\/wp\/v2\/types\/post"}],"author":[{"embeddable":true,"href":"https:\/\/now-news.de\/de\/wp-json\/wp\/v2\/users\/3"}],"replies":[{"embeddable":true,"href":"https:\/\/now-news.de\/de\/wp-json\/wp\/v2\/comments?post=77071"}],"version-history":[{"count":0,"href":"https:\/\/now-news.de\/de\/wp-json\/wp\/v2\/posts\/77071\/revisions"}],"wp:featuredmedia":[{"embeddable":true,"href":"https:\/\/now-news.de\/de\/wp-json\/wp\/v2\/media\/77072"}],"wp:attachment":[{"href":"https:\/\/now-news.de\/de\/wp-json\/wp\/v2\/media?parent=77071"}],"wp:term":[{"taxonomy":"category","embeddable":true,"href":"https:\/\/now-news.de\/de\/wp-json\/wp\/v2\/categories?post=77071"},{"taxonomy":"post_tag","embeddable":true,"href":"https:\/\/now-news.de\/de\/wp-json\/wp\/v2\/tags?post=77071"}],"curies":[{"name":"wp","href":"https:\/\/api.w.org\/{rel}","templated":true}]}}