{"id":77024,"date":"2025-01-23T16:36:56","date_gmt":"2025-01-23T14:36:56","guid":{"rendered":"https:\/\/now-news.de\/de\/deutschland\/medien-trump-will-us-militaerkontingent-in-europa-um-ein-fuenftel-reduzieren\/"},"modified":"2025-01-23T16:36:56","modified_gmt":"2025-01-23T14:36:56","slug":"medien-trump-will-us-militaerkontingent-in-europa-um-ein-fuenftel-reduzieren","status":"publish","type":"post","link":"https:\/\/now-news.de\/de\/deutschland\/medien-trump-will-us-militaerkontingent-in-europa-um-ein-fuenftel-reduzieren\/","title":{"rendered":"Medien: Trump will US-Milit\u00e4rkontingent in Europa um ein F\u00fcnftel reduzieren"},"content":{"rendered":"<p><img decoding=\"async\" src=\"https:\/\/now-news.de\/de\/wp-content\/uploads\/sites\/3\/2025\/01\/679235bdb480cc67b95939e9.jpg\" \/><\/p>\n<div class=\"Text-root Text-type_1 \">\n                Laut einem Medienbericht werden die USA unter Donald Trump wahrscheinlich 20.000 Soldaten und somit ein F\u00fcnftel ihres Milit\u00e4rkontingents aus Europa abziehen. Zudem fordere Trump von den europ\u00e4ischen L\u00e4ndern mehr Geld f\u00fcr den Unterhalt der US-Soldaten.\n            <\/div>\n<p><\/p>\n<div class=\"Text-root Text-type_5 ArticleView-text ViewText-root \">\n<p>Mit dem Amtsantritt des US-Pr\u00e4sidenten Donald Trump wird Europa mehr in seine Sicherheit investieren m\u00fcssen. Unter anderem m\u00f6chte die neue Regierung in Washington das US-Kontingent in \u00dcbersee um ein F\u00fcnftel reduzieren, was einen R\u00fcckzug von rund 20.000 Soldaten bedeuten k\u00f6nnte. Dies berichtet die italienische Nachrichtenagentur <em>ANSA<\/em> am Donnerstag mit Verweis auf eine Quelle in Br\u00fcssel.<\/p>\n<p>Dar\u00fcber hinaus k\u00f6nnte Trump einen &#8220;erheblichen Finanzbeitrag&#8221; f\u00fcr den Unterhalt der verbleibenden Truppen fordern. Laut der <em>ANSA<\/em> argumentiere der Pr\u00e4sident, dass US-Soldaten in Europa zur Abschreckung stationiert seien, weshalb die Kosten ihres Aufenthalts nicht nur zulasten der Steuerzahler in den USA gedeckt werden sollten. Die Quelle der Nachrichtenagentur habe jedoch betont, dass diese Diskussionen derzeit in einer Anfangsphase seien. Zun\u00e4chst w\u00fcrde sich Europa mit der St\u00e4rkung der Verteidigungsaufgaben befassen.<\/p>\n<p>Zudem erneuere Trump seine langgehegte Forderung, wonach die NATO-L\u00e4nder ihre Verteidigungsausgaben auf mindestens 5 Prozent des Bruttoinlandprodukts erh\u00f6hen sollen. Nach Angaben der EU-Au\u00dfenbeauftragten Kaja Kallas gaben die EU-L\u00e4nder im vergangenen Jahr durchschnittlich 1,9 Prozent des BIP f\u00fcr die Verteidigung aus.<\/p>\n<p>Noch im M\u00e4rz 2022 hatte das Pentagon\u00a0vor dem Hintergrund des Ukraine-Konflikts \u00fcber die Entsendung von 20.000 zus\u00e4tzlichen Soldaten nach Europa berichtet. Somit erreichte das US-Kontingent in europ\u00e4ischen L\u00e4ndern 100.000 Soldaten, von denen 65.000 auf Dauer stationiert sind. Das gr\u00f6\u00dfte Truppenkontingent der US-Streitkr\u00e4fte in Europa befindet sich in Deutschland. Aktuellen Zahlen zufolge handelt es sich um rund 36.000 Soldaten.<\/p>\n<p><strong>Mehr zum Thema \u2013<\/strong>\u00a0<a rel=\"nofollow noopener\" target=\"_blank\" href=\"https:\/\/freedert.online\/meinung\/233964-trump-ist-wieder-an-macht\/\">Trump ist wieder an der Macht: Warum die US-Vasallen in Panik geraten<\/a><\/p>\n<div class=\"EmbedBlock-root EmbedBlock-externalVideo EmbedBlock-rumble\">\n<div class=\"VkEmbed\"><iframe class=\"lazyload\" data-src=\"https:\/\/rumble.com\/embed\/v69v05p\" frameborder=\"0\" width=\"853\" height=\"480\" allowfullscreen><\/iframe><\/div>\n<\/div>\n<\/div>\n<p><br \/>\n<br \/><a href=\"https:\/\/de.rt.com\/international\/234046-trump-will-us-militaerkontingent-reduzieren\/\">Source link <\/a><\/p>\n","protected":false},"excerpt":{"rendered":"<p>Laut einem Medienbericht werden die USA unter Donald Trump wahrscheinlich 20.000 Soldaten und somit ein F\u00fcnftel ihres Milit\u00e4rkontingents aus Europa abziehen. Zudem fordere Trump von den europ\u00e4ischen L\u00e4ndern mehr Geld f\u00fcr den Unterhalt der US-Soldaten. Mit dem Amtsantritt des US-Pr\u00e4sidenten Donald Trump wird Europa mehr in seine Sicherheit investieren m\u00fcssen. Unter anderem m\u00f6chte die neue [&hellip;]<\/p>\n","protected":false},"author":3,"featured_media":77025,"comment_status":"open","ping_status":"open","sticky":false,"template":"","format":"standard","meta":{"_yoast_indexnow_last_ping":["1737643452"],"wp_automatic_camp":["217"],"d285c20e49fad1b873c9f480dd0badf3":["Medien: Trump will US-Milit\u00e4rkontingent in Europa um ein F\u00fcnftel reduzieren"],"original_link":["https:\/\/de.rt.com\/international\/234046-trump-will-us-militaerkontingent-reduzieren\/"],"_thumbnail_id":["77025"],"_wptgpro_p2tg_sent2tg":["a:1:{i:23737;s:19:\"2025-01-23 16:45:22\";}"],"jnews_social_counter_last_update":["1777260660"]},"categories":[19,23],"tags":[357,1370,53021,580,28708,1639,62144],"yoast_head":"<!-- This site is optimized with the Yoast SEO Premium plugin v22.7 (Yoast SEO v22.7) - https:\/\/yoast.com\/wordpress\/plugins\/seo\/ -->\n<title>Medien: Trump will US-Milit\u00e4rkontingent in Europa um ein F\u00fcnftel reduzieren - just-now.NEWS Deutschland<\/title>\n<meta name=\"robots\" content=\"index, follow, max-snippet:-1, max-image-preview:large, max-video-preview:-1\" \/>\n<link rel=\"canonical\" href=\"https:\/\/now-news.de\/de\/deutschland\/medien-trump-will-us-militaerkontingent-in-europa-um-ein-fuenftel-reduzieren\/\" \/>\n<meta property=\"og:locale\" content=\"de_DE\" \/>\n<meta property=\"og:type\" content=\"article\" \/>\n<meta property=\"og:title\" content=\"Medien: Trump will US-Milit\u00e4rkontingent in Europa um ein F\u00fcnftel reduzieren\" \/>\n<meta property=\"og:description\" content=\"Laut einem Medienbericht werden die USA unter Donald Trump wahrscheinlich 20.000 Soldaten und somit ein F\u00fcnftel ihres Milit\u00e4rkontingents aus Europa abziehen. Zudem fordere Trump von den europ\u00e4ischen L\u00e4ndern mehr Geld f\u00fcr den Unterhalt der US-Soldaten. Mit dem Amtsantritt des US-Pr\u00e4sidenten Donald Trump wird Europa mehr in seine Sicherheit investieren m\u00fcssen. Unter anderem m\u00f6chte die neue [&hellip;]\" \/>\n<meta property=\"og:url\" content=\"https:\/\/now-news.de\/de\/deutschland\/medien-trump-will-us-militaerkontingent-in-europa-um-ein-fuenftel-reduzieren\/\" \/>\n<meta property=\"og:site_name\" content=\"just-now.NEWS Deutschland\" \/>\n<meta property=\"article:publisher\" content=\"https:\/\/www.facebook.com\/wirmachenauf\" \/>\n<meta property=\"article:published_time\" content=\"2025-01-23T14:36:56+00:00\" \/>\n<meta property=\"og:image\" content=\"https:\/\/now-news.de\/de\/wp-content\/uploads\/sites\/3\/2025\/01\/679235bdb480cc67b95939e9.jpg\" \/>\n<meta name=\"author\" content=\"rtnews\" \/>\n<meta name=\"twitter:card\" content=\"summary_large_image\" \/>\n<meta name=\"twitter:creator\" content=\"@WirMachenAuf_de\" \/>\n<meta name=\"twitter:site\" content=\"@WirMachenAuf_de\" \/>\n<meta name=\"twitter:label1\" content=\"Verfasst von\" \/>\n\t<meta name=\"twitter:data1\" content=\"rtnews\" \/>\n\t<meta name=\"twitter:label2\" content=\"Gesch\u00e4tzte Lesezeit\" \/>\n\t<meta name=\"twitter:data2\" content=\"1\u00a0Minute\" \/>\n<script type=\"application\/ld+json\" class=\"yoast-schema-graph\">{\"@context\":\"https:\/\/schema.org\",\"@graph\":[{\"@type\":\"Article\",\"@id\":\"https:\/\/now-news.de\/de\/deutschland\/medien-trump-will-us-militaerkontingent-in-europa-um-ein-fuenftel-reduzieren\/#article\",\"isPartOf\":{\"@id\":\"https:\/\/now-news.de\/de\/deutschland\/medien-trump-will-us-militaerkontingent-in-europa-um-ein-fuenftel-reduzieren\/\"},\"author\":{\"name\":\"rtnews\",\"@id\":\"https:\/\/now-news.de\/de\/#\/schema\/person\/fb534a4e865501d8b3285208df34a9b5\"},\"headline\":\"Medien: Trump will US-Milit\u00e4rkontingent in Europa um ein F\u00fcnftel reduzieren\",\"datePublished\":\"2025-01-23T14:36:56+00:00\",\"dateModified\":\"2025-01-23T14:36:56+00:00\",\"mainEntityOfPage\":{\"@id\":\"https:\/\/now-news.de\/de\/deutschland\/medien-trump-will-us-militaerkontingent-in-europa-um-ein-fuenftel-reduzieren\/\"},\"wordCount\":309,\"commentCount\":0,\"publisher\":{\"@id\":\"https:\/\/now-news.de\/de\/#organization\"},\"image\":{\"@id\":\"https:\/\/now-news.de\/de\/deutschland\/medien-trump-will-us-militaerkontingent-in-europa-um-ein-fuenftel-reduzieren\/#primaryimage\"},\"thumbnailUrl\":\"https:\/\/now-news.de\/de\/wp-content\/uploads\/sites\/3\/2025\/01\/Medien-Trump-will-US-Militaerkontingent-in-Europa-um-ein-Fuenftel-reduzieren.jpg\",\"keywords\":[\"ein\",\"Europa\",\"F\u00fcnftel\",\"Medien\",\"reduzieren\",\"trump\",\"USMilit\u00e4rkontingent\"],\"articleSection\":[\"Deutschland\",\"Russland\"],\"inLanguage\":\"de\",\"potentialAction\":[{\"@type\":\"CommentAction\",\"name\":\"Comment\",\"target\":[\"https:\/\/now-news.de\/de\/deutschland\/medien-trump-will-us-militaerkontingent-in-europa-um-ein-fuenftel-reduzieren\/#respond\"]}]},{\"@type\":\"WebPage\",\"@id\":\"https:\/\/now-news.de\/de\/deutschland\/medien-trump-will-us-militaerkontingent-in-europa-um-ein-fuenftel-reduzieren\/\",\"url\":\"https:\/\/now-news.de\/de\/deutschland\/medien-trump-will-us-militaerkontingent-in-europa-um-ein-fuenftel-reduzieren\/\",\"name\":\"Medien: Trump will US-Milit\u00e4rkontingent in Europa um ein F\u00fcnftel reduzieren - just-now.NEWS Deutschland\",\"isPartOf\":{\"@id\":\"https:\/\/now-news.de\/de\/#website\"},\"primaryImageOfPage\":{\"@id\":\"https:\/\/now-news.de\/de\/deutschland\/medien-trump-will-us-militaerkontingent-in-europa-um-ein-fuenftel-reduzieren\/#primaryimage\"},\"image\":{\"@id\":\"https:\/\/now-news.de\/de\/deutschland\/medien-trump-will-us-militaerkontingent-in-europa-um-ein-fuenftel-reduzieren\/#primaryimage\"},\"thumbnailUrl\":\"https:\/\/now-news.de\/de\/wp-content\/uploads\/sites\/3\/2025\/01\/Medien-Trump-will-US-Militaerkontingent-in-Europa-um-ein-Fuenftel-reduzieren.jpg\",\"datePublished\":\"2025-01-23T14:36:56+00:00\",\"dateModified\":\"2025-01-23T14:36:56+00:00\",\"breadcrumb\":{\"@id\":\"https:\/\/now-news.de\/de\/deutschland\/medien-trump-will-us-militaerkontingent-in-europa-um-ein-fuenftel-reduzieren\/#breadcrumb\"},\"inLanguage\":\"de\",\"potentialAction\":[{\"@type\":\"ReadAction\",\"target\":[\"https:\/\/now-news.de\/de\/deutschland\/medien-trump-will-us-militaerkontingent-in-europa-um-ein-fuenftel-reduzieren\/\"]}]},{\"@type\":\"ImageObject\",\"inLanguage\":\"de\",\"@id\":\"https:\/\/now-news.de\/de\/deutschland\/medien-trump-will-us-militaerkontingent-in-europa-um-ein-fuenftel-reduzieren\/#primaryimage\",\"url\":\"https:\/\/now-news.de\/de\/wp-content\/uploads\/sites\/3\/2025\/01\/Medien-Trump-will-US-Militaerkontingent-in-Europa-um-ein-Fuenftel-reduzieren.jpg\",\"contentUrl\":\"https:\/\/now-news.de\/de\/wp-content\/uploads\/sites\/3\/2025\/01\/Medien-Trump-will-US-Militaerkontingent-in-Europa-um-ein-Fuenftel-reduzieren.jpg\",\"width\":460,\"height\":259,\"caption\":\"Medien: Trump will US-Milit\u00e4rkontingent in Europa um ein F\u00fcnftel reduzieren\"},{\"@type\":\"BreadcrumbList\",\"@id\":\"https:\/\/now-news.de\/de\/deutschland\/medien-trump-will-us-militaerkontingent-in-europa-um-ein-fuenftel-reduzieren\/#breadcrumb\",\"itemListElement\":[{\"@type\":\"ListItem\",\"position\":1,\"name\":\"Home\",\"item\":\"https:\/\/now-news.de\/de\/\"},{\"@type\":\"ListItem\",\"position\":2,\"name\":\"Medien: Trump will US-Milit\u00e4rkontingent in Europa um ein F\u00fcnftel reduzieren\"}]},{\"@type\":\"WebSite\",\"@id\":\"https:\/\/now-news.de\/de\/#website\",\"url\":\"https:\/\/now-news.de\/de\/\",\"name\":\"just-now.NEWS Deutschland\",\"description\":\"Das Portal f\u00fcr unzensierte Nachrichten aus der Welt\",\"publisher\":{\"@id\":\"https:\/\/now-news.de\/de\/#organization\"},\"potentialAction\":[{\"@type\":\"SearchAction\",\"target\":{\"@type\":\"EntryPoint\",\"urlTemplate\":\"https:\/\/now-news.de\/de\/?s={search_term_string}\"},\"query-input\":\"required name=search_term_string\"}],\"inLanguage\":\"de\"},{\"@type\":\"Organization\",\"@id\":\"https:\/\/now-news.de\/de\/#organization\",\"name\":\"Just Now News\",\"url\":\"https:\/\/now-news.de\/de\/\",\"logo\":{\"@type\":\"ImageObject\",\"inLanguage\":\"de\",\"@id\":\"https:\/\/now-news.de\/de\/#\/schema\/logo\/image\/\",\"url\":\"http:\/\/just-now.news\/de\/wp-content\/uploads\/sites\/3\/2022\/04\/logo500x500.jpg\",\"contentUrl\":\"http:\/\/just-now.news\/de\/wp-content\/uploads\/sites\/3\/2022\/04\/logo500x500.jpg\",\"width\":500,\"height\":500,\"caption\":\"Just Now News\"},\"image\":{\"@id\":\"https:\/\/now-news.de\/de\/#\/schema\/logo\/image\/\"},\"sameAs\":[\"https:\/\/www.facebook.com\/wirmachenauf\",\"https:\/\/x.com\/WirMachenAuf_de\"]},{\"@type\":\"Person\",\"@id\":\"https:\/\/now-news.de\/de\/#\/schema\/person\/fb534a4e865501d8b3285208df34a9b5\",\"name\":\"rtnews\",\"image\":{\"@type\":\"ImageObject\",\"inLanguage\":\"de\",\"@id\":\"https:\/\/now-news.de\/de\/#\/schema\/person\/image\/\",\"url\":\"https:\/\/secure.gravatar.com\/avatar\/82aafea7d8127119dd649515f56e2117?s=96&d=mm&r=g\",\"contentUrl\":\"https:\/\/secure.gravatar.com\/avatar\/82aafea7d8127119dd649515f56e2117?s=96&d=mm&r=g\",\"caption\":\"rtnews\"},\"url\":\"https:\/\/now-news.de\/de\/author\/rnews\/\"}]}<\/script>\n<!-- \/ Yoast SEO Premium plugin. -->","yoast_head_json":{"title":"Medien: Trump will US-Milit\u00e4rkontingent in Europa um ein F\u00fcnftel reduzieren - just-now.NEWS Deutschland","robots":{"index":"index","follow":"follow","max-snippet":"max-snippet:-1","max-image-preview":"max-image-preview:large","max-video-preview":"max-video-preview:-1"},"canonical":"https:\/\/now-news.de\/de\/deutschland\/medien-trump-will-us-militaerkontingent-in-europa-um-ein-fuenftel-reduzieren\/","og_locale":"de_DE","og_type":"article","og_title":"Medien: Trump will US-Milit\u00e4rkontingent in Europa um ein F\u00fcnftel reduzieren","og_description":"Laut einem Medienbericht werden die USA unter Donald Trump wahrscheinlich 20.000 Soldaten und somit ein F\u00fcnftel ihres Milit\u00e4rkontingents aus Europa abziehen. Zudem fordere Trump von den europ\u00e4ischen L\u00e4ndern mehr Geld f\u00fcr den Unterhalt der US-Soldaten. Mit dem Amtsantritt des US-Pr\u00e4sidenten Donald Trump wird Europa mehr in seine Sicherheit investieren m\u00fcssen. Unter anderem m\u00f6chte die neue [&hellip;]","og_url":"https:\/\/now-news.de\/de\/deutschland\/medien-trump-will-us-militaerkontingent-in-europa-um-ein-fuenftel-reduzieren\/","og_site_name":"just-now.NEWS Deutschland","article_publisher":"https:\/\/www.facebook.com\/wirmachenauf","article_published_time":"2025-01-23T14:36:56+00:00","og_image":[{"url":"https:\/\/now-news.de\/de\/wp-content\/uploads\/sites\/3\/2025\/01\/679235bdb480cc67b95939e9.jpg"}],"author":"rtnews","twitter_card":"summary_large_image","twitter_creator":"@WirMachenAuf_de","twitter_site":"@WirMachenAuf_de","twitter_misc":{"Verfasst von":"rtnews","Gesch\u00e4tzte Lesezeit":"1\u00a0Minute"},"schema":{"@context":"https:\/\/schema.org","@graph":[{"@type":"Article","@id":"https:\/\/now-news.de\/de\/deutschland\/medien-trump-will-us-militaerkontingent-in-europa-um-ein-fuenftel-reduzieren\/#article","isPartOf":{"@id":"https:\/\/now-news.de\/de\/deutschland\/medien-trump-will-us-militaerkontingent-in-europa-um-ein-fuenftel-reduzieren\/"},"author":{"name":"rtnews","@id":"https:\/\/now-news.de\/de\/#\/schema\/person\/fb534a4e865501d8b3285208df34a9b5"},"headline":"Medien: Trump will US-Milit\u00e4rkontingent in Europa um ein F\u00fcnftel reduzieren","datePublished":"2025-01-23T14:36:56+00:00","dateModified":"2025-01-23T14:36:56+00:00","mainEntityOfPage":{"@id":"https:\/\/now-news.de\/de\/deutschland\/medien-trump-will-us-militaerkontingent-in-europa-um-ein-fuenftel-reduzieren\/"},"wordCount":309,"commentCount":0,"publisher":{"@id":"https:\/\/now-news.de\/de\/#organization"},"image":{"@id":"https:\/\/now-news.de\/de\/deutschland\/medien-trump-will-us-militaerkontingent-in-europa-um-ein-fuenftel-reduzieren\/#primaryimage"},"thumbnailUrl":"https:\/\/now-news.de\/de\/wp-content\/uploads\/sites\/3\/2025\/01\/Medien-Trump-will-US-Militaerkontingent-in-Europa-um-ein-Fuenftel-reduzieren.jpg","keywords":["ein","Europa","F\u00fcnftel","Medien","reduzieren","trump","USMilit\u00e4rkontingent"],"articleSection":["Deutschland","Russland"],"inLanguage":"de","potentialAction":[{"@type":"CommentAction","name":"Comment","target":["https:\/\/now-news.de\/de\/deutschland\/medien-trump-will-us-militaerkontingent-in-europa-um-ein-fuenftel-reduzieren\/#respond"]}]},{"@type":"WebPage","@id":"https:\/\/now-news.de\/de\/deutschland\/medien-trump-will-us-militaerkontingent-in-europa-um-ein-fuenftel-reduzieren\/","url":"https:\/\/now-news.de\/de\/deutschland\/medien-trump-will-us-militaerkontingent-in-europa-um-ein-fuenftel-reduzieren\/","name":"Medien: Trump will US-Milit\u00e4rkontingent in Europa um ein F\u00fcnftel reduzieren - just-now.NEWS Deutschland","isPartOf":{"@id":"https:\/\/now-news.de\/de\/#website"},"primaryImageOfPage":{"@id":"https:\/\/now-news.de\/de\/deutschland\/medien-trump-will-us-militaerkontingent-in-europa-um-ein-fuenftel-reduzieren\/#primaryimage"},"image":{"@id":"https:\/\/now-news.de\/de\/deutschland\/medien-trump-will-us-militaerkontingent-in-europa-um-ein-fuenftel-reduzieren\/#primaryimage"},"thumbnailUrl":"https:\/\/now-news.de\/de\/wp-content\/uploads\/sites\/3\/2025\/01\/Medien-Trump-will-US-Militaerkontingent-in-Europa-um-ein-Fuenftel-reduzieren.jpg","datePublished":"2025-01-23T14:36:56+00:00","dateModified":"2025-01-23T14:36:56+00:00","breadcrumb":{"@id":"https:\/\/now-news.de\/de\/deutschland\/medien-trump-will-us-militaerkontingent-in-europa-um-ein-fuenftel-reduzieren\/#breadcrumb"},"inLanguage":"de","potentialAction":[{"@type":"ReadAction","target":["https:\/\/now-news.de\/de\/deutschland\/medien-trump-will-us-militaerkontingent-in-europa-um-ein-fuenftel-reduzieren\/"]}]},{"@type":"ImageObject","inLanguage":"de","@id":"https:\/\/now-news.de\/de\/deutschland\/medien-trump-will-us-militaerkontingent-in-europa-um-ein-fuenftel-reduzieren\/#primaryimage","url":"https:\/\/now-news.de\/de\/wp-content\/uploads\/sites\/3\/2025\/01\/Medien-Trump-will-US-Militaerkontingent-in-Europa-um-ein-Fuenftel-reduzieren.jpg","contentUrl":"https:\/\/now-news.de\/de\/wp-content\/uploads\/sites\/3\/2025\/01\/Medien-Trump-will-US-Militaerkontingent-in-Europa-um-ein-Fuenftel-reduzieren.jpg","width":460,"height":259,"caption":"Medien: Trump will US-Milit\u00e4rkontingent in Europa um ein F\u00fcnftel reduzieren"},{"@type":"BreadcrumbList","@id":"https:\/\/now-news.de\/de\/deutschland\/medien-trump-will-us-militaerkontingent-in-europa-um-ein-fuenftel-reduzieren\/#breadcrumb","itemListElement":[{"@type":"ListItem","position":1,"name":"Home","item":"https:\/\/now-news.de\/de\/"},{"@type":"ListItem","position":2,"name":"Medien: Trump will US-Milit\u00e4rkontingent in Europa um ein F\u00fcnftel reduzieren"}]},{"@type":"WebSite","@id":"https:\/\/now-news.de\/de\/#website","url":"https:\/\/now-news.de\/de\/","name":"just-now.NEWS Deutschland","description":"Das Portal f\u00fcr unzensierte Nachrichten aus der Welt","publisher":{"@id":"https:\/\/now-news.de\/de\/#organization"},"potentialAction":[{"@type":"SearchAction","target":{"@type":"EntryPoint","urlTemplate":"https:\/\/now-news.de\/de\/?s={search_term_string}"},"query-input":"required name=search_term_string"}],"inLanguage":"de"},{"@type":"Organization","@id":"https:\/\/now-news.de\/de\/#organization","name":"Just Now News","url":"https:\/\/now-news.de\/de\/","logo":{"@type":"ImageObject","inLanguage":"de","@id":"https:\/\/now-news.de\/de\/#\/schema\/logo\/image\/","url":"http:\/\/just-now.news\/de\/wp-content\/uploads\/sites\/3\/2022\/04\/logo500x500.jpg","contentUrl":"http:\/\/just-now.news\/de\/wp-content\/uploads\/sites\/3\/2022\/04\/logo500x500.jpg","width":500,"height":500,"caption":"Just Now News"},"image":{"@id":"https:\/\/now-news.de\/de\/#\/schema\/logo\/image\/"},"sameAs":["https:\/\/www.facebook.com\/wirmachenauf","https:\/\/x.com\/WirMachenAuf_de"]},{"@type":"Person","@id":"https:\/\/now-news.de\/de\/#\/schema\/person\/fb534a4e865501d8b3285208df34a9b5","name":"rtnews","image":{"@type":"ImageObject","inLanguage":"de","@id":"https:\/\/now-news.de\/de\/#\/schema\/person\/image\/","url":"https:\/\/secure.gravatar.com\/avatar\/82aafea7d8127119dd649515f56e2117?s=96&d=mm&r=g","contentUrl":"https:\/\/secure.gravatar.com\/avatar\/82aafea7d8127119dd649515f56e2117?s=96&d=mm&r=g","caption":"rtnews"},"url":"https:\/\/now-news.de\/de\/author\/rnews\/"}]}},"_links":{"self":[{"href":"https:\/\/now-news.de\/de\/wp-json\/wp\/v2\/posts\/77024"}],"collection":[{"href":"https:\/\/now-news.de\/de\/wp-json\/wp\/v2\/posts"}],"about":[{"href":"https:\/\/now-news.de\/de\/wp-json\/wp\/v2\/types\/post"}],"author":[{"embeddable":true,"href":"https:\/\/now-news.de\/de\/wp-json\/wp\/v2\/users\/3"}],"replies":[{"embeddable":true,"href":"https:\/\/now-news.de\/de\/wp-json\/wp\/v2\/comments?post=77024"}],"version-history":[{"count":0,"href":"https:\/\/now-news.de\/de\/wp-json\/wp\/v2\/posts\/77024\/revisions"}],"wp:featuredmedia":[{"embeddable":true,"href":"https:\/\/now-news.de\/de\/wp-json\/wp\/v2\/media\/77025"}],"wp:attachment":[{"href":"https:\/\/now-news.de\/de\/wp-json\/wp\/v2\/media?parent=77024"}],"wp:term":[{"taxonomy":"category","embeddable":true,"href":"https:\/\/now-news.de\/de\/wp-json\/wp\/v2\/categories?post=77024"},{"taxonomy":"post_tag","embeddable":true,"href":"https:\/\/now-news.de\/de\/wp-json\/wp\/v2\/tags?post=77024"}],"curies":[{"name":"wp","href":"https:\/\/api.w.org\/{rel}","templated":true}]}}