{"id":77011,"date":"2025-01-23T12:07:59","date_gmt":"2025-01-23T10:07:59","guid":{"rendered":"https:\/\/now-news.de\/de\/deutschland\/kampfansage-an-globalisten-trump-schaltet-sich-beim-weltwirtschaftsforum-in-davos-zu\/"},"modified":"2025-01-23T12:07:59","modified_gmt":"2025-01-23T10:07:59","slug":"kampfansage-an-globalisten-trump-schaltet-sich-beim-weltwirtschaftsforum-in-davos-zu","status":"publish","type":"post","link":"https:\/\/now-news.de\/de\/deutschland\/kampfansage-an-globalisten-trump-schaltet-sich-beim-weltwirtschaftsforum-in-davos-zu\/","title":{"rendered":"Kampfansage an Globalisten? Trump schaltet sich beim Weltwirtschaftsforum in Davos zu"},"content":{"rendered":"<p><img decoding=\"async\" src=\"https:\/\/now-news.de\/de\/wp-content\/uploads\/sites\/3\/2025\/01\/6792056bb480cc130b662961.jpg\" \/><\/p>\n<div class=\"Text-root Text-type_1 \">\n                Trump hat seine Entschlossenheit gezeigt, die wirtschaftlichen Interessen der USA mit unerbittlicher H\u00e4rte durchzusetzen. Er ist kein &#8220;Davos Man&#8221;, der beim WEF die &#8220;Vorteile&#8221; einer integrierten Weltwirtschaft predigt.\n            <\/div>\n<p><\/p>\n<div class=\"Text-root Text-type_5 ArticleView-text ViewText-root \">\n<p>Seit Tagen redet Davos \u00fcber kaum etwas anderes als Donald Trump. Heute\u00a0spricht der frisch vereidigte US-Pr\u00e4sident selbst zu den Topmanagern und Politikgr\u00f6\u00dfen beim\u00a0Weltwirtschaftsforum. Am sp\u00e4ten Nachmittag wird\u00a0Trump live zugeschaltet f\u00fcr eine Rede und ein Gespr\u00e4ch mit WEF-Pr\u00e4sident Borge Brende.\u00a0Es ist auch nicht Trumps erster Auftritt in Davos: Schon 2018 und 2020, w\u00e4hrend seiner ersten Pr\u00e4sidentschaft, nahm er an dem prestigetr\u00e4chtigen Treffen im Schweizer Wintersportort teil.<\/p>\n<p>Er ist kein &#8220;Davos Man&#8221;, wie Politikwissenschaftler Samuel Huntington einmal genau die politische Elite nannte, die beim WEF die &#8220;Vorteile&#8221; einer integrierten Weltwirtschaft predigt. Trumps &#8220;America first&#8221;-Einstellung ist so ziemlich das Gegenteil.\u00a0<\/p>\n<p>Besonders werden viele Topmanager in Davos darauf h\u00f6ren, was der US-Pr\u00e4sident zu den von ihm angek\u00fcndigten Z\u00f6llen auf Importe aus L\u00e4ndern wie China, Mexiko, Kanada, aber auch der EU sagt. Oder zu seinen Ambitionen mit der KI-Branche, die beim Weltwirtschaftsforum ihre gro\u00dfe B\u00fchne hat.<\/p>\n<p>Der US-Pr\u00e4sident hatte der Europ\u00e4ischen Union zuletzt erneut mit Z\u00f6llen auf in die Vereinigten Staaten eingef\u00fchrte Produkte gedroht. <em>&#8220;Sie behandeln uns sehr, sehr schlecht. Also werden sie mit Z\u00f6llen rechnen m\u00fcssen&#8221;<\/em>, sagte Trump bei einer Pressekonferenz im Wei\u00dfen Haus. Z\u00f6lle seien der einzige Weg, um Fairness zu erreichen und sich zu revanchieren.<\/p>\n<p>Der neue US-Pr\u00e4sident Donald Trump dominiert laut Vize-Kanzler Robert Habeck alle Gespr\u00e4che beim Weltwirtschaftsforum in Davos. Die Antwort sei klar: <em>&#8220;Europa muss st\u00e4rker sein.&#8221;<\/em>\u00a0Die EU sei zu langsam, zu kompliziert, habe zu zersplitterte Finanzm\u00e4rkte und auch zu wenig Wirtschaftswachstum, so der Gr\u00fcnen-Politiker.\u00a0<\/p>\n<p>Es gibt weltweit Bef\u00fcrchtungen, Trump k\u00f6nnte durch eine Abschottung der US-Wirtschaft und Einf\u00fchrung hoher Abgaben f\u00fcr Importe massive Turbulenzen im Welthandel ausl\u00f6sen. Sorgen bereitet Beobachtern dabei insbesondere seine aggressive Haltung gegen\u00fcber China. In Richtung der Volksrepublik sagte der Republikaner k\u00fcrzlich: <em>&#8220;Wir denken \u00fcber Z\u00f6lle von 10 Prozent gegen\u00fcber China nach, weil sie Fentanyl nach Mexiko und Kanada schicken.&#8221;<\/em> Fentanyl ist eine synthetische Droge, die in den USA jedes Jahr Tausende Todesopfer fordert.<\/p>\n<p><strong>Mehr zum Thema<\/strong> &#8211; <a rel=\"nofollow noopener\" target=\"_blank\" href=\"https:\/\/freedert.online\/europa\/233893-trump-droht-europaeischen-union-und\/\">Trump droht der Europ\u00e4ischen Union und China erneut mit Z\u00f6llen<\/a><\/p>\n<div class=\"EmbedBlock-root EmbedBlock-externalVideo EmbedBlock-rumble\">\n<div class=\"VkEmbed\"><iframe class=\"lazyload\" data-src=\"https:\/\/rumble.com\/embed\/v69y76j\" frameborder=\"0\" width=\"853\" height=\"480\" allowfullscreen><\/iframe><\/div>\n<\/div>\n<\/div>\n<p><br \/>\n<br \/><a href=\"https:\/\/de.rt.com\/international\/234008-streit-ueber-zollpolitik-trump-schaltet\/\">Source link <\/a><\/p>\n","protected":false},"excerpt":{"rendered":"<p>Trump hat seine Entschlossenheit gezeigt, die wirtschaftlichen Interessen der USA mit unerbittlicher H\u00e4rte durchzusetzen. Er ist kein &#8220;Davos Man&#8221;, der beim WEF die &#8220;Vorteile&#8221; einer integrierten Weltwirtschaft predigt. Seit Tagen redet Davos \u00fcber kaum etwas anderes als Donald Trump. Heute\u00a0spricht der frisch vereidigte US-Pr\u00e4sident selbst zu den Topmanagern und Politikgr\u00f6\u00dfen beim\u00a0Weltwirtschaftsforum. Am sp\u00e4ten Nachmittag wird\u00a0Trump [&hellip;]<\/p>\n","protected":false},"author":3,"featured_media":77012,"comment_status":"open","ping_status":"open","sticky":false,"template":"","format":"standard","meta":{"_yoast_indexnow_last_ping":["1737627634"],"wp_automatic_camp":["217"],"ab401779f8094f909338081f9db3ba6a":["Kampfansage an Globalisten? Trump schaltet sich beim Weltwirtschaftsforum in Davos zu"],"original_link":["https:\/\/de.rt.com\/international\/234008-streit-ueber-zollpolitik-trump-schaltet\/"],"_thumbnail_id":["77012"],"_wptgpro_p2tg_sent2tg":["a:1:{i:23737;s:19:\"2025-01-23 12:21:35\";}"],"jnews_social_counter_last_update":["1777573733"]},"categories":[19,23],"tags":[1814,92,16246,57320,21227,434,1639,61],"yoast_head":"<!-- This site is optimized with the Yoast SEO Premium plugin v22.7 (Yoast SEO v22.7) - https:\/\/yoast.com\/wordpress\/plugins\/seo\/ -->\n<title>Kampfansage an Globalisten? Trump schaltet sich beim Weltwirtschaftsforum in Davos zu - just-now.NEWS Deutschland<\/title>\n<meta name=\"robots\" content=\"index, follow, max-snippet:-1, max-image-preview:large, max-video-preview:-1\" \/>\n<link rel=\"canonical\" href=\"https:\/\/now-news.de\/de\/deutschland\/kampfansage-an-globalisten-trump-schaltet-sich-beim-weltwirtschaftsforum-in-davos-zu\/\" \/>\n<meta property=\"og:locale\" content=\"de_DE\" \/>\n<meta property=\"og:type\" content=\"article\" \/>\n<meta property=\"og:title\" content=\"Kampfansage an Globalisten? Trump schaltet sich beim Weltwirtschaftsforum in Davos zu\" \/>\n<meta property=\"og:description\" content=\"Trump hat seine Entschlossenheit gezeigt, die wirtschaftlichen Interessen der USA mit unerbittlicher H\u00e4rte durchzusetzen. Er ist kein &#8220;Davos Man&#8221;, der beim WEF die &#8220;Vorteile&#8221; einer integrierten Weltwirtschaft predigt. Seit Tagen redet Davos \u00fcber kaum etwas anderes als Donald Trump. Heute\u00a0spricht der frisch vereidigte US-Pr\u00e4sident selbst zu den Topmanagern und Politikgr\u00f6\u00dfen beim\u00a0Weltwirtschaftsforum. Am sp\u00e4ten Nachmittag wird\u00a0Trump [&hellip;]\" \/>\n<meta property=\"og:url\" content=\"https:\/\/now-news.de\/de\/deutschland\/kampfansage-an-globalisten-trump-schaltet-sich-beim-weltwirtschaftsforum-in-davos-zu\/\" \/>\n<meta property=\"og:site_name\" content=\"just-now.NEWS Deutschland\" \/>\n<meta property=\"article:publisher\" content=\"https:\/\/www.facebook.com\/wirmachenauf\" \/>\n<meta property=\"article:published_time\" content=\"2025-01-23T10:07:59+00:00\" \/>\n<meta property=\"og:image\" content=\"https:\/\/now-news.de\/de\/wp-content\/uploads\/sites\/3\/2025\/01\/6792056bb480cc130b662961.jpg\" \/>\n<meta name=\"author\" content=\"rtnews\" \/>\n<meta name=\"twitter:card\" content=\"summary_large_image\" \/>\n<meta name=\"twitter:creator\" content=\"@WirMachenAuf_de\" \/>\n<meta name=\"twitter:site\" content=\"@WirMachenAuf_de\" \/>\n<meta name=\"twitter:label1\" content=\"Verfasst von\" \/>\n\t<meta name=\"twitter:data1\" content=\"rtnews\" \/>\n\t<meta name=\"twitter:label2\" content=\"Gesch\u00e4tzte Lesezeit\" \/>\n\t<meta name=\"twitter:data2\" content=\"2\u00a0Minuten\" \/>\n<script type=\"application\/ld+json\" class=\"yoast-schema-graph\">{\"@context\":\"https:\/\/schema.org\",\"@graph\":[{\"@type\":\"Article\",\"@id\":\"https:\/\/now-news.de\/de\/deutschland\/kampfansage-an-globalisten-trump-schaltet-sich-beim-weltwirtschaftsforum-in-davos-zu\/#article\",\"isPartOf\":{\"@id\":\"https:\/\/now-news.de\/de\/deutschland\/kampfansage-an-globalisten-trump-schaltet-sich-beim-weltwirtschaftsforum-in-davos-zu\/\"},\"author\":{\"name\":\"rtnews\",\"@id\":\"https:\/\/now-news.de\/de\/#\/schema\/person\/fb534a4e865501d8b3285208df34a9b5\"},\"headline\":\"Kampfansage an Globalisten? Trump schaltet sich beim Weltwirtschaftsforum in Davos zu\",\"datePublished\":\"2025-01-23T10:07:59+00:00\",\"dateModified\":\"2025-01-23T10:07:59+00:00\",\"mainEntityOfPage\":{\"@id\":\"https:\/\/now-news.de\/de\/deutschland\/kampfansage-an-globalisten-trump-schaltet-sich-beim-weltwirtschaftsforum-in-davos-zu\/\"},\"wordCount\":407,\"commentCount\":0,\"publisher\":{\"@id\":\"https:\/\/now-news.de\/de\/#organization\"},\"image\":{\"@id\":\"https:\/\/now-news.de\/de\/deutschland\/kampfansage-an-globalisten-trump-schaltet-sich-beim-weltwirtschaftsforum-in-davos-zu\/#primaryimage\"},\"thumbnailUrl\":\"https:\/\/now-news.de\/de\/wp-content\/uploads\/sites\/3\/2025\/01\/Kampfansage-an-Globalisten-Trump-schaltet-sich-beim-Weltwirtschaftsforum-in-Davos.jpg\",\"keywords\":[\"beim\",\"Davos\",\"Globalisten\",\"Kampfansage\",\"schaltet\",\"sich\",\"trump\",\"Weltwirtschaftsforum\"],\"articleSection\":[\"Deutschland\",\"Russland\"],\"inLanguage\":\"de\",\"potentialAction\":[{\"@type\":\"CommentAction\",\"name\":\"Comment\",\"target\":[\"https:\/\/now-news.de\/de\/deutschland\/kampfansage-an-globalisten-trump-schaltet-sich-beim-weltwirtschaftsforum-in-davos-zu\/#respond\"]}]},{\"@type\":\"WebPage\",\"@id\":\"https:\/\/now-news.de\/de\/deutschland\/kampfansage-an-globalisten-trump-schaltet-sich-beim-weltwirtschaftsforum-in-davos-zu\/\",\"url\":\"https:\/\/now-news.de\/de\/deutschland\/kampfansage-an-globalisten-trump-schaltet-sich-beim-weltwirtschaftsforum-in-davos-zu\/\",\"name\":\"Kampfansage an Globalisten? Trump schaltet sich beim Weltwirtschaftsforum in Davos zu - just-now.NEWS Deutschland\",\"isPartOf\":{\"@id\":\"https:\/\/now-news.de\/de\/#website\"},\"primaryImageOfPage\":{\"@id\":\"https:\/\/now-news.de\/de\/deutschland\/kampfansage-an-globalisten-trump-schaltet-sich-beim-weltwirtschaftsforum-in-davos-zu\/#primaryimage\"},\"image\":{\"@id\":\"https:\/\/now-news.de\/de\/deutschland\/kampfansage-an-globalisten-trump-schaltet-sich-beim-weltwirtschaftsforum-in-davos-zu\/#primaryimage\"},\"thumbnailUrl\":\"https:\/\/now-news.de\/de\/wp-content\/uploads\/sites\/3\/2025\/01\/Kampfansage-an-Globalisten-Trump-schaltet-sich-beim-Weltwirtschaftsforum-in-Davos.jpg\",\"datePublished\":\"2025-01-23T10:07:59+00:00\",\"dateModified\":\"2025-01-23T10:07:59+00:00\",\"breadcrumb\":{\"@id\":\"https:\/\/now-news.de\/de\/deutschland\/kampfansage-an-globalisten-trump-schaltet-sich-beim-weltwirtschaftsforum-in-davos-zu\/#breadcrumb\"},\"inLanguage\":\"de\",\"potentialAction\":[{\"@type\":\"ReadAction\",\"target\":[\"https:\/\/now-news.de\/de\/deutschland\/kampfansage-an-globalisten-trump-schaltet-sich-beim-weltwirtschaftsforum-in-davos-zu\/\"]}]},{\"@type\":\"ImageObject\",\"inLanguage\":\"de\",\"@id\":\"https:\/\/now-news.de\/de\/deutschland\/kampfansage-an-globalisten-trump-schaltet-sich-beim-weltwirtschaftsforum-in-davos-zu\/#primaryimage\",\"url\":\"https:\/\/now-news.de\/de\/wp-content\/uploads\/sites\/3\/2025\/01\/Kampfansage-an-Globalisten-Trump-schaltet-sich-beim-Weltwirtschaftsforum-in-Davos.jpg\",\"contentUrl\":\"https:\/\/now-news.de\/de\/wp-content\/uploads\/sites\/3\/2025\/01\/Kampfansage-an-Globalisten-Trump-schaltet-sich-beim-Weltwirtschaftsforum-in-Davos.jpg\",\"width\":460,\"height\":259,\"caption\":\"Kampfansage an Globalisten? Trump schaltet sich beim Weltwirtschaftsforum in Davos zu\"},{\"@type\":\"BreadcrumbList\",\"@id\":\"https:\/\/now-news.de\/de\/deutschland\/kampfansage-an-globalisten-trump-schaltet-sich-beim-weltwirtschaftsforum-in-davos-zu\/#breadcrumb\",\"itemListElement\":[{\"@type\":\"ListItem\",\"position\":1,\"name\":\"Home\",\"item\":\"https:\/\/now-news.de\/de\/\"},{\"@type\":\"ListItem\",\"position\":2,\"name\":\"Kampfansage an Globalisten? Trump schaltet sich beim Weltwirtschaftsforum in Davos zu\"}]},{\"@type\":\"WebSite\",\"@id\":\"https:\/\/now-news.de\/de\/#website\",\"url\":\"https:\/\/now-news.de\/de\/\",\"name\":\"just-now.NEWS Deutschland\",\"description\":\"Das Portal f\u00fcr unzensierte Nachrichten aus der Welt\",\"publisher\":{\"@id\":\"https:\/\/now-news.de\/de\/#organization\"},\"potentialAction\":[{\"@type\":\"SearchAction\",\"target\":{\"@type\":\"EntryPoint\",\"urlTemplate\":\"https:\/\/now-news.de\/de\/?s={search_term_string}\"},\"query-input\":\"required name=search_term_string\"}],\"inLanguage\":\"de\"},{\"@type\":\"Organization\",\"@id\":\"https:\/\/now-news.de\/de\/#organization\",\"name\":\"Just Now News\",\"url\":\"https:\/\/now-news.de\/de\/\",\"logo\":{\"@type\":\"ImageObject\",\"inLanguage\":\"de\",\"@id\":\"https:\/\/now-news.de\/de\/#\/schema\/logo\/image\/\",\"url\":\"http:\/\/just-now.news\/de\/wp-content\/uploads\/sites\/3\/2022\/04\/logo500x500.jpg\",\"contentUrl\":\"http:\/\/just-now.news\/de\/wp-content\/uploads\/sites\/3\/2022\/04\/logo500x500.jpg\",\"width\":500,\"height\":500,\"caption\":\"Just Now News\"},\"image\":{\"@id\":\"https:\/\/now-news.de\/de\/#\/schema\/logo\/image\/\"},\"sameAs\":[\"https:\/\/www.facebook.com\/wirmachenauf\",\"https:\/\/x.com\/WirMachenAuf_de\"]},{\"@type\":\"Person\",\"@id\":\"https:\/\/now-news.de\/de\/#\/schema\/person\/fb534a4e865501d8b3285208df34a9b5\",\"name\":\"rtnews\",\"image\":{\"@type\":\"ImageObject\",\"inLanguage\":\"de\",\"@id\":\"https:\/\/now-news.de\/de\/#\/schema\/person\/image\/\",\"url\":\"https:\/\/secure.gravatar.com\/avatar\/82aafea7d8127119dd649515f56e2117?s=96&d=mm&r=g\",\"contentUrl\":\"https:\/\/secure.gravatar.com\/avatar\/82aafea7d8127119dd649515f56e2117?s=96&d=mm&r=g\",\"caption\":\"rtnews\"},\"url\":\"https:\/\/now-news.de\/de\/author\/rnews\/\"}]}<\/script>\n<!-- \/ Yoast SEO Premium plugin. -->","yoast_head_json":{"title":"Kampfansage an Globalisten? Trump schaltet sich beim Weltwirtschaftsforum in Davos zu - just-now.NEWS Deutschland","robots":{"index":"index","follow":"follow","max-snippet":"max-snippet:-1","max-image-preview":"max-image-preview:large","max-video-preview":"max-video-preview:-1"},"canonical":"https:\/\/now-news.de\/de\/deutschland\/kampfansage-an-globalisten-trump-schaltet-sich-beim-weltwirtschaftsforum-in-davos-zu\/","og_locale":"de_DE","og_type":"article","og_title":"Kampfansage an Globalisten? Trump schaltet sich beim Weltwirtschaftsforum in Davos zu","og_description":"Trump hat seine Entschlossenheit gezeigt, die wirtschaftlichen Interessen der USA mit unerbittlicher H\u00e4rte durchzusetzen. Er ist kein &#8220;Davos Man&#8221;, der beim WEF die &#8220;Vorteile&#8221; einer integrierten Weltwirtschaft predigt. Seit Tagen redet Davos \u00fcber kaum etwas anderes als Donald Trump. Heute\u00a0spricht der frisch vereidigte US-Pr\u00e4sident selbst zu den Topmanagern und Politikgr\u00f6\u00dfen beim\u00a0Weltwirtschaftsforum. Am sp\u00e4ten Nachmittag wird\u00a0Trump [&hellip;]","og_url":"https:\/\/now-news.de\/de\/deutschland\/kampfansage-an-globalisten-trump-schaltet-sich-beim-weltwirtschaftsforum-in-davos-zu\/","og_site_name":"just-now.NEWS Deutschland","article_publisher":"https:\/\/www.facebook.com\/wirmachenauf","article_published_time":"2025-01-23T10:07:59+00:00","og_image":[{"url":"https:\/\/now-news.de\/de\/wp-content\/uploads\/sites\/3\/2025\/01\/6792056bb480cc130b662961.jpg"}],"author":"rtnews","twitter_card":"summary_large_image","twitter_creator":"@WirMachenAuf_de","twitter_site":"@WirMachenAuf_de","twitter_misc":{"Verfasst von":"rtnews","Gesch\u00e4tzte Lesezeit":"2\u00a0Minuten"},"schema":{"@context":"https:\/\/schema.org","@graph":[{"@type":"Article","@id":"https:\/\/now-news.de\/de\/deutschland\/kampfansage-an-globalisten-trump-schaltet-sich-beim-weltwirtschaftsforum-in-davos-zu\/#article","isPartOf":{"@id":"https:\/\/now-news.de\/de\/deutschland\/kampfansage-an-globalisten-trump-schaltet-sich-beim-weltwirtschaftsforum-in-davos-zu\/"},"author":{"name":"rtnews","@id":"https:\/\/now-news.de\/de\/#\/schema\/person\/fb534a4e865501d8b3285208df34a9b5"},"headline":"Kampfansage an Globalisten? Trump schaltet sich beim Weltwirtschaftsforum in Davos zu","datePublished":"2025-01-23T10:07:59+00:00","dateModified":"2025-01-23T10:07:59+00:00","mainEntityOfPage":{"@id":"https:\/\/now-news.de\/de\/deutschland\/kampfansage-an-globalisten-trump-schaltet-sich-beim-weltwirtschaftsforum-in-davos-zu\/"},"wordCount":407,"commentCount":0,"publisher":{"@id":"https:\/\/now-news.de\/de\/#organization"},"image":{"@id":"https:\/\/now-news.de\/de\/deutschland\/kampfansage-an-globalisten-trump-schaltet-sich-beim-weltwirtschaftsforum-in-davos-zu\/#primaryimage"},"thumbnailUrl":"https:\/\/now-news.de\/de\/wp-content\/uploads\/sites\/3\/2025\/01\/Kampfansage-an-Globalisten-Trump-schaltet-sich-beim-Weltwirtschaftsforum-in-Davos.jpg","keywords":["beim","Davos","Globalisten","Kampfansage","schaltet","sich","trump","Weltwirtschaftsforum"],"articleSection":["Deutschland","Russland"],"inLanguage":"de","potentialAction":[{"@type":"CommentAction","name":"Comment","target":["https:\/\/now-news.de\/de\/deutschland\/kampfansage-an-globalisten-trump-schaltet-sich-beim-weltwirtschaftsforum-in-davos-zu\/#respond"]}]},{"@type":"WebPage","@id":"https:\/\/now-news.de\/de\/deutschland\/kampfansage-an-globalisten-trump-schaltet-sich-beim-weltwirtschaftsforum-in-davos-zu\/","url":"https:\/\/now-news.de\/de\/deutschland\/kampfansage-an-globalisten-trump-schaltet-sich-beim-weltwirtschaftsforum-in-davos-zu\/","name":"Kampfansage an Globalisten? Trump schaltet sich beim Weltwirtschaftsforum in Davos zu - just-now.NEWS Deutschland","isPartOf":{"@id":"https:\/\/now-news.de\/de\/#website"},"primaryImageOfPage":{"@id":"https:\/\/now-news.de\/de\/deutschland\/kampfansage-an-globalisten-trump-schaltet-sich-beim-weltwirtschaftsforum-in-davos-zu\/#primaryimage"},"image":{"@id":"https:\/\/now-news.de\/de\/deutschland\/kampfansage-an-globalisten-trump-schaltet-sich-beim-weltwirtschaftsforum-in-davos-zu\/#primaryimage"},"thumbnailUrl":"https:\/\/now-news.de\/de\/wp-content\/uploads\/sites\/3\/2025\/01\/Kampfansage-an-Globalisten-Trump-schaltet-sich-beim-Weltwirtschaftsforum-in-Davos.jpg","datePublished":"2025-01-23T10:07:59+00:00","dateModified":"2025-01-23T10:07:59+00:00","breadcrumb":{"@id":"https:\/\/now-news.de\/de\/deutschland\/kampfansage-an-globalisten-trump-schaltet-sich-beim-weltwirtschaftsforum-in-davos-zu\/#breadcrumb"},"inLanguage":"de","potentialAction":[{"@type":"ReadAction","target":["https:\/\/now-news.de\/de\/deutschland\/kampfansage-an-globalisten-trump-schaltet-sich-beim-weltwirtschaftsforum-in-davos-zu\/"]}]},{"@type":"ImageObject","inLanguage":"de","@id":"https:\/\/now-news.de\/de\/deutschland\/kampfansage-an-globalisten-trump-schaltet-sich-beim-weltwirtschaftsforum-in-davos-zu\/#primaryimage","url":"https:\/\/now-news.de\/de\/wp-content\/uploads\/sites\/3\/2025\/01\/Kampfansage-an-Globalisten-Trump-schaltet-sich-beim-Weltwirtschaftsforum-in-Davos.jpg","contentUrl":"https:\/\/now-news.de\/de\/wp-content\/uploads\/sites\/3\/2025\/01\/Kampfansage-an-Globalisten-Trump-schaltet-sich-beim-Weltwirtschaftsforum-in-Davos.jpg","width":460,"height":259,"caption":"Kampfansage an Globalisten? Trump schaltet sich beim Weltwirtschaftsforum in Davos zu"},{"@type":"BreadcrumbList","@id":"https:\/\/now-news.de\/de\/deutschland\/kampfansage-an-globalisten-trump-schaltet-sich-beim-weltwirtschaftsforum-in-davos-zu\/#breadcrumb","itemListElement":[{"@type":"ListItem","position":1,"name":"Home","item":"https:\/\/now-news.de\/de\/"},{"@type":"ListItem","position":2,"name":"Kampfansage an Globalisten? Trump schaltet sich beim Weltwirtschaftsforum in Davos zu"}]},{"@type":"WebSite","@id":"https:\/\/now-news.de\/de\/#website","url":"https:\/\/now-news.de\/de\/","name":"just-now.NEWS Deutschland","description":"Das Portal f\u00fcr unzensierte Nachrichten aus der Welt","publisher":{"@id":"https:\/\/now-news.de\/de\/#organization"},"potentialAction":[{"@type":"SearchAction","target":{"@type":"EntryPoint","urlTemplate":"https:\/\/now-news.de\/de\/?s={search_term_string}"},"query-input":"required name=search_term_string"}],"inLanguage":"de"},{"@type":"Organization","@id":"https:\/\/now-news.de\/de\/#organization","name":"Just Now News","url":"https:\/\/now-news.de\/de\/","logo":{"@type":"ImageObject","inLanguage":"de","@id":"https:\/\/now-news.de\/de\/#\/schema\/logo\/image\/","url":"http:\/\/just-now.news\/de\/wp-content\/uploads\/sites\/3\/2022\/04\/logo500x500.jpg","contentUrl":"http:\/\/just-now.news\/de\/wp-content\/uploads\/sites\/3\/2022\/04\/logo500x500.jpg","width":500,"height":500,"caption":"Just Now News"},"image":{"@id":"https:\/\/now-news.de\/de\/#\/schema\/logo\/image\/"},"sameAs":["https:\/\/www.facebook.com\/wirmachenauf","https:\/\/x.com\/WirMachenAuf_de"]},{"@type":"Person","@id":"https:\/\/now-news.de\/de\/#\/schema\/person\/fb534a4e865501d8b3285208df34a9b5","name":"rtnews","image":{"@type":"ImageObject","inLanguage":"de","@id":"https:\/\/now-news.de\/de\/#\/schema\/person\/image\/","url":"https:\/\/secure.gravatar.com\/avatar\/82aafea7d8127119dd649515f56e2117?s=96&d=mm&r=g","contentUrl":"https:\/\/secure.gravatar.com\/avatar\/82aafea7d8127119dd649515f56e2117?s=96&d=mm&r=g","caption":"rtnews"},"url":"https:\/\/now-news.de\/de\/author\/rnews\/"}]}},"_links":{"self":[{"href":"https:\/\/now-news.de\/de\/wp-json\/wp\/v2\/posts\/77011"}],"collection":[{"href":"https:\/\/now-news.de\/de\/wp-json\/wp\/v2\/posts"}],"about":[{"href":"https:\/\/now-news.de\/de\/wp-json\/wp\/v2\/types\/post"}],"author":[{"embeddable":true,"href":"https:\/\/now-news.de\/de\/wp-json\/wp\/v2\/users\/3"}],"replies":[{"embeddable":true,"href":"https:\/\/now-news.de\/de\/wp-json\/wp\/v2\/comments?post=77011"}],"version-history":[{"count":0,"href":"https:\/\/now-news.de\/de\/wp-json\/wp\/v2\/posts\/77011\/revisions"}],"wp:featuredmedia":[{"embeddable":true,"href":"https:\/\/now-news.de\/de\/wp-json\/wp\/v2\/media\/77012"}],"wp:attachment":[{"href":"https:\/\/now-news.de\/de\/wp-json\/wp\/v2\/media?parent=77011"}],"wp:term":[{"taxonomy":"category","embeddable":true,"href":"https:\/\/now-news.de\/de\/wp-json\/wp\/v2\/categories?post=77011"},{"taxonomy":"post_tag","embeddable":true,"href":"https:\/\/now-news.de\/de\/wp-json\/wp\/v2\/tags?post=77011"}],"curies":[{"name":"wp","href":"https:\/\/api.w.org\/{rel}","templated":true}]}}