{"id":77002,"date":"2025-01-23T07:00:00","date_gmt":"2025-01-23T05:00:00","guid":{"rendered":"https:\/\/now-news.de\/de\/deutschland\/spieglein-spieglein-an-der-wand-wer-hat-die-meisten-kkws-im-land\/"},"modified":"2025-01-23T07:00:00","modified_gmt":"2025-01-23T05:00:00","slug":"spieglein-spieglein-an-der-wand-wer-hat-die-meisten-kkws-im-land","status":"publish","type":"post","link":"https:\/\/now-news.de\/de\/deutschland\/spieglein-spieglein-an-der-wand-wer-hat-die-meisten-kkws-im-land\/","title":{"rendered":"Spieglein, Spieglein an der Wand: Wer hat die meisten KKWs im Land?"},"content":{"rendered":"<p><img decoding=\"async\" src=\"https:\/\/now-news.de\/de\/wp-content\/uploads\/sites\/3\/2025\/01\/6791234eb480cc59a13e46fe.jpg\" \/><\/p>\n<div class=\"Text-root Text-type_1 \">\n                W\u00e4hrend die Klimaretter, im Schatten der ausgeschalteten Ampel, in deutschen sozialen Medien widerborstig versuchen, Berlins Atomausstieg mit selektiver Statistikl\u00fcge zu feiern, ist der Rest der Welt in neuer Erweckung gegen\u00fcber der Kernkraft. Wer aber dominiert diese?\n            <\/div>\n<p><\/p>\n<div class=\"Text-root Text-type_5 ArticleView-text ViewText-root \">\n<p><em>Von Elem Chintsky <\/em><\/p>\n<p>Ein neuer Bericht der Internationalen Energieagentur (IEA) namens &#8220;A New Era for Nuclear Power&#8221;\u00a0<a rel=\"nofollow noopener\" target=\"_blank\" href=\"https:\/\/www.iea.org\/reports\/the-path-to-a-new-era-for-nuclear-energy\/executive-summary\">fixiert<\/a>, dass das Interesse f\u00fcr Kernenergie nicht nur weltweit steigt \u2013 sondern diese seit der Erd\u00f6lkrise der 1970er-Jahre nicht mehr so hoch gewesen sei. Vorweg sollte angemerkt sein, dass\u00a0<a rel=\"nofollow noopener\" target=\"_blank\" href=\"https:\/\/de.wikipedia.org\/wiki\/Internationale_Energieagentur\">die IEA<\/a>\u00a0nicht mit\u00a0<a rel=\"nofollow noopener\" target=\"_blank\" href=\"https:\/\/de.wikipedia.org\/wiki\/Internationale_Atomenergie-Organisation\">der IAEO<\/a>\u00a0(Internationale Atomenergie-Organisation) verwechselt werden sollte. Im Gegensatz zur IAEO, ist Russland bei der in Paris ans\u00e4ssigen IEA kein Mitgliedsstaat (selbst China gilt lediglich als &#8220;assoziiertes Land&#8221;).<\/p>\n<p>Bei knapp \u00fcber 92 Prozent aller derzeit und seit mehreren Jahren gebauten Kernkraftwerke auf der Welt handelt es sich unmissverst\u00e4ndlich um russische oder chinesische Technologie. So hei\u00dft es wortw\u00f6rtlich im Bericht:<\/p>\n<blockquote>\n<p><em>&#8220;Derzeit h\u00e4ngt die Wiederbelebung der Kernenergie stark von der chinesischen und russischen Technologie ab. Von den 52 Reaktoren, die seit 2017 weltweit in Bau gegangen sind, wurden 25 in China und 23 in Russland entwickelt.&#8221;<\/em><\/p>\n<\/blockquote>\n<p>Das Papier gilt auch als Warnung an die westlichen Nationen, wenn die IEA darin postuliert, dass die <em>&#8220;stark konzentrierten M\u00e4rkte f\u00fcr Nukleartechnologie sowie Uranproduktion und -anreicherung einen Risikofaktor f\u00fcr die Zukunft darstellen&#8221;<\/em>. Diese Marktdominanz <em>&#8220;unterstreicht die Notwendigkeit einer gr\u00f6\u00dferen Vielfalt in den Lieferketten&#8221;<\/em>, so die Agentur. Au\u00dferdem ist mit der Wortwahl &#8220;Risikofaktor f\u00fcr die Zukunft&#8221; selbstredend die &#8220;hegemoniale Zukunft des Westens&#8221; beziehungsweise die &#8220;hegemoniale Zukunft westlicher Dominanz&#8221; gemeint.<\/p>\n<p>Die Rede ist von der &#8220;Verschiebung der Marktf\u00fchrerschaft&#8221;, welche aber entgegen der Wirkung, die die IEA in ihrer bem\u00fchten Formulierung erstrebt, bereits seit l\u00e4ngerem zuungunsten des Westens verschoben ist. So befindet sich die H\u00e4lfte der heute im Bau befindlichen Projekte in der Volksrepublik China. Laut der IEA wird Peking bis 2030 sowohl die USA als auch die EU bei der installierten Kernkraft-Kapazit\u00e4t \u00fcberholen. Diese Sch\u00e4tzung k\u00f6nnte unter gewissen Umst\u00e4nden sogar viel zu gro\u00dfz\u00fcgig gegen\u00fcber dem Westen sein. Besonders gilt das, falls die AfD ab 2025 nicht in Regierungsverantwortung treten sollte und Europas Motor (die in Deutschland recht bekannte Bundesrepublik) weiter auf dem hyper-nachhaltigen, <a rel=\"nofollow noopener\" target=\"_blank\" href=\"https:\/\/dert.site\/kurzclips\/video\/233454-untersuchungsausschuss-scholz-verteidigt-atomausstieg-habeck\/\">Harakiri<\/a>-zuf\u00fchrenden Klimam\u00e4rchen stagnieren bleibt \u2013 also ihr der souver\u00e4ne Zugang zur Atomenergie weiterhin selbst verschuldet verwehrt bleibt.<\/p>\n<p>Zudem ist noch die Rede von Kapazit\u00e4ten der Urananreicherung. Sie sind ebenfalls stark konzentriert: Mehr als 99 Prozent entfallen auf vier Anbieter, wobei Moskau 40 Prozent der weltweit betriebenen Anreicherung stellt.<\/p>\n<p>Die Ursachen f\u00fcr die obigen Symptome benennt die IEA recht absehbar: \u00dcberh\u00f6hte Ausgaben und Verz\u00f6gerungen bei Kernenergie-Projekten, die es tats\u00e4chlich durch die B\u00fcrokratie der EU und der USA schaffen sowie insgesamt geringe staatliche Unterst\u00fctzung bei allen restlichen, potenziellen Projekten. Japan, Korea, Europa und die USA werden aufgefordert, die Entwicklung der Kerntechnik voranzutreiben, um den Markt von Russland und China zur\u00fcckzuerobern.<\/p>\n<p>Im Klartext hei\u00dft das, dass der politische Wille gegenw\u00e4rtig fehlt. Schon wieder r\u00fcckt &#8220;der Rechtsruck&#8221; in den Vordergrund. Ist dieser wirklich der einzige, der eine erneute Wende erwirken k\u00f6nnte? Die CDU unter Merz versucht sich in der M\u00fche, unter m\u00f6glichen W\u00e4hlern Glaubw\u00fcrdigkeit und Authentizit\u00e4t zu erschleichen, offen zu zeigen, f\u00fcr das &#8220;hypothetische Pr\u00fcfen einer erneuten Aufnahme des Kernkraftbetriebs&#8221;. Keine andere Partei, au\u00dfer die AfD, w\u00fcrde dies jedoch in einer von der CDU gef\u00fchrten Regierungskoalition erm\u00f6glichen. Man nehme also auch die allgemeine Brandmauer Merzens zur AfD und seinen Wunsch, mit den Gr\u00fcnen zusammenarbeiten zu wollen, um die nuklearen Lippenbekenntnisse der Christdemokraten als Heuchelei zu entlarven. F\u00fcr Sahra Wagenknecht und ihre Bewegung sei die langfristige Technologie zwar weitestgehend und theoretisch in der Langfrist interessant, aber die Wiederaufnahme der Kernenergie-Nutzung f\u00fcr die n\u00e4chsten Jahre sei eher &#8220;Unsinn&#8221;. Konkret in der Kernenergie-Frage oszillieren die Anzeichen f\u00fcr einen Willen zur &#8220;erneuten Energiewende&#8221; ausschlie\u00dflich um die AfD.\u00a0<\/p>\n<p>Wie l\u00e4uft es aber bei den westlichen Nationen, die sich dahingehend noch nicht selbst ins Knie geschossen haben, wie Berlin es seit 2011 und schlussendlich ab Mitte April 2023 tat? Dahingehend gibt der IEA-Chef Fatih Birol zu, dass die franz\u00f6sischen und US-amerikanischen Atomprojekte nur mit einer durchschnittlichen Verz\u00f6gerung von acht Jahren umgesetzt werden \u2013 wobei die tats\u00e4chlichen Kosten 250 Prozent h\u00f6her sind als urspr\u00fcnglich angesetzt. In solche Zeitfenster passen ganze zwei (deutsche oder US-amerikanische) Legislaturperioden, wo zur Halbzeit erneut &#8220;eine Energiewende&#8221; erzwungen werden k\u00f6nnte.<\/p>\n<p>Die armselige Performance westlicher Nuklear-Riesen scheint demnach so attraktiv zu sein, dass das ukrainische Staatsunternehmen Energoatom seine sich weiter verst\u00e4rkende Zusammenarbeit mit dem US-amerikanischen Westinghouse Electric Company\u00a0<a rel=\"nofollow noopener\" target=\"_blank\" href=\"https:\/\/ceenergynews.com\/nuclear\/energoatom-nuclear-fuel-westinghouse-licence\/\">unterstrichen hat<\/a>\u00a0\u2013 eine Partnerschaft, deren Beginn auf\u00a0<a rel=\"nofollow noopener\" target=\"_blank\" href=\"https:\/\/ceenergynews.com\/nuclear\/energoatom-signs-contract-with-westinghouse-for-the-diversification-of-nuclear-fuel-supply\/\">2021\u00a0<\/a>oder sogar\u00a0<a rel=\"nofollow noopener\" target=\"_blank\" href=\"https:\/\/www.neimagazine.com\/news\/ukraine-signs-new-fuel-contract-with-westinghouse-6043909\/\">2018<\/a>\u00a0zur\u00fcckgeht. Dasselbe Energoatom, welches einst alle ukrainischen KWs betrieben hat, verlor im Oktober 2022 die Kontrolle des Kernkraftwerks Saporoschje an die Russen. Somit ist auch der milit\u00e4rische Konflikt in der Ukraine um genau diesen Aspekt zus\u00e4tzlich kontextualisiert. Das alleine kann aber die dramatische\u00a0<a rel=\"nofollow noopener\" target=\"_blank\" href=\"https:\/\/www.washingtonpost.com\/politics\/2022\/04\/20\/does-russia-sell-nearly-1-billion-uranium-us-year\/\">Abh\u00e4ngigkeit der USA<\/a>\u00a0von dem von Rosatom gelieferten, angereicherten Uran nicht lindern. Des Weiteren akquirierte der chinesische Staat bereits im Jahr 2006 die AP1000-Reaktor-Technologie von der US-amerikanischen Westinghouse, mit der nun in der Ukraine, Polen oder Bulgarien neue Energieprojekte beabsichtigt sind.<\/p>\n<p>Aufgrund dieser multiplen Abh\u00e4ngigkeiten ist es umso schwieriger, solche Warnungen vor einer russisch-chinesischen Marktdominanz, wie sie von der IEA ausgesprochen werden, zu \u00fcberwinden.\u00a0<\/p>\n<p><em><strong>Elem Chintsky<\/strong> ist ein deutsch-polnischer Journalist, der zu geopolitischen, historischen, finanziellen und kulturellen Themen schreibt. Die fruchtbare Zusammenarbeit mit RT DE besteht seit 2017. Seit Anfang 2020 lebt und arbeitet der freischaffende Autor im russischen Sankt Petersburg. Der urspr\u00fcnglich als Filmregisseur und Drehbuchautor ausgebildete Chintsky betreibt au\u00dferdem einen eigenen\u00a0<a rel=\"nofollow noopener\" target=\"_blank\" href=\"https:\/\/t.me\/elemread\">Kanal auf Telegram<\/a>, auf dem man noch mehr von ihm lesen kann.<\/em><\/p>\n<p><strong>Mehr zum Thema<\/strong> &#8211; <a rel=\"nofollow noopener\" target=\"_blank\" href=\"https:\/\/dert.site\/international\/233009-rosatom-chef-nennt-us-sanktionen\/\">Rosatom-Chef: US-Sanktionen nur &#8220;Anerkennung unserer Verdienste&#8221;<\/a><\/p>\n<div class=\"EmbedBlock-root EmbedBlock-externalVideo EmbedBlock-rumble\">\n<div class=\"VkEmbed\"><iframe class=\"lazyload\" data-src=\"https:\/\/rumble.com\/embed\/v69wdds\" frameborder=\"0\" width=\"853\" height=\"480\" allowfullscreen><\/iframe><\/div>\n<\/div>\n<\/div>\n<p><br \/>\n<br \/><a href=\"https:\/\/de.rt.com\/inland\/233928-spieglein-spieglein-an-wand-wer\/\">Source link <\/a><\/p>\n","protected":false},"excerpt":{"rendered":"<p>W\u00e4hrend die Klimaretter, im Schatten der ausgeschalteten Ampel, in deutschen sozialen Medien widerborstig versuchen, Berlins Atomausstieg mit selektiver Statistikl\u00fcge zu feiern, ist der Rest der Welt in neuer Erweckung gegen\u00fcber der Kernkraft. Wer aber dominiert diese? Von Elem Chintsky Ein neuer Bericht der Internationalen Energieagentur (IEA) namens &#8220;A New Era for Nuclear Power&#8221;\u00a0fixiert, dass das [&hellip;]<\/p>\n","protected":false},"author":3,"featured_media":77003,"comment_status":"open","ping_status":"open","sticky":false,"template":"","format":"standard","meta":{"_yoast_indexnow_last_ping":["1737609294"],"wp_automatic_camp":["217"],"77b033504e6e5c3cc5440dc47653d699":["Spieglein, Spieglein an der Wand: Wer hat die meisten KKWs im Land?"],"original_link":["https:\/\/de.rt.com\/inland\/233928-spieglein-spieglein-an-wand-wer\/"],"_thumbnail_id":["77003"],"_wptgpro_p2tg_sent2tg":["a:1:{i:23737;s:19:\"2025-01-23 07:16:11\";}"],"jnews_social_counter_last_update":["1777183321"]},"categories":[19,23],"tags":[82,45,423,62138,7414,22491,40133,2854,8965],"yoast_head":"<!-- This site is optimized with the Yoast SEO Premium plugin v22.7 (Yoast SEO v22.7) - https:\/\/yoast.com\/wordpress\/plugins\/seo\/ -->\n<title>Spieglein, Spieglein an der Wand: Wer hat die meisten KKWs im Land? - just-now.NEWS Deutschland<\/title>\n<meta name=\"robots\" content=\"index, follow, max-snippet:-1, max-image-preview:large, max-video-preview:-1\" \/>\n<link rel=\"canonical\" href=\"https:\/\/now-news.de\/de\/deutschland\/spieglein-spieglein-an-der-wand-wer-hat-die-meisten-kkws-im-land\/\" \/>\n<meta property=\"og:locale\" content=\"de_DE\" \/>\n<meta property=\"og:type\" content=\"article\" \/>\n<meta property=\"og:title\" content=\"Spieglein, Spieglein an der Wand: Wer hat die meisten KKWs im Land?\" \/>\n<meta property=\"og:description\" content=\"W\u00e4hrend die Klimaretter, im Schatten der ausgeschalteten Ampel, in deutschen sozialen Medien widerborstig versuchen, Berlins Atomausstieg mit selektiver Statistikl\u00fcge zu feiern, ist der Rest der Welt in neuer Erweckung gegen\u00fcber der Kernkraft. Wer aber dominiert diese? Von Elem Chintsky Ein neuer Bericht der Internationalen Energieagentur (IEA) namens &#8220;A New Era for Nuclear Power&#8221;\u00a0fixiert, dass das [&hellip;]\" \/>\n<meta property=\"og:url\" content=\"https:\/\/now-news.de\/de\/deutschland\/spieglein-spieglein-an-der-wand-wer-hat-die-meisten-kkws-im-land\/\" \/>\n<meta property=\"og:site_name\" content=\"just-now.NEWS Deutschland\" \/>\n<meta property=\"article:publisher\" content=\"https:\/\/www.facebook.com\/wirmachenauf\" \/>\n<meta property=\"article:published_time\" content=\"2025-01-23T05:00:00+00:00\" \/>\n<meta property=\"og:image\" content=\"https:\/\/now-news.de\/de\/wp-content\/uploads\/sites\/3\/2025\/01\/6791234eb480cc59a13e46fe.jpg\" \/>\n<meta name=\"author\" content=\"rtnews\" \/>\n<meta name=\"twitter:card\" content=\"summary_large_image\" \/>\n<meta name=\"twitter:creator\" content=\"@WirMachenAuf_de\" \/>\n<meta name=\"twitter:site\" content=\"@WirMachenAuf_de\" \/>\n<meta name=\"twitter:label1\" content=\"Verfasst von\" \/>\n\t<meta name=\"twitter:data1\" content=\"rtnews\" \/>\n\t<meta name=\"twitter:label2\" content=\"Gesch\u00e4tzte Lesezeit\" \/>\n\t<meta name=\"twitter:data2\" content=\"5\u00a0Minuten\" \/>\n<script type=\"application\/ld+json\" class=\"yoast-schema-graph\">{\"@context\":\"https:\/\/schema.org\",\"@graph\":[{\"@type\":\"Article\",\"@id\":\"https:\/\/now-news.de\/de\/deutschland\/spieglein-spieglein-an-der-wand-wer-hat-die-meisten-kkws-im-land\/#article\",\"isPartOf\":{\"@id\":\"https:\/\/now-news.de\/de\/deutschland\/spieglein-spieglein-an-der-wand-wer-hat-die-meisten-kkws-im-land\/\"},\"author\":{\"name\":\"rtnews\",\"@id\":\"https:\/\/now-news.de\/de\/#\/schema\/person\/fb534a4e865501d8b3285208df34a9b5\"},\"headline\":\"Spieglein, Spieglein an der Wand: Wer hat die meisten KKWs im Land?\",\"datePublished\":\"2025-01-23T05:00:00+00:00\",\"dateModified\":\"2025-01-23T05:00:00+00:00\",\"mainEntityOfPage\":{\"@id\":\"https:\/\/now-news.de\/de\/deutschland\/spieglein-spieglein-an-der-wand-wer-hat-die-meisten-kkws-im-land\/\"},\"wordCount\":979,\"commentCount\":0,\"publisher\":{\"@id\":\"https:\/\/now-news.de\/de\/#organization\"},\"image\":{\"@id\":\"https:\/\/now-news.de\/de\/deutschland\/spieglein-spieglein-an-der-wand-wer-hat-die-meisten-kkws-im-land\/#primaryimage\"},\"thumbnailUrl\":\"https:\/\/now-news.de\/de\/wp-content\/uploads\/sites\/3\/2025\/01\/Spieglein-Spieglein-an-der-Wand-Wer-hat-die-meisten-KKWs.jpg\",\"keywords\":[\"der\",\"die\",\"hat\",\"KKWs\",\"Land\",\"meisten\",\"Spieglein\",\"Wand\",\"Wer\"],\"articleSection\":[\"Deutschland\",\"Russland\"],\"inLanguage\":\"de\",\"potentialAction\":[{\"@type\":\"CommentAction\",\"name\":\"Comment\",\"target\":[\"https:\/\/now-news.de\/de\/deutschland\/spieglein-spieglein-an-der-wand-wer-hat-die-meisten-kkws-im-land\/#respond\"]}]},{\"@type\":\"WebPage\",\"@id\":\"https:\/\/now-news.de\/de\/deutschland\/spieglein-spieglein-an-der-wand-wer-hat-die-meisten-kkws-im-land\/\",\"url\":\"https:\/\/now-news.de\/de\/deutschland\/spieglein-spieglein-an-der-wand-wer-hat-die-meisten-kkws-im-land\/\",\"name\":\"Spieglein, Spieglein an der Wand: Wer hat die meisten KKWs im Land? - just-now.NEWS Deutschland\",\"isPartOf\":{\"@id\":\"https:\/\/now-news.de\/de\/#website\"},\"primaryImageOfPage\":{\"@id\":\"https:\/\/now-news.de\/de\/deutschland\/spieglein-spieglein-an-der-wand-wer-hat-die-meisten-kkws-im-land\/#primaryimage\"},\"image\":{\"@id\":\"https:\/\/now-news.de\/de\/deutschland\/spieglein-spieglein-an-der-wand-wer-hat-die-meisten-kkws-im-land\/#primaryimage\"},\"thumbnailUrl\":\"https:\/\/now-news.de\/de\/wp-content\/uploads\/sites\/3\/2025\/01\/Spieglein-Spieglein-an-der-Wand-Wer-hat-die-meisten-KKWs.jpg\",\"datePublished\":\"2025-01-23T05:00:00+00:00\",\"dateModified\":\"2025-01-23T05:00:00+00:00\",\"breadcrumb\":{\"@id\":\"https:\/\/now-news.de\/de\/deutschland\/spieglein-spieglein-an-der-wand-wer-hat-die-meisten-kkws-im-land\/#breadcrumb\"},\"inLanguage\":\"de\",\"potentialAction\":[{\"@type\":\"ReadAction\",\"target\":[\"https:\/\/now-news.de\/de\/deutschland\/spieglein-spieglein-an-der-wand-wer-hat-die-meisten-kkws-im-land\/\"]}]},{\"@type\":\"ImageObject\",\"inLanguage\":\"de\",\"@id\":\"https:\/\/now-news.de\/de\/deutschland\/spieglein-spieglein-an-der-wand-wer-hat-die-meisten-kkws-im-land\/#primaryimage\",\"url\":\"https:\/\/now-news.de\/de\/wp-content\/uploads\/sites\/3\/2025\/01\/Spieglein-Spieglein-an-der-Wand-Wer-hat-die-meisten-KKWs.jpg\",\"contentUrl\":\"https:\/\/now-news.de\/de\/wp-content\/uploads\/sites\/3\/2025\/01\/Spieglein-Spieglein-an-der-Wand-Wer-hat-die-meisten-KKWs.jpg\",\"width\":460,\"height\":259,\"caption\":\"Spieglein, Spieglein an der Wand: Wer hat die meisten KKWs im Land?\"},{\"@type\":\"BreadcrumbList\",\"@id\":\"https:\/\/now-news.de\/de\/deutschland\/spieglein-spieglein-an-der-wand-wer-hat-die-meisten-kkws-im-land\/#breadcrumb\",\"itemListElement\":[{\"@type\":\"ListItem\",\"position\":1,\"name\":\"Home\",\"item\":\"https:\/\/now-news.de\/de\/\"},{\"@type\":\"ListItem\",\"position\":2,\"name\":\"Spieglein, Spieglein an der Wand: Wer hat die meisten KKWs im Land?\"}]},{\"@type\":\"WebSite\",\"@id\":\"https:\/\/now-news.de\/de\/#website\",\"url\":\"https:\/\/now-news.de\/de\/\",\"name\":\"just-now.NEWS Deutschland\",\"description\":\"Das Portal f\u00fcr unzensierte Nachrichten aus der Welt\",\"publisher\":{\"@id\":\"https:\/\/now-news.de\/de\/#organization\"},\"potentialAction\":[{\"@type\":\"SearchAction\",\"target\":{\"@type\":\"EntryPoint\",\"urlTemplate\":\"https:\/\/now-news.de\/de\/?s={search_term_string}\"},\"query-input\":\"required name=search_term_string\"}],\"inLanguage\":\"de\"},{\"@type\":\"Organization\",\"@id\":\"https:\/\/now-news.de\/de\/#organization\",\"name\":\"Just Now News\",\"url\":\"https:\/\/now-news.de\/de\/\",\"logo\":{\"@type\":\"ImageObject\",\"inLanguage\":\"de\",\"@id\":\"https:\/\/now-news.de\/de\/#\/schema\/logo\/image\/\",\"url\":\"http:\/\/just-now.news\/de\/wp-content\/uploads\/sites\/3\/2022\/04\/logo500x500.jpg\",\"contentUrl\":\"http:\/\/just-now.news\/de\/wp-content\/uploads\/sites\/3\/2022\/04\/logo500x500.jpg\",\"width\":500,\"height\":500,\"caption\":\"Just Now News\"},\"image\":{\"@id\":\"https:\/\/now-news.de\/de\/#\/schema\/logo\/image\/\"},\"sameAs\":[\"https:\/\/www.facebook.com\/wirmachenauf\",\"https:\/\/x.com\/WirMachenAuf_de\"]},{\"@type\":\"Person\",\"@id\":\"https:\/\/now-news.de\/de\/#\/schema\/person\/fb534a4e865501d8b3285208df34a9b5\",\"name\":\"rtnews\",\"image\":{\"@type\":\"ImageObject\",\"inLanguage\":\"de\",\"@id\":\"https:\/\/now-news.de\/de\/#\/schema\/person\/image\/\",\"url\":\"https:\/\/secure.gravatar.com\/avatar\/82aafea7d8127119dd649515f56e2117?s=96&d=mm&r=g\",\"contentUrl\":\"https:\/\/secure.gravatar.com\/avatar\/82aafea7d8127119dd649515f56e2117?s=96&d=mm&r=g\",\"caption\":\"rtnews\"},\"url\":\"https:\/\/now-news.de\/de\/author\/rnews\/\"}]}<\/script>\n<!-- \/ Yoast SEO Premium plugin. -->","yoast_head_json":{"title":"Spieglein, Spieglein an der Wand: Wer hat die meisten KKWs im Land? - just-now.NEWS Deutschland","robots":{"index":"index","follow":"follow","max-snippet":"max-snippet:-1","max-image-preview":"max-image-preview:large","max-video-preview":"max-video-preview:-1"},"canonical":"https:\/\/now-news.de\/de\/deutschland\/spieglein-spieglein-an-der-wand-wer-hat-die-meisten-kkws-im-land\/","og_locale":"de_DE","og_type":"article","og_title":"Spieglein, Spieglein an der Wand: Wer hat die meisten KKWs im Land?","og_description":"W\u00e4hrend die Klimaretter, im Schatten der ausgeschalteten Ampel, in deutschen sozialen Medien widerborstig versuchen, Berlins Atomausstieg mit selektiver Statistikl\u00fcge zu feiern, ist der Rest der Welt in neuer Erweckung gegen\u00fcber der Kernkraft. Wer aber dominiert diese? Von Elem Chintsky Ein neuer Bericht der Internationalen Energieagentur (IEA) namens &#8220;A New Era for Nuclear Power&#8221;\u00a0fixiert, dass das [&hellip;]","og_url":"https:\/\/now-news.de\/de\/deutschland\/spieglein-spieglein-an-der-wand-wer-hat-die-meisten-kkws-im-land\/","og_site_name":"just-now.NEWS Deutschland","article_publisher":"https:\/\/www.facebook.com\/wirmachenauf","article_published_time":"2025-01-23T05:00:00+00:00","og_image":[{"url":"https:\/\/now-news.de\/de\/wp-content\/uploads\/sites\/3\/2025\/01\/6791234eb480cc59a13e46fe.jpg"}],"author":"rtnews","twitter_card":"summary_large_image","twitter_creator":"@WirMachenAuf_de","twitter_site":"@WirMachenAuf_de","twitter_misc":{"Verfasst von":"rtnews","Gesch\u00e4tzte Lesezeit":"5\u00a0Minuten"},"schema":{"@context":"https:\/\/schema.org","@graph":[{"@type":"Article","@id":"https:\/\/now-news.de\/de\/deutschland\/spieglein-spieglein-an-der-wand-wer-hat-die-meisten-kkws-im-land\/#article","isPartOf":{"@id":"https:\/\/now-news.de\/de\/deutschland\/spieglein-spieglein-an-der-wand-wer-hat-die-meisten-kkws-im-land\/"},"author":{"name":"rtnews","@id":"https:\/\/now-news.de\/de\/#\/schema\/person\/fb534a4e865501d8b3285208df34a9b5"},"headline":"Spieglein, Spieglein an der Wand: Wer hat die meisten KKWs im Land?","datePublished":"2025-01-23T05:00:00+00:00","dateModified":"2025-01-23T05:00:00+00:00","mainEntityOfPage":{"@id":"https:\/\/now-news.de\/de\/deutschland\/spieglein-spieglein-an-der-wand-wer-hat-die-meisten-kkws-im-land\/"},"wordCount":979,"commentCount":0,"publisher":{"@id":"https:\/\/now-news.de\/de\/#organization"},"image":{"@id":"https:\/\/now-news.de\/de\/deutschland\/spieglein-spieglein-an-der-wand-wer-hat-die-meisten-kkws-im-land\/#primaryimage"},"thumbnailUrl":"https:\/\/now-news.de\/de\/wp-content\/uploads\/sites\/3\/2025\/01\/Spieglein-Spieglein-an-der-Wand-Wer-hat-die-meisten-KKWs.jpg","keywords":["der","die","hat","KKWs","Land","meisten","Spieglein","Wand","Wer"],"articleSection":["Deutschland","Russland"],"inLanguage":"de","potentialAction":[{"@type":"CommentAction","name":"Comment","target":["https:\/\/now-news.de\/de\/deutschland\/spieglein-spieglein-an-der-wand-wer-hat-die-meisten-kkws-im-land\/#respond"]}]},{"@type":"WebPage","@id":"https:\/\/now-news.de\/de\/deutschland\/spieglein-spieglein-an-der-wand-wer-hat-die-meisten-kkws-im-land\/","url":"https:\/\/now-news.de\/de\/deutschland\/spieglein-spieglein-an-der-wand-wer-hat-die-meisten-kkws-im-land\/","name":"Spieglein, Spieglein an der Wand: Wer hat die meisten KKWs im Land? - just-now.NEWS Deutschland","isPartOf":{"@id":"https:\/\/now-news.de\/de\/#website"},"primaryImageOfPage":{"@id":"https:\/\/now-news.de\/de\/deutschland\/spieglein-spieglein-an-der-wand-wer-hat-die-meisten-kkws-im-land\/#primaryimage"},"image":{"@id":"https:\/\/now-news.de\/de\/deutschland\/spieglein-spieglein-an-der-wand-wer-hat-die-meisten-kkws-im-land\/#primaryimage"},"thumbnailUrl":"https:\/\/now-news.de\/de\/wp-content\/uploads\/sites\/3\/2025\/01\/Spieglein-Spieglein-an-der-Wand-Wer-hat-die-meisten-KKWs.jpg","datePublished":"2025-01-23T05:00:00+00:00","dateModified":"2025-01-23T05:00:00+00:00","breadcrumb":{"@id":"https:\/\/now-news.de\/de\/deutschland\/spieglein-spieglein-an-der-wand-wer-hat-die-meisten-kkws-im-land\/#breadcrumb"},"inLanguage":"de","potentialAction":[{"@type":"ReadAction","target":["https:\/\/now-news.de\/de\/deutschland\/spieglein-spieglein-an-der-wand-wer-hat-die-meisten-kkws-im-land\/"]}]},{"@type":"ImageObject","inLanguage":"de","@id":"https:\/\/now-news.de\/de\/deutschland\/spieglein-spieglein-an-der-wand-wer-hat-die-meisten-kkws-im-land\/#primaryimage","url":"https:\/\/now-news.de\/de\/wp-content\/uploads\/sites\/3\/2025\/01\/Spieglein-Spieglein-an-der-Wand-Wer-hat-die-meisten-KKWs.jpg","contentUrl":"https:\/\/now-news.de\/de\/wp-content\/uploads\/sites\/3\/2025\/01\/Spieglein-Spieglein-an-der-Wand-Wer-hat-die-meisten-KKWs.jpg","width":460,"height":259,"caption":"Spieglein, Spieglein an der Wand: Wer hat die meisten KKWs im Land?"},{"@type":"BreadcrumbList","@id":"https:\/\/now-news.de\/de\/deutschland\/spieglein-spieglein-an-der-wand-wer-hat-die-meisten-kkws-im-land\/#breadcrumb","itemListElement":[{"@type":"ListItem","position":1,"name":"Home","item":"https:\/\/now-news.de\/de\/"},{"@type":"ListItem","position":2,"name":"Spieglein, Spieglein an der Wand: Wer hat die meisten KKWs im Land?"}]},{"@type":"WebSite","@id":"https:\/\/now-news.de\/de\/#website","url":"https:\/\/now-news.de\/de\/","name":"just-now.NEWS Deutschland","description":"Das Portal f\u00fcr unzensierte Nachrichten aus der Welt","publisher":{"@id":"https:\/\/now-news.de\/de\/#organization"},"potentialAction":[{"@type":"SearchAction","target":{"@type":"EntryPoint","urlTemplate":"https:\/\/now-news.de\/de\/?s={search_term_string}"},"query-input":"required name=search_term_string"}],"inLanguage":"de"},{"@type":"Organization","@id":"https:\/\/now-news.de\/de\/#organization","name":"Just Now News","url":"https:\/\/now-news.de\/de\/","logo":{"@type":"ImageObject","inLanguage":"de","@id":"https:\/\/now-news.de\/de\/#\/schema\/logo\/image\/","url":"http:\/\/just-now.news\/de\/wp-content\/uploads\/sites\/3\/2022\/04\/logo500x500.jpg","contentUrl":"http:\/\/just-now.news\/de\/wp-content\/uploads\/sites\/3\/2022\/04\/logo500x500.jpg","width":500,"height":500,"caption":"Just Now News"},"image":{"@id":"https:\/\/now-news.de\/de\/#\/schema\/logo\/image\/"},"sameAs":["https:\/\/www.facebook.com\/wirmachenauf","https:\/\/x.com\/WirMachenAuf_de"]},{"@type":"Person","@id":"https:\/\/now-news.de\/de\/#\/schema\/person\/fb534a4e865501d8b3285208df34a9b5","name":"rtnews","image":{"@type":"ImageObject","inLanguage":"de","@id":"https:\/\/now-news.de\/de\/#\/schema\/person\/image\/","url":"https:\/\/secure.gravatar.com\/avatar\/82aafea7d8127119dd649515f56e2117?s=96&d=mm&r=g","contentUrl":"https:\/\/secure.gravatar.com\/avatar\/82aafea7d8127119dd649515f56e2117?s=96&d=mm&r=g","caption":"rtnews"},"url":"https:\/\/now-news.de\/de\/author\/rnews\/"}]}},"_links":{"self":[{"href":"https:\/\/now-news.de\/de\/wp-json\/wp\/v2\/posts\/77002"}],"collection":[{"href":"https:\/\/now-news.de\/de\/wp-json\/wp\/v2\/posts"}],"about":[{"href":"https:\/\/now-news.de\/de\/wp-json\/wp\/v2\/types\/post"}],"author":[{"embeddable":true,"href":"https:\/\/now-news.de\/de\/wp-json\/wp\/v2\/users\/3"}],"replies":[{"embeddable":true,"href":"https:\/\/now-news.de\/de\/wp-json\/wp\/v2\/comments?post=77002"}],"version-history":[{"count":0,"href":"https:\/\/now-news.de\/de\/wp-json\/wp\/v2\/posts\/77002\/revisions"}],"wp:featuredmedia":[{"embeddable":true,"href":"https:\/\/now-news.de\/de\/wp-json\/wp\/v2\/media\/77003"}],"wp:attachment":[{"href":"https:\/\/now-news.de\/de\/wp-json\/wp\/v2\/media?parent=77002"}],"wp:term":[{"taxonomy":"category","embeddable":true,"href":"https:\/\/now-news.de\/de\/wp-json\/wp\/v2\/categories?post=77002"},{"taxonomy":"post_tag","embeddable":true,"href":"https:\/\/now-news.de\/de\/wp-json\/wp\/v2\/tags?post=77002"}],"curies":[{"name":"wp","href":"https:\/\/api.w.org\/{rel}","templated":true}]}}