{"id":76970,"date":"2025-01-22T20:02:27","date_gmt":"2025-01-22T18:02:27","guid":{"rendered":"https:\/\/now-news.de\/de\/deutschland\/aschaffenburg-afghanischer-taeter-war-polizeibekannt-und-mehrfach-in-psychiatrie\/"},"modified":"2025-01-22T20:02:27","modified_gmt":"2025-01-22T18:02:27","slug":"aschaffenburg-afghanischer-taeter-war-polizeibekannt-und-mehrfach-in-psychiatrie","status":"publish","type":"post","link":"https:\/\/now-news.de\/de\/deutschland\/aschaffenburg-afghanischer-taeter-war-polizeibekannt-und-mehrfach-in-psychiatrie\/","title":{"rendered":"Aschaffenburg: Afghanischer T\u00e4ter war polizeibekannt und mehrfach in Psychiatrie"},"content":{"rendered":"<p><img decoding=\"async\" src=\"https:\/\/now-news.de\/de\/wp-content\/uploads\/sites\/3\/2025\/01\/67912d96b480cc59a13e4710.jpg\" \/><\/p>\n<div class=\"Text-root Text-type_1 \">\n                Der Messerangriff in Aschaffenburg weckt sofort wieder Erinnerungen an den Anschlag auf den Magdeburger Weihnachtsmarkt. Aber noch mehr verbindet ihn mit dem Messerangriff eines anderen Asylbewerbers \u2012 in W\u00fcrzburg im Jahr 2021.\n            <\/div>\n<p><\/p>\n<div class=\"Text-root Text-type_5 ArticleView-text ViewText-root \">\n<p>Auf\u00a0einer Pressekonferenz hat der bayerische Innenminister Joachim Herrmann\u00a0nun weitere Details \u00fcber den Angreifer im Park Sch\u00f6ntal in Aschaffenburg bekanntgegeben.<\/p>\n<p>Der 28-j\u00e4hrige Afghane sei am 19. November 2022 eingereist und habe Anfang 2023 in Deutschland einen Asylantrag gestellt. Offenbar\u00a0ist er \u00fcber einen anderen EU-Staat eingereist, der eigentlich f\u00fcr das Asylverfahren zust\u00e4ndig gewesen w\u00e4re. Dies deutet die Aussage Herrmanns an, dass ein Dublin-Verfahren nicht zeitgerecht abgeschlossen worden sei.\u00a0<\/p>\n<p>In den etwas mehr als zwei Jahren seiner Anwesenheit in Deutschland wurde er dreimal wegen Gewalttaten in die Psychiatrie eingewiesen, aber jedes Mal wieder freigelassen. Am 4. Dezember 2024 hatte er den Beh\u00f6rden gegen\u00fcber erkl\u00e4rt, freiwillig ausreisen zu wollen, woraufhin das Bundesamt f\u00fcr Migration und Fl\u00fcchtlinge das Asylverfahren am 11.\u00a0Dezember beendete und ihn zur Ausreise aufforderte. Gleichzeitig wurde am 9.\u00a0Dezember vom Amtsgericht Aschaffenburg die Betreuung angeordnet und es wurde ihm vom Gericht eine Betreuerin zugewiesen. Der Mann war die ganze Zeit weiter in psychiatrischer Behandlung. An seinem Wohnsitz im Asylbewerberheim sei nichts gefunden worden, was auf religi\u00f6se Hintergr\u00fcnde hindeutet\u00a0\u2012 nur die Medikamente, mit denen seine psychische Erkrankung behandelt werden sollte.<\/p>\n<p>Das zweij\u00e4hrige Kind, das von ihm get\u00f6tet wurde, war marokkanischer Abstammung. Ein syrisches M\u00e4dchen wurde verletzt, ist aber au\u00dfer Lebensgefahr, wie auch die weiteren Verletzten: eine Erzieherin und ein 61-j\u00e4hriger Mann. Nach Aussagen Herrmanns hat nicht nur der 41-j\u00e4hrige Deutsche eingegriffen, der seinen Versuch, die Kinder zu sch\u00fctzen, mit dem Leben bezahlte. Der T\u00e4ter konnte auch deshalb schnell gefasst werden, weil mehrere Umstehende ihn verfolgten.<\/p>\n<p>Auch der Messerangreifer in W\u00fcrzburg 2021, ein Asylbewerber aus Somalia, der zwei Frauen und ein M\u00e4dchen t\u00f6tete, war bereits zuvor in psychiatrischer Behandlung. Er wurde im Verfahren f\u00fcr schuldunf\u00e4hig befunden und\u00a0ist jetzt dauerhaft in der Psychiatrie untergebracht. Vermutlich wird das Verfahren gegen den afghanischen T\u00e4ter von heute \u00e4hnlich enden.<\/p>\n<p>Der W\u00fcrzburger T\u00e4ter hatte sich wenige Tage vor der Tat in der W\u00fcrzburger Innenstadt selbst entlassen. Die Klinik, in der er zuvor seit Januar des Jahres station\u00e4r untergebracht war, erkl\u00e4rte danach, sie h\u00e4tten bei ihm keine akute Eigen- oder Fremdgef\u00e4hrdung gesehen und ihn daher gehen lassen m\u00fcssen.<\/p>\n<p>Die Details \u00fcber die Psychiatriegeschichte des Aschaffenburger T\u00e4ters sind noch nicht bekannt. Allerdings erinnert der Vorlauf sehr stark an W\u00fcrzburg. Das ist deshalb nicht unerheblich, weil f\u00fcr die psychiatrischen Kliniken in Bayern die Regierungsbezirke zust\u00e4ndig sind. Beide St\u00e4dte liegen im Regierungsbezirk Unterfranken. Was andeuten k\u00f6nnte, dass aus den unverkennbaren Fehlern, die im Falle des W\u00fcrzburger T\u00e4ters gemacht wurden, keine Konsequenzen gezogen wurden.<\/p>\n<p><strong>Mehr zum Thema<\/strong>\u00a0\u2012 <a rel=\"nofollow noopener\" target=\"_blank\" href=\"https:\/\/freedert.online\/inland\/136781-wurzburg-prozessbeginn-zehn-monate-nach\/\">W\u00fcrzburg: Prozessbeginn zehn Monate nach Messerattacke \u2013 T\u00e4ter schuldunf\u00e4hig <\/a><\/p>\n<div class=\"EmbedBlock-root EmbedBlock-externalVideo EmbedBlock-rumble\">\n<div class=\"VkEmbed\"><iframe class=\"lazyload\" data-src=\"https:\/\/rumble.com\/embed\/v5ycj9b\" frameborder=\"0\" width=\"853\" height=\"480\" allowfullscreen><\/iframe><\/div>\n<\/div>\n<\/div>\n<p><br \/>\n<br \/><a href=\"https:\/\/de.rt.com\/inland\/233977-aschaffenburg-taeter-war-polizeibekannt-und\/\">Source link <\/a><\/p>\n","protected":false},"excerpt":{"rendered":"<p>Der Messerangriff in Aschaffenburg weckt sofort wieder Erinnerungen an den Anschlag auf den Magdeburger Weihnachtsmarkt. Aber noch mehr verbindet ihn mit dem Messerangriff eines anderen Asylbewerbers \u2012 in W\u00fcrzburg im Jahr 2021. Auf\u00a0einer Pressekonferenz hat der bayerische Innenminister Joachim Herrmann\u00a0nun weitere Details \u00fcber den Angreifer im Park Sch\u00f6ntal in Aschaffenburg bekanntgegeben. Der 28-j\u00e4hrige Afghane sei [&hellip;]<\/p>\n","protected":false},"author":3,"featured_media":76971,"comment_status":"open","ping_status":"open","sticky":false,"template":"","format":"standard","meta":{"_yoast_indexnow_last_ping":["1737569573"],"wp_automatic_camp":["217"],"c98374b2938aba01f66dc602c612aa57":["Aschaffenburg: Afghanischer T\u00e4ter war polizeibekannt und mehrfach in Psychiatrie"],"original_link":["https:\/\/de.rt.com\/inland\/233977-aschaffenburg-taeter-war-polizeibekannt-und\/"],"_thumbnail_id":["76971"],"_wptgpro_p2tg_sent2tg":["a:1:{i:23737;s:19:\"2025-01-22 20:13:57\";}"],"jnews_social_counter_last_update":["1777201793"]},"categories":[19,23],"tags":[45752,62128,22237,61255,23914,7079,140,2223],"yoast_head":"<!-- This site is optimized with the Yoast SEO Premium plugin v22.7 (Yoast SEO v22.7) - https:\/\/yoast.com\/wordpress\/plugins\/seo\/ -->\n<title>Aschaffenburg: Afghanischer T\u00e4ter war polizeibekannt und mehrfach in Psychiatrie - just-now.NEWS Deutschland<\/title>\n<meta name=\"robots\" content=\"index, follow, max-snippet:-1, max-image-preview:large, max-video-preview:-1\" \/>\n<link rel=\"canonical\" href=\"https:\/\/now-news.de\/de\/deutschland\/aschaffenburg-afghanischer-taeter-war-polizeibekannt-und-mehrfach-in-psychiatrie\/\" \/>\n<meta property=\"og:locale\" content=\"de_DE\" \/>\n<meta property=\"og:type\" content=\"article\" \/>\n<meta property=\"og:title\" content=\"Aschaffenburg: Afghanischer T\u00e4ter war polizeibekannt und mehrfach in Psychiatrie\" \/>\n<meta property=\"og:description\" content=\"Der Messerangriff in Aschaffenburg weckt sofort wieder Erinnerungen an den Anschlag auf den Magdeburger Weihnachtsmarkt. Aber noch mehr verbindet ihn mit dem Messerangriff eines anderen Asylbewerbers \u2012 in W\u00fcrzburg im Jahr 2021. Auf\u00a0einer Pressekonferenz hat der bayerische Innenminister Joachim Herrmann\u00a0nun weitere Details \u00fcber den Angreifer im Park Sch\u00f6ntal in Aschaffenburg bekanntgegeben. Der 28-j\u00e4hrige Afghane sei [&hellip;]\" \/>\n<meta property=\"og:url\" content=\"https:\/\/now-news.de\/de\/deutschland\/aschaffenburg-afghanischer-taeter-war-polizeibekannt-und-mehrfach-in-psychiatrie\/\" \/>\n<meta property=\"og:site_name\" content=\"just-now.NEWS Deutschland\" \/>\n<meta property=\"article:publisher\" content=\"https:\/\/www.facebook.com\/wirmachenauf\" \/>\n<meta property=\"article:published_time\" content=\"2025-01-22T18:02:27+00:00\" \/>\n<meta property=\"og:image\" content=\"https:\/\/now-news.de\/de\/wp-content\/uploads\/sites\/3\/2025\/01\/67912d96b480cc59a13e4710.jpg\" \/>\n<meta name=\"author\" content=\"rtnews\" \/>\n<meta name=\"twitter:card\" content=\"summary_large_image\" \/>\n<meta name=\"twitter:creator\" content=\"@WirMachenAuf_de\" \/>\n<meta name=\"twitter:site\" content=\"@WirMachenAuf_de\" \/>\n<meta name=\"twitter:label1\" content=\"Verfasst von\" \/>\n\t<meta name=\"twitter:data1\" content=\"rtnews\" \/>\n\t<meta name=\"twitter:label2\" content=\"Gesch\u00e4tzte Lesezeit\" \/>\n\t<meta name=\"twitter:data2\" content=\"2\u00a0Minuten\" \/>\n<script type=\"application\/ld+json\" class=\"yoast-schema-graph\">{\"@context\":\"https:\/\/schema.org\",\"@graph\":[{\"@type\":\"Article\",\"@id\":\"https:\/\/now-news.de\/de\/deutschland\/aschaffenburg-afghanischer-taeter-war-polizeibekannt-und-mehrfach-in-psychiatrie\/#article\",\"isPartOf\":{\"@id\":\"https:\/\/now-news.de\/de\/deutschland\/aschaffenburg-afghanischer-taeter-war-polizeibekannt-und-mehrfach-in-psychiatrie\/\"},\"author\":{\"name\":\"rtnews\",\"@id\":\"https:\/\/now-news.de\/de\/#\/schema\/person\/fb534a4e865501d8b3285208df34a9b5\"},\"headline\":\"Aschaffenburg: Afghanischer T\u00e4ter war polizeibekannt und mehrfach in Psychiatrie\",\"datePublished\":\"2025-01-22T18:02:27+00:00\",\"dateModified\":\"2025-01-22T18:02:27+00:00\",\"mainEntityOfPage\":{\"@id\":\"https:\/\/now-news.de\/de\/deutschland\/aschaffenburg-afghanischer-taeter-war-polizeibekannt-und-mehrfach-in-psychiatrie\/\"},\"wordCount\":497,\"commentCount\":0,\"publisher\":{\"@id\":\"https:\/\/now-news.de\/de\/#organization\"},\"image\":{\"@id\":\"https:\/\/now-news.de\/de\/deutschland\/aschaffenburg-afghanischer-taeter-war-polizeibekannt-und-mehrfach-in-psychiatrie\/#primaryimage\"},\"thumbnailUrl\":\"https:\/\/now-news.de\/de\/wp-content\/uploads\/sites\/3\/2025\/01\/Aschaffenburg-Afghanischer-Taeter-war-polizeibekannt-und-mehrfach-in-Psychiatrie.jpg\",\"keywords\":[\"afghanischer\",\"Aschaffenburg\",\"mehrfach\",\"polizeibekannt\",\"Psychiatrie\",\"T\u00e4ter\",\"und\",\"War\"],\"articleSection\":[\"Deutschland\",\"Russland\"],\"inLanguage\":\"de\",\"potentialAction\":[{\"@type\":\"CommentAction\",\"name\":\"Comment\",\"target\":[\"https:\/\/now-news.de\/de\/deutschland\/aschaffenburg-afghanischer-taeter-war-polizeibekannt-und-mehrfach-in-psychiatrie\/#respond\"]}]},{\"@type\":\"WebPage\",\"@id\":\"https:\/\/now-news.de\/de\/deutschland\/aschaffenburg-afghanischer-taeter-war-polizeibekannt-und-mehrfach-in-psychiatrie\/\",\"url\":\"https:\/\/now-news.de\/de\/deutschland\/aschaffenburg-afghanischer-taeter-war-polizeibekannt-und-mehrfach-in-psychiatrie\/\",\"name\":\"Aschaffenburg: Afghanischer T\u00e4ter war polizeibekannt und mehrfach in Psychiatrie - just-now.NEWS Deutschland\",\"isPartOf\":{\"@id\":\"https:\/\/now-news.de\/de\/#website\"},\"primaryImageOfPage\":{\"@id\":\"https:\/\/now-news.de\/de\/deutschland\/aschaffenburg-afghanischer-taeter-war-polizeibekannt-und-mehrfach-in-psychiatrie\/#primaryimage\"},\"image\":{\"@id\":\"https:\/\/now-news.de\/de\/deutschland\/aschaffenburg-afghanischer-taeter-war-polizeibekannt-und-mehrfach-in-psychiatrie\/#primaryimage\"},\"thumbnailUrl\":\"https:\/\/now-news.de\/de\/wp-content\/uploads\/sites\/3\/2025\/01\/Aschaffenburg-Afghanischer-Taeter-war-polizeibekannt-und-mehrfach-in-Psychiatrie.jpg\",\"datePublished\":\"2025-01-22T18:02:27+00:00\",\"dateModified\":\"2025-01-22T18:02:27+00:00\",\"breadcrumb\":{\"@id\":\"https:\/\/now-news.de\/de\/deutschland\/aschaffenburg-afghanischer-taeter-war-polizeibekannt-und-mehrfach-in-psychiatrie\/#breadcrumb\"},\"inLanguage\":\"de\",\"potentialAction\":[{\"@type\":\"ReadAction\",\"target\":[\"https:\/\/now-news.de\/de\/deutschland\/aschaffenburg-afghanischer-taeter-war-polizeibekannt-und-mehrfach-in-psychiatrie\/\"]}]},{\"@type\":\"ImageObject\",\"inLanguage\":\"de\",\"@id\":\"https:\/\/now-news.de\/de\/deutschland\/aschaffenburg-afghanischer-taeter-war-polizeibekannt-und-mehrfach-in-psychiatrie\/#primaryimage\",\"url\":\"https:\/\/now-news.de\/de\/wp-content\/uploads\/sites\/3\/2025\/01\/Aschaffenburg-Afghanischer-Taeter-war-polizeibekannt-und-mehrfach-in-Psychiatrie.jpg\",\"contentUrl\":\"https:\/\/now-news.de\/de\/wp-content\/uploads\/sites\/3\/2025\/01\/Aschaffenburg-Afghanischer-Taeter-war-polizeibekannt-und-mehrfach-in-Psychiatrie.jpg\",\"width\":460,\"height\":259,\"caption\":\"Aschaffenburg: Afghanischer T\u00e4ter war polizeibekannt und mehrfach in Psychiatrie\"},{\"@type\":\"BreadcrumbList\",\"@id\":\"https:\/\/now-news.de\/de\/deutschland\/aschaffenburg-afghanischer-taeter-war-polizeibekannt-und-mehrfach-in-psychiatrie\/#breadcrumb\",\"itemListElement\":[{\"@type\":\"ListItem\",\"position\":1,\"name\":\"Home\",\"item\":\"https:\/\/now-news.de\/de\/\"},{\"@type\":\"ListItem\",\"position\":2,\"name\":\"Aschaffenburg: Afghanischer T\u00e4ter war polizeibekannt und mehrfach in Psychiatrie\"}]},{\"@type\":\"WebSite\",\"@id\":\"https:\/\/now-news.de\/de\/#website\",\"url\":\"https:\/\/now-news.de\/de\/\",\"name\":\"just-now.NEWS Deutschland\",\"description\":\"Das Portal f\u00fcr unzensierte Nachrichten aus der Welt\",\"publisher\":{\"@id\":\"https:\/\/now-news.de\/de\/#organization\"},\"potentialAction\":[{\"@type\":\"SearchAction\",\"target\":{\"@type\":\"EntryPoint\",\"urlTemplate\":\"https:\/\/now-news.de\/de\/?s={search_term_string}\"},\"query-input\":\"required name=search_term_string\"}],\"inLanguage\":\"de\"},{\"@type\":\"Organization\",\"@id\":\"https:\/\/now-news.de\/de\/#organization\",\"name\":\"Just Now News\",\"url\":\"https:\/\/now-news.de\/de\/\",\"logo\":{\"@type\":\"ImageObject\",\"inLanguage\":\"de\",\"@id\":\"https:\/\/now-news.de\/de\/#\/schema\/logo\/image\/\",\"url\":\"http:\/\/just-now.news\/de\/wp-content\/uploads\/sites\/3\/2022\/04\/logo500x500.jpg\",\"contentUrl\":\"http:\/\/just-now.news\/de\/wp-content\/uploads\/sites\/3\/2022\/04\/logo500x500.jpg\",\"width\":500,\"height\":500,\"caption\":\"Just Now News\"},\"image\":{\"@id\":\"https:\/\/now-news.de\/de\/#\/schema\/logo\/image\/\"},\"sameAs\":[\"https:\/\/www.facebook.com\/wirmachenauf\",\"https:\/\/x.com\/WirMachenAuf_de\"]},{\"@type\":\"Person\",\"@id\":\"https:\/\/now-news.de\/de\/#\/schema\/person\/fb534a4e865501d8b3285208df34a9b5\",\"name\":\"rtnews\",\"image\":{\"@type\":\"ImageObject\",\"inLanguage\":\"de\",\"@id\":\"https:\/\/now-news.de\/de\/#\/schema\/person\/image\/\",\"url\":\"https:\/\/secure.gravatar.com\/avatar\/82aafea7d8127119dd649515f56e2117?s=96&d=mm&r=g\",\"contentUrl\":\"https:\/\/secure.gravatar.com\/avatar\/82aafea7d8127119dd649515f56e2117?s=96&d=mm&r=g\",\"caption\":\"rtnews\"},\"url\":\"https:\/\/now-news.de\/de\/author\/rnews\/\"}]}<\/script>\n<!-- \/ Yoast SEO Premium plugin. -->","yoast_head_json":{"title":"Aschaffenburg: Afghanischer T\u00e4ter war polizeibekannt und mehrfach in Psychiatrie - just-now.NEWS Deutschland","robots":{"index":"index","follow":"follow","max-snippet":"max-snippet:-1","max-image-preview":"max-image-preview:large","max-video-preview":"max-video-preview:-1"},"canonical":"https:\/\/now-news.de\/de\/deutschland\/aschaffenburg-afghanischer-taeter-war-polizeibekannt-und-mehrfach-in-psychiatrie\/","og_locale":"de_DE","og_type":"article","og_title":"Aschaffenburg: Afghanischer T\u00e4ter war polizeibekannt und mehrfach in Psychiatrie","og_description":"Der Messerangriff in Aschaffenburg weckt sofort wieder Erinnerungen an den Anschlag auf den Magdeburger Weihnachtsmarkt. Aber noch mehr verbindet ihn mit dem Messerangriff eines anderen Asylbewerbers \u2012 in W\u00fcrzburg im Jahr 2021. Auf\u00a0einer Pressekonferenz hat der bayerische Innenminister Joachim Herrmann\u00a0nun weitere Details \u00fcber den Angreifer im Park Sch\u00f6ntal in Aschaffenburg bekanntgegeben. Der 28-j\u00e4hrige Afghane sei [&hellip;]","og_url":"https:\/\/now-news.de\/de\/deutschland\/aschaffenburg-afghanischer-taeter-war-polizeibekannt-und-mehrfach-in-psychiatrie\/","og_site_name":"just-now.NEWS Deutschland","article_publisher":"https:\/\/www.facebook.com\/wirmachenauf","article_published_time":"2025-01-22T18:02:27+00:00","og_image":[{"url":"https:\/\/now-news.de\/de\/wp-content\/uploads\/sites\/3\/2025\/01\/67912d96b480cc59a13e4710.jpg"}],"author":"rtnews","twitter_card":"summary_large_image","twitter_creator":"@WirMachenAuf_de","twitter_site":"@WirMachenAuf_de","twitter_misc":{"Verfasst von":"rtnews","Gesch\u00e4tzte Lesezeit":"2\u00a0Minuten"},"schema":{"@context":"https:\/\/schema.org","@graph":[{"@type":"Article","@id":"https:\/\/now-news.de\/de\/deutschland\/aschaffenburg-afghanischer-taeter-war-polizeibekannt-und-mehrfach-in-psychiatrie\/#article","isPartOf":{"@id":"https:\/\/now-news.de\/de\/deutschland\/aschaffenburg-afghanischer-taeter-war-polizeibekannt-und-mehrfach-in-psychiatrie\/"},"author":{"name":"rtnews","@id":"https:\/\/now-news.de\/de\/#\/schema\/person\/fb534a4e865501d8b3285208df34a9b5"},"headline":"Aschaffenburg: Afghanischer T\u00e4ter war polizeibekannt und mehrfach in Psychiatrie","datePublished":"2025-01-22T18:02:27+00:00","dateModified":"2025-01-22T18:02:27+00:00","mainEntityOfPage":{"@id":"https:\/\/now-news.de\/de\/deutschland\/aschaffenburg-afghanischer-taeter-war-polizeibekannt-und-mehrfach-in-psychiatrie\/"},"wordCount":497,"commentCount":0,"publisher":{"@id":"https:\/\/now-news.de\/de\/#organization"},"image":{"@id":"https:\/\/now-news.de\/de\/deutschland\/aschaffenburg-afghanischer-taeter-war-polizeibekannt-und-mehrfach-in-psychiatrie\/#primaryimage"},"thumbnailUrl":"https:\/\/now-news.de\/de\/wp-content\/uploads\/sites\/3\/2025\/01\/Aschaffenburg-Afghanischer-Taeter-war-polizeibekannt-und-mehrfach-in-Psychiatrie.jpg","keywords":["afghanischer","Aschaffenburg","mehrfach","polizeibekannt","Psychiatrie","T\u00e4ter","und","War"],"articleSection":["Deutschland","Russland"],"inLanguage":"de","potentialAction":[{"@type":"CommentAction","name":"Comment","target":["https:\/\/now-news.de\/de\/deutschland\/aschaffenburg-afghanischer-taeter-war-polizeibekannt-und-mehrfach-in-psychiatrie\/#respond"]}]},{"@type":"WebPage","@id":"https:\/\/now-news.de\/de\/deutschland\/aschaffenburg-afghanischer-taeter-war-polizeibekannt-und-mehrfach-in-psychiatrie\/","url":"https:\/\/now-news.de\/de\/deutschland\/aschaffenburg-afghanischer-taeter-war-polizeibekannt-und-mehrfach-in-psychiatrie\/","name":"Aschaffenburg: Afghanischer T\u00e4ter war polizeibekannt und mehrfach in Psychiatrie - just-now.NEWS Deutschland","isPartOf":{"@id":"https:\/\/now-news.de\/de\/#website"},"primaryImageOfPage":{"@id":"https:\/\/now-news.de\/de\/deutschland\/aschaffenburg-afghanischer-taeter-war-polizeibekannt-und-mehrfach-in-psychiatrie\/#primaryimage"},"image":{"@id":"https:\/\/now-news.de\/de\/deutschland\/aschaffenburg-afghanischer-taeter-war-polizeibekannt-und-mehrfach-in-psychiatrie\/#primaryimage"},"thumbnailUrl":"https:\/\/now-news.de\/de\/wp-content\/uploads\/sites\/3\/2025\/01\/Aschaffenburg-Afghanischer-Taeter-war-polizeibekannt-und-mehrfach-in-Psychiatrie.jpg","datePublished":"2025-01-22T18:02:27+00:00","dateModified":"2025-01-22T18:02:27+00:00","breadcrumb":{"@id":"https:\/\/now-news.de\/de\/deutschland\/aschaffenburg-afghanischer-taeter-war-polizeibekannt-und-mehrfach-in-psychiatrie\/#breadcrumb"},"inLanguage":"de","potentialAction":[{"@type":"ReadAction","target":["https:\/\/now-news.de\/de\/deutschland\/aschaffenburg-afghanischer-taeter-war-polizeibekannt-und-mehrfach-in-psychiatrie\/"]}]},{"@type":"ImageObject","inLanguage":"de","@id":"https:\/\/now-news.de\/de\/deutschland\/aschaffenburg-afghanischer-taeter-war-polizeibekannt-und-mehrfach-in-psychiatrie\/#primaryimage","url":"https:\/\/now-news.de\/de\/wp-content\/uploads\/sites\/3\/2025\/01\/Aschaffenburg-Afghanischer-Taeter-war-polizeibekannt-und-mehrfach-in-Psychiatrie.jpg","contentUrl":"https:\/\/now-news.de\/de\/wp-content\/uploads\/sites\/3\/2025\/01\/Aschaffenburg-Afghanischer-Taeter-war-polizeibekannt-und-mehrfach-in-Psychiatrie.jpg","width":460,"height":259,"caption":"Aschaffenburg: Afghanischer T\u00e4ter war polizeibekannt und mehrfach in Psychiatrie"},{"@type":"BreadcrumbList","@id":"https:\/\/now-news.de\/de\/deutschland\/aschaffenburg-afghanischer-taeter-war-polizeibekannt-und-mehrfach-in-psychiatrie\/#breadcrumb","itemListElement":[{"@type":"ListItem","position":1,"name":"Home","item":"https:\/\/now-news.de\/de\/"},{"@type":"ListItem","position":2,"name":"Aschaffenburg: Afghanischer T\u00e4ter war polizeibekannt und mehrfach in Psychiatrie"}]},{"@type":"WebSite","@id":"https:\/\/now-news.de\/de\/#website","url":"https:\/\/now-news.de\/de\/","name":"just-now.NEWS Deutschland","description":"Das Portal f\u00fcr unzensierte Nachrichten aus der Welt","publisher":{"@id":"https:\/\/now-news.de\/de\/#organization"},"potentialAction":[{"@type":"SearchAction","target":{"@type":"EntryPoint","urlTemplate":"https:\/\/now-news.de\/de\/?s={search_term_string}"},"query-input":"required name=search_term_string"}],"inLanguage":"de"},{"@type":"Organization","@id":"https:\/\/now-news.de\/de\/#organization","name":"Just Now News","url":"https:\/\/now-news.de\/de\/","logo":{"@type":"ImageObject","inLanguage":"de","@id":"https:\/\/now-news.de\/de\/#\/schema\/logo\/image\/","url":"http:\/\/just-now.news\/de\/wp-content\/uploads\/sites\/3\/2022\/04\/logo500x500.jpg","contentUrl":"http:\/\/just-now.news\/de\/wp-content\/uploads\/sites\/3\/2022\/04\/logo500x500.jpg","width":500,"height":500,"caption":"Just Now News"},"image":{"@id":"https:\/\/now-news.de\/de\/#\/schema\/logo\/image\/"},"sameAs":["https:\/\/www.facebook.com\/wirmachenauf","https:\/\/x.com\/WirMachenAuf_de"]},{"@type":"Person","@id":"https:\/\/now-news.de\/de\/#\/schema\/person\/fb534a4e865501d8b3285208df34a9b5","name":"rtnews","image":{"@type":"ImageObject","inLanguage":"de","@id":"https:\/\/now-news.de\/de\/#\/schema\/person\/image\/","url":"https:\/\/secure.gravatar.com\/avatar\/82aafea7d8127119dd649515f56e2117?s=96&d=mm&r=g","contentUrl":"https:\/\/secure.gravatar.com\/avatar\/82aafea7d8127119dd649515f56e2117?s=96&d=mm&r=g","caption":"rtnews"},"url":"https:\/\/now-news.de\/de\/author\/rnews\/"}]}},"_links":{"self":[{"href":"https:\/\/now-news.de\/de\/wp-json\/wp\/v2\/posts\/76970"}],"collection":[{"href":"https:\/\/now-news.de\/de\/wp-json\/wp\/v2\/posts"}],"about":[{"href":"https:\/\/now-news.de\/de\/wp-json\/wp\/v2\/types\/post"}],"author":[{"embeddable":true,"href":"https:\/\/now-news.de\/de\/wp-json\/wp\/v2\/users\/3"}],"replies":[{"embeddable":true,"href":"https:\/\/now-news.de\/de\/wp-json\/wp\/v2\/comments?post=76970"}],"version-history":[{"count":0,"href":"https:\/\/now-news.de\/de\/wp-json\/wp\/v2\/posts\/76970\/revisions"}],"wp:featuredmedia":[{"embeddable":true,"href":"https:\/\/now-news.de\/de\/wp-json\/wp\/v2\/media\/76971"}],"wp:attachment":[{"href":"https:\/\/now-news.de\/de\/wp-json\/wp\/v2\/media?parent=76970"}],"wp:term":[{"taxonomy":"category","embeddable":true,"href":"https:\/\/now-news.de\/de\/wp-json\/wp\/v2\/categories?post=76970"},{"taxonomy":"post_tag","embeddable":true,"href":"https:\/\/now-news.de\/de\/wp-json\/wp\/v2\/tags?post=76970"}],"curies":[{"name":"wp","href":"https:\/\/api.w.org\/{rel}","templated":true}]}}