{"id":76946,"date":"2025-01-22T16:03:46","date_gmt":"2025-01-22T14:03:46","guid":{"rendered":"https:\/\/now-news.de\/de\/deutschland\/eier-engpass-in-oesterreich-supermaerkte-kaempfen-mit-leeren-regalen\/"},"modified":"2025-01-22T16:03:46","modified_gmt":"2025-01-22T14:03:46","slug":"eier-engpass-in-oesterreich-supermaerkte-kaempfen-mit-leeren-regalen","status":"publish","type":"post","link":"https:\/\/now-news.de\/de\/deutschland\/eier-engpass-in-oesterreich-supermaerkte-kaempfen-mit-leeren-regalen\/","title":{"rendered":"Eier-Engpass in \u00d6sterreich: Superm\u00e4rkte k\u00e4mpfen mit leeren Regalen"},"content":{"rendered":"<p><img decoding=\"async\" src=\"https:\/\/now-news.de\/de\/wp-content\/uploads\/sites\/3\/2025\/01\/6790e8efb480cc58a6671592.jpg\" \/><\/p>\n<div class=\"Text-root Text-type_1 \">\n                In \u00d6sterreich gibt es einen Eier-Engpass, vor allem bei Bio- und Freiland-Eiern. Ursachen daf\u00fcr sind sp\u00e4te Eierproduktion, Vogelgrippe und reduzierte Importe aus betroffenen L\u00e4ndern. Superm\u00e4rkte wie Spar, Hofer, Lidl und REWE erwarten eine Entspannung bis sp\u00e4testens Ostern. Panikk\u00e4ufe sind jedoch nicht n\u00f6tig.\n            <\/div>\n<p><\/p>\n<div class=\"Text-root Text-type_5 ArticleView-text ViewText-root \">\n<p>\u00d6sterreichs Superm\u00e4rkte erleben derzeit einen deutlichen Engpass bei H\u00fchnereiern, insbesondere bei Bio- und Freiland-Eiern. In vielen Gesch\u00e4ften sind die Regale leer, was f\u00fcr Unmut bei den Kunden sorgt. Doch trotz dieser Engp\u00e4sse betonen die Einzelh\u00e4ndler, dass keine Panikverk\u00e4ufe notwendig sind.<\/p>\n<p>Eine Sprecherin von Spar erkl\u00e4rte gegen\u00fcber dem <em>ORF,<\/em> dass es zwar vereinzelt zu Ausverkaufs-Situationen komme, diese jedoch schnell vor\u00fcbergehend seien. Die Lage entscheide sich bereits wieder. Auch bei Hofer sei eine erh\u00f6hte Nachfrage nach Bio-Eiern festzustellen.<\/p>\n<blockquote>\n<p><em>&#8220;Die Kapazit\u00e4ten f\u00fcr Biolegehennen in \u00d6sterreich sind begrenzt, deshalb sind tempor\u00e4re Engp\u00e4sse nicht auszuschlie\u00dfen&#8221;, hie\u00df es.<\/em><\/p>\n<\/blockquote>\n<p>Lidl und REWE k\u00e4mpfen ebenfalls mit der eingeschr\u00e4nkten Verf\u00fcgbarkeit. Lidl erkl\u00e4rte, trotz einer hohen Eigenversorgung sei die Situation in \u00d6sterreich momentan angespannt. Eine Entspannung werde bis sp\u00e4testens Ostern erwartet. REWE lie\u00df verlautbaren, dass punktuelle Engp\u00e4sse durch gezielte Ausgleichsma\u00dfnahmen bew\u00e4ltigt w\u00fcrden, um die fl\u00e4chendeckende Versorgung sicherzustellen.<\/p>\n<p>Die Gr\u00fcnde f\u00fcr den Engpass sind vielf\u00e4ltig. In K\u00e4rnten wurden die Legehennen aufgrund des sp\u00e4ten Osterfests 2024 sp\u00e4ter ausgetauscht, was zu einem verz\u00f6gerten Beginn der Eierproduktion f\u00fchrte. In Salzburg wiederum liegt ein erheblicher Teil der Legehennen aufgrund der Vogelgrippe noch in Quarant\u00e4ne, wobei sich auch hier die Situation wieder verschlechtern k\u00f6nnte.<\/p>\n<p>Zus\u00e4tzlich wird die heimische Eierproduktion durch eingeschr\u00e4nkte Importe belastet. Aufgrund der Vogelgrippe in mehreren europ\u00e4ischen L\u00e4ndern kommt es zu einem R\u00fcckgang der Importe, da auch dort viele Hennen ausfallen. Der Gefl\u00fcgelreferent der Landwirtschaftskammer, Martin Mayringer, erkl\u00e4rte, dass die Importe aus dem Ausland sinken, da etwa in Polen mehr als 1,3 Millionen Hennen und in Italien rund 800.000 Tiere durch die Seuche get\u00f6tet wurden.<\/p>\n<p>Der Engpass betrifft \u00d6sterreich also nicht nur aufgrund regionaler Ausf\u00e4lle, sondern auch durch die reduzierte Verf\u00fcgbarkeit von Import-Eiern.<\/p>\n<p><strong>Mehr zum Thema<\/strong>\u00a0\u2013\u00a0<a rel=\"nofollow noopener\" target=\"_blank\" href=\"https:\/\/freedert.online\/oesterreich\/228878-syrische-demonstration-in-wien-geraet\/\">Syrische Demonstration in Wien ger\u00e4t au\u00dfer Kontrolle<\/a><\/p>\n<div class=\"EmbedBlock-root EmbedBlock-externalVideo EmbedBlock-rumble\">\n<div class=\"VkEmbed\"><iframe class=\"lazyload\" data-src=\"https:\/\/rumble.com\/embed\/v65yvog\" frameborder=\"0\" width=\"853\" height=\"480\" allowfullscreen><\/iframe><\/div>\n<\/div>\n<\/div>\n<p><br \/>\n<br \/><a href=\"https:\/\/de.rt.com\/oesterreich\/233932-eier-engpass-in-oesterreich-supermaerkte\/\">Source link <\/a><\/p>\n","protected":false},"excerpt":{"rendered":"<p>In \u00d6sterreich gibt es einen Eier-Engpass, vor allem bei Bio- und Freiland-Eiern. Ursachen daf\u00fcr sind sp\u00e4te Eierproduktion, Vogelgrippe und reduzierte Importe aus betroffenen L\u00e4ndern. Superm\u00e4rkte wie Spar, Hofer, Lidl und REWE erwarten eine Entspannung bis sp\u00e4testens Ostern. Panikk\u00e4ufe sind jedoch nicht n\u00f6tig. \u00d6sterreichs Superm\u00e4rkte erleben derzeit einen deutlichen Engpass bei H\u00fchnereiern, insbesondere bei Bio- und [&hellip;]<\/p>\n","protected":false},"author":3,"featured_media":76947,"comment_status":"open","ping_status":"open","sticky":false,"template":"","format":"standard","meta":{"_yoast_indexnow_last_ping":["1737555125"],"wp_automatic_camp":["217"],"0a35d5ffe39b9f75b54a591d6002da4c":["Eier-Engpass in \u00d6sterreich: Superm\u00e4rkte k\u00e4mpfen mit leeren Regalen"],"original_link":["https:\/\/de.rt.com\/oesterreich\/233932-eier-engpass-in-oesterreich-supermaerkte\/"],"_thumbnail_id":["76947"],"_wptgpro_p2tg_sent2tg":["a:1:{i:23737;s:19:\"2025-01-22 16:13:10\";}"],"jnews_social_counter_last_update":["1777611055"]},"categories":[19,23],"tags":[62119,12240,19121,419,7290,19122,54746],"yoast_head":"<!-- This site is optimized with the Yoast SEO Premium plugin v22.7 (Yoast SEO v22.7) - https:\/\/yoast.com\/wordpress\/plugins\/seo\/ -->\n<title>Eier-Engpass in \u00d6sterreich: Superm\u00e4rkte k\u00e4mpfen mit leeren Regalen - just-now.NEWS Deutschland<\/title>\n<meta name=\"robots\" content=\"index, follow, max-snippet:-1, max-image-preview:large, max-video-preview:-1\" \/>\n<link rel=\"canonical\" href=\"https:\/\/now-news.de\/de\/deutschland\/eier-engpass-in-oesterreich-supermaerkte-kaempfen-mit-leeren-regalen\/\" \/>\n<meta property=\"og:locale\" content=\"de_DE\" \/>\n<meta property=\"og:type\" content=\"article\" \/>\n<meta property=\"og:title\" content=\"Eier-Engpass in \u00d6sterreich: Superm\u00e4rkte k\u00e4mpfen mit leeren Regalen\" \/>\n<meta property=\"og:description\" content=\"In \u00d6sterreich gibt es einen Eier-Engpass, vor allem bei Bio- und Freiland-Eiern. Ursachen daf\u00fcr sind sp\u00e4te Eierproduktion, Vogelgrippe und reduzierte Importe aus betroffenen L\u00e4ndern. Superm\u00e4rkte wie Spar, Hofer, Lidl und REWE erwarten eine Entspannung bis sp\u00e4testens Ostern. Panikk\u00e4ufe sind jedoch nicht n\u00f6tig. \u00d6sterreichs Superm\u00e4rkte erleben derzeit einen deutlichen Engpass bei H\u00fchnereiern, insbesondere bei Bio- und [&hellip;]\" \/>\n<meta property=\"og:url\" content=\"https:\/\/now-news.de\/de\/deutschland\/eier-engpass-in-oesterreich-supermaerkte-kaempfen-mit-leeren-regalen\/\" \/>\n<meta property=\"og:site_name\" content=\"just-now.NEWS Deutschland\" \/>\n<meta property=\"article:publisher\" content=\"https:\/\/www.facebook.com\/wirmachenauf\" \/>\n<meta property=\"article:published_time\" content=\"2025-01-22T14:03:46+00:00\" \/>\n<meta property=\"og:image\" content=\"https:\/\/now-news.de\/de\/wp-content\/uploads\/sites\/3\/2025\/01\/6790e8efb480cc58a6671592.jpg\" \/>\n<meta name=\"author\" content=\"rtnews\" \/>\n<meta name=\"twitter:card\" content=\"summary_large_image\" \/>\n<meta name=\"twitter:creator\" content=\"@WirMachenAuf_de\" \/>\n<meta name=\"twitter:site\" content=\"@WirMachenAuf_de\" \/>\n<meta name=\"twitter:label1\" content=\"Verfasst von\" \/>\n\t<meta name=\"twitter:data1\" content=\"rtnews\" \/>\n\t<meta name=\"twitter:label2\" content=\"Gesch\u00e4tzte Lesezeit\" \/>\n\t<meta name=\"twitter:data2\" content=\"2\u00a0Minuten\" \/>\n<script type=\"application\/ld+json\" class=\"yoast-schema-graph\">{\"@context\":\"https:\/\/schema.org\",\"@graph\":[{\"@type\":\"Article\",\"@id\":\"https:\/\/now-news.de\/de\/deutschland\/eier-engpass-in-oesterreich-supermaerkte-kaempfen-mit-leeren-regalen\/#article\",\"isPartOf\":{\"@id\":\"https:\/\/now-news.de\/de\/deutschland\/eier-engpass-in-oesterreich-supermaerkte-kaempfen-mit-leeren-regalen\/\"},\"author\":{\"name\":\"rtnews\",\"@id\":\"https:\/\/now-news.de\/de\/#\/schema\/person\/fb534a4e865501d8b3285208df34a9b5\"},\"headline\":\"Eier-Engpass in \u00d6sterreich: Superm\u00e4rkte k\u00e4mpfen mit leeren Regalen\",\"datePublished\":\"2025-01-22T14:03:46+00:00\",\"dateModified\":\"2025-01-22T14:03:46+00:00\",\"mainEntityOfPage\":{\"@id\":\"https:\/\/now-news.de\/de\/deutschland\/eier-engpass-in-oesterreich-supermaerkte-kaempfen-mit-leeren-regalen\/\"},\"wordCount\":386,\"commentCount\":0,\"publisher\":{\"@id\":\"https:\/\/now-news.de\/de\/#organization\"},\"image\":{\"@id\":\"https:\/\/now-news.de\/de\/deutschland\/eier-engpass-in-oesterreich-supermaerkte-kaempfen-mit-leeren-regalen\/#primaryimage\"},\"thumbnailUrl\":\"https:\/\/now-news.de\/de\/wp-content\/uploads\/sites\/3\/2025\/01\/Eier-Engpass-in-Oesterreich-Supermaerkte-kaempfen-mit-leeren-Regalen.jpg\",\"keywords\":[\"EierEngpass\",\"k\u00e4mpfen\",\"leeren\",\"mit\",\"\u00d6sterreich\",\"Regalen\",\"Superm\u00e4rkte\"],\"articleSection\":[\"Deutschland\",\"Russland\"],\"inLanguage\":\"de\",\"potentialAction\":[{\"@type\":\"CommentAction\",\"name\":\"Comment\",\"target\":[\"https:\/\/now-news.de\/de\/deutschland\/eier-engpass-in-oesterreich-supermaerkte-kaempfen-mit-leeren-regalen\/#respond\"]}]},{\"@type\":\"WebPage\",\"@id\":\"https:\/\/now-news.de\/de\/deutschland\/eier-engpass-in-oesterreich-supermaerkte-kaempfen-mit-leeren-regalen\/\",\"url\":\"https:\/\/now-news.de\/de\/deutschland\/eier-engpass-in-oesterreich-supermaerkte-kaempfen-mit-leeren-regalen\/\",\"name\":\"Eier-Engpass in \u00d6sterreich: Superm\u00e4rkte k\u00e4mpfen mit leeren Regalen - just-now.NEWS Deutschland\",\"isPartOf\":{\"@id\":\"https:\/\/now-news.de\/de\/#website\"},\"primaryImageOfPage\":{\"@id\":\"https:\/\/now-news.de\/de\/deutschland\/eier-engpass-in-oesterreich-supermaerkte-kaempfen-mit-leeren-regalen\/#primaryimage\"},\"image\":{\"@id\":\"https:\/\/now-news.de\/de\/deutschland\/eier-engpass-in-oesterreich-supermaerkte-kaempfen-mit-leeren-regalen\/#primaryimage\"},\"thumbnailUrl\":\"https:\/\/now-news.de\/de\/wp-content\/uploads\/sites\/3\/2025\/01\/Eier-Engpass-in-Oesterreich-Supermaerkte-kaempfen-mit-leeren-Regalen.jpg\",\"datePublished\":\"2025-01-22T14:03:46+00:00\",\"dateModified\":\"2025-01-22T14:03:46+00:00\",\"breadcrumb\":{\"@id\":\"https:\/\/now-news.de\/de\/deutschland\/eier-engpass-in-oesterreich-supermaerkte-kaempfen-mit-leeren-regalen\/#breadcrumb\"},\"inLanguage\":\"de\",\"potentialAction\":[{\"@type\":\"ReadAction\",\"target\":[\"https:\/\/now-news.de\/de\/deutschland\/eier-engpass-in-oesterreich-supermaerkte-kaempfen-mit-leeren-regalen\/\"]}]},{\"@type\":\"ImageObject\",\"inLanguage\":\"de\",\"@id\":\"https:\/\/now-news.de\/de\/deutschland\/eier-engpass-in-oesterreich-supermaerkte-kaempfen-mit-leeren-regalen\/#primaryimage\",\"url\":\"https:\/\/now-news.de\/de\/wp-content\/uploads\/sites\/3\/2025\/01\/Eier-Engpass-in-Oesterreich-Supermaerkte-kaempfen-mit-leeren-Regalen.jpg\",\"contentUrl\":\"https:\/\/now-news.de\/de\/wp-content\/uploads\/sites\/3\/2025\/01\/Eier-Engpass-in-Oesterreich-Supermaerkte-kaempfen-mit-leeren-Regalen.jpg\",\"width\":460,\"height\":259,\"caption\":\"Eier-Engpass in \u00d6sterreich: Superm\u00e4rkte k\u00e4mpfen mit leeren Regalen\"},{\"@type\":\"BreadcrumbList\",\"@id\":\"https:\/\/now-news.de\/de\/deutschland\/eier-engpass-in-oesterreich-supermaerkte-kaempfen-mit-leeren-regalen\/#breadcrumb\",\"itemListElement\":[{\"@type\":\"ListItem\",\"position\":1,\"name\":\"Home\",\"item\":\"https:\/\/now-news.de\/de\/\"},{\"@type\":\"ListItem\",\"position\":2,\"name\":\"Eier-Engpass in \u00d6sterreich: Superm\u00e4rkte k\u00e4mpfen mit leeren Regalen\"}]},{\"@type\":\"WebSite\",\"@id\":\"https:\/\/now-news.de\/de\/#website\",\"url\":\"https:\/\/now-news.de\/de\/\",\"name\":\"just-now.NEWS Deutschland\",\"description\":\"Das Portal f\u00fcr unzensierte Nachrichten aus der Welt\",\"publisher\":{\"@id\":\"https:\/\/now-news.de\/de\/#organization\"},\"potentialAction\":[{\"@type\":\"SearchAction\",\"target\":{\"@type\":\"EntryPoint\",\"urlTemplate\":\"https:\/\/now-news.de\/de\/?s={search_term_string}\"},\"query-input\":\"required name=search_term_string\"}],\"inLanguage\":\"de\"},{\"@type\":\"Organization\",\"@id\":\"https:\/\/now-news.de\/de\/#organization\",\"name\":\"Just Now News\",\"url\":\"https:\/\/now-news.de\/de\/\",\"logo\":{\"@type\":\"ImageObject\",\"inLanguage\":\"de\",\"@id\":\"https:\/\/now-news.de\/de\/#\/schema\/logo\/image\/\",\"url\":\"http:\/\/just-now.news\/de\/wp-content\/uploads\/sites\/3\/2022\/04\/logo500x500.jpg\",\"contentUrl\":\"http:\/\/just-now.news\/de\/wp-content\/uploads\/sites\/3\/2022\/04\/logo500x500.jpg\",\"width\":500,\"height\":500,\"caption\":\"Just Now News\"},\"image\":{\"@id\":\"https:\/\/now-news.de\/de\/#\/schema\/logo\/image\/\"},\"sameAs\":[\"https:\/\/www.facebook.com\/wirmachenauf\",\"https:\/\/x.com\/WirMachenAuf_de\"]},{\"@type\":\"Person\",\"@id\":\"https:\/\/now-news.de\/de\/#\/schema\/person\/fb534a4e865501d8b3285208df34a9b5\",\"name\":\"rtnews\",\"image\":{\"@type\":\"ImageObject\",\"inLanguage\":\"de\",\"@id\":\"https:\/\/now-news.de\/de\/#\/schema\/person\/image\/\",\"url\":\"https:\/\/secure.gravatar.com\/avatar\/82aafea7d8127119dd649515f56e2117?s=96&d=mm&r=g\",\"contentUrl\":\"https:\/\/secure.gravatar.com\/avatar\/82aafea7d8127119dd649515f56e2117?s=96&d=mm&r=g\",\"caption\":\"rtnews\"},\"url\":\"https:\/\/now-news.de\/de\/author\/rnews\/\"}]}<\/script>\n<!-- \/ Yoast SEO Premium plugin. -->","yoast_head_json":{"title":"Eier-Engpass in \u00d6sterreich: Superm\u00e4rkte k\u00e4mpfen mit leeren Regalen - just-now.NEWS Deutschland","robots":{"index":"index","follow":"follow","max-snippet":"max-snippet:-1","max-image-preview":"max-image-preview:large","max-video-preview":"max-video-preview:-1"},"canonical":"https:\/\/now-news.de\/de\/deutschland\/eier-engpass-in-oesterreich-supermaerkte-kaempfen-mit-leeren-regalen\/","og_locale":"de_DE","og_type":"article","og_title":"Eier-Engpass in \u00d6sterreich: Superm\u00e4rkte k\u00e4mpfen mit leeren Regalen","og_description":"In \u00d6sterreich gibt es einen Eier-Engpass, vor allem bei Bio- und Freiland-Eiern. Ursachen daf\u00fcr sind sp\u00e4te Eierproduktion, Vogelgrippe und reduzierte Importe aus betroffenen L\u00e4ndern. Superm\u00e4rkte wie Spar, Hofer, Lidl und REWE erwarten eine Entspannung bis sp\u00e4testens Ostern. Panikk\u00e4ufe sind jedoch nicht n\u00f6tig. \u00d6sterreichs Superm\u00e4rkte erleben derzeit einen deutlichen Engpass bei H\u00fchnereiern, insbesondere bei Bio- und [&hellip;]","og_url":"https:\/\/now-news.de\/de\/deutschland\/eier-engpass-in-oesterreich-supermaerkte-kaempfen-mit-leeren-regalen\/","og_site_name":"just-now.NEWS Deutschland","article_publisher":"https:\/\/www.facebook.com\/wirmachenauf","article_published_time":"2025-01-22T14:03:46+00:00","og_image":[{"url":"https:\/\/now-news.de\/de\/wp-content\/uploads\/sites\/3\/2025\/01\/6790e8efb480cc58a6671592.jpg"}],"author":"rtnews","twitter_card":"summary_large_image","twitter_creator":"@WirMachenAuf_de","twitter_site":"@WirMachenAuf_de","twitter_misc":{"Verfasst von":"rtnews","Gesch\u00e4tzte Lesezeit":"2\u00a0Minuten"},"schema":{"@context":"https:\/\/schema.org","@graph":[{"@type":"Article","@id":"https:\/\/now-news.de\/de\/deutschland\/eier-engpass-in-oesterreich-supermaerkte-kaempfen-mit-leeren-regalen\/#article","isPartOf":{"@id":"https:\/\/now-news.de\/de\/deutschland\/eier-engpass-in-oesterreich-supermaerkte-kaempfen-mit-leeren-regalen\/"},"author":{"name":"rtnews","@id":"https:\/\/now-news.de\/de\/#\/schema\/person\/fb534a4e865501d8b3285208df34a9b5"},"headline":"Eier-Engpass in \u00d6sterreich: Superm\u00e4rkte k\u00e4mpfen mit leeren Regalen","datePublished":"2025-01-22T14:03:46+00:00","dateModified":"2025-01-22T14:03:46+00:00","mainEntityOfPage":{"@id":"https:\/\/now-news.de\/de\/deutschland\/eier-engpass-in-oesterreich-supermaerkte-kaempfen-mit-leeren-regalen\/"},"wordCount":386,"commentCount":0,"publisher":{"@id":"https:\/\/now-news.de\/de\/#organization"},"image":{"@id":"https:\/\/now-news.de\/de\/deutschland\/eier-engpass-in-oesterreich-supermaerkte-kaempfen-mit-leeren-regalen\/#primaryimage"},"thumbnailUrl":"https:\/\/now-news.de\/de\/wp-content\/uploads\/sites\/3\/2025\/01\/Eier-Engpass-in-Oesterreich-Supermaerkte-kaempfen-mit-leeren-Regalen.jpg","keywords":["EierEngpass","k\u00e4mpfen","leeren","mit","\u00d6sterreich","Regalen","Superm\u00e4rkte"],"articleSection":["Deutschland","Russland"],"inLanguage":"de","potentialAction":[{"@type":"CommentAction","name":"Comment","target":["https:\/\/now-news.de\/de\/deutschland\/eier-engpass-in-oesterreich-supermaerkte-kaempfen-mit-leeren-regalen\/#respond"]}]},{"@type":"WebPage","@id":"https:\/\/now-news.de\/de\/deutschland\/eier-engpass-in-oesterreich-supermaerkte-kaempfen-mit-leeren-regalen\/","url":"https:\/\/now-news.de\/de\/deutschland\/eier-engpass-in-oesterreich-supermaerkte-kaempfen-mit-leeren-regalen\/","name":"Eier-Engpass in \u00d6sterreich: Superm\u00e4rkte k\u00e4mpfen mit leeren Regalen - just-now.NEWS Deutschland","isPartOf":{"@id":"https:\/\/now-news.de\/de\/#website"},"primaryImageOfPage":{"@id":"https:\/\/now-news.de\/de\/deutschland\/eier-engpass-in-oesterreich-supermaerkte-kaempfen-mit-leeren-regalen\/#primaryimage"},"image":{"@id":"https:\/\/now-news.de\/de\/deutschland\/eier-engpass-in-oesterreich-supermaerkte-kaempfen-mit-leeren-regalen\/#primaryimage"},"thumbnailUrl":"https:\/\/now-news.de\/de\/wp-content\/uploads\/sites\/3\/2025\/01\/Eier-Engpass-in-Oesterreich-Supermaerkte-kaempfen-mit-leeren-Regalen.jpg","datePublished":"2025-01-22T14:03:46+00:00","dateModified":"2025-01-22T14:03:46+00:00","breadcrumb":{"@id":"https:\/\/now-news.de\/de\/deutschland\/eier-engpass-in-oesterreich-supermaerkte-kaempfen-mit-leeren-regalen\/#breadcrumb"},"inLanguage":"de","potentialAction":[{"@type":"ReadAction","target":["https:\/\/now-news.de\/de\/deutschland\/eier-engpass-in-oesterreich-supermaerkte-kaempfen-mit-leeren-regalen\/"]}]},{"@type":"ImageObject","inLanguage":"de","@id":"https:\/\/now-news.de\/de\/deutschland\/eier-engpass-in-oesterreich-supermaerkte-kaempfen-mit-leeren-regalen\/#primaryimage","url":"https:\/\/now-news.de\/de\/wp-content\/uploads\/sites\/3\/2025\/01\/Eier-Engpass-in-Oesterreich-Supermaerkte-kaempfen-mit-leeren-Regalen.jpg","contentUrl":"https:\/\/now-news.de\/de\/wp-content\/uploads\/sites\/3\/2025\/01\/Eier-Engpass-in-Oesterreich-Supermaerkte-kaempfen-mit-leeren-Regalen.jpg","width":460,"height":259,"caption":"Eier-Engpass in \u00d6sterreich: Superm\u00e4rkte k\u00e4mpfen mit leeren Regalen"},{"@type":"BreadcrumbList","@id":"https:\/\/now-news.de\/de\/deutschland\/eier-engpass-in-oesterreich-supermaerkte-kaempfen-mit-leeren-regalen\/#breadcrumb","itemListElement":[{"@type":"ListItem","position":1,"name":"Home","item":"https:\/\/now-news.de\/de\/"},{"@type":"ListItem","position":2,"name":"Eier-Engpass in \u00d6sterreich: Superm\u00e4rkte k\u00e4mpfen mit leeren Regalen"}]},{"@type":"WebSite","@id":"https:\/\/now-news.de\/de\/#website","url":"https:\/\/now-news.de\/de\/","name":"just-now.NEWS Deutschland","description":"Das Portal f\u00fcr unzensierte Nachrichten aus der Welt","publisher":{"@id":"https:\/\/now-news.de\/de\/#organization"},"potentialAction":[{"@type":"SearchAction","target":{"@type":"EntryPoint","urlTemplate":"https:\/\/now-news.de\/de\/?s={search_term_string}"},"query-input":"required name=search_term_string"}],"inLanguage":"de"},{"@type":"Organization","@id":"https:\/\/now-news.de\/de\/#organization","name":"Just Now News","url":"https:\/\/now-news.de\/de\/","logo":{"@type":"ImageObject","inLanguage":"de","@id":"https:\/\/now-news.de\/de\/#\/schema\/logo\/image\/","url":"http:\/\/just-now.news\/de\/wp-content\/uploads\/sites\/3\/2022\/04\/logo500x500.jpg","contentUrl":"http:\/\/just-now.news\/de\/wp-content\/uploads\/sites\/3\/2022\/04\/logo500x500.jpg","width":500,"height":500,"caption":"Just Now News"},"image":{"@id":"https:\/\/now-news.de\/de\/#\/schema\/logo\/image\/"},"sameAs":["https:\/\/www.facebook.com\/wirmachenauf","https:\/\/x.com\/WirMachenAuf_de"]},{"@type":"Person","@id":"https:\/\/now-news.de\/de\/#\/schema\/person\/fb534a4e865501d8b3285208df34a9b5","name":"rtnews","image":{"@type":"ImageObject","inLanguage":"de","@id":"https:\/\/now-news.de\/de\/#\/schema\/person\/image\/","url":"https:\/\/secure.gravatar.com\/avatar\/82aafea7d8127119dd649515f56e2117?s=96&d=mm&r=g","contentUrl":"https:\/\/secure.gravatar.com\/avatar\/82aafea7d8127119dd649515f56e2117?s=96&d=mm&r=g","caption":"rtnews"},"url":"https:\/\/now-news.de\/de\/author\/rnews\/"}]}},"_links":{"self":[{"href":"https:\/\/now-news.de\/de\/wp-json\/wp\/v2\/posts\/76946"}],"collection":[{"href":"https:\/\/now-news.de\/de\/wp-json\/wp\/v2\/posts"}],"about":[{"href":"https:\/\/now-news.de\/de\/wp-json\/wp\/v2\/types\/post"}],"author":[{"embeddable":true,"href":"https:\/\/now-news.de\/de\/wp-json\/wp\/v2\/users\/3"}],"replies":[{"embeddable":true,"href":"https:\/\/now-news.de\/de\/wp-json\/wp\/v2\/comments?post=76946"}],"version-history":[{"count":0,"href":"https:\/\/now-news.de\/de\/wp-json\/wp\/v2\/posts\/76946\/revisions"}],"wp:featuredmedia":[{"embeddable":true,"href":"https:\/\/now-news.de\/de\/wp-json\/wp\/v2\/media\/76947"}],"wp:attachment":[{"href":"https:\/\/now-news.de\/de\/wp-json\/wp\/v2\/media?parent=76946"}],"wp:term":[{"taxonomy":"category","embeddable":true,"href":"https:\/\/now-news.de\/de\/wp-json\/wp\/v2\/categories?post=76946"},{"taxonomy":"post_tag","embeddable":true,"href":"https:\/\/now-news.de\/de\/wp-json\/wp\/v2\/tags?post=76946"}],"curies":[{"name":"wp","href":"https:\/\/api.w.org\/{rel}","templated":true}]}}