{"id":76933,"date":"2025-01-22T13:05:27","date_gmt":"2025-01-22T11:05:27","guid":{"rendered":"https:\/\/now-news.de\/de\/deutschland\/selenskij-in-davos-alle-welt-blickt-nach-washington-europa-ist-nur-zuschauer\/"},"modified":"2025-01-22T13:05:27","modified_gmt":"2025-01-22T11:05:27","slug":"selenskij-in-davos-alle-welt-blickt-nach-washington-europa-ist-nur-zuschauer","status":"publish","type":"post","link":"https:\/\/now-news.de\/de\/deutschland\/selenskij-in-davos-alle-welt-blickt-nach-washington-europa-ist-nur-zuschauer\/","title":{"rendered":"Selenskij in Davos: Alle Welt blickt nach Washington \u2013 Europa ist nur Zuschauer"},"content":{"rendered":"<p><img decoding=\"async\" src=\"https:\/\/now-news.de\/de\/wp-content\/uploads\/sites\/3\/2025\/01\/6790c40348fbef7a8121fcb5.jpg\" \/><\/p>\n<div class=\"Text-root Text-type_1 \">\n                Wladimir Selenskij \u00fcbt scharfe Kritik an der EU und ihre immer schw\u00e4chere Bedeutung in der Welt im Gegensatz zu den USA. Er bezweifelt, dass Donald Trump bei den Friedensverhandlungen mit Moskau \u00fcber die Beilegung des Konflikts auf Br\u00fcssel h\u00f6ren werde.\n            <\/div>\n<p><\/p>\n<div class=\"Text-root Text-type_5 ArticleView-text ViewText-root \">\n<p>Donald Trumps R\u00fcckkehr ins Wei\u00dfe Haus ist eines der Hauptthemen des Weltwirtschaftsforums im schweizerischen Davos.\u00a0Am Dienstag, einen Tag nach Trumps Amtsantritt als US-Pr\u00e4sident, hat der ukrainische Pr\u00e4sident Wladimir Selenskij Kiews Verb\u00fcndete in Europa in einer Rede heftig kritisiert.\u00a0Er sagte, der Kontinent m\u00fcsse &#8220;aufstehen und lernen, wie man sich um sich selbst k\u00fcmmert, damit die Welt ihn nicht ignorieren kann&#8221;.<\/p>\n<p>In seiner Rede hat Selenskij die St\u00e4rke Washingtons der Schw\u00e4che der EU gegen\u00fcbergestellt. &#8220;Vor zwanzig Stunden fand in Washington die Amtseinf\u00fchrung von Pr\u00e4sident Trump statt. Und jetzt warten alle darauf, was er als N\u00e4chstes tun wird&#8221;, so Selenskij.\u00a0<\/p>\n<p>Die meisten Staaten seien nun dar\u00fcber besorgt, was mit ihren Beziehungen zu Washington passieren werde. Wie die Zukunft der B\u00fcndnisse aussehe und was mit dem Handel sein werde. Welche Schritte Trump zu unternehmen plane, um Kriege zu beenden. &#8220;Aber niemand stellt diese Art von Fragen \u00fcber Europa. Und da m\u00fcssen wir ehrlich sein&#8221;, betonte Selenskij. &#8220;Washington glaubt nicht, dass Europa den USA irgendwas bringen k\u00f6nnte, was wirklich entscheidend ist.&#8221;<\/p>\n<p>Weiter wies er darauf hin, dass Washington unter Joe Biden den asiatisch-pazifischen Raum als oberste Priorit\u00e4t genannt hatte, gefolgt vom Nahen Osten und erst dann Europa.<\/p>\n<p>Die Biden-Regierung habe sich mehr f\u00fcr die Unterst\u00fctzung der traditionellen europ\u00e4ischen Verb\u00fcndeten der USA eingesetzt, als es die Trump-Regierung nun zu tun gedenke. &#8220;Europa kann es sich nicht leisten, bei seinen Verb\u00fcndeten auf dem zweiten oder dritten Platz zu stehen&#8221;, so Selenskij. Andernfalls werde sich die Welt ohne Europa weiterentwickeln und diese neue Welt werde &#8220;f\u00fcr die Europ\u00e4er weder angenehm noch vorteilhaft sein&#8221;.<\/p>\n<p>Obwohl der ukrainische Pr\u00e4sident seine Dankbarkeit f\u00fcr die EU-Hilfe im Krieg gegen Russland erneut bekr\u00e4ftigte, merkte er jedoch Folgendes an: &#8220;Es ist nicht klar, ob Europa \u00fcberhaupt einen Platz am Tisch haben wird, wenn der Krieg gegen unser Land zu Ende ist.&#8221; Er zweifle, dass Trump Europa \u00fcberhaupt zuh\u00f6ren und die EU-Institutionen respektieren werde, so Selenskij.\u00a0<\/p>\n<p>&#8220;Die ganze Welt blickt nach Washington. Europa ist nur noch ein Zuschauer. Unsere Entscheidungstr\u00e4ger geben auf X ihren Senf dazu, wenn andere Teile der Welt wichtige Deals miteinander eingehen&#8221;, sagte Selenskij. &#8220;Europa muss die Bedingungen f\u00fcr diese Abkommen mitgestalten&#8221;, f\u00fcgte er hinzu.\u00a0<\/p>\n<p>Au\u00dferdem machte Selenskij der EU ihre anhaltende Abh\u00e4ngigkeit von Gas aus Russland zum Vorwurf. Die EU kaufe Gas aus Russland und hoffe gleichzeitig auf Sicherheitsgarantien und Unterst\u00fctzung aus Washington. &#8220;Europa muss einen Schritt nach vorne machen, um echte Energieunabh\u00e4ngigkeit zu erreichen&#8221;, sagte Selenskij.\u00a0<\/p>\n<p>Abschlie\u00dfend \u00e4u\u00dferte sich der ukrainische Pr\u00e4sident \u00fcber Trumps Forderung, dass die NATO-Verb\u00fcndeten 5 Prozent ihres BIP f\u00fcr die Verteidigung ausgeben sollten:<\/p>\n<p><em>&#8220;Alle europ\u00e4ischen L\u00e4nder m\u00fcssen bereit sein, so viel f\u00fcr die Sicherheit auszugeben, wie wirklich n\u00f6tig ist, und nicht so viel, wie sie sich w\u00e4hrend der Jahre der Vernachl\u00e4ssigung angew\u00f6hnt haben. Wenn es 5 Prozent des BIP erfordert, um die Verteidigung zu decken, dann sollen es 5 Prozent sein.&#8221;<\/em><\/p>\n<p><strong>Mehr zum Thema\u00a0\u2013 <\/strong><a rel=\"nofollow noopener\" target=\"_blank\" href=\"https:\/\/freedert.online\/meinung\/233841-machtkonzentration-bei-milliardaeren-mutiert-davos\/\">Machtkonzentration bei Milliard\u00e4ren: Mutiert Davos zum Forum f\u00fcr westliche Oligarchen?<\/a><\/p>\n<div class=\"EmbedBlock-root EmbedBlock-externalVideo EmbedBlock-rumble\">\n<div class=\"VkEmbed\"><iframe class=\"lazyload\" data-src=\"https:\/\/rumble.com\/embed\/v69v05p\" frameborder=\"0\" width=\"853\" height=\"480\" allowfullscreen><\/iframe><\/div>\n<\/div>\n<\/div>\n<p><br \/>\n<br \/><a href=\"https:\/\/de.rt.com\/europa\/233907-selenskij-in-davos-ganze-welt\/\">Source link <\/a><\/p>\n","protected":false},"excerpt":{"rendered":"<p>Wladimir Selenskij \u00fcbt scharfe Kritik an der EU und ihre immer schw\u00e4chere Bedeutung in der Welt im Gegensatz zu den USA. Er bezweifelt, dass Donald Trump bei den Friedensverhandlungen mit Moskau \u00fcber die Beilegung des Konflikts auf Br\u00fcssel h\u00f6ren werde. Donald Trumps R\u00fcckkehr ins Wei\u00dfe Haus ist eines der Hauptthemen des Weltwirtschaftsforums im schweizerischen Davos.\u00a0Am [&hellip;]<\/p>\n","protected":false},"author":3,"featured_media":76934,"comment_status":"open","ping_status":"open","sticky":false,"template":"","format":"standard","meta":{"_yoast_indexnow_last_ping":["1737545486"],"wp_automatic_camp":["217"],"d9e4004ec2368d8ffcb09b166a18919f":["Selenskij in Davos: Alle Welt blickt nach Washington \u2013 Europa ist nur Zuschauer"],"original_link":["https:\/\/de.rt.com\/europa\/233907-selenskij-in-davos-ganze-welt\/"],"_thumbnail_id":["76934"],"_wptgpro_p2tg_sent2tg":["a:1:{i:23737;s:19:\"2025-01-22 13:33:42\";}"],"jnews_social_counter_last_update":["1777263765"]},"categories":[19,23],"tags":[271,49817,92,1370,414,979,4230,6158,1039,778,16445],"yoast_head":"<!-- This site is optimized with the Yoast SEO Premium plugin v22.7 (Yoast SEO v22.7) - https:\/\/yoast.com\/wordpress\/plugins\/seo\/ -->\n<title>Selenskij in Davos: Alle Welt blickt nach Washington \u2013 Europa ist nur Zuschauer - just-now.NEWS Deutschland<\/title>\n<meta name=\"robots\" content=\"index, follow, max-snippet:-1, max-image-preview:large, max-video-preview:-1\" \/>\n<link rel=\"canonical\" href=\"https:\/\/now-news.de\/de\/deutschland\/selenskij-in-davos-alle-welt-blickt-nach-washington-europa-ist-nur-zuschauer\/\" \/>\n<meta property=\"og:locale\" content=\"de_DE\" \/>\n<meta property=\"og:type\" content=\"article\" \/>\n<meta property=\"og:title\" content=\"Selenskij in Davos: Alle Welt blickt nach Washington \u2013 Europa ist nur Zuschauer\" \/>\n<meta property=\"og:description\" content=\"Wladimir Selenskij \u00fcbt scharfe Kritik an der EU und ihre immer schw\u00e4chere Bedeutung in der Welt im Gegensatz zu den USA. Er bezweifelt, dass Donald Trump bei den Friedensverhandlungen mit Moskau \u00fcber die Beilegung des Konflikts auf Br\u00fcssel h\u00f6ren werde. Donald Trumps R\u00fcckkehr ins Wei\u00dfe Haus ist eines der Hauptthemen des Weltwirtschaftsforums im schweizerischen Davos.\u00a0Am [&hellip;]\" \/>\n<meta property=\"og:url\" content=\"https:\/\/now-news.de\/de\/deutschland\/selenskij-in-davos-alle-welt-blickt-nach-washington-europa-ist-nur-zuschauer\/\" \/>\n<meta property=\"og:site_name\" content=\"just-now.NEWS Deutschland\" \/>\n<meta property=\"article:publisher\" content=\"https:\/\/www.facebook.com\/wirmachenauf\" \/>\n<meta property=\"article:published_time\" content=\"2025-01-22T11:05:27+00:00\" \/>\n<meta property=\"og:image\" content=\"https:\/\/now-news.de\/de\/wp-content\/uploads\/sites\/3\/2025\/01\/6790c40348fbef7a8121fcb5.jpg\" \/>\n<meta name=\"author\" content=\"rtnews\" \/>\n<meta name=\"twitter:card\" content=\"summary_large_image\" \/>\n<meta name=\"twitter:creator\" content=\"@WirMachenAuf_de\" \/>\n<meta name=\"twitter:site\" content=\"@WirMachenAuf_de\" \/>\n<meta name=\"twitter:label1\" content=\"Verfasst von\" \/>\n\t<meta name=\"twitter:data1\" content=\"rtnews\" \/>\n\t<meta name=\"twitter:label2\" content=\"Gesch\u00e4tzte Lesezeit\" \/>\n\t<meta name=\"twitter:data2\" content=\"3\u00a0Minuten\" \/>\n<script type=\"application\/ld+json\" class=\"yoast-schema-graph\">{\"@context\":\"https:\/\/schema.org\",\"@graph\":[{\"@type\":\"Article\",\"@id\":\"https:\/\/now-news.de\/de\/deutschland\/selenskij-in-davos-alle-welt-blickt-nach-washington-europa-ist-nur-zuschauer\/#article\",\"isPartOf\":{\"@id\":\"https:\/\/now-news.de\/de\/deutschland\/selenskij-in-davos-alle-welt-blickt-nach-washington-europa-ist-nur-zuschauer\/\"},\"author\":{\"name\":\"rtnews\",\"@id\":\"https:\/\/now-news.de\/de\/#\/schema\/person\/fb534a4e865501d8b3285208df34a9b5\"},\"headline\":\"Selenskij in Davos: Alle Welt blickt nach Washington \u2013 Europa ist nur Zuschauer\",\"datePublished\":\"2025-01-22T11:05:27+00:00\",\"dateModified\":\"2025-01-22T11:05:27+00:00\",\"mainEntityOfPage\":{\"@id\":\"https:\/\/now-news.de\/de\/deutschland\/selenskij-in-davos-alle-welt-blickt-nach-washington-europa-ist-nur-zuschauer\/\"},\"wordCount\":586,\"commentCount\":0,\"publisher\":{\"@id\":\"https:\/\/now-news.de\/de\/#organization\"},\"image\":{\"@id\":\"https:\/\/now-news.de\/de\/deutschland\/selenskij-in-davos-alle-welt-blickt-nach-washington-europa-ist-nur-zuschauer\/#primaryimage\"},\"thumbnailUrl\":\"https:\/\/now-news.de\/de\/wp-content\/uploads\/sites\/3\/2025\/01\/Selenskij-in-Davos-Alle-Welt-blickt-nach-Washington-\u2013-Europa.jpg\",\"keywords\":[\"ALLE\",\"blickt\",\"Davos\",\"Europa\",\"ist\",\"nach\",\"NUR\",\"Selenskij\",\"Washington\",\"Welt\",\"Zuschauer\"],\"articleSection\":[\"Deutschland\",\"Russland\"],\"inLanguage\":\"de\",\"potentialAction\":[{\"@type\":\"CommentAction\",\"name\":\"Comment\",\"target\":[\"https:\/\/now-news.de\/de\/deutschland\/selenskij-in-davos-alle-welt-blickt-nach-washington-europa-ist-nur-zuschauer\/#respond\"]}]},{\"@type\":\"WebPage\",\"@id\":\"https:\/\/now-news.de\/de\/deutschland\/selenskij-in-davos-alle-welt-blickt-nach-washington-europa-ist-nur-zuschauer\/\",\"url\":\"https:\/\/now-news.de\/de\/deutschland\/selenskij-in-davos-alle-welt-blickt-nach-washington-europa-ist-nur-zuschauer\/\",\"name\":\"Selenskij in Davos: Alle Welt blickt nach Washington \u2013 Europa ist nur Zuschauer - just-now.NEWS Deutschland\",\"isPartOf\":{\"@id\":\"https:\/\/now-news.de\/de\/#website\"},\"primaryImageOfPage\":{\"@id\":\"https:\/\/now-news.de\/de\/deutschland\/selenskij-in-davos-alle-welt-blickt-nach-washington-europa-ist-nur-zuschauer\/#primaryimage\"},\"image\":{\"@id\":\"https:\/\/now-news.de\/de\/deutschland\/selenskij-in-davos-alle-welt-blickt-nach-washington-europa-ist-nur-zuschauer\/#primaryimage\"},\"thumbnailUrl\":\"https:\/\/now-news.de\/de\/wp-content\/uploads\/sites\/3\/2025\/01\/Selenskij-in-Davos-Alle-Welt-blickt-nach-Washington-\u2013-Europa.jpg\",\"datePublished\":\"2025-01-22T11:05:27+00:00\",\"dateModified\":\"2025-01-22T11:05:27+00:00\",\"breadcrumb\":{\"@id\":\"https:\/\/now-news.de\/de\/deutschland\/selenskij-in-davos-alle-welt-blickt-nach-washington-europa-ist-nur-zuschauer\/#breadcrumb\"},\"inLanguage\":\"de\",\"potentialAction\":[{\"@type\":\"ReadAction\",\"target\":[\"https:\/\/now-news.de\/de\/deutschland\/selenskij-in-davos-alle-welt-blickt-nach-washington-europa-ist-nur-zuschauer\/\"]}]},{\"@type\":\"ImageObject\",\"inLanguage\":\"de\",\"@id\":\"https:\/\/now-news.de\/de\/deutschland\/selenskij-in-davos-alle-welt-blickt-nach-washington-europa-ist-nur-zuschauer\/#primaryimage\",\"url\":\"https:\/\/now-news.de\/de\/wp-content\/uploads\/sites\/3\/2025\/01\/Selenskij-in-Davos-Alle-Welt-blickt-nach-Washington-\u2013-Europa.jpg\",\"contentUrl\":\"https:\/\/now-news.de\/de\/wp-content\/uploads\/sites\/3\/2025\/01\/Selenskij-in-Davos-Alle-Welt-blickt-nach-Washington-\u2013-Europa.jpg\",\"width\":460,\"height\":259,\"caption\":\"Selenskij in Davos: Alle Welt blickt nach Washington \u2013 Europa ist nur Zuschauer\"},{\"@type\":\"BreadcrumbList\",\"@id\":\"https:\/\/now-news.de\/de\/deutschland\/selenskij-in-davos-alle-welt-blickt-nach-washington-europa-ist-nur-zuschauer\/#breadcrumb\",\"itemListElement\":[{\"@type\":\"ListItem\",\"position\":1,\"name\":\"Home\",\"item\":\"https:\/\/now-news.de\/de\/\"},{\"@type\":\"ListItem\",\"position\":2,\"name\":\"Selenskij in Davos: Alle Welt blickt nach Washington \u2013 Europa ist nur Zuschauer\"}]},{\"@type\":\"WebSite\",\"@id\":\"https:\/\/now-news.de\/de\/#website\",\"url\":\"https:\/\/now-news.de\/de\/\",\"name\":\"just-now.NEWS Deutschland\",\"description\":\"Das Portal f\u00fcr unzensierte Nachrichten aus der Welt\",\"publisher\":{\"@id\":\"https:\/\/now-news.de\/de\/#organization\"},\"potentialAction\":[{\"@type\":\"SearchAction\",\"target\":{\"@type\":\"EntryPoint\",\"urlTemplate\":\"https:\/\/now-news.de\/de\/?s={search_term_string}\"},\"query-input\":\"required name=search_term_string\"}],\"inLanguage\":\"de\"},{\"@type\":\"Organization\",\"@id\":\"https:\/\/now-news.de\/de\/#organization\",\"name\":\"Just Now News\",\"url\":\"https:\/\/now-news.de\/de\/\",\"logo\":{\"@type\":\"ImageObject\",\"inLanguage\":\"de\",\"@id\":\"https:\/\/now-news.de\/de\/#\/schema\/logo\/image\/\",\"url\":\"http:\/\/just-now.news\/de\/wp-content\/uploads\/sites\/3\/2022\/04\/logo500x500.jpg\",\"contentUrl\":\"http:\/\/just-now.news\/de\/wp-content\/uploads\/sites\/3\/2022\/04\/logo500x500.jpg\",\"width\":500,\"height\":500,\"caption\":\"Just Now News\"},\"image\":{\"@id\":\"https:\/\/now-news.de\/de\/#\/schema\/logo\/image\/\"},\"sameAs\":[\"https:\/\/www.facebook.com\/wirmachenauf\",\"https:\/\/x.com\/WirMachenAuf_de\"]},{\"@type\":\"Person\",\"@id\":\"https:\/\/now-news.de\/de\/#\/schema\/person\/fb534a4e865501d8b3285208df34a9b5\",\"name\":\"rtnews\",\"image\":{\"@type\":\"ImageObject\",\"inLanguage\":\"de\",\"@id\":\"https:\/\/now-news.de\/de\/#\/schema\/person\/image\/\",\"url\":\"https:\/\/secure.gravatar.com\/avatar\/82aafea7d8127119dd649515f56e2117?s=96&d=mm&r=g\",\"contentUrl\":\"https:\/\/secure.gravatar.com\/avatar\/82aafea7d8127119dd649515f56e2117?s=96&d=mm&r=g\",\"caption\":\"rtnews\"},\"url\":\"https:\/\/now-news.de\/de\/author\/rnews\/\"}]}<\/script>\n<!-- \/ Yoast SEO Premium plugin. -->","yoast_head_json":{"title":"Selenskij in Davos: Alle Welt blickt nach Washington \u2013 Europa ist nur Zuschauer - just-now.NEWS Deutschland","robots":{"index":"index","follow":"follow","max-snippet":"max-snippet:-1","max-image-preview":"max-image-preview:large","max-video-preview":"max-video-preview:-1"},"canonical":"https:\/\/now-news.de\/de\/deutschland\/selenskij-in-davos-alle-welt-blickt-nach-washington-europa-ist-nur-zuschauer\/","og_locale":"de_DE","og_type":"article","og_title":"Selenskij in Davos: Alle Welt blickt nach Washington \u2013 Europa ist nur Zuschauer","og_description":"Wladimir Selenskij \u00fcbt scharfe Kritik an der EU und ihre immer schw\u00e4chere Bedeutung in der Welt im Gegensatz zu den USA. Er bezweifelt, dass Donald Trump bei den Friedensverhandlungen mit Moskau \u00fcber die Beilegung des Konflikts auf Br\u00fcssel h\u00f6ren werde. Donald Trumps R\u00fcckkehr ins Wei\u00dfe Haus ist eines der Hauptthemen des Weltwirtschaftsforums im schweizerischen Davos.\u00a0Am [&hellip;]","og_url":"https:\/\/now-news.de\/de\/deutschland\/selenskij-in-davos-alle-welt-blickt-nach-washington-europa-ist-nur-zuschauer\/","og_site_name":"just-now.NEWS Deutschland","article_publisher":"https:\/\/www.facebook.com\/wirmachenauf","article_published_time":"2025-01-22T11:05:27+00:00","og_image":[{"url":"https:\/\/now-news.de\/de\/wp-content\/uploads\/sites\/3\/2025\/01\/6790c40348fbef7a8121fcb5.jpg"}],"author":"rtnews","twitter_card":"summary_large_image","twitter_creator":"@WirMachenAuf_de","twitter_site":"@WirMachenAuf_de","twitter_misc":{"Verfasst von":"rtnews","Gesch\u00e4tzte Lesezeit":"3\u00a0Minuten"},"schema":{"@context":"https:\/\/schema.org","@graph":[{"@type":"Article","@id":"https:\/\/now-news.de\/de\/deutschland\/selenskij-in-davos-alle-welt-blickt-nach-washington-europa-ist-nur-zuschauer\/#article","isPartOf":{"@id":"https:\/\/now-news.de\/de\/deutschland\/selenskij-in-davos-alle-welt-blickt-nach-washington-europa-ist-nur-zuschauer\/"},"author":{"name":"rtnews","@id":"https:\/\/now-news.de\/de\/#\/schema\/person\/fb534a4e865501d8b3285208df34a9b5"},"headline":"Selenskij in Davos: Alle Welt blickt nach Washington \u2013 Europa ist nur Zuschauer","datePublished":"2025-01-22T11:05:27+00:00","dateModified":"2025-01-22T11:05:27+00:00","mainEntityOfPage":{"@id":"https:\/\/now-news.de\/de\/deutschland\/selenskij-in-davos-alle-welt-blickt-nach-washington-europa-ist-nur-zuschauer\/"},"wordCount":586,"commentCount":0,"publisher":{"@id":"https:\/\/now-news.de\/de\/#organization"},"image":{"@id":"https:\/\/now-news.de\/de\/deutschland\/selenskij-in-davos-alle-welt-blickt-nach-washington-europa-ist-nur-zuschauer\/#primaryimage"},"thumbnailUrl":"https:\/\/now-news.de\/de\/wp-content\/uploads\/sites\/3\/2025\/01\/Selenskij-in-Davos-Alle-Welt-blickt-nach-Washington-\u2013-Europa.jpg","keywords":["ALLE","blickt","Davos","Europa","ist","nach","NUR","Selenskij","Washington","Welt","Zuschauer"],"articleSection":["Deutschland","Russland"],"inLanguage":"de","potentialAction":[{"@type":"CommentAction","name":"Comment","target":["https:\/\/now-news.de\/de\/deutschland\/selenskij-in-davos-alle-welt-blickt-nach-washington-europa-ist-nur-zuschauer\/#respond"]}]},{"@type":"WebPage","@id":"https:\/\/now-news.de\/de\/deutschland\/selenskij-in-davos-alle-welt-blickt-nach-washington-europa-ist-nur-zuschauer\/","url":"https:\/\/now-news.de\/de\/deutschland\/selenskij-in-davos-alle-welt-blickt-nach-washington-europa-ist-nur-zuschauer\/","name":"Selenskij in Davos: Alle Welt blickt nach Washington \u2013 Europa ist nur Zuschauer - just-now.NEWS Deutschland","isPartOf":{"@id":"https:\/\/now-news.de\/de\/#website"},"primaryImageOfPage":{"@id":"https:\/\/now-news.de\/de\/deutschland\/selenskij-in-davos-alle-welt-blickt-nach-washington-europa-ist-nur-zuschauer\/#primaryimage"},"image":{"@id":"https:\/\/now-news.de\/de\/deutschland\/selenskij-in-davos-alle-welt-blickt-nach-washington-europa-ist-nur-zuschauer\/#primaryimage"},"thumbnailUrl":"https:\/\/now-news.de\/de\/wp-content\/uploads\/sites\/3\/2025\/01\/Selenskij-in-Davos-Alle-Welt-blickt-nach-Washington-\u2013-Europa.jpg","datePublished":"2025-01-22T11:05:27+00:00","dateModified":"2025-01-22T11:05:27+00:00","breadcrumb":{"@id":"https:\/\/now-news.de\/de\/deutschland\/selenskij-in-davos-alle-welt-blickt-nach-washington-europa-ist-nur-zuschauer\/#breadcrumb"},"inLanguage":"de","potentialAction":[{"@type":"ReadAction","target":["https:\/\/now-news.de\/de\/deutschland\/selenskij-in-davos-alle-welt-blickt-nach-washington-europa-ist-nur-zuschauer\/"]}]},{"@type":"ImageObject","inLanguage":"de","@id":"https:\/\/now-news.de\/de\/deutschland\/selenskij-in-davos-alle-welt-blickt-nach-washington-europa-ist-nur-zuschauer\/#primaryimage","url":"https:\/\/now-news.de\/de\/wp-content\/uploads\/sites\/3\/2025\/01\/Selenskij-in-Davos-Alle-Welt-blickt-nach-Washington-\u2013-Europa.jpg","contentUrl":"https:\/\/now-news.de\/de\/wp-content\/uploads\/sites\/3\/2025\/01\/Selenskij-in-Davos-Alle-Welt-blickt-nach-Washington-\u2013-Europa.jpg","width":460,"height":259,"caption":"Selenskij in Davos: Alle Welt blickt nach Washington \u2013 Europa ist nur Zuschauer"},{"@type":"BreadcrumbList","@id":"https:\/\/now-news.de\/de\/deutschland\/selenskij-in-davos-alle-welt-blickt-nach-washington-europa-ist-nur-zuschauer\/#breadcrumb","itemListElement":[{"@type":"ListItem","position":1,"name":"Home","item":"https:\/\/now-news.de\/de\/"},{"@type":"ListItem","position":2,"name":"Selenskij in Davos: Alle Welt blickt nach Washington \u2013 Europa ist nur Zuschauer"}]},{"@type":"WebSite","@id":"https:\/\/now-news.de\/de\/#website","url":"https:\/\/now-news.de\/de\/","name":"just-now.NEWS Deutschland","description":"Das Portal f\u00fcr unzensierte Nachrichten aus der Welt","publisher":{"@id":"https:\/\/now-news.de\/de\/#organization"},"potentialAction":[{"@type":"SearchAction","target":{"@type":"EntryPoint","urlTemplate":"https:\/\/now-news.de\/de\/?s={search_term_string}"},"query-input":"required name=search_term_string"}],"inLanguage":"de"},{"@type":"Organization","@id":"https:\/\/now-news.de\/de\/#organization","name":"Just Now News","url":"https:\/\/now-news.de\/de\/","logo":{"@type":"ImageObject","inLanguage":"de","@id":"https:\/\/now-news.de\/de\/#\/schema\/logo\/image\/","url":"http:\/\/just-now.news\/de\/wp-content\/uploads\/sites\/3\/2022\/04\/logo500x500.jpg","contentUrl":"http:\/\/just-now.news\/de\/wp-content\/uploads\/sites\/3\/2022\/04\/logo500x500.jpg","width":500,"height":500,"caption":"Just Now News"},"image":{"@id":"https:\/\/now-news.de\/de\/#\/schema\/logo\/image\/"},"sameAs":["https:\/\/www.facebook.com\/wirmachenauf","https:\/\/x.com\/WirMachenAuf_de"]},{"@type":"Person","@id":"https:\/\/now-news.de\/de\/#\/schema\/person\/fb534a4e865501d8b3285208df34a9b5","name":"rtnews","image":{"@type":"ImageObject","inLanguage":"de","@id":"https:\/\/now-news.de\/de\/#\/schema\/person\/image\/","url":"https:\/\/secure.gravatar.com\/avatar\/82aafea7d8127119dd649515f56e2117?s=96&d=mm&r=g","contentUrl":"https:\/\/secure.gravatar.com\/avatar\/82aafea7d8127119dd649515f56e2117?s=96&d=mm&r=g","caption":"rtnews"},"url":"https:\/\/now-news.de\/de\/author\/rnews\/"}]}},"_links":{"self":[{"href":"https:\/\/now-news.de\/de\/wp-json\/wp\/v2\/posts\/76933"}],"collection":[{"href":"https:\/\/now-news.de\/de\/wp-json\/wp\/v2\/posts"}],"about":[{"href":"https:\/\/now-news.de\/de\/wp-json\/wp\/v2\/types\/post"}],"author":[{"embeddable":true,"href":"https:\/\/now-news.de\/de\/wp-json\/wp\/v2\/users\/3"}],"replies":[{"embeddable":true,"href":"https:\/\/now-news.de\/de\/wp-json\/wp\/v2\/comments?post=76933"}],"version-history":[{"count":0,"href":"https:\/\/now-news.de\/de\/wp-json\/wp\/v2\/posts\/76933\/revisions"}],"wp:featuredmedia":[{"embeddable":true,"href":"https:\/\/now-news.de\/de\/wp-json\/wp\/v2\/media\/76934"}],"wp:attachment":[{"href":"https:\/\/now-news.de\/de\/wp-json\/wp\/v2\/media?parent=76933"}],"wp:term":[{"taxonomy":"category","embeddable":true,"href":"https:\/\/now-news.de\/de\/wp-json\/wp\/v2\/categories?post=76933"},{"taxonomy":"post_tag","embeddable":true,"href":"https:\/\/now-news.de\/de\/wp-json\/wp\/v2\/tags?post=76933"}],"curies":[{"name":"wp","href":"https:\/\/api.w.org\/{rel}","templated":true}]}}