{"id":76895,"date":"2025-01-21T19:52:02","date_gmt":"2025-01-21T17:52:02","guid":{"rendered":"https:\/\/now-news.de\/de\/deutschland\/beginn-der-praesidentschaftswahlen-in-weissrussland-lukaschenko-verzichtet-auf-debatten\/"},"modified":"2025-01-21T19:52:02","modified_gmt":"2025-01-21T17:52:02","slug":"beginn-der-praesidentschaftswahlen-in-weissrussland-lukaschenko-verzichtet-auf-debatten","status":"publish","type":"post","link":"https:\/\/now-news.de\/de\/deutschland\/beginn-der-praesidentschaftswahlen-in-weissrussland-lukaschenko-verzichtet-auf-debatten\/","title":{"rendered":"Beginn der Pr\u00e4sidentschaftswahlen in Wei\u00dfrussland: Lukaschenko verzichtet auf Debatten"},"content":{"rendered":"<p><img decoding=\"async\" src=\"https:\/\/now-news.de\/de\/wp-content\/uploads\/sites\/3\/2025\/01\/678fa04eb480cc48dd4a948a.jpg\" \/><\/p>\n<div class=\"Text-root Text-type_1 \">\n                In Wei\u00dfrussland hat die vorzeitige Stimmabgabe f\u00fcr die Pr\u00e4sidentschaftswahlen begonnen, die noch bis Samstag andauern wird. Eigentlicher Wahltag ist der Sonntag. Zur Wahl stehen f\u00fcnf Kandidaten, darunter Amtsinhaber Alexander Lukaschenko. Sollte er gewinnen, beg\u00e4nne seine siebte Amtszeit.\n            <\/div>\n<p><\/p>\n<div class=\"Text-root Text-type_5 ArticleView-text ViewText-root \">\n<p>In Wei\u00dfrussland hat die vorzeitige Stimmabgabe f\u00fcr die Pr\u00e4sidentschaftswahlen begonnen. Eigentlicher Wahltag ist der 26.\u00a0Januar. Insgesamt gibt es mehr als 5.000\u00a0Wahllokale im ganzen Land.<\/p>\n<p>F\u00fcnf Kandidaten wurden von der Wahlbeh\u00f6rde zugelassen. Diese sind\u00a0der amtierende Pr\u00e4sident Alexander Lukaschenko, Oleg Gaidukewitsch, Anna Kanopazkaja, Alexander Chischnjak und Sergei Syrankow. Nach Angaben der Wahlbeh\u00f6rde haben diese Kandidaten die f\u00fcr die Registrierung erforderlichen 100.000\u00a0Unterschriften gesammelt. Lukaschenko hat demnach mit mehr als 2,5\u00a0Millionen die meisten Unterschriften vorgelegt. Sollte er die Wahl gewinnen, was so gut wie sicher ist, w\u00e4re dies seine siebte Amtszeit f\u00fcr die n\u00e4chsten f\u00fcnf Jahre. Er ist seit 1994 im Amt.<\/p>\n<p>In einem Interview \u00e4u\u00dferte sich der 70-J\u00e4hrige zu den bevorstehenden Wahlen. Er r\u00e4umte ein, dass er keine Zeit habe, sich mit den Debatten zu besch\u00e4ftigen. Nicht Worte, sondern Taten seien jetzt gefragt, um das Land voranzubringen und zu k\u00e4mpfen.<\/p>\n<p>Sowohl der Au\u00dfenminister als auch der Leiter der Zentralen Wahlkommission haben erkl\u00e4rt, dass sie keine OSZE-Wahlbeobachter im Land sehen wollen. Au\u00dferdem d\u00fcrfen wei\u00dfrussische Staatsb\u00fcrger im Ausland nicht w\u00e4hlen.<\/p>\n<p>Die Opposition hat wiederholt dazu aufgerufen, die Wahlen nicht anzuerkennen.\u00a0Polens\u00a0Pr\u00e4sident Andrzej Duda bezeichnete die Wahlen als Betrug. US-Au\u00dfenminister Antony Blinken nannte die bevorstehenden Pr\u00e4sidentschaftswahlen weder frei noch fair.<\/p>\n<p>Die letzten Pr\u00e4sidentschaftswahlen im August\u00a02020 f\u00fchrten zu den gr\u00f6\u00dften Protesten in der Geschichte des Landes, gefolgt von Repressionen.\u00a0Nach offiziellen Angaben der Wahlkommission hat Lukaschenko die Wahl mit 80,2\u00a0Prozent der Stimmen gewonnen.\u00a0Die Opposition erkannte das Wahlergebnis nicht an, sondern forderte eine Neuausz\u00e4hlung der Stimmen.\u00a0Lukaschenko bezeichnete die Proteste als vom Ausland gesteuert.\u00a0Mehrere Tausend Demonstrierende wurden offiziellen Angaben zufolge festgenommen, viele von ihnen einige Tage sp\u00e4ter wieder freigelassen.\u00a0Nach den Wahlen emigrierte Lukaschenkos Herausforderin Swetlana Tichanowskaja nach Litauen und wurde sp\u00e4ter in Abwesenheit zu 15\u00a0Jahren Haft verurteilt. Ihr Ehemann, ebenfalls Pr\u00e4sidentschaftskandidat, war noch vor der Registrierung verhaftet worden und wurde sp\u00e4ter zu 18 Jahren Haft verurteilt. Wiktor Babariko, ein weiterer Pr\u00e4sidentschaftskandidat, der nicht zur Wahl zugelassen wurde, wurde zu 14\u00a0Jahren Haft verurteilt.<\/p>\n<p><strong>Mehr zum Thema \u2013\u00a0<\/strong><a rel=\"nofollow noopener\" target=\"_blank\" href=\"https:\/\/freedert.online\/europa\/230816-lukaschenko-weissrussland-will-mindestens-zehn-oreschnik-systeme-beherbergen\/\">Lukaschenko: Wei\u00dfrussland will mindestens zehn Oreschnik-Systeme beherbergen<\/a><\/p>\n<div class=\"EmbedBlock-root EmbedBlock-externalVideo EmbedBlock-rumble\">\n<div class=\"VkEmbed\"><iframe class=\"lazyload\" data-src=\"https:\/\/rumble.com\/embed\/v6789u1\" frameborder=\"0\" width=\"853\" height=\"480\" allowfullscreen><\/iframe><\/div>\n<\/div>\n<\/div>\n<p><br \/>\n<br \/><a href=\"https:\/\/de.rt.com\/europa\/233838-beginn-der-praesidentschaftswahlen-in-weissrussland-lukaschenko-verzichtet-auf-debatten\/\">Source link <\/a><\/p>\n","protected":false},"excerpt":{"rendered":"<p>In Wei\u00dfrussland hat die vorzeitige Stimmabgabe f\u00fcr die Pr\u00e4sidentschaftswahlen begonnen, die noch bis Samstag andauern wird. Eigentlicher Wahltag ist der Sonntag. Zur Wahl stehen f\u00fcnf Kandidaten, darunter Amtsinhaber Alexander Lukaschenko. Sollte er gewinnen, beg\u00e4nne seine siebte Amtszeit. In Wei\u00dfrussland hat die vorzeitige Stimmabgabe f\u00fcr die Pr\u00e4sidentschaftswahlen begonnen. Eigentlicher Wahltag ist der 26.\u00a0Januar. Insgesamt gibt es [&hellip;]<\/p>\n","protected":false},"author":3,"featured_media":76896,"comment_status":"open","ping_status":"open","sticky":false,"template":"","format":"standard","meta":{"_yoast_indexnow_last_ping":["1737482656"],"wp_automatic_camp":["217"],"de0870e7c7ac3d9d73a6e021f71c498f":["Beginn der Pr\u00e4sidentschaftswahlen in Wei\u00dfrussland: Lukaschenko verzichtet auf Debatten"],"original_link":["https:\/\/de.rt.com\/europa\/233838-beginn-der-praesidentschaftswahlen-in-weissrussland-lukaschenko-verzichtet-auf-debatten\/"],"_thumbnail_id":["76896"],"_wptgpro_p2tg_sent2tg":["a:1:{i:23737;s:19:\"2025-01-21 20:05:32\";}"],"jnews_social_counter_last_update":["1777439065"]},"categories":[19,23],"tags":[133,20792,62094,82,21453,27236,7756,18575],"yoast_head":"<!-- This site is optimized with the Yoast SEO Premium plugin v22.7 (Yoast SEO v22.7) - https:\/\/yoast.com\/wordpress\/plugins\/seo\/ -->\n<title>Beginn der Pr\u00e4sidentschaftswahlen in Wei\u00dfrussland: Lukaschenko verzichtet auf Debatten - just-now.NEWS Deutschland<\/title>\n<meta name=\"robots\" content=\"index, follow, max-snippet:-1, max-image-preview:large, max-video-preview:-1\" \/>\n<link rel=\"canonical\" href=\"https:\/\/now-news.de\/de\/deutschland\/beginn-der-praesidentschaftswahlen-in-weissrussland-lukaschenko-verzichtet-auf-debatten\/\" \/>\n<meta property=\"og:locale\" content=\"de_DE\" \/>\n<meta property=\"og:type\" content=\"article\" \/>\n<meta property=\"og:title\" content=\"Beginn der Pr\u00e4sidentschaftswahlen in Wei\u00dfrussland: Lukaschenko verzichtet auf Debatten\" \/>\n<meta property=\"og:description\" content=\"In Wei\u00dfrussland hat die vorzeitige Stimmabgabe f\u00fcr die Pr\u00e4sidentschaftswahlen begonnen, die noch bis Samstag andauern wird. Eigentlicher Wahltag ist der Sonntag. Zur Wahl stehen f\u00fcnf Kandidaten, darunter Amtsinhaber Alexander Lukaschenko. Sollte er gewinnen, beg\u00e4nne seine siebte Amtszeit. In Wei\u00dfrussland hat die vorzeitige Stimmabgabe f\u00fcr die Pr\u00e4sidentschaftswahlen begonnen. Eigentlicher Wahltag ist der 26.\u00a0Januar. Insgesamt gibt es [&hellip;]\" \/>\n<meta property=\"og:url\" content=\"https:\/\/now-news.de\/de\/deutschland\/beginn-der-praesidentschaftswahlen-in-weissrussland-lukaschenko-verzichtet-auf-debatten\/\" \/>\n<meta property=\"og:site_name\" content=\"just-now.NEWS Deutschland\" \/>\n<meta property=\"article:publisher\" content=\"https:\/\/www.facebook.com\/wirmachenauf\" \/>\n<meta property=\"article:published_time\" content=\"2025-01-21T17:52:02+00:00\" \/>\n<meta property=\"og:image\" content=\"https:\/\/now-news.de\/de\/wp-content\/uploads\/sites\/3\/2025\/01\/678fa04eb480cc48dd4a948a.jpg\" \/>\n<meta name=\"author\" content=\"rtnews\" \/>\n<meta name=\"twitter:card\" content=\"summary_large_image\" \/>\n<meta name=\"twitter:creator\" content=\"@WirMachenAuf_de\" \/>\n<meta name=\"twitter:site\" content=\"@WirMachenAuf_de\" \/>\n<meta name=\"twitter:label1\" content=\"Verfasst von\" \/>\n\t<meta name=\"twitter:data1\" content=\"rtnews\" \/>\n\t<meta name=\"twitter:label2\" content=\"Gesch\u00e4tzte Lesezeit\" \/>\n\t<meta name=\"twitter:data2\" content=\"2\u00a0Minuten\" \/>\n<script type=\"application\/ld+json\" class=\"yoast-schema-graph\">{\"@context\":\"https:\/\/schema.org\",\"@graph\":[{\"@type\":\"Article\",\"@id\":\"https:\/\/now-news.de\/de\/deutschland\/beginn-der-praesidentschaftswahlen-in-weissrussland-lukaschenko-verzichtet-auf-debatten\/#article\",\"isPartOf\":{\"@id\":\"https:\/\/now-news.de\/de\/deutschland\/beginn-der-praesidentschaftswahlen-in-weissrussland-lukaschenko-verzichtet-auf-debatten\/\"},\"author\":{\"name\":\"rtnews\",\"@id\":\"https:\/\/now-news.de\/de\/#\/schema\/person\/fb534a4e865501d8b3285208df34a9b5\"},\"headline\":\"Beginn der Pr\u00e4sidentschaftswahlen in Wei\u00dfrussland: Lukaschenko verzichtet auf Debatten\",\"datePublished\":\"2025-01-21T17:52:02+00:00\",\"dateModified\":\"2025-01-21T17:52:02+00:00\",\"mainEntityOfPage\":{\"@id\":\"https:\/\/now-news.de\/de\/deutschland\/beginn-der-praesidentschaftswahlen-in-weissrussland-lukaschenko-verzichtet-auf-debatten\/\"},\"wordCount\":420,\"commentCount\":0,\"publisher\":{\"@id\":\"https:\/\/now-news.de\/de\/#organization\"},\"image\":{\"@id\":\"https:\/\/now-news.de\/de\/deutschland\/beginn-der-praesidentschaftswahlen-in-weissrussland-lukaschenko-verzichtet-auf-debatten\/#primaryimage\"},\"thumbnailUrl\":\"https:\/\/now-news.de\/de\/wp-content\/uploads\/sites\/3\/2025\/01\/Beginn-der-Praesidentschaftswahlen-in-Weissrussland-Lukaschenko-verzichtet-auf-Debatten.jpg\",\"keywords\":[\"AUF\",\"Beginn\",\"Debatten\",\"der\",\"Lukaschenko\",\"Pr\u00e4sidentschaftswahlen\",\"verzichtet\",\"Wei\u00dfrussland\"],\"articleSection\":[\"Deutschland\",\"Russland\"],\"inLanguage\":\"de\",\"potentialAction\":[{\"@type\":\"CommentAction\",\"name\":\"Comment\",\"target\":[\"https:\/\/now-news.de\/de\/deutschland\/beginn-der-praesidentschaftswahlen-in-weissrussland-lukaschenko-verzichtet-auf-debatten\/#respond\"]}]},{\"@type\":\"WebPage\",\"@id\":\"https:\/\/now-news.de\/de\/deutschland\/beginn-der-praesidentschaftswahlen-in-weissrussland-lukaschenko-verzichtet-auf-debatten\/\",\"url\":\"https:\/\/now-news.de\/de\/deutschland\/beginn-der-praesidentschaftswahlen-in-weissrussland-lukaschenko-verzichtet-auf-debatten\/\",\"name\":\"Beginn der Pr\u00e4sidentschaftswahlen in Wei\u00dfrussland: Lukaschenko verzichtet auf Debatten - just-now.NEWS Deutschland\",\"isPartOf\":{\"@id\":\"https:\/\/now-news.de\/de\/#website\"},\"primaryImageOfPage\":{\"@id\":\"https:\/\/now-news.de\/de\/deutschland\/beginn-der-praesidentschaftswahlen-in-weissrussland-lukaschenko-verzichtet-auf-debatten\/#primaryimage\"},\"image\":{\"@id\":\"https:\/\/now-news.de\/de\/deutschland\/beginn-der-praesidentschaftswahlen-in-weissrussland-lukaschenko-verzichtet-auf-debatten\/#primaryimage\"},\"thumbnailUrl\":\"https:\/\/now-news.de\/de\/wp-content\/uploads\/sites\/3\/2025\/01\/Beginn-der-Praesidentschaftswahlen-in-Weissrussland-Lukaschenko-verzichtet-auf-Debatten.jpg\",\"datePublished\":\"2025-01-21T17:52:02+00:00\",\"dateModified\":\"2025-01-21T17:52:02+00:00\",\"breadcrumb\":{\"@id\":\"https:\/\/now-news.de\/de\/deutschland\/beginn-der-praesidentschaftswahlen-in-weissrussland-lukaschenko-verzichtet-auf-debatten\/#breadcrumb\"},\"inLanguage\":\"de\",\"potentialAction\":[{\"@type\":\"ReadAction\",\"target\":[\"https:\/\/now-news.de\/de\/deutschland\/beginn-der-praesidentschaftswahlen-in-weissrussland-lukaschenko-verzichtet-auf-debatten\/\"]}]},{\"@type\":\"ImageObject\",\"inLanguage\":\"de\",\"@id\":\"https:\/\/now-news.de\/de\/deutschland\/beginn-der-praesidentschaftswahlen-in-weissrussland-lukaschenko-verzichtet-auf-debatten\/#primaryimage\",\"url\":\"https:\/\/now-news.de\/de\/wp-content\/uploads\/sites\/3\/2025\/01\/Beginn-der-Praesidentschaftswahlen-in-Weissrussland-Lukaschenko-verzichtet-auf-Debatten.jpg\",\"contentUrl\":\"https:\/\/now-news.de\/de\/wp-content\/uploads\/sites\/3\/2025\/01\/Beginn-der-Praesidentschaftswahlen-in-Weissrussland-Lukaschenko-verzichtet-auf-Debatten.jpg\",\"width\":460,\"height\":259,\"caption\":\"Beginn der Pr\u00e4sidentschaftswahlen in Wei\u00dfrussland: Lukaschenko verzichtet auf Debatten\"},{\"@type\":\"BreadcrumbList\",\"@id\":\"https:\/\/now-news.de\/de\/deutschland\/beginn-der-praesidentschaftswahlen-in-weissrussland-lukaschenko-verzichtet-auf-debatten\/#breadcrumb\",\"itemListElement\":[{\"@type\":\"ListItem\",\"position\":1,\"name\":\"Home\",\"item\":\"https:\/\/now-news.de\/de\/\"},{\"@type\":\"ListItem\",\"position\":2,\"name\":\"Beginn der Pr\u00e4sidentschaftswahlen in Wei\u00dfrussland: Lukaschenko verzichtet auf Debatten\"}]},{\"@type\":\"WebSite\",\"@id\":\"https:\/\/now-news.de\/de\/#website\",\"url\":\"https:\/\/now-news.de\/de\/\",\"name\":\"just-now.NEWS Deutschland\",\"description\":\"Das Portal f\u00fcr unzensierte Nachrichten aus der Welt\",\"publisher\":{\"@id\":\"https:\/\/now-news.de\/de\/#organization\"},\"potentialAction\":[{\"@type\":\"SearchAction\",\"target\":{\"@type\":\"EntryPoint\",\"urlTemplate\":\"https:\/\/now-news.de\/de\/?s={search_term_string}\"},\"query-input\":\"required name=search_term_string\"}],\"inLanguage\":\"de\"},{\"@type\":\"Organization\",\"@id\":\"https:\/\/now-news.de\/de\/#organization\",\"name\":\"Just Now News\",\"url\":\"https:\/\/now-news.de\/de\/\",\"logo\":{\"@type\":\"ImageObject\",\"inLanguage\":\"de\",\"@id\":\"https:\/\/now-news.de\/de\/#\/schema\/logo\/image\/\",\"url\":\"http:\/\/just-now.news\/de\/wp-content\/uploads\/sites\/3\/2022\/04\/logo500x500.jpg\",\"contentUrl\":\"http:\/\/just-now.news\/de\/wp-content\/uploads\/sites\/3\/2022\/04\/logo500x500.jpg\",\"width\":500,\"height\":500,\"caption\":\"Just Now News\"},\"image\":{\"@id\":\"https:\/\/now-news.de\/de\/#\/schema\/logo\/image\/\"},\"sameAs\":[\"https:\/\/www.facebook.com\/wirmachenauf\",\"https:\/\/x.com\/WirMachenAuf_de\"]},{\"@type\":\"Person\",\"@id\":\"https:\/\/now-news.de\/de\/#\/schema\/person\/fb534a4e865501d8b3285208df34a9b5\",\"name\":\"rtnews\",\"image\":{\"@type\":\"ImageObject\",\"inLanguage\":\"de\",\"@id\":\"https:\/\/now-news.de\/de\/#\/schema\/person\/image\/\",\"url\":\"https:\/\/secure.gravatar.com\/avatar\/82aafea7d8127119dd649515f56e2117?s=96&d=mm&r=g\",\"contentUrl\":\"https:\/\/secure.gravatar.com\/avatar\/82aafea7d8127119dd649515f56e2117?s=96&d=mm&r=g\",\"caption\":\"rtnews\"},\"url\":\"https:\/\/now-news.de\/de\/author\/rnews\/\"}]}<\/script>\n<!-- \/ Yoast SEO Premium plugin. -->","yoast_head_json":{"title":"Beginn der Pr\u00e4sidentschaftswahlen in Wei\u00dfrussland: Lukaschenko verzichtet auf Debatten - just-now.NEWS Deutschland","robots":{"index":"index","follow":"follow","max-snippet":"max-snippet:-1","max-image-preview":"max-image-preview:large","max-video-preview":"max-video-preview:-1"},"canonical":"https:\/\/now-news.de\/de\/deutschland\/beginn-der-praesidentschaftswahlen-in-weissrussland-lukaschenko-verzichtet-auf-debatten\/","og_locale":"de_DE","og_type":"article","og_title":"Beginn der Pr\u00e4sidentschaftswahlen in Wei\u00dfrussland: Lukaschenko verzichtet auf Debatten","og_description":"In Wei\u00dfrussland hat die vorzeitige Stimmabgabe f\u00fcr die Pr\u00e4sidentschaftswahlen begonnen, die noch bis Samstag andauern wird. Eigentlicher Wahltag ist der Sonntag. Zur Wahl stehen f\u00fcnf Kandidaten, darunter Amtsinhaber Alexander Lukaschenko. Sollte er gewinnen, beg\u00e4nne seine siebte Amtszeit. In Wei\u00dfrussland hat die vorzeitige Stimmabgabe f\u00fcr die Pr\u00e4sidentschaftswahlen begonnen. Eigentlicher Wahltag ist der 26.\u00a0Januar. Insgesamt gibt es [&hellip;]","og_url":"https:\/\/now-news.de\/de\/deutschland\/beginn-der-praesidentschaftswahlen-in-weissrussland-lukaschenko-verzichtet-auf-debatten\/","og_site_name":"just-now.NEWS Deutschland","article_publisher":"https:\/\/www.facebook.com\/wirmachenauf","article_published_time":"2025-01-21T17:52:02+00:00","og_image":[{"url":"https:\/\/now-news.de\/de\/wp-content\/uploads\/sites\/3\/2025\/01\/678fa04eb480cc48dd4a948a.jpg"}],"author":"rtnews","twitter_card":"summary_large_image","twitter_creator":"@WirMachenAuf_de","twitter_site":"@WirMachenAuf_de","twitter_misc":{"Verfasst von":"rtnews","Gesch\u00e4tzte Lesezeit":"2\u00a0Minuten"},"schema":{"@context":"https:\/\/schema.org","@graph":[{"@type":"Article","@id":"https:\/\/now-news.de\/de\/deutschland\/beginn-der-praesidentschaftswahlen-in-weissrussland-lukaschenko-verzichtet-auf-debatten\/#article","isPartOf":{"@id":"https:\/\/now-news.de\/de\/deutschland\/beginn-der-praesidentschaftswahlen-in-weissrussland-lukaschenko-verzichtet-auf-debatten\/"},"author":{"name":"rtnews","@id":"https:\/\/now-news.de\/de\/#\/schema\/person\/fb534a4e865501d8b3285208df34a9b5"},"headline":"Beginn der Pr\u00e4sidentschaftswahlen in Wei\u00dfrussland: Lukaschenko verzichtet auf Debatten","datePublished":"2025-01-21T17:52:02+00:00","dateModified":"2025-01-21T17:52:02+00:00","mainEntityOfPage":{"@id":"https:\/\/now-news.de\/de\/deutschland\/beginn-der-praesidentschaftswahlen-in-weissrussland-lukaschenko-verzichtet-auf-debatten\/"},"wordCount":420,"commentCount":0,"publisher":{"@id":"https:\/\/now-news.de\/de\/#organization"},"image":{"@id":"https:\/\/now-news.de\/de\/deutschland\/beginn-der-praesidentschaftswahlen-in-weissrussland-lukaschenko-verzichtet-auf-debatten\/#primaryimage"},"thumbnailUrl":"https:\/\/now-news.de\/de\/wp-content\/uploads\/sites\/3\/2025\/01\/Beginn-der-Praesidentschaftswahlen-in-Weissrussland-Lukaschenko-verzichtet-auf-Debatten.jpg","keywords":["AUF","Beginn","Debatten","der","Lukaschenko","Pr\u00e4sidentschaftswahlen","verzichtet","Wei\u00dfrussland"],"articleSection":["Deutschland","Russland"],"inLanguage":"de","potentialAction":[{"@type":"CommentAction","name":"Comment","target":["https:\/\/now-news.de\/de\/deutschland\/beginn-der-praesidentschaftswahlen-in-weissrussland-lukaschenko-verzichtet-auf-debatten\/#respond"]}]},{"@type":"WebPage","@id":"https:\/\/now-news.de\/de\/deutschland\/beginn-der-praesidentschaftswahlen-in-weissrussland-lukaschenko-verzichtet-auf-debatten\/","url":"https:\/\/now-news.de\/de\/deutschland\/beginn-der-praesidentschaftswahlen-in-weissrussland-lukaschenko-verzichtet-auf-debatten\/","name":"Beginn der Pr\u00e4sidentschaftswahlen in Wei\u00dfrussland: Lukaschenko verzichtet auf Debatten - just-now.NEWS Deutschland","isPartOf":{"@id":"https:\/\/now-news.de\/de\/#website"},"primaryImageOfPage":{"@id":"https:\/\/now-news.de\/de\/deutschland\/beginn-der-praesidentschaftswahlen-in-weissrussland-lukaschenko-verzichtet-auf-debatten\/#primaryimage"},"image":{"@id":"https:\/\/now-news.de\/de\/deutschland\/beginn-der-praesidentschaftswahlen-in-weissrussland-lukaschenko-verzichtet-auf-debatten\/#primaryimage"},"thumbnailUrl":"https:\/\/now-news.de\/de\/wp-content\/uploads\/sites\/3\/2025\/01\/Beginn-der-Praesidentschaftswahlen-in-Weissrussland-Lukaschenko-verzichtet-auf-Debatten.jpg","datePublished":"2025-01-21T17:52:02+00:00","dateModified":"2025-01-21T17:52:02+00:00","breadcrumb":{"@id":"https:\/\/now-news.de\/de\/deutschland\/beginn-der-praesidentschaftswahlen-in-weissrussland-lukaschenko-verzichtet-auf-debatten\/#breadcrumb"},"inLanguage":"de","potentialAction":[{"@type":"ReadAction","target":["https:\/\/now-news.de\/de\/deutschland\/beginn-der-praesidentschaftswahlen-in-weissrussland-lukaschenko-verzichtet-auf-debatten\/"]}]},{"@type":"ImageObject","inLanguage":"de","@id":"https:\/\/now-news.de\/de\/deutschland\/beginn-der-praesidentschaftswahlen-in-weissrussland-lukaschenko-verzichtet-auf-debatten\/#primaryimage","url":"https:\/\/now-news.de\/de\/wp-content\/uploads\/sites\/3\/2025\/01\/Beginn-der-Praesidentschaftswahlen-in-Weissrussland-Lukaschenko-verzichtet-auf-Debatten.jpg","contentUrl":"https:\/\/now-news.de\/de\/wp-content\/uploads\/sites\/3\/2025\/01\/Beginn-der-Praesidentschaftswahlen-in-Weissrussland-Lukaschenko-verzichtet-auf-Debatten.jpg","width":460,"height":259,"caption":"Beginn der Pr\u00e4sidentschaftswahlen in Wei\u00dfrussland: Lukaschenko verzichtet auf Debatten"},{"@type":"BreadcrumbList","@id":"https:\/\/now-news.de\/de\/deutschland\/beginn-der-praesidentschaftswahlen-in-weissrussland-lukaschenko-verzichtet-auf-debatten\/#breadcrumb","itemListElement":[{"@type":"ListItem","position":1,"name":"Home","item":"https:\/\/now-news.de\/de\/"},{"@type":"ListItem","position":2,"name":"Beginn der Pr\u00e4sidentschaftswahlen in Wei\u00dfrussland: Lukaschenko verzichtet auf Debatten"}]},{"@type":"WebSite","@id":"https:\/\/now-news.de\/de\/#website","url":"https:\/\/now-news.de\/de\/","name":"just-now.NEWS Deutschland","description":"Das Portal f\u00fcr unzensierte Nachrichten aus der Welt","publisher":{"@id":"https:\/\/now-news.de\/de\/#organization"},"potentialAction":[{"@type":"SearchAction","target":{"@type":"EntryPoint","urlTemplate":"https:\/\/now-news.de\/de\/?s={search_term_string}"},"query-input":"required name=search_term_string"}],"inLanguage":"de"},{"@type":"Organization","@id":"https:\/\/now-news.de\/de\/#organization","name":"Just Now News","url":"https:\/\/now-news.de\/de\/","logo":{"@type":"ImageObject","inLanguage":"de","@id":"https:\/\/now-news.de\/de\/#\/schema\/logo\/image\/","url":"http:\/\/just-now.news\/de\/wp-content\/uploads\/sites\/3\/2022\/04\/logo500x500.jpg","contentUrl":"http:\/\/just-now.news\/de\/wp-content\/uploads\/sites\/3\/2022\/04\/logo500x500.jpg","width":500,"height":500,"caption":"Just Now News"},"image":{"@id":"https:\/\/now-news.de\/de\/#\/schema\/logo\/image\/"},"sameAs":["https:\/\/www.facebook.com\/wirmachenauf","https:\/\/x.com\/WirMachenAuf_de"]},{"@type":"Person","@id":"https:\/\/now-news.de\/de\/#\/schema\/person\/fb534a4e865501d8b3285208df34a9b5","name":"rtnews","image":{"@type":"ImageObject","inLanguage":"de","@id":"https:\/\/now-news.de\/de\/#\/schema\/person\/image\/","url":"https:\/\/secure.gravatar.com\/avatar\/82aafea7d8127119dd649515f56e2117?s=96&d=mm&r=g","contentUrl":"https:\/\/secure.gravatar.com\/avatar\/82aafea7d8127119dd649515f56e2117?s=96&d=mm&r=g","caption":"rtnews"},"url":"https:\/\/now-news.de\/de\/author\/rnews\/"}]}},"_links":{"self":[{"href":"https:\/\/now-news.de\/de\/wp-json\/wp\/v2\/posts\/76895"}],"collection":[{"href":"https:\/\/now-news.de\/de\/wp-json\/wp\/v2\/posts"}],"about":[{"href":"https:\/\/now-news.de\/de\/wp-json\/wp\/v2\/types\/post"}],"author":[{"embeddable":true,"href":"https:\/\/now-news.de\/de\/wp-json\/wp\/v2\/users\/3"}],"replies":[{"embeddable":true,"href":"https:\/\/now-news.de\/de\/wp-json\/wp\/v2\/comments?post=76895"}],"version-history":[{"count":0,"href":"https:\/\/now-news.de\/de\/wp-json\/wp\/v2\/posts\/76895\/revisions"}],"wp:featuredmedia":[{"embeddable":true,"href":"https:\/\/now-news.de\/de\/wp-json\/wp\/v2\/media\/76896"}],"wp:attachment":[{"href":"https:\/\/now-news.de\/de\/wp-json\/wp\/v2\/media?parent=76895"}],"wp:term":[{"taxonomy":"category","embeddable":true,"href":"https:\/\/now-news.de\/de\/wp-json\/wp\/v2\/categories?post=76895"},{"taxonomy":"post_tag","embeddable":true,"href":"https:\/\/now-news.de\/de\/wp-json\/wp\/v2\/tags?post=76895"}],"curies":[{"name":"wp","href":"https:\/\/api.w.org\/{rel}","templated":true}]}}