{"id":76825,"date":"2025-01-20T21:24:57","date_gmt":"2025-01-20T19:24:57","guid":{"rendered":"https:\/\/now-news.de\/de\/deutschland\/bericht-blinken-ueberstimmte-obersten-us-general-bei-ukraine-friedensgespraechen\/"},"modified":"2025-01-20T21:24:57","modified_gmt":"2025-01-20T19:24:57","slug":"bericht-blinken-ueberstimmte-obersten-us-general-bei-ukraine-friedensgespraechen","status":"publish","type":"post","link":"https:\/\/now-news.de\/de\/deutschland\/bericht-blinken-ueberstimmte-obersten-us-general-bei-ukraine-friedensgespraechen\/","title":{"rendered":"Bericht: Blinken \u00fcberstimmte obersten US-General bei Ukraine-Friedensgespr\u00e4chen"},"content":{"rendered":"<p><img decoding=\"async\" src=\"https:\/\/now-news.de\/de\/wp-content\/uploads\/sites\/3\/2025\/01\/678e3bf2b480cc326148c564.jpg\" \/><\/p>\n<div class=\"Text-root Text-type_1 \">\n                Der US-Generalstabschef Mark Milley hatte der Ukraine Ende 2022 geraten, Kiews Erfolge auf dem Schlachtfeld in den Verhandlungen mit Moskau zu nutzen. Doch der scheidende US-Au\u00dfenminister Antony Blinken forderte die Ukraine auf, den Kampf gegen Russland fortzusetzen, anstatt Friedensgespr\u00e4che zu f\u00fchren.\n            <\/div>\n<p><\/p>\n<div class=\"Text-root Text-type_5 ArticleView-text ViewText-root \">\n<p>Der scheidende US-Au\u00dfenminister Antony Blinken forderte die Ukraine auf, den Kampf gegen Russland fortzusetzen, anstatt Friedensverhandlungen zu f\u00fchren, berichtete die <em>New York Times (NYT)<\/em>\u00a0am Samstag.<\/p>\n<p>Der Zeitung zufolge bestand Blinken darauf, dass die Ukraine ihre milit\u00e4rische Kampagne Ende 2022 fortsetzen sollte, obwohl der Vorsitzende der US-Generalstabschefs, Mark Milley, Kiew dazu riet, aus den ukrainischen Erfolgen auf dem Schlachtfeld Kapital zu schlagen, indem Kiew Friedensgespr\u00e4che mit Moskau sucht.<\/p>\n<p>&#8220;Weniger ein Friedensstifter als ein Kriegsstratege&#8221;, argumentierte der US-Diplomat h\u00e4ufig gegen &#8220;risikoscheuere Pentagon-Beamte&#8221; und setzte sich f\u00fcr die Lieferung moderner amerikanischer Waffen an die Ukraine ein, schrieb die <em>NYT<\/em>.<\/p>\n<p>Washington hat seit der Eskalation des Konflikts im Februar 2022 &#8220;etwa 100 Milliarden Dollar&#8221; f\u00fcr die Ukraine ausgegeben, w\u00e4hrend Verb\u00fcndete und Partner weitere 150 Milliarden US-Dollar beigesteuert haben, sagte Blinken bei einem Auftritt vor dem Council on Foreign Relations im Januar.<\/p>\n<p>Russland und die Ukraine begannen Anfang 2022 in Istanbul mit den Friedensverhandlungen. Beide Seiten einigten sich vorl\u00e4ufig auf einen Waffenstillstand, in dessen Rahmen Kiew im Gegenzug f\u00fcr internationale Sicherheitsgarantien auf seine Ambitionen auf eine NATO-Mitgliedschaft verzichten, Neutralit\u00e4t einfordern und seine milit\u00e4rische St\u00e4rke einschr\u00e4nken w\u00fcrde.<\/p>\n<p>Sp\u00e4ter zog sich die Ukraine jedoch auf Dr\u00e4ngen des damaligen britischen Premierministers Boris Johnson aus den Gespr\u00e4chen zur\u00fcck, wie Dawid Arachamija, ein mit Wladimir Selenskij verb\u00fcndeter ukrainischer Abgeordneter und Kiews Chefunterh\u00e4ndler bei den Gespr\u00e4chen, berichtete.<\/p>\n<p>Im vergangenen Monat beschuldigte der Schweizer Diplomat Jean-Daniel Ruch die USA und das Vereinigte K\u00f6nigreich in \u00e4hnlicher Weise, die Friedensgespr\u00e4che zwischen Kiew und Moskau zum Scheitern gebracht zu haben. In einem Gespr\u00e4ch mit dem franz\u00f6sischsprachigen Medienportal <em>Antith\u00e8se<\/em> behauptete Ruch, Johnson habe &#8220;im Auftrag der Amerikaner&#8221; gehandelt.<\/p>\n<p>Moskau hat seine Bereitschaft zur Wiederaufnahme von Friedensverhandlungen bekr\u00e4ftigt, sofern diese auf dem Istanbuler Vertragsentwurf basieren und die &#8220;neuen territorialen Realit\u00e4ten&#8221; widerspiegeln, einschlie\u00dflich des Beitritts der vier ehemaligen ukrainischen Regionen zu Russland und der j\u00fcngsten Entwicklungen auf dem Schlachtfeld.<\/p>\n<p><strong>Mehr zum Thema<\/strong>\u00a0\u2012 <a rel=\"nofollow noopener\" target=\"_blank\" href=\"https:\/\/freedert.online\/international\/131481-liveticker-ukraine-krieg\/\">Liveticker Ukraine-Krieg<\/a><\/p>\n<div class=\"EmbedBlock-root EmbedBlock-externalVideo EmbedBlock-rumble\">\n<div class=\"VkEmbed\"><iframe class=\"lazyload\" data-src=\"https:\/\/rumble.com\/embed\/v68vd17\" frameborder=\"0\" width=\"853\" height=\"480\" allowfullscreen><\/iframe><\/div>\n<\/div>\n<\/div>\n<p><br \/>\n<br \/><a href=\"https:\/\/de.rt.com\/international\/233656-bericht-blinken-ueberstimmte-obersten-us\/\">Source link <\/a><\/p>\n","protected":false},"excerpt":{"rendered":"<p>Der US-Generalstabschef Mark Milley hatte der Ukraine Ende 2022 geraten, Kiews Erfolge auf dem Schlachtfeld in den Verhandlungen mit Moskau zu nutzen. Doch der scheidende US-Au\u00dfenminister Antony Blinken forderte die Ukraine auf, den Kampf gegen Russland fortzusetzen, anstatt Friedensgespr\u00e4che zu f\u00fchren. Der scheidende US-Au\u00dfenminister Antony Blinken forderte die Ukraine auf, den Kampf gegen Russland fortzusetzen, [&hellip;]<\/p>\n","protected":false},"author":3,"featured_media":76826,"comment_status":"open","ping_status":"open","sticky":false,"template":"","format":"standard","meta":{"_yoast_indexnow_last_ping":["1737401339"],"wp_automatic_camp":["217"],"f67fad4c766511c363ad33ed313889ff":["Bericht: Blinken \u00fcberstimmte obersten US-General bei Ukraine-Friedensgespr\u00e4chen"],"original_link":["https:\/\/de.rt.com\/international\/233656-bericht-blinken-ueberstimmte-obersten-us\/"],"_thumbnail_id":["76826"],"_wptgpro_p2tg_sent2tg":["a:1:{i:23737;s:19:\"2025-01-20 21:30:23\";}"],"jnews_social_counter_last_update":["1777402289"]},"categories":[19,23],"tags":[363,667,4254,6801,62058,62059,11767],"yoast_head":"<!-- This site is optimized with the Yoast SEO Premium plugin v22.7 (Yoast SEO v22.7) - https:\/\/yoast.com\/wordpress\/plugins\/seo\/ -->\n<title>Bericht: Blinken \u00fcberstimmte obersten US-General bei Ukraine-Friedensgespr\u00e4chen - just-now.NEWS Deutschland<\/title>\n<meta name=\"robots\" content=\"index, follow, max-snippet:-1, max-image-preview:large, max-video-preview:-1\" \/>\n<link rel=\"canonical\" href=\"https:\/\/now-news.de\/de\/deutschland\/bericht-blinken-ueberstimmte-obersten-us-general-bei-ukraine-friedensgespraechen\/\" \/>\n<meta property=\"og:locale\" content=\"de_DE\" \/>\n<meta property=\"og:type\" content=\"article\" \/>\n<meta property=\"og:title\" content=\"Bericht: Blinken \u00fcberstimmte obersten US-General bei Ukraine-Friedensgespr\u00e4chen\" \/>\n<meta property=\"og:description\" content=\"Der US-Generalstabschef Mark Milley hatte der Ukraine Ende 2022 geraten, Kiews Erfolge auf dem Schlachtfeld in den Verhandlungen mit Moskau zu nutzen. Doch der scheidende US-Au\u00dfenminister Antony Blinken forderte die Ukraine auf, den Kampf gegen Russland fortzusetzen, anstatt Friedensgespr\u00e4che zu f\u00fchren. Der scheidende US-Au\u00dfenminister Antony Blinken forderte die Ukraine auf, den Kampf gegen Russland fortzusetzen, [&hellip;]\" \/>\n<meta property=\"og:url\" content=\"https:\/\/now-news.de\/de\/deutschland\/bericht-blinken-ueberstimmte-obersten-us-general-bei-ukraine-friedensgespraechen\/\" \/>\n<meta property=\"og:site_name\" content=\"just-now.NEWS Deutschland\" \/>\n<meta property=\"article:publisher\" content=\"https:\/\/www.facebook.com\/wirmachenauf\" \/>\n<meta property=\"article:published_time\" content=\"2025-01-20T19:24:57+00:00\" \/>\n<meta property=\"og:image\" content=\"https:\/\/now-news.de\/de\/wp-content\/uploads\/sites\/3\/2025\/01\/678e3bf2b480cc326148c564.jpg\" \/>\n<meta name=\"author\" content=\"rtnews\" \/>\n<meta name=\"twitter:card\" content=\"summary_large_image\" \/>\n<meta name=\"twitter:creator\" content=\"@WirMachenAuf_de\" \/>\n<meta name=\"twitter:site\" content=\"@WirMachenAuf_de\" \/>\n<meta name=\"twitter:label1\" content=\"Verfasst von\" \/>\n\t<meta name=\"twitter:data1\" content=\"rtnews\" \/>\n\t<meta name=\"twitter:label2\" content=\"Gesch\u00e4tzte Lesezeit\" \/>\n\t<meta name=\"twitter:data2\" content=\"2\u00a0Minuten\" \/>\n<script type=\"application\/ld+json\" class=\"yoast-schema-graph\">{\"@context\":\"https:\/\/schema.org\",\"@graph\":[{\"@type\":\"Article\",\"@id\":\"https:\/\/now-news.de\/de\/deutschland\/bericht-blinken-ueberstimmte-obersten-us-general-bei-ukraine-friedensgespraechen\/#article\",\"isPartOf\":{\"@id\":\"https:\/\/now-news.de\/de\/deutschland\/bericht-blinken-ueberstimmte-obersten-us-general-bei-ukraine-friedensgespraechen\/\"},\"author\":{\"name\":\"rtnews\",\"@id\":\"https:\/\/now-news.de\/de\/#\/schema\/person\/fb534a4e865501d8b3285208df34a9b5\"},\"headline\":\"Bericht: Blinken \u00fcberstimmte obersten US-General bei Ukraine-Friedensgespr\u00e4chen\",\"datePublished\":\"2025-01-20T19:24:57+00:00\",\"dateModified\":\"2025-01-20T19:24:57+00:00\",\"mainEntityOfPage\":{\"@id\":\"https:\/\/now-news.de\/de\/deutschland\/bericht-blinken-ueberstimmte-obersten-us-general-bei-ukraine-friedensgespraechen\/\"},\"wordCount\":388,\"commentCount\":0,\"publisher\":{\"@id\":\"https:\/\/now-news.de\/de\/#organization\"},\"image\":{\"@id\":\"https:\/\/now-news.de\/de\/deutschland\/bericht-blinken-ueberstimmte-obersten-us-general-bei-ukraine-friedensgespraechen\/#primaryimage\"},\"thumbnailUrl\":\"https:\/\/now-news.de\/de\/wp-content\/uploads\/sites\/3\/2025\/01\/Bericht-Blinken-ueberstimmte-obersten-US-General-bei-Ukraine-Friedensgespraechen.jpg\",\"keywords\":[\"bei\",\"Bericht\",\"Blinken\",\"Obersten\",\"\u00fcberstimmte\",\"UkraineFriedensgespr\u00e4chen\",\"USGeneral\"],\"articleSection\":[\"Deutschland\",\"Russland\"],\"inLanguage\":\"de\",\"potentialAction\":[{\"@type\":\"CommentAction\",\"name\":\"Comment\",\"target\":[\"https:\/\/now-news.de\/de\/deutschland\/bericht-blinken-ueberstimmte-obersten-us-general-bei-ukraine-friedensgespraechen\/#respond\"]}]},{\"@type\":\"WebPage\",\"@id\":\"https:\/\/now-news.de\/de\/deutschland\/bericht-blinken-ueberstimmte-obersten-us-general-bei-ukraine-friedensgespraechen\/\",\"url\":\"https:\/\/now-news.de\/de\/deutschland\/bericht-blinken-ueberstimmte-obersten-us-general-bei-ukraine-friedensgespraechen\/\",\"name\":\"Bericht: Blinken \u00fcberstimmte obersten US-General bei Ukraine-Friedensgespr\u00e4chen - just-now.NEWS Deutschland\",\"isPartOf\":{\"@id\":\"https:\/\/now-news.de\/de\/#website\"},\"primaryImageOfPage\":{\"@id\":\"https:\/\/now-news.de\/de\/deutschland\/bericht-blinken-ueberstimmte-obersten-us-general-bei-ukraine-friedensgespraechen\/#primaryimage\"},\"image\":{\"@id\":\"https:\/\/now-news.de\/de\/deutschland\/bericht-blinken-ueberstimmte-obersten-us-general-bei-ukraine-friedensgespraechen\/#primaryimage\"},\"thumbnailUrl\":\"https:\/\/now-news.de\/de\/wp-content\/uploads\/sites\/3\/2025\/01\/Bericht-Blinken-ueberstimmte-obersten-US-General-bei-Ukraine-Friedensgespraechen.jpg\",\"datePublished\":\"2025-01-20T19:24:57+00:00\",\"dateModified\":\"2025-01-20T19:24:57+00:00\",\"breadcrumb\":{\"@id\":\"https:\/\/now-news.de\/de\/deutschland\/bericht-blinken-ueberstimmte-obersten-us-general-bei-ukraine-friedensgespraechen\/#breadcrumb\"},\"inLanguage\":\"de\",\"potentialAction\":[{\"@type\":\"ReadAction\",\"target\":[\"https:\/\/now-news.de\/de\/deutschland\/bericht-blinken-ueberstimmte-obersten-us-general-bei-ukraine-friedensgespraechen\/\"]}]},{\"@type\":\"ImageObject\",\"inLanguage\":\"de\",\"@id\":\"https:\/\/now-news.de\/de\/deutschland\/bericht-blinken-ueberstimmte-obersten-us-general-bei-ukraine-friedensgespraechen\/#primaryimage\",\"url\":\"https:\/\/now-news.de\/de\/wp-content\/uploads\/sites\/3\/2025\/01\/Bericht-Blinken-ueberstimmte-obersten-US-General-bei-Ukraine-Friedensgespraechen.jpg\",\"contentUrl\":\"https:\/\/now-news.de\/de\/wp-content\/uploads\/sites\/3\/2025\/01\/Bericht-Blinken-ueberstimmte-obersten-US-General-bei-Ukraine-Friedensgespraechen.jpg\",\"width\":460,\"height\":259,\"caption\":\"Bericht: Blinken \u00fcberstimmte obersten US-General bei Ukraine-Friedensgespr\u00e4chen\"},{\"@type\":\"BreadcrumbList\",\"@id\":\"https:\/\/now-news.de\/de\/deutschland\/bericht-blinken-ueberstimmte-obersten-us-general-bei-ukraine-friedensgespraechen\/#breadcrumb\",\"itemListElement\":[{\"@type\":\"ListItem\",\"position\":1,\"name\":\"Home\",\"item\":\"https:\/\/now-news.de\/de\/\"},{\"@type\":\"ListItem\",\"position\":2,\"name\":\"Bericht: Blinken \u00fcberstimmte obersten US-General bei Ukraine-Friedensgespr\u00e4chen\"}]},{\"@type\":\"WebSite\",\"@id\":\"https:\/\/now-news.de\/de\/#website\",\"url\":\"https:\/\/now-news.de\/de\/\",\"name\":\"just-now.NEWS Deutschland\",\"description\":\"Das Portal f\u00fcr unzensierte Nachrichten aus der Welt\",\"publisher\":{\"@id\":\"https:\/\/now-news.de\/de\/#organization\"},\"potentialAction\":[{\"@type\":\"SearchAction\",\"target\":{\"@type\":\"EntryPoint\",\"urlTemplate\":\"https:\/\/now-news.de\/de\/?s={search_term_string}\"},\"query-input\":\"required name=search_term_string\"}],\"inLanguage\":\"de\"},{\"@type\":\"Organization\",\"@id\":\"https:\/\/now-news.de\/de\/#organization\",\"name\":\"Just Now News\",\"url\":\"https:\/\/now-news.de\/de\/\",\"logo\":{\"@type\":\"ImageObject\",\"inLanguage\":\"de\",\"@id\":\"https:\/\/now-news.de\/de\/#\/schema\/logo\/image\/\",\"url\":\"http:\/\/just-now.news\/de\/wp-content\/uploads\/sites\/3\/2022\/04\/logo500x500.jpg\",\"contentUrl\":\"http:\/\/just-now.news\/de\/wp-content\/uploads\/sites\/3\/2022\/04\/logo500x500.jpg\",\"width\":500,\"height\":500,\"caption\":\"Just Now News\"},\"image\":{\"@id\":\"https:\/\/now-news.de\/de\/#\/schema\/logo\/image\/\"},\"sameAs\":[\"https:\/\/www.facebook.com\/wirmachenauf\",\"https:\/\/x.com\/WirMachenAuf_de\"]},{\"@type\":\"Person\",\"@id\":\"https:\/\/now-news.de\/de\/#\/schema\/person\/fb534a4e865501d8b3285208df34a9b5\",\"name\":\"rtnews\",\"image\":{\"@type\":\"ImageObject\",\"inLanguage\":\"de\",\"@id\":\"https:\/\/now-news.de\/de\/#\/schema\/person\/image\/\",\"url\":\"https:\/\/secure.gravatar.com\/avatar\/82aafea7d8127119dd649515f56e2117?s=96&d=mm&r=g\",\"contentUrl\":\"https:\/\/secure.gravatar.com\/avatar\/82aafea7d8127119dd649515f56e2117?s=96&d=mm&r=g\",\"caption\":\"rtnews\"},\"url\":\"https:\/\/now-news.de\/de\/author\/rnews\/\"}]}<\/script>\n<!-- \/ Yoast SEO Premium plugin. -->","yoast_head_json":{"title":"Bericht: Blinken \u00fcberstimmte obersten US-General bei Ukraine-Friedensgespr\u00e4chen - just-now.NEWS Deutschland","robots":{"index":"index","follow":"follow","max-snippet":"max-snippet:-1","max-image-preview":"max-image-preview:large","max-video-preview":"max-video-preview:-1"},"canonical":"https:\/\/now-news.de\/de\/deutschland\/bericht-blinken-ueberstimmte-obersten-us-general-bei-ukraine-friedensgespraechen\/","og_locale":"de_DE","og_type":"article","og_title":"Bericht: Blinken \u00fcberstimmte obersten US-General bei Ukraine-Friedensgespr\u00e4chen","og_description":"Der US-Generalstabschef Mark Milley hatte der Ukraine Ende 2022 geraten, Kiews Erfolge auf dem Schlachtfeld in den Verhandlungen mit Moskau zu nutzen. Doch der scheidende US-Au\u00dfenminister Antony Blinken forderte die Ukraine auf, den Kampf gegen Russland fortzusetzen, anstatt Friedensgespr\u00e4che zu f\u00fchren. Der scheidende US-Au\u00dfenminister Antony Blinken forderte die Ukraine auf, den Kampf gegen Russland fortzusetzen, [&hellip;]","og_url":"https:\/\/now-news.de\/de\/deutschland\/bericht-blinken-ueberstimmte-obersten-us-general-bei-ukraine-friedensgespraechen\/","og_site_name":"just-now.NEWS Deutschland","article_publisher":"https:\/\/www.facebook.com\/wirmachenauf","article_published_time":"2025-01-20T19:24:57+00:00","og_image":[{"url":"https:\/\/now-news.de\/de\/wp-content\/uploads\/sites\/3\/2025\/01\/678e3bf2b480cc326148c564.jpg"}],"author":"rtnews","twitter_card":"summary_large_image","twitter_creator":"@WirMachenAuf_de","twitter_site":"@WirMachenAuf_de","twitter_misc":{"Verfasst von":"rtnews","Gesch\u00e4tzte Lesezeit":"2\u00a0Minuten"},"schema":{"@context":"https:\/\/schema.org","@graph":[{"@type":"Article","@id":"https:\/\/now-news.de\/de\/deutschland\/bericht-blinken-ueberstimmte-obersten-us-general-bei-ukraine-friedensgespraechen\/#article","isPartOf":{"@id":"https:\/\/now-news.de\/de\/deutschland\/bericht-blinken-ueberstimmte-obersten-us-general-bei-ukraine-friedensgespraechen\/"},"author":{"name":"rtnews","@id":"https:\/\/now-news.de\/de\/#\/schema\/person\/fb534a4e865501d8b3285208df34a9b5"},"headline":"Bericht: Blinken \u00fcberstimmte obersten US-General bei Ukraine-Friedensgespr\u00e4chen","datePublished":"2025-01-20T19:24:57+00:00","dateModified":"2025-01-20T19:24:57+00:00","mainEntityOfPage":{"@id":"https:\/\/now-news.de\/de\/deutschland\/bericht-blinken-ueberstimmte-obersten-us-general-bei-ukraine-friedensgespraechen\/"},"wordCount":388,"commentCount":0,"publisher":{"@id":"https:\/\/now-news.de\/de\/#organization"},"image":{"@id":"https:\/\/now-news.de\/de\/deutschland\/bericht-blinken-ueberstimmte-obersten-us-general-bei-ukraine-friedensgespraechen\/#primaryimage"},"thumbnailUrl":"https:\/\/now-news.de\/de\/wp-content\/uploads\/sites\/3\/2025\/01\/Bericht-Blinken-ueberstimmte-obersten-US-General-bei-Ukraine-Friedensgespraechen.jpg","keywords":["bei","Bericht","Blinken","Obersten","\u00fcberstimmte","UkraineFriedensgespr\u00e4chen","USGeneral"],"articleSection":["Deutschland","Russland"],"inLanguage":"de","potentialAction":[{"@type":"CommentAction","name":"Comment","target":["https:\/\/now-news.de\/de\/deutschland\/bericht-blinken-ueberstimmte-obersten-us-general-bei-ukraine-friedensgespraechen\/#respond"]}]},{"@type":"WebPage","@id":"https:\/\/now-news.de\/de\/deutschland\/bericht-blinken-ueberstimmte-obersten-us-general-bei-ukraine-friedensgespraechen\/","url":"https:\/\/now-news.de\/de\/deutschland\/bericht-blinken-ueberstimmte-obersten-us-general-bei-ukraine-friedensgespraechen\/","name":"Bericht: Blinken \u00fcberstimmte obersten US-General bei Ukraine-Friedensgespr\u00e4chen - just-now.NEWS Deutschland","isPartOf":{"@id":"https:\/\/now-news.de\/de\/#website"},"primaryImageOfPage":{"@id":"https:\/\/now-news.de\/de\/deutschland\/bericht-blinken-ueberstimmte-obersten-us-general-bei-ukraine-friedensgespraechen\/#primaryimage"},"image":{"@id":"https:\/\/now-news.de\/de\/deutschland\/bericht-blinken-ueberstimmte-obersten-us-general-bei-ukraine-friedensgespraechen\/#primaryimage"},"thumbnailUrl":"https:\/\/now-news.de\/de\/wp-content\/uploads\/sites\/3\/2025\/01\/Bericht-Blinken-ueberstimmte-obersten-US-General-bei-Ukraine-Friedensgespraechen.jpg","datePublished":"2025-01-20T19:24:57+00:00","dateModified":"2025-01-20T19:24:57+00:00","breadcrumb":{"@id":"https:\/\/now-news.de\/de\/deutschland\/bericht-blinken-ueberstimmte-obersten-us-general-bei-ukraine-friedensgespraechen\/#breadcrumb"},"inLanguage":"de","potentialAction":[{"@type":"ReadAction","target":["https:\/\/now-news.de\/de\/deutschland\/bericht-blinken-ueberstimmte-obersten-us-general-bei-ukraine-friedensgespraechen\/"]}]},{"@type":"ImageObject","inLanguage":"de","@id":"https:\/\/now-news.de\/de\/deutschland\/bericht-blinken-ueberstimmte-obersten-us-general-bei-ukraine-friedensgespraechen\/#primaryimage","url":"https:\/\/now-news.de\/de\/wp-content\/uploads\/sites\/3\/2025\/01\/Bericht-Blinken-ueberstimmte-obersten-US-General-bei-Ukraine-Friedensgespraechen.jpg","contentUrl":"https:\/\/now-news.de\/de\/wp-content\/uploads\/sites\/3\/2025\/01\/Bericht-Blinken-ueberstimmte-obersten-US-General-bei-Ukraine-Friedensgespraechen.jpg","width":460,"height":259,"caption":"Bericht: Blinken \u00fcberstimmte obersten US-General bei Ukraine-Friedensgespr\u00e4chen"},{"@type":"BreadcrumbList","@id":"https:\/\/now-news.de\/de\/deutschland\/bericht-blinken-ueberstimmte-obersten-us-general-bei-ukraine-friedensgespraechen\/#breadcrumb","itemListElement":[{"@type":"ListItem","position":1,"name":"Home","item":"https:\/\/now-news.de\/de\/"},{"@type":"ListItem","position":2,"name":"Bericht: Blinken \u00fcberstimmte obersten US-General bei Ukraine-Friedensgespr\u00e4chen"}]},{"@type":"WebSite","@id":"https:\/\/now-news.de\/de\/#website","url":"https:\/\/now-news.de\/de\/","name":"just-now.NEWS Deutschland","description":"Das Portal f\u00fcr unzensierte Nachrichten aus der Welt","publisher":{"@id":"https:\/\/now-news.de\/de\/#organization"},"potentialAction":[{"@type":"SearchAction","target":{"@type":"EntryPoint","urlTemplate":"https:\/\/now-news.de\/de\/?s={search_term_string}"},"query-input":"required name=search_term_string"}],"inLanguage":"de"},{"@type":"Organization","@id":"https:\/\/now-news.de\/de\/#organization","name":"Just Now News","url":"https:\/\/now-news.de\/de\/","logo":{"@type":"ImageObject","inLanguage":"de","@id":"https:\/\/now-news.de\/de\/#\/schema\/logo\/image\/","url":"http:\/\/just-now.news\/de\/wp-content\/uploads\/sites\/3\/2022\/04\/logo500x500.jpg","contentUrl":"http:\/\/just-now.news\/de\/wp-content\/uploads\/sites\/3\/2022\/04\/logo500x500.jpg","width":500,"height":500,"caption":"Just Now News"},"image":{"@id":"https:\/\/now-news.de\/de\/#\/schema\/logo\/image\/"},"sameAs":["https:\/\/www.facebook.com\/wirmachenauf","https:\/\/x.com\/WirMachenAuf_de"]},{"@type":"Person","@id":"https:\/\/now-news.de\/de\/#\/schema\/person\/fb534a4e865501d8b3285208df34a9b5","name":"rtnews","image":{"@type":"ImageObject","inLanguage":"de","@id":"https:\/\/now-news.de\/de\/#\/schema\/person\/image\/","url":"https:\/\/secure.gravatar.com\/avatar\/82aafea7d8127119dd649515f56e2117?s=96&d=mm&r=g","contentUrl":"https:\/\/secure.gravatar.com\/avatar\/82aafea7d8127119dd649515f56e2117?s=96&d=mm&r=g","caption":"rtnews"},"url":"https:\/\/now-news.de\/de\/author\/rnews\/"}]}},"_links":{"self":[{"href":"https:\/\/now-news.de\/de\/wp-json\/wp\/v2\/posts\/76825"}],"collection":[{"href":"https:\/\/now-news.de\/de\/wp-json\/wp\/v2\/posts"}],"about":[{"href":"https:\/\/now-news.de\/de\/wp-json\/wp\/v2\/types\/post"}],"author":[{"embeddable":true,"href":"https:\/\/now-news.de\/de\/wp-json\/wp\/v2\/users\/3"}],"replies":[{"embeddable":true,"href":"https:\/\/now-news.de\/de\/wp-json\/wp\/v2\/comments?post=76825"}],"version-history":[{"count":0,"href":"https:\/\/now-news.de\/de\/wp-json\/wp\/v2\/posts\/76825\/revisions"}],"wp:featuredmedia":[{"embeddable":true,"href":"https:\/\/now-news.de\/de\/wp-json\/wp\/v2\/media\/76826"}],"wp:attachment":[{"href":"https:\/\/now-news.de\/de\/wp-json\/wp\/v2\/media?parent=76825"}],"wp:term":[{"taxonomy":"category","embeddable":true,"href":"https:\/\/now-news.de\/de\/wp-json\/wp\/v2\/categories?post=76825"},{"taxonomy":"post_tag","embeddable":true,"href":"https:\/\/now-news.de\/de\/wp-json\/wp\/v2\/tags?post=76825"}],"curies":[{"name":"wp","href":"https:\/\/api.w.org\/{rel}","templated":true}]}}