{"id":76811,"date":"2025-01-20T15:14:17","date_gmt":"2025-01-20T13:14:17","guid":{"rendered":"https:\/\/now-news.de\/de\/deutschland\/1-600-ceos-60-staatschefs-kann-davos-die-welt-wirklich-veraendern\/"},"modified":"2025-01-20T15:14:17","modified_gmt":"2025-01-20T13:14:17","slug":"1-600-ceos-60-staatschefs-kann-davos-die-welt-wirklich-veraendern","status":"publish","type":"post","link":"https:\/\/now-news.de\/de\/deutschland\/1-600-ceos-60-staatschefs-kann-davos-die-welt-wirklich-veraendern\/","title":{"rendered":"1.600 CEOs, 60 Staatschefs: Kann Davos die Welt wirklich ver\u00e4ndern?"},"content":{"rendered":"<p><img decoding=\"async\" src=\"https:\/\/now-news.de\/de\/wp-content\/uploads\/sites\/3\/2025\/01\/678e2460b480cc54d63d0e39.jpg\" \/><\/p>\n<div class=\"Text-root Text-type_1 \">\n                Das WEF 2025 in Davos dreht sich um KI, globale Krisen und geopolitische Konflikte. Reden von Selenskij, Milei und Trump sorgen f\u00fcr Schlagzeilen, w\u00e4hrend Proteste und Mega-Staus die Schweiz belasten. Nach Schwabs Abschied steht das Forum vor der Herausforderung, eine neue Identit\u00e4t zu finden.\n            <\/div>\n<p><\/p>\n<div class=\"Text-root Text-type_5 ArticleView-text ViewText-root \">\n<p>In der malerischen Bergkulisse von Graub\u00fcnden startet heute das 55. Weltwirtschaftsforum (WEF). Vom 20. bis 24. Januar versammeln sich Regierungsvertreter, CEOs und Gesandte internationaler Organisationen, um dr\u00e4ngende globale Herausforderungen zu diskutieren. Auch in diesem Jahr stehen die geopolitischen Spannungen im Vordergrund, insbesondere die Konflikte in der Ukraine und im Nahen Osten.<\/p>\n<p>Das Weltwirtschaftsforum 2025 steht unter dem Motto &#8220;Zusammenarbeit im intelligenten Zeitalter&#8221; und widmet sich f\u00fcnf zentralen Themen. Im Fokus steht die Wiederherstellung von Vertrauen, um angesichts globaler Krisen und zunehmendem Protektionismus die internationale Zusammenarbeit zu st\u00e4rken.<\/p>\n<p>Auch die Frage, wie nachhaltiges Wachstum in einer sich wandelnden Welt neu gedacht werden kann, pr\u00e4gt die Agenda, mit Panels zu Finanzsystemen, Handel und Innovationen. Der technologische Fortschritt, allen voran K\u00fcnstliche Intelligenz, verlangt neue F\u00e4higkeiten und eine Anpassung der Bildungssysteme, was unter dem Leitgedanken &#8220;In Menschen investieren&#8221; diskutiert wird. Nachhaltigkeit bleibt ein Kernanliegen, mit Fokus auf die Energiewende und den Schutz nat\u00fcrlicher Ressourcen, um den Klimawandel zu bew\u00e4ltigen. Schlie\u00dflich beleuchtet das Forum die Transformation ganzer Industrien, von KI-Infrastrukturen bis zur Chipindustrie, und die strategischen Anpassungen, die diese Disruptionen erfordern.<\/p>\n<p>In Davos werden 60 Staats- und Regierungschefs erwartet, darunter der ukrainische Pr\u00e4sident Wladimir Selenskij, der argentinische Pr\u00e4sident Javier Milei und der deutsche Kanzler Olaf Scholz. Auch hochrangige Vertreter aus dem Nahen Osten, wie Israels Pr\u00e4sident Jitzchak Herzog und Jordaniens Au\u00dfenminister Ayman al-Safadi, nehmen teil.<\/p>\n<p>Ein prominenter Abwesender ist der designierte US-Pr\u00e4sident Donald Trump, der am Montag in Washington vereidigt wird. Allerdings wird Trump per Video zugeschaltet und d\u00fcrfte mit seinen Vorhaben, etwa angedrohten Strafz\u00f6llen, die Diskussionen beleben.<\/p>\n<p>Die Schweiz ist mit sechs Bundesr\u00e4ten vertreten, darunter Karin Keller-Sutter und Ignazio Cassis.<\/p>\n<p>Das WEF stellt die Sicherheitskr\u00e4fte vor immense Herausforderungen. Rund 5.000 Armeeangeh\u00f6rige sind im Einsatz, der Luftraum \u00fcber Davos ist seit dem 17. Januar gesperrt. Die Sicherheitskosten belaufen sich auf neun Millionen Franken, getragen von Bund, Kanton und der Gemeinde Davos.<\/p>\n<p>Neben Privatjets landen am Flughafen Z\u00fcrich Kloten hunderte Fl\u00fcge der internationalen G\u00e4ste. Shuttle-Services bringen die Teilnehmer nach Davos, wobei f\u00fcr manche die Limousinenfahrt statt des Zuges die bevorzugte Wahl bleibt \u2013 ein Widerspruch zur propagierten Klimaneutralit\u00e4t.<\/p>\n<p>Das WEF, gegr\u00fcndet 1971 von Klaus Schwab, hat sich \u00fcber Jahrzehnte zur bedeutendsten Plattform f\u00fcr globale Zusammenarbeit entwickelt. Schwab, inzwischen 87 Jahre alt, zieht sich schrittweise zur\u00fcck. Die operative Leitung des Forums wurde bereits an vier Komitees \u00fcbertragen, doch Schwab bleibt weiterhin Pr\u00e4sident des Stiftungsrates.<\/p>\n<p>Obwohl das WEF weltweit f\u00fcr seine Netzwerke gesch\u00e4tzt wird, st\u00f6\u00dft es auch auf Kritik. J\u00e4hrliche Proteste, wie der gestrige Demonstrationszug in Davos, zeigen den Unmut vieler \u00fcber die Dominanz\u00a0der Eliten und den Einfluss globaler Konzerne.<\/p>\n<p>Das WEF bleibt ein Spiegelbild unserer Zeit: Es vereint Hoffnungen auf Zusammenarbeit mit der Herausforderung, eine fragmentierte Welt zu einen. Ob die diesj\u00e4hrigen Debatten konkrete Ergebnisse bringen, bleibt abzuwarten \u2013 doch eines ist sicher: Davos bleibt der Ort, an dem die Weichen f\u00fcr globale Trends gestellt werden.<\/p>\n<p><strong>Mehr zum Thema<\/strong>\u00a0\u2013\u00a0<a rel=\"nofollow noopener\" target=\"_blank\" href=\"https:\/\/freedert.online\/schweiz\/194701-schweizer-armee-fehlt-milliarde-franken\/\">Schweizer Armee fehlt eine Milliarde Franken<\/a><\/p>\n<div class=\"EmbedBlock-root EmbedBlock-externalVideo EmbedBlock-rumble\">\n<div class=\"VkEmbed\"><iframe class=\"lazyload\" data-src=\"https:\/\/rumble.com\/embed\/v5adi1x\" frameborder=\"0\" width=\"853\" height=\"480\" allowfullscreen><\/iframe><\/div>\n<\/div>\n<\/div>\n<p><br \/>\n<br \/><a href=\"https:\/\/de.rt.com\/schweiz\/233634-1600-ceos-60-staatschefs-kann\/\">Source link <\/a><\/p>\n","protected":false},"excerpt":{"rendered":"<p>Das WEF 2025 in Davos dreht sich um KI, globale Krisen und geopolitische Konflikte. Reden von Selenskij, Milei und Trump sorgen f\u00fcr Schlagzeilen, w\u00e4hrend Proteste und Mega-Staus die Schweiz belasten. Nach Schwabs Abschied steht das Forum vor der Herausforderung, eine neue Identit\u00e4t zu finden. In der malerischen Bergkulisse von Graub\u00fcnden startet heute das 55. Weltwirtschaftsforum [&hellip;]<\/p>\n","protected":false},"author":3,"featured_media":76812,"comment_status":"open","ping_status":"open","sticky":false,"template":"","format":"standard","meta":{"_yoast_indexnow_last_ping":["1737379670"],"wp_automatic_camp":["217"],"2d7eff9a4993dbdb55b66737383af602":["1.600 CEOs, 60 Staatschefs: Kann Davos die Welt wirklich ver\u00e4ndern?"],"original_link":["https:\/\/de.rt.com\/schweiz\/233634-1600-ceos-60-staatschefs-kann\/"],"_thumbnail_id":["76812"],"_wptgpro_p2tg_sent2tg":["a:1:{i:23737;s:19:\"2025-01-20 15:29:05\";}"],"jnews_social_counter_last_update":["1777298503"]},"categories":[19,23],"tags":[23657,92,45,838,34724,6387,778,4269],"yoast_head":"<!-- This site is optimized with the Yoast SEO Premium plugin v22.7 (Yoast SEO v22.7) - https:\/\/yoast.com\/wordpress\/plugins\/seo\/ -->\n<title>1.600 CEOs, 60 Staatschefs: Kann Davos die Welt wirklich ver\u00e4ndern? - just-now.NEWS Deutschland<\/title>\n<meta name=\"robots\" content=\"index, follow, max-snippet:-1, max-image-preview:large, max-video-preview:-1\" \/>\n<link rel=\"canonical\" href=\"https:\/\/now-news.de\/de\/deutschland\/1-600-ceos-60-staatschefs-kann-davos-die-welt-wirklich-veraendern\/\" \/>\n<meta property=\"og:locale\" content=\"de_DE\" \/>\n<meta property=\"og:type\" content=\"article\" \/>\n<meta property=\"og:title\" content=\"1.600 CEOs, 60 Staatschefs: Kann Davos die Welt wirklich ver\u00e4ndern?\" \/>\n<meta property=\"og:description\" content=\"Das WEF 2025 in Davos dreht sich um KI, globale Krisen und geopolitische Konflikte. Reden von Selenskij, Milei und Trump sorgen f\u00fcr Schlagzeilen, w\u00e4hrend Proteste und Mega-Staus die Schweiz belasten. Nach Schwabs Abschied steht das Forum vor der Herausforderung, eine neue Identit\u00e4t zu finden. In der malerischen Bergkulisse von Graub\u00fcnden startet heute das 55. Weltwirtschaftsforum [&hellip;]\" \/>\n<meta property=\"og:url\" content=\"https:\/\/now-news.de\/de\/deutschland\/1-600-ceos-60-staatschefs-kann-davos-die-welt-wirklich-veraendern\/\" \/>\n<meta property=\"og:site_name\" content=\"just-now.NEWS Deutschland\" \/>\n<meta property=\"article:publisher\" content=\"https:\/\/www.facebook.com\/wirmachenauf\" \/>\n<meta property=\"article:published_time\" content=\"2025-01-20T13:14:17+00:00\" \/>\n<meta property=\"og:image\" content=\"https:\/\/now-news.de\/de\/wp-content\/uploads\/sites\/3\/2025\/01\/678e2460b480cc54d63d0e39.jpg\" \/>\n<meta name=\"author\" content=\"rtnews\" \/>\n<meta name=\"twitter:card\" content=\"summary_large_image\" \/>\n<meta name=\"twitter:creator\" content=\"@WirMachenAuf_de\" \/>\n<meta name=\"twitter:site\" content=\"@WirMachenAuf_de\" \/>\n<meta name=\"twitter:label1\" content=\"Verfasst von\" \/>\n\t<meta name=\"twitter:data1\" content=\"rtnews\" \/>\n\t<meta name=\"twitter:label2\" content=\"Gesch\u00e4tzte Lesezeit\" \/>\n\t<meta name=\"twitter:data2\" content=\"3\u00a0Minuten\" \/>\n<script type=\"application\/ld+json\" class=\"yoast-schema-graph\">{\"@context\":\"https:\/\/schema.org\",\"@graph\":[{\"@type\":\"Article\",\"@id\":\"https:\/\/now-news.de\/de\/deutschland\/1-600-ceos-60-staatschefs-kann-davos-die-welt-wirklich-veraendern\/#article\",\"isPartOf\":{\"@id\":\"https:\/\/now-news.de\/de\/deutschland\/1-600-ceos-60-staatschefs-kann-davos-die-welt-wirklich-veraendern\/\"},\"author\":{\"name\":\"rtnews\",\"@id\":\"https:\/\/now-news.de\/de\/#\/schema\/person\/fb534a4e865501d8b3285208df34a9b5\"},\"headline\":\"1.600 CEOs, 60 Staatschefs: Kann Davos die Welt wirklich ver\u00e4ndern?\",\"datePublished\":\"2025-01-20T13:14:17+00:00\",\"dateModified\":\"2025-01-20T13:14:17+00:00\",\"mainEntityOfPage\":{\"@id\":\"https:\/\/now-news.de\/de\/deutschland\/1-600-ceos-60-staatschefs-kann-davos-die-welt-wirklich-veraendern\/\"},\"wordCount\":561,\"commentCount\":0,\"publisher\":{\"@id\":\"https:\/\/now-news.de\/de\/#organization\"},\"image\":{\"@id\":\"https:\/\/now-news.de\/de\/deutschland\/1-600-ceos-60-staatschefs-kann-davos-die-welt-wirklich-veraendern\/#primaryimage\"},\"thumbnailUrl\":\"https:\/\/now-news.de\/de\/wp-content\/uploads\/sites\/3\/2025\/01\/1600-CEOs-60-Staatschefs-Kann-Davos-die-Welt-wirklich-veraendern.jpg\",\"keywords\":[\"CEOs\",\"Davos\",\"die\",\"kann\",\"Staatschefs\",\"ver\u00e4ndern\",\"Welt\",\"wirklich\"],\"articleSection\":[\"Deutschland\",\"Russland\"],\"inLanguage\":\"de\",\"potentialAction\":[{\"@type\":\"CommentAction\",\"name\":\"Comment\",\"target\":[\"https:\/\/now-news.de\/de\/deutschland\/1-600-ceos-60-staatschefs-kann-davos-die-welt-wirklich-veraendern\/#respond\"]}]},{\"@type\":\"WebPage\",\"@id\":\"https:\/\/now-news.de\/de\/deutschland\/1-600-ceos-60-staatschefs-kann-davos-die-welt-wirklich-veraendern\/\",\"url\":\"https:\/\/now-news.de\/de\/deutschland\/1-600-ceos-60-staatschefs-kann-davos-die-welt-wirklich-veraendern\/\",\"name\":\"1.600 CEOs, 60 Staatschefs: Kann Davos die Welt wirklich ver\u00e4ndern? - just-now.NEWS Deutschland\",\"isPartOf\":{\"@id\":\"https:\/\/now-news.de\/de\/#website\"},\"primaryImageOfPage\":{\"@id\":\"https:\/\/now-news.de\/de\/deutschland\/1-600-ceos-60-staatschefs-kann-davos-die-welt-wirklich-veraendern\/#primaryimage\"},\"image\":{\"@id\":\"https:\/\/now-news.de\/de\/deutschland\/1-600-ceos-60-staatschefs-kann-davos-die-welt-wirklich-veraendern\/#primaryimage\"},\"thumbnailUrl\":\"https:\/\/now-news.de\/de\/wp-content\/uploads\/sites\/3\/2025\/01\/1600-CEOs-60-Staatschefs-Kann-Davos-die-Welt-wirklich-veraendern.jpg\",\"datePublished\":\"2025-01-20T13:14:17+00:00\",\"dateModified\":\"2025-01-20T13:14:17+00:00\",\"breadcrumb\":{\"@id\":\"https:\/\/now-news.de\/de\/deutschland\/1-600-ceos-60-staatschefs-kann-davos-die-welt-wirklich-veraendern\/#breadcrumb\"},\"inLanguage\":\"de\",\"potentialAction\":[{\"@type\":\"ReadAction\",\"target\":[\"https:\/\/now-news.de\/de\/deutschland\/1-600-ceos-60-staatschefs-kann-davos-die-welt-wirklich-veraendern\/\"]}]},{\"@type\":\"ImageObject\",\"inLanguage\":\"de\",\"@id\":\"https:\/\/now-news.de\/de\/deutschland\/1-600-ceos-60-staatschefs-kann-davos-die-welt-wirklich-veraendern\/#primaryimage\",\"url\":\"https:\/\/now-news.de\/de\/wp-content\/uploads\/sites\/3\/2025\/01\/1600-CEOs-60-Staatschefs-Kann-Davos-die-Welt-wirklich-veraendern.jpg\",\"contentUrl\":\"https:\/\/now-news.de\/de\/wp-content\/uploads\/sites\/3\/2025\/01\/1600-CEOs-60-Staatschefs-Kann-Davos-die-Welt-wirklich-veraendern.jpg\",\"width\":460,\"height\":259,\"caption\":\"1.600 CEOs, 60 Staatschefs: Kann Davos die Welt wirklich ver\u00e4ndern?\"},{\"@type\":\"BreadcrumbList\",\"@id\":\"https:\/\/now-news.de\/de\/deutschland\/1-600-ceos-60-staatschefs-kann-davos-die-welt-wirklich-veraendern\/#breadcrumb\",\"itemListElement\":[{\"@type\":\"ListItem\",\"position\":1,\"name\":\"Home\",\"item\":\"https:\/\/now-news.de\/de\/\"},{\"@type\":\"ListItem\",\"position\":2,\"name\":\"1.600 CEOs, 60 Staatschefs: Kann Davos die Welt wirklich ver\u00e4ndern?\"}]},{\"@type\":\"WebSite\",\"@id\":\"https:\/\/now-news.de\/de\/#website\",\"url\":\"https:\/\/now-news.de\/de\/\",\"name\":\"just-now.NEWS Deutschland\",\"description\":\"Das Portal f\u00fcr unzensierte Nachrichten aus der Welt\",\"publisher\":{\"@id\":\"https:\/\/now-news.de\/de\/#organization\"},\"potentialAction\":[{\"@type\":\"SearchAction\",\"target\":{\"@type\":\"EntryPoint\",\"urlTemplate\":\"https:\/\/now-news.de\/de\/?s={search_term_string}\"},\"query-input\":\"required name=search_term_string\"}],\"inLanguage\":\"de\"},{\"@type\":\"Organization\",\"@id\":\"https:\/\/now-news.de\/de\/#organization\",\"name\":\"Just Now News\",\"url\":\"https:\/\/now-news.de\/de\/\",\"logo\":{\"@type\":\"ImageObject\",\"inLanguage\":\"de\",\"@id\":\"https:\/\/now-news.de\/de\/#\/schema\/logo\/image\/\",\"url\":\"http:\/\/just-now.news\/de\/wp-content\/uploads\/sites\/3\/2022\/04\/logo500x500.jpg\",\"contentUrl\":\"http:\/\/just-now.news\/de\/wp-content\/uploads\/sites\/3\/2022\/04\/logo500x500.jpg\",\"width\":500,\"height\":500,\"caption\":\"Just Now News\"},\"image\":{\"@id\":\"https:\/\/now-news.de\/de\/#\/schema\/logo\/image\/\"},\"sameAs\":[\"https:\/\/www.facebook.com\/wirmachenauf\",\"https:\/\/x.com\/WirMachenAuf_de\"]},{\"@type\":\"Person\",\"@id\":\"https:\/\/now-news.de\/de\/#\/schema\/person\/fb534a4e865501d8b3285208df34a9b5\",\"name\":\"rtnews\",\"image\":{\"@type\":\"ImageObject\",\"inLanguage\":\"de\",\"@id\":\"https:\/\/now-news.de\/de\/#\/schema\/person\/image\/\",\"url\":\"https:\/\/secure.gravatar.com\/avatar\/82aafea7d8127119dd649515f56e2117?s=96&d=mm&r=g\",\"contentUrl\":\"https:\/\/secure.gravatar.com\/avatar\/82aafea7d8127119dd649515f56e2117?s=96&d=mm&r=g\",\"caption\":\"rtnews\"},\"url\":\"https:\/\/now-news.de\/de\/author\/rnews\/\"}]}<\/script>\n<!-- \/ Yoast SEO Premium plugin. -->","yoast_head_json":{"title":"1.600 CEOs, 60 Staatschefs: Kann Davos die Welt wirklich ver\u00e4ndern? - just-now.NEWS Deutschland","robots":{"index":"index","follow":"follow","max-snippet":"max-snippet:-1","max-image-preview":"max-image-preview:large","max-video-preview":"max-video-preview:-1"},"canonical":"https:\/\/now-news.de\/de\/deutschland\/1-600-ceos-60-staatschefs-kann-davos-die-welt-wirklich-veraendern\/","og_locale":"de_DE","og_type":"article","og_title":"1.600 CEOs, 60 Staatschefs: Kann Davos die Welt wirklich ver\u00e4ndern?","og_description":"Das WEF 2025 in Davos dreht sich um KI, globale Krisen und geopolitische Konflikte. Reden von Selenskij, Milei und Trump sorgen f\u00fcr Schlagzeilen, w\u00e4hrend Proteste und Mega-Staus die Schweiz belasten. Nach Schwabs Abschied steht das Forum vor der Herausforderung, eine neue Identit\u00e4t zu finden. In der malerischen Bergkulisse von Graub\u00fcnden startet heute das 55. Weltwirtschaftsforum [&hellip;]","og_url":"https:\/\/now-news.de\/de\/deutschland\/1-600-ceos-60-staatschefs-kann-davos-die-welt-wirklich-veraendern\/","og_site_name":"just-now.NEWS Deutschland","article_publisher":"https:\/\/www.facebook.com\/wirmachenauf","article_published_time":"2025-01-20T13:14:17+00:00","og_image":[{"url":"https:\/\/now-news.de\/de\/wp-content\/uploads\/sites\/3\/2025\/01\/678e2460b480cc54d63d0e39.jpg"}],"author":"rtnews","twitter_card":"summary_large_image","twitter_creator":"@WirMachenAuf_de","twitter_site":"@WirMachenAuf_de","twitter_misc":{"Verfasst von":"rtnews","Gesch\u00e4tzte Lesezeit":"3\u00a0Minuten"},"schema":{"@context":"https:\/\/schema.org","@graph":[{"@type":"Article","@id":"https:\/\/now-news.de\/de\/deutschland\/1-600-ceos-60-staatschefs-kann-davos-die-welt-wirklich-veraendern\/#article","isPartOf":{"@id":"https:\/\/now-news.de\/de\/deutschland\/1-600-ceos-60-staatschefs-kann-davos-die-welt-wirklich-veraendern\/"},"author":{"name":"rtnews","@id":"https:\/\/now-news.de\/de\/#\/schema\/person\/fb534a4e865501d8b3285208df34a9b5"},"headline":"1.600 CEOs, 60 Staatschefs: Kann Davos die Welt wirklich ver\u00e4ndern?","datePublished":"2025-01-20T13:14:17+00:00","dateModified":"2025-01-20T13:14:17+00:00","mainEntityOfPage":{"@id":"https:\/\/now-news.de\/de\/deutschland\/1-600-ceos-60-staatschefs-kann-davos-die-welt-wirklich-veraendern\/"},"wordCount":561,"commentCount":0,"publisher":{"@id":"https:\/\/now-news.de\/de\/#organization"},"image":{"@id":"https:\/\/now-news.de\/de\/deutschland\/1-600-ceos-60-staatschefs-kann-davos-die-welt-wirklich-veraendern\/#primaryimage"},"thumbnailUrl":"https:\/\/now-news.de\/de\/wp-content\/uploads\/sites\/3\/2025\/01\/1600-CEOs-60-Staatschefs-Kann-Davos-die-Welt-wirklich-veraendern.jpg","keywords":["CEOs","Davos","die","kann","Staatschefs","ver\u00e4ndern","Welt","wirklich"],"articleSection":["Deutschland","Russland"],"inLanguage":"de","potentialAction":[{"@type":"CommentAction","name":"Comment","target":["https:\/\/now-news.de\/de\/deutschland\/1-600-ceos-60-staatschefs-kann-davos-die-welt-wirklich-veraendern\/#respond"]}]},{"@type":"WebPage","@id":"https:\/\/now-news.de\/de\/deutschland\/1-600-ceos-60-staatschefs-kann-davos-die-welt-wirklich-veraendern\/","url":"https:\/\/now-news.de\/de\/deutschland\/1-600-ceos-60-staatschefs-kann-davos-die-welt-wirklich-veraendern\/","name":"1.600 CEOs, 60 Staatschefs: Kann Davos die Welt wirklich ver\u00e4ndern? - just-now.NEWS Deutschland","isPartOf":{"@id":"https:\/\/now-news.de\/de\/#website"},"primaryImageOfPage":{"@id":"https:\/\/now-news.de\/de\/deutschland\/1-600-ceos-60-staatschefs-kann-davos-die-welt-wirklich-veraendern\/#primaryimage"},"image":{"@id":"https:\/\/now-news.de\/de\/deutschland\/1-600-ceos-60-staatschefs-kann-davos-die-welt-wirklich-veraendern\/#primaryimage"},"thumbnailUrl":"https:\/\/now-news.de\/de\/wp-content\/uploads\/sites\/3\/2025\/01\/1600-CEOs-60-Staatschefs-Kann-Davos-die-Welt-wirklich-veraendern.jpg","datePublished":"2025-01-20T13:14:17+00:00","dateModified":"2025-01-20T13:14:17+00:00","breadcrumb":{"@id":"https:\/\/now-news.de\/de\/deutschland\/1-600-ceos-60-staatschefs-kann-davos-die-welt-wirklich-veraendern\/#breadcrumb"},"inLanguage":"de","potentialAction":[{"@type":"ReadAction","target":["https:\/\/now-news.de\/de\/deutschland\/1-600-ceos-60-staatschefs-kann-davos-die-welt-wirklich-veraendern\/"]}]},{"@type":"ImageObject","inLanguage":"de","@id":"https:\/\/now-news.de\/de\/deutschland\/1-600-ceos-60-staatschefs-kann-davos-die-welt-wirklich-veraendern\/#primaryimage","url":"https:\/\/now-news.de\/de\/wp-content\/uploads\/sites\/3\/2025\/01\/1600-CEOs-60-Staatschefs-Kann-Davos-die-Welt-wirklich-veraendern.jpg","contentUrl":"https:\/\/now-news.de\/de\/wp-content\/uploads\/sites\/3\/2025\/01\/1600-CEOs-60-Staatschefs-Kann-Davos-die-Welt-wirklich-veraendern.jpg","width":460,"height":259,"caption":"1.600 CEOs, 60 Staatschefs: Kann Davos die Welt wirklich ver\u00e4ndern?"},{"@type":"BreadcrumbList","@id":"https:\/\/now-news.de\/de\/deutschland\/1-600-ceos-60-staatschefs-kann-davos-die-welt-wirklich-veraendern\/#breadcrumb","itemListElement":[{"@type":"ListItem","position":1,"name":"Home","item":"https:\/\/now-news.de\/de\/"},{"@type":"ListItem","position":2,"name":"1.600 CEOs, 60 Staatschefs: Kann Davos die Welt wirklich ver\u00e4ndern?"}]},{"@type":"WebSite","@id":"https:\/\/now-news.de\/de\/#website","url":"https:\/\/now-news.de\/de\/","name":"just-now.NEWS Deutschland","description":"Das Portal f\u00fcr unzensierte Nachrichten aus der Welt","publisher":{"@id":"https:\/\/now-news.de\/de\/#organization"},"potentialAction":[{"@type":"SearchAction","target":{"@type":"EntryPoint","urlTemplate":"https:\/\/now-news.de\/de\/?s={search_term_string}"},"query-input":"required name=search_term_string"}],"inLanguage":"de"},{"@type":"Organization","@id":"https:\/\/now-news.de\/de\/#organization","name":"Just Now News","url":"https:\/\/now-news.de\/de\/","logo":{"@type":"ImageObject","inLanguage":"de","@id":"https:\/\/now-news.de\/de\/#\/schema\/logo\/image\/","url":"http:\/\/just-now.news\/de\/wp-content\/uploads\/sites\/3\/2022\/04\/logo500x500.jpg","contentUrl":"http:\/\/just-now.news\/de\/wp-content\/uploads\/sites\/3\/2022\/04\/logo500x500.jpg","width":500,"height":500,"caption":"Just Now News"},"image":{"@id":"https:\/\/now-news.de\/de\/#\/schema\/logo\/image\/"},"sameAs":["https:\/\/www.facebook.com\/wirmachenauf","https:\/\/x.com\/WirMachenAuf_de"]},{"@type":"Person","@id":"https:\/\/now-news.de\/de\/#\/schema\/person\/fb534a4e865501d8b3285208df34a9b5","name":"rtnews","image":{"@type":"ImageObject","inLanguage":"de","@id":"https:\/\/now-news.de\/de\/#\/schema\/person\/image\/","url":"https:\/\/secure.gravatar.com\/avatar\/82aafea7d8127119dd649515f56e2117?s=96&d=mm&r=g","contentUrl":"https:\/\/secure.gravatar.com\/avatar\/82aafea7d8127119dd649515f56e2117?s=96&d=mm&r=g","caption":"rtnews"},"url":"https:\/\/now-news.de\/de\/author\/rnews\/"}]}},"_links":{"self":[{"href":"https:\/\/now-news.de\/de\/wp-json\/wp\/v2\/posts\/76811"}],"collection":[{"href":"https:\/\/now-news.de\/de\/wp-json\/wp\/v2\/posts"}],"about":[{"href":"https:\/\/now-news.de\/de\/wp-json\/wp\/v2\/types\/post"}],"author":[{"embeddable":true,"href":"https:\/\/now-news.de\/de\/wp-json\/wp\/v2\/users\/3"}],"replies":[{"embeddable":true,"href":"https:\/\/now-news.de\/de\/wp-json\/wp\/v2\/comments?post=76811"}],"version-history":[{"count":0,"href":"https:\/\/now-news.de\/de\/wp-json\/wp\/v2\/posts\/76811\/revisions"}],"wp:featuredmedia":[{"embeddable":true,"href":"https:\/\/now-news.de\/de\/wp-json\/wp\/v2\/media\/76812"}],"wp:attachment":[{"href":"https:\/\/now-news.de\/de\/wp-json\/wp\/v2\/media?parent=76811"}],"wp:term":[{"taxonomy":"category","embeddable":true,"href":"https:\/\/now-news.de\/de\/wp-json\/wp\/v2\/categories?post=76811"},{"taxonomy":"post_tag","embeddable":true,"href":"https:\/\/now-news.de\/de\/wp-json\/wp\/v2\/tags?post=76811"}],"curies":[{"name":"wp","href":"https:\/\/api.w.org\/{rel}","templated":true}]}}