{"id":76638,"date":"2025-01-17T16:22:58","date_gmt":"2025-01-17T14:22:58","guid":{"rendered":"https:\/\/now-news.de\/de\/deutschland\/herbert-kickl-ist-oesterreichs-beliebtester-politiker\/"},"modified":"2025-01-17T16:22:58","modified_gmt":"2025-01-17T14:22:58","slug":"herbert-kickl-ist-oesterreichs-beliebtester-politiker","status":"publish","type":"post","link":"https:\/\/now-news.de\/de\/deutschland\/herbert-kickl-ist-oesterreichs-beliebtester-politiker\/","title":{"rendered":"Herbert Kickl ist \u00d6sterreichs beliebtester Politiker"},"content":{"rendered":"<p><img decoding=\"async\" src=\"https:\/\/now-news.de\/de\/wp-content\/uploads\/sites\/3\/2025\/01\/678a5d7cb480cc20b1229c5a.jpg\" \/><\/p>\n<div class=\"Text-root Text-type_1 \">\n                Eine aktuelle Umfrage zeigt: FP\u00d6-Chef Herbert Kickl ist der beliebteste Politiker \u00d6sterreichs, mit 32 Prozent Positiv-Nennungen. Bundespr\u00e4sident van der Bellen verliert an Zustimmung, SP\u00d6-Chef Babler st\u00fcrzt mit 53 Prozent Negativwerten ab. Auch \u00d6VP-Chef Stocker entt\u00e4uscht, w\u00e4hrend Doskozil und Hofer punkten.\n            <\/div>\n<p><\/p>\n<div class=\"Text-root Text-type_5 ArticleView-text ViewText-root \">\n<p>Was haben Alice Weidel, Donald Trump und Herbert Kickl gemeinsam? Richtig, Volksn\u00e4he. Ein aktuelles Politbarometer sorgt f\u00fcr Aufsehen: Herbert Kickl, Chef der FP\u00d6 und potenzieller Bundeskanzler, f\u00fchrt die Liste der beliebtesten Politiker \u00d6sterreichs an. W\u00e4hrend er deutlich zulegte, erlitten andere teils dramatische Verluste.<\/p>\n<p>Laut der neuesten Umfrage von &#8220;Unique Research&#8221; f\u00fcr die Zeitung <em>Heute<\/em> erzielte Kickl den h\u00f6chsten Positivwert unter allen abgefragten Politikern. 32 Prozent der Befragten bewerteten ihn positiv \u2013 ein bemerkenswerter Anstieg im Vergleich zur letzten Erhebung im November. Gleichzeitig sank sein Negativwert von 55 auf 42 Prozent. Der Saldo aus positiven und negativen Bewertungen verbesserte sich damit von minus 30 auf minus 10 \u2013 das gr\u00f6\u00dfte Plus in der gesamten Befragung.<\/p>\n<p>\u00c4hnlich wie Weidel, Orban und Trump verdankt Kickl seinen Aufstieg nicht nur seiner wachsenden Popularit\u00e4t, sondern auch seiner geschickten Strategie, sich trotz der Angriffe der System-Medien als entschlossener Oppositionsf\u00fchrer inmitten politischer Umbr\u00fcche zu positionieren.<\/p>\n<p>Bundespr\u00e4sident <em><strong>Alexander van der Bellen<\/strong><\/em>, der in der Vergangenheit konstant hohe Zustimmungswerte erzielen konnte, musste einen R\u00fcckgang hinnehmen. Lediglich 28 Prozent der Befragten bewerteten ihn positiv \u2013 sieben Prozentpunkte weniger als noch im November. Seine Negativwerte reduzierten sich lediglich um einen Prozentpunkt. Beobachter sehen die schwierige Regierungsbildung und seine Rolle darin als m\u00f6glichen Grund f\u00fcr dieses Ergebnis.<\/p>\n<p>SP\u00d6-Chef <em><strong>Andreas Babler<\/strong><\/em> erlebte ein regelrechtes Debakel: Mit 53 Prozent Negativ-Nennungen und lediglich 13 Prozent positiven Bewertungen belegt er den siebten Platz im Ranking. Sein Saldo von minus 40 Prozent markiert den schlechtesten Wert unter allen Politikern. Dieses Ergebnis zeigt die tiefe Krise, in der sich die SP\u00d6 derzeit befindet.<\/p>\n<p>Auch NEOS-Chefin <strong><em>Beate Meinl-Reisinger<\/em><\/strong> verlor an Zustimmung. Zwar bewerteten 25 Prozent der Befragten sie positiv, doch mit 36 Prozent Negativ-Nennungen bleibt ihr Saldo negativ.<\/p>\n<p>Der neue \u00d6VP-Chef <strong><em>Christian Stocker<\/em><\/strong> schnitt ebenfalls schwach ab. Nur zw\u00f6lf Prozent der Befragten \u00e4u\u00dferten sich positiv \u00fcber ihn, w\u00e4hrend 31 Prozent ihn negativ bewerteten. Damit liegt er sogar hinter Babler. F\u00fcr die \u00d6VP, die sich derzeit in einem Umbruch befindet, sind dies alarmierende Signale.<\/p>\n<p>Positiv \u00fcberraschten hingegen <strong><em>Hans Peter Doskozil<\/em><\/strong>, Landeshauptmann des Burgenlands, und <em><strong>Norbert Hofer<\/strong><\/em>, FP\u00d6-Spitzenkandidat im selben Bundesland. Beide erzielten jeweils 27 Prozent Positiv-Nennungen. Besonders Hofer konnte mit nur 18 Prozent Negativbewertungen einen der besten Saldi der Umfrage erreichen.<\/p>\n<p>Die Umfrage unter 500 \u00d6sterreichern ab 16 Jahren zeigt klar: Die Bev\u00f6lkerung ist bereit f\u00fcr Ver\u00e4nderungen. W\u00e4hrend Herbert Kickl mit seinen Positionen die Menschen offenbar erreicht, schw\u00e4cheln etablierte Kr\u00e4fte wie SP\u00d6 und \u00d6VP. Mit seiner Spitzenposition unter den beliebtesten Politikern untermauert Kickl nicht nur seine F\u00fchrungsrolle, sondern auch seine Chancen, bald ins Kanzleramt einzuziehen.<\/p>\n<\/p>\n<p><strong>Mehr zum Thema \u2013\u00a0\u00a0<\/strong><a rel=\"nofollow noopener\" target=\"_blank\" href=\"https:\/\/freedert.online\/oesterreich\/231712-fpoe-demonstriert-optimismus-beim-wahlkampfauftakt\/\">FP\u00d6 demonstriert Optimismus beim Wahlkampfauftakt<\/a><\/p>\n<div class=\"EmbedBlock-root EmbedBlock-externalVideo EmbedBlock-rumble\">\n<div class=\"VkEmbed\"><iframe class=\"lazyload\" data-src=\"https:\/\/rumble.com\/embed\/v64tpp7\" frameborder=\"0\" width=\"853\" height=\"480\" allowfullscreen><\/iframe><\/div>\n<\/div>\n<\/div>\n<p><br \/>\n<br \/><a href=\"https:\/\/de.rt.com\/oesterreich\/233382-herbert-kickl-ist-oesterreichs-beliebtester\/\">Source link <\/a><\/p>\n","protected":false},"excerpt":{"rendered":"<p>Eine aktuelle Umfrage zeigt: FP\u00d6-Chef Herbert Kickl ist der beliebteste Politiker \u00d6sterreichs, mit 32 Prozent Positiv-Nennungen. Bundespr\u00e4sident van der Bellen verliert an Zustimmung, SP\u00d6-Chef Babler st\u00fcrzt mit 53 Prozent Negativwerten ab. Auch \u00d6VP-Chef Stocker entt\u00e4uscht, w\u00e4hrend Doskozil und Hofer punkten. Was haben Alice Weidel, Donald Trump und Herbert Kickl gemeinsam? Richtig, Volksn\u00e4he. Ein aktuelles Politbarometer [&hellip;]<\/p>\n","protected":false},"author":3,"featured_media":76639,"comment_status":"open","ping_status":"open","sticky":false,"template":"","format":"standard","meta":{"_yoast_indexnow_last_ping":["1737124180"],"wp_automatic_camp":["217"],"40ec89481fa4d0afa8cfdb98a2eb7d7c":["Herbert Kickl ist \u00d6sterreichs beliebtester Politiker"],"original_link":["https:\/\/de.rt.com\/oesterreich\/233382-herbert-kickl-ist-oesterreichs-beliebtester\/"],"_thumbnail_id":["76639"],"jnews_social_counter_last_update":["1777113160"],"_wptgpro_p2tg_sent2tg":["a:1:{i:23737;s:19:\"2025-01-17 16:30:41\";}"]},"categories":[19,23],"tags":[61967,11188,414,11587,8354,5679],"yoast_head":"<!-- This site is optimized with the Yoast SEO Premium plugin v22.7 (Yoast SEO v22.7) - https:\/\/yoast.com\/wordpress\/plugins\/seo\/ -->\n<title>Herbert Kickl ist \u00d6sterreichs beliebtester Politiker - just-now.NEWS Deutschland<\/title>\n<meta name=\"robots\" content=\"index, follow, max-snippet:-1, max-image-preview:large, max-video-preview:-1\" \/>\n<link rel=\"canonical\" href=\"https:\/\/now-news.de\/de\/deutschland\/herbert-kickl-ist-oesterreichs-beliebtester-politiker\/\" \/>\n<meta property=\"og:locale\" content=\"de_DE\" \/>\n<meta property=\"og:type\" content=\"article\" \/>\n<meta property=\"og:title\" content=\"Herbert Kickl ist \u00d6sterreichs beliebtester Politiker\" \/>\n<meta property=\"og:description\" content=\"Eine aktuelle Umfrage zeigt: FP\u00d6-Chef Herbert Kickl ist der beliebteste Politiker \u00d6sterreichs, mit 32 Prozent Positiv-Nennungen. Bundespr\u00e4sident van der Bellen verliert an Zustimmung, SP\u00d6-Chef Babler st\u00fcrzt mit 53 Prozent Negativwerten ab. Auch \u00d6VP-Chef Stocker entt\u00e4uscht, w\u00e4hrend Doskozil und Hofer punkten. Was haben Alice Weidel, Donald Trump und Herbert Kickl gemeinsam? Richtig, Volksn\u00e4he. Ein aktuelles Politbarometer [&hellip;]\" \/>\n<meta property=\"og:url\" content=\"https:\/\/now-news.de\/de\/deutschland\/herbert-kickl-ist-oesterreichs-beliebtester-politiker\/\" \/>\n<meta property=\"og:site_name\" content=\"just-now.NEWS Deutschland\" \/>\n<meta property=\"article:publisher\" content=\"https:\/\/www.facebook.com\/wirmachenauf\" \/>\n<meta property=\"article:published_time\" content=\"2025-01-17T14:22:58+00:00\" \/>\n<meta property=\"og:image\" content=\"https:\/\/now-news.de\/de\/wp-content\/uploads\/sites\/3\/2025\/01\/678a5d7cb480cc20b1229c5a.jpg\" \/>\n<meta name=\"author\" content=\"rtnews\" \/>\n<meta name=\"twitter:card\" content=\"summary_large_image\" \/>\n<meta name=\"twitter:creator\" content=\"@WirMachenAuf_de\" \/>\n<meta name=\"twitter:site\" content=\"@WirMachenAuf_de\" \/>\n<meta name=\"twitter:label1\" content=\"Verfasst von\" \/>\n\t<meta name=\"twitter:data1\" content=\"rtnews\" \/>\n\t<meta name=\"twitter:label2\" content=\"Gesch\u00e4tzte Lesezeit\" \/>\n\t<meta name=\"twitter:data2\" content=\"2\u00a0Minuten\" \/>\n<script type=\"application\/ld+json\" class=\"yoast-schema-graph\">{\"@context\":\"https:\/\/schema.org\",\"@graph\":[{\"@type\":\"Article\",\"@id\":\"https:\/\/now-news.de\/de\/deutschland\/herbert-kickl-ist-oesterreichs-beliebtester-politiker\/#article\",\"isPartOf\":{\"@id\":\"https:\/\/now-news.de\/de\/deutschland\/herbert-kickl-ist-oesterreichs-beliebtester-politiker\/\"},\"author\":{\"name\":\"rtnews\",\"@id\":\"https:\/\/now-news.de\/de\/#\/schema\/person\/fb534a4e865501d8b3285208df34a9b5\"},\"headline\":\"Herbert Kickl ist \u00d6sterreichs beliebtester Politiker\",\"datePublished\":\"2025-01-17T14:22:58+00:00\",\"dateModified\":\"2025-01-17T14:22:58+00:00\",\"mainEntityOfPage\":{\"@id\":\"https:\/\/now-news.de\/de\/deutschland\/herbert-kickl-ist-oesterreichs-beliebtester-politiker\/\"},\"wordCount\":484,\"commentCount\":0,\"publisher\":{\"@id\":\"https:\/\/now-news.de\/de\/#organization\"},\"image\":{\"@id\":\"https:\/\/now-news.de\/de\/deutschland\/herbert-kickl-ist-oesterreichs-beliebtester-politiker\/#primaryimage\"},\"thumbnailUrl\":\"https:\/\/now-news.de\/de\/wp-content\/uploads\/sites\/3\/2025\/01\/Herbert-Kickl-ist-Oesterreichs-beliebtester-Politiker.jpg\",\"keywords\":[\"beliebtester\",\"Herbert\",\"ist\",\"Kickl\",\"\u00d6sterreichs\",\"Politiker\"],\"articleSection\":[\"Deutschland\",\"Russland\"],\"inLanguage\":\"de\",\"potentialAction\":[{\"@type\":\"CommentAction\",\"name\":\"Comment\",\"target\":[\"https:\/\/now-news.de\/de\/deutschland\/herbert-kickl-ist-oesterreichs-beliebtester-politiker\/#respond\"]}]},{\"@type\":\"WebPage\",\"@id\":\"https:\/\/now-news.de\/de\/deutschland\/herbert-kickl-ist-oesterreichs-beliebtester-politiker\/\",\"url\":\"https:\/\/now-news.de\/de\/deutschland\/herbert-kickl-ist-oesterreichs-beliebtester-politiker\/\",\"name\":\"Herbert Kickl ist \u00d6sterreichs beliebtester Politiker - just-now.NEWS Deutschland\",\"isPartOf\":{\"@id\":\"https:\/\/now-news.de\/de\/#website\"},\"primaryImageOfPage\":{\"@id\":\"https:\/\/now-news.de\/de\/deutschland\/herbert-kickl-ist-oesterreichs-beliebtester-politiker\/#primaryimage\"},\"image\":{\"@id\":\"https:\/\/now-news.de\/de\/deutschland\/herbert-kickl-ist-oesterreichs-beliebtester-politiker\/#primaryimage\"},\"thumbnailUrl\":\"https:\/\/now-news.de\/de\/wp-content\/uploads\/sites\/3\/2025\/01\/Herbert-Kickl-ist-Oesterreichs-beliebtester-Politiker.jpg\",\"datePublished\":\"2025-01-17T14:22:58+00:00\",\"dateModified\":\"2025-01-17T14:22:58+00:00\",\"breadcrumb\":{\"@id\":\"https:\/\/now-news.de\/de\/deutschland\/herbert-kickl-ist-oesterreichs-beliebtester-politiker\/#breadcrumb\"},\"inLanguage\":\"de\",\"potentialAction\":[{\"@type\":\"ReadAction\",\"target\":[\"https:\/\/now-news.de\/de\/deutschland\/herbert-kickl-ist-oesterreichs-beliebtester-politiker\/\"]}]},{\"@type\":\"ImageObject\",\"inLanguage\":\"de\",\"@id\":\"https:\/\/now-news.de\/de\/deutschland\/herbert-kickl-ist-oesterreichs-beliebtester-politiker\/#primaryimage\",\"url\":\"https:\/\/now-news.de\/de\/wp-content\/uploads\/sites\/3\/2025\/01\/Herbert-Kickl-ist-Oesterreichs-beliebtester-Politiker.jpg\",\"contentUrl\":\"https:\/\/now-news.de\/de\/wp-content\/uploads\/sites\/3\/2025\/01\/Herbert-Kickl-ist-Oesterreichs-beliebtester-Politiker.jpg\",\"width\":460,\"height\":259,\"caption\":\"Herbert Kickl ist \u00d6sterreichs beliebtester Politiker\"},{\"@type\":\"BreadcrumbList\",\"@id\":\"https:\/\/now-news.de\/de\/deutschland\/herbert-kickl-ist-oesterreichs-beliebtester-politiker\/#breadcrumb\",\"itemListElement\":[{\"@type\":\"ListItem\",\"position\":1,\"name\":\"Home\",\"item\":\"https:\/\/now-news.de\/de\/\"},{\"@type\":\"ListItem\",\"position\":2,\"name\":\"Herbert Kickl ist \u00d6sterreichs beliebtester Politiker\"}]},{\"@type\":\"WebSite\",\"@id\":\"https:\/\/now-news.de\/de\/#website\",\"url\":\"https:\/\/now-news.de\/de\/\",\"name\":\"just-now.NEWS Deutschland\",\"description\":\"Das Portal f\u00fcr unzensierte Nachrichten aus der Welt\",\"publisher\":{\"@id\":\"https:\/\/now-news.de\/de\/#organization\"},\"potentialAction\":[{\"@type\":\"SearchAction\",\"target\":{\"@type\":\"EntryPoint\",\"urlTemplate\":\"https:\/\/now-news.de\/de\/?s={search_term_string}\"},\"query-input\":\"required name=search_term_string\"}],\"inLanguage\":\"de\"},{\"@type\":\"Organization\",\"@id\":\"https:\/\/now-news.de\/de\/#organization\",\"name\":\"Just Now News\",\"url\":\"https:\/\/now-news.de\/de\/\",\"logo\":{\"@type\":\"ImageObject\",\"inLanguage\":\"de\",\"@id\":\"https:\/\/now-news.de\/de\/#\/schema\/logo\/image\/\",\"url\":\"http:\/\/just-now.news\/de\/wp-content\/uploads\/sites\/3\/2022\/04\/logo500x500.jpg\",\"contentUrl\":\"http:\/\/just-now.news\/de\/wp-content\/uploads\/sites\/3\/2022\/04\/logo500x500.jpg\",\"width\":500,\"height\":500,\"caption\":\"Just Now News\"},\"image\":{\"@id\":\"https:\/\/now-news.de\/de\/#\/schema\/logo\/image\/\"},\"sameAs\":[\"https:\/\/www.facebook.com\/wirmachenauf\",\"https:\/\/x.com\/WirMachenAuf_de\"]},{\"@type\":\"Person\",\"@id\":\"https:\/\/now-news.de\/de\/#\/schema\/person\/fb534a4e865501d8b3285208df34a9b5\",\"name\":\"rtnews\",\"image\":{\"@type\":\"ImageObject\",\"inLanguage\":\"de\",\"@id\":\"https:\/\/now-news.de\/de\/#\/schema\/person\/image\/\",\"url\":\"https:\/\/secure.gravatar.com\/avatar\/82aafea7d8127119dd649515f56e2117?s=96&d=mm&r=g\",\"contentUrl\":\"https:\/\/secure.gravatar.com\/avatar\/82aafea7d8127119dd649515f56e2117?s=96&d=mm&r=g\",\"caption\":\"rtnews\"},\"url\":\"https:\/\/now-news.de\/de\/author\/rnews\/\"}]}<\/script>\n<!-- \/ Yoast SEO Premium plugin. -->","yoast_head_json":{"title":"Herbert Kickl ist \u00d6sterreichs beliebtester Politiker - just-now.NEWS Deutschland","robots":{"index":"index","follow":"follow","max-snippet":"max-snippet:-1","max-image-preview":"max-image-preview:large","max-video-preview":"max-video-preview:-1"},"canonical":"https:\/\/now-news.de\/de\/deutschland\/herbert-kickl-ist-oesterreichs-beliebtester-politiker\/","og_locale":"de_DE","og_type":"article","og_title":"Herbert Kickl ist \u00d6sterreichs beliebtester Politiker","og_description":"Eine aktuelle Umfrage zeigt: FP\u00d6-Chef Herbert Kickl ist der beliebteste Politiker \u00d6sterreichs, mit 32 Prozent Positiv-Nennungen. Bundespr\u00e4sident van der Bellen verliert an Zustimmung, SP\u00d6-Chef Babler st\u00fcrzt mit 53 Prozent Negativwerten ab. Auch \u00d6VP-Chef Stocker entt\u00e4uscht, w\u00e4hrend Doskozil und Hofer punkten. Was haben Alice Weidel, Donald Trump und Herbert Kickl gemeinsam? Richtig, Volksn\u00e4he. Ein aktuelles Politbarometer [&hellip;]","og_url":"https:\/\/now-news.de\/de\/deutschland\/herbert-kickl-ist-oesterreichs-beliebtester-politiker\/","og_site_name":"just-now.NEWS Deutschland","article_publisher":"https:\/\/www.facebook.com\/wirmachenauf","article_published_time":"2025-01-17T14:22:58+00:00","og_image":[{"url":"https:\/\/now-news.de\/de\/wp-content\/uploads\/sites\/3\/2025\/01\/678a5d7cb480cc20b1229c5a.jpg"}],"author":"rtnews","twitter_card":"summary_large_image","twitter_creator":"@WirMachenAuf_de","twitter_site":"@WirMachenAuf_de","twitter_misc":{"Verfasst von":"rtnews","Gesch\u00e4tzte Lesezeit":"2\u00a0Minuten"},"schema":{"@context":"https:\/\/schema.org","@graph":[{"@type":"Article","@id":"https:\/\/now-news.de\/de\/deutschland\/herbert-kickl-ist-oesterreichs-beliebtester-politiker\/#article","isPartOf":{"@id":"https:\/\/now-news.de\/de\/deutschland\/herbert-kickl-ist-oesterreichs-beliebtester-politiker\/"},"author":{"name":"rtnews","@id":"https:\/\/now-news.de\/de\/#\/schema\/person\/fb534a4e865501d8b3285208df34a9b5"},"headline":"Herbert Kickl ist \u00d6sterreichs beliebtester Politiker","datePublished":"2025-01-17T14:22:58+00:00","dateModified":"2025-01-17T14:22:58+00:00","mainEntityOfPage":{"@id":"https:\/\/now-news.de\/de\/deutschland\/herbert-kickl-ist-oesterreichs-beliebtester-politiker\/"},"wordCount":484,"commentCount":0,"publisher":{"@id":"https:\/\/now-news.de\/de\/#organization"},"image":{"@id":"https:\/\/now-news.de\/de\/deutschland\/herbert-kickl-ist-oesterreichs-beliebtester-politiker\/#primaryimage"},"thumbnailUrl":"https:\/\/now-news.de\/de\/wp-content\/uploads\/sites\/3\/2025\/01\/Herbert-Kickl-ist-Oesterreichs-beliebtester-Politiker.jpg","keywords":["beliebtester","Herbert","ist","Kickl","\u00d6sterreichs","Politiker"],"articleSection":["Deutschland","Russland"],"inLanguage":"de","potentialAction":[{"@type":"CommentAction","name":"Comment","target":["https:\/\/now-news.de\/de\/deutschland\/herbert-kickl-ist-oesterreichs-beliebtester-politiker\/#respond"]}]},{"@type":"WebPage","@id":"https:\/\/now-news.de\/de\/deutschland\/herbert-kickl-ist-oesterreichs-beliebtester-politiker\/","url":"https:\/\/now-news.de\/de\/deutschland\/herbert-kickl-ist-oesterreichs-beliebtester-politiker\/","name":"Herbert Kickl ist \u00d6sterreichs beliebtester Politiker - just-now.NEWS Deutschland","isPartOf":{"@id":"https:\/\/now-news.de\/de\/#website"},"primaryImageOfPage":{"@id":"https:\/\/now-news.de\/de\/deutschland\/herbert-kickl-ist-oesterreichs-beliebtester-politiker\/#primaryimage"},"image":{"@id":"https:\/\/now-news.de\/de\/deutschland\/herbert-kickl-ist-oesterreichs-beliebtester-politiker\/#primaryimage"},"thumbnailUrl":"https:\/\/now-news.de\/de\/wp-content\/uploads\/sites\/3\/2025\/01\/Herbert-Kickl-ist-Oesterreichs-beliebtester-Politiker.jpg","datePublished":"2025-01-17T14:22:58+00:00","dateModified":"2025-01-17T14:22:58+00:00","breadcrumb":{"@id":"https:\/\/now-news.de\/de\/deutschland\/herbert-kickl-ist-oesterreichs-beliebtester-politiker\/#breadcrumb"},"inLanguage":"de","potentialAction":[{"@type":"ReadAction","target":["https:\/\/now-news.de\/de\/deutschland\/herbert-kickl-ist-oesterreichs-beliebtester-politiker\/"]}]},{"@type":"ImageObject","inLanguage":"de","@id":"https:\/\/now-news.de\/de\/deutschland\/herbert-kickl-ist-oesterreichs-beliebtester-politiker\/#primaryimage","url":"https:\/\/now-news.de\/de\/wp-content\/uploads\/sites\/3\/2025\/01\/Herbert-Kickl-ist-Oesterreichs-beliebtester-Politiker.jpg","contentUrl":"https:\/\/now-news.de\/de\/wp-content\/uploads\/sites\/3\/2025\/01\/Herbert-Kickl-ist-Oesterreichs-beliebtester-Politiker.jpg","width":460,"height":259,"caption":"Herbert Kickl ist \u00d6sterreichs beliebtester Politiker"},{"@type":"BreadcrumbList","@id":"https:\/\/now-news.de\/de\/deutschland\/herbert-kickl-ist-oesterreichs-beliebtester-politiker\/#breadcrumb","itemListElement":[{"@type":"ListItem","position":1,"name":"Home","item":"https:\/\/now-news.de\/de\/"},{"@type":"ListItem","position":2,"name":"Herbert Kickl ist \u00d6sterreichs beliebtester Politiker"}]},{"@type":"WebSite","@id":"https:\/\/now-news.de\/de\/#website","url":"https:\/\/now-news.de\/de\/","name":"just-now.NEWS Deutschland","description":"Das Portal f\u00fcr unzensierte Nachrichten aus der Welt","publisher":{"@id":"https:\/\/now-news.de\/de\/#organization"},"potentialAction":[{"@type":"SearchAction","target":{"@type":"EntryPoint","urlTemplate":"https:\/\/now-news.de\/de\/?s={search_term_string}"},"query-input":"required name=search_term_string"}],"inLanguage":"de"},{"@type":"Organization","@id":"https:\/\/now-news.de\/de\/#organization","name":"Just Now News","url":"https:\/\/now-news.de\/de\/","logo":{"@type":"ImageObject","inLanguage":"de","@id":"https:\/\/now-news.de\/de\/#\/schema\/logo\/image\/","url":"http:\/\/just-now.news\/de\/wp-content\/uploads\/sites\/3\/2022\/04\/logo500x500.jpg","contentUrl":"http:\/\/just-now.news\/de\/wp-content\/uploads\/sites\/3\/2022\/04\/logo500x500.jpg","width":500,"height":500,"caption":"Just Now News"},"image":{"@id":"https:\/\/now-news.de\/de\/#\/schema\/logo\/image\/"},"sameAs":["https:\/\/www.facebook.com\/wirmachenauf","https:\/\/x.com\/WirMachenAuf_de"]},{"@type":"Person","@id":"https:\/\/now-news.de\/de\/#\/schema\/person\/fb534a4e865501d8b3285208df34a9b5","name":"rtnews","image":{"@type":"ImageObject","inLanguage":"de","@id":"https:\/\/now-news.de\/de\/#\/schema\/person\/image\/","url":"https:\/\/secure.gravatar.com\/avatar\/82aafea7d8127119dd649515f56e2117?s=96&d=mm&r=g","contentUrl":"https:\/\/secure.gravatar.com\/avatar\/82aafea7d8127119dd649515f56e2117?s=96&d=mm&r=g","caption":"rtnews"},"url":"https:\/\/now-news.de\/de\/author\/rnews\/"}]}},"_links":{"self":[{"href":"https:\/\/now-news.de\/de\/wp-json\/wp\/v2\/posts\/76638"}],"collection":[{"href":"https:\/\/now-news.de\/de\/wp-json\/wp\/v2\/posts"}],"about":[{"href":"https:\/\/now-news.de\/de\/wp-json\/wp\/v2\/types\/post"}],"author":[{"embeddable":true,"href":"https:\/\/now-news.de\/de\/wp-json\/wp\/v2\/users\/3"}],"replies":[{"embeddable":true,"href":"https:\/\/now-news.de\/de\/wp-json\/wp\/v2\/comments?post=76638"}],"version-history":[{"count":0,"href":"https:\/\/now-news.de\/de\/wp-json\/wp\/v2\/posts\/76638\/revisions"}],"wp:featuredmedia":[{"embeddable":true,"href":"https:\/\/now-news.de\/de\/wp-json\/wp\/v2\/media\/76639"}],"wp:attachment":[{"href":"https:\/\/now-news.de\/de\/wp-json\/wp\/v2\/media?parent=76638"}],"wp:term":[{"taxonomy":"category","embeddable":true,"href":"https:\/\/now-news.de\/de\/wp-json\/wp\/v2\/categories?post=76638"},{"taxonomy":"post_tag","embeddable":true,"href":"https:\/\/now-news.de\/de\/wp-json\/wp\/v2\/tags?post=76638"}],"curies":[{"name":"wp","href":"https:\/\/api.w.org\/{rel}","templated":true}]}}