{"id":76628,"date":"2025-01-17T14:53:13","date_gmt":"2025-01-17T12:53:13","guid":{"rendered":"https:\/\/now-news.de\/de\/deutschland\/ft-bruessel-will-belgischen-koenig-zur-aufrechterhaltung-antirussischer-sanktionen-einschalten\/"},"modified":"2025-01-17T14:53:13","modified_gmt":"2025-01-17T12:53:13","slug":"ft-bruessel-will-belgischen-koenig-zur-aufrechterhaltung-antirussischer-sanktionen-einschalten","status":"publish","type":"post","link":"https:\/\/now-news.de\/de\/deutschland\/ft-bruessel-will-belgischen-koenig-zur-aufrechterhaltung-antirussischer-sanktionen-einschalten\/","title":{"rendered":"FT: Br\u00fcssel will belgischen K\u00f6nig zur Aufrechterhaltung antirussischer Sanktionen einschalten"},"content":{"rendered":"<p><img decoding=\"async\" src=\"https:\/\/now-news.de\/de\/wp-content\/uploads\/sites\/3\/2025\/01\/678a3c48b480cc4f442cb6e6.jpg\" \/><\/p>\n<div class=\"Text-root Text-type_1 \">\n                Um die Sanktionen gegen Russland aufrechtzuerhalten, zieht Br\u00fcssel mehrere Schritte in Erw\u00e4gung. Laut der Financial Times wird auch ein Gesetz aus der Zeit des Zweiten Weltkrieges in Erw\u00e4gung gezogen. Belgiens K\u00f6nig k\u00e4me in dem Szenario eine Schl\u00fcsselrolle zu.\n            <\/div>\n<p><\/p>\n<div class=\"Text-root Text-type_5 ArticleView-text ViewText-root \">\n<p>Vertreter der Europ\u00e4ischen Union arbeiten an einer Reihe von Ma\u00dfnahmen, um die EU-Sanktionen gegen Russland vor einem Veto Ungarns zu sch\u00fctzen. Laut der Zeitung <em>Financial Times<\/em> erw\u00e4gt Br\u00fcssel unter anderem die Anwendung eines Gesetzes, das vor 81 Jahren verabschiedet worden ist und Befugnisse des\u00a0belgischen Monarchen betrifft.<\/p>\n<p>Die EU muss ihre Sanktionen gegen Russland jedes halbe Jahr erneuern. Bereits im Dezember 2024 hatte der ungarische Ministerpr\u00e4sident Viktor Orb\u00e1n den Staats- und Regierungschefs erkl\u00e4rt, dass er eine Verl\u00e4ngerung wahrscheinlich blockieren werde. In der Folge w\u00e4ren die Einschr\u00e4nkungen nach dem 31. Januar 2025 nicht mehr g\u00fcltig. <em>Bloomberg<\/em> berichtete damals, dass Orb\u00e1n auf die Inauguration des designierten US-Pr\u00e4sidenten warten wolle, bevor eine Entscheidung \u00fcber die Verl\u00e4ngerung der Sanktion zu treffe.<\/p>\n<p>An diesem Freitag sagte Orb\u00e1n in einem Gespr\u00e4ch mit dem Rundfunksender <em>Kossuth<\/em>, dass die Welt mit der Amtseinf\u00fchrung von Trump in eine neue Epoche eintreten w\u00fcrde. Die EU sollte sich der neuen Lage anpassen, die antirussischen Sanktionen aufgeben und die Beziehungen mit Moskau ohne Sanktionen wiederaufnehmen.<\/p>\n<p>W\u00e4hrend EU-Beamte versuchten, Orb\u00e1n zu \u00fcberreden, suche Br\u00fcssel nach Ma\u00dfnahmen, um mindestens einige der Sanktionen bewahren zu k\u00f6nnen. Laut der <em>FT<\/em> stehen rund 190 Milliarden Euro an eingefrorenen russischen Verm\u00f6genswerten im Fokus, die derzeit von der belgischen Clearinggesellschaft Euroclear verwaltet werden. Mit Profiten aus diesen Geldmitteln will Br\u00fcssel Darlehen an Kiew finanzieren sowie als Druckmittel auf Moskau w\u00e4hrend m\u00f6glicher Verhandlungen \u00fcber eine Waffenruhe einsetzen.<\/p>\n<p>Sollten die Sanktionen ausgesetzt werden, sei das Geld &#8220;am n\u00e4chsten Tag in Russland&#8221;, da Finanzinstitutionen keinen Grund mehr h\u00e4tten, es zu behalten, meinte ein namentlich nicht genannter EU-Beamter gegen\u00fcber der <em>FT<\/em>.<\/p>\n<p>Laut vier weiteren Beamten, die mit den Diskussionen vertraut sind, k\u00f6nnte unter diesen Umst\u00e4nden ein Dekret aus der Zeit des Zweiten Weltkrieges verwendet werden. Das im Jahr 1944 verabschiedete Gesetz erlaubt dem K\u00f6nig von Belgien, den Transfer von Verm\u00f6genswerten aus dem Land zu verbieten. Ob diese M\u00f6glichkeit mit dem herrschenden Monarchen Philippe beraten worden ist, bleibt vorerst unbekannt. Sprecher des K\u00f6nigshauses erkl\u00e4rten jedoch, dass eine Entscheidung in Bezug auf das Dekret nicht zum Aufgabenbereich seiner Majest\u00e4t, sondern der Regierung geh\u00f6rt.<\/p>\n<p>Die Beharrlichkeit, mit der Orb\u00e1n sich seit geraumer Zeit der Russlandpolitik der EU entgegenstellt, sorgt in Br\u00fcssel wiederholt f\u00fcr Frustration.\u00a0Da der Entscheidungsprozess der EU eine\u00a0einhellige Zustimmung fordert, verlangen mehrere\u00a0Mitgliedstaaten, Ungarn sein Stimmrecht zu entziehen.<\/p>\n<p><strong>Mehr zum Thema \u2013<\/strong>\u00a0<a rel=\"nofollow noopener\" target=\"_blank\" href=\"https:\/\/freedert.online\/europa\/212605-politico-eu-abgeordnete-wollen-ungarn-das-stimmrecht-entziehen\/\">Politico: EU-Abgeordnete wollen Ungarn das Stimmrecht entziehen<\/a><\/p>\n<div class=\"EmbedBlock-root EmbedBlock-externalVideo EmbedBlock-rumble\">\n<div class=\"VkEmbed\"><iframe class=\"lazyload\" data-src=\"https:\/\/rumble.com\/embed\/v67d5rs\" frameborder=\"0\" width=\"853\" height=\"480\" allowfullscreen><\/iframe><\/div>\n<\/div>\n<\/div>\n<p><br \/>\n<br \/><a href=\"https:\/\/de.rt.com\/international\/233337-ft-bruessel-eu-will-belgischen-koenig\/\">Source link <\/a><\/p>\n","protected":false},"excerpt":{"rendered":"<p>Um die Sanktionen gegen Russland aufrechtzuerhalten, zieht Br\u00fcssel mehrere Schritte in Erw\u00e4gung. Laut der Financial Times wird auch ein Gesetz aus der Zeit des Zweiten Weltkrieges in Erw\u00e4gung gezogen. Belgiens K\u00f6nig k\u00e4me in dem Szenario eine Schl\u00fcsselrolle zu. Vertreter der Europ\u00e4ischen Union arbeiten an einer Reihe von Ma\u00dfnahmen, um die EU-Sanktionen gegen Russland vor einem [&hellip;]<\/p>\n","protected":false},"author":3,"featured_media":76629,"comment_status":"open","ping_status":"open","sticky":false,"template":"","format":"standard","meta":{"_yoast_indexnow_last_ping":["1737118418"],"wp_automatic_camp":["217"],"f80da2256842219dd567023c7403e83d":["FT: Br\u00fcssel will belgischen K\u00f6nig zur Aufrechterhaltung antirussischer Sanktionen einschalten"],"original_link":["https:\/\/de.rt.com\/international\/233337-ft-bruessel-eu-will-belgischen-koenig\/"],"_thumbnail_id":["76629"],"_wptgpro_p2tg_sent2tg":["a:1:{i:23737;s:19:\"2025-01-17 14:54:38\";}"],"jnews_social_counter_last_update":["1777202959"]},"categories":[19,23],"tags":[32295,25654,61961,17026,26313,21142,713,581],"yoast_head":"<!-- This site is optimized with the Yoast SEO Premium plugin v22.7 (Yoast SEO v22.7) - https:\/\/yoast.com\/wordpress\/plugins\/seo\/ -->\n<title>FT: Br\u00fcssel will belgischen K\u00f6nig zur Aufrechterhaltung antirussischer Sanktionen einschalten - just-now.NEWS Deutschland<\/title>\n<meta name=\"robots\" content=\"index, follow, max-snippet:-1, max-image-preview:large, max-video-preview:-1\" \/>\n<link rel=\"canonical\" href=\"https:\/\/now-news.de\/de\/deutschland\/ft-bruessel-will-belgischen-koenig-zur-aufrechterhaltung-antirussischer-sanktionen-einschalten\/\" \/>\n<meta property=\"og:locale\" content=\"de_DE\" \/>\n<meta property=\"og:type\" content=\"article\" \/>\n<meta property=\"og:title\" content=\"FT: Br\u00fcssel will belgischen K\u00f6nig zur Aufrechterhaltung antirussischer Sanktionen einschalten\" \/>\n<meta property=\"og:description\" content=\"Um die Sanktionen gegen Russland aufrechtzuerhalten, zieht Br\u00fcssel mehrere Schritte in Erw\u00e4gung. Laut der Financial Times wird auch ein Gesetz aus der Zeit des Zweiten Weltkrieges in Erw\u00e4gung gezogen. Belgiens K\u00f6nig k\u00e4me in dem Szenario eine Schl\u00fcsselrolle zu. Vertreter der Europ\u00e4ischen Union arbeiten an einer Reihe von Ma\u00dfnahmen, um die EU-Sanktionen gegen Russland vor einem [&hellip;]\" \/>\n<meta property=\"og:url\" content=\"https:\/\/now-news.de\/de\/deutschland\/ft-bruessel-will-belgischen-koenig-zur-aufrechterhaltung-antirussischer-sanktionen-einschalten\/\" \/>\n<meta property=\"og:site_name\" content=\"just-now.NEWS Deutschland\" \/>\n<meta property=\"article:publisher\" content=\"https:\/\/www.facebook.com\/wirmachenauf\" \/>\n<meta property=\"article:published_time\" content=\"2025-01-17T12:53:13+00:00\" \/>\n<meta property=\"og:image\" content=\"https:\/\/now-news.de\/de\/wp-content\/uploads\/sites\/3\/2025\/01\/678a3c48b480cc4f442cb6e6.jpg\" \/>\n<meta name=\"author\" content=\"rtnews\" \/>\n<meta name=\"twitter:card\" content=\"summary_large_image\" \/>\n<meta name=\"twitter:creator\" content=\"@WirMachenAuf_de\" \/>\n<meta name=\"twitter:site\" content=\"@WirMachenAuf_de\" \/>\n<meta name=\"twitter:label1\" content=\"Verfasst von\" \/>\n\t<meta name=\"twitter:data1\" content=\"rtnews\" \/>\n\t<meta name=\"twitter:label2\" content=\"Gesch\u00e4tzte Lesezeit\" \/>\n\t<meta name=\"twitter:data2\" content=\"2\u00a0Minuten\" \/>\n<script type=\"application\/ld+json\" class=\"yoast-schema-graph\">{\"@context\":\"https:\/\/schema.org\",\"@graph\":[{\"@type\":\"Article\",\"@id\":\"https:\/\/now-news.de\/de\/deutschland\/ft-bruessel-will-belgischen-koenig-zur-aufrechterhaltung-antirussischer-sanktionen-einschalten\/#article\",\"isPartOf\":{\"@id\":\"https:\/\/now-news.de\/de\/deutschland\/ft-bruessel-will-belgischen-koenig-zur-aufrechterhaltung-antirussischer-sanktionen-einschalten\/\"},\"author\":{\"name\":\"rtnews\",\"@id\":\"https:\/\/now-news.de\/de\/#\/schema\/person\/fb534a4e865501d8b3285208df34a9b5\"},\"headline\":\"FT: Br\u00fcssel will belgischen K\u00f6nig zur Aufrechterhaltung antirussischer Sanktionen einschalten\",\"datePublished\":\"2025-01-17T12:53:13+00:00\",\"dateModified\":\"2025-01-17T12:53:13+00:00\",\"mainEntityOfPage\":{\"@id\":\"https:\/\/now-news.de\/de\/deutschland\/ft-bruessel-will-belgischen-koenig-zur-aufrechterhaltung-antirussischer-sanktionen-einschalten\/\"},\"wordCount\":481,\"commentCount\":0,\"publisher\":{\"@id\":\"https:\/\/now-news.de\/de\/#organization\"},\"image\":{\"@id\":\"https:\/\/now-news.de\/de\/deutschland\/ft-bruessel-will-belgischen-koenig-zur-aufrechterhaltung-antirussischer-sanktionen-einschalten\/#primaryimage\"},\"thumbnailUrl\":\"https:\/\/now-news.de\/de\/wp-content\/uploads\/sites\/3\/2025\/01\/FT-Bruessel-will-belgischen-Koenig-zur-Aufrechterhaltung-antirussischer-Sanktionen-einschalten.jpg\",\"keywords\":[\"antirussischer\",\"Aufrechterhaltung\",\"belgischen\",\"Br\u00fcssel\",\"einschalten\",\"K\u00f6nig\",\"Sanktionen\",\"zur\"],\"articleSection\":[\"Deutschland\",\"Russland\"],\"inLanguage\":\"de\",\"potentialAction\":[{\"@type\":\"CommentAction\",\"name\":\"Comment\",\"target\":[\"https:\/\/now-news.de\/de\/deutschland\/ft-bruessel-will-belgischen-koenig-zur-aufrechterhaltung-antirussischer-sanktionen-einschalten\/#respond\"]}]},{\"@type\":\"WebPage\",\"@id\":\"https:\/\/now-news.de\/de\/deutschland\/ft-bruessel-will-belgischen-koenig-zur-aufrechterhaltung-antirussischer-sanktionen-einschalten\/\",\"url\":\"https:\/\/now-news.de\/de\/deutschland\/ft-bruessel-will-belgischen-koenig-zur-aufrechterhaltung-antirussischer-sanktionen-einschalten\/\",\"name\":\"FT: Br\u00fcssel will belgischen K\u00f6nig zur Aufrechterhaltung antirussischer Sanktionen einschalten - just-now.NEWS Deutschland\",\"isPartOf\":{\"@id\":\"https:\/\/now-news.de\/de\/#website\"},\"primaryImageOfPage\":{\"@id\":\"https:\/\/now-news.de\/de\/deutschland\/ft-bruessel-will-belgischen-koenig-zur-aufrechterhaltung-antirussischer-sanktionen-einschalten\/#primaryimage\"},\"image\":{\"@id\":\"https:\/\/now-news.de\/de\/deutschland\/ft-bruessel-will-belgischen-koenig-zur-aufrechterhaltung-antirussischer-sanktionen-einschalten\/#primaryimage\"},\"thumbnailUrl\":\"https:\/\/now-news.de\/de\/wp-content\/uploads\/sites\/3\/2025\/01\/FT-Bruessel-will-belgischen-Koenig-zur-Aufrechterhaltung-antirussischer-Sanktionen-einschalten.jpg\",\"datePublished\":\"2025-01-17T12:53:13+00:00\",\"dateModified\":\"2025-01-17T12:53:13+00:00\",\"breadcrumb\":{\"@id\":\"https:\/\/now-news.de\/de\/deutschland\/ft-bruessel-will-belgischen-koenig-zur-aufrechterhaltung-antirussischer-sanktionen-einschalten\/#breadcrumb\"},\"inLanguage\":\"de\",\"potentialAction\":[{\"@type\":\"ReadAction\",\"target\":[\"https:\/\/now-news.de\/de\/deutschland\/ft-bruessel-will-belgischen-koenig-zur-aufrechterhaltung-antirussischer-sanktionen-einschalten\/\"]}]},{\"@type\":\"ImageObject\",\"inLanguage\":\"de\",\"@id\":\"https:\/\/now-news.de\/de\/deutschland\/ft-bruessel-will-belgischen-koenig-zur-aufrechterhaltung-antirussischer-sanktionen-einschalten\/#primaryimage\",\"url\":\"https:\/\/now-news.de\/de\/wp-content\/uploads\/sites\/3\/2025\/01\/FT-Bruessel-will-belgischen-Koenig-zur-Aufrechterhaltung-antirussischer-Sanktionen-einschalten.jpg\",\"contentUrl\":\"https:\/\/now-news.de\/de\/wp-content\/uploads\/sites\/3\/2025\/01\/FT-Bruessel-will-belgischen-Koenig-zur-Aufrechterhaltung-antirussischer-Sanktionen-einschalten.jpg\",\"width\":460,\"height\":259,\"caption\":\"FT: Br\u00fcssel will belgischen K\u00f6nig zur Aufrechterhaltung antirussischer Sanktionen einschalten\"},{\"@type\":\"BreadcrumbList\",\"@id\":\"https:\/\/now-news.de\/de\/deutschland\/ft-bruessel-will-belgischen-koenig-zur-aufrechterhaltung-antirussischer-sanktionen-einschalten\/#breadcrumb\",\"itemListElement\":[{\"@type\":\"ListItem\",\"position\":1,\"name\":\"Home\",\"item\":\"https:\/\/now-news.de\/de\/\"},{\"@type\":\"ListItem\",\"position\":2,\"name\":\"FT: Br\u00fcssel will belgischen K\u00f6nig zur Aufrechterhaltung antirussischer Sanktionen einschalten\"}]},{\"@type\":\"WebSite\",\"@id\":\"https:\/\/now-news.de\/de\/#website\",\"url\":\"https:\/\/now-news.de\/de\/\",\"name\":\"just-now.NEWS Deutschland\",\"description\":\"Das Portal f\u00fcr unzensierte Nachrichten aus der Welt\",\"publisher\":{\"@id\":\"https:\/\/now-news.de\/de\/#organization\"},\"potentialAction\":[{\"@type\":\"SearchAction\",\"target\":{\"@type\":\"EntryPoint\",\"urlTemplate\":\"https:\/\/now-news.de\/de\/?s={search_term_string}\"},\"query-input\":\"required name=search_term_string\"}],\"inLanguage\":\"de\"},{\"@type\":\"Organization\",\"@id\":\"https:\/\/now-news.de\/de\/#organization\",\"name\":\"Just Now News\",\"url\":\"https:\/\/now-news.de\/de\/\",\"logo\":{\"@type\":\"ImageObject\",\"inLanguage\":\"de\",\"@id\":\"https:\/\/now-news.de\/de\/#\/schema\/logo\/image\/\",\"url\":\"http:\/\/just-now.news\/de\/wp-content\/uploads\/sites\/3\/2022\/04\/logo500x500.jpg\",\"contentUrl\":\"http:\/\/just-now.news\/de\/wp-content\/uploads\/sites\/3\/2022\/04\/logo500x500.jpg\",\"width\":500,\"height\":500,\"caption\":\"Just Now News\"},\"image\":{\"@id\":\"https:\/\/now-news.de\/de\/#\/schema\/logo\/image\/\"},\"sameAs\":[\"https:\/\/www.facebook.com\/wirmachenauf\",\"https:\/\/x.com\/WirMachenAuf_de\"]},{\"@type\":\"Person\",\"@id\":\"https:\/\/now-news.de\/de\/#\/schema\/person\/fb534a4e865501d8b3285208df34a9b5\",\"name\":\"rtnews\",\"image\":{\"@type\":\"ImageObject\",\"inLanguage\":\"de\",\"@id\":\"https:\/\/now-news.de\/de\/#\/schema\/person\/image\/\",\"url\":\"https:\/\/secure.gravatar.com\/avatar\/82aafea7d8127119dd649515f56e2117?s=96&d=mm&r=g\",\"contentUrl\":\"https:\/\/secure.gravatar.com\/avatar\/82aafea7d8127119dd649515f56e2117?s=96&d=mm&r=g\",\"caption\":\"rtnews\"},\"url\":\"https:\/\/now-news.de\/de\/author\/rnews\/\"}]}<\/script>\n<!-- \/ Yoast SEO Premium plugin. -->","yoast_head_json":{"title":"FT: Br\u00fcssel will belgischen K\u00f6nig zur Aufrechterhaltung antirussischer Sanktionen einschalten - just-now.NEWS Deutschland","robots":{"index":"index","follow":"follow","max-snippet":"max-snippet:-1","max-image-preview":"max-image-preview:large","max-video-preview":"max-video-preview:-1"},"canonical":"https:\/\/now-news.de\/de\/deutschland\/ft-bruessel-will-belgischen-koenig-zur-aufrechterhaltung-antirussischer-sanktionen-einschalten\/","og_locale":"de_DE","og_type":"article","og_title":"FT: Br\u00fcssel will belgischen K\u00f6nig zur Aufrechterhaltung antirussischer Sanktionen einschalten","og_description":"Um die Sanktionen gegen Russland aufrechtzuerhalten, zieht Br\u00fcssel mehrere Schritte in Erw\u00e4gung. Laut der Financial Times wird auch ein Gesetz aus der Zeit des Zweiten Weltkrieges in Erw\u00e4gung gezogen. Belgiens K\u00f6nig k\u00e4me in dem Szenario eine Schl\u00fcsselrolle zu. Vertreter der Europ\u00e4ischen Union arbeiten an einer Reihe von Ma\u00dfnahmen, um die EU-Sanktionen gegen Russland vor einem [&hellip;]","og_url":"https:\/\/now-news.de\/de\/deutschland\/ft-bruessel-will-belgischen-koenig-zur-aufrechterhaltung-antirussischer-sanktionen-einschalten\/","og_site_name":"just-now.NEWS Deutschland","article_publisher":"https:\/\/www.facebook.com\/wirmachenauf","article_published_time":"2025-01-17T12:53:13+00:00","og_image":[{"url":"https:\/\/now-news.de\/de\/wp-content\/uploads\/sites\/3\/2025\/01\/678a3c48b480cc4f442cb6e6.jpg"}],"author":"rtnews","twitter_card":"summary_large_image","twitter_creator":"@WirMachenAuf_de","twitter_site":"@WirMachenAuf_de","twitter_misc":{"Verfasst von":"rtnews","Gesch\u00e4tzte Lesezeit":"2\u00a0Minuten"},"schema":{"@context":"https:\/\/schema.org","@graph":[{"@type":"Article","@id":"https:\/\/now-news.de\/de\/deutschland\/ft-bruessel-will-belgischen-koenig-zur-aufrechterhaltung-antirussischer-sanktionen-einschalten\/#article","isPartOf":{"@id":"https:\/\/now-news.de\/de\/deutschland\/ft-bruessel-will-belgischen-koenig-zur-aufrechterhaltung-antirussischer-sanktionen-einschalten\/"},"author":{"name":"rtnews","@id":"https:\/\/now-news.de\/de\/#\/schema\/person\/fb534a4e865501d8b3285208df34a9b5"},"headline":"FT: Br\u00fcssel will belgischen K\u00f6nig zur Aufrechterhaltung antirussischer Sanktionen einschalten","datePublished":"2025-01-17T12:53:13+00:00","dateModified":"2025-01-17T12:53:13+00:00","mainEntityOfPage":{"@id":"https:\/\/now-news.de\/de\/deutschland\/ft-bruessel-will-belgischen-koenig-zur-aufrechterhaltung-antirussischer-sanktionen-einschalten\/"},"wordCount":481,"commentCount":0,"publisher":{"@id":"https:\/\/now-news.de\/de\/#organization"},"image":{"@id":"https:\/\/now-news.de\/de\/deutschland\/ft-bruessel-will-belgischen-koenig-zur-aufrechterhaltung-antirussischer-sanktionen-einschalten\/#primaryimage"},"thumbnailUrl":"https:\/\/now-news.de\/de\/wp-content\/uploads\/sites\/3\/2025\/01\/FT-Bruessel-will-belgischen-Koenig-zur-Aufrechterhaltung-antirussischer-Sanktionen-einschalten.jpg","keywords":["antirussischer","Aufrechterhaltung","belgischen","Br\u00fcssel","einschalten","K\u00f6nig","Sanktionen","zur"],"articleSection":["Deutschland","Russland"],"inLanguage":"de","potentialAction":[{"@type":"CommentAction","name":"Comment","target":["https:\/\/now-news.de\/de\/deutschland\/ft-bruessel-will-belgischen-koenig-zur-aufrechterhaltung-antirussischer-sanktionen-einschalten\/#respond"]}]},{"@type":"WebPage","@id":"https:\/\/now-news.de\/de\/deutschland\/ft-bruessel-will-belgischen-koenig-zur-aufrechterhaltung-antirussischer-sanktionen-einschalten\/","url":"https:\/\/now-news.de\/de\/deutschland\/ft-bruessel-will-belgischen-koenig-zur-aufrechterhaltung-antirussischer-sanktionen-einschalten\/","name":"FT: Br\u00fcssel will belgischen K\u00f6nig zur Aufrechterhaltung antirussischer Sanktionen einschalten - just-now.NEWS Deutschland","isPartOf":{"@id":"https:\/\/now-news.de\/de\/#website"},"primaryImageOfPage":{"@id":"https:\/\/now-news.de\/de\/deutschland\/ft-bruessel-will-belgischen-koenig-zur-aufrechterhaltung-antirussischer-sanktionen-einschalten\/#primaryimage"},"image":{"@id":"https:\/\/now-news.de\/de\/deutschland\/ft-bruessel-will-belgischen-koenig-zur-aufrechterhaltung-antirussischer-sanktionen-einschalten\/#primaryimage"},"thumbnailUrl":"https:\/\/now-news.de\/de\/wp-content\/uploads\/sites\/3\/2025\/01\/FT-Bruessel-will-belgischen-Koenig-zur-Aufrechterhaltung-antirussischer-Sanktionen-einschalten.jpg","datePublished":"2025-01-17T12:53:13+00:00","dateModified":"2025-01-17T12:53:13+00:00","breadcrumb":{"@id":"https:\/\/now-news.de\/de\/deutschland\/ft-bruessel-will-belgischen-koenig-zur-aufrechterhaltung-antirussischer-sanktionen-einschalten\/#breadcrumb"},"inLanguage":"de","potentialAction":[{"@type":"ReadAction","target":["https:\/\/now-news.de\/de\/deutschland\/ft-bruessel-will-belgischen-koenig-zur-aufrechterhaltung-antirussischer-sanktionen-einschalten\/"]}]},{"@type":"ImageObject","inLanguage":"de","@id":"https:\/\/now-news.de\/de\/deutschland\/ft-bruessel-will-belgischen-koenig-zur-aufrechterhaltung-antirussischer-sanktionen-einschalten\/#primaryimage","url":"https:\/\/now-news.de\/de\/wp-content\/uploads\/sites\/3\/2025\/01\/FT-Bruessel-will-belgischen-Koenig-zur-Aufrechterhaltung-antirussischer-Sanktionen-einschalten.jpg","contentUrl":"https:\/\/now-news.de\/de\/wp-content\/uploads\/sites\/3\/2025\/01\/FT-Bruessel-will-belgischen-Koenig-zur-Aufrechterhaltung-antirussischer-Sanktionen-einschalten.jpg","width":460,"height":259,"caption":"FT: Br\u00fcssel will belgischen K\u00f6nig zur Aufrechterhaltung antirussischer Sanktionen einschalten"},{"@type":"BreadcrumbList","@id":"https:\/\/now-news.de\/de\/deutschland\/ft-bruessel-will-belgischen-koenig-zur-aufrechterhaltung-antirussischer-sanktionen-einschalten\/#breadcrumb","itemListElement":[{"@type":"ListItem","position":1,"name":"Home","item":"https:\/\/now-news.de\/de\/"},{"@type":"ListItem","position":2,"name":"FT: Br\u00fcssel will belgischen K\u00f6nig zur Aufrechterhaltung antirussischer Sanktionen einschalten"}]},{"@type":"WebSite","@id":"https:\/\/now-news.de\/de\/#website","url":"https:\/\/now-news.de\/de\/","name":"just-now.NEWS Deutschland","description":"Das Portal f\u00fcr unzensierte Nachrichten aus der Welt","publisher":{"@id":"https:\/\/now-news.de\/de\/#organization"},"potentialAction":[{"@type":"SearchAction","target":{"@type":"EntryPoint","urlTemplate":"https:\/\/now-news.de\/de\/?s={search_term_string}"},"query-input":"required name=search_term_string"}],"inLanguage":"de"},{"@type":"Organization","@id":"https:\/\/now-news.de\/de\/#organization","name":"Just Now News","url":"https:\/\/now-news.de\/de\/","logo":{"@type":"ImageObject","inLanguage":"de","@id":"https:\/\/now-news.de\/de\/#\/schema\/logo\/image\/","url":"http:\/\/just-now.news\/de\/wp-content\/uploads\/sites\/3\/2022\/04\/logo500x500.jpg","contentUrl":"http:\/\/just-now.news\/de\/wp-content\/uploads\/sites\/3\/2022\/04\/logo500x500.jpg","width":500,"height":500,"caption":"Just Now News"},"image":{"@id":"https:\/\/now-news.de\/de\/#\/schema\/logo\/image\/"},"sameAs":["https:\/\/www.facebook.com\/wirmachenauf","https:\/\/x.com\/WirMachenAuf_de"]},{"@type":"Person","@id":"https:\/\/now-news.de\/de\/#\/schema\/person\/fb534a4e865501d8b3285208df34a9b5","name":"rtnews","image":{"@type":"ImageObject","inLanguage":"de","@id":"https:\/\/now-news.de\/de\/#\/schema\/person\/image\/","url":"https:\/\/secure.gravatar.com\/avatar\/82aafea7d8127119dd649515f56e2117?s=96&d=mm&r=g","contentUrl":"https:\/\/secure.gravatar.com\/avatar\/82aafea7d8127119dd649515f56e2117?s=96&d=mm&r=g","caption":"rtnews"},"url":"https:\/\/now-news.de\/de\/author\/rnews\/"}]}},"_links":{"self":[{"href":"https:\/\/now-news.de\/de\/wp-json\/wp\/v2\/posts\/76628"}],"collection":[{"href":"https:\/\/now-news.de\/de\/wp-json\/wp\/v2\/posts"}],"about":[{"href":"https:\/\/now-news.de\/de\/wp-json\/wp\/v2\/types\/post"}],"author":[{"embeddable":true,"href":"https:\/\/now-news.de\/de\/wp-json\/wp\/v2\/users\/3"}],"replies":[{"embeddable":true,"href":"https:\/\/now-news.de\/de\/wp-json\/wp\/v2\/comments?post=76628"}],"version-history":[{"count":0,"href":"https:\/\/now-news.de\/de\/wp-json\/wp\/v2\/posts\/76628\/revisions"}],"wp:featuredmedia":[{"embeddable":true,"href":"https:\/\/now-news.de\/de\/wp-json\/wp\/v2\/media\/76629"}],"wp:attachment":[{"href":"https:\/\/now-news.de\/de\/wp-json\/wp\/v2\/media?parent=76628"}],"wp:term":[{"taxonomy":"category","embeddable":true,"href":"https:\/\/now-news.de\/de\/wp-json\/wp\/v2\/categories?post=76628"},{"taxonomy":"post_tag","embeddable":true,"href":"https:\/\/now-news.de\/de\/wp-json\/wp\/v2\/tags?post=76628"}],"curies":[{"name":"wp","href":"https:\/\/api.w.org\/{rel}","templated":true}]}}