{"id":76610,"date":"2025-01-17T12:21:25","date_gmt":"2025-01-17T10:21:25","guid":{"rendered":"https:\/\/now-news.de\/de\/deutschland\/ohne-gruende-zu-nennen-volksbank-kuendigt-geschaeftskonto-der-afd\/"},"modified":"2025-01-17T12:21:25","modified_gmt":"2025-01-17T10:21:25","slug":"ohne-gruende-zu-nennen-volksbank-kuendigt-geschaeftskonto-der-afd","status":"publish","type":"post","link":"https:\/\/now-news.de\/de\/deutschland\/ohne-gruende-zu-nennen-volksbank-kuendigt-geschaeftskonto-der-afd\/","title":{"rendered":"Ohne Gr\u00fcnde zu nennen: Volksbank k\u00fcndigt Gesch\u00e4ftskonto der AfD"},"content":{"rendered":"<p><img decoding=\"async\" src=\"https:\/\/now-news.de\/de\/wp-content\/uploads\/sites\/3\/2025\/01\/678a261c48fbef232f524705.jpg\" \/><\/p>\n<div class=\"Text-root Text-type_1 \">\n                Der AfD D\u00fcsseldorf wurde von der Volksbank D\u00fcsseldorf Neuss das Konto ohne Angabe von Gr\u00fcnden gek\u00fcndigt. Der AfD zufolge sind auch andere Verb\u00e4nde betroffen. Kontok\u00fcndigungen werden in Deutschland regelm\u00e4\u00dfig gegen Journalisten und Medien eingesetzt. Jetzt trifft es auch Parteien.\n            <\/div>\n<p><\/p>\n<div class=\"Text-root Text-type_5 ArticleView-text ViewText-root \">\n<p>Der Stadtverband der AfD f\u00fcr den Kreis D\u00fcsseldorf meldet auf dem Kurznachrichtendienst X, die Volksbank D\u00fcsseldorf Neuss habe dem Verband ohne Angabe von Gr\u00fcnden das Konto gek\u00fcndigt.\u00a0<\/p>\n<p>Die AfD D\u00fcsseldorf ver\u00f6ffentlichte auf ihrem Account das Schreiben der Volksbank D\u00fcsseldorf Neuss. Darin hei\u00dft es lapidar: &#8220;Wir machen vom Recht gem\u00e4\u00df \u00a7 19 unserer Allgemeinen Gesch\u00e4ftsbedingungen Gebrauch und k\u00fcndigen Ihnen die Gesch\u00e4ftsverbindung zum 31. M\u00e4rz 2025.&#8221;<\/p>\n<div class=\"EmbedBlock-root EmbedBlock-twitter\">\n<div class=\"TwitterEmbed\">\n<blockquote class=\"twitter-tweet lazyload\" data-twitter=\"twitter-tweet\">\n<p lang=\"de\" dir=\"ltr\">Debanking ist Wahlkampf der besonderen Art: Die Volksbank D\u00fcsseldorf Neuss k\u00fcndigt der AfD D\u00fcsseldorf kurzerhand die Konten &#8211; mitten in der heissen Phase des Bundestagswahlkampfes 2025! Und wir sind nicht die einzige AfD Gliederung, die von diesem Debanking in NRW betroffen ist! <a rel=\"nofollow noopener\" target=\"_blank\" href=\"https:\/\/t.co\/x8SzCN4QAs\">pic.twitter.com\/x8SzCN4QAs<\/a><\/p>\n<p>\u2014 Die Alternative f\u00fcr D\u00fcsseldorf (@AfDDuesseldorf) <a rel=\"nofollow noopener\" target=\"_blank\" href=\"https:\/\/twitter.com\/AfDDuesseldorf\/status\/1880154325777019374?ref_src=twsrc%5Etfw\">January 17, 2025<\/a><\/p><\/blockquote>\n<\/div>\n<\/div>\n<p>Der Verband teilt zudem mit, er sei nicht allein von einer K\u00fcndigung betroffen. Der Tweet legt nahe, dass in Nordrhein-Westfalen den AfD-Verb\u00e4nden mitten im Wahlkampf systematisch die Bankkonten gek\u00fcndigt werden.\u00a0<\/p>\n<p>Die K\u00fcndigung von Gesch\u00e4ftskonten ist in Deutschland ein g\u00e4ngiges Mittel, um unabh\u00e4ngige Journalisten und Medien die Arbeit zu erschweren oder ganz zu verunm\u00f6glichen. Dies geschieht in einem Umfang, dass sich bereits ein Begriff f\u00fcr diese massiven Eingriffe etabliert hat: De-Banking.<\/p>\n<p>Inzwischen wird die Ma\u00dfnahme auch gegen Parteien eingesetzt. Zun\u00e4chst berichtete die \u00f6sterreichische FP\u00d6, einem ihrer Berater sei das Konto gek\u00fcndigt worden. Nun trifft es die AfD.<\/p>\n<p>Das Mittel der Kontok\u00fcndigung hat f\u00fcr die Betroffenen einschneidende Konsequenzen, da es die Fortsetzung der Arbeit unmittelbar bedroht. Allerdings kann mit dem Hinweis auf die Freiheit der Gesch\u00e4ftsbanken direkter staatlicher Einfluss abgestritten werden. Jedoch erscheint es wenig plausibel, dass die Kontok\u00fcndigungen im derzeitigen Ausma\u00df ohne politische Einflussnahme auf die jeweiligen Kreditinstitute erfolgen.\u00a0<\/p>\n<p><strong>Mehr zum Thema<\/strong>\u00a0\u2013\u00a0<a rel=\"nofollow noopener\" target=\"_blank\" href=\"https:\/\/freedert.online\/inland\/221512-bankkonto-kuendigung-kritischer-online-blogger\/\">Bankkonto-K\u00fcndigung: Weiterer kritischer Blogger erlebt &#8220;De-Banking&#8221;<\/a><\/p>\n<div class=\"EmbedBlock-root EmbedBlock-externalVideo EmbedBlock-rumble\">\n<div class=\"VkEmbed\"><iframe class=\"lazyload\" data-src=\"https:\/\/rumble.com\/embed\/v67tnmy\" frameborder=\"0\" width=\"853\" height=\"480\" allowfullscreen><\/iframe><\/div>\n<\/div>\n<\/div>\n<p><script async src=\"https:\/\/platform.twitter.com\/widgets.js\" charset=\"utf-8\"><\/script><br \/>\n<br \/><br \/>\n<br \/><a href=\"https:\/\/de.rt.com\/inland\/233329-bundestagswahlkampf-volksbank-kuendigt-geschaeftskonto-afd\/\">Source link <\/a><\/p>\n","protected":false},"excerpt":{"rendered":"<p>Der AfD D\u00fcsseldorf wurde von der Volksbank D\u00fcsseldorf Neuss das Konto ohne Angabe von Gr\u00fcnden gek\u00fcndigt. Der AfD zufolge sind auch andere Verb\u00e4nde betroffen. Kontok\u00fcndigungen werden in Deutschland regelm\u00e4\u00dfig gegen Journalisten und Medien eingesetzt. Jetzt trifft es auch Parteien. Der Stadtverband der AfD f\u00fcr den Kreis D\u00fcsseldorf meldet auf dem Kurznachrichtendienst X, die Volksbank D\u00fcsseldorf [&hellip;]<\/p>\n","protected":false},"author":3,"featured_media":76611,"comment_status":"open","ping_status":"open","sticky":false,"template":"","format":"standard","meta":{"_yoast_indexnow_last_ping":["1737109718"],"wp_automatic_camp":["217"],"bde78de9d4a9cbdb9f8d0dc7f9e9ed9e":["Ohne Gr\u00fcnde zu nennen: Volksbank k\u00fcndigt Gesch\u00e4ftskonto der AfD"],"original_link":["https:\/\/de.rt.com\/inland\/233329-bundestagswahlkampf-volksbank-kuendigt-geschaeftskonto-afd\/"],"_thumbnail_id":["76611"],"jnews_social_counter_last_update":["1777459237"],"_wptgpro_p2tg_sent2tg":["a:1:{i:23737;s:19:\"2025-01-17 12:29:43\";}"]},"categories":[19,23],"tags":[3815,82,61957,4906,4224,22222,779,55646],"yoast_head":"<!-- This site is optimized with the Yoast SEO Premium plugin v22.7 (Yoast SEO v22.7) - https:\/\/yoast.com\/wordpress\/plugins\/seo\/ -->\n<title>Ohne Gr\u00fcnde zu nennen: Volksbank k\u00fcndigt Gesch\u00e4ftskonto der AfD - just-now.NEWS Deutschland<\/title>\n<meta name=\"robots\" content=\"index, follow, max-snippet:-1, max-image-preview:large, max-video-preview:-1\" \/>\n<link rel=\"canonical\" href=\"https:\/\/now-news.de\/de\/deutschland\/ohne-gruende-zu-nennen-volksbank-kuendigt-geschaeftskonto-der-afd\/\" \/>\n<meta property=\"og:locale\" content=\"de_DE\" \/>\n<meta property=\"og:type\" content=\"article\" \/>\n<meta property=\"og:title\" content=\"Ohne Gr\u00fcnde zu nennen: Volksbank k\u00fcndigt Gesch\u00e4ftskonto der AfD\" \/>\n<meta property=\"og:description\" content=\"Der AfD D\u00fcsseldorf wurde von der Volksbank D\u00fcsseldorf Neuss das Konto ohne Angabe von Gr\u00fcnden gek\u00fcndigt. Der AfD zufolge sind auch andere Verb\u00e4nde betroffen. Kontok\u00fcndigungen werden in Deutschland regelm\u00e4\u00dfig gegen Journalisten und Medien eingesetzt. Jetzt trifft es auch Parteien. Der Stadtverband der AfD f\u00fcr den Kreis D\u00fcsseldorf meldet auf dem Kurznachrichtendienst X, die Volksbank D\u00fcsseldorf [&hellip;]\" \/>\n<meta property=\"og:url\" content=\"https:\/\/now-news.de\/de\/deutschland\/ohne-gruende-zu-nennen-volksbank-kuendigt-geschaeftskonto-der-afd\/\" \/>\n<meta property=\"og:site_name\" content=\"just-now.NEWS Deutschland\" \/>\n<meta property=\"article:publisher\" content=\"https:\/\/www.facebook.com\/wirmachenauf\" \/>\n<meta property=\"article:published_time\" content=\"2025-01-17T10:21:25+00:00\" \/>\n<meta property=\"og:image\" content=\"https:\/\/now-news.de\/de\/wp-content\/uploads\/sites\/3\/2025\/01\/678a261c48fbef232f524705.jpg\" \/>\n<meta name=\"author\" content=\"rtnews\" \/>\n<meta name=\"twitter:card\" content=\"summary_large_image\" \/>\n<meta name=\"twitter:creator\" content=\"@WirMachenAuf_de\" \/>\n<meta name=\"twitter:site\" content=\"@WirMachenAuf_de\" \/>\n<meta name=\"twitter:label1\" content=\"Verfasst von\" \/>\n\t<meta name=\"twitter:data1\" content=\"rtnews\" \/>\n\t<meta name=\"twitter:label2\" content=\"Gesch\u00e4tzte Lesezeit\" \/>\n\t<meta name=\"twitter:data2\" content=\"2\u00a0Minuten\" \/>\n<script type=\"application\/ld+json\" class=\"yoast-schema-graph\">{\"@context\":\"https:\/\/schema.org\",\"@graph\":[{\"@type\":\"Article\",\"@id\":\"https:\/\/now-news.de\/de\/deutschland\/ohne-gruende-zu-nennen-volksbank-kuendigt-geschaeftskonto-der-afd\/#article\",\"isPartOf\":{\"@id\":\"https:\/\/now-news.de\/de\/deutschland\/ohne-gruende-zu-nennen-volksbank-kuendigt-geschaeftskonto-der-afd\/\"},\"author\":{\"name\":\"rtnews\",\"@id\":\"https:\/\/now-news.de\/de\/#\/schema\/person\/fb534a4e865501d8b3285208df34a9b5\"},\"headline\":\"Ohne Gr\u00fcnde zu nennen: Volksbank k\u00fcndigt Gesch\u00e4ftskonto der AfD\",\"datePublished\":\"2025-01-17T10:21:25+00:00\",\"dateModified\":\"2025-01-17T10:21:25+00:00\",\"mainEntityOfPage\":{\"@id\":\"https:\/\/now-news.de\/de\/deutschland\/ohne-gruende-zu-nennen-volksbank-kuendigt-geschaeftskonto-der-afd\/\"},\"wordCount\":366,\"commentCount\":0,\"publisher\":{\"@id\":\"https:\/\/now-news.de\/de\/#organization\"},\"image\":{\"@id\":\"https:\/\/now-news.de\/de\/deutschland\/ohne-gruende-zu-nennen-volksbank-kuendigt-geschaeftskonto-der-afd\/#primaryimage\"},\"thumbnailUrl\":\"https:\/\/now-news.de\/de\/wp-content\/uploads\/sites\/3\/2025\/01\/Ohne-Gruende-zu-nennen-Volksbank-kuendigt-Geschaeftskonto-der-AfD.jpg\",\"keywords\":[\"AfD\",\"der\",\"Gesch\u00e4ftskonto\",\"Gr\u00fcnde\",\"k\u00fcndigt\",\"nennen\",\"ohne\",\"Volksbank\"],\"articleSection\":[\"Deutschland\",\"Russland\"],\"inLanguage\":\"de\",\"potentialAction\":[{\"@type\":\"CommentAction\",\"name\":\"Comment\",\"target\":[\"https:\/\/now-news.de\/de\/deutschland\/ohne-gruende-zu-nennen-volksbank-kuendigt-geschaeftskonto-der-afd\/#respond\"]}]},{\"@type\":\"WebPage\",\"@id\":\"https:\/\/now-news.de\/de\/deutschland\/ohne-gruende-zu-nennen-volksbank-kuendigt-geschaeftskonto-der-afd\/\",\"url\":\"https:\/\/now-news.de\/de\/deutschland\/ohne-gruende-zu-nennen-volksbank-kuendigt-geschaeftskonto-der-afd\/\",\"name\":\"Ohne Gr\u00fcnde zu nennen: Volksbank k\u00fcndigt Gesch\u00e4ftskonto der AfD - just-now.NEWS Deutschland\",\"isPartOf\":{\"@id\":\"https:\/\/now-news.de\/de\/#website\"},\"primaryImageOfPage\":{\"@id\":\"https:\/\/now-news.de\/de\/deutschland\/ohne-gruende-zu-nennen-volksbank-kuendigt-geschaeftskonto-der-afd\/#primaryimage\"},\"image\":{\"@id\":\"https:\/\/now-news.de\/de\/deutschland\/ohne-gruende-zu-nennen-volksbank-kuendigt-geschaeftskonto-der-afd\/#primaryimage\"},\"thumbnailUrl\":\"https:\/\/now-news.de\/de\/wp-content\/uploads\/sites\/3\/2025\/01\/Ohne-Gruende-zu-nennen-Volksbank-kuendigt-Geschaeftskonto-der-AfD.jpg\",\"datePublished\":\"2025-01-17T10:21:25+00:00\",\"dateModified\":\"2025-01-17T10:21:25+00:00\",\"breadcrumb\":{\"@id\":\"https:\/\/now-news.de\/de\/deutschland\/ohne-gruende-zu-nennen-volksbank-kuendigt-geschaeftskonto-der-afd\/#breadcrumb\"},\"inLanguage\":\"de\",\"potentialAction\":[{\"@type\":\"ReadAction\",\"target\":[\"https:\/\/now-news.de\/de\/deutschland\/ohne-gruende-zu-nennen-volksbank-kuendigt-geschaeftskonto-der-afd\/\"]}]},{\"@type\":\"ImageObject\",\"inLanguage\":\"de\",\"@id\":\"https:\/\/now-news.de\/de\/deutschland\/ohne-gruende-zu-nennen-volksbank-kuendigt-geschaeftskonto-der-afd\/#primaryimage\",\"url\":\"https:\/\/now-news.de\/de\/wp-content\/uploads\/sites\/3\/2025\/01\/Ohne-Gruende-zu-nennen-Volksbank-kuendigt-Geschaeftskonto-der-AfD.jpg\",\"contentUrl\":\"https:\/\/now-news.de\/de\/wp-content\/uploads\/sites\/3\/2025\/01\/Ohne-Gruende-zu-nennen-Volksbank-kuendigt-Geschaeftskonto-der-AfD.jpg\",\"width\":460,\"height\":259,\"caption\":\"Ohne Gr\u00fcnde zu nennen: Volksbank k\u00fcndigt Gesch\u00e4ftskonto der AfD\"},{\"@type\":\"BreadcrumbList\",\"@id\":\"https:\/\/now-news.de\/de\/deutschland\/ohne-gruende-zu-nennen-volksbank-kuendigt-geschaeftskonto-der-afd\/#breadcrumb\",\"itemListElement\":[{\"@type\":\"ListItem\",\"position\":1,\"name\":\"Home\",\"item\":\"https:\/\/now-news.de\/de\/\"},{\"@type\":\"ListItem\",\"position\":2,\"name\":\"Ohne Gr\u00fcnde zu nennen: Volksbank k\u00fcndigt Gesch\u00e4ftskonto der AfD\"}]},{\"@type\":\"WebSite\",\"@id\":\"https:\/\/now-news.de\/de\/#website\",\"url\":\"https:\/\/now-news.de\/de\/\",\"name\":\"just-now.NEWS Deutschland\",\"description\":\"Das Portal f\u00fcr unzensierte Nachrichten aus der Welt\",\"publisher\":{\"@id\":\"https:\/\/now-news.de\/de\/#organization\"},\"potentialAction\":[{\"@type\":\"SearchAction\",\"target\":{\"@type\":\"EntryPoint\",\"urlTemplate\":\"https:\/\/now-news.de\/de\/?s={search_term_string}\"},\"query-input\":\"required name=search_term_string\"}],\"inLanguage\":\"de\"},{\"@type\":\"Organization\",\"@id\":\"https:\/\/now-news.de\/de\/#organization\",\"name\":\"Just Now News\",\"url\":\"https:\/\/now-news.de\/de\/\",\"logo\":{\"@type\":\"ImageObject\",\"inLanguage\":\"de\",\"@id\":\"https:\/\/now-news.de\/de\/#\/schema\/logo\/image\/\",\"url\":\"http:\/\/just-now.news\/de\/wp-content\/uploads\/sites\/3\/2022\/04\/logo500x500.jpg\",\"contentUrl\":\"http:\/\/just-now.news\/de\/wp-content\/uploads\/sites\/3\/2022\/04\/logo500x500.jpg\",\"width\":500,\"height\":500,\"caption\":\"Just Now News\"},\"image\":{\"@id\":\"https:\/\/now-news.de\/de\/#\/schema\/logo\/image\/\"},\"sameAs\":[\"https:\/\/www.facebook.com\/wirmachenauf\",\"https:\/\/x.com\/WirMachenAuf_de\"]},{\"@type\":\"Person\",\"@id\":\"https:\/\/now-news.de\/de\/#\/schema\/person\/fb534a4e865501d8b3285208df34a9b5\",\"name\":\"rtnews\",\"image\":{\"@type\":\"ImageObject\",\"inLanguage\":\"de\",\"@id\":\"https:\/\/now-news.de\/de\/#\/schema\/person\/image\/\",\"url\":\"https:\/\/secure.gravatar.com\/avatar\/82aafea7d8127119dd649515f56e2117?s=96&d=mm&r=g\",\"contentUrl\":\"https:\/\/secure.gravatar.com\/avatar\/82aafea7d8127119dd649515f56e2117?s=96&d=mm&r=g\",\"caption\":\"rtnews\"},\"url\":\"https:\/\/now-news.de\/de\/author\/rnews\/\"}]}<\/script>\n<!-- \/ Yoast SEO Premium plugin. -->","yoast_head_json":{"title":"Ohne Gr\u00fcnde zu nennen: Volksbank k\u00fcndigt Gesch\u00e4ftskonto der AfD - just-now.NEWS Deutschland","robots":{"index":"index","follow":"follow","max-snippet":"max-snippet:-1","max-image-preview":"max-image-preview:large","max-video-preview":"max-video-preview:-1"},"canonical":"https:\/\/now-news.de\/de\/deutschland\/ohne-gruende-zu-nennen-volksbank-kuendigt-geschaeftskonto-der-afd\/","og_locale":"de_DE","og_type":"article","og_title":"Ohne Gr\u00fcnde zu nennen: Volksbank k\u00fcndigt Gesch\u00e4ftskonto der AfD","og_description":"Der AfD D\u00fcsseldorf wurde von der Volksbank D\u00fcsseldorf Neuss das Konto ohne Angabe von Gr\u00fcnden gek\u00fcndigt. Der AfD zufolge sind auch andere Verb\u00e4nde betroffen. Kontok\u00fcndigungen werden in Deutschland regelm\u00e4\u00dfig gegen Journalisten und Medien eingesetzt. Jetzt trifft es auch Parteien. Der Stadtverband der AfD f\u00fcr den Kreis D\u00fcsseldorf meldet auf dem Kurznachrichtendienst X, die Volksbank D\u00fcsseldorf [&hellip;]","og_url":"https:\/\/now-news.de\/de\/deutschland\/ohne-gruende-zu-nennen-volksbank-kuendigt-geschaeftskonto-der-afd\/","og_site_name":"just-now.NEWS Deutschland","article_publisher":"https:\/\/www.facebook.com\/wirmachenauf","article_published_time":"2025-01-17T10:21:25+00:00","og_image":[{"url":"https:\/\/now-news.de\/de\/wp-content\/uploads\/sites\/3\/2025\/01\/678a261c48fbef232f524705.jpg"}],"author":"rtnews","twitter_card":"summary_large_image","twitter_creator":"@WirMachenAuf_de","twitter_site":"@WirMachenAuf_de","twitter_misc":{"Verfasst von":"rtnews","Gesch\u00e4tzte Lesezeit":"2\u00a0Minuten"},"schema":{"@context":"https:\/\/schema.org","@graph":[{"@type":"Article","@id":"https:\/\/now-news.de\/de\/deutschland\/ohne-gruende-zu-nennen-volksbank-kuendigt-geschaeftskonto-der-afd\/#article","isPartOf":{"@id":"https:\/\/now-news.de\/de\/deutschland\/ohne-gruende-zu-nennen-volksbank-kuendigt-geschaeftskonto-der-afd\/"},"author":{"name":"rtnews","@id":"https:\/\/now-news.de\/de\/#\/schema\/person\/fb534a4e865501d8b3285208df34a9b5"},"headline":"Ohne Gr\u00fcnde zu nennen: Volksbank k\u00fcndigt Gesch\u00e4ftskonto der AfD","datePublished":"2025-01-17T10:21:25+00:00","dateModified":"2025-01-17T10:21:25+00:00","mainEntityOfPage":{"@id":"https:\/\/now-news.de\/de\/deutschland\/ohne-gruende-zu-nennen-volksbank-kuendigt-geschaeftskonto-der-afd\/"},"wordCount":366,"commentCount":0,"publisher":{"@id":"https:\/\/now-news.de\/de\/#organization"},"image":{"@id":"https:\/\/now-news.de\/de\/deutschland\/ohne-gruende-zu-nennen-volksbank-kuendigt-geschaeftskonto-der-afd\/#primaryimage"},"thumbnailUrl":"https:\/\/now-news.de\/de\/wp-content\/uploads\/sites\/3\/2025\/01\/Ohne-Gruende-zu-nennen-Volksbank-kuendigt-Geschaeftskonto-der-AfD.jpg","keywords":["AfD","der","Gesch\u00e4ftskonto","Gr\u00fcnde","k\u00fcndigt","nennen","ohne","Volksbank"],"articleSection":["Deutschland","Russland"],"inLanguage":"de","potentialAction":[{"@type":"CommentAction","name":"Comment","target":["https:\/\/now-news.de\/de\/deutschland\/ohne-gruende-zu-nennen-volksbank-kuendigt-geschaeftskonto-der-afd\/#respond"]}]},{"@type":"WebPage","@id":"https:\/\/now-news.de\/de\/deutschland\/ohne-gruende-zu-nennen-volksbank-kuendigt-geschaeftskonto-der-afd\/","url":"https:\/\/now-news.de\/de\/deutschland\/ohne-gruende-zu-nennen-volksbank-kuendigt-geschaeftskonto-der-afd\/","name":"Ohne Gr\u00fcnde zu nennen: Volksbank k\u00fcndigt Gesch\u00e4ftskonto der AfD - just-now.NEWS Deutschland","isPartOf":{"@id":"https:\/\/now-news.de\/de\/#website"},"primaryImageOfPage":{"@id":"https:\/\/now-news.de\/de\/deutschland\/ohne-gruende-zu-nennen-volksbank-kuendigt-geschaeftskonto-der-afd\/#primaryimage"},"image":{"@id":"https:\/\/now-news.de\/de\/deutschland\/ohne-gruende-zu-nennen-volksbank-kuendigt-geschaeftskonto-der-afd\/#primaryimage"},"thumbnailUrl":"https:\/\/now-news.de\/de\/wp-content\/uploads\/sites\/3\/2025\/01\/Ohne-Gruende-zu-nennen-Volksbank-kuendigt-Geschaeftskonto-der-AfD.jpg","datePublished":"2025-01-17T10:21:25+00:00","dateModified":"2025-01-17T10:21:25+00:00","breadcrumb":{"@id":"https:\/\/now-news.de\/de\/deutschland\/ohne-gruende-zu-nennen-volksbank-kuendigt-geschaeftskonto-der-afd\/#breadcrumb"},"inLanguage":"de","potentialAction":[{"@type":"ReadAction","target":["https:\/\/now-news.de\/de\/deutschland\/ohne-gruende-zu-nennen-volksbank-kuendigt-geschaeftskonto-der-afd\/"]}]},{"@type":"ImageObject","inLanguage":"de","@id":"https:\/\/now-news.de\/de\/deutschland\/ohne-gruende-zu-nennen-volksbank-kuendigt-geschaeftskonto-der-afd\/#primaryimage","url":"https:\/\/now-news.de\/de\/wp-content\/uploads\/sites\/3\/2025\/01\/Ohne-Gruende-zu-nennen-Volksbank-kuendigt-Geschaeftskonto-der-AfD.jpg","contentUrl":"https:\/\/now-news.de\/de\/wp-content\/uploads\/sites\/3\/2025\/01\/Ohne-Gruende-zu-nennen-Volksbank-kuendigt-Geschaeftskonto-der-AfD.jpg","width":460,"height":259,"caption":"Ohne Gr\u00fcnde zu nennen: Volksbank k\u00fcndigt Gesch\u00e4ftskonto der AfD"},{"@type":"BreadcrumbList","@id":"https:\/\/now-news.de\/de\/deutschland\/ohne-gruende-zu-nennen-volksbank-kuendigt-geschaeftskonto-der-afd\/#breadcrumb","itemListElement":[{"@type":"ListItem","position":1,"name":"Home","item":"https:\/\/now-news.de\/de\/"},{"@type":"ListItem","position":2,"name":"Ohne Gr\u00fcnde zu nennen: Volksbank k\u00fcndigt Gesch\u00e4ftskonto der AfD"}]},{"@type":"WebSite","@id":"https:\/\/now-news.de\/de\/#website","url":"https:\/\/now-news.de\/de\/","name":"just-now.NEWS Deutschland","description":"Das Portal f\u00fcr unzensierte Nachrichten aus der Welt","publisher":{"@id":"https:\/\/now-news.de\/de\/#organization"},"potentialAction":[{"@type":"SearchAction","target":{"@type":"EntryPoint","urlTemplate":"https:\/\/now-news.de\/de\/?s={search_term_string}"},"query-input":"required name=search_term_string"}],"inLanguage":"de"},{"@type":"Organization","@id":"https:\/\/now-news.de\/de\/#organization","name":"Just Now News","url":"https:\/\/now-news.de\/de\/","logo":{"@type":"ImageObject","inLanguage":"de","@id":"https:\/\/now-news.de\/de\/#\/schema\/logo\/image\/","url":"http:\/\/just-now.news\/de\/wp-content\/uploads\/sites\/3\/2022\/04\/logo500x500.jpg","contentUrl":"http:\/\/just-now.news\/de\/wp-content\/uploads\/sites\/3\/2022\/04\/logo500x500.jpg","width":500,"height":500,"caption":"Just Now News"},"image":{"@id":"https:\/\/now-news.de\/de\/#\/schema\/logo\/image\/"},"sameAs":["https:\/\/www.facebook.com\/wirmachenauf","https:\/\/x.com\/WirMachenAuf_de"]},{"@type":"Person","@id":"https:\/\/now-news.de\/de\/#\/schema\/person\/fb534a4e865501d8b3285208df34a9b5","name":"rtnews","image":{"@type":"ImageObject","inLanguage":"de","@id":"https:\/\/now-news.de\/de\/#\/schema\/person\/image\/","url":"https:\/\/secure.gravatar.com\/avatar\/82aafea7d8127119dd649515f56e2117?s=96&d=mm&r=g","contentUrl":"https:\/\/secure.gravatar.com\/avatar\/82aafea7d8127119dd649515f56e2117?s=96&d=mm&r=g","caption":"rtnews"},"url":"https:\/\/now-news.de\/de\/author\/rnews\/"}]}},"_links":{"self":[{"href":"https:\/\/now-news.de\/de\/wp-json\/wp\/v2\/posts\/76610"}],"collection":[{"href":"https:\/\/now-news.de\/de\/wp-json\/wp\/v2\/posts"}],"about":[{"href":"https:\/\/now-news.de\/de\/wp-json\/wp\/v2\/types\/post"}],"author":[{"embeddable":true,"href":"https:\/\/now-news.de\/de\/wp-json\/wp\/v2\/users\/3"}],"replies":[{"embeddable":true,"href":"https:\/\/now-news.de\/de\/wp-json\/wp\/v2\/comments?post=76610"}],"version-history":[{"count":0,"href":"https:\/\/now-news.de\/de\/wp-json\/wp\/v2\/posts\/76610\/revisions"}],"wp:featuredmedia":[{"embeddable":true,"href":"https:\/\/now-news.de\/de\/wp-json\/wp\/v2\/media\/76611"}],"wp:attachment":[{"href":"https:\/\/now-news.de\/de\/wp-json\/wp\/v2\/media?parent=76610"}],"wp:term":[{"taxonomy":"category","embeddable":true,"href":"https:\/\/now-news.de\/de\/wp-json\/wp\/v2\/categories?post=76610"},{"taxonomy":"post_tag","embeddable":true,"href":"https:\/\/now-news.de\/de\/wp-json\/wp\/v2\/tags?post=76610"}],"curies":[{"name":"wp","href":"https:\/\/api.w.org\/{rel}","templated":true}]}}