{"id":76518,"date":"2025-01-16T12:06:50","date_gmt":"2025-01-16T10:06:50","guid":{"rendered":"https:\/\/now-news.de\/de\/deutschland\/ein-volk-ein-kanzler-ein-kickl-system-medien-gegen-die-fpoe-im-oesterreich-bashing\/"},"modified":"2025-01-16T12:06:50","modified_gmt":"2025-01-16T10:06:50","slug":"ein-volk-ein-kanzler-ein-kickl-system-medien-gegen-die-fpoe-im-oesterreich-bashing","status":"publish","type":"post","link":"https:\/\/now-news.de\/de\/deutschland\/ein-volk-ein-kanzler-ein-kickl-system-medien-gegen-die-fpoe-im-oesterreich-bashing\/","title":{"rendered":"&quot;Ein Volk, ein Kanzler, ein Kickl&quot; \u2013 System-Medien gegen die FP\u00d6 im \u00d6sterreich-Bashing"},"content":{"rendered":"<div class=\"Text-root Text-type_1 \">\n                Die FP\u00d6 wehrt sich gegen internationale Medien, die sie mit unbelegten Vorw\u00fcrfen und NS-Vergleichen diffamieren. Hafenecker fordert eine faktenbasierte Berichterstattung und verurteilt manipulative Agitationen als respektlos gegen\u00fcber der Geschichte.\n            <\/div>\n<p><\/p>\n<div class=\"Text-root Text-type_5 ArticleView-text ViewText-root \">\n<p><em>von Hans-Ueli L\u00e4ppli<\/em><\/p>\n<p>&#8220;Ein Volk, ein Kanzler, ein Kickl&#8221; \u2013 so lautete der Titel in der\u00a0<a rel=\"nofollow noopener\" target=\"_blank\" href=\"https:\/\/www.faz.net\/aktuell\/feuilleton\/debatten\/oesterreich-ueber-den-aufhaltsamen-aufstieg-von-herbert-kickl-110226792.html\"><em>Frankfurter Allgemeinen Zeitung<\/em><\/a>\u00a0dieser Woche. Der Artikel von Christoph Ransmayr erweckt den Eindruck, FP\u00d6-Chef Herbert Kickl k\u00f6nnte <em>&#8220;uns aber noch das F\u00fcrchten lehren&#8221;<\/em>. Ein Vergleich, der nicht nur sachlich falsch ist, sondern auch die Rhetorik rechter Populisten widerspiegelt, wie sie etwa Gr\u00fcnen-Chef Werner Kogler in einer Rede mit dem Satz <em>&#8220;Ein Volk, ein Reich, ein F\u00fchrer&#8221;<\/em> ins Parlament einbrachte.<\/p>\n<p>Die gezielte Manipulation in der Berichterstattung \u00fcber die FP\u00d6 ist nicht neu. Linke Medien in \u00d6sterreich und international stellen die Partei immer wieder als Bedrohung der Demokratie dar.<\/p>\n<p>Doch die aktuellen Berichterstattungen \u00fcberschreiten eine Grenze, die den Charakter einer sachlichen Auseinandersetzung verliert und zunehmend der Diffamierung dient. In den letzten Tagen sind B\u00fcrger nicht nur in \u00d6sterreich, sondern auch in Deutschland und Frankreich einer Welle unbelegter Behauptungen und historischen Vergleiche ausgesetzt, die mehr einem politischen Agitationsfeld gleichen.<\/p>\n<p>So etwa schrieb\u00a0<a rel=\"nofollow noopener\" target=\"_blank\" href=\"https:\/\/www.lemonde.fr\/\"><em>Le Monde<\/em><\/a>, dass die FP\u00d6 eine &#8220;<em>beunruhigende N\u00e4he zu Moskau&#8221;<\/em>\u00a0aufweise, w\u00e4hrend die britische\u00a0<a rel=\"nofollow noopener\" target=\"_blank\" href=\"https:\/\/www.theguardian.com\/world\/2025\/jan\/06\/austria-far-right-freedom-party-fpo-tasked-with-forming-coalition-government\"><em>The Guardian<\/em><\/a>\u00a0vor einer &#8220;<em>Aush\u00f6hlung europ\u00e4ischer Werte&#8221;<\/em>\u00a0warnte und die deutsche\u00a0<em>S\u00fcddeutsche Zeitung<\/em>\u00a0historische Parallelen zur Rhetorik der 1930er-Jahre zog.<\/p>\n<figure class=\"RTImage-root\">\n<div class=\"RTImage-image RTImage-original\"><picture class=\"Picture-root Picture-original\"><!--[if IE 9]><video style=\"display: none;\"><![endif]--><source media=\"(-webkit-min-device-pixel-ratio: 2) and (min-resolution: 120dpi)\" data-srcset=\" \nhttps:\/\/now-news.de\/de\/wp-content\/uploads\/sites\/3\/2025\/01\/6788c69a48fbef2814687aa8.png 850w,\n                https:\/\/now-news.de\/de\/wp-content\/uploads\/sites\/3\/2025\/01\/6788c69a48fbef2814687aa8.png 1960w,            \" ><source data-srcset=\" \nhttps:\/\/now-news.de\/de\/wp-content\/uploads\/sites\/3\/2025\/01\/6788c69a48fbef2814687aa8.png 460w,\n              https:\/\/now-news.de\/de\/wp-content\/uploads\/sites\/3\/2025\/01\/6788c69a48fbef2814687aa8.png 980w,\n            \" ><!--[if IE 9]><\/video><![endif]--><img decoding=\"async\" data- src=\"data:image\/png;base64,iVBORw0KGgoAAAANSUhEUgAAABAAAAAJCAQAAACRI2S5AAAAEElEQVR42mNkIAAYRxWAAQAG9gAKqv6+AwAAAABJRU5ErkJggg==\" class=\"Picture-root Picture-original lazyload\" data-src=\"https:\/\/now-news.de\/de\/wp-content\/uploads\/sites\/3\/2025\/01\/6788c69a48fbef2814687aa8.png\" alt=\"\"><\/source><\/source><\/picture><!-- noscript pattern --><noscript><img decoding=\"async\" src=\"https:\/\/now-news.de\/de\/wp-content\/uploads\/sites\/3\/2025\/01\/6788c69a48fbef2814687aa8.png\" alt=\"\"><\/noscript><\/div><figcaption class=\"RTImage-footer\"><span class=\"RTImage-caption\"><span class=\"RTImage-captionItem\">Hallo? Wien? In den deutschen System-Medien, weit entfernt von der Realit\u00e4t, herrscht Panik angesichts der Gelassenheit und Ruhe \u00fcber den Erfolg der FP\u00d6 in \u00d6sterreich.<\/span><\/span><span class=\"RTImage-source\"><a rel=\"nofollow noopener\" target=\"_blank\" class=\"RTImage-captionItem Link-root\" href=\"https:\/\/www.sueddeutsche.de\/projekte\/artikel\/politik\/kickl-fpoe-oesterreich-wien-kanzler-rechtsextreme-oevp-e249379\/?reduced=true\">Printscreen SZ<\/a><\/span><\/figcaption><\/figure>\n<p>Besonders popul\u00e4r in den Medien sind die Vorw\u00fcrfe, die FP\u00d6 h\u00e4tte eine enge Beziehung zu Putins Russland. Dass die Partei sich vehement gegen den Gasstopp aus Russland wehrt, bedeutet nicht, dass sie die Interessen des Kreml vertritt. Sie tritt vielmehr gegen eine gr\u00fcne Energiepolitik ein, die nach ihrer Ansicht die Energiesicherheit \u00d6sterreichs gef\u00e4hrdet.\u00a0<\/p>\n<p>Ein weiteres Narrativ, das sich hartn\u00e4ckig h\u00e4lt, ist die Behauptung, die FP\u00d6 wolle die EU zerst\u00f6ren. Auch dieser Vorwurf entbehrt jeder Grundlage und ist in seiner Sch\u00e4rfe v\u00f6llig \u00fcberzogen. Der\u00a0<em>Spiegel<\/em>\u00a0etwa warf der FP\u00d6 vor, ein gef\u00e4hrliches Spiel mit antieurop\u00e4ischen Ressentiments zu treiben.<\/p>\n<figure class=\"RTImage-root\">\n<div class=\"RTImage-image RTImage-original\"><picture class=\"Picture-root Picture-original\"><!--[if IE 9]><video style=\"display: none;\"><![endif]--><source media=\"(-webkit-min-device-pixel-ratio: 2) and (min-resolution: 120dpi)\" data-srcset=\" \nhttps:\/\/now-news.de\/de\/wp-content\/uploads\/sites\/3\/2025\/01\/6788c762b480cc58782ccce3.png 850w,\n                https:\/\/now-news.de\/de\/wp-content\/uploads\/sites\/3\/2025\/01\/6788c762b480cc58782ccce3.png 1960w,            \" ><source data-srcset=\" \nhttps:\/\/now-news.de\/de\/wp-content\/uploads\/sites\/3\/2025\/01\/6788c762b480cc58782ccce3.png 460w,\n              https:\/\/now-news.de\/de\/wp-content\/uploads\/sites\/3\/2025\/01\/6788c762b480cc58782ccce3.png 980w,\n            \" ><!--[if IE 9]><\/video><![endif]--><img decoding=\"async\" data- src=\"data:image\/png;base64,iVBORw0KGgoAAAANSUhEUgAAABAAAAAJCAQAAACRI2S5AAAAEElEQVR42mNkIAAYRxWAAQAG9gAKqv6+AwAAAABJRU5ErkJggg==\" class=\"Picture-root Picture-original lazyload\" data-src=\"https:\/\/now-news.de\/de\/wp-content\/uploads\/sites\/3\/2025\/01\/6788c762b480cc58782ccce3.png\" alt=\"\"><\/source><\/source><\/picture><!-- noscript pattern --><noscript><img decoding=\"async\" src=\"https:\/\/now-news.de\/de\/wp-content\/uploads\/sites\/3\/2025\/01\/6788c762b480cc58782ccce3.png\" alt=\"\"><\/noscript><\/div><figcaption class=\"RTImage-footer\"><span class=\"RTImage-caption\"><span class=\"RTImage-captionItem\">Spiegel: FP\u00d6-Chef Herbert Kickl propagiert \u00bbRemigration\u00ab und sucht die N\u00e4he zu Moskau.<\/span><\/span><span class=\"RTImage-source\"><a rel=\"nofollow noopener\" target=\"_blank\" class=\"RTImage-captionItem Link-root\" href=\"https:\/\/www.spiegel.de\/ausland\/oesterreich-wie-die-mitte-parteien-die-fpoe-und-herbert-kickl-gross-gemacht-haben-a-66006f49-b5d6-439b-b335-6ef5e5fb67ac\">Printscreen Spiegel<\/a><\/span><\/figcaption><\/figure>\n<p>Doch auch Vergleiche mit der nationalsozialistischen Vergangenheit geh\u00f6ren inzwischen zum Repertoire der medialen Angriffe auf die Freiheitlichen. Solche Anspielungen, die in den letzten Wochen immer h\u00e4ufiger auftauchen, sind nicht nur sachlich falsch, sondern eine gef\u00e4hrliche und respektlose Verharmlosung der Geschichte. Sie kriminalisieren politische Meinungen und relativieren die Gr\u00e4ueltaten des Nationalsozialismus.<\/p>\n<p>FP\u00d6-Mediensprecher Christian Hafenecker zeigte sich \u00fcber diese Entwicklung emp\u00f6rt:<\/p>\n<\/p>\n<blockquote>\n<p><em>&#8220;Es liegt nat\u00fcrlich in der journalistischen Freiheit, eine Regierungsbildung gut oder schlecht zu finden und sie zu kritisieren. Das ist ein zentrales Element der Pressefreiheit, die f\u00fcr eine Demokratie unverzichtbar ist. In den letzten Tagen wurden aber Grenzen \u00fcberschritten, die mit Information oder kritischer Bewertung nichts mehr zu tun haben, sondern in die Richtung eines manipulativen \u00d6sterreich-Bashings gehen, das wir aufs Sch\u00e4rfste zur\u00fcckweisen!&#8221;<\/em><\/p>\n<\/blockquote>\n<figure class=\"RTImage-root\">\n<div class=\"RTImage-image RTImage-original\"><picture class=\"Picture-root Picture-original\"><!--[if IE 9]><video style=\"display: none;\"><![endif]--><source media=\"(-webkit-min-device-pixel-ratio: 2) and (min-resolution: 120dpi)\" data-srcset=\" \nhttps:\/\/now-news.de\/de\/wp-content\/uploads\/sites\/3\/2025\/01\/6788ca7848fbef294f0a76f9.png 850w,\n                https:\/\/now-news.de\/de\/wp-content\/uploads\/sites\/3\/2025\/01\/6788ca7848fbef294f0a76f9.png 1960w,            \" ><source data-srcset=\" \nhttps:\/\/now-news.de\/de\/wp-content\/uploads\/sites\/3\/2025\/01\/6788ca7848fbef294f0a76f9.png 460w,\n              https:\/\/now-news.de\/de\/wp-content\/uploads\/sites\/3\/2025\/01\/6788ca7848fbef294f0a76f9.png 980w,\n            \" ><!--[if IE 9]><\/video><![endif]--><img decoding=\"async\" data- src=\"data:image\/png;base64,iVBORw0KGgoAAAANSUhEUgAAABAAAAAJCAQAAACRI2S5AAAAEElEQVR42mNkIAAYRxWAAQAG9gAKqv6+AwAAAABJRU5ErkJggg==\" class=\"Picture-root Picture-original lazyload\" data-src=\"https:\/\/now-news.de\/de\/wp-content\/uploads\/sites\/3\/2025\/01\/6788ca7848fbef294f0a76f9.png\" alt=\"\"><\/source><\/source><\/picture><!-- noscript pattern --><noscript><img decoding=\"async\" src=\"https:\/\/now-news.de\/de\/wp-content\/uploads\/sites\/3\/2025\/01\/6788ca7848fbef294f0a76f9.png\" alt=\"\"><\/noscript><\/div><figcaption class=\"RTImage-footer\"><span class=\"RTImage-caption\"><span class=\"RTImage-captionItem\">FP\u00d6-Mediensprecher Christian Hafenecker \u00e4u\u00dferte sich am Dienstag in einer Aussendung entsetzt \u00fcber die Berichterstattung, insbesondere in internationalen Medien.<\/span><\/span><span class=\"RTImage-source\"><a rel=\"nofollow noopener\" target=\"_blank\" class=\"RTImage-captionItem Link-root\" href=\"https:\/\/www.parlament.gv.at\/aktuelles\/mediathek\/XXVII\/NRSITZ\/266?DEBATTE=9&amp;DEBATTE_TEIL=1&amp;TS=1718217148\">Printscreen Parlament.gv.at<\/a><\/span><\/figcaption><\/figure>\n<p>Hafenecker forderte die Journalisten auf, ihre Berichterstattung zu reflektieren und sich von ideologisch motivierten Agitationen zu distanzieren. Sie sollten ihr demokratiepolitisches Weltbild hinterfragen und Fakten von ideologischen Verzerrungen unterscheiden \u2013 insbesondere, wenn sie sich als &#8220;Qualit\u00e4tsmedium&#8221; verstehen.<\/p>\n<p>Zudem\u00a0verurteilte er die fortw\u00e4hrenden Vergleiche der FP\u00d6 mit dem Nationalsozialismus als unbegr\u00fcndet und eine verharmlosende Verzerrung des dunkelsten Kapitels der Geschichte. Solche Vergleiche seien nicht nur unsachlich, sondern gef\u00e4hrlich, da sie das historische Ged\u00e4chtnis verf\u00e4lschen und die Tragweite des Nationalsozialismus relativieren.<\/p>\n<p>Die FP\u00d6 fordert eine fundierte Auseinandersetzung mit ihrer politischen Ausrichtung und einen respektvollen Umgang mit historischen und politischen Themen. Zudem wird eine R\u00fcckkehr zu einer sachlicheren und weniger ideologisch gef\u00e4rbten Berichterstattung gefordert, die sich auf Fakten st\u00fctzt und von politischen Interessen befreit bleibt.<\/p>\n<p><strong>Mehr zum Thema<\/strong>\u00a0&#8211;\u00a0<a rel=\"nofollow noopener\" target=\"_blank\" href=\"https:\/\/freedert.online\/oesterreich\/231361-oesterreichs-energiekrise-ohne-russisches-gas-wird-es-schwierig\/\">\u00d6sterreichs Energiekrise: Ohne russisches Gas wird es schwierig<\/a><\/p>\n<div class=\"EmbedBlock-root EmbedBlock-externalVideo EmbedBlock-rumble\">\n<div class=\"VkEmbed\"><iframe class=\"lazyload\" data-src=\"https:\/\/rumble.com\/embed\/v63duhm\" frameborder=\"0\" width=\"853\" height=\"480\" allowfullscreen><\/iframe><\/div>\n<\/div>\n<\/div>\n<p><br \/>\n<br \/><a href=\"https:\/\/de.rt.com\/oesterreich\/233139-volk-kanzler-kickl-system-medien\/\">Source link <\/a><\/p>\n","protected":false},"excerpt":{"rendered":"<p>Die FP\u00d6 wehrt sich gegen internationale Medien, die sie mit unbelegten Vorw\u00fcrfen und NS-Vergleichen diffamieren. Hafenecker fordert eine faktenbasierte Berichterstattung und verurteilt manipulative Agitationen als respektlos gegen\u00fcber der Geschichte. von Hans-Ueli L\u00e4ppli &#8220;Ein Volk, ein Kanzler, ein Kickl&#8221; \u2013 so lautete der Titel in der\u00a0Frankfurter Allgemeinen Zeitung\u00a0dieser Woche. Der Artikel von Christoph Ransmayr erweckt den [&hellip;]<\/p>\n","protected":false},"author":3,"featured_media":76519,"comment_status":"open","ping_status":"open","sticky":false,"template":"","format":"standard","meta":{"_yoast_indexnow_last_ping":["1737022494"],"wp_automatic_camp":["217"],"5a4ea2ffa831668c3a96ccf6ddaa5035":["&quot;Ein Volk, ein Kanzler, ein Kickl&quot; \u2013 System-Medien gegen die FP\u00d6 im \u00d6sterreich-Bashing"],"original_link":["https:\/\/de.rt.com\/oesterreich\/233139-volk-kanzler-kickl-system-medien\/"],"_thumbnail_id":["76519"],"jnews_social_counter_last_update":["1777301613"],"_wptgpro_p2tg_sent2tg":["a:1:{i:23737;s:19:\"2025-01-16 12:15:53\";}"]},"categories":[19,23],"tags":[45,357,30964,278,4907,61918,61920,19368,61919,8952],"yoast_head":"<!-- This site is optimized with the Yoast SEO Premium plugin v22.7 (Yoast SEO v22.7) - https:\/\/yoast.com\/wordpress\/plugins\/seo\/ -->\n<title>&quot;Ein Volk, ein Kanzler, ein Kickl&quot; \u2013 System-Medien gegen die FP\u00d6 im \u00d6sterreich-Bashing - just-now.NEWS Deutschland<\/title>\n<meta name=\"robots\" content=\"index, follow, max-snippet:-1, max-image-preview:large, max-video-preview:-1\" \/>\n<link rel=\"canonical\" href=\"https:\/\/now-news.de\/de\/deutschland\/ein-volk-ein-kanzler-ein-kickl-system-medien-gegen-die-fpoe-im-oesterreich-bashing\/\" \/>\n<meta property=\"og:locale\" content=\"de_DE\" \/>\n<meta property=\"og:type\" content=\"article\" \/>\n<meta property=\"og:title\" content=\"&quot;Ein Volk, ein Kanzler, ein Kickl&quot; \u2013 System-Medien gegen die FP\u00d6 im \u00d6sterreich-Bashing\" \/>\n<meta property=\"og:description\" content=\"Die FP\u00d6 wehrt sich gegen internationale Medien, die sie mit unbelegten Vorw\u00fcrfen und NS-Vergleichen diffamieren. Hafenecker fordert eine faktenbasierte Berichterstattung und verurteilt manipulative Agitationen als respektlos gegen\u00fcber der Geschichte. von Hans-Ueli L\u00e4ppli &#8220;Ein Volk, ein Kanzler, ein Kickl&#8221; \u2013 so lautete der Titel in der\u00a0Frankfurter Allgemeinen Zeitung\u00a0dieser Woche. Der Artikel von Christoph Ransmayr erweckt den [&hellip;]\" \/>\n<meta property=\"og:url\" content=\"https:\/\/now-news.de\/de\/deutschland\/ein-volk-ein-kanzler-ein-kickl-system-medien-gegen-die-fpoe-im-oesterreich-bashing\/\" \/>\n<meta property=\"og:site_name\" content=\"just-now.NEWS Deutschland\" \/>\n<meta property=\"article:publisher\" content=\"https:\/\/www.facebook.com\/wirmachenauf\" \/>\n<meta property=\"article:published_time\" content=\"2025-01-16T10:06:50+00:00\" \/>\n<meta property=\"og:image\" content=\"https:\/\/now-news.de\/de\/wp-content\/uploads\/sites\/3\/2025\/01\/6788c69a48fbef2814687aa8.png\" \/>\n<meta name=\"author\" content=\"rtnews\" \/>\n<meta name=\"twitter:card\" content=\"summary_large_image\" \/>\n<meta name=\"twitter:creator\" content=\"@WirMachenAuf_de\" \/>\n<meta name=\"twitter:site\" content=\"@WirMachenAuf_de\" \/>\n<meta name=\"twitter:label1\" content=\"Verfasst von\" \/>\n\t<meta name=\"twitter:data1\" content=\"rtnews\" \/>\n\t<meta name=\"twitter:label2\" content=\"Gesch\u00e4tzte Lesezeit\" \/>\n\t<meta name=\"twitter:data2\" content=\"3\u00a0Minuten\" \/>\n<script type=\"application\/ld+json\" class=\"yoast-schema-graph\">{\"@context\":\"https:\/\/schema.org\",\"@graph\":[{\"@type\":\"Article\",\"@id\":\"https:\/\/now-news.de\/de\/deutschland\/ein-volk-ein-kanzler-ein-kickl-system-medien-gegen-die-fpoe-im-oesterreich-bashing\/#article\",\"isPartOf\":{\"@id\":\"https:\/\/now-news.de\/de\/deutschland\/ein-volk-ein-kanzler-ein-kickl-system-medien-gegen-die-fpoe-im-oesterreich-bashing\/\"},\"author\":{\"name\":\"rtnews\",\"@id\":\"https:\/\/now-news.de\/de\/#\/schema\/person\/fb534a4e865501d8b3285208df34a9b5\"},\"headline\":\"&quot;Ein Volk, ein Kanzler, ein Kickl&quot; \u2013 System-Medien gegen die FP\u00d6 im \u00d6sterreich-Bashing\",\"datePublished\":\"2025-01-16T10:06:50+00:00\",\"dateModified\":\"2025-01-16T10:06:50+00:00\",\"mainEntityOfPage\":{\"@id\":\"https:\/\/now-news.de\/de\/deutschland\/ein-volk-ein-kanzler-ein-kickl-system-medien-gegen-die-fpoe-im-oesterreich-bashing\/\"},\"wordCount\":699,\"commentCount\":0,\"publisher\":{\"@id\":\"https:\/\/now-news.de\/de\/#organization\"},\"image\":{\"@id\":\"https:\/\/now-news.de\/de\/deutschland\/ein-volk-ein-kanzler-ein-kickl-system-medien-gegen-die-fpoe-im-oesterreich-bashing\/#primaryimage\"},\"thumbnailUrl\":\"https:\/\/now-news.de\/de\/wp-content\/uploads\/sites\/3\/2025\/01\/quotEin-Volk-ein-Kanzler-ein-Kicklquot-\u2013-System-Medien-gegen-die.png\",\"keywords\":[\"die\",\"ein\",\"FP\u00d6\",\"gegen\",\"Kanzler\",\"Kicklquot\",\"\u00d6sterreichBashing\",\"quotEin\",\"SystemMedien\",\"volk\"],\"articleSection\":[\"Deutschland\",\"Russland\"],\"inLanguage\":\"de\",\"potentialAction\":[{\"@type\":\"CommentAction\",\"name\":\"Comment\",\"target\":[\"https:\/\/now-news.de\/de\/deutschland\/ein-volk-ein-kanzler-ein-kickl-system-medien-gegen-die-fpoe-im-oesterreich-bashing\/#respond\"]}]},{\"@type\":\"WebPage\",\"@id\":\"https:\/\/now-news.de\/de\/deutschland\/ein-volk-ein-kanzler-ein-kickl-system-medien-gegen-die-fpoe-im-oesterreich-bashing\/\",\"url\":\"https:\/\/now-news.de\/de\/deutschland\/ein-volk-ein-kanzler-ein-kickl-system-medien-gegen-die-fpoe-im-oesterreich-bashing\/\",\"name\":\"&quot;Ein Volk, ein Kanzler, ein Kickl&quot; \u2013 System-Medien gegen die FP\u00d6 im \u00d6sterreich-Bashing - just-now.NEWS Deutschland\",\"isPartOf\":{\"@id\":\"https:\/\/now-news.de\/de\/#website\"},\"primaryImageOfPage\":{\"@id\":\"https:\/\/now-news.de\/de\/deutschland\/ein-volk-ein-kanzler-ein-kickl-system-medien-gegen-die-fpoe-im-oesterreich-bashing\/#primaryimage\"},\"image\":{\"@id\":\"https:\/\/now-news.de\/de\/deutschland\/ein-volk-ein-kanzler-ein-kickl-system-medien-gegen-die-fpoe-im-oesterreich-bashing\/#primaryimage\"},\"thumbnailUrl\":\"https:\/\/now-news.de\/de\/wp-content\/uploads\/sites\/3\/2025\/01\/quotEin-Volk-ein-Kanzler-ein-Kicklquot-\u2013-System-Medien-gegen-die.png\",\"datePublished\":\"2025-01-16T10:06:50+00:00\",\"dateModified\":\"2025-01-16T10:06:50+00:00\",\"breadcrumb\":{\"@id\":\"https:\/\/now-news.de\/de\/deutschland\/ein-volk-ein-kanzler-ein-kickl-system-medien-gegen-die-fpoe-im-oesterreich-bashing\/#breadcrumb\"},\"inLanguage\":\"de\",\"potentialAction\":[{\"@type\":\"ReadAction\",\"target\":[\"https:\/\/now-news.de\/de\/deutschland\/ein-volk-ein-kanzler-ein-kickl-system-medien-gegen-die-fpoe-im-oesterreich-bashing\/\"]}]},{\"@type\":\"ImageObject\",\"inLanguage\":\"de\",\"@id\":\"https:\/\/now-news.de\/de\/deutschland\/ein-volk-ein-kanzler-ein-kickl-system-medien-gegen-die-fpoe-im-oesterreich-bashing\/#primaryimage\",\"url\":\"https:\/\/now-news.de\/de\/wp-content\/uploads\/sites\/3\/2025\/01\/quotEin-Volk-ein-Kanzler-ein-Kicklquot-\u2013-System-Medien-gegen-die.png\",\"contentUrl\":\"https:\/\/now-news.de\/de\/wp-content\/uploads\/sites\/3\/2025\/01\/quotEin-Volk-ein-Kanzler-ein-Kicklquot-\u2013-System-Medien-gegen-die.png\",\"width\":1920,\"height\":630,\"caption\":\"&quot;Ein Volk, ein Kanzler, ein Kickl&quot; \u2013 System-Medien gegen die FP\u00d6 im \u00d6sterreich-Bashing\"},{\"@type\":\"BreadcrumbList\",\"@id\":\"https:\/\/now-news.de\/de\/deutschland\/ein-volk-ein-kanzler-ein-kickl-system-medien-gegen-die-fpoe-im-oesterreich-bashing\/#breadcrumb\",\"itemListElement\":[{\"@type\":\"ListItem\",\"position\":1,\"name\":\"Home\",\"item\":\"https:\/\/now-news.de\/de\/\"},{\"@type\":\"ListItem\",\"position\":2,\"name\":\"&quot;Ein Volk, ein Kanzler, ein Kickl&quot; \u2013 System-Medien gegen die FP\u00d6 im \u00d6sterreich-Bashing\"}]},{\"@type\":\"WebSite\",\"@id\":\"https:\/\/now-news.de\/de\/#website\",\"url\":\"https:\/\/now-news.de\/de\/\",\"name\":\"just-now.NEWS Deutschland\",\"description\":\"Das Portal f\u00fcr unzensierte Nachrichten aus der Welt\",\"publisher\":{\"@id\":\"https:\/\/now-news.de\/de\/#organization\"},\"potentialAction\":[{\"@type\":\"SearchAction\",\"target\":{\"@type\":\"EntryPoint\",\"urlTemplate\":\"https:\/\/now-news.de\/de\/?s={search_term_string}\"},\"query-input\":\"required name=search_term_string\"}],\"inLanguage\":\"de\"},{\"@type\":\"Organization\",\"@id\":\"https:\/\/now-news.de\/de\/#organization\",\"name\":\"Just Now News\",\"url\":\"https:\/\/now-news.de\/de\/\",\"logo\":{\"@type\":\"ImageObject\",\"inLanguage\":\"de\",\"@id\":\"https:\/\/now-news.de\/de\/#\/schema\/logo\/image\/\",\"url\":\"http:\/\/just-now.news\/de\/wp-content\/uploads\/sites\/3\/2022\/04\/logo500x500.jpg\",\"contentUrl\":\"http:\/\/just-now.news\/de\/wp-content\/uploads\/sites\/3\/2022\/04\/logo500x500.jpg\",\"width\":500,\"height\":500,\"caption\":\"Just Now News\"},\"image\":{\"@id\":\"https:\/\/now-news.de\/de\/#\/schema\/logo\/image\/\"},\"sameAs\":[\"https:\/\/www.facebook.com\/wirmachenauf\",\"https:\/\/x.com\/WirMachenAuf_de\"]},{\"@type\":\"Person\",\"@id\":\"https:\/\/now-news.de\/de\/#\/schema\/person\/fb534a4e865501d8b3285208df34a9b5\",\"name\":\"rtnews\",\"image\":{\"@type\":\"ImageObject\",\"inLanguage\":\"de\",\"@id\":\"https:\/\/now-news.de\/de\/#\/schema\/person\/image\/\",\"url\":\"https:\/\/secure.gravatar.com\/avatar\/82aafea7d8127119dd649515f56e2117?s=96&d=mm&r=g\",\"contentUrl\":\"https:\/\/secure.gravatar.com\/avatar\/82aafea7d8127119dd649515f56e2117?s=96&d=mm&r=g\",\"caption\":\"rtnews\"},\"url\":\"https:\/\/now-news.de\/de\/author\/rnews\/\"}]}<\/script>\n<!-- \/ Yoast SEO Premium plugin. -->","yoast_head_json":{"title":"&quot;Ein Volk, ein Kanzler, ein Kickl&quot; \u2013 System-Medien gegen die FP\u00d6 im \u00d6sterreich-Bashing - just-now.NEWS Deutschland","robots":{"index":"index","follow":"follow","max-snippet":"max-snippet:-1","max-image-preview":"max-image-preview:large","max-video-preview":"max-video-preview:-1"},"canonical":"https:\/\/now-news.de\/de\/deutschland\/ein-volk-ein-kanzler-ein-kickl-system-medien-gegen-die-fpoe-im-oesterreich-bashing\/","og_locale":"de_DE","og_type":"article","og_title":"&quot;Ein Volk, ein Kanzler, ein Kickl&quot; \u2013 System-Medien gegen die FP\u00d6 im \u00d6sterreich-Bashing","og_description":"Die FP\u00d6 wehrt sich gegen internationale Medien, die sie mit unbelegten Vorw\u00fcrfen und NS-Vergleichen diffamieren. Hafenecker fordert eine faktenbasierte Berichterstattung und verurteilt manipulative Agitationen als respektlos gegen\u00fcber der Geschichte. von Hans-Ueli L\u00e4ppli &#8220;Ein Volk, ein Kanzler, ein Kickl&#8221; \u2013 so lautete der Titel in der\u00a0Frankfurter Allgemeinen Zeitung\u00a0dieser Woche. Der Artikel von Christoph Ransmayr erweckt den [&hellip;]","og_url":"https:\/\/now-news.de\/de\/deutschland\/ein-volk-ein-kanzler-ein-kickl-system-medien-gegen-die-fpoe-im-oesterreich-bashing\/","og_site_name":"just-now.NEWS Deutschland","article_publisher":"https:\/\/www.facebook.com\/wirmachenauf","article_published_time":"2025-01-16T10:06:50+00:00","og_image":[{"url":"https:\/\/now-news.de\/de\/wp-content\/uploads\/sites\/3\/2025\/01\/6788c69a48fbef2814687aa8.png"}],"author":"rtnews","twitter_card":"summary_large_image","twitter_creator":"@WirMachenAuf_de","twitter_site":"@WirMachenAuf_de","twitter_misc":{"Verfasst von":"rtnews","Gesch\u00e4tzte Lesezeit":"3\u00a0Minuten"},"schema":{"@context":"https:\/\/schema.org","@graph":[{"@type":"Article","@id":"https:\/\/now-news.de\/de\/deutschland\/ein-volk-ein-kanzler-ein-kickl-system-medien-gegen-die-fpoe-im-oesterreich-bashing\/#article","isPartOf":{"@id":"https:\/\/now-news.de\/de\/deutschland\/ein-volk-ein-kanzler-ein-kickl-system-medien-gegen-die-fpoe-im-oesterreich-bashing\/"},"author":{"name":"rtnews","@id":"https:\/\/now-news.de\/de\/#\/schema\/person\/fb534a4e865501d8b3285208df34a9b5"},"headline":"&quot;Ein Volk, ein Kanzler, ein Kickl&quot; \u2013 System-Medien gegen die FP\u00d6 im \u00d6sterreich-Bashing","datePublished":"2025-01-16T10:06:50+00:00","dateModified":"2025-01-16T10:06:50+00:00","mainEntityOfPage":{"@id":"https:\/\/now-news.de\/de\/deutschland\/ein-volk-ein-kanzler-ein-kickl-system-medien-gegen-die-fpoe-im-oesterreich-bashing\/"},"wordCount":699,"commentCount":0,"publisher":{"@id":"https:\/\/now-news.de\/de\/#organization"},"image":{"@id":"https:\/\/now-news.de\/de\/deutschland\/ein-volk-ein-kanzler-ein-kickl-system-medien-gegen-die-fpoe-im-oesterreich-bashing\/#primaryimage"},"thumbnailUrl":"https:\/\/now-news.de\/de\/wp-content\/uploads\/sites\/3\/2025\/01\/quotEin-Volk-ein-Kanzler-ein-Kicklquot-\u2013-System-Medien-gegen-die.png","keywords":["die","ein","FP\u00d6","gegen","Kanzler","Kicklquot","\u00d6sterreichBashing","quotEin","SystemMedien","volk"],"articleSection":["Deutschland","Russland"],"inLanguage":"de","potentialAction":[{"@type":"CommentAction","name":"Comment","target":["https:\/\/now-news.de\/de\/deutschland\/ein-volk-ein-kanzler-ein-kickl-system-medien-gegen-die-fpoe-im-oesterreich-bashing\/#respond"]}]},{"@type":"WebPage","@id":"https:\/\/now-news.de\/de\/deutschland\/ein-volk-ein-kanzler-ein-kickl-system-medien-gegen-die-fpoe-im-oesterreich-bashing\/","url":"https:\/\/now-news.de\/de\/deutschland\/ein-volk-ein-kanzler-ein-kickl-system-medien-gegen-die-fpoe-im-oesterreich-bashing\/","name":"&quot;Ein Volk, ein Kanzler, ein Kickl&quot; \u2013 System-Medien gegen die FP\u00d6 im \u00d6sterreich-Bashing - just-now.NEWS Deutschland","isPartOf":{"@id":"https:\/\/now-news.de\/de\/#website"},"primaryImageOfPage":{"@id":"https:\/\/now-news.de\/de\/deutschland\/ein-volk-ein-kanzler-ein-kickl-system-medien-gegen-die-fpoe-im-oesterreich-bashing\/#primaryimage"},"image":{"@id":"https:\/\/now-news.de\/de\/deutschland\/ein-volk-ein-kanzler-ein-kickl-system-medien-gegen-die-fpoe-im-oesterreich-bashing\/#primaryimage"},"thumbnailUrl":"https:\/\/now-news.de\/de\/wp-content\/uploads\/sites\/3\/2025\/01\/quotEin-Volk-ein-Kanzler-ein-Kicklquot-\u2013-System-Medien-gegen-die.png","datePublished":"2025-01-16T10:06:50+00:00","dateModified":"2025-01-16T10:06:50+00:00","breadcrumb":{"@id":"https:\/\/now-news.de\/de\/deutschland\/ein-volk-ein-kanzler-ein-kickl-system-medien-gegen-die-fpoe-im-oesterreich-bashing\/#breadcrumb"},"inLanguage":"de","potentialAction":[{"@type":"ReadAction","target":["https:\/\/now-news.de\/de\/deutschland\/ein-volk-ein-kanzler-ein-kickl-system-medien-gegen-die-fpoe-im-oesterreich-bashing\/"]}]},{"@type":"ImageObject","inLanguage":"de","@id":"https:\/\/now-news.de\/de\/deutschland\/ein-volk-ein-kanzler-ein-kickl-system-medien-gegen-die-fpoe-im-oesterreich-bashing\/#primaryimage","url":"https:\/\/now-news.de\/de\/wp-content\/uploads\/sites\/3\/2025\/01\/quotEin-Volk-ein-Kanzler-ein-Kicklquot-\u2013-System-Medien-gegen-die.png","contentUrl":"https:\/\/now-news.de\/de\/wp-content\/uploads\/sites\/3\/2025\/01\/quotEin-Volk-ein-Kanzler-ein-Kicklquot-\u2013-System-Medien-gegen-die.png","width":1920,"height":630,"caption":"&quot;Ein Volk, ein Kanzler, ein Kickl&quot; \u2013 System-Medien gegen die FP\u00d6 im \u00d6sterreich-Bashing"},{"@type":"BreadcrumbList","@id":"https:\/\/now-news.de\/de\/deutschland\/ein-volk-ein-kanzler-ein-kickl-system-medien-gegen-die-fpoe-im-oesterreich-bashing\/#breadcrumb","itemListElement":[{"@type":"ListItem","position":1,"name":"Home","item":"https:\/\/now-news.de\/de\/"},{"@type":"ListItem","position":2,"name":"&quot;Ein Volk, ein Kanzler, ein Kickl&quot; \u2013 System-Medien gegen die FP\u00d6 im \u00d6sterreich-Bashing"}]},{"@type":"WebSite","@id":"https:\/\/now-news.de\/de\/#website","url":"https:\/\/now-news.de\/de\/","name":"just-now.NEWS Deutschland","description":"Das Portal f\u00fcr unzensierte Nachrichten aus der Welt","publisher":{"@id":"https:\/\/now-news.de\/de\/#organization"},"potentialAction":[{"@type":"SearchAction","target":{"@type":"EntryPoint","urlTemplate":"https:\/\/now-news.de\/de\/?s={search_term_string}"},"query-input":"required name=search_term_string"}],"inLanguage":"de"},{"@type":"Organization","@id":"https:\/\/now-news.de\/de\/#organization","name":"Just Now News","url":"https:\/\/now-news.de\/de\/","logo":{"@type":"ImageObject","inLanguage":"de","@id":"https:\/\/now-news.de\/de\/#\/schema\/logo\/image\/","url":"http:\/\/just-now.news\/de\/wp-content\/uploads\/sites\/3\/2022\/04\/logo500x500.jpg","contentUrl":"http:\/\/just-now.news\/de\/wp-content\/uploads\/sites\/3\/2022\/04\/logo500x500.jpg","width":500,"height":500,"caption":"Just Now News"},"image":{"@id":"https:\/\/now-news.de\/de\/#\/schema\/logo\/image\/"},"sameAs":["https:\/\/www.facebook.com\/wirmachenauf","https:\/\/x.com\/WirMachenAuf_de"]},{"@type":"Person","@id":"https:\/\/now-news.de\/de\/#\/schema\/person\/fb534a4e865501d8b3285208df34a9b5","name":"rtnews","image":{"@type":"ImageObject","inLanguage":"de","@id":"https:\/\/now-news.de\/de\/#\/schema\/person\/image\/","url":"https:\/\/secure.gravatar.com\/avatar\/82aafea7d8127119dd649515f56e2117?s=96&d=mm&r=g","contentUrl":"https:\/\/secure.gravatar.com\/avatar\/82aafea7d8127119dd649515f56e2117?s=96&d=mm&r=g","caption":"rtnews"},"url":"https:\/\/now-news.de\/de\/author\/rnews\/"}]}},"_links":{"self":[{"href":"https:\/\/now-news.de\/de\/wp-json\/wp\/v2\/posts\/76518"}],"collection":[{"href":"https:\/\/now-news.de\/de\/wp-json\/wp\/v2\/posts"}],"about":[{"href":"https:\/\/now-news.de\/de\/wp-json\/wp\/v2\/types\/post"}],"author":[{"embeddable":true,"href":"https:\/\/now-news.de\/de\/wp-json\/wp\/v2\/users\/3"}],"replies":[{"embeddable":true,"href":"https:\/\/now-news.de\/de\/wp-json\/wp\/v2\/comments?post=76518"}],"version-history":[{"count":0,"href":"https:\/\/now-news.de\/de\/wp-json\/wp\/v2\/posts\/76518\/revisions"}],"wp:featuredmedia":[{"embeddable":true,"href":"https:\/\/now-news.de\/de\/wp-json\/wp\/v2\/media\/76519"}],"wp:attachment":[{"href":"https:\/\/now-news.de\/de\/wp-json\/wp\/v2\/media?parent=76518"}],"wp:term":[{"taxonomy":"category","embeddable":true,"href":"https:\/\/now-news.de\/de\/wp-json\/wp\/v2\/categories?post=76518"},{"taxonomy":"post_tag","embeddable":true,"href":"https:\/\/now-news.de\/de\/wp-json\/wp\/v2\/tags?post=76518"}],"curies":[{"name":"wp","href":"https:\/\/api.w.org\/{rel}","templated":true}]}}