{"id":76379,"date":"2025-01-14T19:51:49","date_gmt":"2025-01-14T17:51:49","guid":{"rendered":"https:\/\/now-news.de\/de\/deutschland\/bka-war-in-acht-faellen-mit-dem-magdeburger-terrorfahrer-befasst\/"},"modified":"2025-01-14T19:51:49","modified_gmt":"2025-01-14T17:51:49","slug":"bka-war-in-acht-faellen-mit-dem-magdeburger-terrorfahrer-befasst","status":"publish","type":"post","link":"https:\/\/now-news.de\/de\/deutschland\/bka-war-in-acht-faellen-mit-dem-magdeburger-terrorfahrer-befasst\/","title":{"rendered":"BKA war in acht F\u00e4llen mit dem Magdeburger Terrorfahrer befasst"},"content":{"rendered":"<p><img decoding=\"async\" src=\"https:\/\/now-news.de\/de\/wp-content\/uploads\/sites\/3\/2025\/01\/678685a248fbef60f51dac80.jpg\" \/><\/p>\n<div class=\"Text-root Text-type_1 \">\n                Gleich achtmal besch\u00e4ftigte sich das Bundeskriminalamt mit dem Magdeburger Terrorfahrer Taleb al-Abdulmohsen, bevor er sechs Menschen ermordete und Hunderte verletzte. Dennoch wurde er in keiner Weise an der Ausf\u00fchrung seiner Pl\u00e4ne gehindert, kritisiert ein AfD-Abgeordneter.\n            <\/div>\n<p><\/p>\n<div class=\"Text-root Text-type_5 ArticleView-text ViewText-root \">\n<p>Das Bundeskriminalamt (BKA) war deutlich \u00f6fter mit dem sp\u00e4teren Terrorfahrer von Magdeburg, Taleb al-Abdulmohsen, befasst als bisher bekannt,<a rel=\"nofollow noopener\" target=\"_blank\" href=\"https:\/\/jungefreiheit.de\/politik\/deutschland\/2025\/bka-war-in-acht-faellen-mit-dem-magdeburger-terrorfahrer-befasst\/\">\u00a0berichtet<\/a>\u00a0die Zeitung<em>\u00a0Junge Freiheit (JF).<\/em>\u00a0Die Beh\u00f6rde war an &#8220;<em>acht Sachverhalten mit Bezug zu dem Beschuldigten Taleb al-Abdulmohsen als Zentralstelle eingebunden<\/em>&#8220;, hei\u00dft es in der Antwort der Bundesregierung auf eine Anfrage des AfD Abgeordneten Martin Sichert, die\u00a0<em>JF<\/em>\u00a0vorliegt.<\/p>\n<p>Es handelte sich um &#8220;<em>Hinweise, Erkenntnismitteilungen beziehungsweise Anfragen zu m\u00f6glichen strafbaren Handlungen durch Taleb al-Abdulmohsen&#8221;<\/em>, wie die Bundesregierung weiter ausf\u00fchrt. Dreimal ging es dabei um Warnungen aus Saudi-Arabien, dem Heimatland des Asylbewerbers. Die Beh\u00f6rden in Riad wandten sich demnach 2015, 2017 und 2023 an das BKA\u00a0\u2013 ohne dass die deutschen Beh\u00f6rden den Attent\u00e4ter aus dem Verkehr zogen.<\/p>\n<p>Der gesundheitspolitische Koordinator der AfD Martin Sichert zeigte sich &#8220;entsetzt&#8221; im Gespr\u00e4ch mit der Zeitung. &#8220;<em>Es ist der pure Wahnsinn, dass es kein konsequentes Handeln der zust\u00e4ndigen Sicherheitsbeh\u00f6rden und Politiker gab, obwohl das BKA bereits in acht F\u00e4llen gegen Taleb\u00a0al-Abdulmohsen eingebunden war<\/em>.&#8221; Die Bundesregierung sei eine &#8220;<em>Gefahr f\u00fcr die innere Sicherheit&#8221;.\u00a0<\/em>Mit Blick auf die baldigen Bundestagswahlen sagte Sichert<em>,\u00a0<\/em>es sei nun<em>\u00a0&#8220;h\u00f6chste Zeit<\/em>&#8220;, um &#8220;<em>endlich wieder f\u00fcr mehr Sicherheit in Deutschland zu sorgen<\/em>&#8220;.<\/p>\n<p>Taleb al-Abdulmohsen war kurz vor Weihnachten mit einem Auto \u00fcber den Magdeburger Weihnachtsmarkt gerast. Sechs Menschen, darunter ein neunj\u00e4hriges Kind, wurden dabei get\u00f6tet, fast 300 wurden verletzt. Er kam laut eigenen Aussagen 2006 aus Saudi-Arabien nach Deutschland und lie\u00df sich zum Psychotherapeuten ausbilden. Erst einige Jahre nach seiner Ankunft in Deutschland beantragte er Asyl.<\/p>\n<p>In sozialen Netzwerken und Interviews gab er stets an, islamkritischen Frauen bei ihrer Flucht aus Saudi-Arabien und anderen L\u00e4ndern zu helfen. Frauen, die mit ihm deshalb in Kontakt standen, beschrieben ihn laut einer\u00a0<em>Correctiv-<\/em>Recherche\u00a0jedoch als &#8220;komisch&#8221; und &#8220;nicht vertrauensw\u00fcrdig&#8221;.\u00a0<\/p>\n<p>Im Jahr 2013 wurde er nach\u00a0Recherchen des\u00a0<em>Spiegel<\/em>\u00a0vom Amtsgericht Rostock wegen der Androhung von Straftaten zu einer Strafe von 90 Tagess\u00e4tzen (900 Euro) verurteilt.\u00a0Dennoch durfte er weiter im Land bleiben. 2016 stellte er einen Asylantrag, der auch genehmigt wurde. Sp\u00e4ter versuchte er, weitere Saudis nach Deutschland einzuschleusen.<\/p>\n<p>Al-Abdulmohsen hatte in den sozialen Medien immer wieder Drohungen gegen Deutschland formuliert und mit Gewalt gedroht. Er warf der Bundesrepublik unter anderem vor, eine Islamisierung Europas zu betreiben.<\/p>\n<p>Ab 2020 arbeitete der sp\u00e4tere T\u00e4ter als Facharzt f\u00fcr Psychiatrie. Dort behandelte er suchtkranke Straft\u00e4ter. Doch Berichte deuten darauf hin, dass er bei Kollegen und Patienten kaum Vertrauen genoss. Zweifel an seiner fachlichen Kompetenz waren offenbar weitverbreitet, und er wurde von Mitarbeitern sp\u00f6ttisch &#8220;Dr. Google&#8221; genannt, der angeblich regelm\u00e4\u00dfig Diagnosen\u00a0im Internet recherchieren musste. Einige Patienten wollten sich von al-Abdulmohsen aufgrund der Sprachbarriere und anderer Auff\u00e4lligkeiten nicht behandeln lassen.\u00a0<\/p>\n<p>Nach dem Anschlag auf dem Magdeburger Weihnachtsmarkt r\u00fcckte u.\u00a0a. auch die Frage der Schuldf\u00e4higkeit des T\u00e4ters ins Zentrum der Ermittlungen. &#8220;<em>Ob und wie er psychisch erkrankt ist, daf\u00fcr werden wir ein Gutachten in den Auftrag geben<\/em>&#8220;, sagte Anfang Januar ein Sprecher der Generalstaatsanwaltschaft Naumburg der\u00a0<em>Deutschen Presse-Agentur<\/em>.<\/p>\n<p><strong>Die Tat nicht als Terroranschlag eingestuft\u00a0<\/strong><\/p>\n<p>Generalbundesanwalt Jens Rommel hat laut einem\u00a0<em>Welt<\/em>&#8211;<a rel=\"nofollow noopener\" target=\"_blank\" href=\"https:\/\/www.welt.de\/politik\/deutschland\/plus255091770\/Magdeburg-Die-Hinterbliebenen-erleben-jetzt-ein-zweites-Trauma.html\">Bericht<\/a>\u00a0die Ermittlungen bisher nicht \u00fcbernommen, weil Magdeburg \u2013 anders als Berlin 2016 \u2013 nicht als Terroranschlag\u00a0eingestuft wird. Das bedeute f\u00fcr die Opferfamilien ein zweites Trauma: Denn sie werden nicht nach der &#8220;Richtlinie zur Zahlung von H\u00e4rteleistungen f\u00fcr Opfer terroristischer und extremistischer Taten aus dem Bundeshaushalt&#8221; entsch\u00e4digt.\u00a0<\/p>\n<p>&#8220;Die Entsch\u00e4digungsleistungen werden niedriger sein als im Terrorfall&#8221;, sagt Rechtsanwalt Weber. F\u00fcr Opfer von physischer und psychischer Gewalt gelte das Soziale Entsch\u00e4digungsrecht und das Sozialgesetzbuch 14. Nach Kritik in den Medien versprach jedoch der Bundesjustizminister Volker Wissing\u00a0gegen\u00fcber\u00a0<em>dpa,<\/em>\u00a0dass der Staat den Betroffenen zur Seite stehen m\u00fcsse. &#8220;<em>Nach \u00dcberzeugung der Bundesregierung hei\u00dft das auch: F\u00fcr die finanzielle Unterst\u00fctzung der Betroffenen sollte es keinen Unterschied machen, ob die Schreckenstat von Magdeburg am Ende als terroristische Tat einz<\/em><\/p>\n<p><strong>Mehr zum Thema<\/strong> &#8211; <a rel=\"nofollow noopener\" target=\"_blank\" href=\"https:\/\/freedert.online\/inland\/232849-magdeburg-zahl-vom-anschlag-betroffenen\/\">Magdeburg: Zahl der vom Anschlag Betroffenen auf \u00fcber 600 gestiegen<\/a><\/p>\n<div class=\"EmbedBlock-root EmbedBlock-externalVideo EmbedBlock-rumble\">\n<div class=\"VkEmbed\"><iframe class=\"lazyload\" data-src=\"https:\/\/rumble.com\/embed\/v671vgp\" frameborder=\"0\" width=\"853\" height=\"480\" allowfullscreen><\/iframe><\/div>\n<\/div>\n<\/div>\n<p><br \/>\n<br \/><a href=\"https:\/\/de.rt.com\/inland\/232902-bka-war-in-acht-faellen-mit-dem-magdeburger-terrorfahrer-befasst\/\">Source link <\/a><\/p>\n","protected":false},"excerpt":{"rendered":"<p>Gleich achtmal besch\u00e4ftigte sich das Bundeskriminalamt mit dem Magdeburger Terrorfahrer Taleb al-Abdulmohsen, bevor er sechs Menschen ermordete und Hunderte verletzte. Dennoch wurde er in keiner Weise an der Ausf\u00fchrung seiner Pl\u00e4ne gehindert, kritisiert ein AfD-Abgeordneter. Das Bundeskriminalamt (BKA) war deutlich \u00f6fter mit dem sp\u00e4teren Terrorfahrer von Magdeburg, Taleb al-Abdulmohsen, befasst als bisher bekannt,\u00a0berichtet\u00a0die Zeitung\u00a0Junge Freiheit [&hellip;]<\/p>\n","protected":false},"author":3,"featured_media":76380,"comment_status":"open","ping_status":"open","sticky":false,"template":"","format":"standard","meta":{"_yoast_indexnow_last_ping":["1736877699"],"wp_automatic_camp":["217"],"a2aa03077dcce2bd8d57bccb72485d12":["BKA war in acht F\u00e4llen mit dem Magdeburger Terrorfahrer befasst"],"original_link":["https:\/\/de.rt.com\/inland\/232902-bka-war-in-acht-faellen-mit-dem-magdeburger-terrorfahrer-befasst\/"],"_thumbnail_id":["76380"],"_wptgpro_p2tg_sent2tg":["a:1:{i:23737;s:19:\"2025-01-14 20:02:42\";}"],"jnews_social_counter_last_update":["1777357469"]},"categories":[19,23],"tags":[20347,38607,4401,134,4179,61199,419,61857,2223],"yoast_head":"<!-- This site is optimized with the Yoast SEO Premium plugin v22.7 (Yoast SEO v22.7) - https:\/\/yoast.com\/wordpress\/plugins\/seo\/ -->\n<title>BKA war in acht F\u00e4llen mit dem Magdeburger Terrorfahrer befasst - just-now.NEWS Deutschland<\/title>\n<meta name=\"robots\" content=\"index, follow, max-snippet:-1, max-image-preview:large, max-video-preview:-1\" \/>\n<link rel=\"canonical\" href=\"https:\/\/now-news.de\/de\/deutschland\/bka-war-in-acht-faellen-mit-dem-magdeburger-terrorfahrer-befasst\/\" \/>\n<meta property=\"og:locale\" content=\"de_DE\" \/>\n<meta property=\"og:type\" content=\"article\" \/>\n<meta property=\"og:title\" content=\"BKA war in acht F\u00e4llen mit dem Magdeburger Terrorfahrer befasst\" \/>\n<meta property=\"og:description\" content=\"Gleich achtmal besch\u00e4ftigte sich das Bundeskriminalamt mit dem Magdeburger Terrorfahrer Taleb al-Abdulmohsen, bevor er sechs Menschen ermordete und Hunderte verletzte. Dennoch wurde er in keiner Weise an der Ausf\u00fchrung seiner Pl\u00e4ne gehindert, kritisiert ein AfD-Abgeordneter. Das Bundeskriminalamt (BKA) war deutlich \u00f6fter mit dem sp\u00e4teren Terrorfahrer von Magdeburg, Taleb al-Abdulmohsen, befasst als bisher bekannt,\u00a0berichtet\u00a0die Zeitung\u00a0Junge Freiheit [&hellip;]\" \/>\n<meta property=\"og:url\" content=\"https:\/\/now-news.de\/de\/deutschland\/bka-war-in-acht-faellen-mit-dem-magdeburger-terrorfahrer-befasst\/\" \/>\n<meta property=\"og:site_name\" content=\"just-now.NEWS Deutschland\" \/>\n<meta property=\"article:publisher\" content=\"https:\/\/www.facebook.com\/wirmachenauf\" \/>\n<meta property=\"article:published_time\" content=\"2025-01-14T17:51:49+00:00\" \/>\n<meta property=\"og:image\" content=\"https:\/\/now-news.de\/de\/wp-content\/uploads\/sites\/3\/2025\/01\/678685a248fbef60f51dac80.jpg\" \/>\n<meta name=\"author\" content=\"rtnews\" \/>\n<meta name=\"twitter:card\" content=\"summary_large_image\" \/>\n<meta name=\"twitter:creator\" content=\"@WirMachenAuf_de\" \/>\n<meta name=\"twitter:site\" content=\"@WirMachenAuf_de\" \/>\n<meta name=\"twitter:label1\" content=\"Verfasst von\" \/>\n\t<meta name=\"twitter:data1\" content=\"rtnews\" \/>\n\t<meta name=\"twitter:label2\" content=\"Gesch\u00e4tzte Lesezeit\" \/>\n\t<meta name=\"twitter:data2\" content=\"3\u00a0Minuten\" \/>\n<script type=\"application\/ld+json\" class=\"yoast-schema-graph\">{\"@context\":\"https:\/\/schema.org\",\"@graph\":[{\"@type\":\"Article\",\"@id\":\"https:\/\/now-news.de\/de\/deutschland\/bka-war-in-acht-faellen-mit-dem-magdeburger-terrorfahrer-befasst\/#article\",\"isPartOf\":{\"@id\":\"https:\/\/now-news.de\/de\/deutschland\/bka-war-in-acht-faellen-mit-dem-magdeburger-terrorfahrer-befasst\/\"},\"author\":{\"name\":\"rtnews\",\"@id\":\"https:\/\/now-news.de\/de\/#\/schema\/person\/fb534a4e865501d8b3285208df34a9b5\"},\"headline\":\"BKA war in acht F\u00e4llen mit dem Magdeburger Terrorfahrer befasst\",\"datePublished\":\"2025-01-14T17:51:49+00:00\",\"dateModified\":\"2025-01-14T17:51:49+00:00\",\"mainEntityOfPage\":{\"@id\":\"https:\/\/now-news.de\/de\/deutschland\/bka-war-in-acht-faellen-mit-dem-magdeburger-terrorfahrer-befasst\/\"},\"wordCount\":711,\"commentCount\":0,\"publisher\":{\"@id\":\"https:\/\/now-news.de\/de\/#organization\"},\"image\":{\"@id\":\"https:\/\/now-news.de\/de\/deutschland\/bka-war-in-acht-faellen-mit-dem-magdeburger-terrorfahrer-befasst\/#primaryimage\"},\"thumbnailUrl\":\"https:\/\/now-news.de\/de\/wp-content\/uploads\/sites\/3\/2025\/01\/BKA-war-in-acht-Faellen-mit-dem-Magdeburger-Terrorfahrer-befasst.jpg\",\"keywords\":[\"acht\",\"befasst\",\"BKA\",\"DEM\",\"fallen\",\"Magdeburger\",\"mit\",\"Terrorfahrer\",\"War\"],\"articleSection\":[\"Deutschland\",\"Russland\"],\"inLanguage\":\"de\",\"potentialAction\":[{\"@type\":\"CommentAction\",\"name\":\"Comment\",\"target\":[\"https:\/\/now-news.de\/de\/deutschland\/bka-war-in-acht-faellen-mit-dem-magdeburger-terrorfahrer-befasst\/#respond\"]}]},{\"@type\":\"WebPage\",\"@id\":\"https:\/\/now-news.de\/de\/deutschland\/bka-war-in-acht-faellen-mit-dem-magdeburger-terrorfahrer-befasst\/\",\"url\":\"https:\/\/now-news.de\/de\/deutschland\/bka-war-in-acht-faellen-mit-dem-magdeburger-terrorfahrer-befasst\/\",\"name\":\"BKA war in acht F\u00e4llen mit dem Magdeburger Terrorfahrer befasst - just-now.NEWS Deutschland\",\"isPartOf\":{\"@id\":\"https:\/\/now-news.de\/de\/#website\"},\"primaryImageOfPage\":{\"@id\":\"https:\/\/now-news.de\/de\/deutschland\/bka-war-in-acht-faellen-mit-dem-magdeburger-terrorfahrer-befasst\/#primaryimage\"},\"image\":{\"@id\":\"https:\/\/now-news.de\/de\/deutschland\/bka-war-in-acht-faellen-mit-dem-magdeburger-terrorfahrer-befasst\/#primaryimage\"},\"thumbnailUrl\":\"https:\/\/now-news.de\/de\/wp-content\/uploads\/sites\/3\/2025\/01\/BKA-war-in-acht-Faellen-mit-dem-Magdeburger-Terrorfahrer-befasst.jpg\",\"datePublished\":\"2025-01-14T17:51:49+00:00\",\"dateModified\":\"2025-01-14T17:51:49+00:00\",\"breadcrumb\":{\"@id\":\"https:\/\/now-news.de\/de\/deutschland\/bka-war-in-acht-faellen-mit-dem-magdeburger-terrorfahrer-befasst\/#breadcrumb\"},\"inLanguage\":\"de\",\"potentialAction\":[{\"@type\":\"ReadAction\",\"target\":[\"https:\/\/now-news.de\/de\/deutschland\/bka-war-in-acht-faellen-mit-dem-magdeburger-terrorfahrer-befasst\/\"]}]},{\"@type\":\"ImageObject\",\"inLanguage\":\"de\",\"@id\":\"https:\/\/now-news.de\/de\/deutschland\/bka-war-in-acht-faellen-mit-dem-magdeburger-terrorfahrer-befasst\/#primaryimage\",\"url\":\"https:\/\/now-news.de\/de\/wp-content\/uploads\/sites\/3\/2025\/01\/BKA-war-in-acht-Faellen-mit-dem-Magdeburger-Terrorfahrer-befasst.jpg\",\"contentUrl\":\"https:\/\/now-news.de\/de\/wp-content\/uploads\/sites\/3\/2025\/01\/BKA-war-in-acht-Faellen-mit-dem-Magdeburger-Terrorfahrer-befasst.jpg\",\"width\":460,\"height\":259,\"caption\":\"BKA war in acht F\u00e4llen mit dem Magdeburger Terrorfahrer befasst\"},{\"@type\":\"BreadcrumbList\",\"@id\":\"https:\/\/now-news.de\/de\/deutschland\/bka-war-in-acht-faellen-mit-dem-magdeburger-terrorfahrer-befasst\/#breadcrumb\",\"itemListElement\":[{\"@type\":\"ListItem\",\"position\":1,\"name\":\"Home\",\"item\":\"https:\/\/now-news.de\/de\/\"},{\"@type\":\"ListItem\",\"position\":2,\"name\":\"BKA war in acht F\u00e4llen mit dem Magdeburger Terrorfahrer befasst\"}]},{\"@type\":\"WebSite\",\"@id\":\"https:\/\/now-news.de\/de\/#website\",\"url\":\"https:\/\/now-news.de\/de\/\",\"name\":\"just-now.NEWS Deutschland\",\"description\":\"Das Portal f\u00fcr unzensierte Nachrichten aus der Welt\",\"publisher\":{\"@id\":\"https:\/\/now-news.de\/de\/#organization\"},\"potentialAction\":[{\"@type\":\"SearchAction\",\"target\":{\"@type\":\"EntryPoint\",\"urlTemplate\":\"https:\/\/now-news.de\/de\/?s={search_term_string}\"},\"query-input\":\"required name=search_term_string\"}],\"inLanguage\":\"de\"},{\"@type\":\"Organization\",\"@id\":\"https:\/\/now-news.de\/de\/#organization\",\"name\":\"Just Now News\",\"url\":\"https:\/\/now-news.de\/de\/\",\"logo\":{\"@type\":\"ImageObject\",\"inLanguage\":\"de\",\"@id\":\"https:\/\/now-news.de\/de\/#\/schema\/logo\/image\/\",\"url\":\"http:\/\/just-now.news\/de\/wp-content\/uploads\/sites\/3\/2022\/04\/logo500x500.jpg\",\"contentUrl\":\"http:\/\/just-now.news\/de\/wp-content\/uploads\/sites\/3\/2022\/04\/logo500x500.jpg\",\"width\":500,\"height\":500,\"caption\":\"Just Now News\"},\"image\":{\"@id\":\"https:\/\/now-news.de\/de\/#\/schema\/logo\/image\/\"},\"sameAs\":[\"https:\/\/www.facebook.com\/wirmachenauf\",\"https:\/\/x.com\/WirMachenAuf_de\"]},{\"@type\":\"Person\",\"@id\":\"https:\/\/now-news.de\/de\/#\/schema\/person\/fb534a4e865501d8b3285208df34a9b5\",\"name\":\"rtnews\",\"image\":{\"@type\":\"ImageObject\",\"inLanguage\":\"de\",\"@id\":\"https:\/\/now-news.de\/de\/#\/schema\/person\/image\/\",\"url\":\"https:\/\/secure.gravatar.com\/avatar\/82aafea7d8127119dd649515f56e2117?s=96&d=mm&r=g\",\"contentUrl\":\"https:\/\/secure.gravatar.com\/avatar\/82aafea7d8127119dd649515f56e2117?s=96&d=mm&r=g\",\"caption\":\"rtnews\"},\"url\":\"https:\/\/now-news.de\/de\/author\/rnews\/\"}]}<\/script>\n<!-- \/ Yoast SEO Premium plugin. -->","yoast_head_json":{"title":"BKA war in acht F\u00e4llen mit dem Magdeburger Terrorfahrer befasst - just-now.NEWS Deutschland","robots":{"index":"index","follow":"follow","max-snippet":"max-snippet:-1","max-image-preview":"max-image-preview:large","max-video-preview":"max-video-preview:-1"},"canonical":"https:\/\/now-news.de\/de\/deutschland\/bka-war-in-acht-faellen-mit-dem-magdeburger-terrorfahrer-befasst\/","og_locale":"de_DE","og_type":"article","og_title":"BKA war in acht F\u00e4llen mit dem Magdeburger Terrorfahrer befasst","og_description":"Gleich achtmal besch\u00e4ftigte sich das Bundeskriminalamt mit dem Magdeburger Terrorfahrer Taleb al-Abdulmohsen, bevor er sechs Menschen ermordete und Hunderte verletzte. Dennoch wurde er in keiner Weise an der Ausf\u00fchrung seiner Pl\u00e4ne gehindert, kritisiert ein AfD-Abgeordneter. Das Bundeskriminalamt (BKA) war deutlich \u00f6fter mit dem sp\u00e4teren Terrorfahrer von Magdeburg, Taleb al-Abdulmohsen, befasst als bisher bekannt,\u00a0berichtet\u00a0die Zeitung\u00a0Junge Freiheit [&hellip;]","og_url":"https:\/\/now-news.de\/de\/deutschland\/bka-war-in-acht-faellen-mit-dem-magdeburger-terrorfahrer-befasst\/","og_site_name":"just-now.NEWS Deutschland","article_publisher":"https:\/\/www.facebook.com\/wirmachenauf","article_published_time":"2025-01-14T17:51:49+00:00","og_image":[{"url":"https:\/\/now-news.de\/de\/wp-content\/uploads\/sites\/3\/2025\/01\/678685a248fbef60f51dac80.jpg"}],"author":"rtnews","twitter_card":"summary_large_image","twitter_creator":"@WirMachenAuf_de","twitter_site":"@WirMachenAuf_de","twitter_misc":{"Verfasst von":"rtnews","Gesch\u00e4tzte Lesezeit":"3\u00a0Minuten"},"schema":{"@context":"https:\/\/schema.org","@graph":[{"@type":"Article","@id":"https:\/\/now-news.de\/de\/deutschland\/bka-war-in-acht-faellen-mit-dem-magdeburger-terrorfahrer-befasst\/#article","isPartOf":{"@id":"https:\/\/now-news.de\/de\/deutschland\/bka-war-in-acht-faellen-mit-dem-magdeburger-terrorfahrer-befasst\/"},"author":{"name":"rtnews","@id":"https:\/\/now-news.de\/de\/#\/schema\/person\/fb534a4e865501d8b3285208df34a9b5"},"headline":"BKA war in acht F\u00e4llen mit dem Magdeburger Terrorfahrer befasst","datePublished":"2025-01-14T17:51:49+00:00","dateModified":"2025-01-14T17:51:49+00:00","mainEntityOfPage":{"@id":"https:\/\/now-news.de\/de\/deutschland\/bka-war-in-acht-faellen-mit-dem-magdeburger-terrorfahrer-befasst\/"},"wordCount":711,"commentCount":0,"publisher":{"@id":"https:\/\/now-news.de\/de\/#organization"},"image":{"@id":"https:\/\/now-news.de\/de\/deutschland\/bka-war-in-acht-faellen-mit-dem-magdeburger-terrorfahrer-befasst\/#primaryimage"},"thumbnailUrl":"https:\/\/now-news.de\/de\/wp-content\/uploads\/sites\/3\/2025\/01\/BKA-war-in-acht-Faellen-mit-dem-Magdeburger-Terrorfahrer-befasst.jpg","keywords":["acht","befasst","BKA","DEM","fallen","Magdeburger","mit","Terrorfahrer","War"],"articleSection":["Deutschland","Russland"],"inLanguage":"de","potentialAction":[{"@type":"CommentAction","name":"Comment","target":["https:\/\/now-news.de\/de\/deutschland\/bka-war-in-acht-faellen-mit-dem-magdeburger-terrorfahrer-befasst\/#respond"]}]},{"@type":"WebPage","@id":"https:\/\/now-news.de\/de\/deutschland\/bka-war-in-acht-faellen-mit-dem-magdeburger-terrorfahrer-befasst\/","url":"https:\/\/now-news.de\/de\/deutschland\/bka-war-in-acht-faellen-mit-dem-magdeburger-terrorfahrer-befasst\/","name":"BKA war in acht F\u00e4llen mit dem Magdeburger Terrorfahrer befasst - just-now.NEWS Deutschland","isPartOf":{"@id":"https:\/\/now-news.de\/de\/#website"},"primaryImageOfPage":{"@id":"https:\/\/now-news.de\/de\/deutschland\/bka-war-in-acht-faellen-mit-dem-magdeburger-terrorfahrer-befasst\/#primaryimage"},"image":{"@id":"https:\/\/now-news.de\/de\/deutschland\/bka-war-in-acht-faellen-mit-dem-magdeburger-terrorfahrer-befasst\/#primaryimage"},"thumbnailUrl":"https:\/\/now-news.de\/de\/wp-content\/uploads\/sites\/3\/2025\/01\/BKA-war-in-acht-Faellen-mit-dem-Magdeburger-Terrorfahrer-befasst.jpg","datePublished":"2025-01-14T17:51:49+00:00","dateModified":"2025-01-14T17:51:49+00:00","breadcrumb":{"@id":"https:\/\/now-news.de\/de\/deutschland\/bka-war-in-acht-faellen-mit-dem-magdeburger-terrorfahrer-befasst\/#breadcrumb"},"inLanguage":"de","potentialAction":[{"@type":"ReadAction","target":["https:\/\/now-news.de\/de\/deutschland\/bka-war-in-acht-faellen-mit-dem-magdeburger-terrorfahrer-befasst\/"]}]},{"@type":"ImageObject","inLanguage":"de","@id":"https:\/\/now-news.de\/de\/deutschland\/bka-war-in-acht-faellen-mit-dem-magdeburger-terrorfahrer-befasst\/#primaryimage","url":"https:\/\/now-news.de\/de\/wp-content\/uploads\/sites\/3\/2025\/01\/BKA-war-in-acht-Faellen-mit-dem-Magdeburger-Terrorfahrer-befasst.jpg","contentUrl":"https:\/\/now-news.de\/de\/wp-content\/uploads\/sites\/3\/2025\/01\/BKA-war-in-acht-Faellen-mit-dem-Magdeburger-Terrorfahrer-befasst.jpg","width":460,"height":259,"caption":"BKA war in acht F\u00e4llen mit dem Magdeburger Terrorfahrer befasst"},{"@type":"BreadcrumbList","@id":"https:\/\/now-news.de\/de\/deutschland\/bka-war-in-acht-faellen-mit-dem-magdeburger-terrorfahrer-befasst\/#breadcrumb","itemListElement":[{"@type":"ListItem","position":1,"name":"Home","item":"https:\/\/now-news.de\/de\/"},{"@type":"ListItem","position":2,"name":"BKA war in acht F\u00e4llen mit dem Magdeburger Terrorfahrer befasst"}]},{"@type":"WebSite","@id":"https:\/\/now-news.de\/de\/#website","url":"https:\/\/now-news.de\/de\/","name":"just-now.NEWS Deutschland","description":"Das Portal f\u00fcr unzensierte Nachrichten aus der Welt","publisher":{"@id":"https:\/\/now-news.de\/de\/#organization"},"potentialAction":[{"@type":"SearchAction","target":{"@type":"EntryPoint","urlTemplate":"https:\/\/now-news.de\/de\/?s={search_term_string}"},"query-input":"required name=search_term_string"}],"inLanguage":"de"},{"@type":"Organization","@id":"https:\/\/now-news.de\/de\/#organization","name":"Just Now News","url":"https:\/\/now-news.de\/de\/","logo":{"@type":"ImageObject","inLanguage":"de","@id":"https:\/\/now-news.de\/de\/#\/schema\/logo\/image\/","url":"http:\/\/just-now.news\/de\/wp-content\/uploads\/sites\/3\/2022\/04\/logo500x500.jpg","contentUrl":"http:\/\/just-now.news\/de\/wp-content\/uploads\/sites\/3\/2022\/04\/logo500x500.jpg","width":500,"height":500,"caption":"Just Now News"},"image":{"@id":"https:\/\/now-news.de\/de\/#\/schema\/logo\/image\/"},"sameAs":["https:\/\/www.facebook.com\/wirmachenauf","https:\/\/x.com\/WirMachenAuf_de"]},{"@type":"Person","@id":"https:\/\/now-news.de\/de\/#\/schema\/person\/fb534a4e865501d8b3285208df34a9b5","name":"rtnews","image":{"@type":"ImageObject","inLanguage":"de","@id":"https:\/\/now-news.de\/de\/#\/schema\/person\/image\/","url":"https:\/\/secure.gravatar.com\/avatar\/82aafea7d8127119dd649515f56e2117?s=96&d=mm&r=g","contentUrl":"https:\/\/secure.gravatar.com\/avatar\/82aafea7d8127119dd649515f56e2117?s=96&d=mm&r=g","caption":"rtnews"},"url":"https:\/\/now-news.de\/de\/author\/rnews\/"}]}},"_links":{"self":[{"href":"https:\/\/now-news.de\/de\/wp-json\/wp\/v2\/posts\/76379"}],"collection":[{"href":"https:\/\/now-news.de\/de\/wp-json\/wp\/v2\/posts"}],"about":[{"href":"https:\/\/now-news.de\/de\/wp-json\/wp\/v2\/types\/post"}],"author":[{"embeddable":true,"href":"https:\/\/now-news.de\/de\/wp-json\/wp\/v2\/users\/3"}],"replies":[{"embeddable":true,"href":"https:\/\/now-news.de\/de\/wp-json\/wp\/v2\/comments?post=76379"}],"version-history":[{"count":0,"href":"https:\/\/now-news.de\/de\/wp-json\/wp\/v2\/posts\/76379\/revisions"}],"wp:featuredmedia":[{"embeddable":true,"href":"https:\/\/now-news.de\/de\/wp-json\/wp\/v2\/media\/76380"}],"wp:attachment":[{"href":"https:\/\/now-news.de\/de\/wp-json\/wp\/v2\/media?parent=76379"}],"wp:term":[{"taxonomy":"category","embeddable":true,"href":"https:\/\/now-news.de\/de\/wp-json\/wp\/v2\/categories?post=76379"},{"taxonomy":"post_tag","embeddable":true,"href":"https:\/\/now-news.de\/de\/wp-json\/wp\/v2\/tags?post=76379"}],"curies":[{"name":"wp","href":"https:\/\/api.w.org\/{rel}","templated":true}]}}