{"id":76359,"date":"2025-01-14T17:15:01","date_gmt":"2025-01-14T15:15:01","guid":{"rendered":"https:\/\/now-news.de\/de\/deutschland\/westeuropaeische-ruestungsinitiative-fuer-die-ukraine\/"},"modified":"2025-01-14T17:15:01","modified_gmt":"2025-01-14T15:15:01","slug":"westeuropaeische-ruestungsinitiative-fuer-die-ukraine","status":"publish","type":"post","link":"https:\/\/now-news.de\/de\/deutschland\/westeuropaeische-ruestungsinitiative-fuer-die-ukraine\/","title":{"rendered":"Westeurop\u00e4ische R\u00fcstungsinitiative f\u00fcr die Ukraine"},"content":{"rendered":"<p><img decoding=\"async\" src=\"https:\/\/now-news.de\/de\/wp-content\/uploads\/sites\/3\/2025\/01\/67865ef648fbef3d7f76203b.jpg\" \/><\/p>\n<div class=\"Text-root Text-type_1 \">\n                Angesichts des Wahlsiegs Donald Trumps haben sich f\u00fcnf westeurop\u00e4ische Staaten zusammengetan, um die R\u00fcstungsproduktion in Europa zu erh\u00f6hen. Profitieren soll vor allem die Ukraine. Produktionskapazit\u00e4ten sollen vor Ort aufgebaut werden. Deutschland \u00fcbergibt Kiew 54 Radhaubitzen im Wert von 648\u00a0Millionen Euro.\n            <\/div>\n<p><\/p>\n<div class=\"Text-root Text-type_5 ArticleView-text ViewText-root \">\n<p>F\u00fcnf westeurop\u00e4ische L\u00e4nder wollen die ukrainische R\u00fcstungsindustrie st\u00e4rken. Gleichzeitig soll die R\u00fcstungsproduktion in Westeuropa massiv ausgeweitet werden. Zu diesem Ziel bekannten sich die Verteidigungsminister Polens, Gro\u00dfbritanniens, Frankreichs, Italiens und Deutschlands nach Abschluss eines gemeinsamen Treffens in Polen. Das Format entstand als Antwort auf den Wahlsieg Trumps bei den US-Pr\u00e4sidentschaftswahlen. Die Mitgliedsl\u00e4nder haben sich zum Ziel gesetzt, Westeuropa verteidigungspolitisch unabh\u00e4ngiger von den USA zu machen.<\/p>\n<p>Polens Verteidigungsminister W\u0142adys\u0142aw\u00a0Kosiniak-Kamysz unterstrich, die M\u00f6glichkeiten zur Kooperation mit der Ukraine seien noch nicht ausgesch\u00f6pft. &#8220;2025 muss das Jahr des Ausbaus der R\u00fcstungsindustrie in Europa werden&#8221;, sagte er.<\/p>\n<p>Gedacht ist dabei auch an den Aufbau von Produktionskapazit\u00e4ten direkt in der Ukraine. &#8220;Wenn das Geld da ist, wenn die R\u00fcstungskapazit\u00e4ten f\u00fcr die Produktion da sind, dann ist die Ukraine selbst am schnellsten damit, die eigenen Truppen mit Material und Waffen zu versorgen&#8221;, erkl\u00e4rte Verteidigungsminister Boris Pistorius.<\/p>\n<p>Der Verteidigungsminister der Ukraine Rustem Umerow war dem Treffen per Video zugeschaltet. Besprochen wurden mit ihm unter anderem m\u00f6gliche Kooperationen mit R\u00fcstungsunternehmen in den Unterst\u00fctzerl\u00e4ndern\u00a0der Ukraine als auch direkte Investitionen vor Ort in der Ukraine.<\/p>\n<p>Unmittelbar vor dem Treffen \u00fcbergab Pistorius (SPD) dem Botschafter der Ukraine Alexei Makejew eine Miniaturnachbildung der neuen Radhaubitze vom Typ RCH\u00a0155, die Deutschland gemeinsam mit Frankreich entwickelt hat. Die ersten sechs Modelle gehen allerdings nicht in die Ukraine, sondern bleiben zu Ausbildungszwecken in Deutschland. An ihnen sollen ukrainische Soldaten geschult werden, die sie dann sp\u00e4ter auf dem Schlachtfeld einsetzen.<\/p>\n<p>Insgesamt 54 der neuen Radhaubitzen wurden der Ukraine zugesagt. Bei einem St\u00fcckpreis von zw\u00f6lf Millionen Euro entspricht die Zusage einem Gegenwert von rund 648\u00a0Millionen Euro.<\/p>\n<p>Ob die Initiative\u00a0der Westeurop\u00e4er allerdings den Vorsprung Russlands aufholen kann, ist mehr als fraglich. NATO-Sekret\u00e4r Mark Rutte hatte auf einem Treffen mit Vertretern der EU festgestellt, Russland produziere in drei Monaten den Umfang an R\u00fcstungsg\u00fctern, den alle NATO-L\u00e4nder zusammen in einem Jahr produzieren. Die europ\u00e4ische R\u00fcstungsindustrie sei &#8220;zu klein, zu fragmentiert und vor allem zu langsam&#8221;, betonte Rutte.<\/p>\n<p><strong>Mehr zum Thema<\/strong>\u00a0\u2013 <a rel=\"nofollow noopener\" target=\"_blank\" href=\"https:\/\/freedert.online\/international\/232839-nato-generalsekretaer-europa-muss-verteidigungsausgaben\/\">NATO-Generalsekret\u00e4r: Europa muss Verteidigungsausgaben erh\u00f6hen oder Russisch lernen<\/a><\/p>\n<div class=\"EmbedBlock-root EmbedBlock-externalVideo EmbedBlock-rumble\">\n<div class=\"VkEmbed\"><iframe class=\"lazyload\" data-src=\"https:\/\/rumble.com\/embed\/v66oyhy\" frameborder=\"0\" width=\"853\" height=\"480\" allowfullscreen><\/iframe><\/div>\n<\/div>\n<\/div>\n<p><br \/>\n<br \/><a href=\"https:\/\/de.rt.com\/europa\/232878-westeuropaeische-ruestungsinitiative-fuer-die-ukraine\/\">Source link <\/a><\/p>\n","protected":false},"excerpt":{"rendered":"<p>Angesichts des Wahlsiegs Donald Trumps haben sich f\u00fcnf westeurop\u00e4ische Staaten zusammengetan, um die R\u00fcstungsproduktion in Europa zu erh\u00f6hen. Profitieren soll vor allem die Ukraine. Produktionskapazit\u00e4ten sollen vor Ort aufgebaut werden. Deutschland \u00fcbergibt Kiew 54 Radhaubitzen im Wert von 648\u00a0Millionen Euro. F\u00fcnf westeurop\u00e4ische L\u00e4nder wollen die ukrainische R\u00fcstungsindustrie st\u00e4rken. Gleichzeitig soll die R\u00fcstungsproduktion in Westeuropa massiv [&hellip;]<\/p>\n","protected":false},"author":3,"featured_media":76360,"comment_status":"open","ping_status":"open","sticky":false,"template":"","format":"standard","meta":{"_yoast_indexnow_last_ping":["1736868099"],"wp_automatic_camp":["217"],"6aa6edb798679b916b41f7236ae14833":["Westeurop\u00e4ische R\u00fcstungsinitiative f\u00fcr die Ukraine"],"original_link":["https:\/\/de.rt.com\/europa\/232878-westeuropaeische-ruestungsinitiative-fuer-die-ukraine\/"],"_thumbnail_id":["76360"],"_wptgpro_p2tg_sent2tg":["a:1:{i:23737;s:19:\"2025-01-14 17:22:40\";}"],"jnews_social_counter_last_update":["1777611187"]},"categories":[19,23],"tags":[45,221,61853,127,39911],"yoast_head":"<!-- This site is optimized with the Yoast SEO Premium plugin v22.7 (Yoast SEO v22.7) - https:\/\/yoast.com\/wordpress\/plugins\/seo\/ -->\n<title>Westeurop\u00e4ische R\u00fcstungsinitiative f\u00fcr die Ukraine - just-now.NEWS Deutschland<\/title>\n<meta name=\"robots\" content=\"index, follow, max-snippet:-1, max-image-preview:large, max-video-preview:-1\" \/>\n<link rel=\"canonical\" href=\"https:\/\/now-news.de\/de\/deutschland\/westeuropaeische-ruestungsinitiative-fuer-die-ukraine\/\" \/>\n<meta property=\"og:locale\" content=\"de_DE\" \/>\n<meta property=\"og:type\" content=\"article\" \/>\n<meta property=\"og:title\" content=\"Westeurop\u00e4ische R\u00fcstungsinitiative f\u00fcr die Ukraine\" \/>\n<meta property=\"og:description\" content=\"Angesichts des Wahlsiegs Donald Trumps haben sich f\u00fcnf westeurop\u00e4ische Staaten zusammengetan, um die R\u00fcstungsproduktion in Europa zu erh\u00f6hen. Profitieren soll vor allem die Ukraine. Produktionskapazit\u00e4ten sollen vor Ort aufgebaut werden. Deutschland \u00fcbergibt Kiew 54 Radhaubitzen im Wert von 648\u00a0Millionen Euro. F\u00fcnf westeurop\u00e4ische L\u00e4nder wollen die ukrainische R\u00fcstungsindustrie st\u00e4rken. Gleichzeitig soll die R\u00fcstungsproduktion in Westeuropa massiv [&hellip;]\" \/>\n<meta property=\"og:url\" content=\"https:\/\/now-news.de\/de\/deutschland\/westeuropaeische-ruestungsinitiative-fuer-die-ukraine\/\" \/>\n<meta property=\"og:site_name\" content=\"just-now.NEWS Deutschland\" \/>\n<meta property=\"article:publisher\" content=\"https:\/\/www.facebook.com\/wirmachenauf\" \/>\n<meta property=\"article:published_time\" content=\"2025-01-14T15:15:01+00:00\" \/>\n<meta property=\"og:image\" content=\"https:\/\/now-news.de\/de\/wp-content\/uploads\/sites\/3\/2025\/01\/67865ef648fbef3d7f76203b.jpg\" \/>\n<meta name=\"author\" content=\"rtnews\" \/>\n<meta name=\"twitter:card\" content=\"summary_large_image\" \/>\n<meta name=\"twitter:creator\" content=\"@WirMachenAuf_de\" \/>\n<meta name=\"twitter:site\" content=\"@WirMachenAuf_de\" \/>\n<meta name=\"twitter:label1\" content=\"Verfasst von\" \/>\n\t<meta name=\"twitter:data1\" content=\"rtnews\" \/>\n\t<meta name=\"twitter:label2\" content=\"Gesch\u00e4tzte Lesezeit\" \/>\n\t<meta name=\"twitter:data2\" content=\"2\u00a0Minuten\" \/>\n<script type=\"application\/ld+json\" class=\"yoast-schema-graph\">{\"@context\":\"https:\/\/schema.org\",\"@graph\":[{\"@type\":\"Article\",\"@id\":\"https:\/\/now-news.de\/de\/deutschland\/westeuropaeische-ruestungsinitiative-fuer-die-ukraine\/#article\",\"isPartOf\":{\"@id\":\"https:\/\/now-news.de\/de\/deutschland\/westeuropaeische-ruestungsinitiative-fuer-die-ukraine\/\"},\"author\":{\"name\":\"rtnews\",\"@id\":\"https:\/\/now-news.de\/de\/#\/schema\/person\/fb534a4e865501d8b3285208df34a9b5\"},\"headline\":\"Westeurop\u00e4ische R\u00fcstungsinitiative f\u00fcr die Ukraine\",\"datePublished\":\"2025-01-14T15:15:01+00:00\",\"dateModified\":\"2025-01-14T15:15:01+00:00\",\"mainEntityOfPage\":{\"@id\":\"https:\/\/now-news.de\/de\/deutschland\/westeuropaeische-ruestungsinitiative-fuer-die-ukraine\/\"},\"wordCount\":419,\"commentCount\":0,\"publisher\":{\"@id\":\"https:\/\/now-news.de\/de\/#organization\"},\"image\":{\"@id\":\"https:\/\/now-news.de\/de\/deutschland\/westeuropaeische-ruestungsinitiative-fuer-die-ukraine\/#primaryimage\"},\"thumbnailUrl\":\"https:\/\/now-news.de\/de\/wp-content\/uploads\/sites\/3\/2025\/01\/Westeuropaeische-Ruestungsinitiative-fuer-die-Ukraine.jpg\",\"keywords\":[\"die\",\"f\u00fcr\",\"R\u00fcstungsinitiative\",\"ukraine\",\"westeurop\u00e4ische\"],\"articleSection\":[\"Deutschland\",\"Russland\"],\"inLanguage\":\"de\",\"potentialAction\":[{\"@type\":\"CommentAction\",\"name\":\"Comment\",\"target\":[\"https:\/\/now-news.de\/de\/deutschland\/westeuropaeische-ruestungsinitiative-fuer-die-ukraine\/#respond\"]}]},{\"@type\":\"WebPage\",\"@id\":\"https:\/\/now-news.de\/de\/deutschland\/westeuropaeische-ruestungsinitiative-fuer-die-ukraine\/\",\"url\":\"https:\/\/now-news.de\/de\/deutschland\/westeuropaeische-ruestungsinitiative-fuer-die-ukraine\/\",\"name\":\"Westeurop\u00e4ische R\u00fcstungsinitiative f\u00fcr die Ukraine - just-now.NEWS Deutschland\",\"isPartOf\":{\"@id\":\"https:\/\/now-news.de\/de\/#website\"},\"primaryImageOfPage\":{\"@id\":\"https:\/\/now-news.de\/de\/deutschland\/westeuropaeische-ruestungsinitiative-fuer-die-ukraine\/#primaryimage\"},\"image\":{\"@id\":\"https:\/\/now-news.de\/de\/deutschland\/westeuropaeische-ruestungsinitiative-fuer-die-ukraine\/#primaryimage\"},\"thumbnailUrl\":\"https:\/\/now-news.de\/de\/wp-content\/uploads\/sites\/3\/2025\/01\/Westeuropaeische-Ruestungsinitiative-fuer-die-Ukraine.jpg\",\"datePublished\":\"2025-01-14T15:15:01+00:00\",\"dateModified\":\"2025-01-14T15:15:01+00:00\",\"breadcrumb\":{\"@id\":\"https:\/\/now-news.de\/de\/deutschland\/westeuropaeische-ruestungsinitiative-fuer-die-ukraine\/#breadcrumb\"},\"inLanguage\":\"de\",\"potentialAction\":[{\"@type\":\"ReadAction\",\"target\":[\"https:\/\/now-news.de\/de\/deutschland\/westeuropaeische-ruestungsinitiative-fuer-die-ukraine\/\"]}]},{\"@type\":\"ImageObject\",\"inLanguage\":\"de\",\"@id\":\"https:\/\/now-news.de\/de\/deutschland\/westeuropaeische-ruestungsinitiative-fuer-die-ukraine\/#primaryimage\",\"url\":\"https:\/\/now-news.de\/de\/wp-content\/uploads\/sites\/3\/2025\/01\/Westeuropaeische-Ruestungsinitiative-fuer-die-Ukraine.jpg\",\"contentUrl\":\"https:\/\/now-news.de\/de\/wp-content\/uploads\/sites\/3\/2025\/01\/Westeuropaeische-Ruestungsinitiative-fuer-die-Ukraine.jpg\",\"width\":460,\"height\":259,\"caption\":\"Westeurop\u00e4ische R\u00fcstungsinitiative f\u00fcr die Ukraine\"},{\"@type\":\"BreadcrumbList\",\"@id\":\"https:\/\/now-news.de\/de\/deutschland\/westeuropaeische-ruestungsinitiative-fuer-die-ukraine\/#breadcrumb\",\"itemListElement\":[{\"@type\":\"ListItem\",\"position\":1,\"name\":\"Home\",\"item\":\"https:\/\/now-news.de\/de\/\"},{\"@type\":\"ListItem\",\"position\":2,\"name\":\"Westeurop\u00e4ische R\u00fcstungsinitiative f\u00fcr die Ukraine\"}]},{\"@type\":\"WebSite\",\"@id\":\"https:\/\/now-news.de\/de\/#website\",\"url\":\"https:\/\/now-news.de\/de\/\",\"name\":\"just-now.NEWS Deutschland\",\"description\":\"Das Portal f\u00fcr unzensierte Nachrichten aus der Welt\",\"publisher\":{\"@id\":\"https:\/\/now-news.de\/de\/#organization\"},\"potentialAction\":[{\"@type\":\"SearchAction\",\"target\":{\"@type\":\"EntryPoint\",\"urlTemplate\":\"https:\/\/now-news.de\/de\/?s={search_term_string}\"},\"query-input\":\"required name=search_term_string\"}],\"inLanguage\":\"de\"},{\"@type\":\"Organization\",\"@id\":\"https:\/\/now-news.de\/de\/#organization\",\"name\":\"Just Now News\",\"url\":\"https:\/\/now-news.de\/de\/\",\"logo\":{\"@type\":\"ImageObject\",\"inLanguage\":\"de\",\"@id\":\"https:\/\/now-news.de\/de\/#\/schema\/logo\/image\/\",\"url\":\"http:\/\/just-now.news\/de\/wp-content\/uploads\/sites\/3\/2022\/04\/logo500x500.jpg\",\"contentUrl\":\"http:\/\/just-now.news\/de\/wp-content\/uploads\/sites\/3\/2022\/04\/logo500x500.jpg\",\"width\":500,\"height\":500,\"caption\":\"Just Now News\"},\"image\":{\"@id\":\"https:\/\/now-news.de\/de\/#\/schema\/logo\/image\/\"},\"sameAs\":[\"https:\/\/www.facebook.com\/wirmachenauf\",\"https:\/\/x.com\/WirMachenAuf_de\"]},{\"@type\":\"Person\",\"@id\":\"https:\/\/now-news.de\/de\/#\/schema\/person\/fb534a4e865501d8b3285208df34a9b5\",\"name\":\"rtnews\",\"image\":{\"@type\":\"ImageObject\",\"inLanguage\":\"de\",\"@id\":\"https:\/\/now-news.de\/de\/#\/schema\/person\/image\/\",\"url\":\"https:\/\/secure.gravatar.com\/avatar\/82aafea7d8127119dd649515f56e2117?s=96&d=mm&r=g\",\"contentUrl\":\"https:\/\/secure.gravatar.com\/avatar\/82aafea7d8127119dd649515f56e2117?s=96&d=mm&r=g\",\"caption\":\"rtnews\"},\"url\":\"https:\/\/now-news.de\/de\/author\/rnews\/\"}]}<\/script>\n<!-- \/ Yoast SEO Premium plugin. -->","yoast_head_json":{"title":"Westeurop\u00e4ische R\u00fcstungsinitiative f\u00fcr die Ukraine - just-now.NEWS Deutschland","robots":{"index":"index","follow":"follow","max-snippet":"max-snippet:-1","max-image-preview":"max-image-preview:large","max-video-preview":"max-video-preview:-1"},"canonical":"https:\/\/now-news.de\/de\/deutschland\/westeuropaeische-ruestungsinitiative-fuer-die-ukraine\/","og_locale":"de_DE","og_type":"article","og_title":"Westeurop\u00e4ische R\u00fcstungsinitiative f\u00fcr die Ukraine","og_description":"Angesichts des Wahlsiegs Donald Trumps haben sich f\u00fcnf westeurop\u00e4ische Staaten zusammengetan, um die R\u00fcstungsproduktion in Europa zu erh\u00f6hen. Profitieren soll vor allem die Ukraine. Produktionskapazit\u00e4ten sollen vor Ort aufgebaut werden. Deutschland \u00fcbergibt Kiew 54 Radhaubitzen im Wert von 648\u00a0Millionen Euro. F\u00fcnf westeurop\u00e4ische L\u00e4nder wollen die ukrainische R\u00fcstungsindustrie st\u00e4rken. Gleichzeitig soll die R\u00fcstungsproduktion in Westeuropa massiv [&hellip;]","og_url":"https:\/\/now-news.de\/de\/deutschland\/westeuropaeische-ruestungsinitiative-fuer-die-ukraine\/","og_site_name":"just-now.NEWS Deutschland","article_publisher":"https:\/\/www.facebook.com\/wirmachenauf","article_published_time":"2025-01-14T15:15:01+00:00","og_image":[{"url":"https:\/\/now-news.de\/de\/wp-content\/uploads\/sites\/3\/2025\/01\/67865ef648fbef3d7f76203b.jpg"}],"author":"rtnews","twitter_card":"summary_large_image","twitter_creator":"@WirMachenAuf_de","twitter_site":"@WirMachenAuf_de","twitter_misc":{"Verfasst von":"rtnews","Gesch\u00e4tzte Lesezeit":"2\u00a0Minuten"},"schema":{"@context":"https:\/\/schema.org","@graph":[{"@type":"Article","@id":"https:\/\/now-news.de\/de\/deutschland\/westeuropaeische-ruestungsinitiative-fuer-die-ukraine\/#article","isPartOf":{"@id":"https:\/\/now-news.de\/de\/deutschland\/westeuropaeische-ruestungsinitiative-fuer-die-ukraine\/"},"author":{"name":"rtnews","@id":"https:\/\/now-news.de\/de\/#\/schema\/person\/fb534a4e865501d8b3285208df34a9b5"},"headline":"Westeurop\u00e4ische R\u00fcstungsinitiative f\u00fcr die Ukraine","datePublished":"2025-01-14T15:15:01+00:00","dateModified":"2025-01-14T15:15:01+00:00","mainEntityOfPage":{"@id":"https:\/\/now-news.de\/de\/deutschland\/westeuropaeische-ruestungsinitiative-fuer-die-ukraine\/"},"wordCount":419,"commentCount":0,"publisher":{"@id":"https:\/\/now-news.de\/de\/#organization"},"image":{"@id":"https:\/\/now-news.de\/de\/deutschland\/westeuropaeische-ruestungsinitiative-fuer-die-ukraine\/#primaryimage"},"thumbnailUrl":"https:\/\/now-news.de\/de\/wp-content\/uploads\/sites\/3\/2025\/01\/Westeuropaeische-Ruestungsinitiative-fuer-die-Ukraine.jpg","keywords":["die","f\u00fcr","R\u00fcstungsinitiative","ukraine","westeurop\u00e4ische"],"articleSection":["Deutschland","Russland"],"inLanguage":"de","potentialAction":[{"@type":"CommentAction","name":"Comment","target":["https:\/\/now-news.de\/de\/deutschland\/westeuropaeische-ruestungsinitiative-fuer-die-ukraine\/#respond"]}]},{"@type":"WebPage","@id":"https:\/\/now-news.de\/de\/deutschland\/westeuropaeische-ruestungsinitiative-fuer-die-ukraine\/","url":"https:\/\/now-news.de\/de\/deutschland\/westeuropaeische-ruestungsinitiative-fuer-die-ukraine\/","name":"Westeurop\u00e4ische R\u00fcstungsinitiative f\u00fcr die Ukraine - just-now.NEWS Deutschland","isPartOf":{"@id":"https:\/\/now-news.de\/de\/#website"},"primaryImageOfPage":{"@id":"https:\/\/now-news.de\/de\/deutschland\/westeuropaeische-ruestungsinitiative-fuer-die-ukraine\/#primaryimage"},"image":{"@id":"https:\/\/now-news.de\/de\/deutschland\/westeuropaeische-ruestungsinitiative-fuer-die-ukraine\/#primaryimage"},"thumbnailUrl":"https:\/\/now-news.de\/de\/wp-content\/uploads\/sites\/3\/2025\/01\/Westeuropaeische-Ruestungsinitiative-fuer-die-Ukraine.jpg","datePublished":"2025-01-14T15:15:01+00:00","dateModified":"2025-01-14T15:15:01+00:00","breadcrumb":{"@id":"https:\/\/now-news.de\/de\/deutschland\/westeuropaeische-ruestungsinitiative-fuer-die-ukraine\/#breadcrumb"},"inLanguage":"de","potentialAction":[{"@type":"ReadAction","target":["https:\/\/now-news.de\/de\/deutschland\/westeuropaeische-ruestungsinitiative-fuer-die-ukraine\/"]}]},{"@type":"ImageObject","inLanguage":"de","@id":"https:\/\/now-news.de\/de\/deutschland\/westeuropaeische-ruestungsinitiative-fuer-die-ukraine\/#primaryimage","url":"https:\/\/now-news.de\/de\/wp-content\/uploads\/sites\/3\/2025\/01\/Westeuropaeische-Ruestungsinitiative-fuer-die-Ukraine.jpg","contentUrl":"https:\/\/now-news.de\/de\/wp-content\/uploads\/sites\/3\/2025\/01\/Westeuropaeische-Ruestungsinitiative-fuer-die-Ukraine.jpg","width":460,"height":259,"caption":"Westeurop\u00e4ische R\u00fcstungsinitiative f\u00fcr die Ukraine"},{"@type":"BreadcrumbList","@id":"https:\/\/now-news.de\/de\/deutschland\/westeuropaeische-ruestungsinitiative-fuer-die-ukraine\/#breadcrumb","itemListElement":[{"@type":"ListItem","position":1,"name":"Home","item":"https:\/\/now-news.de\/de\/"},{"@type":"ListItem","position":2,"name":"Westeurop\u00e4ische R\u00fcstungsinitiative f\u00fcr die Ukraine"}]},{"@type":"WebSite","@id":"https:\/\/now-news.de\/de\/#website","url":"https:\/\/now-news.de\/de\/","name":"just-now.NEWS Deutschland","description":"Das Portal f\u00fcr unzensierte Nachrichten aus der Welt","publisher":{"@id":"https:\/\/now-news.de\/de\/#organization"},"potentialAction":[{"@type":"SearchAction","target":{"@type":"EntryPoint","urlTemplate":"https:\/\/now-news.de\/de\/?s={search_term_string}"},"query-input":"required name=search_term_string"}],"inLanguage":"de"},{"@type":"Organization","@id":"https:\/\/now-news.de\/de\/#organization","name":"Just Now News","url":"https:\/\/now-news.de\/de\/","logo":{"@type":"ImageObject","inLanguage":"de","@id":"https:\/\/now-news.de\/de\/#\/schema\/logo\/image\/","url":"http:\/\/just-now.news\/de\/wp-content\/uploads\/sites\/3\/2022\/04\/logo500x500.jpg","contentUrl":"http:\/\/just-now.news\/de\/wp-content\/uploads\/sites\/3\/2022\/04\/logo500x500.jpg","width":500,"height":500,"caption":"Just Now News"},"image":{"@id":"https:\/\/now-news.de\/de\/#\/schema\/logo\/image\/"},"sameAs":["https:\/\/www.facebook.com\/wirmachenauf","https:\/\/x.com\/WirMachenAuf_de"]},{"@type":"Person","@id":"https:\/\/now-news.de\/de\/#\/schema\/person\/fb534a4e865501d8b3285208df34a9b5","name":"rtnews","image":{"@type":"ImageObject","inLanguage":"de","@id":"https:\/\/now-news.de\/de\/#\/schema\/person\/image\/","url":"https:\/\/secure.gravatar.com\/avatar\/82aafea7d8127119dd649515f56e2117?s=96&d=mm&r=g","contentUrl":"https:\/\/secure.gravatar.com\/avatar\/82aafea7d8127119dd649515f56e2117?s=96&d=mm&r=g","caption":"rtnews"},"url":"https:\/\/now-news.de\/de\/author\/rnews\/"}]}},"_links":{"self":[{"href":"https:\/\/now-news.de\/de\/wp-json\/wp\/v2\/posts\/76359"}],"collection":[{"href":"https:\/\/now-news.de\/de\/wp-json\/wp\/v2\/posts"}],"about":[{"href":"https:\/\/now-news.de\/de\/wp-json\/wp\/v2\/types\/post"}],"author":[{"embeddable":true,"href":"https:\/\/now-news.de\/de\/wp-json\/wp\/v2\/users\/3"}],"replies":[{"embeddable":true,"href":"https:\/\/now-news.de\/de\/wp-json\/wp\/v2\/comments?post=76359"}],"version-history":[{"count":0,"href":"https:\/\/now-news.de\/de\/wp-json\/wp\/v2\/posts\/76359\/revisions"}],"wp:featuredmedia":[{"embeddable":true,"href":"https:\/\/now-news.de\/de\/wp-json\/wp\/v2\/media\/76360"}],"wp:attachment":[{"href":"https:\/\/now-news.de\/de\/wp-json\/wp\/v2\/media?parent=76359"}],"wp:term":[{"taxonomy":"category","embeddable":true,"href":"https:\/\/now-news.de\/de\/wp-json\/wp\/v2\/categories?post=76359"},{"taxonomy":"post_tag","embeddable":true,"href":"https:\/\/now-news.de\/de\/wp-json\/wp\/v2\/tags?post=76359"}],"curies":[{"name":"wp","href":"https:\/\/api.w.org\/{rel}","templated":true}]}}