{"id":76252,"date":"2025-01-13T12:08:52","date_gmt":"2025-01-13T10:08:52","guid":{"rendered":"https:\/\/now-news.de\/de\/deutschland\/oesterreichweites-messerverbot-wiens-polizeichef-will-gewalt-durch-jugendliche-eindaemmen\/"},"modified":"2025-01-13T12:08:52","modified_gmt":"2025-01-13T10:08:52","slug":"oesterreichweites-messerverbot-wiens-polizeichef-will-gewalt-durch-jugendliche-eindaemmen","status":"publish","type":"post","link":"https:\/\/now-news.de\/de\/deutschland\/oesterreichweites-messerverbot-wiens-polizeichef-will-gewalt-durch-jugendliche-eindaemmen\/","title":{"rendered":"\u00d6sterreichweites Messerverbot: Wiens Polizeichef will Gewalt durch Jugendliche eind\u00e4mmen"},"content":{"rendered":"<p><img decoding=\"async\" src=\"https:\/\/now-news.de\/de\/wp-content\/uploads\/sites\/3\/2025\/01\/6784caa948fbef45c92cdbe1.png\" \/><\/p>\n<div class=\"Text-root Text-type_1 \">\n                Wiens Polizeichef Gerhard P\u00fcrstl fordert ein \u00f6sterreichweites Messerverbot und betont die Wirkung von Waffenverbotszonen, die Gewaltkriminalit\u00e4t senken. Schwerpunkte 2025 bleiben ethnische Konflikte und Jugendgewalt im \u00f6ffentlichen Raum sowie verst\u00e4rkte Polizeipr\u00e4senz.\n            <\/div>\n<p><\/p>\n<div class=\"Text-root Text-type_5 ArticleView-text ViewText-root \">\n<p>In den belebten Stra\u00dfen Wiens hat die Polizei l\u00e4ngst reagiert: Waffenverbotszonen in Problembezirken wie Favoriten und am Praterstern gelten hier seit einiger Zeit als probates Mittel gegen Gewalt. Nun soll diese Ma\u00dfnahme auf das ganze Land ausgeweitet werden. Besonders ein Messerverbot in dicht besiedelten Gebieten r\u00fcckt dabei in den Fokus.<\/p>\n<p>Die Wiener Polizei hat in den vergangenen Jahren ein klares Bild gewonnen. \u00d6ffentliche Auseinandersetzungen, oft mit Migrationshintergrund der Beteiligten, eskalieren nicht selten\u00a0zu gef\u00e4hrlichen Situationen. Messerstechereien, Schl\u00e4gereien unter Jugendlichen und spontane Eskalationen pr\u00e4gen das Bild in manchen Bezirken der Hauptstadt. Gerade Favoriten, Meidling oder der 20. Bezirk fallen hier auf.<\/p>\n<p>Seit der Einf\u00fchrung der Waffenverbotszonen konnten jedoch sichtbare Erfolge verzeichnet werden. In Favoriten wurden allein im letzten Jahr 118 verbotene Waffen sichergestellt, die meisten davon Messer. Auch am Praterstern ist die Lage entspannter geworden: Hier lag die Zahl der beschlagnahmten Waffen zuletzt bei 95, darunter 73 Messer. Die Ma\u00dfnahme zeigt Wirkung, und die Polizei h\u00e4lt sie f\u00fcr unerl\u00e4sslich, um das Sicherheitsgef\u00fchl der Bev\u00f6lkerung zu st\u00e4rken.<\/p>\n<p>Besonders die Gewalt unter Jugendlichen gibt Anlass zur Sorge. Sommerliche Auseinandersetzungen, teils dokumentiert in viralen Videos, haben das Bild der Stra\u00dfen gepr\u00e4gt. Gruppen, die sich pr\u00fcgeln, Messer ziehen oder Passanten bedrohen, verunsichern die Anwohner. Das subjektive Sicherheitsgef\u00fchl ist entscheidend \u2013 und wird durch solche Vorf\u00e4lle massiv beeintr\u00e4chtigt.<\/p>\n<p>Ein Messerverbot f\u00fcr ganz \u00d6sterreich, zumindest in urbanen R\u00e4umen, wird von der Polizei als logischer n\u00e4chster Schritt betrachtet. In dicht besiedelten Gebieten gebe es keine Notwendigkeit, Messer mitzuf\u00fchren, hei\u00dft es. Ausnahmen k\u00f6nnten f\u00fcr bestimmte Gruppen wie J\u00e4ger oder f\u00fcr spezielle Anl\u00e4sse geregelt werden, etwa beim Grillen im \u00f6ffentlichen Raum. Ziel sei es, den bisherigen &#8220;Fleckerlteppich&#8221; lokaler Waffenverbotszonen durch eine einheitliche, klare Regelung zu ersetzen.<\/p>\n<p>Doch nicht nur die Gewalt im \u00f6ffentlichen Raum, sondern auch die sogenannte Kontrollkriminalit\u00e4t \u2013 etwa im Bereich von Suchtmitteln \u2013 ist durch die verst\u00e4rkte Polizeipr\u00e4senz gestiegen. Mehr Kontrollen f\u00fchren automatisch zu mehr Anzeigen, so die Erkenntnis.<\/p>\n<p>Die Polizei sieht sich dabei einer doppelten Herausforderung gegen\u00fcber: Einerseits geht es um die Eind\u00e4mmung akuter Gef\u00e4hrdungen, etwa durch Waffen. Andererseits verlangt die Dynamik der sozialen Medien nach schneller Aufkl\u00e4rung. Gewaltvideos verbreiten sich in rasantem Tempo und verst\u00e4rken die \u00f6ffentliche Wahrnehmung von Unsicherheit.<\/p>\n<p>Die Entwicklungen der letzten Jahre zeigen, dass der Fokus auf den \u00f6ffentlichen Raum die richtige Strategie ist. W\u00e4hrend Wohnungseinbr\u00fcche stark zur\u00fcckgegangen sind, hat die Gewalt auf den Stra\u00dfen zugenommen. Die Polizei wird ihre Pr\u00e4senz weiter verst\u00e4rken, um den Druck auf Straft\u00e4ter aufrechtzuerhalten \u2013 und das Sicherheitsgef\u00fchl der Bev\u00f6lkerung zu sch\u00fctzen.<\/p>\n<p>Ein \u00f6sterreichweites Messerverbot k\u00f6nnte dabei der entscheidende Schritt sein, um weitere Eskalationen zu verhindern. Die Zahlen und Erfahrungen aus Wien sprechen daf\u00fcr. Nun bleibt abzuwarten, ob die Politik auf die Forderungen der Polizei reagiert.<\/p>\n<p><strong>Mehr zum Thema<\/strong>\u00a0\u2013\u00a0<a rel=\"nofollow noopener\" target=\"_blank\" href=\"https:\/\/freedert.online\/oesterreich\/228878-syrische-demonstration-in-wien-geraet\/\">Syrische Demonstration in Wien ger\u00e4t au\u00dfer Kontrolle<\/a><\/p>\n<div class=\"EmbedBlock-root EmbedBlock-externalVideo EmbedBlock-rumble\">\n<div class=\"VkEmbed\"><iframe class=\"lazyload\" data-src=\"https:\/\/rumble.com\/embed\/v63duhm\" frameborder=\"0\" width=\"853\" height=\"480\" allowfullscreen><\/iframe><\/div>\n<\/div>\n<\/div>\n<p><br \/>\n<br \/><a href=\"https:\/\/de.rt.com\/oesterreich\/232658-oesterreichweites-messerverbot-gefordert-polizeichef-warnt\/\">Source link <\/a><\/p>\n","protected":false},"excerpt":{"rendered":"<p>Wiens Polizeichef Gerhard P\u00fcrstl fordert ein \u00f6sterreichweites Messerverbot und betont die Wirkung von Waffenverbotszonen, die Gewaltkriminalit\u00e4t senken. Schwerpunkte 2025 bleiben ethnische Konflikte und Jugendgewalt im \u00f6ffentlichen Raum sowie verst\u00e4rkte Polizeipr\u00e4senz. In den belebten Stra\u00dfen Wiens hat die Polizei l\u00e4ngst reagiert: Waffenverbotszonen in Problembezirken wie Favoriten und am Praterstern gelten hier seit einiger Zeit als probates [&hellip;]<\/p>\n","protected":false},"author":3,"featured_media":76253,"comment_status":"open","ping_status":"open","sticky":false,"template":"","format":"standard","meta":{"_yoast_indexnow_last_ping":["1736763882"],"wp_automatic_camp":["217"],"51ff217c219d9467105453adda76b38c":["\u00d6sterreichweites Messerverbot: Wiens Polizeichef will Gewalt durch Jugendliche eind\u00e4mmen"],"original_link":["https:\/\/de.rt.com\/oesterreich\/232658-oesterreichweites-messerverbot-gefordert-polizeichef-warnt\/"],"_thumbnail_id":["76253"],"_wptgpro_p2tg_sent2tg":["a:1:{i:23737;s:19:\"2025-01-13 12:25:49\";}"],"jnews_social_counter_last_update":["1777644653"]},"categories":[19,23],"tags":[1024,27951,7768,9093,42380,61791,22698,61792],"yoast_head":"<!-- This site is optimized with the Yoast SEO Premium plugin v22.7 (Yoast SEO v22.7) - https:\/\/yoast.com\/wordpress\/plugins\/seo\/ -->\n<title>\u00d6sterreichweites Messerverbot: Wiens Polizeichef will Gewalt durch Jugendliche eind\u00e4mmen - just-now.NEWS Deutschland<\/title>\n<meta name=\"robots\" content=\"index, follow, max-snippet:-1, max-image-preview:large, max-video-preview:-1\" \/>\n<link rel=\"canonical\" href=\"https:\/\/now-news.de\/de\/deutschland\/oesterreichweites-messerverbot-wiens-polizeichef-will-gewalt-durch-jugendliche-eindaemmen\/\" \/>\n<meta property=\"og:locale\" content=\"de_DE\" \/>\n<meta property=\"og:type\" content=\"article\" \/>\n<meta property=\"og:title\" content=\"\u00d6sterreichweites Messerverbot: Wiens Polizeichef will Gewalt durch Jugendliche eind\u00e4mmen\" \/>\n<meta property=\"og:description\" content=\"Wiens Polizeichef Gerhard P\u00fcrstl fordert ein \u00f6sterreichweites Messerverbot und betont die Wirkung von Waffenverbotszonen, die Gewaltkriminalit\u00e4t senken. Schwerpunkte 2025 bleiben ethnische Konflikte und Jugendgewalt im \u00f6ffentlichen Raum sowie verst\u00e4rkte Polizeipr\u00e4senz. In den belebten Stra\u00dfen Wiens hat die Polizei l\u00e4ngst reagiert: Waffenverbotszonen in Problembezirken wie Favoriten und am Praterstern gelten hier seit einiger Zeit als probates [&hellip;]\" \/>\n<meta property=\"og:url\" content=\"https:\/\/now-news.de\/de\/deutschland\/oesterreichweites-messerverbot-wiens-polizeichef-will-gewalt-durch-jugendliche-eindaemmen\/\" \/>\n<meta property=\"og:site_name\" content=\"just-now.NEWS Deutschland\" \/>\n<meta property=\"article:publisher\" content=\"https:\/\/www.facebook.com\/wirmachenauf\" \/>\n<meta property=\"article:published_time\" content=\"2025-01-13T10:08:52+00:00\" \/>\n<meta property=\"og:image\" content=\"https:\/\/now-news.de\/de\/wp-content\/uploads\/sites\/3\/2025\/01\/6784caa948fbef45c92cdbe1.png\" \/>\n<meta name=\"author\" content=\"rtnews\" \/>\n<meta name=\"twitter:card\" content=\"summary_large_image\" \/>\n<meta name=\"twitter:creator\" content=\"@WirMachenAuf_de\" \/>\n<meta name=\"twitter:site\" content=\"@WirMachenAuf_de\" \/>\n<meta name=\"twitter:label1\" content=\"Verfasst von\" \/>\n\t<meta name=\"twitter:data1\" content=\"rtnews\" \/>\n\t<meta name=\"twitter:label2\" content=\"Gesch\u00e4tzte Lesezeit\" \/>\n\t<meta name=\"twitter:data2\" content=\"3\u00a0Minuten\" \/>\n<script type=\"application\/ld+json\" class=\"yoast-schema-graph\">{\"@context\":\"https:\/\/schema.org\",\"@graph\":[{\"@type\":\"Article\",\"@id\":\"https:\/\/now-news.de\/de\/deutschland\/oesterreichweites-messerverbot-wiens-polizeichef-will-gewalt-durch-jugendliche-eindaemmen\/#article\",\"isPartOf\":{\"@id\":\"https:\/\/now-news.de\/de\/deutschland\/oesterreichweites-messerverbot-wiens-polizeichef-will-gewalt-durch-jugendliche-eindaemmen\/\"},\"author\":{\"name\":\"rtnews\",\"@id\":\"https:\/\/now-news.de\/de\/#\/schema\/person\/fb534a4e865501d8b3285208df34a9b5\"},\"headline\":\"\u00d6sterreichweites Messerverbot: Wiens Polizeichef will Gewalt durch Jugendliche eind\u00e4mmen\",\"datePublished\":\"2025-01-13T10:08:52+00:00\",\"dateModified\":\"2025-01-13T10:08:52+00:00\",\"mainEntityOfPage\":{\"@id\":\"https:\/\/now-news.de\/de\/deutschland\/oesterreichweites-messerverbot-wiens-polizeichef-will-gewalt-durch-jugendliche-eindaemmen\/\"},\"wordCount\":541,\"commentCount\":0,\"publisher\":{\"@id\":\"https:\/\/now-news.de\/de\/#organization\"},\"image\":{\"@id\":\"https:\/\/now-news.de\/de\/deutschland\/oesterreichweites-messerverbot-wiens-polizeichef-will-gewalt-durch-jugendliche-eindaemmen\/#primaryimage\"},\"thumbnailUrl\":\"https:\/\/now-news.de\/de\/wp-content\/uploads\/sites\/3\/2025\/01\/Oesterreichweites-Messerverbot-Wiens-Polizeichef-will-Gewalt-durch-Jugendliche-eindaemmen.png\",\"keywords\":[\"durch\",\"eind\u00e4mmen\",\"Gewalt\",\"Jugendliche\",\"Messerverbot\",\"\u00d6sterreichweites\",\"Polizeichef\",\"Wiens\"],\"articleSection\":[\"Deutschland\",\"Russland\"],\"inLanguage\":\"de\",\"potentialAction\":[{\"@type\":\"CommentAction\",\"name\":\"Comment\",\"target\":[\"https:\/\/now-news.de\/de\/deutschland\/oesterreichweites-messerverbot-wiens-polizeichef-will-gewalt-durch-jugendliche-eindaemmen\/#respond\"]}]},{\"@type\":\"WebPage\",\"@id\":\"https:\/\/now-news.de\/de\/deutschland\/oesterreichweites-messerverbot-wiens-polizeichef-will-gewalt-durch-jugendliche-eindaemmen\/\",\"url\":\"https:\/\/now-news.de\/de\/deutschland\/oesterreichweites-messerverbot-wiens-polizeichef-will-gewalt-durch-jugendliche-eindaemmen\/\",\"name\":\"\u00d6sterreichweites Messerverbot: Wiens Polizeichef will Gewalt durch Jugendliche eind\u00e4mmen - just-now.NEWS Deutschland\",\"isPartOf\":{\"@id\":\"https:\/\/now-news.de\/de\/#website\"},\"primaryImageOfPage\":{\"@id\":\"https:\/\/now-news.de\/de\/deutschland\/oesterreichweites-messerverbot-wiens-polizeichef-will-gewalt-durch-jugendliche-eindaemmen\/#primaryimage\"},\"image\":{\"@id\":\"https:\/\/now-news.de\/de\/deutschland\/oesterreichweites-messerverbot-wiens-polizeichef-will-gewalt-durch-jugendliche-eindaemmen\/#primaryimage\"},\"thumbnailUrl\":\"https:\/\/now-news.de\/de\/wp-content\/uploads\/sites\/3\/2025\/01\/Oesterreichweites-Messerverbot-Wiens-Polizeichef-will-Gewalt-durch-Jugendliche-eindaemmen.png\",\"datePublished\":\"2025-01-13T10:08:52+00:00\",\"dateModified\":\"2025-01-13T10:08:52+00:00\",\"breadcrumb\":{\"@id\":\"https:\/\/now-news.de\/de\/deutschland\/oesterreichweites-messerverbot-wiens-polizeichef-will-gewalt-durch-jugendliche-eindaemmen\/#breadcrumb\"},\"inLanguage\":\"de\",\"potentialAction\":[{\"@type\":\"ReadAction\",\"target\":[\"https:\/\/now-news.de\/de\/deutschland\/oesterreichweites-messerverbot-wiens-polizeichef-will-gewalt-durch-jugendliche-eindaemmen\/\"]}]},{\"@type\":\"ImageObject\",\"inLanguage\":\"de\",\"@id\":\"https:\/\/now-news.de\/de\/deutschland\/oesterreichweites-messerverbot-wiens-polizeichef-will-gewalt-durch-jugendliche-eindaemmen\/#primaryimage\",\"url\":\"https:\/\/now-news.de\/de\/wp-content\/uploads\/sites\/3\/2025\/01\/Oesterreichweites-Messerverbot-Wiens-Polizeichef-will-Gewalt-durch-Jugendliche-eindaemmen.png\",\"contentUrl\":\"https:\/\/now-news.de\/de\/wp-content\/uploads\/sites\/3\/2025\/01\/Oesterreichweites-Messerverbot-Wiens-Polizeichef-will-Gewalt-durch-Jugendliche-eindaemmen.png\",\"width\":460,\"height\":259,\"caption\":\"\u00d6sterreichweites Messerverbot: Wiens Polizeichef will Gewalt durch Jugendliche eind\u00e4mmen\"},{\"@type\":\"BreadcrumbList\",\"@id\":\"https:\/\/now-news.de\/de\/deutschland\/oesterreichweites-messerverbot-wiens-polizeichef-will-gewalt-durch-jugendliche-eindaemmen\/#breadcrumb\",\"itemListElement\":[{\"@type\":\"ListItem\",\"position\":1,\"name\":\"Home\",\"item\":\"https:\/\/now-news.de\/de\/\"},{\"@type\":\"ListItem\",\"position\":2,\"name\":\"\u00d6sterreichweites Messerverbot: Wiens Polizeichef will Gewalt durch Jugendliche eind\u00e4mmen\"}]},{\"@type\":\"WebSite\",\"@id\":\"https:\/\/now-news.de\/de\/#website\",\"url\":\"https:\/\/now-news.de\/de\/\",\"name\":\"just-now.NEWS Deutschland\",\"description\":\"Das Portal f\u00fcr unzensierte Nachrichten aus der Welt\",\"publisher\":{\"@id\":\"https:\/\/now-news.de\/de\/#organization\"},\"potentialAction\":[{\"@type\":\"SearchAction\",\"target\":{\"@type\":\"EntryPoint\",\"urlTemplate\":\"https:\/\/now-news.de\/de\/?s={search_term_string}\"},\"query-input\":\"required name=search_term_string\"}],\"inLanguage\":\"de\"},{\"@type\":\"Organization\",\"@id\":\"https:\/\/now-news.de\/de\/#organization\",\"name\":\"Just Now News\",\"url\":\"https:\/\/now-news.de\/de\/\",\"logo\":{\"@type\":\"ImageObject\",\"inLanguage\":\"de\",\"@id\":\"https:\/\/now-news.de\/de\/#\/schema\/logo\/image\/\",\"url\":\"http:\/\/just-now.news\/de\/wp-content\/uploads\/sites\/3\/2022\/04\/logo500x500.jpg\",\"contentUrl\":\"http:\/\/just-now.news\/de\/wp-content\/uploads\/sites\/3\/2022\/04\/logo500x500.jpg\",\"width\":500,\"height\":500,\"caption\":\"Just Now News\"},\"image\":{\"@id\":\"https:\/\/now-news.de\/de\/#\/schema\/logo\/image\/\"},\"sameAs\":[\"https:\/\/www.facebook.com\/wirmachenauf\",\"https:\/\/x.com\/WirMachenAuf_de\"]},{\"@type\":\"Person\",\"@id\":\"https:\/\/now-news.de\/de\/#\/schema\/person\/fb534a4e865501d8b3285208df34a9b5\",\"name\":\"rtnews\",\"image\":{\"@type\":\"ImageObject\",\"inLanguage\":\"de\",\"@id\":\"https:\/\/now-news.de\/de\/#\/schema\/person\/image\/\",\"url\":\"https:\/\/secure.gravatar.com\/avatar\/82aafea7d8127119dd649515f56e2117?s=96&d=mm&r=g\",\"contentUrl\":\"https:\/\/secure.gravatar.com\/avatar\/82aafea7d8127119dd649515f56e2117?s=96&d=mm&r=g\",\"caption\":\"rtnews\"},\"url\":\"https:\/\/now-news.de\/de\/author\/rnews\/\"}]}<\/script>\n<!-- \/ Yoast SEO Premium plugin. -->","yoast_head_json":{"title":"\u00d6sterreichweites Messerverbot: Wiens Polizeichef will Gewalt durch Jugendliche eind\u00e4mmen - just-now.NEWS Deutschland","robots":{"index":"index","follow":"follow","max-snippet":"max-snippet:-1","max-image-preview":"max-image-preview:large","max-video-preview":"max-video-preview:-1"},"canonical":"https:\/\/now-news.de\/de\/deutschland\/oesterreichweites-messerverbot-wiens-polizeichef-will-gewalt-durch-jugendliche-eindaemmen\/","og_locale":"de_DE","og_type":"article","og_title":"\u00d6sterreichweites Messerverbot: Wiens Polizeichef will Gewalt durch Jugendliche eind\u00e4mmen","og_description":"Wiens Polizeichef Gerhard P\u00fcrstl fordert ein \u00f6sterreichweites Messerverbot und betont die Wirkung von Waffenverbotszonen, die Gewaltkriminalit\u00e4t senken. Schwerpunkte 2025 bleiben ethnische Konflikte und Jugendgewalt im \u00f6ffentlichen Raum sowie verst\u00e4rkte Polizeipr\u00e4senz. In den belebten Stra\u00dfen Wiens hat die Polizei l\u00e4ngst reagiert: Waffenverbotszonen in Problembezirken wie Favoriten und am Praterstern gelten hier seit einiger Zeit als probates [&hellip;]","og_url":"https:\/\/now-news.de\/de\/deutschland\/oesterreichweites-messerverbot-wiens-polizeichef-will-gewalt-durch-jugendliche-eindaemmen\/","og_site_name":"just-now.NEWS Deutschland","article_publisher":"https:\/\/www.facebook.com\/wirmachenauf","article_published_time":"2025-01-13T10:08:52+00:00","og_image":[{"url":"https:\/\/now-news.de\/de\/wp-content\/uploads\/sites\/3\/2025\/01\/6784caa948fbef45c92cdbe1.png"}],"author":"rtnews","twitter_card":"summary_large_image","twitter_creator":"@WirMachenAuf_de","twitter_site":"@WirMachenAuf_de","twitter_misc":{"Verfasst von":"rtnews","Gesch\u00e4tzte Lesezeit":"3\u00a0Minuten"},"schema":{"@context":"https:\/\/schema.org","@graph":[{"@type":"Article","@id":"https:\/\/now-news.de\/de\/deutschland\/oesterreichweites-messerverbot-wiens-polizeichef-will-gewalt-durch-jugendliche-eindaemmen\/#article","isPartOf":{"@id":"https:\/\/now-news.de\/de\/deutschland\/oesterreichweites-messerverbot-wiens-polizeichef-will-gewalt-durch-jugendliche-eindaemmen\/"},"author":{"name":"rtnews","@id":"https:\/\/now-news.de\/de\/#\/schema\/person\/fb534a4e865501d8b3285208df34a9b5"},"headline":"\u00d6sterreichweites Messerverbot: Wiens Polizeichef will Gewalt durch Jugendliche eind\u00e4mmen","datePublished":"2025-01-13T10:08:52+00:00","dateModified":"2025-01-13T10:08:52+00:00","mainEntityOfPage":{"@id":"https:\/\/now-news.de\/de\/deutschland\/oesterreichweites-messerverbot-wiens-polizeichef-will-gewalt-durch-jugendliche-eindaemmen\/"},"wordCount":541,"commentCount":0,"publisher":{"@id":"https:\/\/now-news.de\/de\/#organization"},"image":{"@id":"https:\/\/now-news.de\/de\/deutschland\/oesterreichweites-messerverbot-wiens-polizeichef-will-gewalt-durch-jugendliche-eindaemmen\/#primaryimage"},"thumbnailUrl":"https:\/\/now-news.de\/de\/wp-content\/uploads\/sites\/3\/2025\/01\/Oesterreichweites-Messerverbot-Wiens-Polizeichef-will-Gewalt-durch-Jugendliche-eindaemmen.png","keywords":["durch","eind\u00e4mmen","Gewalt","Jugendliche","Messerverbot","\u00d6sterreichweites","Polizeichef","Wiens"],"articleSection":["Deutschland","Russland"],"inLanguage":"de","potentialAction":[{"@type":"CommentAction","name":"Comment","target":["https:\/\/now-news.de\/de\/deutschland\/oesterreichweites-messerverbot-wiens-polizeichef-will-gewalt-durch-jugendliche-eindaemmen\/#respond"]}]},{"@type":"WebPage","@id":"https:\/\/now-news.de\/de\/deutschland\/oesterreichweites-messerverbot-wiens-polizeichef-will-gewalt-durch-jugendliche-eindaemmen\/","url":"https:\/\/now-news.de\/de\/deutschland\/oesterreichweites-messerverbot-wiens-polizeichef-will-gewalt-durch-jugendliche-eindaemmen\/","name":"\u00d6sterreichweites Messerverbot: Wiens Polizeichef will Gewalt durch Jugendliche eind\u00e4mmen - just-now.NEWS Deutschland","isPartOf":{"@id":"https:\/\/now-news.de\/de\/#website"},"primaryImageOfPage":{"@id":"https:\/\/now-news.de\/de\/deutschland\/oesterreichweites-messerverbot-wiens-polizeichef-will-gewalt-durch-jugendliche-eindaemmen\/#primaryimage"},"image":{"@id":"https:\/\/now-news.de\/de\/deutschland\/oesterreichweites-messerverbot-wiens-polizeichef-will-gewalt-durch-jugendliche-eindaemmen\/#primaryimage"},"thumbnailUrl":"https:\/\/now-news.de\/de\/wp-content\/uploads\/sites\/3\/2025\/01\/Oesterreichweites-Messerverbot-Wiens-Polizeichef-will-Gewalt-durch-Jugendliche-eindaemmen.png","datePublished":"2025-01-13T10:08:52+00:00","dateModified":"2025-01-13T10:08:52+00:00","breadcrumb":{"@id":"https:\/\/now-news.de\/de\/deutschland\/oesterreichweites-messerverbot-wiens-polizeichef-will-gewalt-durch-jugendliche-eindaemmen\/#breadcrumb"},"inLanguage":"de","potentialAction":[{"@type":"ReadAction","target":["https:\/\/now-news.de\/de\/deutschland\/oesterreichweites-messerverbot-wiens-polizeichef-will-gewalt-durch-jugendliche-eindaemmen\/"]}]},{"@type":"ImageObject","inLanguage":"de","@id":"https:\/\/now-news.de\/de\/deutschland\/oesterreichweites-messerverbot-wiens-polizeichef-will-gewalt-durch-jugendliche-eindaemmen\/#primaryimage","url":"https:\/\/now-news.de\/de\/wp-content\/uploads\/sites\/3\/2025\/01\/Oesterreichweites-Messerverbot-Wiens-Polizeichef-will-Gewalt-durch-Jugendliche-eindaemmen.png","contentUrl":"https:\/\/now-news.de\/de\/wp-content\/uploads\/sites\/3\/2025\/01\/Oesterreichweites-Messerverbot-Wiens-Polizeichef-will-Gewalt-durch-Jugendliche-eindaemmen.png","width":460,"height":259,"caption":"\u00d6sterreichweites Messerverbot: Wiens Polizeichef will Gewalt durch Jugendliche eind\u00e4mmen"},{"@type":"BreadcrumbList","@id":"https:\/\/now-news.de\/de\/deutschland\/oesterreichweites-messerverbot-wiens-polizeichef-will-gewalt-durch-jugendliche-eindaemmen\/#breadcrumb","itemListElement":[{"@type":"ListItem","position":1,"name":"Home","item":"https:\/\/now-news.de\/de\/"},{"@type":"ListItem","position":2,"name":"\u00d6sterreichweites Messerverbot: Wiens Polizeichef will Gewalt durch Jugendliche eind\u00e4mmen"}]},{"@type":"WebSite","@id":"https:\/\/now-news.de\/de\/#website","url":"https:\/\/now-news.de\/de\/","name":"just-now.NEWS Deutschland","description":"Das Portal f\u00fcr unzensierte Nachrichten aus der Welt","publisher":{"@id":"https:\/\/now-news.de\/de\/#organization"},"potentialAction":[{"@type":"SearchAction","target":{"@type":"EntryPoint","urlTemplate":"https:\/\/now-news.de\/de\/?s={search_term_string}"},"query-input":"required name=search_term_string"}],"inLanguage":"de"},{"@type":"Organization","@id":"https:\/\/now-news.de\/de\/#organization","name":"Just Now News","url":"https:\/\/now-news.de\/de\/","logo":{"@type":"ImageObject","inLanguage":"de","@id":"https:\/\/now-news.de\/de\/#\/schema\/logo\/image\/","url":"http:\/\/just-now.news\/de\/wp-content\/uploads\/sites\/3\/2022\/04\/logo500x500.jpg","contentUrl":"http:\/\/just-now.news\/de\/wp-content\/uploads\/sites\/3\/2022\/04\/logo500x500.jpg","width":500,"height":500,"caption":"Just Now News"},"image":{"@id":"https:\/\/now-news.de\/de\/#\/schema\/logo\/image\/"},"sameAs":["https:\/\/www.facebook.com\/wirmachenauf","https:\/\/x.com\/WirMachenAuf_de"]},{"@type":"Person","@id":"https:\/\/now-news.de\/de\/#\/schema\/person\/fb534a4e865501d8b3285208df34a9b5","name":"rtnews","image":{"@type":"ImageObject","inLanguage":"de","@id":"https:\/\/now-news.de\/de\/#\/schema\/person\/image\/","url":"https:\/\/secure.gravatar.com\/avatar\/82aafea7d8127119dd649515f56e2117?s=96&d=mm&r=g","contentUrl":"https:\/\/secure.gravatar.com\/avatar\/82aafea7d8127119dd649515f56e2117?s=96&d=mm&r=g","caption":"rtnews"},"url":"https:\/\/now-news.de\/de\/author\/rnews\/"}]}},"_links":{"self":[{"href":"https:\/\/now-news.de\/de\/wp-json\/wp\/v2\/posts\/76252"}],"collection":[{"href":"https:\/\/now-news.de\/de\/wp-json\/wp\/v2\/posts"}],"about":[{"href":"https:\/\/now-news.de\/de\/wp-json\/wp\/v2\/types\/post"}],"author":[{"embeddable":true,"href":"https:\/\/now-news.de\/de\/wp-json\/wp\/v2\/users\/3"}],"replies":[{"embeddable":true,"href":"https:\/\/now-news.de\/de\/wp-json\/wp\/v2\/comments?post=76252"}],"version-history":[{"count":0,"href":"https:\/\/now-news.de\/de\/wp-json\/wp\/v2\/posts\/76252\/revisions"}],"wp:featuredmedia":[{"embeddable":true,"href":"https:\/\/now-news.de\/de\/wp-json\/wp\/v2\/media\/76253"}],"wp:attachment":[{"href":"https:\/\/now-news.de\/de\/wp-json\/wp\/v2\/media?parent=76252"}],"wp:term":[{"taxonomy":"category","embeddable":true,"href":"https:\/\/now-news.de\/de\/wp-json\/wp\/v2\/categories?post=76252"},{"taxonomy":"post_tag","embeddable":true,"href":"https:\/\/now-news.de\/de\/wp-json\/wp\/v2\/tags?post=76252"}],"curies":[{"name":"wp","href":"https:\/\/api.w.org\/{rel}","templated":true}]}}