{"id":76248,"date":"2025-01-13T10:25:29","date_gmt":"2025-01-13T08:25:29","guid":{"rendered":"https:\/\/now-news.de\/de\/deutschland\/keine-schlechte-nachricht-bundeskanzler-scholz-befuerwortet-treffen-zwischen-putin-und-trump\/"},"modified":"2025-01-13T10:25:29","modified_gmt":"2025-01-13T08:25:29","slug":"keine-schlechte-nachricht-bundeskanzler-scholz-befuerwortet-treffen-zwischen-putin-und-trump","status":"publish","type":"post","link":"https:\/\/now-news.de\/de\/deutschland\/keine-schlechte-nachricht-bundeskanzler-scholz-befuerwortet-treffen-zwischen-putin-und-trump\/","title":{"rendered":"&quot;Keine schlechte Nachricht&quot; \u2013 Bundeskanzler Scholz bef\u00fcrwortet Treffen zwischen Putin und Trump"},"content":{"rendered":"<p><img decoding=\"async\" src=\"https:\/\/now-news.de\/de\/wp-content\/uploads\/sites\/3\/2025\/01\/6784b427b480cc1cd837b657.jpg\" \/><\/p>\n<div class=\"Text-root Text-type_1 \">\n                Bundeskanzler Olaf Scholz begr\u00fc\u00dft laut ARD-Interview die ge\u00e4u\u00dferten Pl\u00e4ne des russischen Pr\u00e4sidenten Putin und des amerikanischen Pr\u00e4sidenten Trump. Scholz betonte dabei, f\u00fcr ihn sei jedoch wichtig, dass die Souver\u00e4nit\u00e4t der Ukraine dar\u00fcber nicht in Frage gestellt werde.\n            <\/div>\n<p><\/p>\n<div class=\"Text-root Text-type_5 ArticleView-text ViewText-root \">\n<p>Bundeskanzler Olaf Scholz begr\u00fc\u00dfte die Pl\u00e4ne f\u00fcr ein Treffen zwischen dem russischen Pr\u00e4sidenten Wladimir Putin und dem designierten US-Pr\u00e4sidenten Donald Trump und erkl\u00e4rte in einem Interview in der\u00a0<em>ARD<\/em>, dies k\u00f6nne zur L\u00f6sung des Ukraine-Konflikts beitragen.<\/p>\n<p>US-Pr\u00e4sident Donald Trump bereitet nach eigenen Angaben ein baldiges Treffen mit dem russischen Pr\u00e4sidenten Wladimir Putin vor. Putin wiederum bekr\u00e4ftigte am Freitag der Vorwoche in Moskau eine generelle Gespr\u00e4chsbereitschaft. Bundeskanzler Olaf Scholz<a rel=\"nofollow noopener\" target=\"_blank\" href=\"https:\/\/www.tagesschau.de\/multimedia\/sendung\/tagesthemen\/video-1421782.html\">\u00a0\u00e4u\u00dferte<\/a>\u00a0sich am Samstag in der\u00a0<em>ARD\u00a0<\/em>im Rahmen eines Interviews auf dem Sonderparteitag der SPD in Berlin. Ein Treffen zwischen Trump und Putin k\u00f6nnte laut seiner Einsch\u00e4tzung dazu beitragen, &#8220;<em>m\u00f6gliche Verhandlungen<\/em>&#8221; \u00fcber den Ukraine-Konflikt anzusto\u00dfen und letztlich &#8220;<em>das T\u00f6ten<\/em>&#8221; zu beenden. Scholz erkl\u00e4rte einleitend zu der Frage, ob ein pers\u00f6nliches Gespr\u00e4ch zwischen Trump und Putin &#8220;der richtige Weg&#8221; sei:<\/p>\n<p><em>&#8220;Es ist auf alle F\u00e4lle richtig, dass wir erstmal alle zusammen dem russischen Pr\u00e4sidenten klarmachen, dass wir die Ukraine weiter unterst\u00fctzen werden. Deutschland ist der gr\u00f6\u00dfte Unterst\u00fctzer der Ukraine in Europa und so wird es auch bleiben, daf\u00fcr haben wir entsprechend Vorsorge getroffen. Und gleichzeitig muss das T\u00f6ten aufh\u00f6ren.&#8221;<\/em><\/p>\n<p>Zuvor hatte Trump angek\u00fcndigt, dass ein Treffen mit Putin in Vorbereitung sei, das wahrscheinlich nach seinem offiziellen Amtsantritt am 20. Januar stattfinden werde. Moskau hat best\u00e4tigt, dass sowohl Putin als auch Trump ihre Bereitschaft zur Kommunikation ge\u00e4u\u00dfert haben. Kreml-Sprecher Dmitri Peskow erkl\u00e4rte jedoch, dass es noch keine konkreten Angaben dar\u00fcber gebe, wann und wo das Treffen stattfinden wird.<\/p>\n<p>Scholz erkl\u00e4rte in dem\u00a0<em>ARD<\/em>-Interview weiter:<\/p>\n<p><em>&#8220;Wir m\u00fcssen einen Weg finden, heraus aus diesem Krieg, der aber kein Diktatfrieden ist und \u00fcber die K\u00f6pfe der Ukrainer und Ukrainerinnen hinweg gefunden wird.&#8221;<\/em><\/p>\n<p>Zudem f\u00fchrte Kreml-Sprecher Peskow in der vergangenen Woche aus:<\/p>\n<p><em>&#8220;Pr\u00e4sident Putin hat wiederholt erkl\u00e4rt, dass er f\u00fcr Kontakte mit internationalen Staatsoberh\u00e4uptern, einschlie\u00dflich des US-Pr\u00e4sidenten und insbesondere Donald Trump, offen ist. Hierf\u00fcr sind keine Bedingungen erforderlich. Was wir brauchen, ist der gegenseitige Wunsch und der politische Wille, einen Dialog zu f\u00fchren, um die bestehenden Probleme im Wege des Dialogs zu l\u00f6sen.&#8221;<\/em><\/p>\n<p>W\u00e4hrend seiner Wahlkampagne hat Trump wiederholt versprochen, den Konflikt zwischen Russland und der Ukraine &#8220;<em>innerhalb von 24 Stunden beenden<\/em>&#8221; zu k\u00f6nnen, ohne jedoch konkrete Angaben dazu zu machen, wie er dies zu tun gedenkt. Anfang dieser Woche r\u00e4umte der designierte Pr\u00e4sident nun ein, dass er &#8220;<em>bis zu sechs Monate<\/em>&#8221; nach seinem Amtsantritt ben\u00f6tigen w\u00fcrde, um eine Einigung zwischen Moskau und Kiew zu erreichen.<\/p>\n<p>In den letzten Wochen gab es Ger\u00fcchte, dass Scholz ein Treffen mit dem russischen Pr\u00e4sidenten anstrebt; Moskau hat jedoch erkl\u00e4rt, dass es bisher keine Pl\u00e4ne gibt. Anfang dieses Monats hat der deutsche Bundeskanzler die Ger\u00fcchte ebenfalls dementiert. Scholz erkl\u00e4rte hinsichtlich seiner Kontaktbem\u00fchungen mit Moskau:<\/p>\n<p><em>&#8220;Dass ich mit dem russischen Pr\u00e4sidenten telefoniert habe und auch wieder telefonieren werde, ist ja in den deutschen Medien sorgf\u00e4ltig und wenn ich es richtig gesehen habe, kritisch besprochen worden, obwohl ich mitgekriegt habe, dass die meisten B\u00fcrgerinnen und B\u00fcrger das richtig fanden. Und selbstverst\u00e4ndlich wird irgendwann der Zeitpunkt f\u00fcr reale Gespr\u00e4che sein und somit ist es keine schlechte Nachricht, wenn sich der russische und der US-Pr\u00e4sident treffen wollen.&#8221;<\/em><\/p>\n<p>In einem X-Posting vor gut einer Woche warnte der CDU-Politiker Roderich Kiesewetter vor einer vermeintlichen &#8220;<em>Wahlkampf\u00fcberraschung<\/em>&#8221; des Kanzlers, der laut seinen Informationen einen zeitnahen Besuch in Moskau plane (<em>RT DE<\/em>\u00a0<a rel=\"nofollow noopener\" target=\"_blank\" href=\"https:\/\/freedert.online\/europa\/231764-wahlkampfueberraschung-kiesewetter-warnt-vor-scholz\/\">berichtete<\/a>). Scholz zeigte sich umgehend emp\u00f6rt und wies die Behauptung als falsch zur\u00fcck. &#8220;<em>So was darf man nicht machen. Es ist zutiefst unanst\u00e4ndig<\/em>&#8220;, so Scholz vor Journalisten in Berlin.<\/p>\n<p>Der deutsche Regierungssprecher Steffen Hebestreit bezeichnete die Behauptungen zudem als &#8220;<em>frei erfunden und b\u00f6sartig<\/em>&#8221; und k\u00fcndigte juristische Schritte an. Es g\u00e4be laut Kanzleramt &#8220;<em>keinerlei \u00dcberlegungen f\u00fcr eine solche Reise, sie w\u00fcrde auch \u00fcberhaupt keinen Sinn ergeben<\/em>&#8220;.<\/p>\n<p>Nach der scharfen Kritik seitens der SPD\u00a0<a rel=\"nofollow noopener\" target=\"_blank\" href=\"https:\/\/www.tagesschau.de\/inland\/innenpolitik\/bundesregierung-kiesewetter-100.html\">l\u00f6schte<\/a>\u00a0Kiesewetter ohne weitere Erkl\u00e4rungen sein X-Posting.<\/p>\n<p><strong>Mehr zum Thema &#8211;<\/strong>\u00a0<a rel=\"nofollow noopener\" target=\"_blank\" href=\"https:\/\/freedert.online\/meinung\/232416-das-elend-mit-dem-krieg-nach-der-wahl-kommt-der-soziale-kahlschlag\/\">Das Elend mit dem Krieg \u2013 Nach der Wahl kommt der soziale Kahlschlag <\/a><\/p>\n<div class=\"EmbedBlock-root EmbedBlock-externalVideo EmbedBlock-rumble\">\n<div class=\"VkEmbed\"><iframe class=\"lazyload\" data-src=\"https:\/\/rumble.com\/embed\/v65wepj\" frameborder=\"0\" width=\"853\" height=\"480\" allowfullscreen><\/iframe><\/div>\n<\/div>\n<\/div>\n<p><br \/>\n<br \/><a href=\"https:\/\/de.rt.com\/inland\/232651-keine-schlechte-nachricht-bundeskanzler-scholz\/\">Source link <\/a><\/p>\n","protected":false},"excerpt":{"rendered":"<p>Bundeskanzler Olaf Scholz begr\u00fc\u00dft laut ARD-Interview die ge\u00e4u\u00dferten Pl\u00e4ne des russischen Pr\u00e4sidenten Putin und des amerikanischen Pr\u00e4sidenten Trump. Scholz betonte dabei, f\u00fcr ihn sei jedoch wichtig, dass die Souver\u00e4nit\u00e4t der Ukraine dar\u00fcber nicht in Frage gestellt werde. Bundeskanzler Olaf Scholz begr\u00fc\u00dfte die Pl\u00e4ne f\u00fcr ein Treffen zwischen dem russischen Pr\u00e4sidenten Wladimir Putin und dem designierten [&hellip;]<\/p>\n","protected":false},"author":3,"featured_media":76249,"comment_status":"open","ping_status":"open","sticky":false,"template":"","format":"standard","meta":{"_yoast_indexnow_last_ping":["1736757158"],"wp_automatic_camp":["217"],"2de064a03ec9fd60eb3706232bf489c7":["&quot;Keine schlechte Nachricht&quot; \u2013 Bundeskanzler Scholz bef\u00fcrwortet Treffen zwischen Putin und Trump"],"original_link":["https:\/\/de.rt.com\/inland\/232651-keine-schlechte-nachricht-bundeskanzler-scholz\/"],"_thumbnail_id":["76249"],"_wptgpro_p2tg_sent2tg":["a:1:{i:23737;s:19:\"2025-01-13 10:33:49\";}"],"jnews_social_counter_last_update":["1777615056"]},"categories":[19,23],"tags":[19560,8976,61788,125,8356,20133,1001,354,1639,140,436],"yoast_head":"<!-- This site is optimized with the Yoast SEO Premium plugin v22.7 (Yoast SEO v22.7) - https:\/\/yoast.com\/wordpress\/plugins\/seo\/ -->\n<title>&quot;Keine schlechte Nachricht&quot; \u2013 Bundeskanzler Scholz bef\u00fcrwortet Treffen zwischen Putin und Trump - just-now.NEWS Deutschland<\/title>\n<meta name=\"robots\" content=\"index, follow, max-snippet:-1, max-image-preview:large, max-video-preview:-1\" \/>\n<link rel=\"canonical\" href=\"https:\/\/now-news.de\/de\/deutschland\/keine-schlechte-nachricht-bundeskanzler-scholz-befuerwortet-treffen-zwischen-putin-und-trump\/\" \/>\n<meta property=\"og:locale\" content=\"de_DE\" \/>\n<meta property=\"og:type\" content=\"article\" \/>\n<meta property=\"og:title\" content=\"&quot;Keine schlechte Nachricht&quot; \u2013 Bundeskanzler Scholz bef\u00fcrwortet Treffen zwischen Putin und Trump\" \/>\n<meta property=\"og:description\" content=\"Bundeskanzler Olaf Scholz begr\u00fc\u00dft laut ARD-Interview die ge\u00e4u\u00dferten Pl\u00e4ne des russischen Pr\u00e4sidenten Putin und des amerikanischen Pr\u00e4sidenten Trump. Scholz betonte dabei, f\u00fcr ihn sei jedoch wichtig, dass die Souver\u00e4nit\u00e4t der Ukraine dar\u00fcber nicht in Frage gestellt werde. Bundeskanzler Olaf Scholz begr\u00fc\u00dfte die Pl\u00e4ne f\u00fcr ein Treffen zwischen dem russischen Pr\u00e4sidenten Wladimir Putin und dem designierten [&hellip;]\" \/>\n<meta property=\"og:url\" content=\"https:\/\/now-news.de\/de\/deutschland\/keine-schlechte-nachricht-bundeskanzler-scholz-befuerwortet-treffen-zwischen-putin-und-trump\/\" \/>\n<meta property=\"og:site_name\" content=\"just-now.NEWS Deutschland\" \/>\n<meta property=\"article:publisher\" content=\"https:\/\/www.facebook.com\/wirmachenauf\" \/>\n<meta property=\"article:published_time\" content=\"2025-01-13T08:25:29+00:00\" \/>\n<meta property=\"og:image\" content=\"https:\/\/now-news.de\/de\/wp-content\/uploads\/sites\/3\/2025\/01\/6784b427b480cc1cd837b657.jpg\" \/>\n<meta name=\"author\" content=\"rtnews\" \/>\n<meta name=\"twitter:card\" content=\"summary_large_image\" \/>\n<meta name=\"twitter:creator\" content=\"@WirMachenAuf_de\" \/>\n<meta name=\"twitter:site\" content=\"@WirMachenAuf_de\" \/>\n<meta name=\"twitter:label1\" content=\"Verfasst von\" \/>\n\t<meta name=\"twitter:data1\" content=\"rtnews\" \/>\n\t<meta name=\"twitter:label2\" content=\"Gesch\u00e4tzte Lesezeit\" \/>\n\t<meta name=\"twitter:data2\" content=\"4\u00a0Minuten\" \/>\n<script type=\"application\/ld+json\" class=\"yoast-schema-graph\">{\"@context\":\"https:\/\/schema.org\",\"@graph\":[{\"@type\":\"Article\",\"@id\":\"https:\/\/now-news.de\/de\/deutschland\/keine-schlechte-nachricht-bundeskanzler-scholz-befuerwortet-treffen-zwischen-putin-und-trump\/#article\",\"isPartOf\":{\"@id\":\"https:\/\/now-news.de\/de\/deutschland\/keine-schlechte-nachricht-bundeskanzler-scholz-befuerwortet-treffen-zwischen-putin-und-trump\/\"},\"author\":{\"name\":\"rtnews\",\"@id\":\"https:\/\/now-news.de\/de\/#\/schema\/person\/fb534a4e865501d8b3285208df34a9b5\"},\"headline\":\"&quot;Keine schlechte Nachricht&quot; \u2013 Bundeskanzler Scholz bef\u00fcrwortet Treffen zwischen Putin und Trump\",\"datePublished\":\"2025-01-13T08:25:29+00:00\",\"dateModified\":\"2025-01-13T08:25:29+00:00\",\"mainEntityOfPage\":{\"@id\":\"https:\/\/now-news.de\/de\/deutschland\/keine-schlechte-nachricht-bundeskanzler-scholz-befuerwortet-treffen-zwischen-putin-und-trump\/\"},\"wordCount\":769,\"commentCount\":0,\"publisher\":{\"@id\":\"https:\/\/now-news.de\/de\/#organization\"},\"image\":{\"@id\":\"https:\/\/now-news.de\/de\/deutschland\/keine-schlechte-nachricht-bundeskanzler-scholz-befuerwortet-treffen-zwischen-putin-und-trump\/#primaryimage\"},\"thumbnailUrl\":\"https:\/\/now-news.de\/de\/wp-content\/uploads\/sites\/3\/2025\/01\/quotKeine-schlechte-Nachrichtquot-\u2013-Bundeskanzler-Scholz-befuerwortet-Treffen-zwischen-Putin.jpg\",\"keywords\":[\"bef\u00fcrwortet\",\"Bundeskanzler\",\"Nachrichtquot\",\"putin\",\"quotkeine\",\"schlechte\",\"Scholz\",\"Treffen\",\"trump\",\"und\",\"zwischen\"],\"articleSection\":[\"Deutschland\",\"Russland\"],\"inLanguage\":\"de\",\"potentialAction\":[{\"@type\":\"CommentAction\",\"name\":\"Comment\",\"target\":[\"https:\/\/now-news.de\/de\/deutschland\/keine-schlechte-nachricht-bundeskanzler-scholz-befuerwortet-treffen-zwischen-putin-und-trump\/#respond\"]}]},{\"@type\":\"WebPage\",\"@id\":\"https:\/\/now-news.de\/de\/deutschland\/keine-schlechte-nachricht-bundeskanzler-scholz-befuerwortet-treffen-zwischen-putin-und-trump\/\",\"url\":\"https:\/\/now-news.de\/de\/deutschland\/keine-schlechte-nachricht-bundeskanzler-scholz-befuerwortet-treffen-zwischen-putin-und-trump\/\",\"name\":\"&quot;Keine schlechte Nachricht&quot; \u2013 Bundeskanzler Scholz bef\u00fcrwortet Treffen zwischen Putin und Trump - just-now.NEWS Deutschland\",\"isPartOf\":{\"@id\":\"https:\/\/now-news.de\/de\/#website\"},\"primaryImageOfPage\":{\"@id\":\"https:\/\/now-news.de\/de\/deutschland\/keine-schlechte-nachricht-bundeskanzler-scholz-befuerwortet-treffen-zwischen-putin-und-trump\/#primaryimage\"},\"image\":{\"@id\":\"https:\/\/now-news.de\/de\/deutschland\/keine-schlechte-nachricht-bundeskanzler-scholz-befuerwortet-treffen-zwischen-putin-und-trump\/#primaryimage\"},\"thumbnailUrl\":\"https:\/\/now-news.de\/de\/wp-content\/uploads\/sites\/3\/2025\/01\/quotKeine-schlechte-Nachrichtquot-\u2013-Bundeskanzler-Scholz-befuerwortet-Treffen-zwischen-Putin.jpg\",\"datePublished\":\"2025-01-13T08:25:29+00:00\",\"dateModified\":\"2025-01-13T08:25:29+00:00\",\"breadcrumb\":{\"@id\":\"https:\/\/now-news.de\/de\/deutschland\/keine-schlechte-nachricht-bundeskanzler-scholz-befuerwortet-treffen-zwischen-putin-und-trump\/#breadcrumb\"},\"inLanguage\":\"de\",\"potentialAction\":[{\"@type\":\"ReadAction\",\"target\":[\"https:\/\/now-news.de\/de\/deutschland\/keine-schlechte-nachricht-bundeskanzler-scholz-befuerwortet-treffen-zwischen-putin-und-trump\/\"]}]},{\"@type\":\"ImageObject\",\"inLanguage\":\"de\",\"@id\":\"https:\/\/now-news.de\/de\/deutschland\/keine-schlechte-nachricht-bundeskanzler-scholz-befuerwortet-treffen-zwischen-putin-und-trump\/#primaryimage\",\"url\":\"https:\/\/now-news.de\/de\/wp-content\/uploads\/sites\/3\/2025\/01\/quotKeine-schlechte-Nachrichtquot-\u2013-Bundeskanzler-Scholz-befuerwortet-Treffen-zwischen-Putin.jpg\",\"contentUrl\":\"https:\/\/now-news.de\/de\/wp-content\/uploads\/sites\/3\/2025\/01\/quotKeine-schlechte-Nachrichtquot-\u2013-Bundeskanzler-Scholz-befuerwortet-Treffen-zwischen-Putin.jpg\",\"width\":460,\"height\":259,\"caption\":\"&quot;Keine schlechte Nachricht&quot; \u2013 Bundeskanzler Scholz bef\u00fcrwortet Treffen zwischen Putin und Trump\"},{\"@type\":\"BreadcrumbList\",\"@id\":\"https:\/\/now-news.de\/de\/deutschland\/keine-schlechte-nachricht-bundeskanzler-scholz-befuerwortet-treffen-zwischen-putin-und-trump\/#breadcrumb\",\"itemListElement\":[{\"@type\":\"ListItem\",\"position\":1,\"name\":\"Home\",\"item\":\"https:\/\/now-news.de\/de\/\"},{\"@type\":\"ListItem\",\"position\":2,\"name\":\"&quot;Keine schlechte Nachricht&quot; \u2013 Bundeskanzler Scholz bef\u00fcrwortet Treffen zwischen Putin und Trump\"}]},{\"@type\":\"WebSite\",\"@id\":\"https:\/\/now-news.de\/de\/#website\",\"url\":\"https:\/\/now-news.de\/de\/\",\"name\":\"just-now.NEWS Deutschland\",\"description\":\"Das Portal f\u00fcr unzensierte Nachrichten aus der Welt\",\"publisher\":{\"@id\":\"https:\/\/now-news.de\/de\/#organization\"},\"potentialAction\":[{\"@type\":\"SearchAction\",\"target\":{\"@type\":\"EntryPoint\",\"urlTemplate\":\"https:\/\/now-news.de\/de\/?s={search_term_string}\"},\"query-input\":\"required name=search_term_string\"}],\"inLanguage\":\"de\"},{\"@type\":\"Organization\",\"@id\":\"https:\/\/now-news.de\/de\/#organization\",\"name\":\"Just Now News\",\"url\":\"https:\/\/now-news.de\/de\/\",\"logo\":{\"@type\":\"ImageObject\",\"inLanguage\":\"de\",\"@id\":\"https:\/\/now-news.de\/de\/#\/schema\/logo\/image\/\",\"url\":\"http:\/\/just-now.news\/de\/wp-content\/uploads\/sites\/3\/2022\/04\/logo500x500.jpg\",\"contentUrl\":\"http:\/\/just-now.news\/de\/wp-content\/uploads\/sites\/3\/2022\/04\/logo500x500.jpg\",\"width\":500,\"height\":500,\"caption\":\"Just Now News\"},\"image\":{\"@id\":\"https:\/\/now-news.de\/de\/#\/schema\/logo\/image\/\"},\"sameAs\":[\"https:\/\/www.facebook.com\/wirmachenauf\",\"https:\/\/x.com\/WirMachenAuf_de\"]},{\"@type\":\"Person\",\"@id\":\"https:\/\/now-news.de\/de\/#\/schema\/person\/fb534a4e865501d8b3285208df34a9b5\",\"name\":\"rtnews\",\"image\":{\"@type\":\"ImageObject\",\"inLanguage\":\"de\",\"@id\":\"https:\/\/now-news.de\/de\/#\/schema\/person\/image\/\",\"url\":\"https:\/\/secure.gravatar.com\/avatar\/82aafea7d8127119dd649515f56e2117?s=96&d=mm&r=g\",\"contentUrl\":\"https:\/\/secure.gravatar.com\/avatar\/82aafea7d8127119dd649515f56e2117?s=96&d=mm&r=g\",\"caption\":\"rtnews\"},\"url\":\"https:\/\/now-news.de\/de\/author\/rnews\/\"}]}<\/script>\n<!-- \/ Yoast SEO Premium plugin. -->","yoast_head_json":{"title":"&quot;Keine schlechte Nachricht&quot; \u2013 Bundeskanzler Scholz bef\u00fcrwortet Treffen zwischen Putin und Trump - just-now.NEWS Deutschland","robots":{"index":"index","follow":"follow","max-snippet":"max-snippet:-1","max-image-preview":"max-image-preview:large","max-video-preview":"max-video-preview:-1"},"canonical":"https:\/\/now-news.de\/de\/deutschland\/keine-schlechte-nachricht-bundeskanzler-scholz-befuerwortet-treffen-zwischen-putin-und-trump\/","og_locale":"de_DE","og_type":"article","og_title":"&quot;Keine schlechte Nachricht&quot; \u2013 Bundeskanzler Scholz bef\u00fcrwortet Treffen zwischen Putin und Trump","og_description":"Bundeskanzler Olaf Scholz begr\u00fc\u00dft laut ARD-Interview die ge\u00e4u\u00dferten Pl\u00e4ne des russischen Pr\u00e4sidenten Putin und des amerikanischen Pr\u00e4sidenten Trump. Scholz betonte dabei, f\u00fcr ihn sei jedoch wichtig, dass die Souver\u00e4nit\u00e4t der Ukraine dar\u00fcber nicht in Frage gestellt werde. Bundeskanzler Olaf Scholz begr\u00fc\u00dfte die Pl\u00e4ne f\u00fcr ein Treffen zwischen dem russischen Pr\u00e4sidenten Wladimir Putin und dem designierten [&hellip;]","og_url":"https:\/\/now-news.de\/de\/deutschland\/keine-schlechte-nachricht-bundeskanzler-scholz-befuerwortet-treffen-zwischen-putin-und-trump\/","og_site_name":"just-now.NEWS Deutschland","article_publisher":"https:\/\/www.facebook.com\/wirmachenauf","article_published_time":"2025-01-13T08:25:29+00:00","og_image":[{"url":"https:\/\/now-news.de\/de\/wp-content\/uploads\/sites\/3\/2025\/01\/6784b427b480cc1cd837b657.jpg"}],"author":"rtnews","twitter_card":"summary_large_image","twitter_creator":"@WirMachenAuf_de","twitter_site":"@WirMachenAuf_de","twitter_misc":{"Verfasst von":"rtnews","Gesch\u00e4tzte Lesezeit":"4\u00a0Minuten"},"schema":{"@context":"https:\/\/schema.org","@graph":[{"@type":"Article","@id":"https:\/\/now-news.de\/de\/deutschland\/keine-schlechte-nachricht-bundeskanzler-scholz-befuerwortet-treffen-zwischen-putin-und-trump\/#article","isPartOf":{"@id":"https:\/\/now-news.de\/de\/deutschland\/keine-schlechte-nachricht-bundeskanzler-scholz-befuerwortet-treffen-zwischen-putin-und-trump\/"},"author":{"name":"rtnews","@id":"https:\/\/now-news.de\/de\/#\/schema\/person\/fb534a4e865501d8b3285208df34a9b5"},"headline":"&quot;Keine schlechte Nachricht&quot; \u2013 Bundeskanzler Scholz bef\u00fcrwortet Treffen zwischen Putin und Trump","datePublished":"2025-01-13T08:25:29+00:00","dateModified":"2025-01-13T08:25:29+00:00","mainEntityOfPage":{"@id":"https:\/\/now-news.de\/de\/deutschland\/keine-schlechte-nachricht-bundeskanzler-scholz-befuerwortet-treffen-zwischen-putin-und-trump\/"},"wordCount":769,"commentCount":0,"publisher":{"@id":"https:\/\/now-news.de\/de\/#organization"},"image":{"@id":"https:\/\/now-news.de\/de\/deutschland\/keine-schlechte-nachricht-bundeskanzler-scholz-befuerwortet-treffen-zwischen-putin-und-trump\/#primaryimage"},"thumbnailUrl":"https:\/\/now-news.de\/de\/wp-content\/uploads\/sites\/3\/2025\/01\/quotKeine-schlechte-Nachrichtquot-\u2013-Bundeskanzler-Scholz-befuerwortet-Treffen-zwischen-Putin.jpg","keywords":["bef\u00fcrwortet","Bundeskanzler","Nachrichtquot","putin","quotkeine","schlechte","Scholz","Treffen","trump","und","zwischen"],"articleSection":["Deutschland","Russland"],"inLanguage":"de","potentialAction":[{"@type":"CommentAction","name":"Comment","target":["https:\/\/now-news.de\/de\/deutschland\/keine-schlechte-nachricht-bundeskanzler-scholz-befuerwortet-treffen-zwischen-putin-und-trump\/#respond"]}]},{"@type":"WebPage","@id":"https:\/\/now-news.de\/de\/deutschland\/keine-schlechte-nachricht-bundeskanzler-scholz-befuerwortet-treffen-zwischen-putin-und-trump\/","url":"https:\/\/now-news.de\/de\/deutschland\/keine-schlechte-nachricht-bundeskanzler-scholz-befuerwortet-treffen-zwischen-putin-und-trump\/","name":"&quot;Keine schlechte Nachricht&quot; \u2013 Bundeskanzler Scholz bef\u00fcrwortet Treffen zwischen Putin und Trump - just-now.NEWS Deutschland","isPartOf":{"@id":"https:\/\/now-news.de\/de\/#website"},"primaryImageOfPage":{"@id":"https:\/\/now-news.de\/de\/deutschland\/keine-schlechte-nachricht-bundeskanzler-scholz-befuerwortet-treffen-zwischen-putin-und-trump\/#primaryimage"},"image":{"@id":"https:\/\/now-news.de\/de\/deutschland\/keine-schlechte-nachricht-bundeskanzler-scholz-befuerwortet-treffen-zwischen-putin-und-trump\/#primaryimage"},"thumbnailUrl":"https:\/\/now-news.de\/de\/wp-content\/uploads\/sites\/3\/2025\/01\/quotKeine-schlechte-Nachrichtquot-\u2013-Bundeskanzler-Scholz-befuerwortet-Treffen-zwischen-Putin.jpg","datePublished":"2025-01-13T08:25:29+00:00","dateModified":"2025-01-13T08:25:29+00:00","breadcrumb":{"@id":"https:\/\/now-news.de\/de\/deutschland\/keine-schlechte-nachricht-bundeskanzler-scholz-befuerwortet-treffen-zwischen-putin-und-trump\/#breadcrumb"},"inLanguage":"de","potentialAction":[{"@type":"ReadAction","target":["https:\/\/now-news.de\/de\/deutschland\/keine-schlechte-nachricht-bundeskanzler-scholz-befuerwortet-treffen-zwischen-putin-und-trump\/"]}]},{"@type":"ImageObject","inLanguage":"de","@id":"https:\/\/now-news.de\/de\/deutschland\/keine-schlechte-nachricht-bundeskanzler-scholz-befuerwortet-treffen-zwischen-putin-und-trump\/#primaryimage","url":"https:\/\/now-news.de\/de\/wp-content\/uploads\/sites\/3\/2025\/01\/quotKeine-schlechte-Nachrichtquot-\u2013-Bundeskanzler-Scholz-befuerwortet-Treffen-zwischen-Putin.jpg","contentUrl":"https:\/\/now-news.de\/de\/wp-content\/uploads\/sites\/3\/2025\/01\/quotKeine-schlechte-Nachrichtquot-\u2013-Bundeskanzler-Scholz-befuerwortet-Treffen-zwischen-Putin.jpg","width":460,"height":259,"caption":"&quot;Keine schlechte Nachricht&quot; \u2013 Bundeskanzler Scholz bef\u00fcrwortet Treffen zwischen Putin und Trump"},{"@type":"BreadcrumbList","@id":"https:\/\/now-news.de\/de\/deutschland\/keine-schlechte-nachricht-bundeskanzler-scholz-befuerwortet-treffen-zwischen-putin-und-trump\/#breadcrumb","itemListElement":[{"@type":"ListItem","position":1,"name":"Home","item":"https:\/\/now-news.de\/de\/"},{"@type":"ListItem","position":2,"name":"&quot;Keine schlechte Nachricht&quot; \u2013 Bundeskanzler Scholz bef\u00fcrwortet Treffen zwischen Putin und Trump"}]},{"@type":"WebSite","@id":"https:\/\/now-news.de\/de\/#website","url":"https:\/\/now-news.de\/de\/","name":"just-now.NEWS Deutschland","description":"Das Portal f\u00fcr unzensierte Nachrichten aus der Welt","publisher":{"@id":"https:\/\/now-news.de\/de\/#organization"},"potentialAction":[{"@type":"SearchAction","target":{"@type":"EntryPoint","urlTemplate":"https:\/\/now-news.de\/de\/?s={search_term_string}"},"query-input":"required name=search_term_string"}],"inLanguage":"de"},{"@type":"Organization","@id":"https:\/\/now-news.de\/de\/#organization","name":"Just Now News","url":"https:\/\/now-news.de\/de\/","logo":{"@type":"ImageObject","inLanguage":"de","@id":"https:\/\/now-news.de\/de\/#\/schema\/logo\/image\/","url":"http:\/\/just-now.news\/de\/wp-content\/uploads\/sites\/3\/2022\/04\/logo500x500.jpg","contentUrl":"http:\/\/just-now.news\/de\/wp-content\/uploads\/sites\/3\/2022\/04\/logo500x500.jpg","width":500,"height":500,"caption":"Just Now News"},"image":{"@id":"https:\/\/now-news.de\/de\/#\/schema\/logo\/image\/"},"sameAs":["https:\/\/www.facebook.com\/wirmachenauf","https:\/\/x.com\/WirMachenAuf_de"]},{"@type":"Person","@id":"https:\/\/now-news.de\/de\/#\/schema\/person\/fb534a4e865501d8b3285208df34a9b5","name":"rtnews","image":{"@type":"ImageObject","inLanguage":"de","@id":"https:\/\/now-news.de\/de\/#\/schema\/person\/image\/","url":"https:\/\/secure.gravatar.com\/avatar\/82aafea7d8127119dd649515f56e2117?s=96&d=mm&r=g","contentUrl":"https:\/\/secure.gravatar.com\/avatar\/82aafea7d8127119dd649515f56e2117?s=96&d=mm&r=g","caption":"rtnews"},"url":"https:\/\/now-news.de\/de\/author\/rnews\/"}]}},"_links":{"self":[{"href":"https:\/\/now-news.de\/de\/wp-json\/wp\/v2\/posts\/76248"}],"collection":[{"href":"https:\/\/now-news.de\/de\/wp-json\/wp\/v2\/posts"}],"about":[{"href":"https:\/\/now-news.de\/de\/wp-json\/wp\/v2\/types\/post"}],"author":[{"embeddable":true,"href":"https:\/\/now-news.de\/de\/wp-json\/wp\/v2\/users\/3"}],"replies":[{"embeddable":true,"href":"https:\/\/now-news.de\/de\/wp-json\/wp\/v2\/comments?post=76248"}],"version-history":[{"count":0,"href":"https:\/\/now-news.de\/de\/wp-json\/wp\/v2\/posts\/76248\/revisions"}],"wp:featuredmedia":[{"embeddable":true,"href":"https:\/\/now-news.de\/de\/wp-json\/wp\/v2\/media\/76249"}],"wp:attachment":[{"href":"https:\/\/now-news.de\/de\/wp-json\/wp\/v2\/media?parent=76248"}],"wp:term":[{"taxonomy":"category","embeddable":true,"href":"https:\/\/now-news.de\/de\/wp-json\/wp\/v2\/categories?post=76248"},{"taxonomy":"post_tag","embeddable":true,"href":"https:\/\/now-news.de\/de\/wp-json\/wp\/v2\/tags?post=76248"}],"curies":[{"name":"wp","href":"https:\/\/api.w.org\/{rel}","templated":true}]}}