{"id":76216,"date":"2025-01-12T15:36:26","date_gmt":"2025-01-12T13:36:26","guid":{"rendered":"https:\/\/now-news.de\/de\/deutschland\/sonderermittler-smith-tritt-kurz-vor-trumps-vereidigung-zurueck\/"},"modified":"2025-01-12T15:36:26","modified_gmt":"2025-01-12T13:36:26","slug":"sonderermittler-smith-tritt-kurz-vor-trumps-vereidigung-zurueck","status":"publish","type":"post","link":"https:\/\/now-news.de\/de\/deutschland\/sonderermittler-smith-tritt-kurz-vor-trumps-vereidigung-zurueck\/","title":{"rendered":"Sonderermittler Smith tritt kurz vor Trumps Vereidigung zur\u00fcck"},"content":{"rendered":"<p><img decoding=\"async\" src=\"https:\/\/now-news.de\/de\/wp-content\/uploads\/sites\/3\/2025\/01\/67838625b480cc6bf85aa28f.jpg\" \/><\/p>\n<div class=\"Text-root Text-type_1 \">\n                Jack Smith hatte gegen den gew\u00e4hlten US-Pr\u00e4sidenten Donald Trump in zwei Strafsachen ermittelt, nun trat er von seinem Amt als Sonderermittler zur\u00fcck. Der Schritt kam nicht unerwartet. Der Beamte legte dem US-Justizministerium noch seinen vertraulichen Abschlussbericht vor.\n            <\/div>\n<p><\/p>\n<div class=\"Text-root Text-type_5 ArticleView-text ViewText-root \">\n<p>Wenige Tage vor dem Amtsantritt von Donald Trump ist der Sonderermittler Jack Smith aus dem US-Justizministerium ausgeschieden. Die Beh\u00f6rde teilte in einem Gerichtsdokument mit, dass Smith seine Arbeit beendet und am 7. Januar seinen vertraulichen Abschlussbericht vorgelegt habe. Seinen R\u00fccktritt habe er am 10. Januar eingereicht. Der Schritt kam nicht unerwartet, da Smith gegen den gew\u00e4hlten US-Pr\u00e4sidenten in zwei Strafsachen ermittelt hatte.<\/p>\n<p>Der US-Sonderermittler untersuchte einen mutma\u00dflichen Wahlbetrug in der US-Hauptstadt Washington und die Aff\u00e4re um die Geheimakten, die Trump entgegen den Sicherheitsvorschriften in seinem Privatklub im US-Bundesstaat Florida aufbewahrt hatte. Nach dem Sieg des Republikaners bei der Pr\u00e4sidentschaftswahl stellte die US-Staatsanwaltschaft die beiden Strafverfahren ein. Smith begr\u00fcndete dies mit der Hausregel, wonach das Justizministerium nicht gegen amtierende Pr\u00e4sidenten vorgehe. W\u00e4hrend des Wahlkampfs hatte Trump den Sonderermittler immer wieder heftig kritisiert und die Verfahren gegen ihn als Hexenjagd bezeichnet. Mit seinem R\u00fccktritt d\u00fcrfte Smith Trump zuvorgekommen sein.<\/p>\n<p>Es ist offen, ob das Justizministerium die Strafverfahren gegen den Republikaner nach dessen Amtszeit wieder aufnehmen wird. Momentan wird dar\u00fcber gestritten, in welchem Umfang der zweib\u00e4ndige Abschlussbericht von Smith ver\u00f6ffentlicht werden kann. Dar\u00fcber muss nun die von Trump ernannte Richterin Aileen Cannon entscheiden.<\/p>\n<p><strong>Mehr zum Thema<\/strong> \u2013 <a rel=\"nofollow noopener\" target=\"_blank\" href=\"https:\/\/freedert.online\/nordamerika\/227975-justizmissbrauch-joe-biden-begnadigt-seinen\/\">&#8220;Justizmissbrauch&#8221; \u2013 Joe Biden begnadigt seinen Sohn Hunter kurz vor dem Ende seiner Pr\u00e4sidentschaft<\/a><\/p>\n<\/div>\n<p><br \/>\n<br \/><a href=\"https:\/\/de.rt.com\/nordamerika\/232534-us-sonderermittler-smith-tritt-zurueck\/\">Source link <\/a><\/p>\n","protected":false},"excerpt":{"rendered":"<p>Jack Smith hatte gegen den gew\u00e4hlten US-Pr\u00e4sidenten Donald Trump in zwei Strafsachen ermittelt, nun trat er von seinem Amt als Sonderermittler zur\u00fcck. Der Schritt kam nicht unerwartet. Der Beamte legte dem US-Justizministerium noch seinen vertraulichen Abschlussbericht vor. Wenige Tage vor dem Amtsantritt von Donald Trump ist der Sonderermittler Jack Smith aus dem US-Justizministerium ausgeschieden. Die [&hellip;]<\/p>\n","protected":false},"author":3,"featured_media":76217,"comment_status":"open","ping_status":"open","sticky":false,"template":"","format":"standard","meta":{"_yoast_indexnow_last_ping":["1736689356"],"wp_automatic_camp":["217"],"d8ce04c8bce33abb73cf03561a3e5a7e":["Sonderermittler Smith tritt kurz vor Trumps Vereidigung zur\u00fcck"],"original_link":["https:\/\/de.rt.com\/nordamerika\/232534-us-sonderermittler-smith-tritt-zurueck\/"],"_thumbnail_id":["76217"],"_wptgpro_p2tg_sent2tg":["a:1:{i:23737;s:19:\"2025-01-12 15:43:37\";}"],"jnews_social_counter_last_update":["1777203869"]},"categories":[19,23],"tags":[18106,1820,36286,3470,317,28882,320,3337],"yoast_head":"<!-- This site is optimized with the Yoast SEO Premium plugin v22.7 (Yoast SEO v22.7) - https:\/\/yoast.com\/wordpress\/plugins\/seo\/ -->\n<title>Sonderermittler Smith tritt kurz vor Trumps Vereidigung zur\u00fcck - just-now.NEWS Deutschland<\/title>\n<meta name=\"robots\" content=\"index, follow, max-snippet:-1, max-image-preview:large, max-video-preview:-1\" \/>\n<link rel=\"canonical\" href=\"https:\/\/now-news.de\/de\/deutschland\/sonderermittler-smith-tritt-kurz-vor-trumps-vereidigung-zurueck\/\" \/>\n<meta property=\"og:locale\" content=\"de_DE\" \/>\n<meta property=\"og:type\" content=\"article\" \/>\n<meta property=\"og:title\" content=\"Sonderermittler Smith tritt kurz vor Trumps Vereidigung zur\u00fcck\" \/>\n<meta property=\"og:description\" content=\"Jack Smith hatte gegen den gew\u00e4hlten US-Pr\u00e4sidenten Donald Trump in zwei Strafsachen ermittelt, nun trat er von seinem Amt als Sonderermittler zur\u00fcck. Der Schritt kam nicht unerwartet. Der Beamte legte dem US-Justizministerium noch seinen vertraulichen Abschlussbericht vor. Wenige Tage vor dem Amtsantritt von Donald Trump ist der Sonderermittler Jack Smith aus dem US-Justizministerium ausgeschieden. Die [&hellip;]\" \/>\n<meta property=\"og:url\" content=\"https:\/\/now-news.de\/de\/deutschland\/sonderermittler-smith-tritt-kurz-vor-trumps-vereidigung-zurueck\/\" \/>\n<meta property=\"og:site_name\" content=\"just-now.NEWS Deutschland\" \/>\n<meta property=\"article:publisher\" content=\"https:\/\/www.facebook.com\/wirmachenauf\" \/>\n<meta property=\"article:published_time\" content=\"2025-01-12T13:36:26+00:00\" \/>\n<meta property=\"og:image\" content=\"https:\/\/now-news.de\/de\/wp-content\/uploads\/sites\/3\/2025\/01\/67838625b480cc6bf85aa28f.jpg\" \/>\n<meta name=\"author\" content=\"rtnews\" \/>\n<meta name=\"twitter:card\" content=\"summary_large_image\" \/>\n<meta name=\"twitter:creator\" content=\"@WirMachenAuf_de\" \/>\n<meta name=\"twitter:site\" content=\"@WirMachenAuf_de\" \/>\n<meta name=\"twitter:label1\" content=\"Verfasst von\" \/>\n\t<meta name=\"twitter:data1\" content=\"rtnews\" \/>\n\t<meta name=\"twitter:label2\" content=\"Gesch\u00e4tzte Lesezeit\" \/>\n\t<meta name=\"twitter:data2\" content=\"1\u00a0Minute\" \/>\n<script type=\"application\/ld+json\" class=\"yoast-schema-graph\">{\"@context\":\"https:\/\/schema.org\",\"@graph\":[{\"@type\":\"Article\",\"@id\":\"https:\/\/now-news.de\/de\/deutschland\/sonderermittler-smith-tritt-kurz-vor-trumps-vereidigung-zurueck\/#article\",\"isPartOf\":{\"@id\":\"https:\/\/now-news.de\/de\/deutschland\/sonderermittler-smith-tritt-kurz-vor-trumps-vereidigung-zurueck\/\"},\"author\":{\"name\":\"rtnews\",\"@id\":\"https:\/\/now-news.de\/de\/#\/schema\/person\/fb534a4e865501d8b3285208df34a9b5\"},\"headline\":\"Sonderermittler Smith tritt kurz vor Trumps Vereidigung zur\u00fcck\",\"datePublished\":\"2025-01-12T13:36:26+00:00\",\"dateModified\":\"2025-01-12T13:36:26+00:00\",\"mainEntityOfPage\":{\"@id\":\"https:\/\/now-news.de\/de\/deutschland\/sonderermittler-smith-tritt-kurz-vor-trumps-vereidigung-zurueck\/\"},\"wordCount\":273,\"commentCount\":0,\"publisher\":{\"@id\":\"https:\/\/now-news.de\/de\/#organization\"},\"image\":{\"@id\":\"https:\/\/now-news.de\/de\/deutschland\/sonderermittler-smith-tritt-kurz-vor-trumps-vereidigung-zurueck\/#primaryimage\"},\"thumbnailUrl\":\"https:\/\/now-news.de\/de\/wp-content\/uploads\/sites\/3\/2025\/01\/Sonderermittler-Smith-tritt-kurz-vor-Trumps-Vereidigung-zurueck.jpg\",\"keywords\":[\"kurz\",\"Smith\",\"Sonderermittler\",\"tritt\",\"Trumps\",\"Vereidigung\",\"vor\",\"zur\u00fcck\"],\"articleSection\":[\"Deutschland\",\"Russland\"],\"inLanguage\":\"de\",\"potentialAction\":[{\"@type\":\"CommentAction\",\"name\":\"Comment\",\"target\":[\"https:\/\/now-news.de\/de\/deutschland\/sonderermittler-smith-tritt-kurz-vor-trumps-vereidigung-zurueck\/#respond\"]}]},{\"@type\":\"WebPage\",\"@id\":\"https:\/\/now-news.de\/de\/deutschland\/sonderermittler-smith-tritt-kurz-vor-trumps-vereidigung-zurueck\/\",\"url\":\"https:\/\/now-news.de\/de\/deutschland\/sonderermittler-smith-tritt-kurz-vor-trumps-vereidigung-zurueck\/\",\"name\":\"Sonderermittler Smith tritt kurz vor Trumps Vereidigung zur\u00fcck - just-now.NEWS Deutschland\",\"isPartOf\":{\"@id\":\"https:\/\/now-news.de\/de\/#website\"},\"primaryImageOfPage\":{\"@id\":\"https:\/\/now-news.de\/de\/deutschland\/sonderermittler-smith-tritt-kurz-vor-trumps-vereidigung-zurueck\/#primaryimage\"},\"image\":{\"@id\":\"https:\/\/now-news.de\/de\/deutschland\/sonderermittler-smith-tritt-kurz-vor-trumps-vereidigung-zurueck\/#primaryimage\"},\"thumbnailUrl\":\"https:\/\/now-news.de\/de\/wp-content\/uploads\/sites\/3\/2025\/01\/Sonderermittler-Smith-tritt-kurz-vor-Trumps-Vereidigung-zurueck.jpg\",\"datePublished\":\"2025-01-12T13:36:26+00:00\",\"dateModified\":\"2025-01-12T13:36:26+00:00\",\"breadcrumb\":{\"@id\":\"https:\/\/now-news.de\/de\/deutschland\/sonderermittler-smith-tritt-kurz-vor-trumps-vereidigung-zurueck\/#breadcrumb\"},\"inLanguage\":\"de\",\"potentialAction\":[{\"@type\":\"ReadAction\",\"target\":[\"https:\/\/now-news.de\/de\/deutschland\/sonderermittler-smith-tritt-kurz-vor-trumps-vereidigung-zurueck\/\"]}]},{\"@type\":\"ImageObject\",\"inLanguage\":\"de\",\"@id\":\"https:\/\/now-news.de\/de\/deutschland\/sonderermittler-smith-tritt-kurz-vor-trumps-vereidigung-zurueck\/#primaryimage\",\"url\":\"https:\/\/now-news.de\/de\/wp-content\/uploads\/sites\/3\/2025\/01\/Sonderermittler-Smith-tritt-kurz-vor-Trumps-Vereidigung-zurueck.jpg\",\"contentUrl\":\"https:\/\/now-news.de\/de\/wp-content\/uploads\/sites\/3\/2025\/01\/Sonderermittler-Smith-tritt-kurz-vor-Trumps-Vereidigung-zurueck.jpg\",\"width\":460,\"height\":259,\"caption\":\"Sonderermittler Smith tritt kurz vor Trumps Vereidigung zur\u00fcck\"},{\"@type\":\"BreadcrumbList\",\"@id\":\"https:\/\/now-news.de\/de\/deutschland\/sonderermittler-smith-tritt-kurz-vor-trumps-vereidigung-zurueck\/#breadcrumb\",\"itemListElement\":[{\"@type\":\"ListItem\",\"position\":1,\"name\":\"Home\",\"item\":\"https:\/\/now-news.de\/de\/\"},{\"@type\":\"ListItem\",\"position\":2,\"name\":\"Sonderermittler Smith tritt kurz vor Trumps Vereidigung zur\u00fcck\"}]},{\"@type\":\"WebSite\",\"@id\":\"https:\/\/now-news.de\/de\/#website\",\"url\":\"https:\/\/now-news.de\/de\/\",\"name\":\"just-now.NEWS Deutschland\",\"description\":\"Das Portal f\u00fcr unzensierte Nachrichten aus der Welt\",\"publisher\":{\"@id\":\"https:\/\/now-news.de\/de\/#organization\"},\"potentialAction\":[{\"@type\":\"SearchAction\",\"target\":{\"@type\":\"EntryPoint\",\"urlTemplate\":\"https:\/\/now-news.de\/de\/?s={search_term_string}\"},\"query-input\":\"required name=search_term_string\"}],\"inLanguage\":\"de\"},{\"@type\":\"Organization\",\"@id\":\"https:\/\/now-news.de\/de\/#organization\",\"name\":\"Just Now News\",\"url\":\"https:\/\/now-news.de\/de\/\",\"logo\":{\"@type\":\"ImageObject\",\"inLanguage\":\"de\",\"@id\":\"https:\/\/now-news.de\/de\/#\/schema\/logo\/image\/\",\"url\":\"http:\/\/just-now.news\/de\/wp-content\/uploads\/sites\/3\/2022\/04\/logo500x500.jpg\",\"contentUrl\":\"http:\/\/just-now.news\/de\/wp-content\/uploads\/sites\/3\/2022\/04\/logo500x500.jpg\",\"width\":500,\"height\":500,\"caption\":\"Just Now News\"},\"image\":{\"@id\":\"https:\/\/now-news.de\/de\/#\/schema\/logo\/image\/\"},\"sameAs\":[\"https:\/\/www.facebook.com\/wirmachenauf\",\"https:\/\/x.com\/WirMachenAuf_de\"]},{\"@type\":\"Person\",\"@id\":\"https:\/\/now-news.de\/de\/#\/schema\/person\/fb534a4e865501d8b3285208df34a9b5\",\"name\":\"rtnews\",\"image\":{\"@type\":\"ImageObject\",\"inLanguage\":\"de\",\"@id\":\"https:\/\/now-news.de\/de\/#\/schema\/person\/image\/\",\"url\":\"https:\/\/secure.gravatar.com\/avatar\/82aafea7d8127119dd649515f56e2117?s=96&d=mm&r=g\",\"contentUrl\":\"https:\/\/secure.gravatar.com\/avatar\/82aafea7d8127119dd649515f56e2117?s=96&d=mm&r=g\",\"caption\":\"rtnews\"},\"url\":\"https:\/\/now-news.de\/de\/author\/rnews\/\"}]}<\/script>\n<!-- \/ Yoast SEO Premium plugin. -->","yoast_head_json":{"title":"Sonderermittler Smith tritt kurz vor Trumps Vereidigung zur\u00fcck - just-now.NEWS Deutschland","robots":{"index":"index","follow":"follow","max-snippet":"max-snippet:-1","max-image-preview":"max-image-preview:large","max-video-preview":"max-video-preview:-1"},"canonical":"https:\/\/now-news.de\/de\/deutschland\/sonderermittler-smith-tritt-kurz-vor-trumps-vereidigung-zurueck\/","og_locale":"de_DE","og_type":"article","og_title":"Sonderermittler Smith tritt kurz vor Trumps Vereidigung zur\u00fcck","og_description":"Jack Smith hatte gegen den gew\u00e4hlten US-Pr\u00e4sidenten Donald Trump in zwei Strafsachen ermittelt, nun trat er von seinem Amt als Sonderermittler zur\u00fcck. Der Schritt kam nicht unerwartet. Der Beamte legte dem US-Justizministerium noch seinen vertraulichen Abschlussbericht vor. Wenige Tage vor dem Amtsantritt von Donald Trump ist der Sonderermittler Jack Smith aus dem US-Justizministerium ausgeschieden. Die [&hellip;]","og_url":"https:\/\/now-news.de\/de\/deutschland\/sonderermittler-smith-tritt-kurz-vor-trumps-vereidigung-zurueck\/","og_site_name":"just-now.NEWS Deutschland","article_publisher":"https:\/\/www.facebook.com\/wirmachenauf","article_published_time":"2025-01-12T13:36:26+00:00","og_image":[{"url":"https:\/\/now-news.de\/de\/wp-content\/uploads\/sites\/3\/2025\/01\/67838625b480cc6bf85aa28f.jpg"}],"author":"rtnews","twitter_card":"summary_large_image","twitter_creator":"@WirMachenAuf_de","twitter_site":"@WirMachenAuf_de","twitter_misc":{"Verfasst von":"rtnews","Gesch\u00e4tzte Lesezeit":"1\u00a0Minute"},"schema":{"@context":"https:\/\/schema.org","@graph":[{"@type":"Article","@id":"https:\/\/now-news.de\/de\/deutschland\/sonderermittler-smith-tritt-kurz-vor-trumps-vereidigung-zurueck\/#article","isPartOf":{"@id":"https:\/\/now-news.de\/de\/deutschland\/sonderermittler-smith-tritt-kurz-vor-trumps-vereidigung-zurueck\/"},"author":{"name":"rtnews","@id":"https:\/\/now-news.de\/de\/#\/schema\/person\/fb534a4e865501d8b3285208df34a9b5"},"headline":"Sonderermittler Smith tritt kurz vor Trumps Vereidigung zur\u00fcck","datePublished":"2025-01-12T13:36:26+00:00","dateModified":"2025-01-12T13:36:26+00:00","mainEntityOfPage":{"@id":"https:\/\/now-news.de\/de\/deutschland\/sonderermittler-smith-tritt-kurz-vor-trumps-vereidigung-zurueck\/"},"wordCount":273,"commentCount":0,"publisher":{"@id":"https:\/\/now-news.de\/de\/#organization"},"image":{"@id":"https:\/\/now-news.de\/de\/deutschland\/sonderermittler-smith-tritt-kurz-vor-trumps-vereidigung-zurueck\/#primaryimage"},"thumbnailUrl":"https:\/\/now-news.de\/de\/wp-content\/uploads\/sites\/3\/2025\/01\/Sonderermittler-Smith-tritt-kurz-vor-Trumps-Vereidigung-zurueck.jpg","keywords":["kurz","Smith","Sonderermittler","tritt","Trumps","Vereidigung","vor","zur\u00fcck"],"articleSection":["Deutschland","Russland"],"inLanguage":"de","potentialAction":[{"@type":"CommentAction","name":"Comment","target":["https:\/\/now-news.de\/de\/deutschland\/sonderermittler-smith-tritt-kurz-vor-trumps-vereidigung-zurueck\/#respond"]}]},{"@type":"WebPage","@id":"https:\/\/now-news.de\/de\/deutschland\/sonderermittler-smith-tritt-kurz-vor-trumps-vereidigung-zurueck\/","url":"https:\/\/now-news.de\/de\/deutschland\/sonderermittler-smith-tritt-kurz-vor-trumps-vereidigung-zurueck\/","name":"Sonderermittler Smith tritt kurz vor Trumps Vereidigung zur\u00fcck - just-now.NEWS Deutschland","isPartOf":{"@id":"https:\/\/now-news.de\/de\/#website"},"primaryImageOfPage":{"@id":"https:\/\/now-news.de\/de\/deutschland\/sonderermittler-smith-tritt-kurz-vor-trumps-vereidigung-zurueck\/#primaryimage"},"image":{"@id":"https:\/\/now-news.de\/de\/deutschland\/sonderermittler-smith-tritt-kurz-vor-trumps-vereidigung-zurueck\/#primaryimage"},"thumbnailUrl":"https:\/\/now-news.de\/de\/wp-content\/uploads\/sites\/3\/2025\/01\/Sonderermittler-Smith-tritt-kurz-vor-Trumps-Vereidigung-zurueck.jpg","datePublished":"2025-01-12T13:36:26+00:00","dateModified":"2025-01-12T13:36:26+00:00","breadcrumb":{"@id":"https:\/\/now-news.de\/de\/deutschland\/sonderermittler-smith-tritt-kurz-vor-trumps-vereidigung-zurueck\/#breadcrumb"},"inLanguage":"de","potentialAction":[{"@type":"ReadAction","target":["https:\/\/now-news.de\/de\/deutschland\/sonderermittler-smith-tritt-kurz-vor-trumps-vereidigung-zurueck\/"]}]},{"@type":"ImageObject","inLanguage":"de","@id":"https:\/\/now-news.de\/de\/deutschland\/sonderermittler-smith-tritt-kurz-vor-trumps-vereidigung-zurueck\/#primaryimage","url":"https:\/\/now-news.de\/de\/wp-content\/uploads\/sites\/3\/2025\/01\/Sonderermittler-Smith-tritt-kurz-vor-Trumps-Vereidigung-zurueck.jpg","contentUrl":"https:\/\/now-news.de\/de\/wp-content\/uploads\/sites\/3\/2025\/01\/Sonderermittler-Smith-tritt-kurz-vor-Trumps-Vereidigung-zurueck.jpg","width":460,"height":259,"caption":"Sonderermittler Smith tritt kurz vor Trumps Vereidigung zur\u00fcck"},{"@type":"BreadcrumbList","@id":"https:\/\/now-news.de\/de\/deutschland\/sonderermittler-smith-tritt-kurz-vor-trumps-vereidigung-zurueck\/#breadcrumb","itemListElement":[{"@type":"ListItem","position":1,"name":"Home","item":"https:\/\/now-news.de\/de\/"},{"@type":"ListItem","position":2,"name":"Sonderermittler Smith tritt kurz vor Trumps Vereidigung zur\u00fcck"}]},{"@type":"WebSite","@id":"https:\/\/now-news.de\/de\/#website","url":"https:\/\/now-news.de\/de\/","name":"just-now.NEWS Deutschland","description":"Das Portal f\u00fcr unzensierte Nachrichten aus der Welt","publisher":{"@id":"https:\/\/now-news.de\/de\/#organization"},"potentialAction":[{"@type":"SearchAction","target":{"@type":"EntryPoint","urlTemplate":"https:\/\/now-news.de\/de\/?s={search_term_string}"},"query-input":"required name=search_term_string"}],"inLanguage":"de"},{"@type":"Organization","@id":"https:\/\/now-news.de\/de\/#organization","name":"Just Now News","url":"https:\/\/now-news.de\/de\/","logo":{"@type":"ImageObject","inLanguage":"de","@id":"https:\/\/now-news.de\/de\/#\/schema\/logo\/image\/","url":"http:\/\/just-now.news\/de\/wp-content\/uploads\/sites\/3\/2022\/04\/logo500x500.jpg","contentUrl":"http:\/\/just-now.news\/de\/wp-content\/uploads\/sites\/3\/2022\/04\/logo500x500.jpg","width":500,"height":500,"caption":"Just Now News"},"image":{"@id":"https:\/\/now-news.de\/de\/#\/schema\/logo\/image\/"},"sameAs":["https:\/\/www.facebook.com\/wirmachenauf","https:\/\/x.com\/WirMachenAuf_de"]},{"@type":"Person","@id":"https:\/\/now-news.de\/de\/#\/schema\/person\/fb534a4e865501d8b3285208df34a9b5","name":"rtnews","image":{"@type":"ImageObject","inLanguage":"de","@id":"https:\/\/now-news.de\/de\/#\/schema\/person\/image\/","url":"https:\/\/secure.gravatar.com\/avatar\/82aafea7d8127119dd649515f56e2117?s=96&d=mm&r=g","contentUrl":"https:\/\/secure.gravatar.com\/avatar\/82aafea7d8127119dd649515f56e2117?s=96&d=mm&r=g","caption":"rtnews"},"url":"https:\/\/now-news.de\/de\/author\/rnews\/"}]}},"_links":{"self":[{"href":"https:\/\/now-news.de\/de\/wp-json\/wp\/v2\/posts\/76216"}],"collection":[{"href":"https:\/\/now-news.de\/de\/wp-json\/wp\/v2\/posts"}],"about":[{"href":"https:\/\/now-news.de\/de\/wp-json\/wp\/v2\/types\/post"}],"author":[{"embeddable":true,"href":"https:\/\/now-news.de\/de\/wp-json\/wp\/v2\/users\/3"}],"replies":[{"embeddable":true,"href":"https:\/\/now-news.de\/de\/wp-json\/wp\/v2\/comments?post=76216"}],"version-history":[{"count":0,"href":"https:\/\/now-news.de\/de\/wp-json\/wp\/v2\/posts\/76216\/revisions"}],"wp:featuredmedia":[{"embeddable":true,"href":"https:\/\/now-news.de\/de\/wp-json\/wp\/v2\/media\/76217"}],"wp:attachment":[{"href":"https:\/\/now-news.de\/de\/wp-json\/wp\/v2\/media?parent=76216"}],"wp:term":[{"taxonomy":"category","embeddable":true,"href":"https:\/\/now-news.de\/de\/wp-json\/wp\/v2\/categories?post=76216"},{"taxonomy":"post_tag","embeddable":true,"href":"https:\/\/now-news.de\/de\/wp-json\/wp\/v2\/tags?post=76216"}],"curies":[{"name":"wp","href":"https:\/\/api.w.org\/{rel}","templated":true}]}}