{"id":76192,"date":"2025-01-11T22:30:07","date_gmt":"2025-01-11T20:30:07","guid":{"rendered":"https:\/\/now-news.de\/de\/deutschland\/venezuela-eu-aussenbeauftragte-fordert-von-maduro-uebergabe-der-macht\/"},"modified":"2025-01-11T22:30:07","modified_gmt":"2025-01-11T20:30:07","slug":"venezuela-eu-aussenbeauftragte-fordert-von-maduro-uebergabe-der-macht","status":"publish","type":"post","link":"https:\/\/now-news.de\/de\/deutschland\/venezuela-eu-aussenbeauftragte-fordert-von-maduro-uebergabe-der-macht\/","title":{"rendered":"Venezuela: EU-Au\u00dfenbeauftragte fordert von Maduro \u00dcbergabe der Macht"},"content":{"rendered":"<p><img decoding=\"async\" src=\"https:\/\/now-news.de\/de\/wp-content\/uploads\/sites\/3\/2025\/01\/678279b348fbef6d945ef5ac.jpg\" \/><\/p>\n<div class=\"Text-root Text-type_1 \">\n                Nach den Wahlen im Juni wird Wahlsieger Nicolas Maduro heute offiziell ins Pr\u00e4sidentenamt eingef\u00fchrt. Die EU zweifelt das Ergebnis an, verh\u00e4ngt Sanktionen und fordert eine \u00dcbergabe der Macht an die Opposition. Die EU erkennt Wahlen nur dann an, wenn sie ins geopolitische Konzept passen.\n            <\/div>\n<p><\/p>\n<div class=\"Text-root Text-type_5 ArticleView-text ViewText-root \">\n<p>Zur heutigen Amtseinf\u00fchrung von Nicolas Maduro als Pr\u00e4sident Venezuelas zweifelt die EU-Au\u00dfenbeauftragte Kaja Kallas erneut das Ergebnis der Pr\u00e4sidentschaftswahl vom Juli an. Sie fordert die Ver\u00f6ffentlichung der aufgeschl\u00fcsselten Wahlergebnisse. Die Wahlkommission CNE hat bei der vergangenen Wahl die Wahlergebnisse nicht aufgeschl\u00fcsselt ver\u00f6ffentlicht. Allerdings best\u00e4tigte sowohl sie als auch der oberste Gerichtshof des Landes das Ergebnis.\u00a0<\/p>\n<p>Kallas behauptet daher, das Ergebnis repr\u00e4sentiere nicht den Willen des venezolanischen Volkes. Die EU verh\u00e4ngt daher neue Sanktionen gegen 15 Personen, die nach Auffassung der EU die Demokratie in Venezuela untergraben. Die Aufhebung der Sanktionen kn\u00fcpft die EU an einen &#8220;Transitionsprozess&#8221;, das hei\u00dft, die \u00dcbergabe der Macht an die von der EU unterst\u00fctzte rechte Opposition. Kallas bietet zudem die Unterst\u00fctzung der EU bei diesem Prozess der Macht\u00fcbergabe an.\u00a0<\/p>\n<p>Das Ausw\u00e4rtige Amt schlie\u00dft sich dieser Sicht an.\u00a0<\/p>\n<p>Die EU und Deutschland machen damit deutlich, dass sie Wahlergebnisse nur dann als legitim erachten, wenn sie den eigenen geopolitischen Interessen dienen. Die EU hat zuletzt Georgien Sanktionen angedroht. Deutschland f\u00e4hrt die Kooperation mit georgischen Beh\u00f6rden zur\u00fcck und beh\u00e4lt zugesagte Gelder ein. In Georgien wurde die Partei Georgischer Traum bei den vergangenen Parlamentswahlen als Regierungspartei best\u00e4tigt. Die georgische Regierung geht auf Distanz zum EU-Integrationsprozess. Die weitere Ann\u00e4herung an die EU h\u00e4tte f\u00fcr Georgien gravierende wirtschaftliche Nachteile. Obwohl das Wahlergebnis rational erkl\u00e4rbar ist, wird es von der EU nicht anerkannt. Wie in Venezuela f\u00f6rdert die EU auch in Georgien Putschbestrebungen und eine &#8220;Transition&#8221; der Macht.<\/p>\n<p><strong>Mehr zum Thema<\/strong>\u00a0\u2013 <a rel=\"nofollow noopener\" target=\"_blank\" href=\"https:\/\/freedert.online\/europa\/232454-thierry-breton-wir-haben-es\/\">Thierry Breton: Wir haben es in Rum\u00e4nien gemacht, wir machen es auch in Deutschland<\/a><\/p>\n<div class=\"EmbedBlock-root EmbedBlock-externalVideo EmbedBlock-rumble\">\n<div class=\"VkEmbed\"><iframe class=\"lazyload\" data-src=\"https:\/\/rumble.com\/embed\/v65xxc7\" frameborder=\"0\" width=\"853\" height=\"480\" allowfullscreen><\/iframe><\/div>\n<\/div>\n<\/div>\n<p><br \/>\n<br \/><a href=\"https:\/\/de.rt.com\/amerika\/232476-venezuela-eu-aussenbeauftragte-fordert-von\/\">Source link <\/a><\/p>\n","protected":false},"excerpt":{"rendered":"<p>Nach den Wahlen im Juni wird Wahlsieger Nicolas Maduro heute offiziell ins Pr\u00e4sidentenamt eingef\u00fchrt. Die EU zweifelt das Ergebnis an, verh\u00e4ngt Sanktionen und fordert eine \u00dcbergabe der Macht an die Opposition. Die EU erkennt Wahlen nur dann an, wenn sie ins geopolitische Konzept passen. Zur heutigen Amtseinf\u00fchrung von Nicolas Maduro als Pr\u00e4sident Venezuelas zweifelt die [&hellip;]<\/p>\n","protected":false},"author":3,"featured_media":76193,"comment_status":"open","ping_status":"open","sticky":false,"template":"","format":"standard","meta":{"_yoast_indexnow_last_ping":["1736627621"],"wp_automatic_camp":["217"],"c73f7b57ccf3775c37d378ce140ca046":["Venezuela: EU-Au\u00dfenbeauftragte fordert von Maduro \u00dcbergabe der Macht"],"original_link":["https:\/\/de.rt.com\/amerika\/232476-venezuela-eu-aussenbeauftragte-fordert-von\/"],"_thumbnail_id":["76193"],"jnews_social_counter_last_update":["1777283230"],"_wptgpro_p2tg_sent2tg":["a:1:{i:23737;s:19:\"2025-01-11 22:34:43\";}"]},"categories":[19,23],"tags":[82,56217,355,4847,22944,20754,18708,50],"yoast_head":"<!-- This site is optimized with the Yoast SEO Premium plugin v22.7 (Yoast SEO v22.7) - https:\/\/yoast.com\/wordpress\/plugins\/seo\/ -->\n<title>Venezuela: EU-Au\u00dfenbeauftragte fordert von Maduro \u00dcbergabe der Macht - just-now.NEWS Deutschland<\/title>\n<meta name=\"robots\" content=\"index, follow, max-snippet:-1, max-image-preview:large, max-video-preview:-1\" \/>\n<link rel=\"canonical\" href=\"https:\/\/now-news.de\/de\/deutschland\/venezuela-eu-aussenbeauftragte-fordert-von-maduro-uebergabe-der-macht\/\" \/>\n<meta property=\"og:locale\" content=\"de_DE\" \/>\n<meta property=\"og:type\" content=\"article\" \/>\n<meta property=\"og:title\" content=\"Venezuela: EU-Au\u00dfenbeauftragte fordert von Maduro \u00dcbergabe der Macht\" \/>\n<meta property=\"og:description\" content=\"Nach den Wahlen im Juni wird Wahlsieger Nicolas Maduro heute offiziell ins Pr\u00e4sidentenamt eingef\u00fchrt. Die EU zweifelt das Ergebnis an, verh\u00e4ngt Sanktionen und fordert eine \u00dcbergabe der Macht an die Opposition. Die EU erkennt Wahlen nur dann an, wenn sie ins geopolitische Konzept passen. Zur heutigen Amtseinf\u00fchrung von Nicolas Maduro als Pr\u00e4sident Venezuelas zweifelt die [&hellip;]\" \/>\n<meta property=\"og:url\" content=\"https:\/\/now-news.de\/de\/deutschland\/venezuela-eu-aussenbeauftragte-fordert-von-maduro-uebergabe-der-macht\/\" \/>\n<meta property=\"og:site_name\" content=\"just-now.NEWS Deutschland\" \/>\n<meta property=\"article:publisher\" content=\"https:\/\/www.facebook.com\/wirmachenauf\" \/>\n<meta property=\"article:published_time\" content=\"2025-01-11T20:30:07+00:00\" \/>\n<meta property=\"og:image\" content=\"https:\/\/now-news.de\/de\/wp-content\/uploads\/sites\/3\/2025\/01\/678279b348fbef6d945ef5ac.jpg\" \/>\n<meta name=\"author\" content=\"rtnews\" \/>\n<meta name=\"twitter:card\" content=\"summary_large_image\" \/>\n<meta name=\"twitter:creator\" content=\"@WirMachenAuf_de\" \/>\n<meta name=\"twitter:site\" content=\"@WirMachenAuf_de\" \/>\n<meta name=\"twitter:label1\" content=\"Verfasst von\" \/>\n\t<meta name=\"twitter:data1\" content=\"rtnews\" \/>\n\t<meta name=\"twitter:label2\" content=\"Gesch\u00e4tzte Lesezeit\" \/>\n\t<meta name=\"twitter:data2\" content=\"2\u00a0Minuten\" \/>\n<script type=\"application\/ld+json\" class=\"yoast-schema-graph\">{\"@context\":\"https:\/\/schema.org\",\"@graph\":[{\"@type\":\"Article\",\"@id\":\"https:\/\/now-news.de\/de\/deutschland\/venezuela-eu-aussenbeauftragte-fordert-von-maduro-uebergabe-der-macht\/#article\",\"isPartOf\":{\"@id\":\"https:\/\/now-news.de\/de\/deutschland\/venezuela-eu-aussenbeauftragte-fordert-von-maduro-uebergabe-der-macht\/\"},\"author\":{\"name\":\"rtnews\",\"@id\":\"https:\/\/now-news.de\/de\/#\/schema\/person\/fb534a4e865501d8b3285208df34a9b5\"},\"headline\":\"Venezuela: EU-Au\u00dfenbeauftragte fordert von Maduro \u00dcbergabe der Macht\",\"datePublished\":\"2025-01-11T20:30:07+00:00\",\"dateModified\":\"2025-01-11T20:30:07+00:00\",\"mainEntityOfPage\":{\"@id\":\"https:\/\/now-news.de\/de\/deutschland\/venezuela-eu-aussenbeauftragte-fordert-von-maduro-uebergabe-der-macht\/\"},\"wordCount\":339,\"commentCount\":0,\"publisher\":{\"@id\":\"https:\/\/now-news.de\/de\/#organization\"},\"image\":{\"@id\":\"https:\/\/now-news.de\/de\/deutschland\/venezuela-eu-aussenbeauftragte-fordert-von-maduro-uebergabe-der-macht\/#primaryimage\"},\"thumbnailUrl\":\"https:\/\/now-news.de\/de\/wp-content\/uploads\/sites\/3\/2025\/01\/Venezuela-EU-Aussenbeauftragte-fordert-von-Maduro-Uebergabe-der-Macht.jpg\",\"keywords\":[\"der\",\"EUAu\u00dfenbeauftragte\",\"fordert\",\"Macht\",\"Maduro\",\"\u00dcbergabe\",\"Venezuela\",\"von\"],\"articleSection\":[\"Deutschland\",\"Russland\"],\"inLanguage\":\"de\",\"potentialAction\":[{\"@type\":\"CommentAction\",\"name\":\"Comment\",\"target\":[\"https:\/\/now-news.de\/de\/deutschland\/venezuela-eu-aussenbeauftragte-fordert-von-maduro-uebergabe-der-macht\/#respond\"]}]},{\"@type\":\"WebPage\",\"@id\":\"https:\/\/now-news.de\/de\/deutschland\/venezuela-eu-aussenbeauftragte-fordert-von-maduro-uebergabe-der-macht\/\",\"url\":\"https:\/\/now-news.de\/de\/deutschland\/venezuela-eu-aussenbeauftragte-fordert-von-maduro-uebergabe-der-macht\/\",\"name\":\"Venezuela: EU-Au\u00dfenbeauftragte fordert von Maduro \u00dcbergabe der Macht - just-now.NEWS Deutschland\",\"isPartOf\":{\"@id\":\"https:\/\/now-news.de\/de\/#website\"},\"primaryImageOfPage\":{\"@id\":\"https:\/\/now-news.de\/de\/deutschland\/venezuela-eu-aussenbeauftragte-fordert-von-maduro-uebergabe-der-macht\/#primaryimage\"},\"image\":{\"@id\":\"https:\/\/now-news.de\/de\/deutschland\/venezuela-eu-aussenbeauftragte-fordert-von-maduro-uebergabe-der-macht\/#primaryimage\"},\"thumbnailUrl\":\"https:\/\/now-news.de\/de\/wp-content\/uploads\/sites\/3\/2025\/01\/Venezuela-EU-Aussenbeauftragte-fordert-von-Maduro-Uebergabe-der-Macht.jpg\",\"datePublished\":\"2025-01-11T20:30:07+00:00\",\"dateModified\":\"2025-01-11T20:30:07+00:00\",\"breadcrumb\":{\"@id\":\"https:\/\/now-news.de\/de\/deutschland\/venezuela-eu-aussenbeauftragte-fordert-von-maduro-uebergabe-der-macht\/#breadcrumb\"},\"inLanguage\":\"de\",\"potentialAction\":[{\"@type\":\"ReadAction\",\"target\":[\"https:\/\/now-news.de\/de\/deutschland\/venezuela-eu-aussenbeauftragte-fordert-von-maduro-uebergabe-der-macht\/\"]}]},{\"@type\":\"ImageObject\",\"inLanguage\":\"de\",\"@id\":\"https:\/\/now-news.de\/de\/deutschland\/venezuela-eu-aussenbeauftragte-fordert-von-maduro-uebergabe-der-macht\/#primaryimage\",\"url\":\"https:\/\/now-news.de\/de\/wp-content\/uploads\/sites\/3\/2025\/01\/Venezuela-EU-Aussenbeauftragte-fordert-von-Maduro-Uebergabe-der-Macht.jpg\",\"contentUrl\":\"https:\/\/now-news.de\/de\/wp-content\/uploads\/sites\/3\/2025\/01\/Venezuela-EU-Aussenbeauftragte-fordert-von-Maduro-Uebergabe-der-Macht.jpg\",\"width\":460,\"height\":259,\"caption\":\"Venezuela: EU-Au\u00dfenbeauftragte fordert von Maduro \u00dcbergabe der Macht\"},{\"@type\":\"BreadcrumbList\",\"@id\":\"https:\/\/now-news.de\/de\/deutschland\/venezuela-eu-aussenbeauftragte-fordert-von-maduro-uebergabe-der-macht\/#breadcrumb\",\"itemListElement\":[{\"@type\":\"ListItem\",\"position\":1,\"name\":\"Home\",\"item\":\"https:\/\/now-news.de\/de\/\"},{\"@type\":\"ListItem\",\"position\":2,\"name\":\"Venezuela: EU-Au\u00dfenbeauftragte fordert von Maduro \u00dcbergabe der Macht\"}]},{\"@type\":\"WebSite\",\"@id\":\"https:\/\/now-news.de\/de\/#website\",\"url\":\"https:\/\/now-news.de\/de\/\",\"name\":\"just-now.NEWS Deutschland\",\"description\":\"Das Portal f\u00fcr unzensierte Nachrichten aus der Welt\",\"publisher\":{\"@id\":\"https:\/\/now-news.de\/de\/#organization\"},\"potentialAction\":[{\"@type\":\"SearchAction\",\"target\":{\"@type\":\"EntryPoint\",\"urlTemplate\":\"https:\/\/now-news.de\/de\/?s={search_term_string}\"},\"query-input\":\"required name=search_term_string\"}],\"inLanguage\":\"de\"},{\"@type\":\"Organization\",\"@id\":\"https:\/\/now-news.de\/de\/#organization\",\"name\":\"Just Now News\",\"url\":\"https:\/\/now-news.de\/de\/\",\"logo\":{\"@type\":\"ImageObject\",\"inLanguage\":\"de\",\"@id\":\"https:\/\/now-news.de\/de\/#\/schema\/logo\/image\/\",\"url\":\"http:\/\/just-now.news\/de\/wp-content\/uploads\/sites\/3\/2022\/04\/logo500x500.jpg\",\"contentUrl\":\"http:\/\/just-now.news\/de\/wp-content\/uploads\/sites\/3\/2022\/04\/logo500x500.jpg\",\"width\":500,\"height\":500,\"caption\":\"Just Now News\"},\"image\":{\"@id\":\"https:\/\/now-news.de\/de\/#\/schema\/logo\/image\/\"},\"sameAs\":[\"https:\/\/www.facebook.com\/wirmachenauf\",\"https:\/\/x.com\/WirMachenAuf_de\"]},{\"@type\":\"Person\",\"@id\":\"https:\/\/now-news.de\/de\/#\/schema\/person\/fb534a4e865501d8b3285208df34a9b5\",\"name\":\"rtnews\",\"image\":{\"@type\":\"ImageObject\",\"inLanguage\":\"de\",\"@id\":\"https:\/\/now-news.de\/de\/#\/schema\/person\/image\/\",\"url\":\"https:\/\/secure.gravatar.com\/avatar\/82aafea7d8127119dd649515f56e2117?s=96&d=mm&r=g\",\"contentUrl\":\"https:\/\/secure.gravatar.com\/avatar\/82aafea7d8127119dd649515f56e2117?s=96&d=mm&r=g\",\"caption\":\"rtnews\"},\"url\":\"https:\/\/now-news.de\/de\/author\/rnews\/\"}]}<\/script>\n<!-- \/ Yoast SEO Premium plugin. -->","yoast_head_json":{"title":"Venezuela: EU-Au\u00dfenbeauftragte fordert von Maduro \u00dcbergabe der Macht - just-now.NEWS Deutschland","robots":{"index":"index","follow":"follow","max-snippet":"max-snippet:-1","max-image-preview":"max-image-preview:large","max-video-preview":"max-video-preview:-1"},"canonical":"https:\/\/now-news.de\/de\/deutschland\/venezuela-eu-aussenbeauftragte-fordert-von-maduro-uebergabe-der-macht\/","og_locale":"de_DE","og_type":"article","og_title":"Venezuela: EU-Au\u00dfenbeauftragte fordert von Maduro \u00dcbergabe der Macht","og_description":"Nach den Wahlen im Juni wird Wahlsieger Nicolas Maduro heute offiziell ins Pr\u00e4sidentenamt eingef\u00fchrt. Die EU zweifelt das Ergebnis an, verh\u00e4ngt Sanktionen und fordert eine \u00dcbergabe der Macht an die Opposition. Die EU erkennt Wahlen nur dann an, wenn sie ins geopolitische Konzept passen. Zur heutigen Amtseinf\u00fchrung von Nicolas Maduro als Pr\u00e4sident Venezuelas zweifelt die [&hellip;]","og_url":"https:\/\/now-news.de\/de\/deutschland\/venezuela-eu-aussenbeauftragte-fordert-von-maduro-uebergabe-der-macht\/","og_site_name":"just-now.NEWS Deutschland","article_publisher":"https:\/\/www.facebook.com\/wirmachenauf","article_published_time":"2025-01-11T20:30:07+00:00","og_image":[{"url":"https:\/\/now-news.de\/de\/wp-content\/uploads\/sites\/3\/2025\/01\/678279b348fbef6d945ef5ac.jpg"}],"author":"rtnews","twitter_card":"summary_large_image","twitter_creator":"@WirMachenAuf_de","twitter_site":"@WirMachenAuf_de","twitter_misc":{"Verfasst von":"rtnews","Gesch\u00e4tzte Lesezeit":"2\u00a0Minuten"},"schema":{"@context":"https:\/\/schema.org","@graph":[{"@type":"Article","@id":"https:\/\/now-news.de\/de\/deutschland\/venezuela-eu-aussenbeauftragte-fordert-von-maduro-uebergabe-der-macht\/#article","isPartOf":{"@id":"https:\/\/now-news.de\/de\/deutschland\/venezuela-eu-aussenbeauftragte-fordert-von-maduro-uebergabe-der-macht\/"},"author":{"name":"rtnews","@id":"https:\/\/now-news.de\/de\/#\/schema\/person\/fb534a4e865501d8b3285208df34a9b5"},"headline":"Venezuela: EU-Au\u00dfenbeauftragte fordert von Maduro \u00dcbergabe der Macht","datePublished":"2025-01-11T20:30:07+00:00","dateModified":"2025-01-11T20:30:07+00:00","mainEntityOfPage":{"@id":"https:\/\/now-news.de\/de\/deutschland\/venezuela-eu-aussenbeauftragte-fordert-von-maduro-uebergabe-der-macht\/"},"wordCount":339,"commentCount":0,"publisher":{"@id":"https:\/\/now-news.de\/de\/#organization"},"image":{"@id":"https:\/\/now-news.de\/de\/deutschland\/venezuela-eu-aussenbeauftragte-fordert-von-maduro-uebergabe-der-macht\/#primaryimage"},"thumbnailUrl":"https:\/\/now-news.de\/de\/wp-content\/uploads\/sites\/3\/2025\/01\/Venezuela-EU-Aussenbeauftragte-fordert-von-Maduro-Uebergabe-der-Macht.jpg","keywords":["der","EUAu\u00dfenbeauftragte","fordert","Macht","Maduro","\u00dcbergabe","Venezuela","von"],"articleSection":["Deutschland","Russland"],"inLanguage":"de","potentialAction":[{"@type":"CommentAction","name":"Comment","target":["https:\/\/now-news.de\/de\/deutschland\/venezuela-eu-aussenbeauftragte-fordert-von-maduro-uebergabe-der-macht\/#respond"]}]},{"@type":"WebPage","@id":"https:\/\/now-news.de\/de\/deutschland\/venezuela-eu-aussenbeauftragte-fordert-von-maduro-uebergabe-der-macht\/","url":"https:\/\/now-news.de\/de\/deutschland\/venezuela-eu-aussenbeauftragte-fordert-von-maduro-uebergabe-der-macht\/","name":"Venezuela: EU-Au\u00dfenbeauftragte fordert von Maduro \u00dcbergabe der Macht - just-now.NEWS Deutschland","isPartOf":{"@id":"https:\/\/now-news.de\/de\/#website"},"primaryImageOfPage":{"@id":"https:\/\/now-news.de\/de\/deutschland\/venezuela-eu-aussenbeauftragte-fordert-von-maduro-uebergabe-der-macht\/#primaryimage"},"image":{"@id":"https:\/\/now-news.de\/de\/deutschland\/venezuela-eu-aussenbeauftragte-fordert-von-maduro-uebergabe-der-macht\/#primaryimage"},"thumbnailUrl":"https:\/\/now-news.de\/de\/wp-content\/uploads\/sites\/3\/2025\/01\/Venezuela-EU-Aussenbeauftragte-fordert-von-Maduro-Uebergabe-der-Macht.jpg","datePublished":"2025-01-11T20:30:07+00:00","dateModified":"2025-01-11T20:30:07+00:00","breadcrumb":{"@id":"https:\/\/now-news.de\/de\/deutschland\/venezuela-eu-aussenbeauftragte-fordert-von-maduro-uebergabe-der-macht\/#breadcrumb"},"inLanguage":"de","potentialAction":[{"@type":"ReadAction","target":["https:\/\/now-news.de\/de\/deutschland\/venezuela-eu-aussenbeauftragte-fordert-von-maduro-uebergabe-der-macht\/"]}]},{"@type":"ImageObject","inLanguage":"de","@id":"https:\/\/now-news.de\/de\/deutschland\/venezuela-eu-aussenbeauftragte-fordert-von-maduro-uebergabe-der-macht\/#primaryimage","url":"https:\/\/now-news.de\/de\/wp-content\/uploads\/sites\/3\/2025\/01\/Venezuela-EU-Aussenbeauftragte-fordert-von-Maduro-Uebergabe-der-Macht.jpg","contentUrl":"https:\/\/now-news.de\/de\/wp-content\/uploads\/sites\/3\/2025\/01\/Venezuela-EU-Aussenbeauftragte-fordert-von-Maduro-Uebergabe-der-Macht.jpg","width":460,"height":259,"caption":"Venezuela: EU-Au\u00dfenbeauftragte fordert von Maduro \u00dcbergabe der Macht"},{"@type":"BreadcrumbList","@id":"https:\/\/now-news.de\/de\/deutschland\/venezuela-eu-aussenbeauftragte-fordert-von-maduro-uebergabe-der-macht\/#breadcrumb","itemListElement":[{"@type":"ListItem","position":1,"name":"Home","item":"https:\/\/now-news.de\/de\/"},{"@type":"ListItem","position":2,"name":"Venezuela: EU-Au\u00dfenbeauftragte fordert von Maduro \u00dcbergabe der Macht"}]},{"@type":"WebSite","@id":"https:\/\/now-news.de\/de\/#website","url":"https:\/\/now-news.de\/de\/","name":"just-now.NEWS Deutschland","description":"Das Portal f\u00fcr unzensierte Nachrichten aus der Welt","publisher":{"@id":"https:\/\/now-news.de\/de\/#organization"},"potentialAction":[{"@type":"SearchAction","target":{"@type":"EntryPoint","urlTemplate":"https:\/\/now-news.de\/de\/?s={search_term_string}"},"query-input":"required name=search_term_string"}],"inLanguage":"de"},{"@type":"Organization","@id":"https:\/\/now-news.de\/de\/#organization","name":"Just Now News","url":"https:\/\/now-news.de\/de\/","logo":{"@type":"ImageObject","inLanguage":"de","@id":"https:\/\/now-news.de\/de\/#\/schema\/logo\/image\/","url":"http:\/\/just-now.news\/de\/wp-content\/uploads\/sites\/3\/2022\/04\/logo500x500.jpg","contentUrl":"http:\/\/just-now.news\/de\/wp-content\/uploads\/sites\/3\/2022\/04\/logo500x500.jpg","width":500,"height":500,"caption":"Just Now News"},"image":{"@id":"https:\/\/now-news.de\/de\/#\/schema\/logo\/image\/"},"sameAs":["https:\/\/www.facebook.com\/wirmachenauf","https:\/\/x.com\/WirMachenAuf_de"]},{"@type":"Person","@id":"https:\/\/now-news.de\/de\/#\/schema\/person\/fb534a4e865501d8b3285208df34a9b5","name":"rtnews","image":{"@type":"ImageObject","inLanguage":"de","@id":"https:\/\/now-news.de\/de\/#\/schema\/person\/image\/","url":"https:\/\/secure.gravatar.com\/avatar\/82aafea7d8127119dd649515f56e2117?s=96&d=mm&r=g","contentUrl":"https:\/\/secure.gravatar.com\/avatar\/82aafea7d8127119dd649515f56e2117?s=96&d=mm&r=g","caption":"rtnews"},"url":"https:\/\/now-news.de\/de\/author\/rnews\/"}]}},"_links":{"self":[{"href":"https:\/\/now-news.de\/de\/wp-json\/wp\/v2\/posts\/76192"}],"collection":[{"href":"https:\/\/now-news.de\/de\/wp-json\/wp\/v2\/posts"}],"about":[{"href":"https:\/\/now-news.de\/de\/wp-json\/wp\/v2\/types\/post"}],"author":[{"embeddable":true,"href":"https:\/\/now-news.de\/de\/wp-json\/wp\/v2\/users\/3"}],"replies":[{"embeddable":true,"href":"https:\/\/now-news.de\/de\/wp-json\/wp\/v2\/comments?post=76192"}],"version-history":[{"count":0,"href":"https:\/\/now-news.de\/de\/wp-json\/wp\/v2\/posts\/76192\/revisions"}],"wp:featuredmedia":[{"embeddable":true,"href":"https:\/\/now-news.de\/de\/wp-json\/wp\/v2\/media\/76193"}],"wp:attachment":[{"href":"https:\/\/now-news.de\/de\/wp-json\/wp\/v2\/media?parent=76192"}],"wp:term":[{"taxonomy":"category","embeddable":true,"href":"https:\/\/now-news.de\/de\/wp-json\/wp\/v2\/categories?post=76192"},{"taxonomy":"post_tag","embeddable":true,"href":"https:\/\/now-news.de\/de\/wp-json\/wp\/v2\/tags?post=76192"}],"curies":[{"name":"wp","href":"https:\/\/api.w.org\/{rel}","templated":true}]}}