{"id":76184,"date":"2025-01-11T21:01:03","date_gmt":"2025-01-11T19:01:03","guid":{"rendered":"https:\/\/now-news.de\/de\/deutschland\/das-elend-mit-dem-krieg-nach-der-wahl-kommt-der-soziale-kahlschlag\/"},"modified":"2025-01-11T21:01:03","modified_gmt":"2025-01-11T19:01:03","slug":"das-elend-mit-dem-krieg-nach-der-wahl-kommt-der-soziale-kahlschlag","status":"publish","type":"post","link":"https:\/\/now-news.de\/de\/deutschland\/das-elend-mit-dem-krieg-nach-der-wahl-kommt-der-soziale-kahlschlag\/","title":{"rendered":"Das Elend mit dem Krieg \u2013 Nach der Wahl kommt der soziale Kahlschlag"},"content":{"rendered":"<p><img decoding=\"async\" src=\"https:\/\/now-news.de\/de\/wp-content\/uploads\/sites\/3\/2025\/01\/678169f848fbef147f4455b1.jpg\" \/><\/p>\n<div class=\"Text-root Text-type_1 \">\n                Ein \u00d6konom will die Rentner f\u00fcr Aufr\u00fcstung und Ukraine-Unterst\u00fctzung bezahlen lassen. Sein Verdienst ist, die Deutschen darauf einzustimmen, was nach der Wahl auf sie zukommt. Aufr\u00fcstung und Unterst\u00fctzung der Ukraine werden in Deutschland zu einem radikalen Kahlschlag f\u00fchren.\n            <\/div>\n<p><\/p>\n<div class=\"Text-root Text-type_5 ArticleView-text ViewText-root \">\n<p><em>Von Gert Ewen Ungar<\/em><\/p>\n<p>Krieg ist teuer. Das gilt auch dann, wenn man ihn nicht selbst f\u00fchrt, sondern das Krieg f\u00fchrende Land nur finanziell und durch Waffenlieferungen unterst\u00fctzt. Krieg wird noch teurer, wenn man sich in Verkennung der Zusammenh\u00e4nge um seine Wettbewerbsf\u00e4higkeit bringt, indem man\u00a0die eigene Wirtschaft vom Zugang zu g\u00fcnstiger Energie und zu Wachstumsm\u00e4rkten abschneidet.<\/p>\n<p>Deutschland macht beides, befindet sich daher im zweiten Jahr in Folge in der Rezession und wird vermutlich auch in diesem Jahr nicht aus ihr herausfinden. Politisch umsteuern wollen die etablierten Parteien nicht. Die Unterst\u00fctzung der Ukraine soll ebenso aufrechterhalten werden wie das Sanktionsregime gegen Russland, das der deutschen Wirtschaft eindeutig gr\u00f6\u00dferen Schaden zuf\u00fcgt als Russland. Man hat sich verrechnet, leider aber auf die Ausarbeitung eines Plan\u00a0B verzichtet, weil man sich sicher war, dass es dieses Mal klappt, Russland zu ruinieren.<\/p>\n<p>Zudem soll massiv aufger\u00fcstet werden. Die Zahlen werden immer irrer. Das Zwei-Prozent-Ziel der NATO hat Deutschland inzwischen erreicht, nun sollen es drei Prozent werden. Oder vielleicht doch f\u00fcnf? Vom BIP wohlgemerkt, nicht vom Staatshaushalt. So um die 200\u00a0Milliarden Euro, hie\u00dfe das.<\/p>\n<p>Diese enormen Summen m\u00fcssen bei abnehmender Wirtschaftsleistung irgendwo herkommen. Der Pr\u00e4sident des Kieler Instituts f\u00fcr Weltwirtschaft (IfW) hat eine Quelle ausgemacht: die Rentner. Sie sollen f\u00fcr die Finanzierung von Krieg und Aufr\u00fcstung verzichten. Es werde &#8220;ohne K\u00fcrzungen und Umschichtungen im Haushalt nicht gehen&#8221;, sagte IfW-Pr\u00e4sident Moritz Schularick.<\/p>\n<p>Nachdem aus der Rentenkasse bereits die deutsche Einheit bezahlt wurde, soll daraus nun Aufr\u00fcstung und Krieg finanziert werden. Es ist nat\u00fcrlich Betrug, denn es handelt sich bei den Rentenzahlungen nicht um ein staatliches Almosen, auch wenn das gern behauptet wird. Die Rente ist eine Versicherungsleistung, die angehenden Rentner haben f\u00fcr ihr Auskommen im Alter Beitr\u00e4ge bezahlt. Die Frage ist allerdings, wo sich diese Leistung einklagen l\u00e4sst.<\/p>\n<p>Dennoch ist Schularick f\u00fcr seine offenen Worte zu danken. Denn nat\u00fcrlich hat der Ukraine-Krieg Konsequenzen, zumal der Krieg f\u00fcr den Westen absehbar verloren geht. Zu all den Kosten f\u00fcr Waffenlieferungen und f\u00fcr Aufr\u00fcstung kommen wohl noch die Kosten f\u00fcr den Wiederaufbau der Ukraine hinzu. Berlin hat den Krieg in die L\u00e4nge gezogen, Diplomatie abgelehnt und auf einen Sieg der Ukraine \u00fcber Russland gesetzt. Es ist daher klar, dass Deutschland zur Kasse gebeten werden wird. Deutsche Politik ist ma\u00dfgeblich mitverantwortlich f\u00fcr die Entwicklung hin zum Krieg, f\u00fcr das, was in der Ukraine passiert ist und gerade noch passiert. Es wird f\u00fcr Deutschland absehbar teuer.<\/p>\n<p>Schularick deutet daher nur zart an, worauf sich die Deutschen nach der Bundestagswahl allen Wahlversprechen zum Trotz schon mal einstellen k\u00f6nnen. Da hilft \u00fcbrigens auch die vermeintliche Alternative AfD nichts: Alice Weidel hat deutlich gemacht, dass sie R\u00fcstungsausgaben in H\u00f6he von f\u00fcnf Prozent des BIP f\u00fcr notwendig h\u00e4lt. Damit ist ganz unabh\u00e4ngig vom Wahlausgang klar: Nach der Bundestagswahl wird gespart und gestrichen, dass es kracht.<\/p>\n<p>Auf die Deutschen rauscht ein wirtschaftspolitischer Schock zu, der alles infrage stellen wird, was die letzten Dekaden neoliberaler Politik noch an rudiment\u00e4rem Sozialstaat \u00fcbrig gelassen haben.<\/p>\n<p>Die Politik wird die Verantwortung f\u00fcr das eigene Versagen auf die B\u00fcrger abw\u00e4lzen. Die h\u00e4tten sich zu lange ausgeruht, wird es hei\u00dfen, h\u00e4tten auf falsche Gewissheiten vertraut. Sie h\u00e4tten nur Anspr\u00fcche, seien aber nicht zur Leistung bereit. Die \u00fcbliche Rhetorik eben, die davon ablenken soll, dass es die Politik der unterschiedlichen Bundesregierungen war, die den Ukraine-Konflikt eskaliert hat, ihn nun in die L\u00e4nge zieht und sich obendrein jedem diplomatischen Kompromiss verweigert hat.<\/p>\n<p>Es sind nicht die Deutschen, die den Krieg verlieren, sondern es ist die deutsche Politik. Es sind auch nicht die Deutschen, die durch Faulheit die Wirtschaft zugrunde gerichtet haben, sondern eine verfehlte Wirtschafts- und Energiepolitik, die zudem die Konfrontation mit Russland und nun auch noch mit China sucht. Es sind nicht die Deutschen als Nation, die den Krieg in die L\u00e4nge ziehen und einen Sieg \u00fcber Russland anstreben, sondern es ist deutsche Politik.<\/p>\n<p>Es wird den Menschen in Deutschland nicht zu vermitteln sein, warum sie mit sinkendem Lebensstandard, mit zunehmender sozialer Unsicherheit, mit Arbeitslosigkeit, Wohnungslosigkeit und dem Zusammenbruch der Daseinsf\u00fcrsorge f\u00fcr die Fehler der Politik zahlen sollen, die sie nicht zu verantworten haben.<\/p>\n<p>Weil das aber so ist\u00a0und die Politik der deutschen Zivilgesellschaft dennoch die immensen Kosten f\u00fcr das eigene Versagen aufb\u00fcrden will, ist mit stabilen politischen Verh\u00e4ltnissen in Deutschland vorerst nicht zu rechnen. Erschwerend hinzu kommt, dass eine tats\u00e4chliche politische Alternative in Deutschland nicht zur Wahl steht. Die W\u00e4hler werden zwischen den Parteien aufgerieben. Auf die Deutschen kommen schwere Zeiten zu; K\u00fcrzungsorgien, vermutlich Unruhen, auf jeden Fall gesellschaftlicher Zerfall. Die Politik aber wird versuchen, sich aus der Verantwortung f\u00fcr den angerichteten Schaden zu stehlen. Sie wird zudem mit Repression auf Protest antworten. F\u00fcr die Deutschen ist der Ausblick d\u00fcster.<\/p>\n<p><strong>Mehr zum Thema\u00a0<\/strong>\u2013 <a rel=\"nofollow noopener\" target=\"_blank\" href=\"https:\/\/freedert.online\/inland\/232155-ifw-praesident-fordert-rentner-sollen\/\">IfW-Pr\u00e4sident fordert: Rentner sollen wegen h\u00f6herer Verteidigungsausgaben verzichten<\/a><\/p>\n<\/div>\n<p><br \/>\n<br \/><a href=\"https:\/\/de.rt.com\/meinung\/232416-das-elend-mit-dem-krieg-nach-der-wahl-kommt-der-soziale-kahlschlag\/\">Source link <\/a><\/p>\n","protected":false},"excerpt":{"rendered":"<p>Ein \u00d6konom will die Rentner f\u00fcr Aufr\u00fcstung und Ukraine-Unterst\u00fctzung bezahlen lassen. Sein Verdienst ist, die Deutschen darauf einzustimmen, was nach der Wahl auf sie zukommt. Aufr\u00fcstung und Unterst\u00fctzung der Ukraine werden in Deutschland zu einem radikalen Kahlschlag f\u00fchren. Von Gert Ewen Ungar Krieg ist teuer. Das gilt auch dann, wenn man ihn nicht selbst f\u00fchrt, [&hellip;]<\/p>\n","protected":false},"author":3,"featured_media":76185,"comment_status":"open","ping_status":"open","sticky":false,"template":"","format":"standard","meta":{"_yoast_indexnow_last_ping":["1736622842"],"wp_automatic_camp":["217"],"4bbbc0c49d2c2acb0b76b8529c8dd6c2":["Das Elend mit dem Krieg \u2013 Nach der Wahl kommt der soziale Kahlschlag"],"original_link":["https:\/\/de.rt.com\/meinung\/232416-das-elend-mit-dem-krieg-nach-der-wahl-kommt-der-soziale-kahlschlag\/"],"_thumbnail_id":["76185"],"_wptgpro_p2tg_sent2tg":["a:1:{i:23737;s:19:\"2025-01-11 21:15:00\";}"],"jnews_social_counter_last_update":["1777325040"]},"categories":[19,23],"tags":[427,134,82,34158,40675,310,130,419,979,21748,4351],"yoast_head":"<!-- This site is optimized with the Yoast SEO Premium plugin v22.7 (Yoast SEO v22.7) - https:\/\/yoast.com\/wordpress\/plugins\/seo\/ -->\n<title>Das Elend mit dem Krieg \u2013 Nach der Wahl kommt der soziale Kahlschlag - just-now.NEWS Deutschland<\/title>\n<meta name=\"robots\" content=\"index, follow, max-snippet:-1, max-image-preview:large, max-video-preview:-1\" \/>\n<link rel=\"canonical\" href=\"https:\/\/now-news.de\/de\/deutschland\/das-elend-mit-dem-krieg-nach-der-wahl-kommt-der-soziale-kahlschlag\/\" \/>\n<meta property=\"og:locale\" content=\"de_DE\" \/>\n<meta property=\"og:type\" content=\"article\" \/>\n<meta property=\"og:title\" content=\"Das Elend mit dem Krieg \u2013 Nach der Wahl kommt der soziale Kahlschlag\" \/>\n<meta property=\"og:description\" content=\"Ein \u00d6konom will die Rentner f\u00fcr Aufr\u00fcstung und Ukraine-Unterst\u00fctzung bezahlen lassen. Sein Verdienst ist, die Deutschen darauf einzustimmen, was nach der Wahl auf sie zukommt. Aufr\u00fcstung und Unterst\u00fctzung der Ukraine werden in Deutschland zu einem radikalen Kahlschlag f\u00fchren. Von Gert Ewen Ungar Krieg ist teuer. Das gilt auch dann, wenn man ihn nicht selbst f\u00fchrt, [&hellip;]\" \/>\n<meta property=\"og:url\" content=\"https:\/\/now-news.de\/de\/deutschland\/das-elend-mit-dem-krieg-nach-der-wahl-kommt-der-soziale-kahlschlag\/\" \/>\n<meta property=\"og:site_name\" content=\"just-now.NEWS Deutschland\" \/>\n<meta property=\"article:publisher\" content=\"https:\/\/www.facebook.com\/wirmachenauf\" \/>\n<meta property=\"article:published_time\" content=\"2025-01-11T19:01:03+00:00\" \/>\n<meta property=\"og:image\" content=\"https:\/\/now-news.de\/de\/wp-content\/uploads\/sites\/3\/2025\/01\/678169f848fbef147f4455b1.jpg\" \/>\n<meta name=\"author\" content=\"rtnews\" \/>\n<meta name=\"twitter:card\" content=\"summary_large_image\" \/>\n<meta name=\"twitter:creator\" content=\"@WirMachenAuf_de\" \/>\n<meta name=\"twitter:site\" content=\"@WirMachenAuf_de\" \/>\n<meta name=\"twitter:label1\" content=\"Verfasst von\" \/>\n\t<meta name=\"twitter:data1\" content=\"rtnews\" \/>\n\t<meta name=\"twitter:label2\" content=\"Gesch\u00e4tzte Lesezeit\" \/>\n\t<meta name=\"twitter:data2\" content=\"4\u00a0Minuten\" \/>\n<script type=\"application\/ld+json\" class=\"yoast-schema-graph\">{\"@context\":\"https:\/\/schema.org\",\"@graph\":[{\"@type\":\"Article\",\"@id\":\"https:\/\/now-news.de\/de\/deutschland\/das-elend-mit-dem-krieg-nach-der-wahl-kommt-der-soziale-kahlschlag\/#article\",\"isPartOf\":{\"@id\":\"https:\/\/now-news.de\/de\/deutschland\/das-elend-mit-dem-krieg-nach-der-wahl-kommt-der-soziale-kahlschlag\/\"},\"author\":{\"name\":\"rtnews\",\"@id\":\"https:\/\/now-news.de\/de\/#\/schema\/person\/fb534a4e865501d8b3285208df34a9b5\"},\"headline\":\"Das Elend mit dem Krieg \u2013 Nach der Wahl kommt der soziale Kahlschlag\",\"datePublished\":\"2025-01-11T19:01:03+00:00\",\"dateModified\":\"2025-01-11T19:01:03+00:00\",\"mainEntityOfPage\":{\"@id\":\"https:\/\/now-news.de\/de\/deutschland\/das-elend-mit-dem-krieg-nach-der-wahl-kommt-der-soziale-kahlschlag\/\"},\"wordCount\":907,\"commentCount\":0,\"publisher\":{\"@id\":\"https:\/\/now-news.de\/de\/#organization\"},\"image\":{\"@id\":\"https:\/\/now-news.de\/de\/deutschland\/das-elend-mit-dem-krieg-nach-der-wahl-kommt-der-soziale-kahlschlag\/#primaryimage\"},\"thumbnailUrl\":\"https:\/\/now-news.de\/de\/wp-content\/uploads\/sites\/3\/2025\/01\/Das-Elend-mit-dem-Krieg-\u2013-Nach-der-Wahl-kommt.jpg\",\"keywords\":[\"das\",\"DEM\",\"der\",\"Elend\",\"Kahlschlag\",\"kommt\",\"krieg\",\"mit\",\"nach\",\"soziale\",\"Wahl\"],\"articleSection\":[\"Deutschland\",\"Russland\"],\"inLanguage\":\"de\",\"potentialAction\":[{\"@type\":\"CommentAction\",\"name\":\"Comment\",\"target\":[\"https:\/\/now-news.de\/de\/deutschland\/das-elend-mit-dem-krieg-nach-der-wahl-kommt-der-soziale-kahlschlag\/#respond\"]}]},{\"@type\":\"WebPage\",\"@id\":\"https:\/\/now-news.de\/de\/deutschland\/das-elend-mit-dem-krieg-nach-der-wahl-kommt-der-soziale-kahlschlag\/\",\"url\":\"https:\/\/now-news.de\/de\/deutschland\/das-elend-mit-dem-krieg-nach-der-wahl-kommt-der-soziale-kahlschlag\/\",\"name\":\"Das Elend mit dem Krieg \u2013 Nach der Wahl kommt der soziale Kahlschlag - just-now.NEWS Deutschland\",\"isPartOf\":{\"@id\":\"https:\/\/now-news.de\/de\/#website\"},\"primaryImageOfPage\":{\"@id\":\"https:\/\/now-news.de\/de\/deutschland\/das-elend-mit-dem-krieg-nach-der-wahl-kommt-der-soziale-kahlschlag\/#primaryimage\"},\"image\":{\"@id\":\"https:\/\/now-news.de\/de\/deutschland\/das-elend-mit-dem-krieg-nach-der-wahl-kommt-der-soziale-kahlschlag\/#primaryimage\"},\"thumbnailUrl\":\"https:\/\/now-news.de\/de\/wp-content\/uploads\/sites\/3\/2025\/01\/Das-Elend-mit-dem-Krieg-\u2013-Nach-der-Wahl-kommt.jpg\",\"datePublished\":\"2025-01-11T19:01:03+00:00\",\"dateModified\":\"2025-01-11T19:01:03+00:00\",\"breadcrumb\":{\"@id\":\"https:\/\/now-news.de\/de\/deutschland\/das-elend-mit-dem-krieg-nach-der-wahl-kommt-der-soziale-kahlschlag\/#breadcrumb\"},\"inLanguage\":\"de\",\"potentialAction\":[{\"@type\":\"ReadAction\",\"target\":[\"https:\/\/now-news.de\/de\/deutschland\/das-elend-mit-dem-krieg-nach-der-wahl-kommt-der-soziale-kahlschlag\/\"]}]},{\"@type\":\"ImageObject\",\"inLanguage\":\"de\",\"@id\":\"https:\/\/now-news.de\/de\/deutschland\/das-elend-mit-dem-krieg-nach-der-wahl-kommt-der-soziale-kahlschlag\/#primaryimage\",\"url\":\"https:\/\/now-news.de\/de\/wp-content\/uploads\/sites\/3\/2025\/01\/Das-Elend-mit-dem-Krieg-\u2013-Nach-der-Wahl-kommt.jpg\",\"contentUrl\":\"https:\/\/now-news.de\/de\/wp-content\/uploads\/sites\/3\/2025\/01\/Das-Elend-mit-dem-Krieg-\u2013-Nach-der-Wahl-kommt.jpg\",\"width\":460,\"height\":259,\"caption\":\"Das Elend mit dem Krieg \u2013 Nach der Wahl kommt der soziale Kahlschlag\"},{\"@type\":\"BreadcrumbList\",\"@id\":\"https:\/\/now-news.de\/de\/deutschland\/das-elend-mit-dem-krieg-nach-der-wahl-kommt-der-soziale-kahlschlag\/#breadcrumb\",\"itemListElement\":[{\"@type\":\"ListItem\",\"position\":1,\"name\":\"Home\",\"item\":\"https:\/\/now-news.de\/de\/\"},{\"@type\":\"ListItem\",\"position\":2,\"name\":\"Das Elend mit dem Krieg \u2013 Nach der Wahl kommt der soziale Kahlschlag\"}]},{\"@type\":\"WebSite\",\"@id\":\"https:\/\/now-news.de\/de\/#website\",\"url\":\"https:\/\/now-news.de\/de\/\",\"name\":\"just-now.NEWS Deutschland\",\"description\":\"Das Portal f\u00fcr unzensierte Nachrichten aus der Welt\",\"publisher\":{\"@id\":\"https:\/\/now-news.de\/de\/#organization\"},\"potentialAction\":[{\"@type\":\"SearchAction\",\"target\":{\"@type\":\"EntryPoint\",\"urlTemplate\":\"https:\/\/now-news.de\/de\/?s={search_term_string}\"},\"query-input\":\"required name=search_term_string\"}],\"inLanguage\":\"de\"},{\"@type\":\"Organization\",\"@id\":\"https:\/\/now-news.de\/de\/#organization\",\"name\":\"Just Now News\",\"url\":\"https:\/\/now-news.de\/de\/\",\"logo\":{\"@type\":\"ImageObject\",\"inLanguage\":\"de\",\"@id\":\"https:\/\/now-news.de\/de\/#\/schema\/logo\/image\/\",\"url\":\"http:\/\/just-now.news\/de\/wp-content\/uploads\/sites\/3\/2022\/04\/logo500x500.jpg\",\"contentUrl\":\"http:\/\/just-now.news\/de\/wp-content\/uploads\/sites\/3\/2022\/04\/logo500x500.jpg\",\"width\":500,\"height\":500,\"caption\":\"Just Now News\"},\"image\":{\"@id\":\"https:\/\/now-news.de\/de\/#\/schema\/logo\/image\/\"},\"sameAs\":[\"https:\/\/www.facebook.com\/wirmachenauf\",\"https:\/\/x.com\/WirMachenAuf_de\"]},{\"@type\":\"Person\",\"@id\":\"https:\/\/now-news.de\/de\/#\/schema\/person\/fb534a4e865501d8b3285208df34a9b5\",\"name\":\"rtnews\",\"image\":{\"@type\":\"ImageObject\",\"inLanguage\":\"de\",\"@id\":\"https:\/\/now-news.de\/de\/#\/schema\/person\/image\/\",\"url\":\"https:\/\/secure.gravatar.com\/avatar\/82aafea7d8127119dd649515f56e2117?s=96&d=mm&r=g\",\"contentUrl\":\"https:\/\/secure.gravatar.com\/avatar\/82aafea7d8127119dd649515f56e2117?s=96&d=mm&r=g\",\"caption\":\"rtnews\"},\"url\":\"https:\/\/now-news.de\/de\/author\/rnews\/\"}]}<\/script>\n<!-- \/ Yoast SEO Premium plugin. -->","yoast_head_json":{"title":"Das Elend mit dem Krieg \u2013 Nach der Wahl kommt der soziale Kahlschlag - just-now.NEWS Deutschland","robots":{"index":"index","follow":"follow","max-snippet":"max-snippet:-1","max-image-preview":"max-image-preview:large","max-video-preview":"max-video-preview:-1"},"canonical":"https:\/\/now-news.de\/de\/deutschland\/das-elend-mit-dem-krieg-nach-der-wahl-kommt-der-soziale-kahlschlag\/","og_locale":"de_DE","og_type":"article","og_title":"Das Elend mit dem Krieg \u2013 Nach der Wahl kommt der soziale Kahlschlag","og_description":"Ein \u00d6konom will die Rentner f\u00fcr Aufr\u00fcstung und Ukraine-Unterst\u00fctzung bezahlen lassen. Sein Verdienst ist, die Deutschen darauf einzustimmen, was nach der Wahl auf sie zukommt. Aufr\u00fcstung und Unterst\u00fctzung der Ukraine werden in Deutschland zu einem radikalen Kahlschlag f\u00fchren. Von Gert Ewen Ungar Krieg ist teuer. Das gilt auch dann, wenn man ihn nicht selbst f\u00fchrt, [&hellip;]","og_url":"https:\/\/now-news.de\/de\/deutschland\/das-elend-mit-dem-krieg-nach-der-wahl-kommt-der-soziale-kahlschlag\/","og_site_name":"just-now.NEWS Deutschland","article_publisher":"https:\/\/www.facebook.com\/wirmachenauf","article_published_time":"2025-01-11T19:01:03+00:00","og_image":[{"url":"https:\/\/now-news.de\/de\/wp-content\/uploads\/sites\/3\/2025\/01\/678169f848fbef147f4455b1.jpg"}],"author":"rtnews","twitter_card":"summary_large_image","twitter_creator":"@WirMachenAuf_de","twitter_site":"@WirMachenAuf_de","twitter_misc":{"Verfasst von":"rtnews","Gesch\u00e4tzte Lesezeit":"4\u00a0Minuten"},"schema":{"@context":"https:\/\/schema.org","@graph":[{"@type":"Article","@id":"https:\/\/now-news.de\/de\/deutschland\/das-elend-mit-dem-krieg-nach-der-wahl-kommt-der-soziale-kahlschlag\/#article","isPartOf":{"@id":"https:\/\/now-news.de\/de\/deutschland\/das-elend-mit-dem-krieg-nach-der-wahl-kommt-der-soziale-kahlschlag\/"},"author":{"name":"rtnews","@id":"https:\/\/now-news.de\/de\/#\/schema\/person\/fb534a4e865501d8b3285208df34a9b5"},"headline":"Das Elend mit dem Krieg \u2013 Nach der Wahl kommt der soziale Kahlschlag","datePublished":"2025-01-11T19:01:03+00:00","dateModified":"2025-01-11T19:01:03+00:00","mainEntityOfPage":{"@id":"https:\/\/now-news.de\/de\/deutschland\/das-elend-mit-dem-krieg-nach-der-wahl-kommt-der-soziale-kahlschlag\/"},"wordCount":907,"commentCount":0,"publisher":{"@id":"https:\/\/now-news.de\/de\/#organization"},"image":{"@id":"https:\/\/now-news.de\/de\/deutschland\/das-elend-mit-dem-krieg-nach-der-wahl-kommt-der-soziale-kahlschlag\/#primaryimage"},"thumbnailUrl":"https:\/\/now-news.de\/de\/wp-content\/uploads\/sites\/3\/2025\/01\/Das-Elend-mit-dem-Krieg-\u2013-Nach-der-Wahl-kommt.jpg","keywords":["das","DEM","der","Elend","Kahlschlag","kommt","krieg","mit","nach","soziale","Wahl"],"articleSection":["Deutschland","Russland"],"inLanguage":"de","potentialAction":[{"@type":"CommentAction","name":"Comment","target":["https:\/\/now-news.de\/de\/deutschland\/das-elend-mit-dem-krieg-nach-der-wahl-kommt-der-soziale-kahlschlag\/#respond"]}]},{"@type":"WebPage","@id":"https:\/\/now-news.de\/de\/deutschland\/das-elend-mit-dem-krieg-nach-der-wahl-kommt-der-soziale-kahlschlag\/","url":"https:\/\/now-news.de\/de\/deutschland\/das-elend-mit-dem-krieg-nach-der-wahl-kommt-der-soziale-kahlschlag\/","name":"Das Elend mit dem Krieg \u2013 Nach der Wahl kommt der soziale Kahlschlag - just-now.NEWS Deutschland","isPartOf":{"@id":"https:\/\/now-news.de\/de\/#website"},"primaryImageOfPage":{"@id":"https:\/\/now-news.de\/de\/deutschland\/das-elend-mit-dem-krieg-nach-der-wahl-kommt-der-soziale-kahlschlag\/#primaryimage"},"image":{"@id":"https:\/\/now-news.de\/de\/deutschland\/das-elend-mit-dem-krieg-nach-der-wahl-kommt-der-soziale-kahlschlag\/#primaryimage"},"thumbnailUrl":"https:\/\/now-news.de\/de\/wp-content\/uploads\/sites\/3\/2025\/01\/Das-Elend-mit-dem-Krieg-\u2013-Nach-der-Wahl-kommt.jpg","datePublished":"2025-01-11T19:01:03+00:00","dateModified":"2025-01-11T19:01:03+00:00","breadcrumb":{"@id":"https:\/\/now-news.de\/de\/deutschland\/das-elend-mit-dem-krieg-nach-der-wahl-kommt-der-soziale-kahlschlag\/#breadcrumb"},"inLanguage":"de","potentialAction":[{"@type":"ReadAction","target":["https:\/\/now-news.de\/de\/deutschland\/das-elend-mit-dem-krieg-nach-der-wahl-kommt-der-soziale-kahlschlag\/"]}]},{"@type":"ImageObject","inLanguage":"de","@id":"https:\/\/now-news.de\/de\/deutschland\/das-elend-mit-dem-krieg-nach-der-wahl-kommt-der-soziale-kahlschlag\/#primaryimage","url":"https:\/\/now-news.de\/de\/wp-content\/uploads\/sites\/3\/2025\/01\/Das-Elend-mit-dem-Krieg-\u2013-Nach-der-Wahl-kommt.jpg","contentUrl":"https:\/\/now-news.de\/de\/wp-content\/uploads\/sites\/3\/2025\/01\/Das-Elend-mit-dem-Krieg-\u2013-Nach-der-Wahl-kommt.jpg","width":460,"height":259,"caption":"Das Elend mit dem Krieg \u2013 Nach der Wahl kommt der soziale Kahlschlag"},{"@type":"BreadcrumbList","@id":"https:\/\/now-news.de\/de\/deutschland\/das-elend-mit-dem-krieg-nach-der-wahl-kommt-der-soziale-kahlschlag\/#breadcrumb","itemListElement":[{"@type":"ListItem","position":1,"name":"Home","item":"https:\/\/now-news.de\/de\/"},{"@type":"ListItem","position":2,"name":"Das Elend mit dem Krieg \u2013 Nach der Wahl kommt der soziale Kahlschlag"}]},{"@type":"WebSite","@id":"https:\/\/now-news.de\/de\/#website","url":"https:\/\/now-news.de\/de\/","name":"just-now.NEWS Deutschland","description":"Das Portal f\u00fcr unzensierte Nachrichten aus der Welt","publisher":{"@id":"https:\/\/now-news.de\/de\/#organization"},"potentialAction":[{"@type":"SearchAction","target":{"@type":"EntryPoint","urlTemplate":"https:\/\/now-news.de\/de\/?s={search_term_string}"},"query-input":"required name=search_term_string"}],"inLanguage":"de"},{"@type":"Organization","@id":"https:\/\/now-news.de\/de\/#organization","name":"Just Now News","url":"https:\/\/now-news.de\/de\/","logo":{"@type":"ImageObject","inLanguage":"de","@id":"https:\/\/now-news.de\/de\/#\/schema\/logo\/image\/","url":"http:\/\/just-now.news\/de\/wp-content\/uploads\/sites\/3\/2022\/04\/logo500x500.jpg","contentUrl":"http:\/\/just-now.news\/de\/wp-content\/uploads\/sites\/3\/2022\/04\/logo500x500.jpg","width":500,"height":500,"caption":"Just Now News"},"image":{"@id":"https:\/\/now-news.de\/de\/#\/schema\/logo\/image\/"},"sameAs":["https:\/\/www.facebook.com\/wirmachenauf","https:\/\/x.com\/WirMachenAuf_de"]},{"@type":"Person","@id":"https:\/\/now-news.de\/de\/#\/schema\/person\/fb534a4e865501d8b3285208df34a9b5","name":"rtnews","image":{"@type":"ImageObject","inLanguage":"de","@id":"https:\/\/now-news.de\/de\/#\/schema\/person\/image\/","url":"https:\/\/secure.gravatar.com\/avatar\/82aafea7d8127119dd649515f56e2117?s=96&d=mm&r=g","contentUrl":"https:\/\/secure.gravatar.com\/avatar\/82aafea7d8127119dd649515f56e2117?s=96&d=mm&r=g","caption":"rtnews"},"url":"https:\/\/now-news.de\/de\/author\/rnews\/"}]}},"_links":{"self":[{"href":"https:\/\/now-news.de\/de\/wp-json\/wp\/v2\/posts\/76184"}],"collection":[{"href":"https:\/\/now-news.de\/de\/wp-json\/wp\/v2\/posts"}],"about":[{"href":"https:\/\/now-news.de\/de\/wp-json\/wp\/v2\/types\/post"}],"author":[{"embeddable":true,"href":"https:\/\/now-news.de\/de\/wp-json\/wp\/v2\/users\/3"}],"replies":[{"embeddable":true,"href":"https:\/\/now-news.de\/de\/wp-json\/wp\/v2\/comments?post=76184"}],"version-history":[{"count":0,"href":"https:\/\/now-news.de\/de\/wp-json\/wp\/v2\/posts\/76184\/revisions"}],"wp:featuredmedia":[{"embeddable":true,"href":"https:\/\/now-news.de\/de\/wp-json\/wp\/v2\/media\/76185"}],"wp:attachment":[{"href":"https:\/\/now-news.de\/de\/wp-json\/wp\/v2\/media?parent=76184"}],"wp:term":[{"taxonomy":"category","embeddable":true,"href":"https:\/\/now-news.de\/de\/wp-json\/wp\/v2\/categories?post=76184"},{"taxonomy":"post_tag","embeddable":true,"href":"https:\/\/now-news.de\/de\/wp-json\/wp\/v2\/tags?post=76184"}],"curies":[{"name":"wp","href":"https:\/\/api.w.org\/{rel}","templated":true}]}}