{"id":76178,"date":"2025-01-11T17:42:14","date_gmt":"2025-01-11T15:42:14","guid":{"rendered":"https:\/\/now-news.de\/de\/deutschland\/eventin-wie-rund-um-eine-havarie-eine-kriegserzaehlung-gestrickt-wird\/"},"modified":"2025-01-11T17:42:14","modified_gmt":"2025-01-11T15:42:14","slug":"eventin-wie-rund-um-eine-havarie-eine-kriegserzaehlung-gestrickt-wird","status":"publish","type":"post","link":"https:\/\/now-news.de\/de\/deutschland\/eventin-wie-rund-um-eine-havarie-eine-kriegserzaehlung-gestrickt-wird\/","title":{"rendered":"Eventin: Wie rund um eine Havarie eine Kriegserz\u00e4hlung gestrickt wird"},"content":{"rendered":"<p><img decoding=\"async\" src=\"https:\/\/now-news.de\/de\/wp-content\/uploads\/sites\/3\/2025\/01\/67827173b480cc09886ca9b7.jpg\" \/><\/p>\n<div class=\"Text-root Text-type_1 \">\n                Was rund um den Stromausfall auf der Eventin gestrickt wird, ist absolut haneb\u00fcchen und hat nur noch eine marginale Verbindung zur Wirklichkeit. Aber es dient dazu, den Deutschen die Allgegenwart einer russischen Gefahr ins Hirn zu rammen.\n            <\/div>\n<p><\/p>\n<div class=\"Text-root Text-type_5 ArticleView-text ViewText-root \">\n<p><em>Von Dagmar Henn<\/em><\/p>\n<p>Der vermeintlich russische Tanker Eventin liegt nach wie vor vor R\u00fcgen, inzwischen nur auf der anderen Seite der Insel vor Kap Arkona. Das Schiff war nach einem Ausfall der Stromversorgung man\u00f6vrierunf\u00e4hig geworden; da aber bis Sonntag noch mit B\u00f6en bis zu Windst\u00e4rke\u00a07 gerechnet wird, wird eine eventuell n\u00f6tige Schleppung in einen Hafen (vermutlich Rostock) noch einige Zeit verz\u00f6gert werden.<\/p>\n<p>W\u00e4hrenddessen haben die deutschen Medien ihre propagandistische Begleitung hochgefahren: Julian R\u00f6pcke <a rel=\"nofollow noopener\" target=\"_blank\" href=\"https:\/\/www.bild.de\/politik\/ausland-und-internationales\/russischer-oel-tanker-in-der-ostsee-so-fuehrt-putins-geheime-schattenflotte-krieg-67813861ab975444352c9258\">schrieb<\/a> in der <em>Bild<\/em> unter der \u00dcberschrift &#8220;Putins perfide Strategie mit der Schattenflotte&#8221; von einer &#8220;hybriden Gefahrenlage&#8221;; nach der <em>Frankfurter Rundschau<\/em>\u00a0<a rel=\"nofollow noopener\" target=\"_blank\" href=\"https:\/\/www.fr.de\/wirtschaft\/putin-schickt-maroden-oeltanker-los-und-gefaehrdet-deutsche-gewaesser-zr-93509534.html\">bedroht<\/a> Putin &#8220;die Ostsee mit einem der gef\u00e4hrlichsten Schrotttanker&#8221;, und ein Meeresbiologe von Greenpeace wird genutzt, um weitere Sanktionen zu fordern:<\/p>\n<p><em>&#8220;Wir fordern die EU auf, auf Basis der Greenpeace-Liste der gef\u00e4hrlichsten \u00d6ltanker\u00a0weitere, dringend notwendige Sanktionen zu beschlie\u00dfen.&#8221;<\/em><\/p>\n<p>Eine Forderung, die in \u00fcberraschendem Einklang mit den von der Regierung Biden gerade als &#8220;Abschiedsgeschenk&#8221; neu verh\u00e4ngten US-Sanktionen \u00fcber weitere Schiffe steht. Die Organisation, die in Deutschland gewisserma\u00dfen der Rammbock f\u00fcr das politisch problematische NGO-Unwesen war, liefert gar eine eigene Liste mit 192\u00a0Schiffen, die sie als gef\u00e4hrlich deklariert. Die Eventin, so der Greenpeace-Vertreter, sei in der Vergangenheit &#8220;bereits mehrfach negativ aufgefallen. Das Schiff absolvierte besonders gef\u00e4hrliche Schiff-zu-Schiff-Transporte von \u00d6l und es wurden technische M\u00e4ngel registriert.&#8221; Allerdings ist die Eventin mit 19\u00a0Jahren mitnichten besonders alt oder marode; das ist das Durchschnittsalter der weltweiten Tankerflotte, die jedoch auch Greenpeace nur besonders im Blick zu haben scheint, wenn das \u00d6l, das die Tanker transportieren, russischen Ursprungs ist.<\/p>\n<p>Die <em>Tagesschau<\/em> m\u00fcht sich sogar, die <em>Bild<\/em> noch zu \u00fcbertreffen, und <a rel=\"nofollow noopener\" target=\"_blank\" href=\"https:\/\/www.tagesschau.de\/ausland\/europa\/russische-schattenflotte-ostsee-100.html\">titelt<\/a>\u00a0&#8220;Ein Krieg ganz in unserer N\u00e4he&#8221;.<\/p>\n<p>Auch Au\u00dfenministerin Annalena Baerbock <a rel=\"nofollow noopener\" target=\"_blank\" href=\"https:\/\/www.t-online.de\/nachrichten\/deutschland\/aussenpolitik\/id_100571154\/tanker-havarie-vor-ruegen-baerbock-kritisiert-russland-scharf.html\">meinte<\/a>, sich zur Havarie der Eventin \u00e4u\u00dfern zu m\u00fcssen.<\/p>\n<p><em>&#8220;Russland gef\u00e4hrdet unsere europ\u00e4ische Sicherheit nicht nur mit seinem v\u00f6lkerrechtswidrigen Angriffskrieg auf die Ukraine, sondern auch mit durchtrennten Kabeln, verschobenen Grenzbojen, Desinformationskampagnen, GPS-St\u00f6rsendern und eben auch mit maroden \u00d6ltankern.&#8221;<\/em><\/p>\n<p>Sie erkl\u00e4rt das zu einem Teil eines besonders b\u00f6sartigen Plans:<\/p>\n<p><em>&#8220;Mit dem ruchlosen Einsatz einer Flotte von rostigen Tankern umgeht Putin nicht nur die Sanktionen, sondern nimmt auch billigend in Kauf, dass der Tourismus an der Ostsee zum Erliegen kommt\u00a0\u2013 sei es im Baltikum, in Polen oder bei uns.&#8221;<\/em><\/p>\n<p>Und sie r\u00fchmt sich des Weiteren, allein elf der 52 im Dezember von der EU sanktionierten Schiffe seien von Deutschland vorgeschlagen worden. Die Liste der sanktionierten Schiffe umfasst jedoch neben Tankern, die ohnehin die pazifische Route von Russland nach China bedienen, auch neueste, eisg\u00e4ngige LNG-Tanker sowie zwei brandneue, mit Erdgas betriebene Tanker, und die betroffenen Schiffe sind mit einem Durchschnittsalter von 13,5\u00a0Jahren weit neuer als der globale Durchschnitt. Die Behauptung, es handele sich um Teile einer &#8220;maroden Schattenflotte&#8221; entbehrt also jeder Faktengrundlage.<\/p>\n<p>Die <em>Zeit<\/em>\u00a0<a rel=\"nofollow noopener\" target=\"_blank\" href=\"https:\/\/www.zeit.de\/gesellschaft\/zeitgeschehen\/2025-01\/oeltanker-eventin-russische-schattenflotte-ostsee-ruegen-sturm\">garniert<\/a> ihren Artikel zum Fall der Eventin noch mit der Erw\u00e4hnung zweier weiterer Zwischenf\u00e4lle auf der Ostsee: eines Brandes auf dem kleinen (deutschen) Tanker Annika im Oktober und eines Nothalts des griechischen Tankers Yannis\u00a0P. vor R\u00fcgen im Juli. In beiden F\u00e4llen handelt es sich um Schiffe, die nichts mit der vermeintlichen &#8220;russischen Schattenflotte&#8221; zu tun haben. Allerdings liefert das Blatt, vermutlich eher aus Versehen, auch eine Information, die das Ganze wieder auf das normale Ma\u00df zurechtstutzt:<\/p>\n<p><em>&#8220;Die Ostsee geh\u00f6rt zu den am meisten befahrenen Meeren der Welt. T\u00e4glich sind nach Angaben des Leibniz-Instituts f\u00fcr Ostseeforschung Warnem\u00fcnde auf dem Binnenmeer mehr als 2.000\u00a0Schiffe unterwegs.&#8221;<\/em><\/p>\n<p>Bei dieser Verkehrsdichte kommt es unvermeidlich immer wieder zu Zwischenf\u00e4llen, weil Schiffe genauso wenig mit hundertprozentiger Zuverl\u00e4ssigkeit funktionieren wie Kraftfahrzeuge, und wie bei Autos sind die wenigsten, die aus irgendeinem Grund einmal versagen, deshalb Schrott.<\/p>\n<p>Nur, um die Dimensionen noch etwas dingfester zu machen: Wenn man davon ausgeht, dass jedes dieser 2.000\u00a0Schiffe f\u00fcnf Tage in der Ostsee verbringt, w\u00e4ren das 12.000\u00a0Schiffe im Monat; die Beispiele der <em>Zeit<\/em> liefern nur einen Zwischenfall alle drei Monate, also f\u00fcr eines von 36.000\u00a0Schiffen, von denen nur ein einziger, also einer auf 108.000, \u00fcberhaupt in Verbindung mit der vermeintlichen &#8220;Schattenflotte&#8221; gebracht werden kann. Nat\u00fcrlich ist diese Berechnung insofern ungenau, als es eben auch Schiffe gibt, die nur in der Ostsee fahren; aber sie vermittelt einen Eindruck von der realen Wahrscheinlichkeit von Zwischenf\u00e4llen.<\/p>\n<p>Die Behauptung, von den Schiffen, beziehungsweise im konkreten Fall eben der Eventin, gehe eine Gefahr aus, ist aber n\u00f6tig, um dem heimischen Publikum die vermutlich folgenden Aktionen schmackhaft zu machen. Dazu muss man nur betrachten, wie sich der Vorfall mit der Eagle\u00a0S<strong><\/strong>weiterentwickelte, die unter Versto\u00df gegen das Seerecht gekapert und in finnische Gew\u00e4sser gezwungen worden war, unter der Behauptung, das Schiff habe ein Ostseekabel gekappt. Selbst wenn das der Fall gewesen w\u00e4re, w\u00e4re die rechtlich angemessene Reaktion eine Schadensersatzklage vor einem Gericht des Flaggenstaates gewesen, aber nicht ein Festhalten des Schiffs.<\/p>\n<p>Inzwischen sind die finnischen Beh\u00f6rden bei der \u00dcberschreitung ihrer Zust\u00e4ndigkeit noch einen Schritt <a rel=\"nofollow noopener\" target=\"_blank\" href=\"https:\/\/www.n-tv.de\/politik\/Beschlagnahmter-russischer-Tanker-fuer-seeuntauglich-erklaert-article25475410.html\">weitergegangen<\/a>\u00a0und haben erkl\u00e4rt, der Tanker sei seeuntauglich und die zust\u00e4ndige finnische Beh\u00f6rde Traficom habe ihn &#8220;in Gewahrsam genommen&#8221;. Insgesamt seien 32 M\u00e4ngel festgestellt worden, und ehe die drei gr\u00f6\u00dften Sch\u00e4den behoben seien, d\u00fcrfe das Schiff Finnland nicht verlassen. &#8220;Die Behebung der Defekte sei kompliziert und werde viel Zeit in Anspruch nehmen.&#8221;<\/p>\n<p>Dieser Tanker geh\u00f6rt der in Dubai ans\u00e4ssigen Firma Caravella\u00a0LLC und wird von einer indischen Firma gemanagt, weshalb die Besatzung auch vorwiegend aus Indern (und einigen Georgiern) besteht; er wurde 2006 in China gebaut und sollte \u00d6l nach Indien oder China liefern. Die illegale Kaperung scheint nur die Einleitung des Versuchs gewesen zu sein, das Schiff so lange wie m\u00f6glich aus dem Verkehr zu ziehen. Allerdings trifft das vor allem die K\u00e4ufer des \u00d6ls in Indien oder China sowie die Reederei, w\u00e4hrend Finnland (und zuk\u00fcnftig wom\u00f6glich noch andere L\u00e4nder der EU) das Risiko eingeht, dass mit Schiffen, die finnische oder f\u00fcr Finnland bestimmte Waren transportieren oder finnische Eigner haben, in H\u00e4fen beispielsweise in Indien oder China \u00e4hnlich verfahren wird.<\/p>\n<p>Was f\u00fcr Finnland vermutlich begrenzte Folgen haben d\u00fcrfte. Anders sieht das mit Deutschland aus. Ein gro\u00dfer Teil der gr\u00f6\u00dften Containerschiffklasse hat deutsche Eigner (sie wurden \u00fcber Steuersparprojekte finanziert), und diese Klasse f\u00e4hrt, schon allein wegen ihrer Gr\u00f6\u00dfe, vor allem die Route China-US-Ostk\u00fcste oder China-Europa (den Panamakanal etwa k\u00f6nnen sie nicht passieren). Wenn man im Bericht \u00fcber die &#8220;Inspektion&#8221; der Eagle\u00a0S beispielsweise das Stichwort Brandschutz liest, wei\u00df man, dass jede chinesische Hafenaufsicht beste Chancen h\u00e4tte, jedem dieser deutschen Schiffe unerwartete Verluste zu verschaffen.<\/p>\n<p>Dennoch ist die Wahrscheinlichkeit hoch, dass die Eventin an einem Kai in Rostock enden d\u00fcrfte und die deutschen Beh\u00f6rden alle denkbaren Schikanen zur Anwendung bringen werden, in der Vorstellung, damit Russland wirtschaftlichen Schaden zuf\u00fcgen zu k\u00f6nnen. Der finnische Umgang mit der Eagle\u00a0S d\u00fcrfte sich als Einstieg in die EU\/NATO-Strategie erweisen, letztlich die russischen H\u00e4fen indirekt zu blockieren.<\/p>\n<p>R\u00f6pcke jedenfalls hat in seinem Artikel zur Eventin eine Behauptung aufgestellt, die sich zwar nicht in diesem, aber in k\u00fcnftigen F\u00e4llen durchaus als wahr erweisen und die illegale Handlungen deutlich erschweren k\u00f6nnte: &#8220;Der Tanker soll von einem russischen Kriegsschiff begleitet worden sein.&#8221;<\/p>\n<p><strong>Mehr zum Thema \u2013\u00a0<\/strong><a rel=\"nofollow noopener\" target=\"_blank\" href=\"https:\/\/freedert.online\/meinung\/229896-sanktionen-um-schattenflotte-haben-bei\/\">EU-Sanktionen um die &#8220;Schattenflotte&#8221; n\u00fctzen bestenfalls den USA<\/a>\u00a0<\/p>\n<div class=\"EmbedBlock-root EmbedBlock-externalVideo EmbedBlock-rumble\">\n<div class=\"VkEmbed\"><iframe class=\"lazyload\" data-src=\"https:\/\/rumble.com\/embed\/v5cnplx\" frameborder=\"0\" width=\"853\" height=\"480\" allowfullscreen><\/iframe><\/div>\n<\/div>\n<\/div>\n<p><br \/>\n<br \/><a href=\"https:\/\/de.rt.com\/meinung\/232470-eventin-wie-rund-um-eine-havarie-einekriegserzaehlung-gestrickt-wird\/\">Source link <\/a><\/p>\n","protected":false},"excerpt":{"rendered":"<p>Was rund um den Stromausfall auf der Eventin gestrickt wird, ist absolut haneb\u00fcchen und hat nur noch eine marginale Verbindung zur Wirklichkeit. Aber es dient dazu, den Deutschen die Allgegenwart einer russischen Gefahr ins Hirn zu rammen. Von Dagmar Henn Der vermeintlich russische Tanker Eventin liegt nach wie vor vor R\u00fcgen, inzwischen nur auf der [&hellip;]<\/p>\n","protected":false},"author":3,"featured_media":76179,"comment_status":"open","ping_status":"open","sticky":false,"template":"","format":"standard","meta":{"_yoast_indexnow_last_ping":["1736611090"],"wp_automatic_camp":["217"],"53d15170b7b1c9958b9536ea4fcec3c4":["Eventin: Wie rund um eine Havarie eine Kriegserz\u00e4hlung gestrickt wird"],"original_link":["https:\/\/de.rt.com\/meinung\/232470-eventin-wie-rund-um-eine-havarie-einekriegserzaehlung-gestrickt-wird\/"],"_thumbnail_id":["76179"],"_wptgpro_p2tg_sent2tg":["a:1:{i:23737;s:19:\"2025-01-11 17:59:10\";}"],"jnews_social_counter_last_update":["1777345598"]},"categories":[19,23],"tags":[275,61749,61751,61521,61750,18961,579,374],"yoast_head":"<!-- This site is optimized with the Yoast SEO Premium plugin v22.7 (Yoast SEO v22.7) - https:\/\/yoast.com\/wordpress\/plugins\/seo\/ -->\n<title>Eventin: Wie rund um eine Havarie eine Kriegserz\u00e4hlung gestrickt wird - just-now.NEWS Deutschland<\/title>\n<meta name=\"robots\" content=\"index, follow, max-snippet:-1, max-image-preview:large, max-video-preview:-1\" \/>\n<link rel=\"canonical\" href=\"https:\/\/now-news.de\/de\/deutschland\/eventin-wie-rund-um-eine-havarie-eine-kriegserzaehlung-gestrickt-wird\/\" \/>\n<meta property=\"og:locale\" content=\"de_DE\" \/>\n<meta property=\"og:type\" content=\"article\" \/>\n<meta property=\"og:title\" content=\"Eventin: Wie rund um eine Havarie eine Kriegserz\u00e4hlung gestrickt wird\" \/>\n<meta property=\"og:description\" content=\"Was rund um den Stromausfall auf der Eventin gestrickt wird, ist absolut haneb\u00fcchen und hat nur noch eine marginale Verbindung zur Wirklichkeit. Aber es dient dazu, den Deutschen die Allgegenwart einer russischen Gefahr ins Hirn zu rammen. Von Dagmar Henn Der vermeintlich russische Tanker Eventin liegt nach wie vor vor R\u00fcgen, inzwischen nur auf der [&hellip;]\" \/>\n<meta property=\"og:url\" content=\"https:\/\/now-news.de\/de\/deutschland\/eventin-wie-rund-um-eine-havarie-eine-kriegserzaehlung-gestrickt-wird\/\" \/>\n<meta property=\"og:site_name\" content=\"just-now.NEWS Deutschland\" \/>\n<meta property=\"article:publisher\" content=\"https:\/\/www.facebook.com\/wirmachenauf\" \/>\n<meta property=\"article:published_time\" content=\"2025-01-11T15:42:14+00:00\" \/>\n<meta property=\"og:image\" content=\"https:\/\/now-news.de\/de\/wp-content\/uploads\/sites\/3\/2025\/01\/67827173b480cc09886ca9b7.jpg\" \/>\n<meta name=\"author\" content=\"rtnews\" \/>\n<meta name=\"twitter:card\" content=\"summary_large_image\" \/>\n<meta name=\"twitter:creator\" content=\"@WirMachenAuf_de\" \/>\n<meta name=\"twitter:site\" content=\"@WirMachenAuf_de\" \/>\n<meta name=\"twitter:label1\" content=\"Verfasst von\" \/>\n\t<meta name=\"twitter:data1\" content=\"rtnews\" \/>\n\t<meta name=\"twitter:label2\" content=\"Gesch\u00e4tzte Lesezeit\" \/>\n\t<meta name=\"twitter:data2\" content=\"6\u00a0Minuten\" \/>\n<script type=\"application\/ld+json\" class=\"yoast-schema-graph\">{\"@context\":\"https:\/\/schema.org\",\"@graph\":[{\"@type\":\"Article\",\"@id\":\"https:\/\/now-news.de\/de\/deutschland\/eventin-wie-rund-um-eine-havarie-eine-kriegserzaehlung-gestrickt-wird\/#article\",\"isPartOf\":{\"@id\":\"https:\/\/now-news.de\/de\/deutschland\/eventin-wie-rund-um-eine-havarie-eine-kriegserzaehlung-gestrickt-wird\/\"},\"author\":{\"name\":\"rtnews\",\"@id\":\"https:\/\/now-news.de\/de\/#\/schema\/person\/fb534a4e865501d8b3285208df34a9b5\"},\"headline\":\"Eventin: Wie rund um eine Havarie eine Kriegserz\u00e4hlung gestrickt wird\",\"datePublished\":\"2025-01-11T15:42:14+00:00\",\"dateModified\":\"2025-01-11T15:42:14+00:00\",\"mainEntityOfPage\":{\"@id\":\"https:\/\/now-news.de\/de\/deutschland\/eventin-wie-rund-um-eine-havarie-eine-kriegserzaehlung-gestrickt-wird\/\"},\"wordCount\":1280,\"commentCount\":0,\"publisher\":{\"@id\":\"https:\/\/now-news.de\/de\/#organization\"},\"image\":{\"@id\":\"https:\/\/now-news.de\/de\/deutschland\/eventin-wie-rund-um-eine-havarie-eine-kriegserzaehlung-gestrickt-wird\/#primaryimage\"},\"thumbnailUrl\":\"https:\/\/now-news.de\/de\/wp-content\/uploads\/sites\/3\/2025\/01\/Eventin-Wie-rund-um-eine-Havarie-eine-Kriegserzaehlung-gestrickt-wird.jpg\",\"keywords\":[\"eine\",\"Eventin\",\"gestrickt\",\"Havarie\",\"Kriegserz\u00e4hlung\",\"rund\",\"Wie\",\"wird\"],\"articleSection\":[\"Deutschland\",\"Russland\"],\"inLanguage\":\"de\",\"potentialAction\":[{\"@type\":\"CommentAction\",\"name\":\"Comment\",\"target\":[\"https:\/\/now-news.de\/de\/deutschland\/eventin-wie-rund-um-eine-havarie-eine-kriegserzaehlung-gestrickt-wird\/#respond\"]}]},{\"@type\":\"WebPage\",\"@id\":\"https:\/\/now-news.de\/de\/deutschland\/eventin-wie-rund-um-eine-havarie-eine-kriegserzaehlung-gestrickt-wird\/\",\"url\":\"https:\/\/now-news.de\/de\/deutschland\/eventin-wie-rund-um-eine-havarie-eine-kriegserzaehlung-gestrickt-wird\/\",\"name\":\"Eventin: Wie rund um eine Havarie eine Kriegserz\u00e4hlung gestrickt wird - just-now.NEWS Deutschland\",\"isPartOf\":{\"@id\":\"https:\/\/now-news.de\/de\/#website\"},\"primaryImageOfPage\":{\"@id\":\"https:\/\/now-news.de\/de\/deutschland\/eventin-wie-rund-um-eine-havarie-eine-kriegserzaehlung-gestrickt-wird\/#primaryimage\"},\"image\":{\"@id\":\"https:\/\/now-news.de\/de\/deutschland\/eventin-wie-rund-um-eine-havarie-eine-kriegserzaehlung-gestrickt-wird\/#primaryimage\"},\"thumbnailUrl\":\"https:\/\/now-news.de\/de\/wp-content\/uploads\/sites\/3\/2025\/01\/Eventin-Wie-rund-um-eine-Havarie-eine-Kriegserzaehlung-gestrickt-wird.jpg\",\"datePublished\":\"2025-01-11T15:42:14+00:00\",\"dateModified\":\"2025-01-11T15:42:14+00:00\",\"breadcrumb\":{\"@id\":\"https:\/\/now-news.de\/de\/deutschland\/eventin-wie-rund-um-eine-havarie-eine-kriegserzaehlung-gestrickt-wird\/#breadcrumb\"},\"inLanguage\":\"de\",\"potentialAction\":[{\"@type\":\"ReadAction\",\"target\":[\"https:\/\/now-news.de\/de\/deutschland\/eventin-wie-rund-um-eine-havarie-eine-kriegserzaehlung-gestrickt-wird\/\"]}]},{\"@type\":\"ImageObject\",\"inLanguage\":\"de\",\"@id\":\"https:\/\/now-news.de\/de\/deutschland\/eventin-wie-rund-um-eine-havarie-eine-kriegserzaehlung-gestrickt-wird\/#primaryimage\",\"url\":\"https:\/\/now-news.de\/de\/wp-content\/uploads\/sites\/3\/2025\/01\/Eventin-Wie-rund-um-eine-Havarie-eine-Kriegserzaehlung-gestrickt-wird.jpg\",\"contentUrl\":\"https:\/\/now-news.de\/de\/wp-content\/uploads\/sites\/3\/2025\/01\/Eventin-Wie-rund-um-eine-Havarie-eine-Kriegserzaehlung-gestrickt-wird.jpg\",\"width\":460,\"height\":259,\"caption\":\"Eventin: Wie rund um eine Havarie eine Kriegserz\u00e4hlung gestrickt wird\"},{\"@type\":\"BreadcrumbList\",\"@id\":\"https:\/\/now-news.de\/de\/deutschland\/eventin-wie-rund-um-eine-havarie-eine-kriegserzaehlung-gestrickt-wird\/#breadcrumb\",\"itemListElement\":[{\"@type\":\"ListItem\",\"position\":1,\"name\":\"Home\",\"item\":\"https:\/\/now-news.de\/de\/\"},{\"@type\":\"ListItem\",\"position\":2,\"name\":\"Eventin: Wie rund um eine Havarie eine Kriegserz\u00e4hlung gestrickt wird\"}]},{\"@type\":\"WebSite\",\"@id\":\"https:\/\/now-news.de\/de\/#website\",\"url\":\"https:\/\/now-news.de\/de\/\",\"name\":\"just-now.NEWS Deutschland\",\"description\":\"Das Portal f\u00fcr unzensierte Nachrichten aus der Welt\",\"publisher\":{\"@id\":\"https:\/\/now-news.de\/de\/#organization\"},\"potentialAction\":[{\"@type\":\"SearchAction\",\"target\":{\"@type\":\"EntryPoint\",\"urlTemplate\":\"https:\/\/now-news.de\/de\/?s={search_term_string}\"},\"query-input\":\"required name=search_term_string\"}],\"inLanguage\":\"de\"},{\"@type\":\"Organization\",\"@id\":\"https:\/\/now-news.de\/de\/#organization\",\"name\":\"Just Now News\",\"url\":\"https:\/\/now-news.de\/de\/\",\"logo\":{\"@type\":\"ImageObject\",\"inLanguage\":\"de\",\"@id\":\"https:\/\/now-news.de\/de\/#\/schema\/logo\/image\/\",\"url\":\"http:\/\/just-now.news\/de\/wp-content\/uploads\/sites\/3\/2022\/04\/logo500x500.jpg\",\"contentUrl\":\"http:\/\/just-now.news\/de\/wp-content\/uploads\/sites\/3\/2022\/04\/logo500x500.jpg\",\"width\":500,\"height\":500,\"caption\":\"Just Now News\"},\"image\":{\"@id\":\"https:\/\/now-news.de\/de\/#\/schema\/logo\/image\/\"},\"sameAs\":[\"https:\/\/www.facebook.com\/wirmachenauf\",\"https:\/\/x.com\/WirMachenAuf_de\"]},{\"@type\":\"Person\",\"@id\":\"https:\/\/now-news.de\/de\/#\/schema\/person\/fb534a4e865501d8b3285208df34a9b5\",\"name\":\"rtnews\",\"image\":{\"@type\":\"ImageObject\",\"inLanguage\":\"de\",\"@id\":\"https:\/\/now-news.de\/de\/#\/schema\/person\/image\/\",\"url\":\"https:\/\/secure.gravatar.com\/avatar\/82aafea7d8127119dd649515f56e2117?s=96&d=mm&r=g\",\"contentUrl\":\"https:\/\/secure.gravatar.com\/avatar\/82aafea7d8127119dd649515f56e2117?s=96&d=mm&r=g\",\"caption\":\"rtnews\"},\"url\":\"https:\/\/now-news.de\/de\/author\/rnews\/\"}]}<\/script>\n<!-- \/ Yoast SEO Premium plugin. -->","yoast_head_json":{"title":"Eventin: Wie rund um eine Havarie eine Kriegserz\u00e4hlung gestrickt wird - just-now.NEWS Deutschland","robots":{"index":"index","follow":"follow","max-snippet":"max-snippet:-1","max-image-preview":"max-image-preview:large","max-video-preview":"max-video-preview:-1"},"canonical":"https:\/\/now-news.de\/de\/deutschland\/eventin-wie-rund-um-eine-havarie-eine-kriegserzaehlung-gestrickt-wird\/","og_locale":"de_DE","og_type":"article","og_title":"Eventin: Wie rund um eine Havarie eine Kriegserz\u00e4hlung gestrickt wird","og_description":"Was rund um den Stromausfall auf der Eventin gestrickt wird, ist absolut haneb\u00fcchen und hat nur noch eine marginale Verbindung zur Wirklichkeit. Aber es dient dazu, den Deutschen die Allgegenwart einer russischen Gefahr ins Hirn zu rammen. Von Dagmar Henn Der vermeintlich russische Tanker Eventin liegt nach wie vor vor R\u00fcgen, inzwischen nur auf der [&hellip;]","og_url":"https:\/\/now-news.de\/de\/deutschland\/eventin-wie-rund-um-eine-havarie-eine-kriegserzaehlung-gestrickt-wird\/","og_site_name":"just-now.NEWS Deutschland","article_publisher":"https:\/\/www.facebook.com\/wirmachenauf","article_published_time":"2025-01-11T15:42:14+00:00","og_image":[{"url":"https:\/\/now-news.de\/de\/wp-content\/uploads\/sites\/3\/2025\/01\/67827173b480cc09886ca9b7.jpg"}],"author":"rtnews","twitter_card":"summary_large_image","twitter_creator":"@WirMachenAuf_de","twitter_site":"@WirMachenAuf_de","twitter_misc":{"Verfasst von":"rtnews","Gesch\u00e4tzte Lesezeit":"6\u00a0Minuten"},"schema":{"@context":"https:\/\/schema.org","@graph":[{"@type":"Article","@id":"https:\/\/now-news.de\/de\/deutschland\/eventin-wie-rund-um-eine-havarie-eine-kriegserzaehlung-gestrickt-wird\/#article","isPartOf":{"@id":"https:\/\/now-news.de\/de\/deutschland\/eventin-wie-rund-um-eine-havarie-eine-kriegserzaehlung-gestrickt-wird\/"},"author":{"name":"rtnews","@id":"https:\/\/now-news.de\/de\/#\/schema\/person\/fb534a4e865501d8b3285208df34a9b5"},"headline":"Eventin: Wie rund um eine Havarie eine Kriegserz\u00e4hlung gestrickt wird","datePublished":"2025-01-11T15:42:14+00:00","dateModified":"2025-01-11T15:42:14+00:00","mainEntityOfPage":{"@id":"https:\/\/now-news.de\/de\/deutschland\/eventin-wie-rund-um-eine-havarie-eine-kriegserzaehlung-gestrickt-wird\/"},"wordCount":1280,"commentCount":0,"publisher":{"@id":"https:\/\/now-news.de\/de\/#organization"},"image":{"@id":"https:\/\/now-news.de\/de\/deutschland\/eventin-wie-rund-um-eine-havarie-eine-kriegserzaehlung-gestrickt-wird\/#primaryimage"},"thumbnailUrl":"https:\/\/now-news.de\/de\/wp-content\/uploads\/sites\/3\/2025\/01\/Eventin-Wie-rund-um-eine-Havarie-eine-Kriegserzaehlung-gestrickt-wird.jpg","keywords":["eine","Eventin","gestrickt","Havarie","Kriegserz\u00e4hlung","rund","Wie","wird"],"articleSection":["Deutschland","Russland"],"inLanguage":"de","potentialAction":[{"@type":"CommentAction","name":"Comment","target":["https:\/\/now-news.de\/de\/deutschland\/eventin-wie-rund-um-eine-havarie-eine-kriegserzaehlung-gestrickt-wird\/#respond"]}]},{"@type":"WebPage","@id":"https:\/\/now-news.de\/de\/deutschland\/eventin-wie-rund-um-eine-havarie-eine-kriegserzaehlung-gestrickt-wird\/","url":"https:\/\/now-news.de\/de\/deutschland\/eventin-wie-rund-um-eine-havarie-eine-kriegserzaehlung-gestrickt-wird\/","name":"Eventin: Wie rund um eine Havarie eine Kriegserz\u00e4hlung gestrickt wird - just-now.NEWS Deutschland","isPartOf":{"@id":"https:\/\/now-news.de\/de\/#website"},"primaryImageOfPage":{"@id":"https:\/\/now-news.de\/de\/deutschland\/eventin-wie-rund-um-eine-havarie-eine-kriegserzaehlung-gestrickt-wird\/#primaryimage"},"image":{"@id":"https:\/\/now-news.de\/de\/deutschland\/eventin-wie-rund-um-eine-havarie-eine-kriegserzaehlung-gestrickt-wird\/#primaryimage"},"thumbnailUrl":"https:\/\/now-news.de\/de\/wp-content\/uploads\/sites\/3\/2025\/01\/Eventin-Wie-rund-um-eine-Havarie-eine-Kriegserzaehlung-gestrickt-wird.jpg","datePublished":"2025-01-11T15:42:14+00:00","dateModified":"2025-01-11T15:42:14+00:00","breadcrumb":{"@id":"https:\/\/now-news.de\/de\/deutschland\/eventin-wie-rund-um-eine-havarie-eine-kriegserzaehlung-gestrickt-wird\/#breadcrumb"},"inLanguage":"de","potentialAction":[{"@type":"ReadAction","target":["https:\/\/now-news.de\/de\/deutschland\/eventin-wie-rund-um-eine-havarie-eine-kriegserzaehlung-gestrickt-wird\/"]}]},{"@type":"ImageObject","inLanguage":"de","@id":"https:\/\/now-news.de\/de\/deutschland\/eventin-wie-rund-um-eine-havarie-eine-kriegserzaehlung-gestrickt-wird\/#primaryimage","url":"https:\/\/now-news.de\/de\/wp-content\/uploads\/sites\/3\/2025\/01\/Eventin-Wie-rund-um-eine-Havarie-eine-Kriegserzaehlung-gestrickt-wird.jpg","contentUrl":"https:\/\/now-news.de\/de\/wp-content\/uploads\/sites\/3\/2025\/01\/Eventin-Wie-rund-um-eine-Havarie-eine-Kriegserzaehlung-gestrickt-wird.jpg","width":460,"height":259,"caption":"Eventin: Wie rund um eine Havarie eine Kriegserz\u00e4hlung gestrickt wird"},{"@type":"BreadcrumbList","@id":"https:\/\/now-news.de\/de\/deutschland\/eventin-wie-rund-um-eine-havarie-eine-kriegserzaehlung-gestrickt-wird\/#breadcrumb","itemListElement":[{"@type":"ListItem","position":1,"name":"Home","item":"https:\/\/now-news.de\/de\/"},{"@type":"ListItem","position":2,"name":"Eventin: Wie rund um eine Havarie eine Kriegserz\u00e4hlung gestrickt wird"}]},{"@type":"WebSite","@id":"https:\/\/now-news.de\/de\/#website","url":"https:\/\/now-news.de\/de\/","name":"just-now.NEWS Deutschland","description":"Das Portal f\u00fcr unzensierte Nachrichten aus der Welt","publisher":{"@id":"https:\/\/now-news.de\/de\/#organization"},"potentialAction":[{"@type":"SearchAction","target":{"@type":"EntryPoint","urlTemplate":"https:\/\/now-news.de\/de\/?s={search_term_string}"},"query-input":"required name=search_term_string"}],"inLanguage":"de"},{"@type":"Organization","@id":"https:\/\/now-news.de\/de\/#organization","name":"Just Now News","url":"https:\/\/now-news.de\/de\/","logo":{"@type":"ImageObject","inLanguage":"de","@id":"https:\/\/now-news.de\/de\/#\/schema\/logo\/image\/","url":"http:\/\/just-now.news\/de\/wp-content\/uploads\/sites\/3\/2022\/04\/logo500x500.jpg","contentUrl":"http:\/\/just-now.news\/de\/wp-content\/uploads\/sites\/3\/2022\/04\/logo500x500.jpg","width":500,"height":500,"caption":"Just Now News"},"image":{"@id":"https:\/\/now-news.de\/de\/#\/schema\/logo\/image\/"},"sameAs":["https:\/\/www.facebook.com\/wirmachenauf","https:\/\/x.com\/WirMachenAuf_de"]},{"@type":"Person","@id":"https:\/\/now-news.de\/de\/#\/schema\/person\/fb534a4e865501d8b3285208df34a9b5","name":"rtnews","image":{"@type":"ImageObject","inLanguage":"de","@id":"https:\/\/now-news.de\/de\/#\/schema\/person\/image\/","url":"https:\/\/secure.gravatar.com\/avatar\/82aafea7d8127119dd649515f56e2117?s=96&d=mm&r=g","contentUrl":"https:\/\/secure.gravatar.com\/avatar\/82aafea7d8127119dd649515f56e2117?s=96&d=mm&r=g","caption":"rtnews"},"url":"https:\/\/now-news.de\/de\/author\/rnews\/"}]}},"_links":{"self":[{"href":"https:\/\/now-news.de\/de\/wp-json\/wp\/v2\/posts\/76178"}],"collection":[{"href":"https:\/\/now-news.de\/de\/wp-json\/wp\/v2\/posts"}],"about":[{"href":"https:\/\/now-news.de\/de\/wp-json\/wp\/v2\/types\/post"}],"author":[{"embeddable":true,"href":"https:\/\/now-news.de\/de\/wp-json\/wp\/v2\/users\/3"}],"replies":[{"embeddable":true,"href":"https:\/\/now-news.de\/de\/wp-json\/wp\/v2\/comments?post=76178"}],"version-history":[{"count":0,"href":"https:\/\/now-news.de\/de\/wp-json\/wp\/v2\/posts\/76178\/revisions"}],"wp:featuredmedia":[{"embeddable":true,"href":"https:\/\/now-news.de\/de\/wp-json\/wp\/v2\/media\/76179"}],"wp:attachment":[{"href":"https:\/\/now-news.de\/de\/wp-json\/wp\/v2\/media?parent=76178"}],"wp:term":[{"taxonomy":"category","embeddable":true,"href":"https:\/\/now-news.de\/de\/wp-json\/wp\/v2\/categories?post=76178"},{"taxonomy":"post_tag","embeddable":true,"href":"https:\/\/now-news.de\/de\/wp-json\/wp\/v2\/tags?post=76178"}],"curies":[{"name":"wp","href":"https:\/\/api.w.org\/{rel}","templated":true}]}}