{"id":76160,"date":"2025-01-11T10:25:29","date_gmt":"2025-01-11T08:25:29","guid":{"rendered":"https:\/\/now-news.de\/de\/deutschland\/groenland-und-kanada-sind-zum-bestandteil-von-trumps-arktisplan-geworden\/"},"modified":"2025-01-11T10:25:29","modified_gmt":"2025-01-11T08:25:29","slug":"groenland-und-kanada-sind-zum-bestandteil-von-trumps-arktisplan-geworden","status":"publish","type":"post","link":"https:\/\/now-news.de\/de\/deutschland\/groenland-und-kanada-sind-zum-bestandteil-von-trumps-arktisplan-geworden\/","title":{"rendered":"Gr\u00f6nland und Kanada sind zum Bestandteil von Trumps Arktisplan geworden"},"content":{"rendered":"<p><img decoding=\"async\" src=\"https:\/\/now-news.de\/de\/wp-content\/uploads\/sites\/3\/2025\/01\/677fba9748fbef37e15fb666.jpg\" \/><\/p>\n<div class=\"Text-root Text-type_1 \">\n                Donald Trump gibt die Idee eines Anschlusses Gr\u00f6nlands und Kanadas an die Vereinigten Staaten nicht auf. Experten zufolge hat der Republikaner diese L\u00e4nder nicht ohne Grund ins Visier genommen: Auf diese Weise will er mehrere Aufgaben Washingtons in der Arktis auf einmal l\u00f6sen.\n            <\/div>\n<p><\/p>\n<div class=\"Text-root Text-type_5 ArticleView-text ViewText-root \">\n<p><em>Von Oleg Issaitschenko<\/em><\/p>\n<p>Der designierte US-Pr\u00e4sident Donald Trump hat erneut seinen Wunsch bekr\u00e4ftigt, Kanada an die Vereinigten Staaten anzugliedern. Diesmal hat der Republikaner im sozialen Netzwerk Truth Social eine Karte ver\u00f6ffentlicht, auf der beide Staaten im Muster der US-amerikanischen Flagge eingezeichnet sind.<\/p>\n<p>Der Politiker behauptet, dass die Kanadier die Idee unterst\u00fctzen, dass das Land zum 51.\u00a0Bundesstaat der Vereinigten Staaten von Amerika wird. Angeblich w\u00fcrde eine solche Entscheidung die wirtschaftliche Stabilit\u00e4t Kanadas st\u00e4rken und das Land vor externen Bedrohungen sch\u00fctzen, einschlie\u00dflich Russlands und Chinas.<\/p>\n<p>Der zur\u00fcckgetretene kanadische Premierminister Justin Trudeau wies diese M\u00f6glichkeit jedoch kategorisch zur\u00fcck. &#8220;Auf keinen Fall wird Kanada Teil der Vereinigten Staaten werden&#8221;, schrieb der Politiker in den sozialen Medien. Er glaubt, dass beide Staaten mehr gewinnen k\u00f6nnen, wenn sie unabh\u00e4ngig und weiterhin wichtige Partner in den Bereichen Handel und Sicherheit bleiben.<\/p>\n<p>Trumps Drohungen, Kanada in den 51.\u00a0Bundesstaat zu verwandeln, sind seit Anfang Dezember letzten Jahres zu h\u00f6ren. Damals hatte der k\u00fcnftige Chef des Wei\u00dfen Hauses erkl\u00e4rt, er werde 25\u00a0Prozent Z\u00f6lle auf kanadische Waren erheben, wenn Ottawa keine strengeren Ma\u00dfnahmen zur Eind\u00e4mmung der illegalen Migration und des Schmuggels ergreife. Auf Trudeaus Einwand, dass solche Beschr\u00e4nkungen Kanadas Wirtschaft l\u00e4hmen w\u00fcrden, schlug der Republikaner vor, das Land solle Teil der USA werden. Die Zeitung <em>Wsgljad<\/em>\u00a0<a rel=\"nofollow noopener\" target=\"_blank\" href=\"https:\/\/freedert.online\/nordamerika\/230203-wozu-droht-trump-mit-einverleibung\/\">untersuchte<\/a> die Gr\u00fcnde f\u00fcr diese Rhetorik.<\/p>\n<p>Interessanterweise hat Trump au\u00dferdem Anspr\u00fcche auf Gr\u00f6nland erhoben. Dem US-Pr\u00e4sidenten zufolge ist die Insel von strategischer Bedeutung f\u00fcr die nationale Sicherheit der USA und die Verteidigung der &#8220;freien Welt&#8221;, einschlie\u00dflich der Abwehr von &#8220;Bedrohungen&#8221; durch China und Russland.<\/p>\n<p>In einer Rede in seiner Residenz Mar-a-Lago betonte Trump: &#8220;Wir brauchen Gr\u00f6nland f\u00fcr die nationale Sicherheit. Das wurde mir schon lange vor meiner Kandidatur gesagt. Auf der Insel leben nur etwa 45.000\u00a0Menschen, und niemand wei\u00df wirklich, ob D\u00e4nemark einen Rechtsanspruch auf die Insel hat. Wenn ja, dann sollten sie Gr\u00f6nland abtreten, denn wir brauchen es, um die freie Welt zu verteidigen.&#8221;<\/p>\n<p>Trump wies auch auf die zunehmende Pr\u00e4senz Chinas und Russlands in der Arktis hin und f\u00fcgte hinzu, dass die USA nicht zulassen werden, dass diese L\u00e4nder dieses strategisch wichtige Gebiet dominieren. &#8220;Man braucht nicht einmal ein Fernglas, um \u00fcberall chinesische und russische Schiffe zu sehen. Das werden wir nicht zulassen&#8221;, erkl\u00e4rte er.<\/p>\n<p>Trumps \u00c4u\u00dferungen \u00fcber eine m\u00f6gliche Annexion Gr\u00f6nlands, Kanadas und des Panamakanals k\u00f6nnten Teil einer Strategie gegen den russischen und chinesischen Einfluss sein, schreibt die\u00a0<em>Washington Post<\/em>.<\/p>\n<p>Der <em>Bloomberg<\/em>-Kolumnist Liam Denning erinnert daran, dass die Vereinigten Staaten erstmals 1867 versuchten, sich den Weg zur Arktis zu bahnen, als sie Alaska kauften. Sp\u00e4ter, nach dem Zweiten Weltkrieg, wollten die USA Gr\u00f6nland von D\u00e4nemark f\u00fcr 100\u00a0Millionen US-Dollar kaufen, konnten aber nur einen Verteidigungsvertrag erreichen und erhielten den Luftwaffenst\u00fctzpunkt Thule, den heutigen Weltraumst\u00fctzpunkt Pituffik\u00a0\u2013 den n\u00f6rdlichsten Milit\u00e4rst\u00fctzpunkt der USA.<\/p>\n<p>&#8220;Gr\u00f6nland, das sich seit 2009 selbst verwaltet, ist f\u00fcr die Vereinigten Staaten weiterhin von gro\u00dfem Interesse. Es ist etwa so gro\u00df wie Alaska und Texas zusammen und liegt an strategischen Seewegen wie der Nordwestpassage und der L\u00fccke zwischen Gr\u00f6nland, Island und Gro\u00dfbritannien sowie unter arktischen Flugrouten (einschlie\u00dflich Raketenflugrouten)&#8221;, schreibt Denning.<\/p>\n<p>Dem Analysten zufolge ist es f\u00fcr Trump auch wichtig, die Kontrolle \u00fcber die Bodensch\u00e4tze dort zu erlangen \u2013 dazu geh\u00f6ren etwa sieben Prozent der weltweiten S\u00fc\u00dfwasserreserven, unerschlossene \u00d6l- und Gasvorkommen, bis zu 37 der 50 f\u00fcr die USA wichtigen Mineralien und vieles mehr.<\/p>\n<p>Russische Experten sind zudem der Meinung, dass Trump nicht ohne Grund von der Notwendigkeit gesprochen hat, diese Territorien an die Vereinigten Staaten anzugliedern. Sollten die Vereinigten Staaten die Kontrolle \u00fcber die L\u00e4nder erlangen, werden sie nicht nur versuchen, sich n\u00fctzliche Ressourcen anzueignen, sondern auch ihre milit\u00e4rische und wirtschaftliche Pr\u00e4senz in der Arktis zu st\u00e4rken. Experten zufolge hat der Republikaner jedoch geringe Chancen, seine Pl\u00e4ne zu verwirklichen.<\/p>\n<p>&#8220;Wenn Trump davon spricht, Gr\u00f6nland und Kanada in die Vereinigten Staaten aufzunehmen, verfolgt er ein sehr ehrgeiziges Ziel: die Arktis zwischen den Vereinigten Staaten und Russland aufzuteilen&#8221;, sagt Marat Baschirow, Professor an der Wirtschaftshochschule Moskau. Ihm zufolge will der Republikaner eine Analogie zum russischen N\u00f6rdlichen Seeweg \u2013 die Nordwestpassage.<\/p>\n<p>Der Politikwissenschaftler Semjon Uralow wiederum weist auf die eigent\u00fcmliche Kontinuit\u00e4t der Regierungen von Joe Biden und Donald Trump hin. Er schreibt: &#8220;Die Biden-Administration brachte Finnland und Schweden in die NATO, was den Boden f\u00fcr die Sonderoperation von Trump-2 in Gr\u00f6nland bereitete. Genauso wie die Trump-1-Administration seinerzeit begann, aktiv Waffen an Kiew zu liefern, und den Staffelstab an die Biden-Administration weitergab.&#8221;<\/p>\n<p>&#8220;In Gr\u00f6nland geht es um die arktische Front zwischen den USA und Russland. Die USA sind an dieser Front deutlich schw\u00e4cher vertreten, sodass Gr\u00f6nland f\u00fcr eine formale Dominanz in der Region ben\u00f6tigt wird. N\u00f6rdliche Vasallen unter den kleinen europ\u00e4ischen L\u00e4ndern sind ebenfalls \u00e4u\u00dferst wichtig&#8221;, so der Analyst.<\/p>\n<p>Alexei Besborodow, Leiter der Forschungsagentur Infranews, bezweifelt jedoch, dass die Vereinigten Staaten wirklich an der Nordwestpassage interessiert sind. &#8220;Es w\u00e4re ja auch sch\u00f6n, wenn jemand die Nordwestpassage wirklich br\u00e4uchte, aber nein. Die Strecke von Alaska nach Gr\u00f6nland ist nicht nur schwieriger zu befahren, sondern auch viel flacher, und mit dem Vorhandensein Panamas braucht man sowieso nicht mehr viel. Abgesehen von Atom-U-Booten, die dort mit ihren Propellern Sand schaufeln, gibt es niemanden, der dorthin f\u00e4hrt&#8221;, erkl\u00e4rt er ironisch.<\/p>\n<p>&#8220;In der Vergangenheit musste sich Washington keine Sorgen \u00fcber die Besitzverh\u00e4ltnisse am Panamakanal oder in Gr\u00f6nland machen: Sein gesamter politischer und wirtschaftlicher Einfluss in der westlichen Hemisph\u00e4re garantierte den Schutz der US-Interessen. Aus Sicht der Trumpisten haben sich die globalen Institutionen jedoch ersch\u00f6pft und schaffen mehr Probleme als Vorteile f\u00fcr die Vereinigten Staaten&#8221;, <a rel=\"nofollow noopener\" target=\"_blank\" href=\"https:\/\/t.me\/vatfor\/9761\">argumentieren<\/a> die Autoren des Branchentelegram-Kanals <em>Watfor<\/em>.<\/p>\n<p>&#8220;Trump glaubt, dass die USA ihren Einfluss verlieren\u00a0\u2013 und da er diesen Prozess nicht verhindern kann, versucht er, ihn anzuf\u00fchren. Es ist ein ganz logischer erster Schritt: seinen Hinterhof zu sichern, die schw\u00e4cher werdende informelle Kontrolle \u00fcber die Nachbarn in eine formelle zu \u00fcberf\u00fchren und zu versichern, dass keine Au\u00dfenseiter in diesem Hinterhof auftauchen werden&#8221;, so die Experten weiter.<\/p>\n<p>Die Analysten sind auch der Meinung: &#8220;Wenn wir dies als Vorbereitung auf einen Konflikt mit China betrachten, dann passt alles zusammen.&#8221; &#8220;Die volle Kontrolle \u00fcber den Kanal ist notwendig, damit die US-amerikanische Flotte ihn jederzeit nutzen kann, die chinesische Flotte hingegen nicht. Wei\u00df der Teufel, auf welche Seite sich Europa und insbesondere D\u00e4nemark in einem Konflikt mit China stellen werden. Es ist n\u00e4mlich nicht auszuschlie\u00dfen, dass eine Radarstation der Volksbefreiungsarmee in Gr\u00f6nland auftaucht. Daher ist es notwendig, so etwas schon in der Theorie ausschlie\u00dfen&#8221;, betonen die <em>Watfor<\/em>-Experten weiter.<\/p>\n<p>Vor diesem Hintergrund bezweifeln sie, dass &#8220;Trump mit seiner Neuausrichtung und seinem neuen politischen Denken Erfolg haben wird&#8221;. Doch wenn &#8220;es dazu kommt&#8221;, dann sollte die NATO das au\u00dfenpolitische Ziel der Republikaner sein. &#8220;Der Atlantizismus ist das Fundament der globalen Institutionen, und wenn sie gebrochen werden sollen, sollte dies mit der NATO und der Europ\u00e4ischen Union als Bollwerk des Globalismus beginnen&#8221;, schreiben die Autoren des Telegram-Kanals. Dar\u00fcber hinaus glauben sie, dass &#8220;die Vereinigten Staaten in ihrer derzeitigen Form nur als Weltmetropole existieren k\u00f6nnen, und Trump scheint die Absicht zu haben, diesen Status so weit wie m\u00f6glich zu untergraben.&#8221;<\/p>\n<p>&#8220;Die\u00a0USA haben bereits eine Milit\u00e4rbasis in Nordgr\u00f6nland. Und in diesem Sinne w\u00fcrde Trump davon profitieren, diese Gebiete als Teil seines Landes zu haben. Dies w\u00fcrde die milit\u00e4rische Pr\u00e4senz der Vereinigten Staaten in der Arktis erheblich ausweiten&#8221;, ruft Wiktor Bojarski, Polarforscher und Direktor des Arktis- und Antarktismuseums, in Erinnerung. Ihm zufolge k\u00f6nnten dort die Luftstreitkr\u00e4fte stationiert werden, was es den USA erleichtern w\u00fcrde, &#8220;alles zu erreichen, ohne D\u00e4nemark um Erlaubnis zu bitten&#8221;. Die Tatsache, dass von allen Arktisstaaten nur Russland kein NATO-Mitglied ist, spielt ebenfalls eine wichtige Rolle. &#8220;In diesem Fall liegt eine m\u00f6gliche milit\u00e4rische Konfrontation also auf der Hand&#8221;, erkl\u00e4rt Bojarski.<\/p>\n<p>&#8220;Au\u00dferdem wird Wasser in Zukunft die am meisten nachgefragte Ressource sein. Und es w\u00e4re gut, Gr\u00f6nland als zweite Wasserreserve nach der Antarktis zu haben. Au\u00dferdem gibt es bereits Projekte zum Transport von Eisbergen in trockene Gebiete. Und hier passt es gut, dass Gr\u00f6nland nahe der\u00a0USA liegt, man muss nirgendwo hingehen&#8221;, so der Experte weiter. Er bezweifelt jedoch, dass D\u00e4nemark &#8220;nachgeben&#8221; wird.<\/p>\n<p>Bojarski weist auch auf die Vorkommen verschiedener Ressourcen in der Region hin. So erinnert er an die Anspr\u00fcche der Vereinigten Staaten auf den arktischen Schelf. &#8220;Und kommt dann bereits die Frage der Kontrolle \u00fcber Kanada ins Spiel&#8221;, f\u00fcr der Experte hinzu. Ein weiterer Aspekt, der Trumps Wunsch erkl\u00e4re, Gr\u00f6nland und Kanada zu bekommen, sei logistischer Natur.<\/p>\n<p>&#8220;Es k\u00f6nnte um die Nordwestpassage gehen. Man muss sich jedoch dar\u00fcber im Klaren sein, dass sie unserem n\u00f6rdlichen Seeweg deutlich unterlegen ist. Au\u00dferdem ist der Hauptknackpunkt in dieser ganzen Geschichte die Schifffahrt. Wenn man von einer gewissen Pr\u00e4senz in der Arktis sprechen will, muss man \u00fcber eine entsprechende Flotte verf\u00fcgen&#8221;, betont der Polarforscher.<\/p>\n<p>Und hier hat Russland einen &#8220;m\u00e4chtigen Trumpf&#8221; in der Hand. &#8220;Weder die Kanadier noch die US-Amerikaner haben eine Eisbrecherflotte mit Atomantrieb. Es gibt zwar Dieselschiffe, aber die sind den Atomschiffen unterlegen. Unsere Flotte an nuklear angetriebenen Eisbrechern wird gerade erneuert, sie ist die einzige Flotte dieser Art auf der Welt. Und im Gegensatz zu den USA ist unser Land in der Lage, Transport- und andere Kommunikationsmittel in dieser Region bereitzustellen&#8221;, so Bojarski abschlie\u00dfend.<\/p>\n<p><em>\u00dcbersetzt aus dem <a rel=\"nofollow noopener\" target=\"_blank\" href=\"https:\/\/vz.ru\/world\/2025\/1\/8\/1307492.html\">Russischen<\/a>. Der Artikel ist am 8.\u00a0Januar 2025 zuerst auf der Website der Zeitung Wsgljad erschienen.<\/em><\/p>\n<p><em><strong>Oleg Issaitschenko<\/strong> ist ein Analyst bei der Zeitung Wsgljad.<\/em><\/p>\n<p><strong>Mehr zum Thema<\/strong> \u2013 <a rel=\"nofollow noopener\" target=\"_blank\" href=\"https:\/\/freedert.online\/international\/232036-drohung-mit-militaereinsatz-trump-erhebt\/\">Drohung mit Milit\u00e4reinsatz: Trump erhebt erneut Anspruch auf Gr\u00f6nland und Panamakanal <\/a><\/p>\n<div class=\"EmbedBlock-root EmbedBlock-externalVideo EmbedBlock-rumble\">\n<div class=\"VkEmbed\"><iframe class=\"lazyload\" data-src=\"https:\/\/rumble.com\/embed\/v657pjj\" frameborder=\"0\" width=\"853\" height=\"480\" allowfullscreen><\/iframe><\/div>\n<\/div>\n<\/div>\n<p><br \/>\n<br \/><a href=\"https:\/\/de.rt.com\/nordamerika\/232245-groenland-und-kanada-sind-zum-bestandteil-von-trump-arktisplan-geworden\/\">Source link <\/a><\/p>\n","protected":false},"excerpt":{"rendered":"<p>Donald Trump gibt die Idee eines Anschlusses Gr\u00f6nlands und Kanadas an die Vereinigten Staaten nicht auf. Experten zufolge hat der Republikaner diese L\u00e4nder nicht ohne Grund ins Visier genommen: Auf diese Weise will er mehrere Aufgaben Washingtons in der Arktis auf einmal l\u00f6sen. Von Oleg Issaitschenko Der designierte US-Pr\u00e4sident Donald Trump hat erneut seinen Wunsch [&hellip;]<\/p>\n","protected":false},"author":3,"featured_media":76161,"comment_status":"open","ping_status":"open","sticky":false,"template":"","format":"standard","meta":{"_yoast_indexnow_last_ping":["1736584040"],"wp_automatic_camp":["217"],"ee69927675927299dad307f12c5e8b3f":["Gr\u00f6nland und Kanada sind zum Bestandteil von Trumps Arktisplan geworden"],"original_link":["https:\/\/de.rt.com\/nordamerika\/232245-groenland-und-kanada-sind-zum-bestandteil-von-trump-arktisplan-geworden\/"],"_thumbnail_id":["76161"],"jnews_social_counter_last_update":["1777611382"],"_wptgpro_p2tg_sent2tg":["a:1:{i:23737;s:19:\"2025-01-11 10:28:23\";}"]},"categories":[19,23],"tags":[61738,61737,24565,61318,19376,1046,317,140,50,565],"yoast_head":"<!-- This site is optimized with the Yoast SEO Premium plugin v22.7 (Yoast SEO v22.7) - https:\/\/yoast.com\/wordpress\/plugins\/seo\/ -->\n<title>Gr\u00f6nland und Kanada sind zum Bestandteil von Trumps Arktisplan geworden - just-now.NEWS Deutschland<\/title>\n<meta name=\"robots\" content=\"index, follow, max-snippet:-1, max-image-preview:large, max-video-preview:-1\" \/>\n<link rel=\"canonical\" href=\"https:\/\/now-news.de\/de\/deutschland\/groenland-und-kanada-sind-zum-bestandteil-von-trumps-arktisplan-geworden\/\" \/>\n<meta property=\"og:locale\" content=\"de_DE\" \/>\n<meta property=\"og:type\" content=\"article\" \/>\n<meta property=\"og:title\" content=\"Gr\u00f6nland und Kanada sind zum Bestandteil von Trumps Arktisplan geworden\" \/>\n<meta property=\"og:description\" content=\"Donald Trump gibt die Idee eines Anschlusses Gr\u00f6nlands und Kanadas an die Vereinigten Staaten nicht auf. Experten zufolge hat der Republikaner diese L\u00e4nder nicht ohne Grund ins Visier genommen: Auf diese Weise will er mehrere Aufgaben Washingtons in der Arktis auf einmal l\u00f6sen. Von Oleg Issaitschenko Der designierte US-Pr\u00e4sident Donald Trump hat erneut seinen Wunsch [&hellip;]\" \/>\n<meta property=\"og:url\" content=\"https:\/\/now-news.de\/de\/deutschland\/groenland-und-kanada-sind-zum-bestandteil-von-trumps-arktisplan-geworden\/\" \/>\n<meta property=\"og:site_name\" content=\"just-now.NEWS Deutschland\" \/>\n<meta property=\"article:publisher\" content=\"https:\/\/www.facebook.com\/wirmachenauf\" \/>\n<meta property=\"article:published_time\" content=\"2025-01-11T08:25:29+00:00\" \/>\n<meta property=\"og:image\" content=\"https:\/\/now-news.de\/de\/wp-content\/uploads\/sites\/3\/2025\/01\/677fba9748fbef37e15fb666.jpg\" \/>\n<meta name=\"author\" content=\"rtnews\" \/>\n<meta name=\"twitter:card\" content=\"summary_large_image\" \/>\n<meta name=\"twitter:creator\" content=\"@WirMachenAuf_de\" \/>\n<meta name=\"twitter:site\" content=\"@WirMachenAuf_de\" \/>\n<meta name=\"twitter:label1\" content=\"Verfasst von\" \/>\n\t<meta name=\"twitter:data1\" content=\"rtnews\" \/>\n\t<meta name=\"twitter:label2\" content=\"Gesch\u00e4tzte Lesezeit\" \/>\n\t<meta name=\"twitter:data2\" content=\"9\u00a0Minuten\" \/>\n<script type=\"application\/ld+json\" class=\"yoast-schema-graph\">{\"@context\":\"https:\/\/schema.org\",\"@graph\":[{\"@type\":\"Article\",\"@id\":\"https:\/\/now-news.de\/de\/deutschland\/groenland-und-kanada-sind-zum-bestandteil-von-trumps-arktisplan-geworden\/#article\",\"isPartOf\":{\"@id\":\"https:\/\/now-news.de\/de\/deutschland\/groenland-und-kanada-sind-zum-bestandteil-von-trumps-arktisplan-geworden\/\"},\"author\":{\"name\":\"rtnews\",\"@id\":\"https:\/\/now-news.de\/de\/#\/schema\/person\/fb534a4e865501d8b3285208df34a9b5\"},\"headline\":\"Gr\u00f6nland und Kanada sind zum Bestandteil von Trumps Arktisplan geworden\",\"datePublished\":\"2025-01-11T08:25:29+00:00\",\"dateModified\":\"2025-01-11T08:25:29+00:00\",\"mainEntityOfPage\":{\"@id\":\"https:\/\/now-news.de\/de\/deutschland\/groenland-und-kanada-sind-zum-bestandteil-von-trumps-arktisplan-geworden\/\"},\"wordCount\":1728,\"commentCount\":0,\"publisher\":{\"@id\":\"https:\/\/now-news.de\/de\/#organization\"},\"image\":{\"@id\":\"https:\/\/now-news.de\/de\/deutschland\/groenland-und-kanada-sind-zum-bestandteil-von-trumps-arktisplan-geworden\/#primaryimage\"},\"thumbnailUrl\":\"https:\/\/now-news.de\/de\/wp-content\/uploads\/sites\/3\/2025\/01\/Groenland-und-Kanada-sind-zum-Bestandteil-von-Trumps-Arktisplan-geworden.jpg\",\"keywords\":[\"Arktisplan\",\"Bestandteil\",\"geworden\",\"Gr\u00f6nland\",\"Kanada\",\"sind\",\"Trumps\",\"und\",\"von\",\"zum\"],\"articleSection\":[\"Deutschland\",\"Russland\"],\"inLanguage\":\"de\",\"potentialAction\":[{\"@type\":\"CommentAction\",\"name\":\"Comment\",\"target\":[\"https:\/\/now-news.de\/de\/deutschland\/groenland-und-kanada-sind-zum-bestandteil-von-trumps-arktisplan-geworden\/#respond\"]}]},{\"@type\":\"WebPage\",\"@id\":\"https:\/\/now-news.de\/de\/deutschland\/groenland-und-kanada-sind-zum-bestandteil-von-trumps-arktisplan-geworden\/\",\"url\":\"https:\/\/now-news.de\/de\/deutschland\/groenland-und-kanada-sind-zum-bestandteil-von-trumps-arktisplan-geworden\/\",\"name\":\"Gr\u00f6nland und Kanada sind zum Bestandteil von Trumps Arktisplan geworden - just-now.NEWS Deutschland\",\"isPartOf\":{\"@id\":\"https:\/\/now-news.de\/de\/#website\"},\"primaryImageOfPage\":{\"@id\":\"https:\/\/now-news.de\/de\/deutschland\/groenland-und-kanada-sind-zum-bestandteil-von-trumps-arktisplan-geworden\/#primaryimage\"},\"image\":{\"@id\":\"https:\/\/now-news.de\/de\/deutschland\/groenland-und-kanada-sind-zum-bestandteil-von-trumps-arktisplan-geworden\/#primaryimage\"},\"thumbnailUrl\":\"https:\/\/now-news.de\/de\/wp-content\/uploads\/sites\/3\/2025\/01\/Groenland-und-Kanada-sind-zum-Bestandteil-von-Trumps-Arktisplan-geworden.jpg\",\"datePublished\":\"2025-01-11T08:25:29+00:00\",\"dateModified\":\"2025-01-11T08:25:29+00:00\",\"breadcrumb\":{\"@id\":\"https:\/\/now-news.de\/de\/deutschland\/groenland-und-kanada-sind-zum-bestandteil-von-trumps-arktisplan-geworden\/#breadcrumb\"},\"inLanguage\":\"de\",\"potentialAction\":[{\"@type\":\"ReadAction\",\"target\":[\"https:\/\/now-news.de\/de\/deutschland\/groenland-und-kanada-sind-zum-bestandteil-von-trumps-arktisplan-geworden\/\"]}]},{\"@type\":\"ImageObject\",\"inLanguage\":\"de\",\"@id\":\"https:\/\/now-news.de\/de\/deutschland\/groenland-und-kanada-sind-zum-bestandteil-von-trumps-arktisplan-geworden\/#primaryimage\",\"url\":\"https:\/\/now-news.de\/de\/wp-content\/uploads\/sites\/3\/2025\/01\/Groenland-und-Kanada-sind-zum-Bestandteil-von-Trumps-Arktisplan-geworden.jpg\",\"contentUrl\":\"https:\/\/now-news.de\/de\/wp-content\/uploads\/sites\/3\/2025\/01\/Groenland-und-Kanada-sind-zum-Bestandteil-von-Trumps-Arktisplan-geworden.jpg\",\"width\":460,\"height\":259,\"caption\":\"Gr\u00f6nland und Kanada sind zum Bestandteil von Trumps Arktisplan geworden\"},{\"@type\":\"BreadcrumbList\",\"@id\":\"https:\/\/now-news.de\/de\/deutschland\/groenland-und-kanada-sind-zum-bestandteil-von-trumps-arktisplan-geworden\/#breadcrumb\",\"itemListElement\":[{\"@type\":\"ListItem\",\"position\":1,\"name\":\"Home\",\"item\":\"https:\/\/now-news.de\/de\/\"},{\"@type\":\"ListItem\",\"position\":2,\"name\":\"Gr\u00f6nland und Kanada sind zum Bestandteil von Trumps Arktisplan geworden\"}]},{\"@type\":\"WebSite\",\"@id\":\"https:\/\/now-news.de\/de\/#website\",\"url\":\"https:\/\/now-news.de\/de\/\",\"name\":\"just-now.NEWS Deutschland\",\"description\":\"Das Portal f\u00fcr unzensierte Nachrichten aus der Welt\",\"publisher\":{\"@id\":\"https:\/\/now-news.de\/de\/#organization\"},\"potentialAction\":[{\"@type\":\"SearchAction\",\"target\":{\"@type\":\"EntryPoint\",\"urlTemplate\":\"https:\/\/now-news.de\/de\/?s={search_term_string}\"},\"query-input\":\"required name=search_term_string\"}],\"inLanguage\":\"de\"},{\"@type\":\"Organization\",\"@id\":\"https:\/\/now-news.de\/de\/#organization\",\"name\":\"Just Now News\",\"url\":\"https:\/\/now-news.de\/de\/\",\"logo\":{\"@type\":\"ImageObject\",\"inLanguage\":\"de\",\"@id\":\"https:\/\/now-news.de\/de\/#\/schema\/logo\/image\/\",\"url\":\"http:\/\/just-now.news\/de\/wp-content\/uploads\/sites\/3\/2022\/04\/logo500x500.jpg\",\"contentUrl\":\"http:\/\/just-now.news\/de\/wp-content\/uploads\/sites\/3\/2022\/04\/logo500x500.jpg\",\"width\":500,\"height\":500,\"caption\":\"Just Now News\"},\"image\":{\"@id\":\"https:\/\/now-news.de\/de\/#\/schema\/logo\/image\/\"},\"sameAs\":[\"https:\/\/www.facebook.com\/wirmachenauf\",\"https:\/\/x.com\/WirMachenAuf_de\"]},{\"@type\":\"Person\",\"@id\":\"https:\/\/now-news.de\/de\/#\/schema\/person\/fb534a4e865501d8b3285208df34a9b5\",\"name\":\"rtnews\",\"image\":{\"@type\":\"ImageObject\",\"inLanguage\":\"de\",\"@id\":\"https:\/\/now-news.de\/de\/#\/schema\/person\/image\/\",\"url\":\"https:\/\/secure.gravatar.com\/avatar\/82aafea7d8127119dd649515f56e2117?s=96&d=mm&r=g\",\"contentUrl\":\"https:\/\/secure.gravatar.com\/avatar\/82aafea7d8127119dd649515f56e2117?s=96&d=mm&r=g\",\"caption\":\"rtnews\"},\"url\":\"https:\/\/now-news.de\/de\/author\/rnews\/\"}]}<\/script>\n<!-- \/ Yoast SEO Premium plugin. -->","yoast_head_json":{"title":"Gr\u00f6nland und Kanada sind zum Bestandteil von Trumps Arktisplan geworden - just-now.NEWS Deutschland","robots":{"index":"index","follow":"follow","max-snippet":"max-snippet:-1","max-image-preview":"max-image-preview:large","max-video-preview":"max-video-preview:-1"},"canonical":"https:\/\/now-news.de\/de\/deutschland\/groenland-und-kanada-sind-zum-bestandteil-von-trumps-arktisplan-geworden\/","og_locale":"de_DE","og_type":"article","og_title":"Gr\u00f6nland und Kanada sind zum Bestandteil von Trumps Arktisplan geworden","og_description":"Donald Trump gibt die Idee eines Anschlusses Gr\u00f6nlands und Kanadas an die Vereinigten Staaten nicht auf. Experten zufolge hat der Republikaner diese L\u00e4nder nicht ohne Grund ins Visier genommen: Auf diese Weise will er mehrere Aufgaben Washingtons in der Arktis auf einmal l\u00f6sen. Von Oleg Issaitschenko Der designierte US-Pr\u00e4sident Donald Trump hat erneut seinen Wunsch [&hellip;]","og_url":"https:\/\/now-news.de\/de\/deutschland\/groenland-und-kanada-sind-zum-bestandteil-von-trumps-arktisplan-geworden\/","og_site_name":"just-now.NEWS Deutschland","article_publisher":"https:\/\/www.facebook.com\/wirmachenauf","article_published_time":"2025-01-11T08:25:29+00:00","og_image":[{"url":"https:\/\/now-news.de\/de\/wp-content\/uploads\/sites\/3\/2025\/01\/677fba9748fbef37e15fb666.jpg"}],"author":"rtnews","twitter_card":"summary_large_image","twitter_creator":"@WirMachenAuf_de","twitter_site":"@WirMachenAuf_de","twitter_misc":{"Verfasst von":"rtnews","Gesch\u00e4tzte Lesezeit":"9\u00a0Minuten"},"schema":{"@context":"https:\/\/schema.org","@graph":[{"@type":"Article","@id":"https:\/\/now-news.de\/de\/deutschland\/groenland-und-kanada-sind-zum-bestandteil-von-trumps-arktisplan-geworden\/#article","isPartOf":{"@id":"https:\/\/now-news.de\/de\/deutschland\/groenland-und-kanada-sind-zum-bestandteil-von-trumps-arktisplan-geworden\/"},"author":{"name":"rtnews","@id":"https:\/\/now-news.de\/de\/#\/schema\/person\/fb534a4e865501d8b3285208df34a9b5"},"headline":"Gr\u00f6nland und Kanada sind zum Bestandteil von Trumps Arktisplan geworden","datePublished":"2025-01-11T08:25:29+00:00","dateModified":"2025-01-11T08:25:29+00:00","mainEntityOfPage":{"@id":"https:\/\/now-news.de\/de\/deutschland\/groenland-und-kanada-sind-zum-bestandteil-von-trumps-arktisplan-geworden\/"},"wordCount":1728,"commentCount":0,"publisher":{"@id":"https:\/\/now-news.de\/de\/#organization"},"image":{"@id":"https:\/\/now-news.de\/de\/deutschland\/groenland-und-kanada-sind-zum-bestandteil-von-trumps-arktisplan-geworden\/#primaryimage"},"thumbnailUrl":"https:\/\/now-news.de\/de\/wp-content\/uploads\/sites\/3\/2025\/01\/Groenland-und-Kanada-sind-zum-Bestandteil-von-Trumps-Arktisplan-geworden.jpg","keywords":["Arktisplan","Bestandteil","geworden","Gr\u00f6nland","Kanada","sind","Trumps","und","von","zum"],"articleSection":["Deutschland","Russland"],"inLanguage":"de","potentialAction":[{"@type":"CommentAction","name":"Comment","target":["https:\/\/now-news.de\/de\/deutschland\/groenland-und-kanada-sind-zum-bestandteil-von-trumps-arktisplan-geworden\/#respond"]}]},{"@type":"WebPage","@id":"https:\/\/now-news.de\/de\/deutschland\/groenland-und-kanada-sind-zum-bestandteil-von-trumps-arktisplan-geworden\/","url":"https:\/\/now-news.de\/de\/deutschland\/groenland-und-kanada-sind-zum-bestandteil-von-trumps-arktisplan-geworden\/","name":"Gr\u00f6nland und Kanada sind zum Bestandteil von Trumps Arktisplan geworden - just-now.NEWS Deutschland","isPartOf":{"@id":"https:\/\/now-news.de\/de\/#website"},"primaryImageOfPage":{"@id":"https:\/\/now-news.de\/de\/deutschland\/groenland-und-kanada-sind-zum-bestandteil-von-trumps-arktisplan-geworden\/#primaryimage"},"image":{"@id":"https:\/\/now-news.de\/de\/deutschland\/groenland-und-kanada-sind-zum-bestandteil-von-trumps-arktisplan-geworden\/#primaryimage"},"thumbnailUrl":"https:\/\/now-news.de\/de\/wp-content\/uploads\/sites\/3\/2025\/01\/Groenland-und-Kanada-sind-zum-Bestandteil-von-Trumps-Arktisplan-geworden.jpg","datePublished":"2025-01-11T08:25:29+00:00","dateModified":"2025-01-11T08:25:29+00:00","breadcrumb":{"@id":"https:\/\/now-news.de\/de\/deutschland\/groenland-und-kanada-sind-zum-bestandteil-von-trumps-arktisplan-geworden\/#breadcrumb"},"inLanguage":"de","potentialAction":[{"@type":"ReadAction","target":["https:\/\/now-news.de\/de\/deutschland\/groenland-und-kanada-sind-zum-bestandteil-von-trumps-arktisplan-geworden\/"]}]},{"@type":"ImageObject","inLanguage":"de","@id":"https:\/\/now-news.de\/de\/deutschland\/groenland-und-kanada-sind-zum-bestandteil-von-trumps-arktisplan-geworden\/#primaryimage","url":"https:\/\/now-news.de\/de\/wp-content\/uploads\/sites\/3\/2025\/01\/Groenland-und-Kanada-sind-zum-Bestandteil-von-Trumps-Arktisplan-geworden.jpg","contentUrl":"https:\/\/now-news.de\/de\/wp-content\/uploads\/sites\/3\/2025\/01\/Groenland-und-Kanada-sind-zum-Bestandteil-von-Trumps-Arktisplan-geworden.jpg","width":460,"height":259,"caption":"Gr\u00f6nland und Kanada sind zum Bestandteil von Trumps Arktisplan geworden"},{"@type":"BreadcrumbList","@id":"https:\/\/now-news.de\/de\/deutschland\/groenland-und-kanada-sind-zum-bestandteil-von-trumps-arktisplan-geworden\/#breadcrumb","itemListElement":[{"@type":"ListItem","position":1,"name":"Home","item":"https:\/\/now-news.de\/de\/"},{"@type":"ListItem","position":2,"name":"Gr\u00f6nland und Kanada sind zum Bestandteil von Trumps Arktisplan geworden"}]},{"@type":"WebSite","@id":"https:\/\/now-news.de\/de\/#website","url":"https:\/\/now-news.de\/de\/","name":"just-now.NEWS Deutschland","description":"Das Portal f\u00fcr unzensierte Nachrichten aus der Welt","publisher":{"@id":"https:\/\/now-news.de\/de\/#organization"},"potentialAction":[{"@type":"SearchAction","target":{"@type":"EntryPoint","urlTemplate":"https:\/\/now-news.de\/de\/?s={search_term_string}"},"query-input":"required name=search_term_string"}],"inLanguage":"de"},{"@type":"Organization","@id":"https:\/\/now-news.de\/de\/#organization","name":"Just Now News","url":"https:\/\/now-news.de\/de\/","logo":{"@type":"ImageObject","inLanguage":"de","@id":"https:\/\/now-news.de\/de\/#\/schema\/logo\/image\/","url":"http:\/\/just-now.news\/de\/wp-content\/uploads\/sites\/3\/2022\/04\/logo500x500.jpg","contentUrl":"http:\/\/just-now.news\/de\/wp-content\/uploads\/sites\/3\/2022\/04\/logo500x500.jpg","width":500,"height":500,"caption":"Just Now News"},"image":{"@id":"https:\/\/now-news.de\/de\/#\/schema\/logo\/image\/"},"sameAs":["https:\/\/www.facebook.com\/wirmachenauf","https:\/\/x.com\/WirMachenAuf_de"]},{"@type":"Person","@id":"https:\/\/now-news.de\/de\/#\/schema\/person\/fb534a4e865501d8b3285208df34a9b5","name":"rtnews","image":{"@type":"ImageObject","inLanguage":"de","@id":"https:\/\/now-news.de\/de\/#\/schema\/person\/image\/","url":"https:\/\/secure.gravatar.com\/avatar\/82aafea7d8127119dd649515f56e2117?s=96&d=mm&r=g","contentUrl":"https:\/\/secure.gravatar.com\/avatar\/82aafea7d8127119dd649515f56e2117?s=96&d=mm&r=g","caption":"rtnews"},"url":"https:\/\/now-news.de\/de\/author\/rnews\/"}]}},"_links":{"self":[{"href":"https:\/\/now-news.de\/de\/wp-json\/wp\/v2\/posts\/76160"}],"collection":[{"href":"https:\/\/now-news.de\/de\/wp-json\/wp\/v2\/posts"}],"about":[{"href":"https:\/\/now-news.de\/de\/wp-json\/wp\/v2\/types\/post"}],"author":[{"embeddable":true,"href":"https:\/\/now-news.de\/de\/wp-json\/wp\/v2\/users\/3"}],"replies":[{"embeddable":true,"href":"https:\/\/now-news.de\/de\/wp-json\/wp\/v2\/comments?post=76160"}],"version-history":[{"count":0,"href":"https:\/\/now-news.de\/de\/wp-json\/wp\/v2\/posts\/76160\/revisions"}],"wp:featuredmedia":[{"embeddable":true,"href":"https:\/\/now-news.de\/de\/wp-json\/wp\/v2\/media\/76161"}],"wp:attachment":[{"href":"https:\/\/now-news.de\/de\/wp-json\/wp\/v2\/media?parent=76160"}],"wp:term":[{"taxonomy":"category","embeddable":true,"href":"https:\/\/now-news.de\/de\/wp-json\/wp\/v2\/categories?post=76160"},{"taxonomy":"post_tag","embeddable":true,"href":"https:\/\/now-news.de\/de\/wp-json\/wp\/v2\/tags?post=76160"}],"curies":[{"name":"wp","href":"https:\/\/api.w.org\/{rel}","templated":true}]}}