{"id":76122,"date":"2025-01-10T18:43:13","date_gmt":"2025-01-10T16:43:13","guid":{"rendered":"https:\/\/now-news.de\/de\/deutschland\/der-buendniskanzler-in-der-beliebtheit-auf-platz1-habeck-bestellt-das-zdf-liefert\/"},"modified":"2025-01-10T18:43:13","modified_gmt":"2025-01-10T16:43:13","slug":"der-buendniskanzler-in-der-beliebtheit-auf-platz1-habeck-bestellt-das-zdf-liefert","status":"publish","type":"post","link":"https:\/\/now-news.de\/de\/deutschland\/der-buendniskanzler-in-der-beliebtheit-auf-platz1-habeck-bestellt-das-zdf-liefert\/","title":{"rendered":"Der &quot;B\u00fcndniskanzler&quot; in der Beliebtheit auf Platz1? Habeck bestellt, das ZDF liefert"},"content":{"rendered":"<div class=\"Text-root Text-type_1 \">\n                Gr\u00fcnen-Kanzlerkandidat Habeck ist weiterhin sauer auf die ARD und das ZDF. Die Aufforderung an Unterst\u00fctzer in einem X-Video lautete, sagt Ja bei Umfragen zur Partei, damit &#8220;die Sender ihre Entscheidung revidieren m\u00fcssen&#8221;, um ihn doch noch zum TV-Triell einzuladen. Nun meldet das ZDF \u2013 &#8220;K-Frage: Habeck gleichauf mit Merz&#8221;.\n            <\/div>\n<p><\/p>\n<div class=\"Text-root Text-type_5 ArticleView-text ViewText-root \">\n<p>Gr\u00fcnen-Kanzlerkandidat Robert Habeck \u00e4u\u00dferte nachdr\u00fccklich am 9. Januar via X-Video seinen Unmut und Unverst\u00e4ndnis gegen\u00fcber der\u00a0<em>ARD<\/em>\u00a0und dem\u00a0<em>ZDF<\/em>. Es sei f\u00fcr ihn weiterhin &#8220;nicht richtig \u2012 ich finde es auch unverst\u00e4ndlich&#8221;, dass die Sender &#8220;kein Triell [Dreier-TV-Duell] zulassen wollen&#8221;. Daher m\u00fcssten Umfragen zu den Gr\u00fcnen und seiner Person durch Zustimmung der Anh\u00e4nger forciert werden. Einen Tag sp\u00e4ter\u00a0<a rel=\"nofollow noopener\" target=\"_blank\" href=\"https:\/\/www.zdf.de\/nachrichten\/politik\/politbarometer-kanzlerfrage-habeck-merz-weidel-scholz-wahlkampf-100.html\">meldet<\/a>\u00a0nun das\u00a0<em>ZDF<\/em>, dass vermeintlich &#8220;in der K-Frage Merz und Habeck gleichauf liegen&#8221;. Der Habeck-Wert im Springer-Verlagshaus f\u00e4llt noch besser aus.<\/p>\n<p>Der 23. Februar ist der Neuwahltermin. Der gr\u00fcne Kanzlerkandidat Robert Habeck sieht in seiner Person samt verantwortlichem Agieren weiterhin die Eignung zum Kanzler aller Deutschen. In einem aktuellen X-Video knetet er sich argumentativ die Realit\u00e4ten zurecht, ausgehend von ausschlaggebenden Gr\u00fcnden f\u00fcr den ben\u00f6tigten Wahlkampf. Die zur\u00fcckliegenden Beliebtheits- und Eignungswerte seien anma\u00dfend gepr\u00e4gt gewesen &#8220;durch die Umfragen der Ampelzeit&#8221;.<\/p>\n<p>Habeck\u00a0<a rel=\"nofollow noopener\" target=\"_blank\" href=\"https:\/\/x.com\/roberthabeck\/status\/1877393949309952444\">w\u00f6rtlich<\/a>\u00a0an potenzielle Unterst\u00fctzer und Gr\u00fcnen-Versteher:<\/p>\n<p>&#8220;<em>Aber die Ampel ist Vergangenheit! Ab jetzt geht es um die Gestaltung der Zukunft, um das Neue. Das Zur\u00fcckblicken wird nicht dar\u00fcber entscheiden, wie wir am 23. Februar 2025 in Deutschland abstimmen.&#8221;<\/em>\u00a0<\/p>\n<p>Habeck sieht sich daher weiterhin als ebenb\u00fcrtiger Politiker im Rampenlicht bei\u00a0<em>ARD<\/em>\u00a0und\u00a0<em>ZDF<\/em>. Dies jedoch alleinig bezogen auf die Konkurrenten Friedrich Merz (CDU) und Olaf Scholz (SPD). Alice Weidel, laut Umfragen seit Monaten die Kanzlerkandidatin der zweitst\u00e4rksten Partei AfD im Land, hinter der CDU, wird von dem Gr\u00fcnen-Politiker konsequent negiert.<\/p>\n<p>Zum Ende des X-Videos lautet die Aufforderung des selbst titulierten &#8220;Underdogs&#8221;:<\/p>\n<p>&#8220;<em>Wenn Sie wollen, dass dieses Land eine breitere Auswahl hat als Friedrich Merz und Olaf Scholz, SPD und Union, f\u00fcr die F\u00fchrung dieses Landes, dann bitte ich Sie, in den Umfragen f\u00fcr die Gr\u00fcnen zu werben (&#8230;) Sie\u00a0k\u00f6nnen einen Beitrag dazu leisten, indem Sie (&#8230;) daf\u00fcr werben, dass die Gr\u00fcnen in den Umfragen steigen und so die Sender ihre Entscheidung revidieren m\u00fcssen.&#8221;<\/em><\/p>\n<p>Genau einen Tag sp\u00e4ter jubiliert Andreas Audretsch, Wahlkampfleiter der Gr\u00fcnen, w\u00f6rtlich auf der &#8220;rechten&#8221; X-Plattform:<\/p>\n<p><em>&#8220;Auch beim ZDF: Deutschland will Robert Habeck als Kanzler. Und Gr\u00fcne nun vor der SPD. ARD\/ZDF m\u00fcssen umplanen. Es w\u00e4re falsch, Robert Habeck ohne sinnvollen Grund auszuschlie\u00dfen.&#8221;<\/em><\/p>\n<div class=\"EmbedBlock-root EmbedBlock-twitter\">\n<div class=\"TwitterEmbed\">\n<blockquote class=\"twitter-tweet lazyload\" data-twitter=\"twitter-tweet\">\n<p lang=\"de\" dir=\"ltr\">Auch beim ZDF: Deutschland will Robert <a rel=\"nofollow noopener\" target=\"_blank\" href=\"https:\/\/twitter.com\/hashtag\/Habeck?src=hash&amp;ref_src=twsrc%5Etfw\">#Habeck<\/a> als Kanzler. Und Gr\u00fcne nun vor der SPD.ARD\/ZDF m\u00fcssen umplanen. Es w\u00e4re falsch Robert Habeck ohne sinnvollen Grund auszuschlie\u00dfen.Ein altes GroKo-Duell von gestern geht nicht. Die Menschen haben ein Recht auf eine echte Auswahl. <a rel=\"nofollow noopener\" target=\"_blank\" href=\"https:\/\/t.co\/TSOGUFrcNb\">pic.twitter.com\/TSOGUFrcNb<\/a><\/p>\n<p>\u2014 Andreas Audretsch (@AnAudretsch) <a rel=\"nofollow noopener\" target=\"_blank\" href=\"https:\/\/twitter.com\/AnAudretsch\/status\/1877630769503383587?ref_src=twsrc%5Etfw\">January 10, 2025<\/a><\/p><\/blockquote>\n<\/div>\n<\/div>\n<p>Der <em>ZDF<\/em>-Artikel erkl\u00e4rt, dass diese Woche nun &#8220;die hei\u00dfe Phase des kurzen Winterwahlkampfs begonnen&#8221; habe. Und weiter:<\/p>\n<p><em>&#8220;Und wie so oft stellt sich die politische Lage nach der Weihnachtspause etwas anders dar als davor. Das betrifft vor allem die K-Frage.&#8221;<\/em><\/p>\n<p>In der &#8220;Kanzlerkandidatenfrage&#8221; g\u00e4be es demnach laut Umfragewerten ein &#8220;Kopf-an-Kopf-Rennen&#8221; zwischen Friedrich Merz (27 Prozent Zustimmung, minus zwei) und Robert Habeck (27 Prozent, plus zwei). Die Umfrage zum sogenannten &#8220;Politbarometer&#8221; wurde &#8220;wie immer&#8221; von der Mannheimer Forschungsgruppe Wahlen durchgef\u00fchrt (1.433 &#8220;repr\u00e4sentative&#8221; Teilnehmer). Zur Kandidatenfrage hei\u00dft es weiter:<\/p>\n<p><em>&#8220;Inzwischen wollen nur noch 14 Prozent (minus zwei) Olaf Scholz am liebsten als Kanzler und damit etwas weniger als Alice Weidel (15 Prozent; minus eins).&#8221;<\/em><\/p>\n<p>Im Dezember des Vorjahres wurden Habeck, wie auch Alice Weidel, in der gleichlautenden Umfrage des &#8220;Politbarometers&#8221; \u00fcberhaupt nicht\u00a0<a rel=\"nofollow noopener\" target=\"_blank\" href=\"https:\/\/www.zdf.de\/nachrichten\/politik\/kanzlerfrage-scholz-und-merz-gleichauf-100.html\">ber\u00fccksichtigt<\/a>. Merz erzielte ein Ergebnis von 45 Prozent Zustimmung, Olaf Scholz von 43 Prozent.<\/p>\n<p>Zur erweiterten Frage: &#8220;Wer kann Kanzler?&#8221; erzielte Habeck dabei ein Ergebnis von 30 Prozent Eignung (nein: 66 Prozent).\u00a0Alice Weidel 12 Prozent (nein: 83 Prozent).\u00a0<\/p>\n<p>Wie vage und fraglich die Bedeutung solcher Umfragen sind, belegt das\u00a0<a rel=\"nofollow noopener\" target=\"_blank\" href=\"https:\/\/www.bild.de\/politik\/inland\/kanzlerfrage-weidel-haengt-merz-ab-6765768afd0152318d3e848f\">Ergebnis<\/a>\u00a0einer Umfrage des Meinungsforschungsinstituts INSA f\u00fcr die\u00a0<em>Bild<\/em>-Zeitung, ebenfalls aus dem Dezember des Vorjahres:<\/p>\n<figure class=\"RTImage-root\">\n<div class=\"RTImage-image RTImage-original\"><picture class=\"Picture-root Picture-original\"><!--[if IE 9]><video style=\"display: none;\"><![endif]--><source media=\"(-webkit-min-device-pixel-ratio: 2) and (min-resolution: 120dpi)\" data-srcset=\" \nhttps:\/\/now-news.de\/de\/wp-content\/uploads\/sites\/3\/2025\/01\/6781139fb480cc1a84251a75.jpg 850w,\n                https:\/\/now-news.de\/de\/wp-content\/uploads\/sites\/3\/2025\/01\/6781139fb480cc1a84251a75.jpg 1960w,            \" ><source data-srcset=\" \nhttps:\/\/now-news.de\/de\/wp-content\/uploads\/sites\/3\/2025\/01\/6781139fb480cc1a84251a75.jpg 460w,\n              https:\/\/now-news.de\/de\/wp-content\/uploads\/sites\/3\/2025\/01\/6781139fb480cc1a84251a75.jpg 980w,\n            \" ><!--[if IE 9]><\/video><![endif]--><img decoding=\"async\" data- src=\"data:image\/png;base64,iVBORw0KGgoAAAANSUhEUgAAABAAAAAJCAQAAACRI2S5AAAAEElEQVR42mNkIAAYRxWAAQAG9gAKqv6+AwAAAABJRU5ErkJggg==\" class=\"Picture-root Picture-original lazyload\" data-src=\"https:\/\/now-news.de\/de\/wp-content\/uploads\/sites\/3\/2025\/01\/6781139fb480cc1a84251a75.jpg\" alt=\"\"><\/source><\/source><\/picture><!-- noscript pattern --><noscript><img decoding=\"async\" src=\"https:\/\/now-news.de\/de\/wp-content\/uploads\/sites\/3\/2025\/01\/6781139fb480cc1a84251a75.jpg\" alt=\"\"><\/noscript><\/div><figcaption class=\"RTImage-footer\"><span class=\"RTImage-caption\"><\/span><span class=\"RTImage-source\"><span class=\"RTImage-captionItem\">Screenshot: Webseite\/Bild.de<\/span><\/span><\/figcaption><\/figure>\n<p>Zur Kr\u00f6nung der aktuellen Habeck-Woche meldet sich nun auch die Rudi-Dutschke-Stra\u00dfe in Berlin zu Wort. Die dem Springer-Verlag zugeh\u00f6rige\u00a0<em>Welt<\/em>-Zeitung\u00a0<a rel=\"nofollow noopener\" target=\"_blank\" href=\"https:\/\/www.welt.de\/politik\/deutschland\/article255072182\/Deutschlandtrend-Ploetzlich-ist-Habeck-beliebtester-Kanzlerkandidat-und-haengt-Merz-ab.html\">titelt<\/a>\u00a0ebenfalls am 10. Januar:<\/p>\n<p><em>&#8220;Pl\u00f6tzlich ist Habeck beliebtester Kanzlerkandidat \u2013 und h\u00e4ngt Merz ab&#8221;<\/em><\/p>\n<p>Ausgehend von der j\u00fcngsten Erhebung des sogenannten &#8220;Deutschlandtrends&#8221;, den &#8220;Infratest dimap im Auftrag von\u00a0<em>ARD<\/em>-Tagesthemen und\u00a0<em>WELT<\/em>\u00a0erhoben&#8221; h\u00e4tten. In Bezug auf das Ergebnis einer erfragten &#8220;Beliebtheit&#8221; bei den B\u00fcrgern hei\u00dft es:<\/p>\n<p><em>&#8220;Am besten schneidet dabei noch Robert Habeck von den Gr\u00fcnen mit 28 Punkten ab. Der Kanzlerkandidat der Union, Friedrich Merz (CDU), kommt auf 25 Prozent (&#8230;) Und der amtierende Kanzler Olaf Scholz (SPD) teilt sich das Schlusstreppchen mit AfD-Parteichefin Alice Weidel, nur 20 Prozent der Befragten waren mit ihnen &#8220;zufrieden&#8221; oder &#8220;sehr zufrieden.&#8221;<\/em><\/p>\n<p>Das definitive Endergebnis, welchen Kanzler oder welche Kanzlerin die Deutschen f\u00fcr am besten geeignet erachten, wird sich daher schlussendlich am 23. Februar um 18 Uhr bei der ersten Hochrechnung in den Wahlkampfstudios von\u00a0<em>ARD<\/em>\u00a0und\u00a0<em>ZDF<\/em>\u00a0zeigen.<\/p>\n<p>Die B\u00fcndnisgr\u00fcnen sind sich zumindest f\u00fcr diese Woche sehr sicher:<\/p>\n<p><em>&#8220;Die Umfragen zeigen: Menschen wollen Robert Habeck als Kanzler \u2013 und wir wollen ein Triell mit Habeck.&#8221;<\/em><\/p>\n<div class=\"EmbedBlock-root EmbedBlock-twitter\">\n<div class=\"TwitterEmbed\">\n<blockquote class=\"twitter-tweet lazyload\" data-twitter=\"twitter-tweet\">\n<p lang=\"de\" dir=\"ltr\">Die Umfragen zeigen: Menschen wollen <a rel=\"nofollow noopener\" target=\"_blank\" href=\"https:\/\/twitter.com\/roberthabeck?ref_src=twsrc%5Etfw\">@roberthabeck<\/a> als Kanzler \u2013 und wir wollen ein <a rel=\"nofollow noopener\" target=\"_blank\" href=\"https:\/\/twitter.com\/hashtag\/TriellMitHabeck?src=hash&amp;ref_src=twsrc%5Etfw\">#TriellMitHabeck<\/a>! <a rel=\"nofollow noopener\" target=\"_blank\" href=\"https:\/\/t.co\/b0bHftjJY1\">pic.twitter.com\/b0bHftjJY1<\/a><\/p>\n<p>\u2014 B\u00dcNDNIS 90\/DIE GR\u00dcNEN (@Die_Gruenen) <a rel=\"nofollow noopener\" target=\"_blank\" href=\"https:\/\/twitter.com\/Die_Gruenen\/status\/1877666167684259846?ref_src=twsrc%5Etfw\">January 10, 2025<\/a><\/p><\/blockquote>\n<\/div>\n<\/div>\n<p><strong>Mehr zum Thema &#8211;<\/strong>\u00a0<a rel=\"nofollow noopener\" target=\"_blank\" href=\"https:\/\/freedert.online\/meinung\/232224-scholzens-weg-fuehrt-nicht-zu\/\">Der Weg von Scholz f\u00fchrt nicht zu Putin \u2013 sondern vor Gericht <\/a><\/p>\n<div class=\"EmbedBlock-root EmbedBlock-externalVideo EmbedBlock-rumble\">\n<div class=\"VkEmbed\"><iframe class=\"lazyload\" data-src=\"https:\/\/rumble.com\/embed\/v64acop\" frameborder=\"0\" width=\"853\" height=\"480\" allowfullscreen><\/iframe><\/div>\n<\/div>\n<\/div>\n<p><script async src=\"https:\/\/platform.twitter.com\/widgets.js\" charset=\"utf-8\"><\/script><br \/>\n<br \/><br \/>\n<br \/><a href=\"https:\/\/de.rt.com\/inland\/232381-buendniskanzler-in-beleibtheit-auf-platz1\/\">Source link <\/a><\/p>\n","protected":false},"excerpt":{"rendered":"<p>Gr\u00fcnen-Kanzlerkandidat Habeck ist weiterhin sauer auf die ARD und das ZDF. Die Aufforderung an Unterst\u00fctzer in einem X-Video lautete, sagt Ja bei Umfragen zur Partei, damit &#8220;die Sender ihre Entscheidung revidieren m\u00fcssen&#8221;, um ihn doch noch zum TV-Triell einzuladen. Nun meldet das ZDF \u2013 &#8220;K-Frage: Habeck gleichauf mit Merz&#8221;. Gr\u00fcnen-Kanzlerkandidat Robert Habeck \u00e4u\u00dferte nachdr\u00fccklich am [&hellip;]<\/p>\n","protected":false},"author":3,"featured_media":76123,"comment_status":"open","ping_status":"open","sticky":false,"template":"","format":"standard","meta":{"_yoast_indexnow_last_ping":["1736527608"],"wp_automatic_camp":["217"],"eeb03717245e379240cfef75a6ce5526":["Der &quot;B\u00fcndniskanzler&quot; in der Beliebtheit auf Platz1? Habeck bestellt, das ZDF liefert"],"original_link":["https:\/\/de.rt.com\/inland\/232381-buendniskanzler-in-beleibtheit-auf-platz1\/"],"_thumbnail_id":["76123"],"_wptgpro_p2tg_sent2tg":["a:1:{i:23737;s:19:\"2025-01-10 18:48:07\";}"],"jnews_social_counter_last_update":["1777568411"]},"categories":[19,23],"tags":[133,61720,13973,427,82,911,10862,61721,61719,3812],"yoast_head":"<!-- This site is optimized with the Yoast SEO Premium plugin v22.7 (Yoast SEO v22.7) - https:\/\/yoast.com\/wordpress\/plugins\/seo\/ -->\n<title>Der &quot;B\u00fcndniskanzler&quot; in der Beliebtheit auf Platz1? Habeck bestellt, das ZDF liefert - just-now.NEWS Deutschland<\/title>\n<meta name=\"robots\" content=\"index, follow, max-snippet:-1, max-image-preview:large, max-video-preview:-1\" \/>\n<link rel=\"canonical\" href=\"https:\/\/now-news.de\/de\/deutschland\/der-buendniskanzler-in-der-beliebtheit-auf-platz1-habeck-bestellt-das-zdf-liefert\/\" \/>\n<meta property=\"og:locale\" content=\"de_DE\" \/>\n<meta property=\"og:type\" content=\"article\" \/>\n<meta property=\"og:title\" content=\"Der &quot;B\u00fcndniskanzler&quot; in der Beliebtheit auf Platz1? Habeck bestellt, das ZDF liefert\" \/>\n<meta property=\"og:description\" content=\"Gr\u00fcnen-Kanzlerkandidat Habeck ist weiterhin sauer auf die ARD und das ZDF. Die Aufforderung an Unterst\u00fctzer in einem X-Video lautete, sagt Ja bei Umfragen zur Partei, damit &#8220;die Sender ihre Entscheidung revidieren m\u00fcssen&#8221;, um ihn doch noch zum TV-Triell einzuladen. Nun meldet das ZDF \u2013 &#8220;K-Frage: Habeck gleichauf mit Merz&#8221;. Gr\u00fcnen-Kanzlerkandidat Robert Habeck \u00e4u\u00dferte nachdr\u00fccklich am [&hellip;]\" \/>\n<meta property=\"og:url\" content=\"https:\/\/now-news.de\/de\/deutschland\/der-buendniskanzler-in-der-beliebtheit-auf-platz1-habeck-bestellt-das-zdf-liefert\/\" \/>\n<meta property=\"og:site_name\" content=\"just-now.NEWS Deutschland\" \/>\n<meta property=\"article:publisher\" content=\"https:\/\/www.facebook.com\/wirmachenauf\" \/>\n<meta property=\"article:published_time\" content=\"2025-01-10T16:43:13+00:00\" \/>\n<meta property=\"og:image\" content=\"https:\/\/now-news.de\/de\/wp-content\/uploads\/sites\/3\/2025\/01\/6781139fb480cc1a84251a75.jpg\" \/>\n<meta name=\"author\" content=\"rtnews\" \/>\n<meta name=\"twitter:card\" content=\"summary_large_image\" \/>\n<meta name=\"twitter:creator\" content=\"@WirMachenAuf_de\" \/>\n<meta name=\"twitter:site\" content=\"@WirMachenAuf_de\" \/>\n<meta name=\"twitter:label1\" content=\"Verfasst von\" \/>\n\t<meta name=\"twitter:data1\" content=\"rtnews\" \/>\n\t<meta name=\"twitter:label2\" content=\"Gesch\u00e4tzte Lesezeit\" \/>\n\t<meta name=\"twitter:data2\" content=\"5\u00a0Minuten\" \/>\n<script type=\"application\/ld+json\" class=\"yoast-schema-graph\">{\"@context\":\"https:\/\/schema.org\",\"@graph\":[{\"@type\":\"Article\",\"@id\":\"https:\/\/now-news.de\/de\/deutschland\/der-buendniskanzler-in-der-beliebtheit-auf-platz1-habeck-bestellt-das-zdf-liefert\/#article\",\"isPartOf\":{\"@id\":\"https:\/\/now-news.de\/de\/deutschland\/der-buendniskanzler-in-der-beliebtheit-auf-platz1-habeck-bestellt-das-zdf-liefert\/\"},\"author\":{\"name\":\"rtnews\",\"@id\":\"https:\/\/now-news.de\/de\/#\/schema\/person\/fb534a4e865501d8b3285208df34a9b5\"},\"headline\":\"Der &quot;B\u00fcndniskanzler&quot; in der Beliebtheit auf Platz1? Habeck bestellt, das ZDF liefert\",\"datePublished\":\"2025-01-10T16:43:13+00:00\",\"dateModified\":\"2025-01-10T16:43:13+00:00\",\"mainEntityOfPage\":{\"@id\":\"https:\/\/now-news.de\/de\/deutschland\/der-buendniskanzler-in-der-beliebtheit-auf-platz1-habeck-bestellt-das-zdf-liefert\/\"},\"wordCount\":934,\"commentCount\":0,\"publisher\":{\"@id\":\"https:\/\/now-news.de\/de\/#organization\"},\"image\":{\"@id\":\"https:\/\/now-news.de\/de\/deutschland\/der-buendniskanzler-in-der-beliebtheit-auf-platz1-habeck-bestellt-das-zdf-liefert\/#primaryimage\"},\"thumbnailUrl\":\"https:\/\/now-news.de\/de\/wp-content\/uploads\/sites\/3\/2025\/01\/Der-quotBuendniskanzlerquot-in-der-Beliebtheit-auf-Platz1-Habeck-bestellt-das.jpg\",\"keywords\":[\"AUF\",\"Beliebtheit\",\"bestellt\",\"das\",\"der\",\"Habeck\",\"liefert\",\"Platz1\",\"quotB\u00fcndniskanzlerquot\",\"ZDF\"],\"articleSection\":[\"Deutschland\",\"Russland\"],\"inLanguage\":\"de\",\"potentialAction\":[{\"@type\":\"CommentAction\",\"name\":\"Comment\",\"target\":[\"https:\/\/now-news.de\/de\/deutschland\/der-buendniskanzler-in-der-beliebtheit-auf-platz1-habeck-bestellt-das-zdf-liefert\/#respond\"]}]},{\"@type\":\"WebPage\",\"@id\":\"https:\/\/now-news.de\/de\/deutschland\/der-buendniskanzler-in-der-beliebtheit-auf-platz1-habeck-bestellt-das-zdf-liefert\/\",\"url\":\"https:\/\/now-news.de\/de\/deutschland\/der-buendniskanzler-in-der-beliebtheit-auf-platz1-habeck-bestellt-das-zdf-liefert\/\",\"name\":\"Der &quot;B\u00fcndniskanzler&quot; in der Beliebtheit auf Platz1? Habeck bestellt, das ZDF liefert - just-now.NEWS Deutschland\",\"isPartOf\":{\"@id\":\"https:\/\/now-news.de\/de\/#website\"},\"primaryImageOfPage\":{\"@id\":\"https:\/\/now-news.de\/de\/deutschland\/der-buendniskanzler-in-der-beliebtheit-auf-platz1-habeck-bestellt-das-zdf-liefert\/#primaryimage\"},\"image\":{\"@id\":\"https:\/\/now-news.de\/de\/deutschland\/der-buendniskanzler-in-der-beliebtheit-auf-platz1-habeck-bestellt-das-zdf-liefert\/#primaryimage\"},\"thumbnailUrl\":\"https:\/\/now-news.de\/de\/wp-content\/uploads\/sites\/3\/2025\/01\/Der-quotBuendniskanzlerquot-in-der-Beliebtheit-auf-Platz1-Habeck-bestellt-das.jpg\",\"datePublished\":\"2025-01-10T16:43:13+00:00\",\"dateModified\":\"2025-01-10T16:43:13+00:00\",\"breadcrumb\":{\"@id\":\"https:\/\/now-news.de\/de\/deutschland\/der-buendniskanzler-in-der-beliebtheit-auf-platz1-habeck-bestellt-das-zdf-liefert\/#breadcrumb\"},\"inLanguage\":\"de\",\"potentialAction\":[{\"@type\":\"ReadAction\",\"target\":[\"https:\/\/now-news.de\/de\/deutschland\/der-buendniskanzler-in-der-beliebtheit-auf-platz1-habeck-bestellt-das-zdf-liefert\/\"]}]},{\"@type\":\"ImageObject\",\"inLanguage\":\"de\",\"@id\":\"https:\/\/now-news.de\/de\/deutschland\/der-buendniskanzler-in-der-beliebtheit-auf-platz1-habeck-bestellt-das-zdf-liefert\/#primaryimage\",\"url\":\"https:\/\/now-news.de\/de\/wp-content\/uploads\/sites\/3\/2025\/01\/Der-quotBuendniskanzlerquot-in-der-Beliebtheit-auf-Platz1-Habeck-bestellt-das.jpg\",\"contentUrl\":\"https:\/\/now-news.de\/de\/wp-content\/uploads\/sites\/3\/2025\/01\/Der-quotBuendniskanzlerquot-in-der-Beliebtheit-auf-Platz1-Habeck-bestellt-das.jpg\",\"width\":718,\"height\":723,\"caption\":\"Der &quot;B\u00fcndniskanzler&quot; in der Beliebtheit auf Platz1? Habeck bestellt, das ZDF liefert\"},{\"@type\":\"BreadcrumbList\",\"@id\":\"https:\/\/now-news.de\/de\/deutschland\/der-buendniskanzler-in-der-beliebtheit-auf-platz1-habeck-bestellt-das-zdf-liefert\/#breadcrumb\",\"itemListElement\":[{\"@type\":\"ListItem\",\"position\":1,\"name\":\"Home\",\"item\":\"https:\/\/now-news.de\/de\/\"},{\"@type\":\"ListItem\",\"position\":2,\"name\":\"Der &quot;B\u00fcndniskanzler&quot; in der Beliebtheit auf Platz1? Habeck bestellt, das ZDF liefert\"}]},{\"@type\":\"WebSite\",\"@id\":\"https:\/\/now-news.de\/de\/#website\",\"url\":\"https:\/\/now-news.de\/de\/\",\"name\":\"just-now.NEWS Deutschland\",\"description\":\"Das Portal f\u00fcr unzensierte Nachrichten aus der Welt\",\"publisher\":{\"@id\":\"https:\/\/now-news.de\/de\/#organization\"},\"potentialAction\":[{\"@type\":\"SearchAction\",\"target\":{\"@type\":\"EntryPoint\",\"urlTemplate\":\"https:\/\/now-news.de\/de\/?s={search_term_string}\"},\"query-input\":\"required name=search_term_string\"}],\"inLanguage\":\"de\"},{\"@type\":\"Organization\",\"@id\":\"https:\/\/now-news.de\/de\/#organization\",\"name\":\"Just Now News\",\"url\":\"https:\/\/now-news.de\/de\/\",\"logo\":{\"@type\":\"ImageObject\",\"inLanguage\":\"de\",\"@id\":\"https:\/\/now-news.de\/de\/#\/schema\/logo\/image\/\",\"url\":\"http:\/\/just-now.news\/de\/wp-content\/uploads\/sites\/3\/2022\/04\/logo500x500.jpg\",\"contentUrl\":\"http:\/\/just-now.news\/de\/wp-content\/uploads\/sites\/3\/2022\/04\/logo500x500.jpg\",\"width\":500,\"height\":500,\"caption\":\"Just Now News\"},\"image\":{\"@id\":\"https:\/\/now-news.de\/de\/#\/schema\/logo\/image\/\"},\"sameAs\":[\"https:\/\/www.facebook.com\/wirmachenauf\",\"https:\/\/x.com\/WirMachenAuf_de\"]},{\"@type\":\"Person\",\"@id\":\"https:\/\/now-news.de\/de\/#\/schema\/person\/fb534a4e865501d8b3285208df34a9b5\",\"name\":\"rtnews\",\"image\":{\"@type\":\"ImageObject\",\"inLanguage\":\"de\",\"@id\":\"https:\/\/now-news.de\/de\/#\/schema\/person\/image\/\",\"url\":\"https:\/\/secure.gravatar.com\/avatar\/82aafea7d8127119dd649515f56e2117?s=96&d=mm&r=g\",\"contentUrl\":\"https:\/\/secure.gravatar.com\/avatar\/82aafea7d8127119dd649515f56e2117?s=96&d=mm&r=g\",\"caption\":\"rtnews\"},\"url\":\"https:\/\/now-news.de\/de\/author\/rnews\/\"}]}<\/script>\n<!-- \/ Yoast SEO Premium plugin. -->","yoast_head_json":{"title":"Der &quot;B\u00fcndniskanzler&quot; in der Beliebtheit auf Platz1? Habeck bestellt, das ZDF liefert - just-now.NEWS Deutschland","robots":{"index":"index","follow":"follow","max-snippet":"max-snippet:-1","max-image-preview":"max-image-preview:large","max-video-preview":"max-video-preview:-1"},"canonical":"https:\/\/now-news.de\/de\/deutschland\/der-buendniskanzler-in-der-beliebtheit-auf-platz1-habeck-bestellt-das-zdf-liefert\/","og_locale":"de_DE","og_type":"article","og_title":"Der &quot;B\u00fcndniskanzler&quot; in der Beliebtheit auf Platz1? Habeck bestellt, das ZDF liefert","og_description":"Gr\u00fcnen-Kanzlerkandidat Habeck ist weiterhin sauer auf die ARD und das ZDF. Die Aufforderung an Unterst\u00fctzer in einem X-Video lautete, sagt Ja bei Umfragen zur Partei, damit &#8220;die Sender ihre Entscheidung revidieren m\u00fcssen&#8221;, um ihn doch noch zum TV-Triell einzuladen. Nun meldet das ZDF \u2013 &#8220;K-Frage: Habeck gleichauf mit Merz&#8221;. Gr\u00fcnen-Kanzlerkandidat Robert Habeck \u00e4u\u00dferte nachdr\u00fccklich am [&hellip;]","og_url":"https:\/\/now-news.de\/de\/deutschland\/der-buendniskanzler-in-der-beliebtheit-auf-platz1-habeck-bestellt-das-zdf-liefert\/","og_site_name":"just-now.NEWS Deutschland","article_publisher":"https:\/\/www.facebook.com\/wirmachenauf","article_published_time":"2025-01-10T16:43:13+00:00","og_image":[{"url":"https:\/\/now-news.de\/de\/wp-content\/uploads\/sites\/3\/2025\/01\/6781139fb480cc1a84251a75.jpg"}],"author":"rtnews","twitter_card":"summary_large_image","twitter_creator":"@WirMachenAuf_de","twitter_site":"@WirMachenAuf_de","twitter_misc":{"Verfasst von":"rtnews","Gesch\u00e4tzte Lesezeit":"5\u00a0Minuten"},"schema":{"@context":"https:\/\/schema.org","@graph":[{"@type":"Article","@id":"https:\/\/now-news.de\/de\/deutschland\/der-buendniskanzler-in-der-beliebtheit-auf-platz1-habeck-bestellt-das-zdf-liefert\/#article","isPartOf":{"@id":"https:\/\/now-news.de\/de\/deutschland\/der-buendniskanzler-in-der-beliebtheit-auf-platz1-habeck-bestellt-das-zdf-liefert\/"},"author":{"name":"rtnews","@id":"https:\/\/now-news.de\/de\/#\/schema\/person\/fb534a4e865501d8b3285208df34a9b5"},"headline":"Der &quot;B\u00fcndniskanzler&quot; in der Beliebtheit auf Platz1? Habeck bestellt, das ZDF liefert","datePublished":"2025-01-10T16:43:13+00:00","dateModified":"2025-01-10T16:43:13+00:00","mainEntityOfPage":{"@id":"https:\/\/now-news.de\/de\/deutschland\/der-buendniskanzler-in-der-beliebtheit-auf-platz1-habeck-bestellt-das-zdf-liefert\/"},"wordCount":934,"commentCount":0,"publisher":{"@id":"https:\/\/now-news.de\/de\/#organization"},"image":{"@id":"https:\/\/now-news.de\/de\/deutschland\/der-buendniskanzler-in-der-beliebtheit-auf-platz1-habeck-bestellt-das-zdf-liefert\/#primaryimage"},"thumbnailUrl":"https:\/\/now-news.de\/de\/wp-content\/uploads\/sites\/3\/2025\/01\/Der-quotBuendniskanzlerquot-in-der-Beliebtheit-auf-Platz1-Habeck-bestellt-das.jpg","keywords":["AUF","Beliebtheit","bestellt","das","der","Habeck","liefert","Platz1","quotB\u00fcndniskanzlerquot","ZDF"],"articleSection":["Deutschland","Russland"],"inLanguage":"de","potentialAction":[{"@type":"CommentAction","name":"Comment","target":["https:\/\/now-news.de\/de\/deutschland\/der-buendniskanzler-in-der-beliebtheit-auf-platz1-habeck-bestellt-das-zdf-liefert\/#respond"]}]},{"@type":"WebPage","@id":"https:\/\/now-news.de\/de\/deutschland\/der-buendniskanzler-in-der-beliebtheit-auf-platz1-habeck-bestellt-das-zdf-liefert\/","url":"https:\/\/now-news.de\/de\/deutschland\/der-buendniskanzler-in-der-beliebtheit-auf-platz1-habeck-bestellt-das-zdf-liefert\/","name":"Der &quot;B\u00fcndniskanzler&quot; in der Beliebtheit auf Platz1? Habeck bestellt, das ZDF liefert - just-now.NEWS Deutschland","isPartOf":{"@id":"https:\/\/now-news.de\/de\/#website"},"primaryImageOfPage":{"@id":"https:\/\/now-news.de\/de\/deutschland\/der-buendniskanzler-in-der-beliebtheit-auf-platz1-habeck-bestellt-das-zdf-liefert\/#primaryimage"},"image":{"@id":"https:\/\/now-news.de\/de\/deutschland\/der-buendniskanzler-in-der-beliebtheit-auf-platz1-habeck-bestellt-das-zdf-liefert\/#primaryimage"},"thumbnailUrl":"https:\/\/now-news.de\/de\/wp-content\/uploads\/sites\/3\/2025\/01\/Der-quotBuendniskanzlerquot-in-der-Beliebtheit-auf-Platz1-Habeck-bestellt-das.jpg","datePublished":"2025-01-10T16:43:13+00:00","dateModified":"2025-01-10T16:43:13+00:00","breadcrumb":{"@id":"https:\/\/now-news.de\/de\/deutschland\/der-buendniskanzler-in-der-beliebtheit-auf-platz1-habeck-bestellt-das-zdf-liefert\/#breadcrumb"},"inLanguage":"de","potentialAction":[{"@type":"ReadAction","target":["https:\/\/now-news.de\/de\/deutschland\/der-buendniskanzler-in-der-beliebtheit-auf-platz1-habeck-bestellt-das-zdf-liefert\/"]}]},{"@type":"ImageObject","inLanguage":"de","@id":"https:\/\/now-news.de\/de\/deutschland\/der-buendniskanzler-in-der-beliebtheit-auf-platz1-habeck-bestellt-das-zdf-liefert\/#primaryimage","url":"https:\/\/now-news.de\/de\/wp-content\/uploads\/sites\/3\/2025\/01\/Der-quotBuendniskanzlerquot-in-der-Beliebtheit-auf-Platz1-Habeck-bestellt-das.jpg","contentUrl":"https:\/\/now-news.de\/de\/wp-content\/uploads\/sites\/3\/2025\/01\/Der-quotBuendniskanzlerquot-in-der-Beliebtheit-auf-Platz1-Habeck-bestellt-das.jpg","width":718,"height":723,"caption":"Der &quot;B\u00fcndniskanzler&quot; in der Beliebtheit auf Platz1? Habeck bestellt, das ZDF liefert"},{"@type":"BreadcrumbList","@id":"https:\/\/now-news.de\/de\/deutschland\/der-buendniskanzler-in-der-beliebtheit-auf-platz1-habeck-bestellt-das-zdf-liefert\/#breadcrumb","itemListElement":[{"@type":"ListItem","position":1,"name":"Home","item":"https:\/\/now-news.de\/de\/"},{"@type":"ListItem","position":2,"name":"Der &quot;B\u00fcndniskanzler&quot; in der Beliebtheit auf Platz1? Habeck bestellt, das ZDF liefert"}]},{"@type":"WebSite","@id":"https:\/\/now-news.de\/de\/#website","url":"https:\/\/now-news.de\/de\/","name":"just-now.NEWS Deutschland","description":"Das Portal f\u00fcr unzensierte Nachrichten aus der Welt","publisher":{"@id":"https:\/\/now-news.de\/de\/#organization"},"potentialAction":[{"@type":"SearchAction","target":{"@type":"EntryPoint","urlTemplate":"https:\/\/now-news.de\/de\/?s={search_term_string}"},"query-input":"required name=search_term_string"}],"inLanguage":"de"},{"@type":"Organization","@id":"https:\/\/now-news.de\/de\/#organization","name":"Just Now News","url":"https:\/\/now-news.de\/de\/","logo":{"@type":"ImageObject","inLanguage":"de","@id":"https:\/\/now-news.de\/de\/#\/schema\/logo\/image\/","url":"http:\/\/just-now.news\/de\/wp-content\/uploads\/sites\/3\/2022\/04\/logo500x500.jpg","contentUrl":"http:\/\/just-now.news\/de\/wp-content\/uploads\/sites\/3\/2022\/04\/logo500x500.jpg","width":500,"height":500,"caption":"Just Now News"},"image":{"@id":"https:\/\/now-news.de\/de\/#\/schema\/logo\/image\/"},"sameAs":["https:\/\/www.facebook.com\/wirmachenauf","https:\/\/x.com\/WirMachenAuf_de"]},{"@type":"Person","@id":"https:\/\/now-news.de\/de\/#\/schema\/person\/fb534a4e865501d8b3285208df34a9b5","name":"rtnews","image":{"@type":"ImageObject","inLanguage":"de","@id":"https:\/\/now-news.de\/de\/#\/schema\/person\/image\/","url":"https:\/\/secure.gravatar.com\/avatar\/82aafea7d8127119dd649515f56e2117?s=96&d=mm&r=g","contentUrl":"https:\/\/secure.gravatar.com\/avatar\/82aafea7d8127119dd649515f56e2117?s=96&d=mm&r=g","caption":"rtnews"},"url":"https:\/\/now-news.de\/de\/author\/rnews\/"}]}},"_links":{"self":[{"href":"https:\/\/now-news.de\/de\/wp-json\/wp\/v2\/posts\/76122"}],"collection":[{"href":"https:\/\/now-news.de\/de\/wp-json\/wp\/v2\/posts"}],"about":[{"href":"https:\/\/now-news.de\/de\/wp-json\/wp\/v2\/types\/post"}],"author":[{"embeddable":true,"href":"https:\/\/now-news.de\/de\/wp-json\/wp\/v2\/users\/3"}],"replies":[{"embeddable":true,"href":"https:\/\/now-news.de\/de\/wp-json\/wp\/v2\/comments?post=76122"}],"version-history":[{"count":0,"href":"https:\/\/now-news.de\/de\/wp-json\/wp\/v2\/posts\/76122\/revisions"}],"wp:featuredmedia":[{"embeddable":true,"href":"https:\/\/now-news.de\/de\/wp-json\/wp\/v2\/media\/76123"}],"wp:attachment":[{"href":"https:\/\/now-news.de\/de\/wp-json\/wp\/v2\/media?parent=76122"}],"wp:term":[{"taxonomy":"category","embeddable":true,"href":"https:\/\/now-news.de\/de\/wp-json\/wp\/v2\/categories?post=76122"},{"taxonomy":"post_tag","embeddable":true,"href":"https:\/\/now-news.de\/de\/wp-json\/wp\/v2\/tags?post=76122"}],"curies":[{"name":"wp","href":"https:\/\/api.w.org\/{rel}","templated":true}]}}